{"id":193,"date":"2023-01-10T09:15:00","date_gmt":"2023-01-10T08:15:00","guid":{"rendered":"https:\/\/hoyre.no\/arendal\/?p=193"},"modified":"2023-03-11T12:48:29","modified_gmt":"2023-03-11T11:48:29","slug":"regjeringen-underfinansierer-sykehusene-i-norge-ogsa-sykehuset-i-arendal","status":"publish","type":"post","link":"https:\/\/hoyre.no\/arendal\/aktuelt\/regjeringen-underfinansierer-sykehusene-i-norge-ogsa-sykehuset-i-arendal\/","title":{"rendered":"Regjeringen underfinansierer sykehusene i Norge \u2013 ogs\u00e5 sykehuset i Arendal"},"content":{"rendered":"\n<p class=\"preamble\">Sykehusene i Norge er sterkt underfinansierte. Det er den Ap-ledede regjeringen og helseminister Kjerkhol sitt klare ansvar! Gjennom underfinansiering fra Stortinget og prioritering av ideologiske kjepphester foran politikk som fungerer, er vi sv\u00e6rt bekymret for utvikling, i Arendal og hele Helse-Norge.<\/p>\n\n\n\n\n<p>DEBATTINNLEGG AGDERPOSTEN, 9. januar 2023<\/p>\n\n\n\n<p>I 2015, da Bent H\u00f8ie (H) var helseminister, ble nasjonal helse og sykehusplan vedtatt. Her ble det avklart og sikret at sykehuset i Arendal skal v\u00e6re et fullverdig akuttsykehus med de tjenester som det medf\u00f8rer. Det var et sv\u00e6rt viktig vedtak. Helse- og omsorgsminister Ingvild Kjerkol signaliserer n\u00e5 at de vil n\u00e5 lage en ny nasjonal helse- og samhandlingsplan, men n\u00e5r kommer den, og hva vil det inneb\u00e6re for v\u00e5re tre sykehus p\u00e5 Agder?\u00a0\u00a0<br>Samtidig ser vi at regjeringen og SV i statsbudsjettet underfinansierer sykehusene i Norge.<br>I 2023 er det samlet sett budsjettert med underskudd p\u00e5 ca. 1,7 Mrd NOK.\u00a0 Det kommer p\u00e5 toppen av alle sparetiltakene sykehusene n\u00e5 kj\u00f8rer.<br>For S\u00f8rlandet sykehus helseforetak er situasjonen ogs\u00e5 dramatisk. I h\u00f8st ble det rapportert om ekstraforbruk p\u00e5 ca. 270 millioner og kraftige sparetiltak ut \u00e5ret. N\u00e5r driften blir altfor h\u00f8y, s\u00e5 f\u00e5r det konsekvenser videre for nye investeringer.<br>Dette er dramatisk! Det er utvilsomt regjeringen og helseministeren som m\u00e5 s\u00f8rge for at sykehusene har realistiske og b\u00e6rekraftige \u00f8konomiske rammer.<br>Bortfallet av fritt behandlingsvalg medf\u00f8rer estimatmessig at ca. 500 plasser i det private forsvinner og s\u00e6rlig for de mest utsatte innen rus og psykiatri.<br>Hva den nye helse og samhandlingsplanen vil inneb\u00e6re for Norge og oss i Arendal er i dag sv\u00e6rt usikkert. Helseministeren har sagt at planen skal se tjenesten i sammenheng, p\u00e5 tvers av kommune og sykehus. Videre sier hun at et fundamentet for en slik samhandling er ogs\u00e5 en godt fungerende fastlegeordning.<\/p>\n\n\n\n<p>Dette er ogs\u00e5 bekymringsfullt da vi vet at fastlegeordningen ogs\u00e5 er under revisjon og at den allerede er underfinansiert og vi ser at altfor mange i Arendal n\u00e5 ikke har fastlege.<br>Vi lokalpolitikere i Arendal vil alltid st\u00e5 opp for sykehuset i Arendal. Det gj\u00f8r vi fordi vi \u00f8nsker<br>gode og kvalitetssikrede tjenester til regionens innbyggere, b\u00e5de i dag og i fremtiden.<br>Sykehuset i Arendal m\u00e5 ogs\u00e5 i fremtiden v\u00e6re et fullverdig akuttsykehus.<\/p>\n\n\n\n<p>De ansatte gj\u00f8r en sv\u00e6rt god jobb som vi med rette kan v\u00e6re stolte av. Og det er verken de ansatte, administrasjonen, ledelsen eller styret som har skylden for det som skjer. De har alle en sv\u00e6rt utfordrende jobb med \u00e5 f\u00e5 budsjettene i balanse og samtidig sette av nok midler til vedlikehold og n\u00f8dvendige medisinske investeringer. Skal de f\u00e5 et st\u00f8rre handlingsrom, m\u00e5 det settes av mer ressurser, og det er det regjeringen og SV sitt ansvar gjennom statsbudsjettet \u00e5 gi nok ressurser.<br>Vi \u00f8nsker en best mulig kommunikasjon og dialog med S\u00f8rlandet sykehus og sykehuset i Arendal med ledelse og tillitsvalgte.<br>Slik kan vi sikre god og oppdatert informasjon om status og videre utvikling.&nbsp;<br>Da kan vi ogs\u00e5 f\u00e5 til best mulig samhandling mellom spesialisthelsetjenesten og prim\u00e6rhelsetjenestene i kommunen, til beste for innbyggerne.<\/p>\n\n\n\n<p>Men v\u00e5re sykehus m\u00e5 gis realistiske \u00f8konomiske rammer. Det m\u00e5 regjeringen med budsjettpartner SV ta ansvar for. Arendal H\u00f8yre st\u00e5r opp for sykehuset i Arendal og vil jobbe videre nasjonalt for \u00e5 styrke de \u00f8konomiske rammene.<\/p>\n\n\n\n<p><strong>Bystyregruppa Arendal H\u00f8yre:<\/strong><br>Geir Fredrik Sissener<br>Linda \u00d8ygarden<br>Erik Johan Tellefsen Lind\u00f8e<br>Nina Roland<br>Kristoffer A. Lyngvi<br>Benedikte Nilsen Glommen<br>Haagen Poppe<br>Roar Daniel Gundersen<\/p>\n\n\n<div class=\"tags\">\n\t<\/div>\n<div class=\"post-footer alignfull has-background block-editor-block-list__block\" data-align=full>\n\t<div class=\"post-footer-inner\">\n\t\t<h3>Relaterte artikler<\/h3>\n\t\t<div class=\"related-content\"><div class=\"is-card-hoyre\">\n\t<div class=\"teft-card hoyre-teft-card post-teft-card\">\n\t\t<a href=\"https:\/\/hoyre.no\/arendal\/aktuelt\/alfabetisk-navneliste-over-hoyres-valgvillige-stortingsvalgkandidater-2025-2029-i-aust-agder-valgdistrikt\/\" class=\"teft-card__primary-action\">\n\n\t\t\t\t\t<div class=\"teft-card__media teft-card__media--16-9\">\n\t\t\t\t\t\t<img loading=\"lazy\" decoding=\"async\" width=\"768\" height=\"768\" src=\"https:\/\/hoyre.no\/content\/uploads\/sites\/41\/2022\/11\/2020_RGB_hoyre_logo_profilbilde_011-768x768.png\" class=\"attachment-medium_large size-medium_large\" alt=\"\" srcset=\"https:\/\/hoyre.no\/content\/uploads\/sites\/41\/2022\/11\/2020_RGB_hoyre_logo_profilbilde_011-768x768.png 768w, https:\/\/hoyre.no\/content\/uploads\/sites\/41\/2022\/11\/2020_RGB_hoyre_logo_profilbilde_011-300x300.png 300w, https:\/\/hoyre.no\/content\/uploads\/sites\/41\/2022\/11\/2020_RGB_hoyre_logo_profilbilde_011-150x150.png 150w, https:\/\/hoyre.no\/content\/uploads\/sites\/41\/2022\/11\/2020_RGB_hoyre_logo_profilbilde_011.png 1000w\" sizes=\"auto, (max-width: 768px) 100vw, 768px\" \/>\t\t<\/div>\n\t\t\n\t\t\t<div class=\"teft-card__content-wrapper\">\n\t\t\t\t<div class=\"teft-card__secondary\">\n\t\t\t\t\t\n\t\t\t\t\t\t\t\t<div class=\"teft-card__meta\">\n\t\t\t\t\t\t\t\t\t<span class=\"post-date\">28. aug 2024<\/span>\n\n\t\t\t\t\t\t\t\t\t<span class=\"post-category\">Nominasjon<\/span>\t\t\t\t\t\t\t\t<\/div>\n\t\t\t\t\t\t\t\t\t\t\t<\/div>\n\n\t\t\t\t<div class=\"teft-card__primary\">\n\t\t\t\t\t<h2 class=\"teft-card__title\">Alfabetisk navneliste over H\u00f8yres valgvillige stortingsvalgkandidater 2025 \u2013 2029 i Aust-Agder valgdistrikt&nbsp;<span class=\"teft-card__primary-title-append\"><\/span><\/h2>\t\t\t\t<\/div>\n\t\t\t<\/div>\n\t\t<\/a>\n\t<\/div>\n\n\t<\/div><div class=\"is-card-hoyre\">\n\t<div class=\"teft-card hoyre-teft-card post-teft-card\">\n\t\t<a href=\"https:\/\/hoyre.no\/arendal\/aktuelt\/provenominasjon-for-stortingsvalget-2025\/\" class=\"teft-card__primary-action\">\n\n\t\t\t\t\t<div class=\"teft-card__media teft-card__media--16-9\">\n\t\t\t\t\t\t<img loading=\"lazy\" decoding=\"async\" width=\"768\" height=\"320\" src=\"https:\/\/hoyre.no\/content\/uploads\/sites\/41\/2024\/08\/stortingsbygningeneidsvolls-768x320.jpg\" class=\"attachment-medium_large size-medium_large\" alt=\"Stortinget\" srcset=\"https:\/\/hoyre.no\/content\/uploads\/sites\/41\/2024\/08\/stortingsbygningeneidsvolls-768x320.jpg 768w, https:\/\/hoyre.no\/content\/uploads\/sites\/41\/2024\/08\/stortingsbygningeneidsvolls-300x125.jpg 300w, https:\/\/hoyre.no\/content\/uploads\/sites\/41\/2024\/08\/stortingsbygningeneidsvolls.jpg 840w\" sizes=\"auto, (max-width: 768px) 100vw, 768px\" \/>\t\t<\/div>\n\t\t\n\t\t\t<div class=\"teft-card__content-wrapper\">\n\t\t\t\t<div class=\"teft-card__secondary\">\n\t\t\t\t\t\n\t\t\t\t\t\t\t\t<div class=\"teft-card__meta\">\n\t\t\t\t\t\t\t\t\t<span class=\"post-date\">22. aug 2024<\/span>\n\n\t\t\t\t\t\t\t\t\t<span class=\"post-category\">Nominasjon<\/span>\t\t\t\t\t\t\t\t<\/div>\n\t\t\t\t\t\t\t\t\t\t\t<\/div>\n\n\t\t\t\t<div class=\"teft-card__primary\">\n\t\t\t\t\t<h2 class=\"teft-card__title\">Pr\u00f8venominasjon for Stortingsvalget 2025&nbsp;<span class=\"teft-card__primary-title-append\"><\/span><\/h2>\t\t\t\t<\/div>\n\t\t\t<\/div>\n\t\t<\/a>\n\t<\/div>\n\n\t<\/div><div class=\"is-card-hoyre\">\n\t<div class=\"teft-card hoyre-teft-card post-teft-card\">\n\t\t<a href=\"https:\/\/hoyre.no\/arendal\/aktuelt\/arendalsuka-mer-enn-bare-enn-fest-for-fiffen\/\" class=\"teft-card__primary-action\">\n\n\t\t\t\t\t<div class=\"teft-card__media teft-card__media--16-9\">\n\t\t\t\t\t\t<img loading=\"lazy\" decoding=\"async\" width=\"720\" height=\"540\" src=\"https:\/\/hoyre.no\/content\/uploads\/sites\/41\/2024\/08\/download-1.jpg\" class=\"attachment-medium_large size-medium_large\" alt=\"\" srcset=\"https:\/\/hoyre.no\/content\/uploads\/sites\/41\/2024\/08\/download-1.jpg 720w, https:\/\/hoyre.no\/content\/uploads\/sites\/41\/2024\/08\/download-1-300x225.jpg 300w\" sizes=\"auto, (max-width: 720px) 100vw, 720px\" \/>\t\t<\/div>\n\t\t\n\t\t\t<div class=\"teft-card__content-wrapper\">\n\t\t\t\t<div class=\"teft-card__secondary\">\n\t\t\t\t\t\n\t\t\t\t\t\t\t\t<div class=\"teft-card__meta\">\n\t\t\t\t\t\t\t\t\t<span class=\"post-date\">21. aug 2024<\/span>\n\n\t\t\t\t\t\t\t\t\t<span class=\"post-category\">Debatt<\/span>\t\t\t\t\t\t\t\t<\/div>\n\t\t\t\t\t\t\t\t\t\t\t<\/div>\n\n\t\t\t\t<div class=\"teft-card__primary\">\n\t\t\t\t\t<h2 class=\"teft-card__title\">Arendalsuka: Mer enn bare enn fest for \u201cfiffen\u201d&nbsp;<span class=\"teft-card__primary-title-append\"><\/span><\/h2>\t\t\t\t<\/div>\n\t\t\t<\/div>\n\t\t<\/a>\n\t<\/div>\n\n\t<\/div><\/div>\t<\/div>\n<\/div>\n","protected":false},"excerpt":{"rendered":"","protected":false},"author":36946,"featured_media":0,"comment_status":"closed","ping_status":"closed","sticky":false,"template":"","format":"standard","meta":{"teft_cards_image_url":"","teft_cards_custom_pretitle":"","teft_cards_image_id":129,"teft_cards_image_focal_point_x":0.5,"teft_cards_image_focal_point_y":0.5,"teft_cards_title":"Underfinansierer sykehusene","teft_cards_excerpt":"Gjennom underfinansiering fra Stortinget og prioritering av ideologiske kjepphester foran politikk som fungerer, er vi sv\u00e6rt bekymret for utvikling, i Arendal og hele Helse-Norge.","teft_show_chapters":false,"author_display_name":"","footnotes":""},"category":[7],"post_tag":[],"hoyre-visibility":[],"article-type":[],"politician":[],"class_list":["post-193","post","type-post","status-publish","format-standard","hentry","category-debatt"],"yoast_head":"<!-- This site is optimized with the Yoast SEO plugin v26.6 - https:\/\/yoast.com\/wordpress\/plugins\/seo\/ -->\n<title>Regjeringen underfinansierer sykehusene i Norge \u2013 ogs\u00e5 sykehuset i Arendal - Arendal H\u00f8yre<\/title>\n<meta name=\"robots\" content=\"index, follow, max-snippet:-1, max-image-preview:large, max-video-preview:-1\" \/>\n<link rel=\"canonical\" href=\"https:\/\/hoyre.no\/arendal\/aktuelt\/regjeringen-underfinansierer-sykehusene-i-norge-ogsa-sykehuset-i-arendal\/\" \/>\n<meta property=\"og:locale\" content=\"nb_NO\" \/>\n<meta property=\"og:type\" content=\"article\" \/>\n<meta property=\"og:title\" content=\"Regjeringen underfinansierer sykehusene i Norge \u2013 ogs\u00e5 sykehuset i Arendal - Arendal H\u00f8yre\" \/>\n<meta property=\"og:url\" content=\"https:\/\/hoyre.no\/arendal\/aktuelt\/regjeringen-underfinansierer-sykehusene-i-norge-ogsa-sykehuset-i-arendal\/\" \/>\n<meta property=\"og:site_name\" content=\"Arendal H\u00f8yre\" \/>\n<meta property=\"article:published_time\" content=\"2023-01-10T08:15:00+00:00\" \/>\n<meta property=\"article:modified_time\" content=\"2023-03-11T11:48:29+00:00\" \/>\n<meta property=\"og:image\" content=\"https:\/\/hoyre.no\/content\/uploads\/sites\/41\/2024\/08\/download-1.jpg\" \/>\n<meta name=\"author\" content=\"Cathrine Coucheron Berli\" \/>\n<meta name=\"twitter:card\" content=\"summary_large_image\" \/>\n<meta name=\"twitter:label1\" content=\"Skrevet av\" \/>\n\t<meta name=\"twitter:data1\" content=\"Cathrine Coucheron Berli\" \/>\n\t<meta name=\"twitter:label2\" content=\"Ansl. lesetid\" \/>\n\t<meta name=\"twitter:data2\" content=\"4 minutter\" \/>\n<script type=\"application\/ld+json\" class=\"yoast-schema-graph\">{\"@context\":\"https:\/\/schema.org\",\"@graph\":[{\"@type\":\"NewsArticle\",\"@id\":\"https:\/\/hoyre.no\/arendal\/aktuelt\/regjeringen-underfinansierer-sykehusene-i-norge-ogsa-sykehuset-i-arendal\/\",\"url\":\"https:\/\/hoyre.no\/arendal\/aktuelt\/regjeringen-underfinansierer-sykehusene-i-norge-ogsa-sykehuset-i-arendal\/\",\"name\":\"Regjeringen underfinansierer sykehusene i Norge \u2013 ogs\u00e5 sykehuset i Arendal - Arendal H\u00f8yre\",\"isPartOf\":{\"@id\":\"https:\/\/hoyre.no\/arendal\/#website\"},\"datePublished\":\"2023-01-10T08:15:00+00:00\",\"dateModified\":\"2023-03-11T11:48:29+00:00\",\"author\":{\"@id\":\"https:\/\/hoyre.no\/arendal\/#\/schema\/person\/ac07cb46cf1a662fab0853a6b9c1cd87\"},\"breadcrumb\":{\"@id\":\"https:\/\/hoyre.no\/arendal\/aktuelt\/regjeringen-underfinansierer-sykehusene-i-norge-ogsa-sykehuset-i-arendal\/#breadcrumb\"},\"inLanguage\":\"nb-NO\",\"potentialAction\":[{\"@type\":\"ReadAction\",\"target\":[\"https:\/\/hoyre.no\/arendal\/aktuelt\/regjeringen-underfinansierer-sykehusene-i-norge-ogsa-sykehuset-i-arendal\/\"]}]},{\"@type\":\"BreadcrumbList\",\"@id\":\"https:\/\/hoyre.no\/arendal\/aktuelt\/regjeringen-underfinansierer-sykehusene-i-norge-ogsa-sykehuset-i-arendal\/#breadcrumb\",\"itemListElement\":[{\"@type\":\"ListItem\",\"position\":1,\"name\":\"Til hoyre.no\",\"item\":\"https:\/\/hoyre.no\"},{\"@type\":\"ListItem\",\"position\":2,\"name\":\"Hjem\",\"item\":\"https:\/\/hoyre.no\/arendal\/\"},{\"@type\":\"ListItem\",\"position\":3,\"name\":\"Regjeringen underfinansierer sykehusene i Norge \u2013 ogs\u00e5 sykehuset i Arendal\"}]},{\"@type\":\"WebSite\",\"@id\":\"https:\/\/hoyre.no\/arendal\/#website\",\"url\":\"https:\/\/hoyre.no\/arendal\/\",\"name\":\"Arendal H\u00f8yre\",\"description\":\"Bare enda et H\u00f8yres nettsteder-nettsted\",\"inLanguage\":\"nb-NO\"},{\"@type\":\"Person\",\"@id\":\"https:\/\/hoyre.no\/arendal\/#\/schema\/person\/ac07cb46cf1a662fab0853a6b9c1cd87\",\"name\":\"Cathrine Coucheron Berli\",\"image\":{\"@type\":\"ImageObject\",\"inLanguage\":\"nb-NO\",\"@id\":\"https:\/\/hoyre.no\/arendal\/#\/schema\/person\/image\/\",\"url\":\"https:\/\/secure.gravatar.com\/avatar\/08e70978cc7c8f19bfdcaf005e0379d7aef8879456282010bc4d632692d294d7?s=96&d=mm&r=g\",\"contentUrl\":\"https:\/\/secure.gravatar.com\/avatar\/08e70978cc7c8f19bfdcaf005e0379d7aef8879456282010bc4d632692d294d7?s=96&d=mm&r=g\",\"caption\":\"Cathrine Coucheron Berli\"},\"url\":\"https:\/\/hoyre.no\/arendal\/aktuelt\/author\/m52168945\/\"}]}<\/script>\n<!-- \/ Yoast SEO plugin. -->","yoast_head_json":{"title":"Regjeringen underfinansierer sykehusene i Norge \u2013 ogs\u00e5 sykehuset i Arendal - Arendal H\u00f8yre","robots":{"index":"index","follow":"follow","max-snippet":"max-snippet:-1","max-image-preview":"max-image-preview:large","max-video-preview":"max-video-preview:-1"},"canonical":"https:\/\/hoyre.no\/arendal\/aktuelt\/regjeringen-underfinansierer-sykehusene-i-norge-ogsa-sykehuset-i-arendal\/","og_locale":"nb_NO","og_type":"article","og_title":"Regjeringen underfinansierer sykehusene i Norge \u2013 ogs\u00e5 sykehuset i Arendal - Arendal H\u00f8yre","og_url":"https:\/\/hoyre.no\/arendal\/aktuelt\/regjeringen-underfinansierer-sykehusene-i-norge-ogsa-sykehuset-i-arendal\/","og_site_name":"Arendal H\u00f8yre","article_published_time":"2023-01-10T08:15:00+00:00","article_modified_time":"2023-03-11T11:48:29+00:00","og_image":[{"url":"https:\/\/hoyre.no\/content\/uploads\/sites\/41\/2024\/08\/download-1.jpg","width":"","height":"","type":""}],"author":"Cathrine Coucheron Berli","twitter_card":"summary_large_image","twitter_misc":{"Skrevet av":"Cathrine Coucheron Berli","Ansl. lesetid":"4 minutter"},"schema":{"@context":"https:\/\/schema.org","@graph":[{"@type":"NewsArticle","@id":"https:\/\/hoyre.no\/arendal\/aktuelt\/regjeringen-underfinansierer-sykehusene-i-norge-ogsa-sykehuset-i-arendal\/","url":"https:\/\/hoyre.no\/arendal\/aktuelt\/regjeringen-underfinansierer-sykehusene-i-norge-ogsa-sykehuset-i-arendal\/","name":"Regjeringen underfinansierer sykehusene i Norge \u2013 ogs\u00e5 sykehuset i Arendal - Arendal H\u00f8yre","isPartOf":{"@id":"https:\/\/hoyre.no\/arendal\/#website"},"datePublished":"2023-01-10T08:15:00+00:00","dateModified":"2023-03-11T11:48:29+00:00","author":{"@id":"https:\/\/hoyre.no\/arendal\/#\/schema\/person\/ac07cb46cf1a662fab0853a6b9c1cd87"},"breadcrumb":{"@id":"https:\/\/hoyre.no\/arendal\/aktuelt\/regjeringen-underfinansierer-sykehusene-i-norge-ogsa-sykehuset-i-arendal\/#breadcrumb"},"inLanguage":"nb-NO","potentialAction":[{"@type":"ReadAction","target":["https:\/\/hoyre.no\/arendal\/aktuelt\/regjeringen-underfinansierer-sykehusene-i-norge-ogsa-sykehuset-i-arendal\/"]}]},{"@type":"BreadcrumbList","@id":"https:\/\/hoyre.no\/arendal\/aktuelt\/regjeringen-underfinansierer-sykehusene-i-norge-ogsa-sykehuset-i-arendal\/#breadcrumb","itemListElement":[{"@type":"ListItem","position":1,"name":"Til hoyre.no","item":"https:\/\/hoyre.no"},{"@type":"ListItem","position":2,"name":"Hjem","item":"https:\/\/hoyre.no\/arendal\/"},{"@type":"ListItem","position":3,"name":"Regjeringen underfinansierer sykehusene i Norge \u2013 ogs\u00e5 sykehuset i Arendal"}]},{"@type":"WebSite","@id":"https:\/\/hoyre.no\/arendal\/#website","url":"https:\/\/hoyre.no\/arendal\/","name":"Arendal H\u00f8yre","description":"Bare enda et H\u00f8yres nettsteder-nettsted","inLanguage":"nb-NO"},{"@type":"Person","@id":"https:\/\/hoyre.no\/arendal\/#\/schema\/person\/ac07cb46cf1a662fab0853a6b9c1cd87","name":"Cathrine Coucheron Berli","image":{"@type":"ImageObject","inLanguage":"nb-NO","@id":"https:\/\/hoyre.no\/arendal\/#\/schema\/person\/image\/","url":"https:\/\/secure.gravatar.com\/avatar\/08e70978cc7c8f19bfdcaf005e0379d7aef8879456282010bc4d632692d294d7?s=96&d=mm&r=g","contentUrl":"https:\/\/secure.gravatar.com\/avatar\/08e70978cc7c8f19bfdcaf005e0379d7aef8879456282010bc4d632692d294d7?s=96&d=mm&r=g","caption":"Cathrine Coucheron Berli"},"url":"https:\/\/hoyre.no\/arendal\/aktuelt\/author\/m52168945\/"}]}},"distributor_meta":false,"distributor_terms":false,"distributor_media":false,"distributor_original_site_name":"Arendal H\u00f8yre","distributor_original_site_url":"https:\/\/hoyre.no\/arendal","push-errors":false,"_links":{"self":[{"href":"https:\/\/hoyre.no\/arendal\/wp-json\/wp\/v2\/posts\/193","targetHints":{"allow":["GET"]}}],"collection":[{"href":"https:\/\/hoyre.no\/arendal\/wp-json\/wp\/v2\/posts"}],"about":[{"href":"https:\/\/hoyre.no\/arendal\/wp-json\/wp\/v2\/types\/post"}],"author":[{"embeddable":true,"href":"https:\/\/hoyre.no\/arendal\/wp-json\/wp\/v2\/users\/36946"}],"replies":[{"embeddable":true,"href":"https:\/\/hoyre.no\/arendal\/wp-json\/wp\/v2\/comments?post=193"}],"version-history":[{"count":4,"href":"https:\/\/hoyre.no\/arendal\/wp-json\/wp\/v2\/posts\/193\/revisions"}],"predecessor-version":[{"id":215,"href":"https:\/\/hoyre.no\/arendal\/wp-json\/wp\/v2\/posts\/193\/revisions\/215"}],"wp:attachment":[{"href":"https:\/\/hoyre.no\/arendal\/wp-json\/wp\/v2\/media?parent=193"}],"wp:term":[{"taxonomy":"category","embeddable":true,"href":"https:\/\/hoyre.no\/arendal\/wp-json\/wp\/v2\/category?post=193"},{"taxonomy":"post_tag","embeddable":true,"href":"https:\/\/hoyre.no\/arendal\/wp-json\/wp\/v2\/post_tag?post=193"},{"taxonomy":"hoyre-visibility","embeddable":true,"href":"https:\/\/hoyre.no\/arendal\/wp-json\/wp\/v2\/hoyre-visibility?post=193"},{"taxonomy":"article-type","embeddable":true,"href":"https:\/\/hoyre.no\/arendal\/wp-json\/wp\/v2\/article-type?post=193"},{"taxonomy":"politician","embeddable":true,"href":"https:\/\/hoyre.no\/arendal\/wp-json\/wp\/v2\/politician?post=193"}],"curies":[{"name":"wp","href":"https:\/\/api.w.org\/{rel}","templated":true}]}}