{"id":197,"date":"2023-01-12T14:20:00","date_gmt":"2023-01-12T13:20:00","guid":{"rendered":"https:\/\/hoyre.no\/arendal\/?p=197"},"modified":"2023-03-13T08:59:35","modified_gmt":"2023-03-13T07:59:35","slug":"budsjettet-til-arendal-hoyre-for-2023-okonomisk-ansvarlighet-og-riktig-bruk-av-pengene","status":"publish","type":"post","link":"https:\/\/hoyre.no\/arendal\/aktuelt\/budsjettet-til-arendal-hoyre-for-2023-okonomisk-ansvarlighet-og-riktig-bruk-av-pengene\/","title":{"rendered":"Budsjettet til Arendal H\u00f8yre for 2023 &#8211; \u00f8konomisk ansvarlig og riktig bruk av pengene"},"content":{"rendered":"\n<p class=\"preamble\"><br>Debattinnlegg i Agderposten, 12. januar 2023<\/p>\n\n\n\n\n<p>Arendal H\u00f8yre sitt budsjett for 2023 og perioden 2023-2026 preges av \u00f8konomisk ansvarlighet, samt tidlig innsats innen barnehage, skole, eldreomsorg og rusarbeid. Dette gj\u00f8r vi gjennom \u00e5 \u00f8ke satsningene med 20 millioner i perioden innen barnehage og skole og 20 millioner innen helse, omsorg og rus.<br>H\u00f8yre mener vi m\u00e5 sette av penger til tidlig innsats, det vil bety mye for den enkelte og det vil gi positive virkninger for hele samfunnet.<br>I driftsbudsjettet legger vi opp til at vi for kommende fire \u00e5r skal g\u00e5 med et driftsoverskudd p\u00e5 dr\u00f8ye 43 millioner, som gj\u00f8r at vi bygger opp fond, fremfor \u00e5 styre mot Robek. Videre styrker vi fritidskortet pluss med en million \u00e5rlig, vi vil innf\u00f8re en \u00e5rlig frivillig million, vi \u00f8ker vedlikeholdet p\u00e5 kommunal bygningsmasse og vi reduserer eiendomsskatten.<\/p>\n\n\n\n<p>H\u00f8yre er sv\u00e6rt opptatt av \u00e5 bygge nytt omsorgssenter for \u00e5 f\u00e5 flere sykehjemsplasser.<br>Vi ser at ventelistene er altfor lange og hvert \u00e5r blir vi n\u00e5 100 flere over 80 \u00e5r.<br>Kommunedirekt\u00f8ren hadde i sitt budsjett utsatt det til 2027. H\u00f8yre foreslo allerede i formannskapet 28.11.22 \u00e5 fremskynde ferdigstilling av dette sv\u00e6rt viktige bygget til 2026. Det gjorde ikke posisjonen, men i bystyret i desember, s\u00e5 fulgte de H\u00f8yres forslag, det er b\u00e5de bra og sv\u00e6rt viktig.&nbsp;<br>Bystyret har bestemt at felles disposisjonsfond (ekskl. enhetenes disposisjonsfond) skal til enhver tid v\u00e6re over 100 mill. kroner. Faglige r\u00e5d anbefaler at det b\u00f8r v\u00e6re over p\u00e5 300 millioner. Kommunedirekt\u00f8ren la i sitt budsjettforslag opp til tapping av disposisjonsfond slik at sum felles disposisjonsfond blir mer enn halvert og ned til dr\u00f8ye 56 millioner. Med H\u00f8yres budsjett blir fondsmidlene n\u00e6r opprettholdt.<\/p>\n\n\n\n<p>Da er det sv\u00e6rt overraskende og urovekkende \u00e5 registrere at den AP-ledede posisjonen bruker ytterligere n\u00e6r 50 millioner av oppsparte midler. Det gir lite handlefrihet og kan lede oss i den u\u00f8nskede ROBEK-lista. Da blir det Statsforvalteren som bestemmer hvordan pengene skal brukes. Og ikke nok med det, posisjonen bruker ogs\u00e5 250,6 mill. mer p\u00e5 investeringer enn kommunedirekt\u00f8ren.<br>H\u00f8yre bruker 56,5 millioner mindre. Det er en forskjell i pengebruk p\u00e5 hele 307 millioner. Arbeiderpartiet og posisjonens forslag gj\u00f8r kommunen s\u00e5rbare for rente\u00f8kninger, som igjen vil g\u00e5 utover tjenestetilbudet.<br>Posisjonens budsjett b\u00e6rer preg av at det er valg i \u00e5r. Men et ansvarlig, b\u00e6rekraftig og fremtidsrettet budsjett, det er det ikke. Det brukes penger man ikke har, og man skal ikke ha sett mye p\u00e5 Luksusfellen for \u00e5 skj\u00f8nne at om man budsjetterer med \u00e5 bruke sparepenger \u00e5r etter \u00e5r, fungerer det ikke i lengden. Heldigvis er det valg i \u00e5r, og Arendals befolkning f\u00e5r mulighet til \u00e5 stemme for trygg \u00f8konomisk styring med H\u00f8yre, eller \u00abHighway to ROBEK\u00bb med Arbeiderpartiet.<\/p>\n\n\n\n<p><strong>Geir Fredrik Sissener<\/strong>, Arendal H\u00f8yre, gruppeleder<br><strong>Linda Dagestad \u00d8ygarden<\/strong>, Arendal H\u00f8yre, bystyrerepresentant og ordf\u00f8rerkandidat<br><strong>Erik Johan Tellefsen Lind\u00f8e<\/strong>, bystyrerepresentant<\/p>\n\n\n<div class=\"tags\">\n\t\t<div class=\"wp-block-tag-cloud\">\n\t\t\t\t\t<a href=\"https:\/\/hoyre.no\/arendal\/aktuelt\/tag\/valget2023\/\" class=\"tag-cloud-link\">Valget2023<\/a>\n\t\t\t<\/div>\n\t<\/div>\n<div class=\"post-footer alignfull has-background block-editor-block-list__block\" data-align=full>\n\t<div class=\"post-footer-inner\">\n\t\t<h3>Relaterte artikler<\/h3>\n\t\t<div class=\"related-content\"><div class=\"is-card-hoyre\">\n\t<div class=\"teft-card hoyre-teft-card post-teft-card\">\n\t\t<a href=\"https:\/\/hoyre.no\/arendal\/aktuelt\/alfabetisk-navneliste-over-hoyres-valgvillige-stortingsvalgkandidater-2025-2029-i-aust-agder-valgdistrikt\/\" class=\"teft-card__primary-action\">\n\n\t\t\t\t\t<div class=\"teft-card__media teft-card__media--16-9\">\n\t\t\t\t\t\t<img loading=\"lazy\" decoding=\"async\" width=\"768\" height=\"768\" src=\"https:\/\/hoyre.no\/content\/uploads\/sites\/41\/2022\/11\/2020_RGB_hoyre_logo_profilbilde_011-768x768.png\" class=\"attachment-medium_large size-medium_large\" alt=\"\" srcset=\"https:\/\/hoyre.no\/content\/uploads\/sites\/41\/2022\/11\/2020_RGB_hoyre_logo_profilbilde_011-768x768.png 768w, https:\/\/hoyre.no\/content\/uploads\/sites\/41\/2022\/11\/2020_RGB_hoyre_logo_profilbilde_011-300x300.png 300w, https:\/\/hoyre.no\/content\/uploads\/sites\/41\/2022\/11\/2020_RGB_hoyre_logo_profilbilde_011-150x150.png 150w, https:\/\/hoyre.no\/content\/uploads\/sites\/41\/2022\/11\/2020_RGB_hoyre_logo_profilbilde_011.png 1000w\" sizes=\"auto, (max-width: 768px) 100vw, 768px\" \/>\t\t<\/div>\n\t\t\n\t\t\t<div class=\"teft-card__content-wrapper\">\n\t\t\t\t<div class=\"teft-card__secondary\">\n\t\t\t\t\t\n\t\t\t\t\t\t\t\t<div class=\"teft-card__meta\">\n\t\t\t\t\t\t\t\t\t<span class=\"post-date\">28. aug 2024<\/span>\n\n\t\t\t\t\t\t\t\t\t<span class=\"post-category\">Nominasjon<\/span>\t\t\t\t\t\t\t\t<\/div>\n\t\t\t\t\t\t\t\t\t\t\t<\/div>\n\n\t\t\t\t<div class=\"teft-card__primary\">\n\t\t\t\t\t<h2 class=\"teft-card__title\">Alfabetisk navneliste over H\u00f8yres valgvillige stortingsvalgkandidater 2025 \u2013 2029 i Aust-Agder valgdistrikt&nbsp;<span class=\"teft-card__primary-title-append\"><\/span><\/h2>\t\t\t\t<\/div>\n\t\t\t<\/div>\n\t\t<\/a>\n\t<\/div>\n\n\t<\/div><div class=\"is-card-hoyre\">\n\t<div class=\"teft-card hoyre-teft-card post-teft-card\">\n\t\t<a href=\"https:\/\/hoyre.no\/arendal\/aktuelt\/provenominasjon-for-stortingsvalget-2025\/\" class=\"teft-card__primary-action\">\n\n\t\t\t\t\t<div class=\"teft-card__media teft-card__media--16-9\">\n\t\t\t\t\t\t<img loading=\"lazy\" decoding=\"async\" width=\"768\" height=\"320\" src=\"https:\/\/hoyre.no\/content\/uploads\/sites\/41\/2024\/08\/stortingsbygningeneidsvolls-768x320.jpg\" class=\"attachment-medium_large size-medium_large\" alt=\"Stortinget\" srcset=\"https:\/\/hoyre.no\/content\/uploads\/sites\/41\/2024\/08\/stortingsbygningeneidsvolls-768x320.jpg 768w, https:\/\/hoyre.no\/content\/uploads\/sites\/41\/2024\/08\/stortingsbygningeneidsvolls-300x125.jpg 300w, https:\/\/hoyre.no\/content\/uploads\/sites\/41\/2024\/08\/stortingsbygningeneidsvolls.jpg 840w\" sizes=\"auto, (max-width: 768px) 100vw, 768px\" \/>\t\t<\/div>\n\t\t\n\t\t\t<div class=\"teft-card__content-wrapper\">\n\t\t\t\t<div class=\"teft-card__secondary\">\n\t\t\t\t\t\n\t\t\t\t\t\t\t\t<div class=\"teft-card__meta\">\n\t\t\t\t\t\t\t\t\t<span class=\"post-date\">22. aug 2024<\/span>\n\n\t\t\t\t\t\t\t\t\t<span class=\"post-category\">Nominasjon<\/span>\t\t\t\t\t\t\t\t<\/div>\n\t\t\t\t\t\t\t\t\t\t\t<\/div>\n\n\t\t\t\t<div class=\"teft-card__primary\">\n\t\t\t\t\t<h2 class=\"teft-card__title\">Pr\u00f8venominasjon for Stortingsvalget 2025&nbsp;<span class=\"teft-card__primary-title-append\"><\/span><\/h2>\t\t\t\t<\/div>\n\t\t\t<\/div>\n\t\t<\/a>\n\t<\/div>\n\n\t<\/div><div class=\"is-card-hoyre\">\n\t<div class=\"teft-card hoyre-teft-card post-teft-card\">\n\t\t<a href=\"https:\/\/hoyre.no\/arendal\/aktuelt\/arendalsuka-mer-enn-bare-enn-fest-for-fiffen\/\" class=\"teft-card__primary-action\">\n\n\t\t\t\t\t<div class=\"teft-card__media teft-card__media--16-9\">\n\t\t\t\t\t\t<img loading=\"lazy\" decoding=\"async\" width=\"720\" height=\"540\" src=\"https:\/\/hoyre.no\/content\/uploads\/sites\/41\/2024\/08\/download-1.jpg\" class=\"attachment-medium_large size-medium_large\" alt=\"\" srcset=\"https:\/\/hoyre.no\/content\/uploads\/sites\/41\/2024\/08\/download-1.jpg 720w, https:\/\/hoyre.no\/content\/uploads\/sites\/41\/2024\/08\/download-1-300x225.jpg 300w\" sizes=\"auto, (max-width: 720px) 100vw, 720px\" \/>\t\t<\/div>\n\t\t\n\t\t\t<div class=\"teft-card__content-wrapper\">\n\t\t\t\t<div class=\"teft-card__secondary\">\n\t\t\t\t\t\n\t\t\t\t\t\t\t\t<div class=\"teft-card__meta\">\n\t\t\t\t\t\t\t\t\t<span class=\"post-date\">21. aug 2024<\/span>\n\n\t\t\t\t\t\t\t\t\t<span class=\"post-category\">Debatt<\/span>\t\t\t\t\t\t\t\t<\/div>\n\t\t\t\t\t\t\t\t\t\t\t<\/div>\n\n\t\t\t\t<div class=\"teft-card__primary\">\n\t\t\t\t\t<h2 class=\"teft-card__title\">Arendalsuka: Mer enn bare enn fest for \u201cfiffen\u201d&nbsp;<span class=\"teft-card__primary-title-append\"><\/span><\/h2>\t\t\t\t<\/div>\n\t\t\t<\/div>\n\t\t<\/a>\n\t<\/div>\n\n\t<\/div><\/div>\t<\/div>\n<\/div>\n","protected":false},"excerpt":{"rendered":"","protected":false},"author":36946,"featured_media":0,"comment_status":"closed","ping_status":"closed","sticky":false,"template":"","format":"standard","meta":{"teft_cards_image_url":"","teft_cards_custom_pretitle":"","teft_cards_image_id":129,"teft_cards_image_focal_point_x":0.5,"teft_cards_image_focal_point_y":0.5,"teft_cards_title":"Budsjett 2023 - \u00f8konomisk ansvarlig og riktig bruk av pengene","teft_cards_excerpt":"","teft_show_chapters":false,"author_display_name":"","footnotes":""},"category":[7],"post_tag":[4],"hoyre-visibility":[],"article-type":[],"politician":[],"class_list":["post-197","post","type-post","status-publish","format-standard","hentry","category-debatt","tag-valget2023"],"yoast_head":"<!-- This site is optimized with the Yoast SEO plugin v26.6 - https:\/\/yoast.com\/wordpress\/plugins\/seo\/ -->\n<title>Budsjettet til Arendal H\u00f8yre for 2023 - \u00f8konomisk ansvarlig og riktig bruk av pengene - Arendal H\u00f8yre<\/title>\n<meta name=\"robots\" content=\"index, follow, max-snippet:-1, max-image-preview:large, max-video-preview:-1\" \/>\n<link rel=\"canonical\" href=\"https:\/\/hoyre.no\/arendal\/aktuelt\/budsjettet-til-arendal-hoyre-for-2023-okonomisk-ansvarlighet-og-riktig-bruk-av-pengene\/\" \/>\n<meta property=\"og:locale\" content=\"nb_NO\" \/>\n<meta property=\"og:type\" content=\"article\" \/>\n<meta property=\"og:title\" content=\"Budsjettet til Arendal H\u00f8yre for 2023 - \u00f8konomisk ansvarlig og riktig bruk av pengene - Arendal H\u00f8yre\" \/>\n<meta property=\"og:url\" content=\"https:\/\/hoyre.no\/arendal\/aktuelt\/budsjettet-til-arendal-hoyre-for-2023-okonomisk-ansvarlighet-og-riktig-bruk-av-pengene\/\" \/>\n<meta property=\"og:site_name\" content=\"Arendal H\u00f8yre\" \/>\n<meta property=\"article:published_time\" content=\"2023-01-12T13:20:00+00:00\" \/>\n<meta property=\"article:modified_time\" content=\"2023-03-13T07:59:35+00:00\" \/>\n<meta property=\"og:image\" content=\"https:\/\/hoyre.no\/content\/uploads\/sites\/41\/2024\/08\/download-1.jpg\" \/>\n<meta name=\"author\" content=\"Cathrine Coucheron Berli\" \/>\n<meta name=\"twitter:card\" content=\"summary_large_image\" \/>\n<meta name=\"twitter:label1\" content=\"Skrevet av\" \/>\n\t<meta name=\"twitter:data1\" content=\"Cathrine Coucheron Berli\" \/>\n\t<meta name=\"twitter:label2\" content=\"Ansl. lesetid\" \/>\n\t<meta name=\"twitter:data2\" content=\"3 minutter\" \/>\n<script type=\"application\/ld+json\" class=\"yoast-schema-graph\">{\"@context\":\"https:\/\/schema.org\",\"@graph\":[{\"@type\":\"NewsArticle\",\"@id\":\"https:\/\/hoyre.no\/arendal\/aktuelt\/budsjettet-til-arendal-hoyre-for-2023-okonomisk-ansvarlighet-og-riktig-bruk-av-pengene\/\",\"url\":\"https:\/\/hoyre.no\/arendal\/aktuelt\/budsjettet-til-arendal-hoyre-for-2023-okonomisk-ansvarlighet-og-riktig-bruk-av-pengene\/\",\"name\":\"Budsjettet til Arendal H\u00f8yre for 2023 - \u00f8konomisk ansvarlig og riktig bruk av pengene - Arendal H\u00f8yre\",\"isPartOf\":{\"@id\":\"https:\/\/hoyre.no\/arendal\/#website\"},\"datePublished\":\"2023-01-12T13:20:00+00:00\",\"dateModified\":\"2023-03-13T07:59:35+00:00\",\"author\":{\"@id\":\"https:\/\/hoyre.no\/arendal\/#\/schema\/person\/ac07cb46cf1a662fab0853a6b9c1cd87\"},\"breadcrumb\":{\"@id\":\"https:\/\/hoyre.no\/arendal\/aktuelt\/budsjettet-til-arendal-hoyre-for-2023-okonomisk-ansvarlighet-og-riktig-bruk-av-pengene\/#breadcrumb\"},\"inLanguage\":\"nb-NO\",\"potentialAction\":[{\"@type\":\"ReadAction\",\"target\":[\"https:\/\/hoyre.no\/arendal\/aktuelt\/budsjettet-til-arendal-hoyre-for-2023-okonomisk-ansvarlighet-og-riktig-bruk-av-pengene\/\"]}]},{\"@type\":\"BreadcrumbList\",\"@id\":\"https:\/\/hoyre.no\/arendal\/aktuelt\/budsjettet-til-arendal-hoyre-for-2023-okonomisk-ansvarlighet-og-riktig-bruk-av-pengene\/#breadcrumb\",\"itemListElement\":[{\"@type\":\"ListItem\",\"position\":1,\"name\":\"Til hoyre.no\",\"item\":\"https:\/\/hoyre.no\"},{\"@type\":\"ListItem\",\"position\":2,\"name\":\"Hjem\",\"item\":\"https:\/\/hoyre.no\/arendal\/\"},{\"@type\":\"ListItem\",\"position\":3,\"name\":\"Budsjettet til Arendal H\u00f8yre for 2023 &#8211; \u00f8konomisk ansvarlig og riktig bruk av pengene\"}]},{\"@type\":\"WebSite\",\"@id\":\"https:\/\/hoyre.no\/arendal\/#website\",\"url\":\"https:\/\/hoyre.no\/arendal\/\",\"name\":\"Arendal H\u00f8yre\",\"description\":\"Bare enda et H\u00f8yres nettsteder-nettsted\",\"inLanguage\":\"nb-NO\"},{\"@type\":\"Person\",\"@id\":\"https:\/\/hoyre.no\/arendal\/#\/schema\/person\/ac07cb46cf1a662fab0853a6b9c1cd87\",\"name\":\"Cathrine Coucheron Berli\",\"image\":{\"@type\":\"ImageObject\",\"inLanguage\":\"nb-NO\",\"@id\":\"https:\/\/hoyre.no\/arendal\/#\/schema\/person\/image\/\",\"url\":\"https:\/\/secure.gravatar.com\/avatar\/08e70978cc7c8f19bfdcaf005e0379d7aef8879456282010bc4d632692d294d7?s=96&d=mm&r=g\",\"contentUrl\":\"https:\/\/secure.gravatar.com\/avatar\/08e70978cc7c8f19bfdcaf005e0379d7aef8879456282010bc4d632692d294d7?s=96&d=mm&r=g\",\"caption\":\"Cathrine Coucheron Berli\"},\"url\":\"https:\/\/hoyre.no\/arendal\/aktuelt\/author\/m52168945\/\"}]}<\/script>\n<!-- \/ Yoast SEO plugin. -->","yoast_head_json":{"title":"Budsjettet til Arendal H\u00f8yre for 2023 - \u00f8konomisk ansvarlig og riktig bruk av pengene - Arendal H\u00f8yre","robots":{"index":"index","follow":"follow","max-snippet":"max-snippet:-1","max-image-preview":"max-image-preview:large","max-video-preview":"max-video-preview:-1"},"canonical":"https:\/\/hoyre.no\/arendal\/aktuelt\/budsjettet-til-arendal-hoyre-for-2023-okonomisk-ansvarlighet-og-riktig-bruk-av-pengene\/","og_locale":"nb_NO","og_type":"article","og_title":"Budsjettet til Arendal H\u00f8yre for 2023 - \u00f8konomisk ansvarlig og riktig bruk av pengene - Arendal H\u00f8yre","og_url":"https:\/\/hoyre.no\/arendal\/aktuelt\/budsjettet-til-arendal-hoyre-for-2023-okonomisk-ansvarlighet-og-riktig-bruk-av-pengene\/","og_site_name":"Arendal H\u00f8yre","article_published_time":"2023-01-12T13:20:00+00:00","article_modified_time":"2023-03-13T07:59:35+00:00","og_image":[{"url":"https:\/\/hoyre.no\/content\/uploads\/sites\/41\/2024\/08\/download-1.jpg","width":"","height":"","type":""}],"author":"Cathrine Coucheron Berli","twitter_card":"summary_large_image","twitter_misc":{"Skrevet av":"Cathrine Coucheron Berli","Ansl. lesetid":"3 minutter"},"schema":{"@context":"https:\/\/schema.org","@graph":[{"@type":"NewsArticle","@id":"https:\/\/hoyre.no\/arendal\/aktuelt\/budsjettet-til-arendal-hoyre-for-2023-okonomisk-ansvarlighet-og-riktig-bruk-av-pengene\/","url":"https:\/\/hoyre.no\/arendal\/aktuelt\/budsjettet-til-arendal-hoyre-for-2023-okonomisk-ansvarlighet-og-riktig-bruk-av-pengene\/","name":"Budsjettet til Arendal H\u00f8yre for 2023 - \u00f8konomisk ansvarlig og riktig bruk av pengene - Arendal H\u00f8yre","isPartOf":{"@id":"https:\/\/hoyre.no\/arendal\/#website"},"datePublished":"2023-01-12T13:20:00+00:00","dateModified":"2023-03-13T07:59:35+00:00","author":{"@id":"https:\/\/hoyre.no\/arendal\/#\/schema\/person\/ac07cb46cf1a662fab0853a6b9c1cd87"},"breadcrumb":{"@id":"https:\/\/hoyre.no\/arendal\/aktuelt\/budsjettet-til-arendal-hoyre-for-2023-okonomisk-ansvarlighet-og-riktig-bruk-av-pengene\/#breadcrumb"},"inLanguage":"nb-NO","potentialAction":[{"@type":"ReadAction","target":["https:\/\/hoyre.no\/arendal\/aktuelt\/budsjettet-til-arendal-hoyre-for-2023-okonomisk-ansvarlighet-og-riktig-bruk-av-pengene\/"]}]},{"@type":"BreadcrumbList","@id":"https:\/\/hoyre.no\/arendal\/aktuelt\/budsjettet-til-arendal-hoyre-for-2023-okonomisk-ansvarlighet-og-riktig-bruk-av-pengene\/#breadcrumb","itemListElement":[{"@type":"ListItem","position":1,"name":"Til hoyre.no","item":"https:\/\/hoyre.no"},{"@type":"ListItem","position":2,"name":"Hjem","item":"https:\/\/hoyre.no\/arendal\/"},{"@type":"ListItem","position":3,"name":"Budsjettet til Arendal H\u00f8yre for 2023 &#8211; \u00f8konomisk ansvarlig og riktig bruk av pengene"}]},{"@type":"WebSite","@id":"https:\/\/hoyre.no\/arendal\/#website","url":"https:\/\/hoyre.no\/arendal\/","name":"Arendal H\u00f8yre","description":"Bare enda et H\u00f8yres nettsteder-nettsted","inLanguage":"nb-NO"},{"@type":"Person","@id":"https:\/\/hoyre.no\/arendal\/#\/schema\/person\/ac07cb46cf1a662fab0853a6b9c1cd87","name":"Cathrine Coucheron Berli","image":{"@type":"ImageObject","inLanguage":"nb-NO","@id":"https:\/\/hoyre.no\/arendal\/#\/schema\/person\/image\/","url":"https:\/\/secure.gravatar.com\/avatar\/08e70978cc7c8f19bfdcaf005e0379d7aef8879456282010bc4d632692d294d7?s=96&d=mm&r=g","contentUrl":"https:\/\/secure.gravatar.com\/avatar\/08e70978cc7c8f19bfdcaf005e0379d7aef8879456282010bc4d632692d294d7?s=96&d=mm&r=g","caption":"Cathrine Coucheron Berli"},"url":"https:\/\/hoyre.no\/arendal\/aktuelt\/author\/m52168945\/"}]}},"distributor_meta":false,"distributor_terms":false,"distributor_media":false,"distributor_original_site_name":"Arendal H\u00f8yre","distributor_original_site_url":"https:\/\/hoyre.no\/arendal","push-errors":false,"_links":{"self":[{"href":"https:\/\/hoyre.no\/arendal\/wp-json\/wp\/v2\/posts\/197","targetHints":{"allow":["GET"]}}],"collection":[{"href":"https:\/\/hoyre.no\/arendal\/wp-json\/wp\/v2\/posts"}],"about":[{"href":"https:\/\/hoyre.no\/arendal\/wp-json\/wp\/v2\/types\/post"}],"author":[{"embeddable":true,"href":"https:\/\/hoyre.no\/arendal\/wp-json\/wp\/v2\/users\/36946"}],"replies":[{"embeddable":true,"href":"https:\/\/hoyre.no\/arendal\/wp-json\/wp\/v2\/comments?post=197"}],"version-history":[{"count":5,"href":"https:\/\/hoyre.no\/arendal\/wp-json\/wp\/v2\/posts\/197\/revisions"}],"predecessor-version":[{"id":229,"href":"https:\/\/hoyre.no\/arendal\/wp-json\/wp\/v2\/posts\/197\/revisions\/229"}],"wp:attachment":[{"href":"https:\/\/hoyre.no\/arendal\/wp-json\/wp\/v2\/media?parent=197"}],"wp:term":[{"taxonomy":"category","embeddable":true,"href":"https:\/\/hoyre.no\/arendal\/wp-json\/wp\/v2\/category?post=197"},{"taxonomy":"post_tag","embeddable":true,"href":"https:\/\/hoyre.no\/arendal\/wp-json\/wp\/v2\/post_tag?post=197"},{"taxonomy":"hoyre-visibility","embeddable":true,"href":"https:\/\/hoyre.no\/arendal\/wp-json\/wp\/v2\/hoyre-visibility?post=197"},{"taxonomy":"article-type","embeddable":true,"href":"https:\/\/hoyre.no\/arendal\/wp-json\/wp\/v2\/article-type?post=197"},{"taxonomy":"politician","embeddable":true,"href":"https:\/\/hoyre.no\/arendal\/wp-json\/wp\/v2\/politician?post=197"}],"curies":[{"name":"wp","href":"https:\/\/api.w.org\/{rel}","templated":true}]}}