{"id":201,"date":"2023-01-17T12:24:00","date_gmt":"2023-01-17T11:24:00","guid":{"rendered":"https:\/\/hoyre.no\/arendal\/?p=201"},"modified":"2023-03-11T12:45:49","modified_gmt":"2023-03-11T11:45:49","slug":"vi-ma-behandle-arsakene-og-ikke-symptomene","status":"publish","type":"post","link":"https:\/\/hoyre.no\/arendal\/aktuelt\/vi-ma-behandle-arsakene-og-ikke-symptomene\/","title":{"rendered":"Vi m\u00e5 behandle \u00e5rsakene og ikke symptomene"},"content":{"rendered":"\n<p class=\"preamble\">DEBATTINNLEGG AGDERPOSTEN, 17. januar 2023<br><\/p>\n\n\n\n\n<p>Bystyregruppa til H\u00f8yre hadde et innlegg i Agderposten 16.1.203 vedr\u00f8rende underfinansiering av sykehusene b\u00e5de nasjonalt og for sykehuset i Arendal.<br>Dette innlegget er kommentert av b\u00e5de AP og SV.<br>Arendal H\u00f8yre har aldri fremmet mistillit til sykehusstyret og ledelsen ved S\u00f8rlandet sykehus. Vi har derimot stor tro p\u00e5 god dialog og god informasjonsutveksling.<br>At AP og H\u00f8yre st\u00e5r ideologisk langt fra hverandre n\u00e5r det gjelder sykehustjenester er ingen nyhet. H\u00f8yre er opptatt av at det skal v\u00e6re pasientenes helsetjeneste. Vi utformer sykehustjenester knyttet til innbyggernes behov. H\u00f8yre er klare p\u00e5 at vi \u00f8nsker beste mulig tjenester innen helse og omsorg. Vi er ikke s\u00e5 opptatt av hvem som leverer tjenestene, s\u00e5 lenge pasientene f\u00e5r den hjelpen de trenger n\u00e5r de trenger den.<br>Norge ble k\u00e5ret til verdens beste helsetjeneste i 2021, etter 8 \u00e5r med H\u00f8yre i regjering.<br>Vi er n\u00e5 dypt bekymret for at ordningen \u00abfritt behandlingsvalg\u00bb som n\u00e5 forsvinner med den AP-ledede regjeringen. Det medf\u00f8rer utvilsomt bortfall av b\u00e5de kompetanse og tjenestetilbud og dermed ogs\u00e5 et d\u00e5rligere helsetilbud. Det paradoksale er at dette vil f\u00f8re til en mer todelt helsetjeneste, hvor kun de med stor lommebok fortsatt kan velge hvor de vil ha behandling fordi staten ikke lenger vil ta regningen for alle. Det vil f\u00f8re til \u00f8kte forskjeller, spesielt for pasienter som sliter med rus og psykiske lidelser. H\u00f8yre har alltid lagt til rette for at prisen skal v\u00e6re lik om man velger offentlig eller private l\u00f8sninger. N\u00e5 frykter vi at det med AP sin ideologi vil medf\u00f8re at de velst\u00e5ende velger private l\u00f8sninger. Det er da det blir et to-delt helsevesen. Er det slik AP vil ha det?<br>I sp\u00f8rretimen og p\u00e5f\u00f8lgende intervjuer 17.1.23 gikk helseminister Kjerkhol ut og varsler ytterligere strammere \u00f8konomi for sykehusene og der tjenester kan bli kuttet og at innleie av kompetent personell skal reduseres. Det siste kan bli kritisk for flere sykehus i distriktene. I sum vil alle nevnte rammefaktorene fort medf\u00f8re at helsek\u00f8ene \u00f8ker, samt et d\u00e5rligere behandlingstilbud.<br>Ap skylder p\u00e5 \u00f8kt inflasjon. Det historisk dyre landbruksoppgj\u00f8ret i 2022, p\u00e5 mer enn 10 milliarder kroner, bidro det til \u00e5 holde inflasjonen nede? Det m\u00e5 klart sees i sammenheng med at sykehusene i Norge er underfinansiert med minst 1,7 milliarder i 2023.<br>SV er budsjettpartner til regjeringen. Det inneb\u00e6rer at man er med p\u00e5 hele budsjettet og ikke bare deler av det.<br>Det er styret i Helse S\u00f8r \u00d8st som avgj\u00f8r tillit til styrene ved for eksempel SSHF. H\u00f8yre p\u00e5peker den sv\u00e6rt krevende prioriteringsoppgaven de ulike sykehusene har fordi de \u00f8konomiske rammene n\u00e5 er sv\u00e6rt krevende. I tillegg er det foruroligende at verken SV eller AP, som er tydelige p\u00e5 at de \u00f8nsker \u00e5 b\u00e5de ta vare p\u00e5 og videreutvikle sykehuset i Arendal, ikke adresserer det n\u00e5 manglende planverket. Viser her til at den tidligere nasjonale sykehusplanen som ble opphevet fra nytt\u00e5r. Her var Arendal sykehus definert som et stort akuttsykehus. Hva skjer n\u00e5? N\u00e5r kommer en ny plan for sykehusene?<\/p>\n\n\n\n<p>H\u00f8yre sitt m\u00e5l er at sykehuset i Arendal best\u00e5r og videreutvikles som et fullverdig stort akuttsykehus, til det beste for innbyggerne i hele regionen. Hele bystyret er enige i det.<br>Da m\u00e5 vi behandle \u00e5rsakene og ikke symptomene.<\/p>\n\n\n\n<p>Geir Fredrik Sissener, gruppeleder Arendal H\u00f8yre<\/p>\n\n\n\n<p><\/p>\n\n\n\n<figure class=\"wp-block-image size-full\"><img loading=\"lazy\" decoding=\"async\" width=\"720\" height=\"538\" src=\"https:\/\/hoyre.no\/content\/uploads\/sites\/41\/2023\/01\/334975199_733009755086718_4244093525231924075_n.jpg\" alt=\"\" class=\"wp-image-210\" srcset=\"https:\/\/hoyre.no\/content\/uploads\/sites\/41\/2023\/01\/334975199_733009755086718_4244093525231924075_n.jpg 720w, https:\/\/hoyre.no\/content\/uploads\/sites\/41\/2023\/01\/334975199_733009755086718_4244093525231924075_n-300x224.jpg 300w\" sizes=\"auto, (max-width: 720px) 100vw, 720px\" \/><\/figure>\n\n\n<div class=\"tags\">\n\t<\/div>\n<div class=\"post-footer alignfull has-background block-editor-block-list__block\" data-align=full>\n\t<div class=\"post-footer-inner\">\n\t\t<h3>Relaterte artikler<\/h3>\n\t\t<div class=\"related-content\"><div class=\"is-card-hoyre\">\n\t<div class=\"teft-card hoyre-teft-card post-teft-card\">\n\t\t<a href=\"https:\/\/hoyre.no\/arendal\/aktuelt\/alfabetisk-navneliste-over-hoyres-valgvillige-stortingsvalgkandidater-2025-2029-i-aust-agder-valgdistrikt\/\" class=\"teft-card__primary-action\">\n\n\t\t\t\t\t<div class=\"teft-card__media teft-card__media--16-9\">\n\t\t\t\t\t\t<img loading=\"lazy\" decoding=\"async\" width=\"768\" height=\"768\" src=\"https:\/\/hoyre.no\/content\/uploads\/sites\/41\/2022\/11\/2020_RGB_hoyre_logo_profilbilde_011-768x768.png\" class=\"attachment-medium_large size-medium_large\" alt=\"\" srcset=\"https:\/\/hoyre.no\/content\/uploads\/sites\/41\/2022\/11\/2020_RGB_hoyre_logo_profilbilde_011-768x768.png 768w, https:\/\/hoyre.no\/content\/uploads\/sites\/41\/2022\/11\/2020_RGB_hoyre_logo_profilbilde_011-300x300.png 300w, https:\/\/hoyre.no\/content\/uploads\/sites\/41\/2022\/11\/2020_RGB_hoyre_logo_profilbilde_011-150x150.png 150w, https:\/\/hoyre.no\/content\/uploads\/sites\/41\/2022\/11\/2020_RGB_hoyre_logo_profilbilde_011.png 1000w\" sizes=\"auto, (max-width: 768px) 100vw, 768px\" \/>\t\t<\/div>\n\t\t\n\t\t\t<div class=\"teft-card__content-wrapper\">\n\t\t\t\t<div class=\"teft-card__secondary\">\n\t\t\t\t\t\n\t\t\t\t\t\t\t\t<div class=\"teft-card__meta\">\n\t\t\t\t\t\t\t\t\t<span class=\"post-date\">28. aug 2024<\/span>\n\n\t\t\t\t\t\t\t\t\t<span class=\"post-category\">Nominasjon<\/span>\t\t\t\t\t\t\t\t<\/div>\n\t\t\t\t\t\t\t\t\t\t\t<\/div>\n\n\t\t\t\t<div class=\"teft-card__primary\">\n\t\t\t\t\t<h2 class=\"teft-card__title\">Alfabetisk navneliste over H\u00f8yres valgvillige stortingsvalgkandidater 2025 \u2013 2029 i Aust-Agder valgdistrikt&nbsp;<span class=\"teft-card__primary-title-append\"><\/span><\/h2>\t\t\t\t<\/div>\n\t\t\t<\/div>\n\t\t<\/a>\n\t<\/div>\n\n\t<\/div><div class=\"is-card-hoyre\">\n\t<div class=\"teft-card hoyre-teft-card post-teft-card\">\n\t\t<a href=\"https:\/\/hoyre.no\/arendal\/aktuelt\/provenominasjon-for-stortingsvalget-2025\/\" class=\"teft-card__primary-action\">\n\n\t\t\t\t\t<div class=\"teft-card__media teft-card__media--16-9\">\n\t\t\t\t\t\t<img loading=\"lazy\" decoding=\"async\" width=\"768\" height=\"320\" src=\"https:\/\/hoyre.no\/content\/uploads\/sites\/41\/2024\/08\/stortingsbygningeneidsvolls-768x320.jpg\" class=\"attachment-medium_large size-medium_large\" alt=\"Stortinget\" srcset=\"https:\/\/hoyre.no\/content\/uploads\/sites\/41\/2024\/08\/stortingsbygningeneidsvolls-768x320.jpg 768w, https:\/\/hoyre.no\/content\/uploads\/sites\/41\/2024\/08\/stortingsbygningeneidsvolls-300x125.jpg 300w, https:\/\/hoyre.no\/content\/uploads\/sites\/41\/2024\/08\/stortingsbygningeneidsvolls.jpg 840w\" sizes=\"auto, (max-width: 768px) 100vw, 768px\" \/>\t\t<\/div>\n\t\t\n\t\t\t<div class=\"teft-card__content-wrapper\">\n\t\t\t\t<div class=\"teft-card__secondary\">\n\t\t\t\t\t\n\t\t\t\t\t\t\t\t<div class=\"teft-card__meta\">\n\t\t\t\t\t\t\t\t\t<span class=\"post-date\">22. aug 2024<\/span>\n\n\t\t\t\t\t\t\t\t\t<span class=\"post-category\">Nominasjon<\/span>\t\t\t\t\t\t\t\t<\/div>\n\t\t\t\t\t\t\t\t\t\t\t<\/div>\n\n\t\t\t\t<div class=\"teft-card__primary\">\n\t\t\t\t\t<h2 class=\"teft-card__title\">Pr\u00f8venominasjon for Stortingsvalget 2025&nbsp;<span class=\"teft-card__primary-title-append\"><\/span><\/h2>\t\t\t\t<\/div>\n\t\t\t<\/div>\n\t\t<\/a>\n\t<\/div>\n\n\t<\/div><div class=\"is-card-hoyre\">\n\t<div class=\"teft-card hoyre-teft-card post-teft-card\">\n\t\t<a href=\"https:\/\/hoyre.no\/arendal\/aktuelt\/arendalsuka-mer-enn-bare-enn-fest-for-fiffen\/\" class=\"teft-card__primary-action\">\n\n\t\t\t\t\t<div class=\"teft-card__media teft-card__media--16-9\">\n\t\t\t\t\t\t<img loading=\"lazy\" decoding=\"async\" width=\"720\" height=\"540\" src=\"https:\/\/hoyre.no\/content\/uploads\/sites\/41\/2024\/08\/download-1.jpg\" class=\"attachment-medium_large size-medium_large\" alt=\"\" srcset=\"https:\/\/hoyre.no\/content\/uploads\/sites\/41\/2024\/08\/download-1.jpg 720w, https:\/\/hoyre.no\/content\/uploads\/sites\/41\/2024\/08\/download-1-300x225.jpg 300w\" sizes=\"auto, (max-width: 720px) 100vw, 720px\" \/>\t\t<\/div>\n\t\t\n\t\t\t<div class=\"teft-card__content-wrapper\">\n\t\t\t\t<div class=\"teft-card__secondary\">\n\t\t\t\t\t\n\t\t\t\t\t\t\t\t<div class=\"teft-card__meta\">\n\t\t\t\t\t\t\t\t\t<span class=\"post-date\">21. aug 2024<\/span>\n\n\t\t\t\t\t\t\t\t\t<span class=\"post-category\">Debatt<\/span>\t\t\t\t\t\t\t\t<\/div>\n\t\t\t\t\t\t\t\t\t\t\t<\/div>\n\n\t\t\t\t<div class=\"teft-card__primary\">\n\t\t\t\t\t<h2 class=\"teft-card__title\">Arendalsuka: Mer enn bare enn fest for \u201cfiffen\u201d&nbsp;<span class=\"teft-card__primary-title-append\"><\/span><\/h2>\t\t\t\t<\/div>\n\t\t\t<\/div>\n\t\t<\/a>\n\t<\/div>\n\n\t<\/div><\/div>\t<\/div>\n<\/div>\n","protected":false},"excerpt":{"rendered":"","protected":false},"author":36946,"featured_media":0,"comment_status":"closed","ping_status":"closed","sticky":false,"template":"","format":"standard","meta":{"teft_cards_image_url":"","teft_cards_custom_pretitle":"","teft_cards_image_id":17,"teft_cards_image_focal_point_x":0.48,"teft_cards_image_focal_point_y":0.41,"teft_cards_title":"","teft_cards_excerpt":"","teft_show_chapters":false,"author_display_name":"","footnotes":""},"category":[7],"post_tag":[],"hoyre-visibility":[],"article-type":[],"politician":[],"class_list":["post-201","post","type-post","status-publish","format-standard","hentry","category-debatt"],"yoast_head":"<!-- This site is optimized with the Yoast SEO plugin v26.6 - https:\/\/yoast.com\/wordpress\/plugins\/seo\/ -->\n<title>Vi m\u00e5 behandle \u00e5rsakene og ikke symptomene - Arendal H\u00f8yre<\/title>\n<meta name=\"robots\" content=\"index, follow, max-snippet:-1, max-image-preview:large, max-video-preview:-1\" \/>\n<link rel=\"canonical\" href=\"https:\/\/hoyre.no\/arendal\/aktuelt\/vi-ma-behandle-arsakene-og-ikke-symptomene\/\" \/>\n<meta property=\"og:locale\" content=\"nb_NO\" \/>\n<meta property=\"og:type\" content=\"article\" \/>\n<meta property=\"og:title\" content=\"Vi m\u00e5 behandle \u00e5rsakene og ikke symptomene - Arendal H\u00f8yre\" \/>\n<meta property=\"og:url\" content=\"https:\/\/hoyre.no\/arendal\/aktuelt\/vi-ma-behandle-arsakene-og-ikke-symptomene\/\" \/>\n<meta property=\"og:site_name\" content=\"Arendal H\u00f8yre\" \/>\n<meta property=\"article:published_time\" content=\"2023-01-17T11:24:00+00:00\" \/>\n<meta property=\"article:modified_time\" content=\"2023-03-11T11:45:49+00:00\" \/>\n<meta property=\"og:image\" content=\"https:\/\/hoyre.no\/content\/uploads\/sites\/41\/2024\/08\/download-1.jpg\" \/>\n<meta name=\"author\" content=\"Cathrine Coucheron Berli\" \/>\n<meta name=\"twitter:card\" content=\"summary_large_image\" \/>\n<meta name=\"twitter:label1\" content=\"Skrevet av\" \/>\n\t<meta name=\"twitter:data1\" content=\"Cathrine Coucheron Berli\" \/>\n\t<meta name=\"twitter:label2\" content=\"Ansl. lesetid\" \/>\n\t<meta name=\"twitter:data2\" content=\"4 minutter\" \/>\n<script type=\"application\/ld+json\" class=\"yoast-schema-graph\">{\"@context\":\"https:\/\/schema.org\",\"@graph\":[{\"@type\":\"NewsArticle\",\"@id\":\"https:\/\/hoyre.no\/arendal\/aktuelt\/vi-ma-behandle-arsakene-og-ikke-symptomene\/\",\"url\":\"https:\/\/hoyre.no\/arendal\/aktuelt\/vi-ma-behandle-arsakene-og-ikke-symptomene\/\",\"name\":\"Vi m\u00e5 behandle \u00e5rsakene og ikke symptomene - Arendal H\u00f8yre\",\"isPartOf\":{\"@id\":\"https:\/\/hoyre.no\/arendal\/#website\"},\"image\":{\"@id\":\"https:\/\/hoyre.no\/arendal\/aktuelt\/vi-ma-behandle-arsakene-og-ikke-symptomene\/#primaryimage\"},\"thumbnailUrl\":\"https:\/\/hoyre.no\/content\/uploads\/sites\/41\/2023\/01\/334975199_733009755086718_4244093525231924075_n.jpg\",\"datePublished\":\"2023-01-17T11:24:00+00:00\",\"dateModified\":\"2023-03-11T11:45:49+00:00\",\"author\":{\"@id\":\"https:\/\/hoyre.no\/arendal\/#\/schema\/person\/ac07cb46cf1a662fab0853a6b9c1cd87\"},\"breadcrumb\":{\"@id\":\"https:\/\/hoyre.no\/arendal\/aktuelt\/vi-ma-behandle-arsakene-og-ikke-symptomene\/#breadcrumb\"},\"inLanguage\":\"nb-NO\",\"potentialAction\":[{\"@type\":\"ReadAction\",\"target\":[\"https:\/\/hoyre.no\/arendal\/aktuelt\/vi-ma-behandle-arsakene-og-ikke-symptomene\/\"]}]},{\"@type\":\"ImageObject\",\"inLanguage\":\"nb-NO\",\"@id\":\"https:\/\/hoyre.no\/arendal\/aktuelt\/vi-ma-behandle-arsakene-og-ikke-symptomene\/#primaryimage\",\"url\":\"https:\/\/hoyre.no\/content\/uploads\/sites\/41\/2023\/01\/334975199_733009755086718_4244093525231924075_n.jpg\",\"contentUrl\":\"https:\/\/hoyre.no\/content\/uploads\/sites\/41\/2023\/01\/334975199_733009755086718_4244093525231924075_n.jpg\"},{\"@type\":\"BreadcrumbList\",\"@id\":\"https:\/\/hoyre.no\/arendal\/aktuelt\/vi-ma-behandle-arsakene-og-ikke-symptomene\/#breadcrumb\",\"itemListElement\":[{\"@type\":\"ListItem\",\"position\":1,\"name\":\"Til hoyre.no\",\"item\":\"https:\/\/hoyre.no\"},{\"@type\":\"ListItem\",\"position\":2,\"name\":\"Hjem\",\"item\":\"https:\/\/hoyre.no\/arendal\/\"},{\"@type\":\"ListItem\",\"position\":3,\"name\":\"Vi m\u00e5 behandle \u00e5rsakene og ikke symptomene\"}]},{\"@type\":\"WebSite\",\"@id\":\"https:\/\/hoyre.no\/arendal\/#website\",\"url\":\"https:\/\/hoyre.no\/arendal\/\",\"name\":\"Arendal H\u00f8yre\",\"description\":\"Bare enda et H\u00f8yres nettsteder-nettsted\",\"inLanguage\":\"nb-NO\"},{\"@type\":\"Person\",\"@id\":\"https:\/\/hoyre.no\/arendal\/#\/schema\/person\/ac07cb46cf1a662fab0853a6b9c1cd87\",\"name\":\"Cathrine Coucheron Berli\",\"image\":{\"@type\":\"ImageObject\",\"inLanguage\":\"nb-NO\",\"@id\":\"https:\/\/hoyre.no\/arendal\/#\/schema\/person\/image\/\",\"url\":\"https:\/\/secure.gravatar.com\/avatar\/08e70978cc7c8f19bfdcaf005e0379d7aef8879456282010bc4d632692d294d7?s=96&d=mm&r=g\",\"contentUrl\":\"https:\/\/secure.gravatar.com\/avatar\/08e70978cc7c8f19bfdcaf005e0379d7aef8879456282010bc4d632692d294d7?s=96&d=mm&r=g\",\"caption\":\"Cathrine Coucheron Berli\"},\"url\":\"https:\/\/hoyre.no\/arendal\/aktuelt\/author\/m52168945\/\"}]}<\/script>\n<!-- \/ Yoast SEO plugin. -->","yoast_head_json":{"title":"Vi m\u00e5 behandle \u00e5rsakene og ikke symptomene - Arendal H\u00f8yre","robots":{"index":"index","follow":"follow","max-snippet":"max-snippet:-1","max-image-preview":"max-image-preview:large","max-video-preview":"max-video-preview:-1"},"canonical":"https:\/\/hoyre.no\/arendal\/aktuelt\/vi-ma-behandle-arsakene-og-ikke-symptomene\/","og_locale":"nb_NO","og_type":"article","og_title":"Vi m\u00e5 behandle \u00e5rsakene og ikke symptomene - Arendal H\u00f8yre","og_url":"https:\/\/hoyre.no\/arendal\/aktuelt\/vi-ma-behandle-arsakene-og-ikke-symptomene\/","og_site_name":"Arendal H\u00f8yre","article_published_time":"2023-01-17T11:24:00+00:00","article_modified_time":"2023-03-11T11:45:49+00:00","og_image":[{"url":"https:\/\/hoyre.no\/content\/uploads\/sites\/41\/2024\/08\/download-1.jpg","width":"","height":"","type":""}],"author":"Cathrine Coucheron Berli","twitter_card":"summary_large_image","twitter_misc":{"Skrevet av":"Cathrine Coucheron Berli","Ansl. lesetid":"4 minutter"},"schema":{"@context":"https:\/\/schema.org","@graph":[{"@type":"NewsArticle","@id":"https:\/\/hoyre.no\/arendal\/aktuelt\/vi-ma-behandle-arsakene-og-ikke-symptomene\/","url":"https:\/\/hoyre.no\/arendal\/aktuelt\/vi-ma-behandle-arsakene-og-ikke-symptomene\/","name":"Vi m\u00e5 behandle \u00e5rsakene og ikke symptomene - Arendal H\u00f8yre","isPartOf":{"@id":"https:\/\/hoyre.no\/arendal\/#website"},"image":{"@id":"https:\/\/hoyre.no\/arendal\/aktuelt\/vi-ma-behandle-arsakene-og-ikke-symptomene\/#primaryimage"},"thumbnailUrl":"https:\/\/hoyre.no\/content\/uploads\/sites\/41\/2023\/01\/334975199_733009755086718_4244093525231924075_n.jpg","datePublished":"2023-01-17T11:24:00+00:00","dateModified":"2023-03-11T11:45:49+00:00","author":{"@id":"https:\/\/hoyre.no\/arendal\/#\/schema\/person\/ac07cb46cf1a662fab0853a6b9c1cd87"},"breadcrumb":{"@id":"https:\/\/hoyre.no\/arendal\/aktuelt\/vi-ma-behandle-arsakene-og-ikke-symptomene\/#breadcrumb"},"inLanguage":"nb-NO","potentialAction":[{"@type":"ReadAction","target":["https:\/\/hoyre.no\/arendal\/aktuelt\/vi-ma-behandle-arsakene-og-ikke-symptomene\/"]}]},{"@type":"ImageObject","inLanguage":"nb-NO","@id":"https:\/\/hoyre.no\/arendal\/aktuelt\/vi-ma-behandle-arsakene-og-ikke-symptomene\/#primaryimage","url":"https:\/\/hoyre.no\/content\/uploads\/sites\/41\/2023\/01\/334975199_733009755086718_4244093525231924075_n.jpg","contentUrl":"https:\/\/hoyre.no\/content\/uploads\/sites\/41\/2023\/01\/334975199_733009755086718_4244093525231924075_n.jpg"},{"@type":"BreadcrumbList","@id":"https:\/\/hoyre.no\/arendal\/aktuelt\/vi-ma-behandle-arsakene-og-ikke-symptomene\/#breadcrumb","itemListElement":[{"@type":"ListItem","position":1,"name":"Til hoyre.no","item":"https:\/\/hoyre.no"},{"@type":"ListItem","position":2,"name":"Hjem","item":"https:\/\/hoyre.no\/arendal\/"},{"@type":"ListItem","position":3,"name":"Vi m\u00e5 behandle \u00e5rsakene og ikke symptomene"}]},{"@type":"WebSite","@id":"https:\/\/hoyre.no\/arendal\/#website","url":"https:\/\/hoyre.no\/arendal\/","name":"Arendal H\u00f8yre","description":"Bare enda et H\u00f8yres nettsteder-nettsted","inLanguage":"nb-NO"},{"@type":"Person","@id":"https:\/\/hoyre.no\/arendal\/#\/schema\/person\/ac07cb46cf1a662fab0853a6b9c1cd87","name":"Cathrine Coucheron Berli","image":{"@type":"ImageObject","inLanguage":"nb-NO","@id":"https:\/\/hoyre.no\/arendal\/#\/schema\/person\/image\/","url":"https:\/\/secure.gravatar.com\/avatar\/08e70978cc7c8f19bfdcaf005e0379d7aef8879456282010bc4d632692d294d7?s=96&d=mm&r=g","contentUrl":"https:\/\/secure.gravatar.com\/avatar\/08e70978cc7c8f19bfdcaf005e0379d7aef8879456282010bc4d632692d294d7?s=96&d=mm&r=g","caption":"Cathrine Coucheron Berli"},"url":"https:\/\/hoyre.no\/arendal\/aktuelt\/author\/m52168945\/"}]}},"distributor_meta":false,"distributor_terms":false,"distributor_media":false,"distributor_original_site_name":"Arendal H\u00f8yre","distributor_original_site_url":"https:\/\/hoyre.no\/arendal","push-errors":false,"_links":{"self":[{"href":"https:\/\/hoyre.no\/arendal\/wp-json\/wp\/v2\/posts\/201","targetHints":{"allow":["GET"]}}],"collection":[{"href":"https:\/\/hoyre.no\/arendal\/wp-json\/wp\/v2\/posts"}],"about":[{"href":"https:\/\/hoyre.no\/arendal\/wp-json\/wp\/v2\/types\/post"}],"author":[{"embeddable":true,"href":"https:\/\/hoyre.no\/arendal\/wp-json\/wp\/v2\/users\/36946"}],"replies":[{"embeddable":true,"href":"https:\/\/hoyre.no\/arendal\/wp-json\/wp\/v2\/comments?post=201"}],"version-history":[{"count":4,"href":"https:\/\/hoyre.no\/arendal\/wp-json\/wp\/v2\/posts\/201\/revisions"}],"predecessor-version":[{"id":212,"href":"https:\/\/hoyre.no\/arendal\/wp-json\/wp\/v2\/posts\/201\/revisions\/212"}],"wp:attachment":[{"href":"https:\/\/hoyre.no\/arendal\/wp-json\/wp\/v2\/media?parent=201"}],"wp:term":[{"taxonomy":"category","embeddable":true,"href":"https:\/\/hoyre.no\/arendal\/wp-json\/wp\/v2\/category?post=201"},{"taxonomy":"post_tag","embeddable":true,"href":"https:\/\/hoyre.no\/arendal\/wp-json\/wp\/v2\/post_tag?post=201"},{"taxonomy":"hoyre-visibility","embeddable":true,"href":"https:\/\/hoyre.no\/arendal\/wp-json\/wp\/v2\/hoyre-visibility?post=201"},{"taxonomy":"article-type","embeddable":true,"href":"https:\/\/hoyre.no\/arendal\/wp-json\/wp\/v2\/article-type?post=201"},{"taxonomy":"politician","embeddable":true,"href":"https:\/\/hoyre.no\/arendal\/wp-json\/wp\/v2\/politician?post=201"}],"curies":[{"name":"wp","href":"https:\/\/api.w.org\/{rel}","templated":true}]}}