{"id":226,"date":"2023-03-13T08:48:08","date_gmt":"2023-03-13T07:48:08","guid":{"rendered":"https:\/\/hoyre.no\/arendal\/?p=226"},"modified":"2023-03-13T09:15:43","modified_gmt":"2023-03-13T08:15:43","slug":"det-norske-elever-trenger-i-dag-er-fritt-nivavalg","status":"publish","type":"post","link":"https:\/\/hoyre.no\/arendal\/aktuelt\/det-norske-elever-trenger-i-dag-er-fritt-nivavalg\/","title":{"rendered":"Det norske elever trenger i dag, er fritt niv\u00e5valg"},"content":{"rendered":"\n<p class=\"preamble\">\u00abDette er altfor vanskelig, jeg gidder ikke mer\u00bb. \u00abOi, det her var kjempe lett, m\u00e5 jeg vente p\u00e5 at resten av klassen blir ferdige n\u00e5?\u00bb<br>Dette er to setninger man fort kan tenke eller h\u00f8re i klasserommet. Begge er s\u00e5 \u00e5 si helt motsatt av hverandre, men de har allikevel noe til felles. Begge viser at skolesystemet enn\u00e5 ikke er bra nok.<\/p>\t\t\t<div class=\"post-meta wp-block teft-byline-wrapper\">\n\t\t\t\t<div class=\"top\">\n\t\t\t\t\t<div class=\"signature\">\n\t\t\t\t\t\t<div class=\"teft-byline\">\n\t\t\t\t\t\t\t\t\t\t\t\t\t\t<div>\n\t\t\t\t\t\t\t\t<h3>H\u00f8yres redaksjon<\/h3>\t\t\t\t\t\t\t\t\n\t\t\t\t\t\t\t\t\t\t\t\t\t\t\t\t\t<span class=\"date\">Sist oppdatert: 13. mars 2023<\/span>\n\t\t\t\t\t\t\t\t\t\t\t\t\t\t\t\t\t\t\t\t\t\t\t\t\t<span class=\"reading-time\" itemprop=\"timeRequired\" content=\"PT3M\"><em>Ca. 3 minutter lesetid<\/em><\/span>\n\t\t\t\t\t\t\t\t\t\t\t\t\t\t\t<\/div>\n\t\t\t\t\t\t<\/div>\n\t\t\t\t\t<\/div>\n\t\t\t\t\t\t<div class=\"sharing\">\n\t\t<a class=\"share-button share-link copy-link\" data-copy=\"https:\/\/hoyre.no\/arendal\/aktuelt\/det-norske-elever-trenger-i-dag-er-fritt-nivavalg\/\" target=\"_blank\"><span class=\"screen-reader-text\">Del link<\/span><\/a>\n\t\t<a class=\"share-button share-twitter\" href=\"http:\/\/twitter.com\/share?text=Det norske elever trenger i dag, er fritt niv\u00e5valg&#038;url=https:\/\/hoyre.no\/arendal\/aktuelt\/det-norske-elever-trenger-i-dag-er-fritt-nivavalg\/&#038;hashtags=Hoyre\" target=\"_blank\"><span class=\"screen-reader-text\">Del p\u00e5 twitter<\/span><\/a>\n\t\t<a class=\"share-button share-facebook\" href=\"https:\/\/www.facebook.com\/sharer\/sharer.php?u=https:\/\/hoyre.no\/arendal\/aktuelt\/det-norske-elever-trenger-i-dag-er-fritt-nivavalg\/\" target=\"_blank\"><span class=\"screen-reader-text\">Del p\u00e5 facebook<\/span><\/a>\n\t<\/div>\n\t\t\t\t\t<\/div>\n\t\t\t<\/div>\n\n\t\t\t<figure class=\"hoyre-image-wrapper\"><div class=\"hoyre-image\"><img loading=\"lazy\" decoding=\"async\" width=\"2500\" height=\"1667\" src=\"https:\/\/hoyre.no\/content\/uploads\/sites\/41\/2023\/01\/w5OHPr4c-scaled.jpeg\" class=\"attachment-scaled size-scaled\" alt=\"\" style=\"object-position: 50% 50%\" srcset=\"https:\/\/hoyre.no\/content\/uploads\/sites\/41\/2023\/01\/w5OHPr4c-scaled.jpeg 2500w, https:\/\/hoyre.no\/content\/uploads\/sites\/41\/2023\/01\/w5OHPr4c-300x200.jpeg 300w, https:\/\/hoyre.no\/content\/uploads\/sites\/41\/2023\/01\/w5OHPr4c-1024x683.jpeg 1024w, https:\/\/hoyre.no\/content\/uploads\/sites\/41\/2023\/01\/w5OHPr4c-768x512.jpeg 768w, https:\/\/hoyre.no\/content\/uploads\/sites\/41\/2023\/01\/w5OHPr4c-1536x1024.jpeg 1536w, https:\/\/hoyre.no\/content\/uploads\/sites\/41\/2023\/01\/w5OHPr4c-2048x1365.jpeg 2048w\" sizes=\"auto, (max-width: 2500px) 100vw, 2500px\" \/><\/div><\/figure>\n\n\n\n\n<p><strong>Fulle potensial<\/strong>&nbsp;<\/p>\n\n\n\n<p>Vi har nok alle kjent p\u00e5 f\u00f8lelsen av \u00e5 ha en time der man f\u00f8ler at innholdet ikke passer til v\u00e5rt niv\u00e5, enten det var for lett eller for vanskelig. Slike timer kan sammenlignes med \u00e5 l\u00f8pe en maraton. Hvis alle l\u00f8per sammen uten noen som helst slags form for inndeling, vil de raskeste l\u00f8perne bli irritert over at de treige kommer i veien, mens de treige vil slite med at de raske dytter. Dette kan f\u00f8re til at de langsomste l\u00f8perne enten pr\u00f8ver \u00e5 henge med og sannsynligvis mislykkes, eller mister motivasjonen og muligens gir opp. De raske vil til slutt bli sinte for \u00e5 bli holdt igjen og ikke f\u00e5 en god tid. Dette kan resultere i at ingen av l\u00f8perne n\u00e5r m\u00e5let \u2013 alts\u00e5 \u00e5 gj\u00f8re s\u00e5 godt som de kan og realisere sitt fulle potensial.<\/p>\n\n\n\n<p>Det vil v\u00e6re det samme hvis du sitter i et klasserom. Der alle er forskjellige, l\u00e6rer man p\u00e5 ulike m\u00e5ter og jobber i diverse tempoer. Vi kan ikke tvinge alle inn i samme ramme.<\/p>\n\n\n\n<p><strong>Mestringsf\u00f8lelse og motivasjon<\/strong>&nbsp;<\/p>\n\n\n\n<p>Fritt niv\u00e5valg er akkurat det den norske skolen trenger. Fritt niv\u00e5valg enkelt forklart er at elever skal kunne velge selv mellom niv\u00e5er i fag. Det er ikke s\u00e5 skummelt som Arbeiderpartiet \u00f8nsker \u00e5 fremstille det, for et vellykket eksempel er matematikk, der man kan velge mellom 1T og 1P. Noen m\u00e5 kunne regne ut distansen fra jorda til sola, men det m\u00e5 ogs\u00e5 v\u00e6re rom for de som er forn\u00f8yd med bare \u00e5 vite det.<\/p>\n\n\n\n<p>Derfor er det er p\u00e5 tide \u00e5 f\u00e5 dette innf\u00f8rt i flere fellesfag. Det vil sikre at b\u00e5de de som trenger ekstra utfordring og de som trenger ekstra hjelp, vil f\u00e5 en utdanning som er spesielt tilpasset for akkurat dem. Dette vi gi mestringsf\u00f8lelse og motivasjon til de som sliter mest, noe som igjen kan f\u00f8re til \u00f8kt niv\u00e5 for alle.<\/p>\n\n\n\n<p><strong>Svaret p\u00e5 sosiale forskjeller<\/strong>&nbsp;<\/p>\n\n\n\n<p>Arbeiderpartiet vil nok igjen svare p\u00e5 dette forslaget med \u00e5 svartmale fritt niv\u00e5valg som sosiale forskjeller. Tvert imot, er det noe som skaper sosiale forskjeller i samfunnet, s\u00e5 er det at elever dropper ut og ikke fullf\u00f8rer videreg\u00e5ende. Og nettopp dette skjer n\u00e5r han p\u00e5 bakerste rad har falt av i undervisningen for 3 kapitler siden eller hun foran kjeder seg i et for lett fag.<\/p>\n\n\n\n<p>Arbeiderpartiet og venstresiden m\u00e5 t\u00f8rre \u00e5 la elever v\u00e6re mer sjef i egen hverdag. Det er ikke politikere som skal detaljstyre v\u00e5r timeplan, den kjenner vi best selv.<\/p>\n\n\n\n<p><strong>Vet best selv<\/strong>&nbsp;<\/p>\n\n\n\n<p>Fritt niv\u00e5valg er det norske elever i dagens klasserom trenger. For hver dag er det noen som gang p\u00e5 gang g\u00e5r glipp av altfor mange sider i historien og en annen som dupper av p\u00e5 f\u00f8rste rad. Jeg mener at vi elever fortjener bedre. Vi fortjener \u00e5 bestemme fag selv og vi fortjener tilliten \u2013 fordi elever vet best selv.<\/p>\n\n\n\n<p><strong>Kitty Theobald Gjerland<\/strong><br>Politisk nestleder i Arendal og Grimstad Unge H\u00f8yre<\/p>\n\n\n\n<p><em>Publisert i Agderposten 12. mars 2023.<\/em><\/p>\n\n\n<div class=\"tags\">\n\t<\/div>\n<div class=\"post-footer alignfull has-background block-editor-block-list__block\" data-align=full>\n\t<div class=\"post-footer-inner\">\n\t\t<h3>Relaterte artikler<\/h3>\n\t\t<div class=\"related-content\"><div class=\"is-card-hoyre\">\n\t<div class=\"teft-card hoyre-teft-card post-teft-card\">\n\t\t<a href=\"https:\/\/hoyre.no\/arendal\/aktuelt\/alfabetisk-navneliste-over-hoyres-valgvillige-stortingsvalgkandidater-2025-2029-i-aust-agder-valgdistrikt\/\" class=\"teft-card__primary-action\">\n\n\t\t\t\t\t<div class=\"teft-card__media teft-card__media--16-9\">\n\t\t\t\t\t\t<img loading=\"lazy\" decoding=\"async\" width=\"768\" height=\"768\" src=\"https:\/\/hoyre.no\/content\/uploads\/sites\/41\/2022\/11\/2020_RGB_hoyre_logo_profilbilde_011-768x768.png\" class=\"attachment-medium_large size-medium_large\" alt=\"\" srcset=\"https:\/\/hoyre.no\/content\/uploads\/sites\/41\/2022\/11\/2020_RGB_hoyre_logo_profilbilde_011-768x768.png 768w, https:\/\/hoyre.no\/content\/uploads\/sites\/41\/2022\/11\/2020_RGB_hoyre_logo_profilbilde_011-300x300.png 300w, https:\/\/hoyre.no\/content\/uploads\/sites\/41\/2022\/11\/2020_RGB_hoyre_logo_profilbilde_011-150x150.png 150w, https:\/\/hoyre.no\/content\/uploads\/sites\/41\/2022\/11\/2020_RGB_hoyre_logo_profilbilde_011.png 1000w\" sizes=\"auto, (max-width: 768px) 100vw, 768px\" \/>\t\t<\/div>\n\t\t\n\t\t\t<div class=\"teft-card__content-wrapper\">\n\t\t\t\t<div class=\"teft-card__secondary\">\n\t\t\t\t\t\n\t\t\t\t\t\t\t\t<div class=\"teft-card__meta\">\n\t\t\t\t\t\t\t\t\t<span class=\"post-date\">28. aug 2024<\/span>\n\n\t\t\t\t\t\t\t\t\t<span class=\"post-category\">Nominasjon<\/span>\t\t\t\t\t\t\t\t<\/div>\n\t\t\t\t\t\t\t\t\t\t\t<\/div>\n\n\t\t\t\t<div class=\"teft-card__primary\">\n\t\t\t\t\t<h2 class=\"teft-card__title\">Alfabetisk navneliste over H\u00f8yres valgvillige stortingsvalgkandidater 2025 \u2013 2029 i Aust-Agder valgdistrikt&nbsp;<span class=\"teft-card__primary-title-append\"><\/span><\/h2>\t\t\t\t<\/div>\n\t\t\t<\/div>\n\t\t<\/a>\n\t<\/div>\n\n\t<\/div><div class=\"is-card-hoyre\">\n\t<div class=\"teft-card hoyre-teft-card post-teft-card\">\n\t\t<a href=\"https:\/\/hoyre.no\/arendal\/aktuelt\/provenominasjon-for-stortingsvalget-2025\/\" class=\"teft-card__primary-action\">\n\n\t\t\t\t\t<div class=\"teft-card__media teft-card__media--16-9\">\n\t\t\t\t\t\t<img loading=\"lazy\" decoding=\"async\" width=\"768\" height=\"320\" src=\"https:\/\/hoyre.no\/content\/uploads\/sites\/41\/2024\/08\/stortingsbygningeneidsvolls-768x320.jpg\" class=\"attachment-medium_large size-medium_large\" alt=\"Stortinget\" srcset=\"https:\/\/hoyre.no\/content\/uploads\/sites\/41\/2024\/08\/stortingsbygningeneidsvolls-768x320.jpg 768w, https:\/\/hoyre.no\/content\/uploads\/sites\/41\/2024\/08\/stortingsbygningeneidsvolls-300x125.jpg 300w, https:\/\/hoyre.no\/content\/uploads\/sites\/41\/2024\/08\/stortingsbygningeneidsvolls.jpg 840w\" sizes=\"auto, (max-width: 768px) 100vw, 768px\" \/>\t\t<\/div>\n\t\t\n\t\t\t<div class=\"teft-card__content-wrapper\">\n\t\t\t\t<div class=\"teft-card__secondary\">\n\t\t\t\t\t\n\t\t\t\t\t\t\t\t<div class=\"teft-card__meta\">\n\t\t\t\t\t\t\t\t\t<span class=\"post-date\">22. aug 2024<\/span>\n\n\t\t\t\t\t\t\t\t\t<span class=\"post-category\">Nominasjon<\/span>\t\t\t\t\t\t\t\t<\/div>\n\t\t\t\t\t\t\t\t\t\t\t<\/div>\n\n\t\t\t\t<div class=\"teft-card__primary\">\n\t\t\t\t\t<h2 class=\"teft-card__title\">Pr\u00f8venominasjon for Stortingsvalget 2025&nbsp;<span class=\"teft-card__primary-title-append\"><\/span><\/h2>\t\t\t\t<\/div>\n\t\t\t<\/div>\n\t\t<\/a>\n\t<\/div>\n\n\t<\/div><div class=\"is-card-hoyre\">\n\t<div class=\"teft-card hoyre-teft-card post-teft-card\">\n\t\t<a href=\"https:\/\/hoyre.no\/arendal\/aktuelt\/arendalsuka-mer-enn-bare-enn-fest-for-fiffen\/\" class=\"teft-card__primary-action\">\n\n\t\t\t\t\t<div class=\"teft-card__media teft-card__media--16-9\">\n\t\t\t\t\t\t<img loading=\"lazy\" decoding=\"async\" width=\"720\" height=\"540\" src=\"https:\/\/hoyre.no\/content\/uploads\/sites\/41\/2024\/08\/download-1.jpg\" class=\"attachment-medium_large size-medium_large\" alt=\"\" srcset=\"https:\/\/hoyre.no\/content\/uploads\/sites\/41\/2024\/08\/download-1.jpg 720w, https:\/\/hoyre.no\/content\/uploads\/sites\/41\/2024\/08\/download-1-300x225.jpg 300w\" sizes=\"auto, (max-width: 720px) 100vw, 720px\" \/>\t\t<\/div>\n\t\t\n\t\t\t<div class=\"teft-card__content-wrapper\">\n\t\t\t\t<div class=\"teft-card__secondary\">\n\t\t\t\t\t\n\t\t\t\t\t\t\t\t<div class=\"teft-card__meta\">\n\t\t\t\t\t\t\t\t\t<span class=\"post-date\">21. aug 2024<\/span>\n\n\t\t\t\t\t\t\t\t\t<span class=\"post-category\">Debatt<\/span>\t\t\t\t\t\t\t\t<\/div>\n\t\t\t\t\t\t\t\t\t\t\t<\/div>\n\n\t\t\t\t<div class=\"teft-card__primary\">\n\t\t\t\t\t<h2 class=\"teft-card__title\">Arendalsuka: Mer enn bare enn fest for \u201cfiffen\u201d&nbsp;<span class=\"teft-card__primary-title-append\"><\/span><\/h2>\t\t\t\t<\/div>\n\t\t\t<\/div>\n\t\t<\/a>\n\t<\/div>\n\n\t<\/div><\/div>\t<\/div>\n<\/div>\n","protected":false},"excerpt":{"rendered":"","protected":false},"author":36946,"featured_media":0,"comment_status":"closed","ping_status":"closed","sticky":false,"template":"","format":"standard","meta":{"teft_cards_image_url":"","teft_cards_custom_pretitle":"","teft_cards_image_id":138,"teft_cards_image_focal_point_x":0.5,"teft_cards_image_focal_point_y":0.5,"teft_cards_title":"","teft_cards_excerpt":"","teft_show_chapters":false,"author_display_name":"","footnotes":""},"category":[7],"post_tag":[],"hoyre-visibility":[],"article-type":[],"politician":[],"class_list":["post-226","post","type-post","status-publish","format-standard","hentry","category-debatt"],"yoast_head":"<!-- This site is optimized with the Yoast SEO plugin v26.6 - https:\/\/yoast.com\/wordpress\/plugins\/seo\/ -->\n<title>Det norske elever trenger i dag, er fritt niv\u00e5valg - Arendal H\u00f8yre<\/title>\n<meta name=\"robots\" content=\"index, follow, max-snippet:-1, max-image-preview:large, max-video-preview:-1\" \/>\n<link rel=\"canonical\" href=\"https:\/\/hoyre.no\/arendal\/aktuelt\/det-norske-elever-trenger-i-dag-er-fritt-nivavalg\/\" \/>\n<meta property=\"og:locale\" content=\"nb_NO\" \/>\n<meta property=\"og:type\" content=\"article\" \/>\n<meta property=\"og:title\" content=\"Det norske elever trenger i dag, er fritt niv\u00e5valg - Arendal H\u00f8yre\" \/>\n<meta property=\"og:url\" content=\"https:\/\/hoyre.no\/arendal\/aktuelt\/det-norske-elever-trenger-i-dag-er-fritt-nivavalg\/\" \/>\n<meta property=\"og:site_name\" content=\"Arendal H\u00f8yre\" \/>\n<meta property=\"article:published_time\" content=\"2023-03-13T07:48:08+00:00\" \/>\n<meta property=\"article:modified_time\" content=\"2023-03-13T08:15:43+00:00\" \/>\n<meta property=\"og:image\" content=\"https:\/\/hoyre.no\/content\/uploads\/sites\/41\/2024\/08\/download-1.jpg\" \/>\n<meta name=\"author\" content=\"Cathrine Coucheron Berli\" \/>\n<meta name=\"twitter:card\" content=\"summary_large_image\" \/>\n<meta name=\"twitter:label1\" content=\"Skrevet av\" \/>\n\t<meta name=\"twitter:data1\" content=\"Cathrine Coucheron Berli\" \/>\n\t<meta name=\"twitter:label2\" content=\"Ansl. lesetid\" \/>\n\t<meta name=\"twitter:data2\" content=\"4 minutter\" \/>\n<script type=\"application\/ld+json\" class=\"yoast-schema-graph\">{\"@context\":\"https:\/\/schema.org\",\"@graph\":[{\"@type\":\"NewsArticle\",\"@id\":\"https:\/\/hoyre.no\/arendal\/aktuelt\/det-norske-elever-trenger-i-dag-er-fritt-nivavalg\/\",\"url\":\"https:\/\/hoyre.no\/arendal\/aktuelt\/det-norske-elever-trenger-i-dag-er-fritt-nivavalg\/\",\"name\":\"Det norske elever trenger i dag, er fritt niv\u00e5valg - Arendal H\u00f8yre\",\"isPartOf\":{\"@id\":\"https:\/\/hoyre.no\/arendal\/#website\"},\"datePublished\":\"2023-03-13T07:48:08+00:00\",\"dateModified\":\"2023-03-13T08:15:43+00:00\",\"author\":{\"@id\":\"https:\/\/hoyre.no\/arendal\/#\/schema\/person\/ac07cb46cf1a662fab0853a6b9c1cd87\"},\"breadcrumb\":{\"@id\":\"https:\/\/hoyre.no\/arendal\/aktuelt\/det-norske-elever-trenger-i-dag-er-fritt-nivavalg\/#breadcrumb\"},\"inLanguage\":\"nb-NO\",\"potentialAction\":[{\"@type\":\"ReadAction\",\"target\":[\"https:\/\/hoyre.no\/arendal\/aktuelt\/det-norske-elever-trenger-i-dag-er-fritt-nivavalg\/\"]}]},{\"@type\":\"BreadcrumbList\",\"@id\":\"https:\/\/hoyre.no\/arendal\/aktuelt\/det-norske-elever-trenger-i-dag-er-fritt-nivavalg\/#breadcrumb\",\"itemListElement\":[{\"@type\":\"ListItem\",\"position\":1,\"name\":\"Til hoyre.no\",\"item\":\"https:\/\/hoyre.no\"},{\"@type\":\"ListItem\",\"position\":2,\"name\":\"Hjem\",\"item\":\"https:\/\/hoyre.no\/arendal\/\"},{\"@type\":\"ListItem\",\"position\":3,\"name\":\"Det norske elever trenger i dag, er fritt niv\u00e5valg\"}]},{\"@type\":\"WebSite\",\"@id\":\"https:\/\/hoyre.no\/arendal\/#website\",\"url\":\"https:\/\/hoyre.no\/arendal\/\",\"name\":\"Arendal H\u00f8yre\",\"description\":\"Bare enda et H\u00f8yres nettsteder-nettsted\",\"inLanguage\":\"nb-NO\"},{\"@type\":\"Person\",\"@id\":\"https:\/\/hoyre.no\/arendal\/#\/schema\/person\/ac07cb46cf1a662fab0853a6b9c1cd87\",\"name\":\"Cathrine Coucheron Berli\",\"image\":{\"@type\":\"ImageObject\",\"inLanguage\":\"nb-NO\",\"@id\":\"https:\/\/hoyre.no\/arendal\/#\/schema\/person\/image\/\",\"url\":\"https:\/\/secure.gravatar.com\/avatar\/08e70978cc7c8f19bfdcaf005e0379d7aef8879456282010bc4d632692d294d7?s=96&d=mm&r=g\",\"contentUrl\":\"https:\/\/secure.gravatar.com\/avatar\/08e70978cc7c8f19bfdcaf005e0379d7aef8879456282010bc4d632692d294d7?s=96&d=mm&r=g\",\"caption\":\"Cathrine Coucheron Berli\"},\"url\":\"https:\/\/hoyre.no\/arendal\/aktuelt\/author\/m52168945\/\"}]}<\/script>\n<!-- \/ Yoast SEO plugin. -->","yoast_head_json":{"title":"Det norske elever trenger i dag, er fritt niv\u00e5valg - Arendal H\u00f8yre","robots":{"index":"index","follow":"follow","max-snippet":"max-snippet:-1","max-image-preview":"max-image-preview:large","max-video-preview":"max-video-preview:-1"},"canonical":"https:\/\/hoyre.no\/arendal\/aktuelt\/det-norske-elever-trenger-i-dag-er-fritt-nivavalg\/","og_locale":"nb_NO","og_type":"article","og_title":"Det norske elever trenger i dag, er fritt niv\u00e5valg - Arendal H\u00f8yre","og_url":"https:\/\/hoyre.no\/arendal\/aktuelt\/det-norske-elever-trenger-i-dag-er-fritt-nivavalg\/","og_site_name":"Arendal H\u00f8yre","article_published_time":"2023-03-13T07:48:08+00:00","article_modified_time":"2023-03-13T08:15:43+00:00","og_image":[{"url":"https:\/\/hoyre.no\/content\/uploads\/sites\/41\/2024\/08\/download-1.jpg","width":"","height":"","type":""}],"author":"Cathrine Coucheron Berli","twitter_card":"summary_large_image","twitter_misc":{"Skrevet av":"Cathrine Coucheron Berli","Ansl. lesetid":"4 minutter"},"schema":{"@context":"https:\/\/schema.org","@graph":[{"@type":"NewsArticle","@id":"https:\/\/hoyre.no\/arendal\/aktuelt\/det-norske-elever-trenger-i-dag-er-fritt-nivavalg\/","url":"https:\/\/hoyre.no\/arendal\/aktuelt\/det-norske-elever-trenger-i-dag-er-fritt-nivavalg\/","name":"Det norske elever trenger i dag, er fritt niv\u00e5valg - Arendal H\u00f8yre","isPartOf":{"@id":"https:\/\/hoyre.no\/arendal\/#website"},"datePublished":"2023-03-13T07:48:08+00:00","dateModified":"2023-03-13T08:15:43+00:00","author":{"@id":"https:\/\/hoyre.no\/arendal\/#\/schema\/person\/ac07cb46cf1a662fab0853a6b9c1cd87"},"breadcrumb":{"@id":"https:\/\/hoyre.no\/arendal\/aktuelt\/det-norske-elever-trenger-i-dag-er-fritt-nivavalg\/#breadcrumb"},"inLanguage":"nb-NO","potentialAction":[{"@type":"ReadAction","target":["https:\/\/hoyre.no\/arendal\/aktuelt\/det-norske-elever-trenger-i-dag-er-fritt-nivavalg\/"]}]},{"@type":"BreadcrumbList","@id":"https:\/\/hoyre.no\/arendal\/aktuelt\/det-norske-elever-trenger-i-dag-er-fritt-nivavalg\/#breadcrumb","itemListElement":[{"@type":"ListItem","position":1,"name":"Til hoyre.no","item":"https:\/\/hoyre.no"},{"@type":"ListItem","position":2,"name":"Hjem","item":"https:\/\/hoyre.no\/arendal\/"},{"@type":"ListItem","position":3,"name":"Det norske elever trenger i dag, er fritt niv\u00e5valg"}]},{"@type":"WebSite","@id":"https:\/\/hoyre.no\/arendal\/#website","url":"https:\/\/hoyre.no\/arendal\/","name":"Arendal H\u00f8yre","description":"Bare enda et H\u00f8yres nettsteder-nettsted","inLanguage":"nb-NO"},{"@type":"Person","@id":"https:\/\/hoyre.no\/arendal\/#\/schema\/person\/ac07cb46cf1a662fab0853a6b9c1cd87","name":"Cathrine Coucheron Berli","image":{"@type":"ImageObject","inLanguage":"nb-NO","@id":"https:\/\/hoyre.no\/arendal\/#\/schema\/person\/image\/","url":"https:\/\/secure.gravatar.com\/avatar\/08e70978cc7c8f19bfdcaf005e0379d7aef8879456282010bc4d632692d294d7?s=96&d=mm&r=g","contentUrl":"https:\/\/secure.gravatar.com\/avatar\/08e70978cc7c8f19bfdcaf005e0379d7aef8879456282010bc4d632692d294d7?s=96&d=mm&r=g","caption":"Cathrine Coucheron Berli"},"url":"https:\/\/hoyre.no\/arendal\/aktuelt\/author\/m52168945\/"}]}},"distributor_meta":false,"distributor_terms":false,"distributor_media":false,"distributor_original_site_name":"Arendal H\u00f8yre","distributor_original_site_url":"https:\/\/hoyre.no\/arendal","push-errors":false,"_links":{"self":[{"href":"https:\/\/hoyre.no\/arendal\/wp-json\/wp\/v2\/posts\/226","targetHints":{"allow":["GET"]}}],"collection":[{"href":"https:\/\/hoyre.no\/arendal\/wp-json\/wp\/v2\/posts"}],"about":[{"href":"https:\/\/hoyre.no\/arendal\/wp-json\/wp\/v2\/types\/post"}],"author":[{"embeddable":true,"href":"https:\/\/hoyre.no\/arendal\/wp-json\/wp\/v2\/users\/36946"}],"replies":[{"embeddable":true,"href":"https:\/\/hoyre.no\/arendal\/wp-json\/wp\/v2\/comments?post=226"}],"version-history":[{"count":3,"href":"https:\/\/hoyre.no\/arendal\/wp-json\/wp\/v2\/posts\/226\/revisions"}],"predecessor-version":[{"id":233,"href":"https:\/\/hoyre.no\/arendal\/wp-json\/wp\/v2\/posts\/226\/revisions\/233"}],"wp:attachment":[{"href":"https:\/\/hoyre.no\/arendal\/wp-json\/wp\/v2\/media?parent=226"}],"wp:term":[{"taxonomy":"category","embeddable":true,"href":"https:\/\/hoyre.no\/arendal\/wp-json\/wp\/v2\/category?post=226"},{"taxonomy":"post_tag","embeddable":true,"href":"https:\/\/hoyre.no\/arendal\/wp-json\/wp\/v2\/post_tag?post=226"},{"taxonomy":"hoyre-visibility","embeddable":true,"href":"https:\/\/hoyre.no\/arendal\/wp-json\/wp\/v2\/hoyre-visibility?post=226"},{"taxonomy":"article-type","embeddable":true,"href":"https:\/\/hoyre.no\/arendal\/wp-json\/wp\/v2\/article-type?post=226"},{"taxonomy":"politician","embeddable":true,"href":"https:\/\/hoyre.no\/arendal\/wp-json\/wp\/v2\/politician?post=226"}],"curies":[{"name":"wp","href":"https:\/\/api.w.org\/{rel}","templated":true}]}}