{"id":257,"date":"2023-03-24T10:00:00","date_gmt":"2023-03-24T09:00:00","guid":{"rendered":"https:\/\/hoyre.no\/arendal\/?p=257"},"modified":"2023-03-27T11:34:45","modified_gmt":"2023-03-27T09:34:45","slug":"hvordan-gar-det-med-fremdrift-og-finansiering-av-batteriveien","status":"publish","type":"post","link":"https:\/\/hoyre.no\/arendal\/aktuelt\/hvordan-gar-det-med-fremdrift-og-finansiering-av-batteriveien\/","title":{"rendered":"Hvordan g\u00e5r det med fremdrift og finansiering av \u00abbatteriveien\u00bb?"},"content":{"rendered":"\n<p class=\"preamble\">Interpellasjon til bystyret 30. mars 2023. Om fremdrift og finansiering av vei fra batterifabrikken til Neskilen bru.<\/p>\t\t\t<div class=\"post-meta wp-block teft-byline-wrapper\">\n\t\t\t\t<div class=\"top\">\n\t\t\t\t\t<div class=\"signature\">\n\t\t\t\t\t\t<div class=\"teft-byline\">\n\t\t\t\t\t\t\t\t\t\t\t\t\t\t<div>\n\t\t\t\t\t\t\t\t<h3>H\u00f8yres redaksjon<\/h3>\t\t\t\t\t\t\t\t\n\t\t\t\t\t\t\t\t\t\t\t\t\t\t\t\t\t<span class=\"date\">Sist oppdatert: 27. mars 2023<\/span>\n\t\t\t\t\t\t\t\t\t\t\t\t\t\t\t\t\t\t\t\t\t\t\t\t\t<span class=\"reading-time\" itemprop=\"timeRequired\" content=\"PT3M\"><em>Ca. 3 minutter lesetid<\/em><\/span>\n\t\t\t\t\t\t\t\t\t\t\t\t\t\t\t<\/div>\n\t\t\t\t\t\t<\/div>\n\t\t\t\t\t<\/div>\n\t\t\t\t\t\t<div class=\"sharing\">\n\t\t<a class=\"share-button share-link copy-link\" data-copy=\"https:\/\/hoyre.no\/arendal\/aktuelt\/hvordan-gar-det-med-fremdrift-og-finansiering-av-batteriveien\/\" target=\"_blank\"><span class=\"screen-reader-text\">Del link<\/span><\/a>\n\t\t<a class=\"share-button share-twitter\" href=\"http:\/\/twitter.com\/share?text=Hvordan g\u00e5r det med fremdrift og finansiering av \u00abbatteriveien\u00bb?&#038;url=https:\/\/hoyre.no\/arendal\/aktuelt\/hvordan-gar-det-med-fremdrift-og-finansiering-av-batteriveien\/&#038;hashtags=Hoyre\" target=\"_blank\"><span class=\"screen-reader-text\">Del p\u00e5 twitter<\/span><\/a>\n\t\t<a class=\"share-button share-facebook\" href=\"https:\/\/www.facebook.com\/sharer\/sharer.php?u=https:\/\/hoyre.no\/arendal\/aktuelt\/hvordan-gar-det-med-fremdrift-og-finansiering-av-batteriveien\/\" target=\"_blank\"><span class=\"screen-reader-text\">Del p\u00e5 facebook<\/span><\/a>\n\t<\/div>\n\t\t\t\t\t<\/div>\n\t\t\t<\/div>\n\n\t\t\t<figure class=\"hoyre-image-wrapper\"><div class=\"hoyre-image\"><img loading=\"lazy\" decoding=\"async\" width=\"1920\" height=\"1080\" src=\"https:\/\/hoyre.no\/content\/uploads\/sites\/41\/2023\/03\/34.png\" class=\"attachment-scaled size-scaled\" alt=\"\" style=\"object-position: 35% 48%\" srcset=\"https:\/\/hoyre.no\/content\/uploads\/sites\/41\/2023\/03\/34.png 1920w, https:\/\/hoyre.no\/content\/uploads\/sites\/41\/2023\/03\/34-300x169.png 300w, https:\/\/hoyre.no\/content\/uploads\/sites\/41\/2023\/03\/34-1024x576.png 1024w, https:\/\/hoyre.no\/content\/uploads\/sites\/41\/2023\/03\/34-768x432.png 768w, https:\/\/hoyre.no\/content\/uploads\/sites\/41\/2023\/03\/34-1536x864.png 1536w\" sizes=\"auto, (max-width: 1920px) 100vw, 1920px\" \/><\/div><\/figure>\n\n\n\n\n<p>I fjor startet byggingen av pilotfabrikken til Morrow Batteries. Den skal st\u00e5 ferdig innredet i slutten av dette \u00e5ret. Fullskala produksjon ved batterifabrikken er planlagt i 2025.<\/p>\n\n\n\n<p>N\u00e5 p\u00e5g\u00e5r arbeidet med \u00e5 bygge vei fra Arendal havn Eydehavn til Neskilen bru (fase 1 av veien). Hensikten er \u00e5 tilrettelegge for effektiv logistikktransport til og fra havnearealene, samt skjerme etablerte boligomr\u00e5der fra tungtrafikk.<\/p>\n\n\n\n<p>Denne veien er et spleiselag mellom Agder fylkeskommune og Arendal kommune (50\/50). Denne veien p\u00e5 ca. 1,6 km skal etter planen st\u00e5 ferdig sommeren 2024. Strekningen koster ca. 140 millioner. Det er avgj\u00f8rende at veien fra Neskilen bru til batterifabrikken\/E 18 (fase 2) kommer i 2025.<\/p>\n\n\n\n<p>Det foreg\u00e5r n\u00e5 en formell planprosess med h\u00f8ring av planforslag for strekningen Neskilen og til batterifabrikken og E18. Det planlegges regulering av veien sommeren 2023. Denne veien er ca. dr\u00f8ye 4 km og er estimert til \u00e5 koste dr\u00f8ye 400 millioner.<\/p>\n\n\n\n<p>3. mai 2022 lekket statsminister St\u00f8re at de i revidert nasjonalbudsjett ville bevilge 39 millioner til veiprosjektet. Agder fylkeskommune har s\u00e5 langt vedtatt \u00e5 bidra med 133 millioner. I sum er det da bevilget 172 millioner.&nbsp;<strong>Det betyr at det mangler vedtak p\u00e5 minimum ca. 230 millioner til batteriveien.&nbsp;<\/strong>Det forventes at veien st\u00e5r ferdig til oppstart fullskalaproduksjon i 2025.<\/p>\n\n\n\n<p>Arendal er pilotkommune innen batteriproduksjon i Norge. Batterifabrikken med alle underleverand\u00f8rer er sv\u00e6rt viktig i det gr\u00f8nne skriftet og vil bli et sv\u00e6rt viktig tidsskille for vekst og utvikling i Arendal og i hele regionen. Lovnadene fra Ap b\u00e5de lokalt og sentralt om st\u00f8tte til batteriveien var store i forkant av stortingsvalget i 2021. Ut ifra disse l\u00f8ftene var det helt klart en forventning til at Regjeringen ville st\u00f8tte utbyggingen av denne veien fullt ut sammen med Agder fylkeskommune.<\/p>\n\n\n\n<p>Det var derfor sv\u00e6rt skuffende \u00e5 lese i statsbudsjettet for 2023 at Regjeringen ikke f\u00f8lger opp tidligere lovnader og setter av mer og helt n\u00f8dvendig penger til veien fra batterifabrikken\/E18 og ned til Neskilen bru.&nbsp;<strong><em>Regjeringen har for 2023 alts\u00e5 ikke bevilget en krone til veiprosjektet.<\/em><\/strong><\/p>\n\n\n\n<p><strong>Sp\u00f8rsm\u00e5l til ordf\u00f8reren:<\/strong><\/p>\n\n\n\n<ol class=\"wp-block-list\"><li>Deler ordf\u00f8reren interpellantenes bekymring over regjeringens manglende oppf\u00f8lging i statsbudsjettet for 2023 hva gjelder finansiering av veien fra batterifabrikken \/E18 og til Neskilen bru?<\/li><li>Vil ordf\u00f8reren ta et n\u00f8dvendig initiativ overfor Regjeringen slik at batteriveien kan f\u00e5 viktige veimidler i forbindelse med revidert statsbudsjett sommeren 2023? og hvor mye vil penger vil ordf\u00f8reren ber om? Minner om at det mangler minst 230 millioner.<\/li><li>Hvis det ikke kommer midler fra regjeringen sommeren 2023 til batteriveien, hva er da alternativ finansieringsplan for ordf\u00f8reren?<\/li><li>Hvis det ikke kommer midler fra regjeringen sommeren 2023 til batteriveien, hva er da alternativ finansieringsplan for ordf\u00f8reren?<\/li><li>Hva tenker ordf\u00f8reren om videre fremdrift i prosjektet hvis regjeringen ikke bevilger midler i revidert statsbudsjett sommeren 2023?<\/li><li>Er det foretatt oppdatert kostnadskontroll for veiprosjektet jamf\u00f8r siste \u00e5rs kostnads\u00f8kninger for veiprosjekter?<\/li><\/ol>\n\n\n\n<p><\/p>\n\n\n\n<p><em>Geir Fredrik Sissener, Gruppeleder Arendal H\u00f8yre <\/em><br><em>Linda D. \u00d8ygarden, bystyremedlem Arendal H\u00f8yre<\/em><\/p>\n\n\n<div class=\"tags\">\n\t<\/div>\n<div class=\"post-footer alignfull has-background block-editor-block-list__block\" data-align=full>\n\t<div class=\"post-footer-inner\">\n\t\t<h3>Relaterte artikler<\/h3>\n\t\t<div class=\"related-content\"><div class=\"is-card-hoyre\">\n\t<div class=\"teft-card hoyre-teft-card post-teft-card\">\n\t\t<a href=\"https:\/\/hoyre.no\/arendal\/aktuelt\/alfabetisk-navneliste-over-hoyres-valgvillige-stortingsvalgkandidater-2025-2029-i-aust-agder-valgdistrikt\/\" class=\"teft-card__primary-action\">\n\n\t\t\t\t\t<div class=\"teft-card__media teft-card__media--16-9\">\n\t\t\t\t\t\t<img loading=\"lazy\" decoding=\"async\" width=\"768\" height=\"768\" src=\"https:\/\/hoyre.no\/content\/uploads\/sites\/41\/2022\/11\/2020_RGB_hoyre_logo_profilbilde_011-768x768.png\" class=\"attachment-medium_large size-medium_large\" alt=\"\" srcset=\"https:\/\/hoyre.no\/content\/uploads\/sites\/41\/2022\/11\/2020_RGB_hoyre_logo_profilbilde_011-768x768.png 768w, https:\/\/hoyre.no\/content\/uploads\/sites\/41\/2022\/11\/2020_RGB_hoyre_logo_profilbilde_011-300x300.png 300w, https:\/\/hoyre.no\/content\/uploads\/sites\/41\/2022\/11\/2020_RGB_hoyre_logo_profilbilde_011-150x150.png 150w, https:\/\/hoyre.no\/content\/uploads\/sites\/41\/2022\/11\/2020_RGB_hoyre_logo_profilbilde_011.png 1000w\" sizes=\"auto, (max-width: 768px) 100vw, 768px\" \/>\t\t<\/div>\n\t\t\n\t\t\t<div class=\"teft-card__content-wrapper\">\n\t\t\t\t<div class=\"teft-card__secondary\">\n\t\t\t\t\t\n\t\t\t\t\t\t\t\t<div class=\"teft-card__meta\">\n\t\t\t\t\t\t\t\t\t<span class=\"post-date\">28. aug 2024<\/span>\n\n\t\t\t\t\t\t\t\t\t<span class=\"post-category\">Nominasjon<\/span>\t\t\t\t\t\t\t\t<\/div>\n\t\t\t\t\t\t\t\t\t\t\t<\/div>\n\n\t\t\t\t<div class=\"teft-card__primary\">\n\t\t\t\t\t<h2 class=\"teft-card__title\">Alfabetisk navneliste over H\u00f8yres valgvillige stortingsvalgkandidater 2025 \u2013 2029 i Aust-Agder valgdistrikt&nbsp;<span class=\"teft-card__primary-title-append\"><\/span><\/h2>\t\t\t\t<\/div>\n\t\t\t<\/div>\n\t\t<\/a>\n\t<\/div>\n\n\t<\/div><div class=\"is-card-hoyre\">\n\t<div class=\"teft-card hoyre-teft-card post-teft-card\">\n\t\t<a href=\"https:\/\/hoyre.no\/arendal\/aktuelt\/provenominasjon-for-stortingsvalget-2025\/\" class=\"teft-card__primary-action\">\n\n\t\t\t\t\t<div class=\"teft-card__media teft-card__media--16-9\">\n\t\t\t\t\t\t<img loading=\"lazy\" decoding=\"async\" width=\"768\" height=\"320\" src=\"https:\/\/hoyre.no\/content\/uploads\/sites\/41\/2024\/08\/stortingsbygningeneidsvolls-768x320.jpg\" class=\"attachment-medium_large size-medium_large\" alt=\"Stortinget\" srcset=\"https:\/\/hoyre.no\/content\/uploads\/sites\/41\/2024\/08\/stortingsbygningeneidsvolls-768x320.jpg 768w, https:\/\/hoyre.no\/content\/uploads\/sites\/41\/2024\/08\/stortingsbygningeneidsvolls-300x125.jpg 300w, https:\/\/hoyre.no\/content\/uploads\/sites\/41\/2024\/08\/stortingsbygningeneidsvolls.jpg 840w\" sizes=\"auto, (max-width: 768px) 100vw, 768px\" \/>\t\t<\/div>\n\t\t\n\t\t\t<div class=\"teft-card__content-wrapper\">\n\t\t\t\t<div class=\"teft-card__secondary\">\n\t\t\t\t\t\n\t\t\t\t\t\t\t\t<div class=\"teft-card__meta\">\n\t\t\t\t\t\t\t\t\t<span class=\"post-date\">22. aug 2024<\/span>\n\n\t\t\t\t\t\t\t\t\t<span class=\"post-category\">Nominasjon<\/span>\t\t\t\t\t\t\t\t<\/div>\n\t\t\t\t\t\t\t\t\t\t\t<\/div>\n\n\t\t\t\t<div class=\"teft-card__primary\">\n\t\t\t\t\t<h2 class=\"teft-card__title\">Pr\u00f8venominasjon for Stortingsvalget 2025&nbsp;<span class=\"teft-card__primary-title-append\"><\/span><\/h2>\t\t\t\t<\/div>\n\t\t\t<\/div>\n\t\t<\/a>\n\t<\/div>\n\n\t<\/div><div class=\"is-card-hoyre\">\n\t<div class=\"teft-card hoyre-teft-card post-teft-card\">\n\t\t<a href=\"https:\/\/hoyre.no\/arendal\/aktuelt\/arendalsuka-mer-enn-bare-enn-fest-for-fiffen\/\" class=\"teft-card__primary-action\">\n\n\t\t\t\t\t<div class=\"teft-card__media teft-card__media--16-9\">\n\t\t\t\t\t\t<img loading=\"lazy\" decoding=\"async\" width=\"720\" height=\"540\" src=\"https:\/\/hoyre.no\/content\/uploads\/sites\/41\/2024\/08\/download-1.jpg\" class=\"attachment-medium_large size-medium_large\" alt=\"\" srcset=\"https:\/\/hoyre.no\/content\/uploads\/sites\/41\/2024\/08\/download-1.jpg 720w, https:\/\/hoyre.no\/content\/uploads\/sites\/41\/2024\/08\/download-1-300x225.jpg 300w\" sizes=\"auto, (max-width: 720px) 100vw, 720px\" \/>\t\t<\/div>\n\t\t\n\t\t\t<div class=\"teft-card__content-wrapper\">\n\t\t\t\t<div class=\"teft-card__secondary\">\n\t\t\t\t\t\n\t\t\t\t\t\t\t\t<div class=\"teft-card__meta\">\n\t\t\t\t\t\t\t\t\t<span class=\"post-date\">21. aug 2024<\/span>\n\n\t\t\t\t\t\t\t\t\t<span class=\"post-category\">Debatt<\/span>\t\t\t\t\t\t\t\t<\/div>\n\t\t\t\t\t\t\t\t\t\t\t<\/div>\n\n\t\t\t\t<div class=\"teft-card__primary\">\n\t\t\t\t\t<h2 class=\"teft-card__title\">Arendalsuka: Mer enn bare enn fest for \u201cfiffen\u201d&nbsp;<span class=\"teft-card__primary-title-append\"><\/span><\/h2>\t\t\t\t<\/div>\n\t\t\t<\/div>\n\t\t<\/a>\n\t<\/div>\n\n\t<\/div><\/div>\t<\/div>\n<\/div>\n","protected":false},"excerpt":{"rendered":"","protected":false},"author":36946,"featured_media":0,"comment_status":"closed","ping_status":"closed","sticky":false,"template":"","format":"standard","meta":{"teft_cards_image_url":"","teft_cards_custom_pretitle":"","teft_cards_image_id":269,"teft_cards_image_focal_point_x":0.5,"teft_cards_image_focal_point_y":0.5,"teft_cards_title":"","teft_cards_excerpt":"Interpellasjon til bystyret 30. mars 2023. Om fremdrift og finansiering av vei fra batterifabrikken til Neskilen bru.","teft_show_chapters":false,"author_display_name":"","footnotes":""},"category":[7],"post_tag":[],"hoyre-visibility":[],"article-type":[],"politician":[],"class_list":["post-257","post","type-post","status-publish","format-standard","hentry","category-debatt"],"yoast_head":"<!-- This site is optimized with the Yoast SEO plugin v26.6 - https:\/\/yoast.com\/wordpress\/plugins\/seo\/ -->\n<title>Hvordan g\u00e5r det med fremdrift og finansiering av \u00abbatteriveien\u00bb? - Arendal H\u00f8yre<\/title>\n<meta name=\"robots\" content=\"index, follow, max-snippet:-1, max-image-preview:large, max-video-preview:-1\" \/>\n<link rel=\"canonical\" href=\"https:\/\/hoyre.no\/arendal\/aktuelt\/hvordan-gar-det-med-fremdrift-og-finansiering-av-batteriveien\/\" \/>\n<meta property=\"og:locale\" content=\"nb_NO\" \/>\n<meta property=\"og:type\" content=\"article\" \/>\n<meta property=\"og:title\" content=\"Hvordan g\u00e5r det med fremdrift og finansiering av \u00abbatteriveien\u00bb? - Arendal H\u00f8yre\" \/>\n<meta property=\"og:url\" content=\"https:\/\/hoyre.no\/arendal\/aktuelt\/hvordan-gar-det-med-fremdrift-og-finansiering-av-batteriveien\/\" \/>\n<meta property=\"og:site_name\" content=\"Arendal H\u00f8yre\" \/>\n<meta property=\"article:published_time\" content=\"2023-03-24T09:00:00+00:00\" \/>\n<meta property=\"article:modified_time\" content=\"2023-03-27T09:34:45+00:00\" \/>\n<meta property=\"og:image\" content=\"https:\/\/hoyre.no\/content\/uploads\/sites\/41\/2024\/08\/download-1.jpg\" \/>\n<meta name=\"author\" content=\"Cathrine Coucheron Berli\" \/>\n<meta name=\"twitter:card\" content=\"summary_large_image\" \/>\n<meta name=\"twitter:label1\" content=\"Skrevet av\" \/>\n\t<meta name=\"twitter:data1\" content=\"Cathrine Coucheron Berli\" \/>\n\t<meta name=\"twitter:label2\" content=\"Ansl. lesetid\" \/>\n\t<meta name=\"twitter:data2\" content=\"3 minutter\" \/>\n<script type=\"application\/ld+json\" class=\"yoast-schema-graph\">{\"@context\":\"https:\/\/schema.org\",\"@graph\":[{\"@type\":\"NewsArticle\",\"@id\":\"https:\/\/hoyre.no\/arendal\/aktuelt\/hvordan-gar-det-med-fremdrift-og-finansiering-av-batteriveien\/\",\"url\":\"https:\/\/hoyre.no\/arendal\/aktuelt\/hvordan-gar-det-med-fremdrift-og-finansiering-av-batteriveien\/\",\"name\":\"Hvordan g\u00e5r det med fremdrift og finansiering av \u00abbatteriveien\u00bb? - Arendal H\u00f8yre\",\"isPartOf\":{\"@id\":\"https:\/\/hoyre.no\/arendal\/#website\"},\"datePublished\":\"2023-03-24T09:00:00+00:00\",\"dateModified\":\"2023-03-27T09:34:45+00:00\",\"author\":{\"@id\":\"https:\/\/hoyre.no\/arendal\/#\/schema\/person\/ac07cb46cf1a662fab0853a6b9c1cd87\"},\"breadcrumb\":{\"@id\":\"https:\/\/hoyre.no\/arendal\/aktuelt\/hvordan-gar-det-med-fremdrift-og-finansiering-av-batteriveien\/#breadcrumb\"},\"inLanguage\":\"nb-NO\",\"potentialAction\":[{\"@type\":\"ReadAction\",\"target\":[\"https:\/\/hoyre.no\/arendal\/aktuelt\/hvordan-gar-det-med-fremdrift-og-finansiering-av-batteriveien\/\"]}]},{\"@type\":\"BreadcrumbList\",\"@id\":\"https:\/\/hoyre.no\/arendal\/aktuelt\/hvordan-gar-det-med-fremdrift-og-finansiering-av-batteriveien\/#breadcrumb\",\"itemListElement\":[{\"@type\":\"ListItem\",\"position\":1,\"name\":\"Til hoyre.no\",\"item\":\"https:\/\/hoyre.no\"},{\"@type\":\"ListItem\",\"position\":2,\"name\":\"Hjem\",\"item\":\"https:\/\/hoyre.no\/arendal\/\"},{\"@type\":\"ListItem\",\"position\":3,\"name\":\"Hvordan g\u00e5r det med fremdrift og finansiering av \u00abbatteriveien\u00bb?\"}]},{\"@type\":\"WebSite\",\"@id\":\"https:\/\/hoyre.no\/arendal\/#website\",\"url\":\"https:\/\/hoyre.no\/arendal\/\",\"name\":\"Arendal H\u00f8yre\",\"description\":\"Bare enda et H\u00f8yres nettsteder-nettsted\",\"inLanguage\":\"nb-NO\"},{\"@type\":\"Person\",\"@id\":\"https:\/\/hoyre.no\/arendal\/#\/schema\/person\/ac07cb46cf1a662fab0853a6b9c1cd87\",\"name\":\"Cathrine Coucheron Berli\",\"image\":{\"@type\":\"ImageObject\",\"inLanguage\":\"nb-NO\",\"@id\":\"https:\/\/hoyre.no\/arendal\/#\/schema\/person\/image\/\",\"url\":\"https:\/\/secure.gravatar.com\/avatar\/08e70978cc7c8f19bfdcaf005e0379d7aef8879456282010bc4d632692d294d7?s=96&d=mm&r=g\",\"contentUrl\":\"https:\/\/secure.gravatar.com\/avatar\/08e70978cc7c8f19bfdcaf005e0379d7aef8879456282010bc4d632692d294d7?s=96&d=mm&r=g\",\"caption\":\"Cathrine Coucheron Berli\"},\"url\":\"https:\/\/hoyre.no\/arendal\/aktuelt\/author\/m52168945\/\"}]}<\/script>\n<!-- \/ Yoast SEO plugin. -->","yoast_head_json":{"title":"Hvordan g\u00e5r det med fremdrift og finansiering av \u00abbatteriveien\u00bb? - Arendal H\u00f8yre","robots":{"index":"index","follow":"follow","max-snippet":"max-snippet:-1","max-image-preview":"max-image-preview:large","max-video-preview":"max-video-preview:-1"},"canonical":"https:\/\/hoyre.no\/arendal\/aktuelt\/hvordan-gar-det-med-fremdrift-og-finansiering-av-batteriveien\/","og_locale":"nb_NO","og_type":"article","og_title":"Hvordan g\u00e5r det med fremdrift og finansiering av \u00abbatteriveien\u00bb? - Arendal H\u00f8yre","og_url":"https:\/\/hoyre.no\/arendal\/aktuelt\/hvordan-gar-det-med-fremdrift-og-finansiering-av-batteriveien\/","og_site_name":"Arendal H\u00f8yre","article_published_time":"2023-03-24T09:00:00+00:00","article_modified_time":"2023-03-27T09:34:45+00:00","og_image":[{"url":"https:\/\/hoyre.no\/content\/uploads\/sites\/41\/2024\/08\/download-1.jpg","width":"","height":"","type":""}],"author":"Cathrine Coucheron Berli","twitter_card":"summary_large_image","twitter_misc":{"Skrevet av":"Cathrine Coucheron Berli","Ansl. lesetid":"3 minutter"},"schema":{"@context":"https:\/\/schema.org","@graph":[{"@type":"NewsArticle","@id":"https:\/\/hoyre.no\/arendal\/aktuelt\/hvordan-gar-det-med-fremdrift-og-finansiering-av-batteriveien\/","url":"https:\/\/hoyre.no\/arendal\/aktuelt\/hvordan-gar-det-med-fremdrift-og-finansiering-av-batteriveien\/","name":"Hvordan g\u00e5r det med fremdrift og finansiering av \u00abbatteriveien\u00bb? - Arendal H\u00f8yre","isPartOf":{"@id":"https:\/\/hoyre.no\/arendal\/#website"},"datePublished":"2023-03-24T09:00:00+00:00","dateModified":"2023-03-27T09:34:45+00:00","author":{"@id":"https:\/\/hoyre.no\/arendal\/#\/schema\/person\/ac07cb46cf1a662fab0853a6b9c1cd87"},"breadcrumb":{"@id":"https:\/\/hoyre.no\/arendal\/aktuelt\/hvordan-gar-det-med-fremdrift-og-finansiering-av-batteriveien\/#breadcrumb"},"inLanguage":"nb-NO","potentialAction":[{"@type":"ReadAction","target":["https:\/\/hoyre.no\/arendal\/aktuelt\/hvordan-gar-det-med-fremdrift-og-finansiering-av-batteriveien\/"]}]},{"@type":"BreadcrumbList","@id":"https:\/\/hoyre.no\/arendal\/aktuelt\/hvordan-gar-det-med-fremdrift-og-finansiering-av-batteriveien\/#breadcrumb","itemListElement":[{"@type":"ListItem","position":1,"name":"Til hoyre.no","item":"https:\/\/hoyre.no"},{"@type":"ListItem","position":2,"name":"Hjem","item":"https:\/\/hoyre.no\/arendal\/"},{"@type":"ListItem","position":3,"name":"Hvordan g\u00e5r det med fremdrift og finansiering av \u00abbatteriveien\u00bb?"}]},{"@type":"WebSite","@id":"https:\/\/hoyre.no\/arendal\/#website","url":"https:\/\/hoyre.no\/arendal\/","name":"Arendal H\u00f8yre","description":"Bare enda et H\u00f8yres nettsteder-nettsted","inLanguage":"nb-NO"},{"@type":"Person","@id":"https:\/\/hoyre.no\/arendal\/#\/schema\/person\/ac07cb46cf1a662fab0853a6b9c1cd87","name":"Cathrine Coucheron Berli","image":{"@type":"ImageObject","inLanguage":"nb-NO","@id":"https:\/\/hoyre.no\/arendal\/#\/schema\/person\/image\/","url":"https:\/\/secure.gravatar.com\/avatar\/08e70978cc7c8f19bfdcaf005e0379d7aef8879456282010bc4d632692d294d7?s=96&d=mm&r=g","contentUrl":"https:\/\/secure.gravatar.com\/avatar\/08e70978cc7c8f19bfdcaf005e0379d7aef8879456282010bc4d632692d294d7?s=96&d=mm&r=g","caption":"Cathrine Coucheron Berli"},"url":"https:\/\/hoyre.no\/arendal\/aktuelt\/author\/m52168945\/"}]}},"distributor_meta":false,"distributor_terms":false,"distributor_media":false,"distributor_original_site_name":"Arendal H\u00f8yre","distributor_original_site_url":"https:\/\/hoyre.no\/arendal","push-errors":false,"_links":{"self":[{"href":"https:\/\/hoyre.no\/arendal\/wp-json\/wp\/v2\/posts\/257","targetHints":{"allow":["GET"]}}],"collection":[{"href":"https:\/\/hoyre.no\/arendal\/wp-json\/wp\/v2\/posts"}],"about":[{"href":"https:\/\/hoyre.no\/arendal\/wp-json\/wp\/v2\/types\/post"}],"author":[{"embeddable":true,"href":"https:\/\/hoyre.no\/arendal\/wp-json\/wp\/v2\/users\/36946"}],"replies":[{"embeddable":true,"href":"https:\/\/hoyre.no\/arendal\/wp-json\/wp\/v2\/comments?post=257"}],"version-history":[{"count":4,"href":"https:\/\/hoyre.no\/arendal\/wp-json\/wp\/v2\/posts\/257\/revisions"}],"predecessor-version":[{"id":270,"href":"https:\/\/hoyre.no\/arendal\/wp-json\/wp\/v2\/posts\/257\/revisions\/270"}],"wp:attachment":[{"href":"https:\/\/hoyre.no\/arendal\/wp-json\/wp\/v2\/media?parent=257"}],"wp:term":[{"taxonomy":"category","embeddable":true,"href":"https:\/\/hoyre.no\/arendal\/wp-json\/wp\/v2\/category?post=257"},{"taxonomy":"post_tag","embeddable":true,"href":"https:\/\/hoyre.no\/arendal\/wp-json\/wp\/v2\/post_tag?post=257"},{"taxonomy":"hoyre-visibility","embeddable":true,"href":"https:\/\/hoyre.no\/arendal\/wp-json\/wp\/v2\/hoyre-visibility?post=257"},{"taxonomy":"article-type","embeddable":true,"href":"https:\/\/hoyre.no\/arendal\/wp-json\/wp\/v2\/article-type?post=257"},{"taxonomy":"politician","embeddable":true,"href":"https:\/\/hoyre.no\/arendal\/wp-json\/wp\/v2\/politician?post=257"}],"curies":[{"name":"wp","href":"https:\/\/api.w.org\/{rel}","templated":true}]}}