{"id":327,"date":"2023-04-20T13:01:00","date_gmt":"2023-04-20T11:01:00","guid":{"rendered":"https:\/\/hoyre.no\/arendal\/?p=327"},"modified":"2023-04-24T13:02:16","modified_gmt":"2023-04-24T11:02:16","slug":"for-a-fa-barn-og-unge-til-a-lese-mer-ma-vi-forst-og-fremst-gi-skolene-mulighet-til-a-oppfylle-sitt-samfunnsmandat","status":"publish","type":"post","link":"https:\/\/hoyre.no\/arendal\/aktuelt\/for-a-fa-barn-og-unge-til-a-lese-mer-ma-vi-forst-og-fremst-gi-skolene-mulighet-til-a-oppfylle-sitt-samfunnsmandat\/","title":{"rendered":"For \u00e5 f\u00e5 barn og unge til \u00e5 lese mer, m\u00e5 vi f\u00f8rst og fremst gi skolene mulighet til \u00e5 oppfylle sitt samfunnsmandat"},"content":{"rendered":"\n<p class=\"preamble\">Kunnskaps- og kulturministeren ber fagfolk om forslag til tiltak som er egnet til \u00e5 f\u00e5 barn og unge til \u00e5 lese mer. For at barn og unge skal kunne lese mer, m\u00e5 de f\u00f8rst og fremst kunne lese.<\/p>\t\t\t<div class=\"post-meta wp-block teft-byline-wrapper\">\n\t\t\t\t<div class=\"top\">\n\t\t\t\t\t<div class=\"signature\">\n\t\t\t\t\t\t<div class=\"teft-byline\">\n\t\t\t\t\t\t\t\t\t\t\t\t\t\t<div>\n\t\t\t\t\t\t\t\t<h3>H\u00f8yres redaksjon<\/h3>\t\t\t\t\t\t\t\t\n\t\t\t\t\t\t\t\t\t\t\t\t\t\t\t\t\t<span class=\"date\">Sist oppdatert: 24. april 2023<\/span>\n\t\t\t\t\t\t\t\t\t\t\t\t\t\t\t\t\t\t\t\t\t\t\t\t\t<span class=\"reading-time\" itemprop=\"timeRequired\" content=\"PT4M\"><em>Ca. 4 minutter lesetid<\/em><\/span>\n\t\t\t\t\t\t\t\t\t\t\t\t\t\t\t<\/div>\n\t\t\t\t\t\t<\/div>\n\t\t\t\t\t<\/div>\n\t\t\t\t\t\t<div class=\"sharing\">\n\t\t<a class=\"share-button share-link copy-link\" data-copy=\"https:\/\/hoyre.no\/arendal\/aktuelt\/for-a-fa-barn-og-unge-til-a-lese-mer-ma-vi-forst-og-fremst-gi-skolene-mulighet-til-a-oppfylle-sitt-samfunnsmandat\/\" target=\"_blank\"><span class=\"screen-reader-text\">Del link<\/span><\/a>\n\t\t<a class=\"share-button share-twitter\" href=\"http:\/\/twitter.com\/share?text=For \u00e5 f\u00e5 barn og unge til \u00e5 lese mer, m\u00e5 vi f\u00f8rst og fremst gi skolene mulighet til \u00e5 oppfylle sitt samfunnsmandat&#038;url=https:\/\/hoyre.no\/arendal\/aktuelt\/for-a-fa-barn-og-unge-til-a-lese-mer-ma-vi-forst-og-fremst-gi-skolene-mulighet-til-a-oppfylle-sitt-samfunnsmandat\/&#038;hashtags=Hoyre\" target=\"_blank\"><span class=\"screen-reader-text\">Del p\u00e5 twitter<\/span><\/a>\n\t\t<a class=\"share-button share-facebook\" href=\"https:\/\/www.facebook.com\/sharer\/sharer.php?u=https:\/\/hoyre.no\/arendal\/aktuelt\/for-a-fa-barn-og-unge-til-a-lese-mer-ma-vi-forst-og-fremst-gi-skolene-mulighet-til-a-oppfylle-sitt-samfunnsmandat\/\" target=\"_blank\"><span class=\"screen-reader-text\">Del p\u00e5 facebook<\/span><\/a>\n\t<\/div>\n\t\t\t\t\t<\/div>\n\t\t\t<\/div>\n\n\t\t\t<figure class=\"hoyre-image-wrapper\"><div class=\"hoyre-image\"><img loading=\"lazy\" decoding=\"async\" width=\"2500\" height=\"1667\" src=\"https:\/\/hoyre.no\/content\/uploads\/sites\/41\/2023\/01\/w5OHPr4c-scaled.jpeg\" class=\"attachment-scaled size-scaled\" alt=\"\" style=\"object-position: 50% 50%\" srcset=\"https:\/\/hoyre.no\/content\/uploads\/sites\/41\/2023\/01\/w5OHPr4c-scaled.jpeg 2500w, https:\/\/hoyre.no\/content\/uploads\/sites\/41\/2023\/01\/w5OHPr4c-300x200.jpeg 300w, https:\/\/hoyre.no\/content\/uploads\/sites\/41\/2023\/01\/w5OHPr4c-1024x683.jpeg 1024w, https:\/\/hoyre.no\/content\/uploads\/sites\/41\/2023\/01\/w5OHPr4c-768x512.jpeg 768w, https:\/\/hoyre.no\/content\/uploads\/sites\/41\/2023\/01\/w5OHPr4c-1536x1024.jpeg 1536w, https:\/\/hoyre.no\/content\/uploads\/sites\/41\/2023\/01\/w5OHPr4c-2048x1365.jpeg 2048w\" sizes=\"auto, (max-width: 2500px) 100vw, 2500px\" \/><\/div><\/figure>\n\n\n\n\n<p>Det er ikke nytt at 1 av 4 sliter med lesing i 8. klasse, altfor mange elever g\u00e5r ut av grunnskolen uten \u00e5 kunne lese, skrive og regne godt nok. Det er for mange som har g\u00e5tt igjennom 10 \u00e5r uten at mangelfull lesekompetanse har blitt skikkelig fanget opp og tatt tak i. Det kan medf\u00f8rer manglende mestring i andre fag og p\u00e5 flere omr\u00e5der, og for noen en s\u00e6rdeles vanskelig skoletid.<\/p>\n\n\n\n<p>M\u00e5let med tiltakene er \u00e5 vekke leselyst og bygge god lesekultur slik at flere leser mer. Bakgrunnen er resultater fra PISA-unders\u00f8kelsene som viser tydelig tilbakegang i leseferdigheter hos elevene. Omtrent \u00e9n av fem elever er under kritisk grense for hva som er n\u00f8dvendig leseferdighet for videre skolegang og arbeidsliv.<\/p>\n\n\n\n<p>Vi er enig med regjeringen i at leselyst og mer lesing vil kunne f\u00f8re til at flere blir bedre lesere. Samtidig h\u00e5per vi at det ikke bare blir slik at de som mestrer \u00e5 lese, blir bedre mens de som mangler den grunnleggende kompetansen fremdeles blir hengende etter.<\/p>\n\n\n\n<p>Arendal H\u00f8yre har som m\u00e5l at ingen skal henge etter n\u00e5r det gjelder lesing, skriving og regning. H\u00f8yre fikk innf\u00f8rt en plikt for skolene til \u00e5 gi ekstra oppf\u00f8lgning og intensiv oppl\u00e6ring for elever som blir hengende etter i lesing, skriving og regning p\u00e5 1.- 4. klassetrinn.<\/p>\n\n\n\n<p>\u00c5 kunne lese er en grunnleggende ferdighet som elever skal l\u00e6re p\u00e5 skolen. Det handler om langt mer enn \u00e5 sette sammen bokstaver til ord. Utvikling av funksjonell leseferdighet er et samspill mellom forst\u00e5elsesprosesser og avkodingsprosesser i tiln\u00e6rmingen til tekst. God begynneroppl\u00e6ring er en grunnleggende kritisk faktor, og lesetrening i de ulike fagene er ogs\u00e5 viktig for leseutviklingen. Derfor m\u00e5 fagl\u00e6rerne bli enda mer involvert i leseutviklingen til elevene, ikke bare norskl\u00e6reren.<\/p>\n\n\n\n<p>Det blir viktig \u00e5 f\u00f8lge opp og fortsette \u00e5 implementere handlingsplanen for dysleksivennlige skoler, slik at disse elevene f\u00e5r den hjelpen og st\u00f8tten vi vet de trenger p\u00e5 et tidlig tidspunkt.<\/p>\n\n\n\n<p>Arendal H\u00f8yre legger i sitt nye valgprogram til grunn at Arendals-skolen skal gi muligheter for alle. Det overordnede m\u00e5let er at barn og unge lever gode liv, har et trygt og godt skolemilj\u00f8 og at grunnskolen legger grunnlaget for at elevene best\u00e5r videreg\u00e5ende utdanning og etter hvert blir gode deltakere i arbeids- og samfunnsliv. For \u00e5 f\u00e5 til det mener vi at skolene m\u00e5 ha tydelig fokus p\u00e5 grunnleggende ferdigheter og dybdel\u00e6ring i fagene.<\/p>\n\n\n\n<p>Det er viktig at l\u00e6rere som underviser elevene i bl.a. norsk, har fordypning i faget og s\u00e6rlig kompetanse i begynneroppl\u00e6ringen. For \u00e5 styrke den tidlige innsatsen ytterligere, vil vi at det skal v\u00e6re to pedagoger i klasserommet n\u00e5r det er mer enn 13 elever. Som et resultat av tettere oppf\u00f8lgning av flere elever, mener vi det kan legges til grunn at f\u00e6rre elever vil ha behov for spesialundervisning. Det vil alltid v\u00e6re elever som har behov for spesialpedagogisk undervisning, de skal selvsagt f\u00e5 det, og da av pedagogene med rett kompetanse.<\/p>\n\n\n\n<p>Vi ser behovet for \u00e5 styrke skolens midler til \u00e5 f\u00e5 en god kombinasjon av lese- og skriveb\u00f8ker og digitale l\u00e6remidler i undervisning.<\/p>\n\n\n\n<p>Den teknologiske utviklingen har f\u00f8rt til at unge i dag bruker mer tid p\u00e5 sosiale medier og mindre tid p\u00e5 b\u00f8ker og trykte medier. Vi \u00f8nsker at 1.-klassingene skal ha en tiln\u00e6rmet skjermfri skolehverdag, og ha bok i sekken. Vi m\u00e5 sammen med foresatte holde betydningen av \u00e5 lese b\u00f8ker for barna n\u00e5r de er sm\u00e5, oppe. Her er prosjekter i barnehagene allerede i gang. Samtidig blir debatten om mobilfri grunnskole for \u00e5 begrense antall timer p\u00e5 mobil og sosiale medier for elevene viktig \u00e5 ta. Vi tror at det er noe av utfordringene til at barn og unge ikke f\u00e5r den lesetreningen de trenger for \u00e5 bli gode lesere.<\/p>\n\n\n\n<p>Vi vet at vi har mange dyktige og dedikerte l\u00e6rere i v\u00e5re skoler, l\u00e6rere som finner b\u00f8ker med innhold som engasjerer den enkelte og klarer \u00e5 motivere elever p\u00e5 ulike m\u00e5ter til \u00e5 lese mer.<\/p>\n\n\n\n<p>Tiltaket for \u00e5 f\u00e5 barn og unge til \u00e5 lese mer, m\u00e5 derfor f\u00f8rst og fremst v\u00e6re \u00e5 gi rammer til at skolene kan oppfylle sitt samfunnsmandat og har profesjonelle skoleeiere som har fokus p\u00e5 kvalitetsutvikling i skolen.<\/p>\n\n\n\n<p><\/p>\n\n\n\n<p><strong>Arendal H\u00f8yre<\/strong><\/p>\n\n\n\n<p>Linda \u00d8ygarden, ordf\u00f8rerkandidat<br>Nina Roland, Solfrid Helle, Maiken Messel &#8211; listekandidater<\/p>\n\n\n<div class=\"tags\">\n\t\t<div class=\"wp-block-tag-cloud\">\n\t\t\t\t\t<a href=\"https:\/\/hoyre.no\/arendal\/aktuelt\/tag\/ordforerkandidat\/\" class=\"tag-cloud-link\">Ordf\u00f8rerkandidat<\/a>\n\t\t\t<\/div>\n\t<\/div>\n<div class=\"post-footer alignfull has-background block-editor-block-list__block\" data-align=full>\n\t<div class=\"post-footer-inner\">\n\t\t<h3>Relaterte artikler<\/h3>\n\t\t<div class=\"related-content\"><div class=\"is-card-hoyre\">\n\t<div class=\"teft-card hoyre-teft-card post-teft-card\">\n\t\t<a href=\"https:\/\/hoyre.no\/arendal\/aktuelt\/alfabetisk-navneliste-over-hoyres-valgvillige-stortingsvalgkandidater-2025-2029-i-aust-agder-valgdistrikt\/\" class=\"teft-card__primary-action\">\n\n\t\t\t\t\t<div class=\"teft-card__media teft-card__media--16-9\">\n\t\t\t\t\t\t<img loading=\"lazy\" decoding=\"async\" width=\"768\" height=\"768\" src=\"https:\/\/hoyre.no\/content\/uploads\/sites\/41\/2022\/11\/2020_RGB_hoyre_logo_profilbilde_011-768x768.png\" class=\"attachment-medium_large size-medium_large\" alt=\"\" srcset=\"https:\/\/hoyre.no\/content\/uploads\/sites\/41\/2022\/11\/2020_RGB_hoyre_logo_profilbilde_011-768x768.png 768w, https:\/\/hoyre.no\/content\/uploads\/sites\/41\/2022\/11\/2020_RGB_hoyre_logo_profilbilde_011-300x300.png 300w, https:\/\/hoyre.no\/content\/uploads\/sites\/41\/2022\/11\/2020_RGB_hoyre_logo_profilbilde_011-150x150.png 150w, https:\/\/hoyre.no\/content\/uploads\/sites\/41\/2022\/11\/2020_RGB_hoyre_logo_profilbilde_011.png 1000w\" sizes=\"auto, (max-width: 768px) 100vw, 768px\" \/>\t\t<\/div>\n\t\t\n\t\t\t<div class=\"teft-card__content-wrapper\">\n\t\t\t\t<div class=\"teft-card__secondary\">\n\t\t\t\t\t\n\t\t\t\t\t\t\t\t<div class=\"teft-card__meta\">\n\t\t\t\t\t\t\t\t\t<span class=\"post-date\">28. aug 2024<\/span>\n\n\t\t\t\t\t\t\t\t\t<span class=\"post-category\">Nominasjon<\/span>\t\t\t\t\t\t\t\t<\/div>\n\t\t\t\t\t\t\t\t\t\t\t<\/div>\n\n\t\t\t\t<div class=\"teft-card__primary\">\n\t\t\t\t\t<h2 class=\"teft-card__title\">Alfabetisk navneliste over H\u00f8yres valgvillige stortingsvalgkandidater 2025 \u2013 2029 i Aust-Agder valgdistrikt&nbsp;<span class=\"teft-card__primary-title-append\"><\/span><\/h2>\t\t\t\t<\/div>\n\t\t\t<\/div>\n\t\t<\/a>\n\t<\/div>\n\n\t<\/div><div class=\"is-card-hoyre\">\n\t<div class=\"teft-card hoyre-teft-card post-teft-card\">\n\t\t<a href=\"https:\/\/hoyre.no\/arendal\/aktuelt\/provenominasjon-for-stortingsvalget-2025\/\" class=\"teft-card__primary-action\">\n\n\t\t\t\t\t<div class=\"teft-card__media teft-card__media--16-9\">\n\t\t\t\t\t\t<img loading=\"lazy\" decoding=\"async\" width=\"768\" height=\"320\" src=\"https:\/\/hoyre.no\/content\/uploads\/sites\/41\/2024\/08\/stortingsbygningeneidsvolls-768x320.jpg\" class=\"attachment-medium_large size-medium_large\" alt=\"Stortinget\" srcset=\"https:\/\/hoyre.no\/content\/uploads\/sites\/41\/2024\/08\/stortingsbygningeneidsvolls-768x320.jpg 768w, https:\/\/hoyre.no\/content\/uploads\/sites\/41\/2024\/08\/stortingsbygningeneidsvolls-300x125.jpg 300w, https:\/\/hoyre.no\/content\/uploads\/sites\/41\/2024\/08\/stortingsbygningeneidsvolls.jpg 840w\" sizes=\"auto, (max-width: 768px) 100vw, 768px\" \/>\t\t<\/div>\n\t\t\n\t\t\t<div class=\"teft-card__content-wrapper\">\n\t\t\t\t<div class=\"teft-card__secondary\">\n\t\t\t\t\t\n\t\t\t\t\t\t\t\t<div class=\"teft-card__meta\">\n\t\t\t\t\t\t\t\t\t<span class=\"post-date\">22. aug 2024<\/span>\n\n\t\t\t\t\t\t\t\t\t<span class=\"post-category\">Nominasjon<\/span>\t\t\t\t\t\t\t\t<\/div>\n\t\t\t\t\t\t\t\t\t\t\t<\/div>\n\n\t\t\t\t<div class=\"teft-card__primary\">\n\t\t\t\t\t<h2 class=\"teft-card__title\">Pr\u00f8venominasjon for Stortingsvalget 2025&nbsp;<span class=\"teft-card__primary-title-append\"><\/span><\/h2>\t\t\t\t<\/div>\n\t\t\t<\/div>\n\t\t<\/a>\n\t<\/div>\n\n\t<\/div><div class=\"is-card-hoyre\">\n\t<div class=\"teft-card hoyre-teft-card post-teft-card\">\n\t\t<a href=\"https:\/\/hoyre.no\/arendal\/aktuelt\/arendalsuka-mer-enn-bare-enn-fest-for-fiffen\/\" class=\"teft-card__primary-action\">\n\n\t\t\t\t\t<div class=\"teft-card__media teft-card__media--16-9\">\n\t\t\t\t\t\t<img loading=\"lazy\" decoding=\"async\" width=\"720\" height=\"540\" src=\"https:\/\/hoyre.no\/content\/uploads\/sites\/41\/2024\/08\/download-1.jpg\" class=\"attachment-medium_large size-medium_large\" alt=\"\" srcset=\"https:\/\/hoyre.no\/content\/uploads\/sites\/41\/2024\/08\/download-1.jpg 720w, https:\/\/hoyre.no\/content\/uploads\/sites\/41\/2024\/08\/download-1-300x225.jpg 300w\" sizes=\"auto, (max-width: 720px) 100vw, 720px\" \/>\t\t<\/div>\n\t\t\n\t\t\t<div class=\"teft-card__content-wrapper\">\n\t\t\t\t<div class=\"teft-card__secondary\">\n\t\t\t\t\t\n\t\t\t\t\t\t\t\t<div class=\"teft-card__meta\">\n\t\t\t\t\t\t\t\t\t<span class=\"post-date\">21. aug 2024<\/span>\n\n\t\t\t\t\t\t\t\t\t<span class=\"post-category\">Debatt<\/span>\t\t\t\t\t\t\t\t<\/div>\n\t\t\t\t\t\t\t\t\t\t\t<\/div>\n\n\t\t\t\t<div class=\"teft-card__primary\">\n\t\t\t\t\t<h2 class=\"teft-card__title\">Arendalsuka: Mer enn bare enn fest for \u201cfiffen\u201d&nbsp;<span class=\"teft-card__primary-title-append\"><\/span><\/h2>\t\t\t\t<\/div>\n\t\t\t<\/div>\n\t\t<\/a>\n\t<\/div>\n\n\t<\/div><\/div>\t<\/div>\n<\/div>\n","protected":false},"excerpt":{"rendered":"","protected":false},"author":36946,"featured_media":0,"comment_status":"closed","ping_status":"closed","sticky":false,"template":"","format":"standard","meta":{"teft_cards_image_url":"","teft_cards_custom_pretitle":"","teft_cards_image_id":138,"teft_cards_image_focal_point_x":0.5,"teft_cards_image_focal_point_y":0.5,"teft_cards_title":"","teft_cards_excerpt":"","teft_show_chapters":false,"author_display_name":"","footnotes":""},"category":[7],"post_tag":[3],"hoyre-visibility":[],"article-type":[],"politician":[],"class_list":["post-327","post","type-post","status-publish","format-standard","hentry","category-debatt","tag-ordforerkandidat"],"yoast_head":"<!-- This site is optimized with the Yoast SEO plugin v26.6 - https:\/\/yoast.com\/wordpress\/plugins\/seo\/ -->\n<title>For \u00e5 f\u00e5 barn og unge til \u00e5 lese mer, m\u00e5 vi f\u00f8rst og fremst gi skolene mulighet til \u00e5 oppfylle sitt samfunnsmandat - Arendal H\u00f8yre<\/title>\n<meta name=\"robots\" content=\"index, follow, max-snippet:-1, max-image-preview:large, max-video-preview:-1\" \/>\n<link rel=\"canonical\" href=\"https:\/\/hoyre.no\/arendal\/aktuelt\/for-a-fa-barn-og-unge-til-a-lese-mer-ma-vi-forst-og-fremst-gi-skolene-mulighet-til-a-oppfylle-sitt-samfunnsmandat\/\" \/>\n<meta property=\"og:locale\" content=\"nb_NO\" \/>\n<meta property=\"og:type\" content=\"article\" \/>\n<meta property=\"og:title\" content=\"For \u00e5 f\u00e5 barn og unge til \u00e5 lese mer, m\u00e5 vi f\u00f8rst og fremst gi skolene mulighet til \u00e5 oppfylle sitt samfunnsmandat - Arendal H\u00f8yre\" \/>\n<meta property=\"og:url\" content=\"https:\/\/hoyre.no\/arendal\/aktuelt\/for-a-fa-barn-og-unge-til-a-lese-mer-ma-vi-forst-og-fremst-gi-skolene-mulighet-til-a-oppfylle-sitt-samfunnsmandat\/\" \/>\n<meta property=\"og:site_name\" content=\"Arendal H\u00f8yre\" \/>\n<meta property=\"article:published_time\" content=\"2023-04-20T11:01:00+00:00\" \/>\n<meta property=\"article:modified_time\" content=\"2023-04-24T11:02:16+00:00\" \/>\n<meta property=\"og:image\" content=\"https:\/\/hoyre.no\/content\/uploads\/sites\/41\/2024\/08\/download-1.jpg\" \/>\n<meta name=\"author\" content=\"Cathrine Coucheron Berli\" \/>\n<meta name=\"twitter:card\" content=\"summary_large_image\" \/>\n<meta name=\"twitter:label1\" content=\"Skrevet av\" \/>\n\t<meta name=\"twitter:data1\" content=\"Cathrine Coucheron Berli\" \/>\n\t<meta name=\"twitter:label2\" content=\"Ansl. lesetid\" \/>\n\t<meta name=\"twitter:data2\" content=\"5 minutter\" \/>\n<script type=\"application\/ld+json\" class=\"yoast-schema-graph\">{\"@context\":\"https:\/\/schema.org\",\"@graph\":[{\"@type\":\"NewsArticle\",\"@id\":\"https:\/\/hoyre.no\/arendal\/aktuelt\/for-a-fa-barn-og-unge-til-a-lese-mer-ma-vi-forst-og-fremst-gi-skolene-mulighet-til-a-oppfylle-sitt-samfunnsmandat\/\",\"url\":\"https:\/\/hoyre.no\/arendal\/aktuelt\/for-a-fa-barn-og-unge-til-a-lese-mer-ma-vi-forst-og-fremst-gi-skolene-mulighet-til-a-oppfylle-sitt-samfunnsmandat\/\",\"name\":\"For \u00e5 f\u00e5 barn og unge til \u00e5 lese mer, m\u00e5 vi f\u00f8rst og fremst gi skolene mulighet til \u00e5 oppfylle sitt samfunnsmandat - Arendal H\u00f8yre\",\"isPartOf\":{\"@id\":\"https:\/\/hoyre.no\/arendal\/#website\"},\"datePublished\":\"2023-04-20T11:01:00+00:00\",\"dateModified\":\"2023-04-24T11:02:16+00:00\",\"author\":{\"@id\":\"https:\/\/hoyre.no\/arendal\/#\/schema\/person\/ac07cb46cf1a662fab0853a6b9c1cd87\"},\"breadcrumb\":{\"@id\":\"https:\/\/hoyre.no\/arendal\/aktuelt\/for-a-fa-barn-og-unge-til-a-lese-mer-ma-vi-forst-og-fremst-gi-skolene-mulighet-til-a-oppfylle-sitt-samfunnsmandat\/#breadcrumb\"},\"inLanguage\":\"nb-NO\",\"potentialAction\":[{\"@type\":\"ReadAction\",\"target\":[\"https:\/\/hoyre.no\/arendal\/aktuelt\/for-a-fa-barn-og-unge-til-a-lese-mer-ma-vi-forst-og-fremst-gi-skolene-mulighet-til-a-oppfylle-sitt-samfunnsmandat\/\"]}]},{\"@type\":\"BreadcrumbList\",\"@id\":\"https:\/\/hoyre.no\/arendal\/aktuelt\/for-a-fa-barn-og-unge-til-a-lese-mer-ma-vi-forst-og-fremst-gi-skolene-mulighet-til-a-oppfylle-sitt-samfunnsmandat\/#breadcrumb\",\"itemListElement\":[{\"@type\":\"ListItem\",\"position\":1,\"name\":\"Til hoyre.no\",\"item\":\"https:\/\/hoyre.no\"},{\"@type\":\"ListItem\",\"position\":2,\"name\":\"Hjem\",\"item\":\"https:\/\/hoyre.no\/arendal\/\"},{\"@type\":\"ListItem\",\"position\":3,\"name\":\"For \u00e5 f\u00e5 barn og unge til \u00e5 lese mer, m\u00e5 vi f\u00f8rst og fremst gi skolene mulighet til \u00e5 oppfylle sitt samfunnsmandat\"}]},{\"@type\":\"WebSite\",\"@id\":\"https:\/\/hoyre.no\/arendal\/#website\",\"url\":\"https:\/\/hoyre.no\/arendal\/\",\"name\":\"Arendal H\u00f8yre\",\"description\":\"Bare enda et H\u00f8yres nettsteder-nettsted\",\"inLanguage\":\"nb-NO\"},{\"@type\":\"Person\",\"@id\":\"https:\/\/hoyre.no\/arendal\/#\/schema\/person\/ac07cb46cf1a662fab0853a6b9c1cd87\",\"name\":\"Cathrine Coucheron Berli\",\"image\":{\"@type\":\"ImageObject\",\"inLanguage\":\"nb-NO\",\"@id\":\"https:\/\/hoyre.no\/arendal\/#\/schema\/person\/image\/\",\"url\":\"https:\/\/secure.gravatar.com\/avatar\/08e70978cc7c8f19bfdcaf005e0379d7aef8879456282010bc4d632692d294d7?s=96&d=mm&r=g\",\"contentUrl\":\"https:\/\/secure.gravatar.com\/avatar\/08e70978cc7c8f19bfdcaf005e0379d7aef8879456282010bc4d632692d294d7?s=96&d=mm&r=g\",\"caption\":\"Cathrine Coucheron Berli\"},\"url\":\"https:\/\/hoyre.no\/arendal\/aktuelt\/author\/m52168945\/\"}]}<\/script>\n<!-- \/ Yoast SEO plugin. -->","yoast_head_json":{"title":"For \u00e5 f\u00e5 barn og unge til \u00e5 lese mer, m\u00e5 vi f\u00f8rst og fremst gi skolene mulighet til \u00e5 oppfylle sitt samfunnsmandat - Arendal H\u00f8yre","robots":{"index":"index","follow":"follow","max-snippet":"max-snippet:-1","max-image-preview":"max-image-preview:large","max-video-preview":"max-video-preview:-1"},"canonical":"https:\/\/hoyre.no\/arendal\/aktuelt\/for-a-fa-barn-og-unge-til-a-lese-mer-ma-vi-forst-og-fremst-gi-skolene-mulighet-til-a-oppfylle-sitt-samfunnsmandat\/","og_locale":"nb_NO","og_type":"article","og_title":"For \u00e5 f\u00e5 barn og unge til \u00e5 lese mer, m\u00e5 vi f\u00f8rst og fremst gi skolene mulighet til \u00e5 oppfylle sitt samfunnsmandat - Arendal H\u00f8yre","og_url":"https:\/\/hoyre.no\/arendal\/aktuelt\/for-a-fa-barn-og-unge-til-a-lese-mer-ma-vi-forst-og-fremst-gi-skolene-mulighet-til-a-oppfylle-sitt-samfunnsmandat\/","og_site_name":"Arendal H\u00f8yre","article_published_time":"2023-04-20T11:01:00+00:00","article_modified_time":"2023-04-24T11:02:16+00:00","og_image":[{"url":"https:\/\/hoyre.no\/content\/uploads\/sites\/41\/2024\/08\/download-1.jpg","width":"","height":"","type":""}],"author":"Cathrine Coucheron Berli","twitter_card":"summary_large_image","twitter_misc":{"Skrevet av":"Cathrine Coucheron Berli","Ansl. lesetid":"5 minutter"},"schema":{"@context":"https:\/\/schema.org","@graph":[{"@type":"NewsArticle","@id":"https:\/\/hoyre.no\/arendal\/aktuelt\/for-a-fa-barn-og-unge-til-a-lese-mer-ma-vi-forst-og-fremst-gi-skolene-mulighet-til-a-oppfylle-sitt-samfunnsmandat\/","url":"https:\/\/hoyre.no\/arendal\/aktuelt\/for-a-fa-barn-og-unge-til-a-lese-mer-ma-vi-forst-og-fremst-gi-skolene-mulighet-til-a-oppfylle-sitt-samfunnsmandat\/","name":"For \u00e5 f\u00e5 barn og unge til \u00e5 lese mer, m\u00e5 vi f\u00f8rst og fremst gi skolene mulighet til \u00e5 oppfylle sitt samfunnsmandat - Arendal H\u00f8yre","isPartOf":{"@id":"https:\/\/hoyre.no\/arendal\/#website"},"datePublished":"2023-04-20T11:01:00+00:00","dateModified":"2023-04-24T11:02:16+00:00","author":{"@id":"https:\/\/hoyre.no\/arendal\/#\/schema\/person\/ac07cb46cf1a662fab0853a6b9c1cd87"},"breadcrumb":{"@id":"https:\/\/hoyre.no\/arendal\/aktuelt\/for-a-fa-barn-og-unge-til-a-lese-mer-ma-vi-forst-og-fremst-gi-skolene-mulighet-til-a-oppfylle-sitt-samfunnsmandat\/#breadcrumb"},"inLanguage":"nb-NO","potentialAction":[{"@type":"ReadAction","target":["https:\/\/hoyre.no\/arendal\/aktuelt\/for-a-fa-barn-og-unge-til-a-lese-mer-ma-vi-forst-og-fremst-gi-skolene-mulighet-til-a-oppfylle-sitt-samfunnsmandat\/"]}]},{"@type":"BreadcrumbList","@id":"https:\/\/hoyre.no\/arendal\/aktuelt\/for-a-fa-barn-og-unge-til-a-lese-mer-ma-vi-forst-og-fremst-gi-skolene-mulighet-til-a-oppfylle-sitt-samfunnsmandat\/#breadcrumb","itemListElement":[{"@type":"ListItem","position":1,"name":"Til hoyre.no","item":"https:\/\/hoyre.no"},{"@type":"ListItem","position":2,"name":"Hjem","item":"https:\/\/hoyre.no\/arendal\/"},{"@type":"ListItem","position":3,"name":"For \u00e5 f\u00e5 barn og unge til \u00e5 lese mer, m\u00e5 vi f\u00f8rst og fremst gi skolene mulighet til \u00e5 oppfylle sitt samfunnsmandat"}]},{"@type":"WebSite","@id":"https:\/\/hoyre.no\/arendal\/#website","url":"https:\/\/hoyre.no\/arendal\/","name":"Arendal H\u00f8yre","description":"Bare enda et H\u00f8yres nettsteder-nettsted","inLanguage":"nb-NO"},{"@type":"Person","@id":"https:\/\/hoyre.no\/arendal\/#\/schema\/person\/ac07cb46cf1a662fab0853a6b9c1cd87","name":"Cathrine Coucheron Berli","image":{"@type":"ImageObject","inLanguage":"nb-NO","@id":"https:\/\/hoyre.no\/arendal\/#\/schema\/person\/image\/","url":"https:\/\/secure.gravatar.com\/avatar\/08e70978cc7c8f19bfdcaf005e0379d7aef8879456282010bc4d632692d294d7?s=96&d=mm&r=g","contentUrl":"https:\/\/secure.gravatar.com\/avatar\/08e70978cc7c8f19bfdcaf005e0379d7aef8879456282010bc4d632692d294d7?s=96&d=mm&r=g","caption":"Cathrine Coucheron Berli"},"url":"https:\/\/hoyre.no\/arendal\/aktuelt\/author\/m52168945\/"}]}},"distributor_meta":false,"distributor_terms":false,"distributor_media":false,"distributor_original_site_name":"Arendal H\u00f8yre","distributor_original_site_url":"https:\/\/hoyre.no\/arendal","push-errors":false,"_links":{"self":[{"href":"https:\/\/hoyre.no\/arendal\/wp-json\/wp\/v2\/posts\/327","targetHints":{"allow":["GET"]}}],"collection":[{"href":"https:\/\/hoyre.no\/arendal\/wp-json\/wp\/v2\/posts"}],"about":[{"href":"https:\/\/hoyre.no\/arendal\/wp-json\/wp\/v2\/types\/post"}],"author":[{"embeddable":true,"href":"https:\/\/hoyre.no\/arendal\/wp-json\/wp\/v2\/users\/36946"}],"replies":[{"embeddable":true,"href":"https:\/\/hoyre.no\/arendal\/wp-json\/wp\/v2\/comments?post=327"}],"version-history":[{"count":2,"href":"https:\/\/hoyre.no\/arendal\/wp-json\/wp\/v2\/posts\/327\/revisions"}],"predecessor-version":[{"id":330,"href":"https:\/\/hoyre.no\/arendal\/wp-json\/wp\/v2\/posts\/327\/revisions\/330"}],"wp:attachment":[{"href":"https:\/\/hoyre.no\/arendal\/wp-json\/wp\/v2\/media?parent=327"}],"wp:term":[{"taxonomy":"category","embeddable":true,"href":"https:\/\/hoyre.no\/arendal\/wp-json\/wp\/v2\/category?post=327"},{"taxonomy":"post_tag","embeddable":true,"href":"https:\/\/hoyre.no\/arendal\/wp-json\/wp\/v2\/post_tag?post=327"},{"taxonomy":"hoyre-visibility","embeddable":true,"href":"https:\/\/hoyre.no\/arendal\/wp-json\/wp\/v2\/hoyre-visibility?post=327"},{"taxonomy":"article-type","embeddable":true,"href":"https:\/\/hoyre.no\/arendal\/wp-json\/wp\/v2\/article-type?post=327"},{"taxonomy":"politician","embeddable":true,"href":"https:\/\/hoyre.no\/arendal\/wp-json\/wp\/v2\/politician?post=327"}],"curies":[{"name":"wp","href":"https:\/\/api.w.org\/{rel}","templated":true}]}}