{"id":359,"date":"2023-04-30T21:32:00","date_gmt":"2023-04-30T19:32:00","guid":{"rendered":"https:\/\/hoyre.no\/arendal\/?p=359"},"modified":"2023-05-01T21:37:14","modified_gmt":"2023-05-01T19:37:14","slug":"hor-slik-star-det-til-med-livet-i-havet","status":"publish","type":"post","link":"https:\/\/hoyre.no\/arendal\/aktuelt\/hor-slik-star-det-til-med-livet-i-havet\/","title":{"rendered":"H\u00d8R: Slik st\u00e5r det til med livet i havet\u00a0"},"content":{"rendered":"\n<p class=\"preamble\"><strong>HAVSTATUS:<\/strong>\u00a0Forskningssjef Jan Atle Knutsen (t.v.) og forsker Even Moland ved Havforskningsinstituttet i Fl\u00f8devigen deltok p\u00e5 debattm\u00f8te i regi av Arendal H\u00f8yre om status for havet. <br>N\u00e6rmere 50 personer fant veien til Revesand bedehus onsdag kveld.<br><a href=\"https:\/\/www.geita.no\/nyheter\/hor-slik-star-det-til-med-livet-i-havet\/\" target=\"_blank\" rel=\"noreferrer noopener\">Tekst og foto av Esben Holm Eskelund, Geita<\/a><\/p>\n\n\n\n\n<p><strong>Forskere, politikere og tilh\u00f8rere i debatt om status for havet lokalt og hva som kan gj\u00f8res for \u00e5 f\u00e5 naturmangfoldet tilbake.<\/strong><\/p>\n\n\n\n<p>Onsdag denne uka arrangerte Arendal H\u00f8yre debattm\u00f8te p\u00e5 bedehuset p\u00e5 Revesand. P\u00e5 agendaen sto sp\u00f8rsm\u00e5let om status for livet i havet, og hva som kan gj\u00f8res for \u00e5 f\u00e5 naturmangfoldet tilbake. Til stede var forskere fra Havforskningsinstituttet i Fl\u00f8devigen p\u00e5 His\u00f8y, fylkesordf\u00f8rer Arne Thomassen, H\u00f8yres ordf\u00f8rerkandidat Linda Dagestad \u00d8ygarden og en rekke tilh\u00f8rere. Rundt 50 personer var p\u00e5 plass for \u00e5 f\u00e5 med seg arrangementet.<br>&#8211; Her er det mange med saltvann i \u00e5rene, sa forskningssjef og trom\u00f8ymann Jan Atle Knutsen da han innledet til foredrag.<br>Sammen med forskerkollega Even Moland gikk han gjennom status for livet under vann i v\u00e5rt omr\u00e5de, hvor det ble sl\u00e5tt fast at forskningen mener tiltak b\u00f8r settes i gang for \u00e5 snu en negativ utvikling for \u00e5 unng\u00e5 \u00e5 f\u00e5 et \u00f8kosystem i skikkelig tr\u00f8bbel.<\/p>\n\n\n\n<h4 class=\"wp-block-heading\">Flere faktorer<\/h4>\n\n\n\n<p>Fiskearten torsk er trukket frem som en art som er i stor tilbakegang. Forskerne kunne fortelle at det ikke bare gjelder torsk, men ogs\u00e5 en rekke andre arter i \u00f8kosystemet helt ned p\u00e5 mikroniv\u00e5. Det ble opplyst at forskning viser at det henger sammen med kvaliteten p\u00e5 kystvannet, som i stor grad p\u00e5virkes fra avrenning fra land. If\u00f8lge Moland henger det blant annet sammen med at mange store vassdrag ikke lenger svinger og bukter seg gjennom landbruksomr\u00e5der, men er blitt rettet ut for \u00e5 \u00f8ke produktiviteten i landbruket og dermed f\u00f8res avrenning fra jordbruk raskere ut i havet. Budskapet fra Havforskningsinstituttet er at det er behov for \u00e5 f\u00e5 p\u00e5 plass flere bevaringsomr\u00e5der for \u00e5 gjenoppbygge naturmangfoldet.<br>\u2013 Vi beslutter ingenting men kommer med forslag og s\u00e5 m\u00e5 andre ta det videre, sa Knutsen.<br>Det ble ogs\u00e5 trukket frem at det vil v\u00e6re n\u00f8dvendig \u00e5 se p\u00e5 det hele med et overordnet blikk og ikke bare gj\u00f8re tiltak lokalt. Bakgrunnen for det er at sj\u00f8vannet i Skagerrak-bassenget sirkulerer over et stort omr\u00e5de. Det inneb\u00e6rer at avrenning p\u00e5 \u00d8stlandet ogs\u00e5 p\u00e5virker vannkvaliteten langs kysten mot s\u00f8r.<\/p>\n\n\n\n<h4 class=\"wp-block-heading\">M\u00e5 gj\u00f8re mer<\/h4>\n\n\n\n<p>Fylkesordf\u00f8rer Arne Thomassen (H) trives godt p\u00e5 sj\u00f8en og bruker den mye. Han pekte p\u00e5 at han opplever at bevaringsomr\u00e5dene som allerede finnes har en veldig stor betydning. Han mener at det er behov for \u00e5 gj\u00f8re mer og at ogs\u00e5 kommunene m\u00e5 p\u00e5 ballen. Han trakk frem at fylkeskommunen allerede har tatt inn i det politiske arbeidet noe av forskningen som gj\u00f8res i Agder.<br>\u2013 Jeg er optimist i forhold til det forskerne sier. Vi har ansvar for \u00e5 fatte vedtak og \u00e5 f\u00f8lge opp, sa han.<br>Blant annet har fylkeskommunen ansvaret for vannforvaltningen for hele Agder og Thomassen understreket at vannkvaliteten langs kysten er sv\u00e6rt viktig. Sv\u00e6rt viktig mener han det er at Havforskningsinstituttets forskningsstasjon ligger i Arendal, og at det n\u00e5 er h\u00e5p om at regjeringen finansierer videreutvikling.<br>\u2013 Hadde vi ikke hatt Havforskningsinstituttet tror jeg toget hadde g\u00e5tt, sa han.<\/p>\n\n\n<div class=\"tags\">\n\t<\/div>\n<div class=\"post-footer alignfull has-background block-editor-block-list__block\" data-align=full>\n\t<div class=\"post-footer-inner\">\n\t\t<h3>Relaterte artikler<\/h3>\n\t\t<div class=\"related-content\"><div class=\"is-card-hoyre\">\n\t<div class=\"teft-card hoyre-teft-card post-teft-card\">\n\t\t<a href=\"https:\/\/hoyre.no\/arendal\/aktuelt\/alfabetisk-navneliste-over-hoyres-valgvillige-stortingsvalgkandidater-2025-2029-i-aust-agder-valgdistrikt\/\" class=\"teft-card__primary-action\">\n\n\t\t\t\t\t<div class=\"teft-card__media teft-card__media--16-9\">\n\t\t\t\t\t\t<img loading=\"lazy\" decoding=\"async\" width=\"768\" height=\"768\" src=\"https:\/\/hoyre.no\/content\/uploads\/sites\/41\/2022\/11\/2020_RGB_hoyre_logo_profilbilde_011-768x768.png\" class=\"attachment-medium_large size-medium_large\" alt=\"\" srcset=\"https:\/\/hoyre.no\/content\/uploads\/sites\/41\/2022\/11\/2020_RGB_hoyre_logo_profilbilde_011-768x768.png 768w, https:\/\/hoyre.no\/content\/uploads\/sites\/41\/2022\/11\/2020_RGB_hoyre_logo_profilbilde_011-300x300.png 300w, https:\/\/hoyre.no\/content\/uploads\/sites\/41\/2022\/11\/2020_RGB_hoyre_logo_profilbilde_011-150x150.png 150w, https:\/\/hoyre.no\/content\/uploads\/sites\/41\/2022\/11\/2020_RGB_hoyre_logo_profilbilde_011.png 1000w\" sizes=\"auto, (max-width: 768px) 100vw, 768px\" \/>\t\t<\/div>\n\t\t\n\t\t\t<div class=\"teft-card__content-wrapper\">\n\t\t\t\t<div class=\"teft-card__secondary\">\n\t\t\t\t\t\n\t\t\t\t\t\t\t\t<div class=\"teft-card__meta\">\n\t\t\t\t\t\t\t\t\t<span class=\"post-date\">28. aug 2024<\/span>\n\n\t\t\t\t\t\t\t\t\t<span class=\"post-category\">Nominasjon<\/span>\t\t\t\t\t\t\t\t<\/div>\n\t\t\t\t\t\t\t\t\t\t\t<\/div>\n\n\t\t\t\t<div class=\"teft-card__primary\">\n\t\t\t\t\t<h2 class=\"teft-card__title\">Alfabetisk navneliste over H\u00f8yres valgvillige stortingsvalgkandidater 2025 \u2013 2029 i Aust-Agder valgdistrikt&nbsp;<span class=\"teft-card__primary-title-append\"><\/span><\/h2>\t\t\t\t<\/div>\n\t\t\t<\/div>\n\t\t<\/a>\n\t<\/div>\n\n\t<\/div><div class=\"is-card-hoyre\">\n\t<div class=\"teft-card hoyre-teft-card post-teft-card\">\n\t\t<a href=\"https:\/\/hoyre.no\/arendal\/aktuelt\/provenominasjon-for-stortingsvalget-2025\/\" class=\"teft-card__primary-action\">\n\n\t\t\t\t\t<div class=\"teft-card__media teft-card__media--16-9\">\n\t\t\t\t\t\t<img loading=\"lazy\" decoding=\"async\" width=\"768\" height=\"320\" src=\"https:\/\/hoyre.no\/content\/uploads\/sites\/41\/2024\/08\/stortingsbygningeneidsvolls-768x320.jpg\" class=\"attachment-medium_large size-medium_large\" alt=\"Stortinget\" srcset=\"https:\/\/hoyre.no\/content\/uploads\/sites\/41\/2024\/08\/stortingsbygningeneidsvolls-768x320.jpg 768w, https:\/\/hoyre.no\/content\/uploads\/sites\/41\/2024\/08\/stortingsbygningeneidsvolls-300x125.jpg 300w, https:\/\/hoyre.no\/content\/uploads\/sites\/41\/2024\/08\/stortingsbygningeneidsvolls.jpg 840w\" sizes=\"auto, (max-width: 768px) 100vw, 768px\" \/>\t\t<\/div>\n\t\t\n\t\t\t<div class=\"teft-card__content-wrapper\">\n\t\t\t\t<div class=\"teft-card__secondary\">\n\t\t\t\t\t\n\t\t\t\t\t\t\t\t<div class=\"teft-card__meta\">\n\t\t\t\t\t\t\t\t\t<span class=\"post-date\">22. aug 2024<\/span>\n\n\t\t\t\t\t\t\t\t\t<span class=\"post-category\">Nominasjon<\/span>\t\t\t\t\t\t\t\t<\/div>\n\t\t\t\t\t\t\t\t\t\t\t<\/div>\n\n\t\t\t\t<div class=\"teft-card__primary\">\n\t\t\t\t\t<h2 class=\"teft-card__title\">Pr\u00f8venominasjon for Stortingsvalget 2025&nbsp;<span class=\"teft-card__primary-title-append\"><\/span><\/h2>\t\t\t\t<\/div>\n\t\t\t<\/div>\n\t\t<\/a>\n\t<\/div>\n\n\t<\/div><div class=\"is-card-hoyre\">\n\t<div class=\"teft-card hoyre-teft-card post-teft-card\">\n\t\t<a href=\"https:\/\/hoyre.no\/arendal\/aktuelt\/arendalsuka-mer-enn-bare-enn-fest-for-fiffen\/\" class=\"teft-card__primary-action\">\n\n\t\t\t\t\t<div class=\"teft-card__media teft-card__media--16-9\">\n\t\t\t\t\t\t<img loading=\"lazy\" decoding=\"async\" width=\"720\" height=\"540\" src=\"https:\/\/hoyre.no\/content\/uploads\/sites\/41\/2024\/08\/download-1.jpg\" class=\"attachment-medium_large size-medium_large\" alt=\"\" srcset=\"https:\/\/hoyre.no\/content\/uploads\/sites\/41\/2024\/08\/download-1.jpg 720w, https:\/\/hoyre.no\/content\/uploads\/sites\/41\/2024\/08\/download-1-300x225.jpg 300w\" sizes=\"auto, (max-width: 720px) 100vw, 720px\" \/>\t\t<\/div>\n\t\t\n\t\t\t<div class=\"teft-card__content-wrapper\">\n\t\t\t\t<div class=\"teft-card__secondary\">\n\t\t\t\t\t\n\t\t\t\t\t\t\t\t<div class=\"teft-card__meta\">\n\t\t\t\t\t\t\t\t\t<span class=\"post-date\">21. aug 2024<\/span>\n\n\t\t\t\t\t\t\t\t\t<span class=\"post-category\">Debatt<\/span>\t\t\t\t\t\t\t\t<\/div>\n\t\t\t\t\t\t\t\t\t\t\t<\/div>\n\n\t\t\t\t<div class=\"teft-card__primary\">\n\t\t\t\t\t<h2 class=\"teft-card__title\">Arendalsuka: Mer enn bare enn fest for \u201cfiffen\u201d&nbsp;<span class=\"teft-card__primary-title-append\"><\/span><\/h2>\t\t\t\t<\/div>\n\t\t\t<\/div>\n\t\t<\/a>\n\t<\/div>\n\n\t<\/div><\/div>\t<\/div>\n<\/div>\n","protected":false},"excerpt":{"rendered":"","protected":false},"author":36946,"featured_media":0,"comment_status":"closed","ping_status":"closed","sticky":false,"template":"","format":"standard","meta":{"teft_cards_image_url":"","teft_cards_custom_pretitle":"","teft_cards_image_id":48,"teft_cards_image_focal_point_x":0.5,"teft_cards_image_focal_point_y":0.5,"teft_cards_title":"","teft_cards_excerpt":"","teft_show_chapters":false,"author_display_name":"","footnotes":""},"category":[7],"post_tag":[],"hoyre-visibility":[],"article-type":[],"politician":[],"class_list":["post-359","post","type-post","status-publish","format-standard","hentry","category-debatt"],"yoast_head":"<!-- This site is optimized with the Yoast SEO plugin v26.6 - https:\/\/yoast.com\/wordpress\/plugins\/seo\/ -->\n<title>H\u00d8R: Slik st\u00e5r det til med livet i havet\u00a0 - Arendal H\u00f8yre<\/title>\n<meta name=\"robots\" content=\"index, follow, max-snippet:-1, max-image-preview:large, max-video-preview:-1\" \/>\n<link rel=\"canonical\" href=\"https:\/\/hoyre.no\/arendal\/aktuelt\/hor-slik-star-det-til-med-livet-i-havet\/\" \/>\n<meta property=\"og:locale\" content=\"nb_NO\" \/>\n<meta property=\"og:type\" content=\"article\" \/>\n<meta property=\"og:title\" content=\"H\u00d8R: Slik st\u00e5r det til med livet i havet\u00a0 - Arendal H\u00f8yre\" \/>\n<meta property=\"og:url\" content=\"https:\/\/hoyre.no\/arendal\/aktuelt\/hor-slik-star-det-til-med-livet-i-havet\/\" \/>\n<meta property=\"og:site_name\" content=\"Arendal H\u00f8yre\" \/>\n<meta property=\"article:published_time\" content=\"2023-04-30T19:32:00+00:00\" \/>\n<meta property=\"article:modified_time\" content=\"2023-05-01T19:37:14+00:00\" \/>\n<meta property=\"og:image\" content=\"https:\/\/hoyre.no\/content\/uploads\/sites\/41\/2024\/08\/download-1.jpg\" \/>\n<meta name=\"author\" content=\"Cathrine Coucheron Berli\" \/>\n<meta name=\"twitter:card\" content=\"summary_large_image\" \/>\n<meta name=\"twitter:label1\" content=\"Skrevet av\" \/>\n\t<meta name=\"twitter:data1\" content=\"Cathrine Coucheron Berli\" \/>\n\t<meta name=\"twitter:label2\" content=\"Ansl. lesetid\" \/>\n\t<meta name=\"twitter:data2\" content=\"3 minutter\" \/>\n<script type=\"application\/ld+json\" class=\"yoast-schema-graph\">{\"@context\":\"https:\/\/schema.org\",\"@graph\":[{\"@type\":\"NewsArticle\",\"@id\":\"https:\/\/hoyre.no\/arendal\/aktuelt\/hor-slik-star-det-til-med-livet-i-havet\/\",\"url\":\"https:\/\/hoyre.no\/arendal\/aktuelt\/hor-slik-star-det-til-med-livet-i-havet\/\",\"name\":\"H\u00d8R: Slik st\u00e5r det til med livet i havet\u00a0 - Arendal H\u00f8yre\",\"isPartOf\":{\"@id\":\"https:\/\/hoyre.no\/arendal\/#website\"},\"datePublished\":\"2023-04-30T19:32:00+00:00\",\"dateModified\":\"2023-05-01T19:37:14+00:00\",\"author\":{\"@id\":\"https:\/\/hoyre.no\/arendal\/#\/schema\/person\/ac07cb46cf1a662fab0853a6b9c1cd87\"},\"breadcrumb\":{\"@id\":\"https:\/\/hoyre.no\/arendal\/aktuelt\/hor-slik-star-det-til-med-livet-i-havet\/#breadcrumb\"},\"inLanguage\":\"nb-NO\",\"potentialAction\":[{\"@type\":\"ReadAction\",\"target\":[\"https:\/\/hoyre.no\/arendal\/aktuelt\/hor-slik-star-det-til-med-livet-i-havet\/\"]}]},{\"@type\":\"BreadcrumbList\",\"@id\":\"https:\/\/hoyre.no\/arendal\/aktuelt\/hor-slik-star-det-til-med-livet-i-havet\/#breadcrumb\",\"itemListElement\":[{\"@type\":\"ListItem\",\"position\":1,\"name\":\"Til hoyre.no\",\"item\":\"https:\/\/hoyre.no\"},{\"@type\":\"ListItem\",\"position\":2,\"name\":\"Hjem\",\"item\":\"https:\/\/hoyre.no\/arendal\/\"},{\"@type\":\"ListItem\",\"position\":3,\"name\":\"H\u00d8R: Slik st\u00e5r det til med livet i havet\u00a0\"}]},{\"@type\":\"WebSite\",\"@id\":\"https:\/\/hoyre.no\/arendal\/#website\",\"url\":\"https:\/\/hoyre.no\/arendal\/\",\"name\":\"Arendal H\u00f8yre\",\"description\":\"Bare enda et H\u00f8yres nettsteder-nettsted\",\"inLanguage\":\"nb-NO\"},{\"@type\":\"Person\",\"@id\":\"https:\/\/hoyre.no\/arendal\/#\/schema\/person\/ac07cb46cf1a662fab0853a6b9c1cd87\",\"name\":\"Cathrine Coucheron Berli\",\"image\":{\"@type\":\"ImageObject\",\"inLanguage\":\"nb-NO\",\"@id\":\"https:\/\/hoyre.no\/arendal\/#\/schema\/person\/image\/\",\"url\":\"https:\/\/secure.gravatar.com\/avatar\/08e70978cc7c8f19bfdcaf005e0379d7aef8879456282010bc4d632692d294d7?s=96&d=mm&r=g\",\"contentUrl\":\"https:\/\/secure.gravatar.com\/avatar\/08e70978cc7c8f19bfdcaf005e0379d7aef8879456282010bc4d632692d294d7?s=96&d=mm&r=g\",\"caption\":\"Cathrine Coucheron Berli\"},\"url\":\"https:\/\/hoyre.no\/arendal\/aktuelt\/author\/m52168945\/\"}]}<\/script>\n<!-- \/ Yoast SEO plugin. -->","yoast_head_json":{"title":"H\u00d8R: Slik st\u00e5r det til med livet i havet\u00a0 - Arendal H\u00f8yre","robots":{"index":"index","follow":"follow","max-snippet":"max-snippet:-1","max-image-preview":"max-image-preview:large","max-video-preview":"max-video-preview:-1"},"canonical":"https:\/\/hoyre.no\/arendal\/aktuelt\/hor-slik-star-det-til-med-livet-i-havet\/","og_locale":"nb_NO","og_type":"article","og_title":"H\u00d8R: Slik st\u00e5r det til med livet i havet\u00a0 - Arendal H\u00f8yre","og_url":"https:\/\/hoyre.no\/arendal\/aktuelt\/hor-slik-star-det-til-med-livet-i-havet\/","og_site_name":"Arendal H\u00f8yre","article_published_time":"2023-04-30T19:32:00+00:00","article_modified_time":"2023-05-01T19:37:14+00:00","og_image":[{"url":"https:\/\/hoyre.no\/content\/uploads\/sites\/41\/2024\/08\/download-1.jpg","width":"","height":"","type":""}],"author":"Cathrine Coucheron Berli","twitter_card":"summary_large_image","twitter_misc":{"Skrevet av":"Cathrine Coucheron Berli","Ansl. lesetid":"3 minutter"},"schema":{"@context":"https:\/\/schema.org","@graph":[{"@type":"NewsArticle","@id":"https:\/\/hoyre.no\/arendal\/aktuelt\/hor-slik-star-det-til-med-livet-i-havet\/","url":"https:\/\/hoyre.no\/arendal\/aktuelt\/hor-slik-star-det-til-med-livet-i-havet\/","name":"H\u00d8R: Slik st\u00e5r det til med livet i havet\u00a0 - Arendal H\u00f8yre","isPartOf":{"@id":"https:\/\/hoyre.no\/arendal\/#website"},"datePublished":"2023-04-30T19:32:00+00:00","dateModified":"2023-05-01T19:37:14+00:00","author":{"@id":"https:\/\/hoyre.no\/arendal\/#\/schema\/person\/ac07cb46cf1a662fab0853a6b9c1cd87"},"breadcrumb":{"@id":"https:\/\/hoyre.no\/arendal\/aktuelt\/hor-slik-star-det-til-med-livet-i-havet\/#breadcrumb"},"inLanguage":"nb-NO","potentialAction":[{"@type":"ReadAction","target":["https:\/\/hoyre.no\/arendal\/aktuelt\/hor-slik-star-det-til-med-livet-i-havet\/"]}]},{"@type":"BreadcrumbList","@id":"https:\/\/hoyre.no\/arendal\/aktuelt\/hor-slik-star-det-til-med-livet-i-havet\/#breadcrumb","itemListElement":[{"@type":"ListItem","position":1,"name":"Til hoyre.no","item":"https:\/\/hoyre.no"},{"@type":"ListItem","position":2,"name":"Hjem","item":"https:\/\/hoyre.no\/arendal\/"},{"@type":"ListItem","position":3,"name":"H\u00d8R: Slik st\u00e5r det til med livet i havet\u00a0"}]},{"@type":"WebSite","@id":"https:\/\/hoyre.no\/arendal\/#website","url":"https:\/\/hoyre.no\/arendal\/","name":"Arendal H\u00f8yre","description":"Bare enda et H\u00f8yres nettsteder-nettsted","inLanguage":"nb-NO"},{"@type":"Person","@id":"https:\/\/hoyre.no\/arendal\/#\/schema\/person\/ac07cb46cf1a662fab0853a6b9c1cd87","name":"Cathrine Coucheron Berli","image":{"@type":"ImageObject","inLanguage":"nb-NO","@id":"https:\/\/hoyre.no\/arendal\/#\/schema\/person\/image\/","url":"https:\/\/secure.gravatar.com\/avatar\/08e70978cc7c8f19bfdcaf005e0379d7aef8879456282010bc4d632692d294d7?s=96&d=mm&r=g","contentUrl":"https:\/\/secure.gravatar.com\/avatar\/08e70978cc7c8f19bfdcaf005e0379d7aef8879456282010bc4d632692d294d7?s=96&d=mm&r=g","caption":"Cathrine Coucheron Berli"},"url":"https:\/\/hoyre.no\/arendal\/aktuelt\/author\/m52168945\/"}]}},"distributor_meta":false,"distributor_terms":false,"distributor_media":false,"distributor_original_site_name":"Arendal H\u00f8yre","distributor_original_site_url":"https:\/\/hoyre.no\/arendal","push-errors":false,"_links":{"self":[{"href":"https:\/\/hoyre.no\/arendal\/wp-json\/wp\/v2\/posts\/359","targetHints":{"allow":["GET"]}}],"collection":[{"href":"https:\/\/hoyre.no\/arendal\/wp-json\/wp\/v2\/posts"}],"about":[{"href":"https:\/\/hoyre.no\/arendal\/wp-json\/wp\/v2\/types\/post"}],"author":[{"embeddable":true,"href":"https:\/\/hoyre.no\/arendal\/wp-json\/wp\/v2\/users\/36946"}],"replies":[{"embeddable":true,"href":"https:\/\/hoyre.no\/arendal\/wp-json\/wp\/v2\/comments?post=359"}],"version-history":[{"count":2,"href":"https:\/\/hoyre.no\/arendal\/wp-json\/wp\/v2\/posts\/359\/revisions"}],"predecessor-version":[{"id":362,"href":"https:\/\/hoyre.no\/arendal\/wp-json\/wp\/v2\/posts\/359\/revisions\/362"}],"wp:attachment":[{"href":"https:\/\/hoyre.no\/arendal\/wp-json\/wp\/v2\/media?parent=359"}],"wp:term":[{"taxonomy":"category","embeddable":true,"href":"https:\/\/hoyre.no\/arendal\/wp-json\/wp\/v2\/category?post=359"},{"taxonomy":"post_tag","embeddable":true,"href":"https:\/\/hoyre.no\/arendal\/wp-json\/wp\/v2\/post_tag?post=359"},{"taxonomy":"hoyre-visibility","embeddable":true,"href":"https:\/\/hoyre.no\/arendal\/wp-json\/wp\/v2\/hoyre-visibility?post=359"},{"taxonomy":"article-type","embeddable":true,"href":"https:\/\/hoyre.no\/arendal\/wp-json\/wp\/v2\/article-type?post=359"},{"taxonomy":"politician","embeddable":true,"href":"https:\/\/hoyre.no\/arendal\/wp-json\/wp\/v2\/politician?post=359"}],"curies":[{"name":"wp","href":"https:\/\/api.w.org\/{rel}","templated":true}]}}