{"id":425,"date":"2023-05-29T10:53:00","date_gmt":"2023-05-29T08:53:00","guid":{"rendered":"https:\/\/hoyre.no\/arendal\/?p=425"},"modified":"2023-06-09T10:54:20","modified_gmt":"2023-06-09T08:54:20","slug":"vi-ma-sette-de-eldre-forst-vi-trenger-nytt-helsehus-na-ikke-flere-utsettelser","status":"publish","type":"post","link":"https:\/\/hoyre.no\/arendal\/aktuelt\/vi-ma-sette-de-eldre-forst-vi-trenger-nytt-helsehus-na-ikke-flere-utsettelser\/","title":{"rendered":"Vi m\u00e5 sette de eldre f\u00f8rst, vi trenger nytt helsehus n\u00e5 \u2013 ikke flere utsettelser!"},"content":{"rendered":"\n<p class=\"preamble\">H\u00f8yre \u00f8nsker \u00e5 bygge nytt helsehus n\u00e5 og ha det p\u00e5 plass i 2026, slik bystyret har vedtatt.<\/p>\t\t\t<div class=\"post-meta wp-block teft-byline-wrapper\">\n\t\t\t\t<div class=\"top\">\n\t\t\t\t\t<div class=\"signature\">\n\t\t\t\t\t\t<div class=\"teft-byline\">\n\t\t\t\t\t\t\t\t\t\t\t\t\t\t<div>\n\t\t\t\t\t\t\t\t<h3>H\u00f8yres redaksjon<\/h3>\t\t\t\t\t\t\t\t\n\t\t\t\t\t\t\t\t\t\t\t\t\t\t\t\t\t<span class=\"date\">Sist oppdatert: 9. juni 2023<\/span>\n\t\t\t\t\t\t\t\t\t\t\t\t\t\t\t\t\t\t\t\t\t\t\t\t\t<span class=\"reading-time\" itemprop=\"timeRequired\" content=\"PT3M\"><em>Ca. 3 minutter lesetid<\/em><\/span>\n\t\t\t\t\t\t\t\t\t\t\t\t\t\t\t<\/div>\n\t\t\t\t\t\t<\/div>\n\t\t\t\t\t<\/div>\n\t\t\t\t\t\t<div class=\"sharing\">\n\t\t<a class=\"share-button share-link copy-link\" data-copy=\"https:\/\/hoyre.no\/arendal\/aktuelt\/vi-ma-sette-de-eldre-forst-vi-trenger-nytt-helsehus-na-ikke-flere-utsettelser\/\" target=\"_blank\"><span class=\"screen-reader-text\">Del link<\/span><\/a>\n\t\t<a class=\"share-button share-twitter\" href=\"http:\/\/twitter.com\/share?text=Vi m\u00e5 sette de eldre f\u00f8rst, vi trenger nytt helsehus n\u00e5 \u2013 ikke flere utsettelser!&#038;url=https:\/\/hoyre.no\/arendal\/aktuelt\/vi-ma-sette-de-eldre-forst-vi-trenger-nytt-helsehus-na-ikke-flere-utsettelser\/&#038;hashtags=Hoyre\" target=\"_blank\"><span class=\"screen-reader-text\">Del p\u00e5 twitter<\/span><\/a>\n\t\t<a class=\"share-button share-facebook\" href=\"https:\/\/www.facebook.com\/sharer\/sharer.php?u=https:\/\/hoyre.no\/arendal\/aktuelt\/vi-ma-sette-de-eldre-forst-vi-trenger-nytt-helsehus-na-ikke-flere-utsettelser\/\" target=\"_blank\"><span class=\"screen-reader-text\">Del p\u00e5 facebook<\/span><\/a>\n\t<\/div>\n\t\t\t\t\t<\/div>\n\t\t\t<\/div>\n\n\t\t\t<figure class=\"hoyre-image-wrapper\"><div class=\"hoyre-image\"><img loading=\"lazy\" decoding=\"async\" width=\"982\" height=\"552\" src=\"https:\/\/hoyre.no\/content\/uploads\/sites\/41\/2023\/06\/Fellesbilde.jpg\" class=\"attachment-scaled size-scaled\" alt=\"\" style=\"object-position: 50% 50%\" srcset=\"https:\/\/hoyre.no\/content\/uploads\/sites\/41\/2023\/06\/Fellesbilde.jpg 982w, https:\/\/hoyre.no\/content\/uploads\/sites\/41\/2023\/06\/Fellesbilde-300x169.jpg 300w, https:\/\/hoyre.no\/content\/uploads\/sites\/41\/2023\/06\/Fellesbilde-768x432.jpg 768w\" sizes=\"auto, (max-width: 982px) 100vw, 982px\" \/><\/div><figcaption class=\"caption\">Bystyregruppa i Arendal H\u00f8yre: Erik Johan Tellefsen Lind\u00f8e, Gunn Haga Brekka, Benedikte Nilsen Glommen, Roar Daniel Gundersen, Linda Dagestad \u00d8ygarden, Kristoffer Lyngvi- \u00d8sterhus, Geir Fredrik Sissener, Haagen Severin Poppe, Nina Roland.<\/figcaption><\/figure>\n\n\n\n\n<p>Vi m\u00e5 l\u00f8se helsek\u00f8ene vi har i dag og bygge minst 120 sykehjemsplasser. Vi vil m\u00f8te den sterke \u00f8kningen i antall eldre over 80 \u00e5r p\u00e5 en best mulig m\u00e5te. De eldre skal v\u00e6re trygge p\u00e5 at de f\u00e5r den hjelpen de trenger til rett tid. Bygger vi 120 plasser blir netto nye sykehjemsplasser ca. 50, da bla. Solhaug og Elim er vedtatt lagt ned.<\/p>\n\n\n\n<p>Saken har tatt altfor lang tid. Det ansvaret m\u00e5 dagens posisjon ta. H\u00f8yre har st\u00f8ttet en bygging p\u00e5 Saltr\u00f8d, helt til vi fikk oppdatert informasjon i referansegruppen i mars 2023, samt leste risiko og s\u00e5rbarhetsanalysen i april 2023. Denne kunnskapen viser at vi m\u00e5 se p\u00e5 andre lokasjoner slik at vi raskt kan f\u00e5 p\u00e5 plass nye sykehjemsplasser.<\/p>\n\n\n\n<p>H\u00f8yre har derfor pekt p\u00e5 to mulige lokasjoner i sentrum som vi \u00f8nsket \u00e5 utrede parallelt: Det er i kunnskapshavna og p\u00e5 Fl\u00f8yheia.<\/p>\n\n\n\n<p>Disse tomtene er ferdig regulert eller trenger mindre reguleringsendringer som muliggj\u00f8r at vi kan ferdigstille nytt helsehus i 2026. Posisjonen ville dessverre ikke utrede et sentrumsalternativ parallelt. Det er sterkt beklagelig. De tviholder forel\u00f8pig p\u00e5 Saltr\u00f8d-alternativet. Det er vanskelig \u00e5 forst\u00e5 n\u00e5r man leser ROS-analysen av april 2023. I denne analysen pekes det p\u00e5 3 forhold som b\u00e5de har sv\u00e6rt h\u00f8y sannsynlighetsgrad og alvorlig konsekvens. Det gjelder grunnforhold, st\u00f8y fra fylkesveien, samt utkj\u00f8p av tomter\/ekspropriasjon. Det er \u00e5rsaken til at kommunedirekt\u00f8ren i aprilm\u00f8tet ville avslutte prosjektet p\u00e5 Saltr\u00f8d.<\/p>\n\n\n\n<p>Det synes \u00e5penbart at posisjonen har latt det g\u00e5 politisk prestisje i saken og vil ha saken til ny behandling i juni.<\/p>\n\n\n\n<p>H\u00f8yre setter de eldre f\u00f8rst, og det er behov for helsehus s\u00e5 fort som mulig. De eldre har ikke tid til \u00e5 vente lengre p\u00e5 at posisjonen skal finne ut hva de vil. Vi har holdt p\u00e5 i over fem \u00e5r.<\/p>\n\n\n\n<p>\u00c5 fortsette p\u00e5 Saltr\u00f8d tar for lang tid og det blir for dyrt.&nbsp; For oss i H\u00f8yre er det derfor uforst\u00e5elig at posisjonen ikke engang vil utrede sentrumsalternativer og bygge s\u00e5 raskt som mulig.&nbsp; Andre lokasjonsforslag som er fremmet ser vi heller ikke f\u00f8rer til nytt sykehjem i 2026 fordi de m\u00e5 gjennom fulle reguleringsprosesser som tar flere \u00e5r. De \u00e5rene har vi brukt opp.<\/p>\n\n\n\n<p>Posisjonen m\u00e5 v\u00e6re \u00e6rlige p\u00e5 at det ikke er realistisk \u00e5 f\u00e5 klart et sykehjem p\u00e5 Saltr\u00f8d til 2026.<\/p>\n\n\n\n<p>H\u00f8yre nedprioriterer ikke Saltr\u00f8d, vi prioriterer opp de eldre, og vi ber om nye innspill til hva som kan v\u00e6re spennende tiltak i en ny omr\u00e5deplan p\u00e5 Saltr\u00f8d. Her kan for eksempel bygges leiligheter innenfor tomtas muligheter, aktivitetspark, n\u00e6ringslokaler mm.<\/p>\n\n\n\n<p>H\u00f8yre h\u00e5per at posisjonen og flere andre partier i bystyrem\u00f8tet i juni tar inn over seg fakta i saken, og at vi sammen kan finne en lokasjon som muliggj\u00f8r et nytt sykehjem i 2026.<\/p>\n\n\n\n<p>Det skylder vi de som i dag st\u00e5r i k\u00f8 og venter p\u00e5 sykehjemsplass.<\/p>\n\n\n\n<p><em>Bystyregruppa i Arendal H\u00f8yre: Erik Johan Tellefsen Lind\u00f8e, Gunn Haga Brekka, Benedikte Nilsen Glommen, Roar Daniel Gundersen, Linda Dagestad \u00d8ygarden, Kristoffer Lyngvi- \u00d8sterhus, Geir Fredrik Sissener, Haagen Severin Poppe, Nina Roland.<\/em><\/p>\n\n\n\n<p><\/p>\n\n\n<div class=\"tags\">\n\t<\/div>\n<div class=\"post-footer alignfull has-background block-editor-block-list__block\" data-align=full>\n\t<div class=\"post-footer-inner\">\n\t\t<h3>Relaterte artikler<\/h3>\n\t\t<div class=\"related-content\"><div class=\"is-card-hoyre\">\n\t<div class=\"teft-card hoyre-teft-card post-teft-card\">\n\t\t<a href=\"https:\/\/hoyre.no\/arendal\/aktuelt\/alfabetisk-navneliste-over-hoyres-valgvillige-stortingsvalgkandidater-2025-2029-i-aust-agder-valgdistrikt\/\" class=\"teft-card__primary-action\">\n\n\t\t\t\t\t<div class=\"teft-card__media teft-card__media--16-9\">\n\t\t\t\t\t\t<img loading=\"lazy\" decoding=\"async\" width=\"768\" height=\"768\" src=\"https:\/\/hoyre.no\/content\/uploads\/sites\/41\/2022\/11\/2020_RGB_hoyre_logo_profilbilde_011-768x768.png\" class=\"attachment-medium_large size-medium_large\" alt=\"\" srcset=\"https:\/\/hoyre.no\/content\/uploads\/sites\/41\/2022\/11\/2020_RGB_hoyre_logo_profilbilde_011-768x768.png 768w, https:\/\/hoyre.no\/content\/uploads\/sites\/41\/2022\/11\/2020_RGB_hoyre_logo_profilbilde_011-300x300.png 300w, https:\/\/hoyre.no\/content\/uploads\/sites\/41\/2022\/11\/2020_RGB_hoyre_logo_profilbilde_011-150x150.png 150w, https:\/\/hoyre.no\/content\/uploads\/sites\/41\/2022\/11\/2020_RGB_hoyre_logo_profilbilde_011.png 1000w\" sizes=\"auto, (max-width: 768px) 100vw, 768px\" \/>\t\t<\/div>\n\t\t\n\t\t\t<div class=\"teft-card__content-wrapper\">\n\t\t\t\t<div class=\"teft-card__secondary\">\n\t\t\t\t\t\n\t\t\t\t\t\t\t\t<div class=\"teft-card__meta\">\n\t\t\t\t\t\t\t\t\t<span class=\"post-date\">28. aug 2024<\/span>\n\n\t\t\t\t\t\t\t\t\t<span class=\"post-category\">Nominasjon<\/span>\t\t\t\t\t\t\t\t<\/div>\n\t\t\t\t\t\t\t\t\t\t\t<\/div>\n\n\t\t\t\t<div class=\"teft-card__primary\">\n\t\t\t\t\t<h2 class=\"teft-card__title\">Alfabetisk navneliste over H\u00f8yres valgvillige stortingsvalgkandidater 2025 \u2013 2029 i Aust-Agder valgdistrikt&nbsp;<span class=\"teft-card__primary-title-append\"><\/span><\/h2>\t\t\t\t<\/div>\n\t\t\t<\/div>\n\t\t<\/a>\n\t<\/div>\n\n\t<\/div><div class=\"is-card-hoyre\">\n\t<div class=\"teft-card hoyre-teft-card post-teft-card\">\n\t\t<a href=\"https:\/\/hoyre.no\/arendal\/aktuelt\/provenominasjon-for-stortingsvalget-2025\/\" class=\"teft-card__primary-action\">\n\n\t\t\t\t\t<div class=\"teft-card__media teft-card__media--16-9\">\n\t\t\t\t\t\t<img loading=\"lazy\" decoding=\"async\" width=\"768\" height=\"320\" src=\"https:\/\/hoyre.no\/content\/uploads\/sites\/41\/2024\/08\/stortingsbygningeneidsvolls-768x320.jpg\" class=\"attachment-medium_large size-medium_large\" alt=\"Stortinget\" srcset=\"https:\/\/hoyre.no\/content\/uploads\/sites\/41\/2024\/08\/stortingsbygningeneidsvolls-768x320.jpg 768w, https:\/\/hoyre.no\/content\/uploads\/sites\/41\/2024\/08\/stortingsbygningeneidsvolls-300x125.jpg 300w, https:\/\/hoyre.no\/content\/uploads\/sites\/41\/2024\/08\/stortingsbygningeneidsvolls.jpg 840w\" sizes=\"auto, (max-width: 768px) 100vw, 768px\" \/>\t\t<\/div>\n\t\t\n\t\t\t<div class=\"teft-card__content-wrapper\">\n\t\t\t\t<div class=\"teft-card__secondary\">\n\t\t\t\t\t\n\t\t\t\t\t\t\t\t<div class=\"teft-card__meta\">\n\t\t\t\t\t\t\t\t\t<span class=\"post-date\">22. aug 2024<\/span>\n\n\t\t\t\t\t\t\t\t\t<span class=\"post-category\">Nominasjon<\/span>\t\t\t\t\t\t\t\t<\/div>\n\t\t\t\t\t\t\t\t\t\t\t<\/div>\n\n\t\t\t\t<div class=\"teft-card__primary\">\n\t\t\t\t\t<h2 class=\"teft-card__title\">Pr\u00f8venominasjon for Stortingsvalget 2025&nbsp;<span class=\"teft-card__primary-title-append\"><\/span><\/h2>\t\t\t\t<\/div>\n\t\t\t<\/div>\n\t\t<\/a>\n\t<\/div>\n\n\t<\/div><div class=\"is-card-hoyre\">\n\t<div class=\"teft-card hoyre-teft-card post-teft-card\">\n\t\t<a href=\"https:\/\/hoyre.no\/arendal\/aktuelt\/arendalsuka-mer-enn-bare-enn-fest-for-fiffen\/\" class=\"teft-card__primary-action\">\n\n\t\t\t\t\t<div class=\"teft-card__media teft-card__media--16-9\">\n\t\t\t\t\t\t<img loading=\"lazy\" decoding=\"async\" width=\"720\" height=\"540\" src=\"https:\/\/hoyre.no\/content\/uploads\/sites\/41\/2024\/08\/download-1.jpg\" class=\"attachment-medium_large size-medium_large\" alt=\"\" srcset=\"https:\/\/hoyre.no\/content\/uploads\/sites\/41\/2024\/08\/download-1.jpg 720w, https:\/\/hoyre.no\/content\/uploads\/sites\/41\/2024\/08\/download-1-300x225.jpg 300w\" sizes=\"auto, (max-width: 720px) 100vw, 720px\" \/>\t\t<\/div>\n\t\t\n\t\t\t<div class=\"teft-card__content-wrapper\">\n\t\t\t\t<div class=\"teft-card__secondary\">\n\t\t\t\t\t\n\t\t\t\t\t\t\t\t<div class=\"teft-card__meta\">\n\t\t\t\t\t\t\t\t\t<span class=\"post-date\">21. aug 2024<\/span>\n\n\t\t\t\t\t\t\t\t\t<span class=\"post-category\">Debatt<\/span>\t\t\t\t\t\t\t\t<\/div>\n\t\t\t\t\t\t\t\t\t\t\t<\/div>\n\n\t\t\t\t<div class=\"teft-card__primary\">\n\t\t\t\t\t<h2 class=\"teft-card__title\">Arendalsuka: Mer enn bare enn fest for \u201cfiffen\u201d&nbsp;<span class=\"teft-card__primary-title-append\"><\/span><\/h2>\t\t\t\t<\/div>\n\t\t\t<\/div>\n\t\t<\/a>\n\t<\/div>\n\n\t<\/div><\/div>\t<\/div>\n<\/div>\n","protected":false},"excerpt":{"rendered":"","protected":false},"author":36946,"featured_media":0,"comment_status":"closed","ping_status":"closed","sticky":false,"template":"","format":"standard","meta":{"teft_cards_image_url":"","teft_cards_custom_pretitle":"","teft_cards_image_id":426,"teft_cards_image_focal_point_x":0.5,"teft_cards_image_focal_point_y":0.5,"teft_cards_title":"","teft_cards_excerpt":"","teft_show_chapters":false,"author_display_name":"","footnotes":""},"category":[1],"post_tag":[],"hoyre-visibility":[],"article-type":[],"politician":[],"class_list":["post-425","post","type-post","status-publish","format-standard","hentry","category-ukategorisert"],"yoast_head":"<!-- This site is optimized with the Yoast SEO plugin v26.6 - https:\/\/yoast.com\/wordpress\/plugins\/seo\/ -->\n<title>Vi m\u00e5 sette de eldre f\u00f8rst, vi trenger nytt helsehus n\u00e5 \u2013 ikke flere utsettelser! - Arendal H\u00f8yre<\/title>\n<meta name=\"robots\" content=\"index, follow, max-snippet:-1, max-image-preview:large, max-video-preview:-1\" \/>\n<link rel=\"canonical\" href=\"https:\/\/hoyre.no\/arendal\/aktuelt\/vi-ma-sette-de-eldre-forst-vi-trenger-nytt-helsehus-na-ikke-flere-utsettelser\/\" \/>\n<meta property=\"og:locale\" content=\"nb_NO\" \/>\n<meta property=\"og:type\" content=\"article\" \/>\n<meta property=\"og:title\" content=\"Vi m\u00e5 sette de eldre f\u00f8rst, vi trenger nytt helsehus n\u00e5 \u2013 ikke flere utsettelser! - Arendal H\u00f8yre\" \/>\n<meta property=\"og:url\" content=\"https:\/\/hoyre.no\/arendal\/aktuelt\/vi-ma-sette-de-eldre-forst-vi-trenger-nytt-helsehus-na-ikke-flere-utsettelser\/\" \/>\n<meta property=\"og:site_name\" content=\"Arendal H\u00f8yre\" \/>\n<meta property=\"article:published_time\" content=\"2023-05-29T08:53:00+00:00\" \/>\n<meta property=\"article:modified_time\" content=\"2023-06-09T08:54:20+00:00\" \/>\n<meta property=\"og:image\" content=\"https:\/\/hoyre.no\/content\/uploads\/sites\/41\/2024\/08\/download-1.jpg\" \/>\n<meta name=\"author\" content=\"Cathrine Coucheron Berli\" \/>\n<meta name=\"twitter:card\" content=\"summary_large_image\" \/>\n<meta name=\"twitter:label1\" content=\"Skrevet av\" \/>\n\t<meta name=\"twitter:data1\" content=\"Cathrine Coucheron Berli\" \/>\n\t<meta name=\"twitter:label2\" content=\"Ansl. lesetid\" \/>\n\t<meta name=\"twitter:data2\" content=\"4 minutter\" \/>\n<script type=\"application\/ld+json\" class=\"yoast-schema-graph\">{\"@context\":\"https:\/\/schema.org\",\"@graph\":[{\"@type\":\"NewsArticle\",\"@id\":\"https:\/\/hoyre.no\/arendal\/aktuelt\/vi-ma-sette-de-eldre-forst-vi-trenger-nytt-helsehus-na-ikke-flere-utsettelser\/\",\"url\":\"https:\/\/hoyre.no\/arendal\/aktuelt\/vi-ma-sette-de-eldre-forst-vi-trenger-nytt-helsehus-na-ikke-flere-utsettelser\/\",\"name\":\"Vi m\u00e5 sette de eldre f\u00f8rst, vi trenger nytt helsehus n\u00e5 \u2013 ikke flere utsettelser! - Arendal H\u00f8yre\",\"isPartOf\":{\"@id\":\"https:\/\/hoyre.no\/arendal\/#website\"},\"datePublished\":\"2023-05-29T08:53:00+00:00\",\"dateModified\":\"2023-06-09T08:54:20+00:00\",\"author\":{\"@id\":\"https:\/\/hoyre.no\/arendal\/#\/schema\/person\/ac07cb46cf1a662fab0853a6b9c1cd87\"},\"breadcrumb\":{\"@id\":\"https:\/\/hoyre.no\/arendal\/aktuelt\/vi-ma-sette-de-eldre-forst-vi-trenger-nytt-helsehus-na-ikke-flere-utsettelser\/#breadcrumb\"},\"inLanguage\":\"nb-NO\",\"potentialAction\":[{\"@type\":\"ReadAction\",\"target\":[\"https:\/\/hoyre.no\/arendal\/aktuelt\/vi-ma-sette-de-eldre-forst-vi-trenger-nytt-helsehus-na-ikke-flere-utsettelser\/\"]}]},{\"@type\":\"BreadcrumbList\",\"@id\":\"https:\/\/hoyre.no\/arendal\/aktuelt\/vi-ma-sette-de-eldre-forst-vi-trenger-nytt-helsehus-na-ikke-flere-utsettelser\/#breadcrumb\",\"itemListElement\":[{\"@type\":\"ListItem\",\"position\":1,\"name\":\"Til hoyre.no\",\"item\":\"https:\/\/hoyre.no\"},{\"@type\":\"ListItem\",\"position\":2,\"name\":\"Hjem\",\"item\":\"https:\/\/hoyre.no\/arendal\/\"},{\"@type\":\"ListItem\",\"position\":3,\"name\":\"Vi m\u00e5 sette de eldre f\u00f8rst, vi trenger nytt helsehus n\u00e5 \u2013 ikke flere utsettelser!\"}]},{\"@type\":\"WebSite\",\"@id\":\"https:\/\/hoyre.no\/arendal\/#website\",\"url\":\"https:\/\/hoyre.no\/arendal\/\",\"name\":\"Arendal H\u00f8yre\",\"description\":\"Bare enda et H\u00f8yres nettsteder-nettsted\",\"inLanguage\":\"nb-NO\"},{\"@type\":\"Person\",\"@id\":\"https:\/\/hoyre.no\/arendal\/#\/schema\/person\/ac07cb46cf1a662fab0853a6b9c1cd87\",\"name\":\"Cathrine Coucheron Berli\",\"image\":{\"@type\":\"ImageObject\",\"inLanguage\":\"nb-NO\",\"@id\":\"https:\/\/hoyre.no\/arendal\/#\/schema\/person\/image\/\",\"url\":\"https:\/\/secure.gravatar.com\/avatar\/08e70978cc7c8f19bfdcaf005e0379d7aef8879456282010bc4d632692d294d7?s=96&d=mm&r=g\",\"contentUrl\":\"https:\/\/secure.gravatar.com\/avatar\/08e70978cc7c8f19bfdcaf005e0379d7aef8879456282010bc4d632692d294d7?s=96&d=mm&r=g\",\"caption\":\"Cathrine Coucheron Berli\"},\"url\":\"https:\/\/hoyre.no\/arendal\/aktuelt\/author\/m52168945\/\"}]}<\/script>\n<!-- \/ Yoast SEO plugin. -->","yoast_head_json":{"title":"Vi m\u00e5 sette de eldre f\u00f8rst, vi trenger nytt helsehus n\u00e5 \u2013 ikke flere utsettelser! - Arendal H\u00f8yre","robots":{"index":"index","follow":"follow","max-snippet":"max-snippet:-1","max-image-preview":"max-image-preview:large","max-video-preview":"max-video-preview:-1"},"canonical":"https:\/\/hoyre.no\/arendal\/aktuelt\/vi-ma-sette-de-eldre-forst-vi-trenger-nytt-helsehus-na-ikke-flere-utsettelser\/","og_locale":"nb_NO","og_type":"article","og_title":"Vi m\u00e5 sette de eldre f\u00f8rst, vi trenger nytt helsehus n\u00e5 \u2013 ikke flere utsettelser! - Arendal H\u00f8yre","og_url":"https:\/\/hoyre.no\/arendal\/aktuelt\/vi-ma-sette-de-eldre-forst-vi-trenger-nytt-helsehus-na-ikke-flere-utsettelser\/","og_site_name":"Arendal H\u00f8yre","article_published_time":"2023-05-29T08:53:00+00:00","article_modified_time":"2023-06-09T08:54:20+00:00","og_image":[{"url":"https:\/\/hoyre.no\/content\/uploads\/sites\/41\/2024\/08\/download-1.jpg","width":"","height":"","type":""}],"author":"Cathrine Coucheron Berli","twitter_card":"summary_large_image","twitter_misc":{"Skrevet av":"Cathrine Coucheron Berli","Ansl. lesetid":"4 minutter"},"schema":{"@context":"https:\/\/schema.org","@graph":[{"@type":"NewsArticle","@id":"https:\/\/hoyre.no\/arendal\/aktuelt\/vi-ma-sette-de-eldre-forst-vi-trenger-nytt-helsehus-na-ikke-flere-utsettelser\/","url":"https:\/\/hoyre.no\/arendal\/aktuelt\/vi-ma-sette-de-eldre-forst-vi-trenger-nytt-helsehus-na-ikke-flere-utsettelser\/","name":"Vi m\u00e5 sette de eldre f\u00f8rst, vi trenger nytt helsehus n\u00e5 \u2013 ikke flere utsettelser! - Arendal H\u00f8yre","isPartOf":{"@id":"https:\/\/hoyre.no\/arendal\/#website"},"datePublished":"2023-05-29T08:53:00+00:00","dateModified":"2023-06-09T08:54:20+00:00","author":{"@id":"https:\/\/hoyre.no\/arendal\/#\/schema\/person\/ac07cb46cf1a662fab0853a6b9c1cd87"},"breadcrumb":{"@id":"https:\/\/hoyre.no\/arendal\/aktuelt\/vi-ma-sette-de-eldre-forst-vi-trenger-nytt-helsehus-na-ikke-flere-utsettelser\/#breadcrumb"},"inLanguage":"nb-NO","potentialAction":[{"@type":"ReadAction","target":["https:\/\/hoyre.no\/arendal\/aktuelt\/vi-ma-sette-de-eldre-forst-vi-trenger-nytt-helsehus-na-ikke-flere-utsettelser\/"]}]},{"@type":"BreadcrumbList","@id":"https:\/\/hoyre.no\/arendal\/aktuelt\/vi-ma-sette-de-eldre-forst-vi-trenger-nytt-helsehus-na-ikke-flere-utsettelser\/#breadcrumb","itemListElement":[{"@type":"ListItem","position":1,"name":"Til hoyre.no","item":"https:\/\/hoyre.no"},{"@type":"ListItem","position":2,"name":"Hjem","item":"https:\/\/hoyre.no\/arendal\/"},{"@type":"ListItem","position":3,"name":"Vi m\u00e5 sette de eldre f\u00f8rst, vi trenger nytt helsehus n\u00e5 \u2013 ikke flere utsettelser!"}]},{"@type":"WebSite","@id":"https:\/\/hoyre.no\/arendal\/#website","url":"https:\/\/hoyre.no\/arendal\/","name":"Arendal H\u00f8yre","description":"Bare enda et H\u00f8yres nettsteder-nettsted","inLanguage":"nb-NO"},{"@type":"Person","@id":"https:\/\/hoyre.no\/arendal\/#\/schema\/person\/ac07cb46cf1a662fab0853a6b9c1cd87","name":"Cathrine Coucheron Berli","image":{"@type":"ImageObject","inLanguage":"nb-NO","@id":"https:\/\/hoyre.no\/arendal\/#\/schema\/person\/image\/","url":"https:\/\/secure.gravatar.com\/avatar\/08e70978cc7c8f19bfdcaf005e0379d7aef8879456282010bc4d632692d294d7?s=96&d=mm&r=g","contentUrl":"https:\/\/secure.gravatar.com\/avatar\/08e70978cc7c8f19bfdcaf005e0379d7aef8879456282010bc4d632692d294d7?s=96&d=mm&r=g","caption":"Cathrine Coucheron Berli"},"url":"https:\/\/hoyre.no\/arendal\/aktuelt\/author\/m52168945\/"}]}},"distributor_meta":false,"distributor_terms":false,"distributor_media":false,"distributor_original_site_name":"Arendal H\u00f8yre","distributor_original_site_url":"https:\/\/hoyre.no\/arendal","push-errors":false,"_links":{"self":[{"href":"https:\/\/hoyre.no\/arendal\/wp-json\/wp\/v2\/posts\/425","targetHints":{"allow":["GET"]}}],"collection":[{"href":"https:\/\/hoyre.no\/arendal\/wp-json\/wp\/v2\/posts"}],"about":[{"href":"https:\/\/hoyre.no\/arendal\/wp-json\/wp\/v2\/types\/post"}],"author":[{"embeddable":true,"href":"https:\/\/hoyre.no\/arendal\/wp-json\/wp\/v2\/users\/36946"}],"replies":[{"embeddable":true,"href":"https:\/\/hoyre.no\/arendal\/wp-json\/wp\/v2\/comments?post=425"}],"version-history":[{"count":2,"href":"https:\/\/hoyre.no\/arendal\/wp-json\/wp\/v2\/posts\/425\/revisions"}],"predecessor-version":[{"id":428,"href":"https:\/\/hoyre.no\/arendal\/wp-json\/wp\/v2\/posts\/425\/revisions\/428"}],"wp:attachment":[{"href":"https:\/\/hoyre.no\/arendal\/wp-json\/wp\/v2\/media?parent=425"}],"wp:term":[{"taxonomy":"category","embeddable":true,"href":"https:\/\/hoyre.no\/arendal\/wp-json\/wp\/v2\/category?post=425"},{"taxonomy":"post_tag","embeddable":true,"href":"https:\/\/hoyre.no\/arendal\/wp-json\/wp\/v2\/post_tag?post=425"},{"taxonomy":"hoyre-visibility","embeddable":true,"href":"https:\/\/hoyre.no\/arendal\/wp-json\/wp\/v2\/hoyre-visibility?post=425"},{"taxonomy":"article-type","embeddable":true,"href":"https:\/\/hoyre.no\/arendal\/wp-json\/wp\/v2\/article-type?post=425"},{"taxonomy":"politician","embeddable":true,"href":"https:\/\/hoyre.no\/arendal\/wp-json\/wp\/v2\/politician?post=425"}],"curies":[{"name":"wp","href":"https:\/\/api.w.org\/{rel}","templated":true}]}}