{"id":443,"date":"2023-06-30T13:43:43","date_gmt":"2023-06-30T11:43:43","guid":{"rendered":"https:\/\/hoyre.no\/arendal\/?p=443"},"modified":"2023-06-30T13:51:23","modified_gmt":"2023-06-30T11:51:23","slug":"vi-skal-bygge-for-fremtiden-i-arendal-da-er-boplikt-svaert-uheldig","status":"publish","type":"post","link":"https:\/\/hoyre.no\/arendal\/aktuelt\/vi-skal-bygge-for-fremtiden-i-arendal-da-er-boplikt-svaert-uheldig\/","title":{"rendered":"Vi skal bygge for fremtiden i Arendal &#8211; da er boplikt sv\u00e6rt uheldig"},"content":{"rendered":"\n<p class=\"preamble\">H\u00f8yre oppfordrer alle ber\u00f8rte til \u00e5 sende inn h\u00f8ringssvar. H\u00f8yre finner det klart urettferdig at to omr\u00e5der eventuelt i en s\u00e5kalt fors\u00f8ksordning f\u00e5r boplikt og der grensene skaper stor uenighet i lokalsamfunnet. Det blir spennende \u00e5 se hva Landbruksdirektoratet mener om det.<\/p>\t\t\t<div class=\"post-meta wp-block teft-byline-wrapper\">\n\t\t\t\t<div class=\"top\">\n\t\t\t\t\t<div class=\"signature\">\n\t\t\t\t\t\t<div class=\"teft-byline\">\n\t\t\t\t\t\t\t\t\t\t\t\t\t\t<div>\n\t\t\t\t\t\t\t\t<h3>H\u00f8yres redaksjon<\/h3>\t\t\t\t\t\t\t\t\n\t\t\t\t\t\t\t\t\t\t\t\t\t\t\t\t\t<span class=\"date\">Sist oppdatert: 30. juni 2023<\/span>\n\t\t\t\t\t\t\t\t\t\t\t\t\t\t\t\t\t\t\t\t\t\t\t\t\t<span class=\"reading-time\" itemprop=\"timeRequired\" content=\"PT4M\"><em>Ca. 4 minutter lesetid<\/em><\/span>\n\t\t\t\t\t\t\t\t\t\t\t\t\t\t\t<\/div>\n\t\t\t\t\t\t<\/div>\n\t\t\t\t\t<\/div>\n\t\t\t\t\t\t<div class=\"sharing\">\n\t\t<a class=\"share-button share-link copy-link\" data-copy=\"https:\/\/hoyre.no\/arendal\/aktuelt\/vi-skal-bygge-for-fremtiden-i-arendal-da-er-boplikt-svaert-uheldig\/\" target=\"_blank\"><span class=\"screen-reader-text\">Del link<\/span><\/a>\n\t\t<a class=\"share-button share-twitter\" href=\"http:\/\/twitter.com\/share?text=Vi skal bygge for fremtiden i Arendal &#8211; da er boplikt sv\u00e6rt uheldig&#038;url=https:\/\/hoyre.no\/arendal\/aktuelt\/vi-skal-bygge-for-fremtiden-i-arendal-da-er-boplikt-svaert-uheldig\/&#038;hashtags=Hoyre\" target=\"_blank\"><span class=\"screen-reader-text\">Del p\u00e5 twitter<\/span><\/a>\n\t\t<a class=\"share-button share-facebook\" href=\"https:\/\/www.facebook.com\/sharer\/sharer.php?u=https:\/\/hoyre.no\/arendal\/aktuelt\/vi-skal-bygge-for-fremtiden-i-arendal-da-er-boplikt-svaert-uheldig\/\" target=\"_blank\"><span class=\"screen-reader-text\">Del p\u00e5 facebook<\/span><\/a>\n\t<\/div>\n\t\t\t\t\t<\/div>\n\t\t\t<\/div>\n\n\t\t\t<figure class=\"hoyre-image-wrapper\"><div class=\"hoyre-image\"><img loading=\"lazy\" decoding=\"async\" width=\"1920\" height=\"1461\" src=\"https:\/\/hoyre.no\/content\/uploads\/sites\/41\/2023\/06\/G-F-Sissener-Foto-Mona-Hauglid-6036-mai-2023-1.jpg\" class=\"attachment-scaled size-scaled\" alt=\"\" style=\"object-position: 50% 50%\" srcset=\"https:\/\/hoyre.no\/content\/uploads\/sites\/41\/2023\/06\/G-F-Sissener-Foto-Mona-Hauglid-6036-mai-2023-1.jpg 1920w, https:\/\/hoyre.no\/content\/uploads\/sites\/41\/2023\/06\/G-F-Sissener-Foto-Mona-Hauglid-6036-mai-2023-1-300x228.jpg 300w, https:\/\/hoyre.no\/content\/uploads\/sites\/41\/2023\/06\/G-F-Sissener-Foto-Mona-Hauglid-6036-mai-2023-1-1024x779.jpg 1024w, https:\/\/hoyre.no\/content\/uploads\/sites\/41\/2023\/06\/G-F-Sissener-Foto-Mona-Hauglid-6036-mai-2023-1-768x584.jpg 768w, https:\/\/hoyre.no\/content\/uploads\/sites\/41\/2023\/06\/G-F-Sissener-Foto-Mona-Hauglid-6036-mai-2023-1-1536x1169.jpg 1536w\" sizes=\"auto, (max-width: 1920px) 100vw, 1920px\" \/><\/div><figcaption class=\"caption\">Geir Fredrik Sissener, gruppeleder Arendal H\u00f8yre.<br><\/figcaption><\/figure>\n\n\n\n\n<p>I bystyret 22.juni 2023 vedtok bystyret i Arendal \u00e5 sende ut p\u00e5 h\u00f8ring om \u00e5 gjeninnf\u00f8re boplikt i Kilsund og Kolbj\u00f8rnsvik. <\/p>\n\n\n\n<p>23 stemte for: 13 Ap, 3 Sp, 2 SV, 2 uavh., 1 Hp, 1 MDG, 1 Arendalslista) mens 16 stemte imot (8 H, 4 FrP, 2 KrF, 1 V, 1 Pp). <\/p>\n\n\n\n<p>H\u00f8ringsfristen er satt til 1.september 2023. 11. september er det valg, og saken vil ikke bli behandlet f\u00f8r etter valget.<\/p>\n\n\n\n<p>H\u00f8yre oppfordrer alle ber\u00f8rte til \u00e5 sende inn h\u00f8ringssvar. H\u00f8yre finner det klart urettferdig at to omr\u00e5der eventuelt i en s\u00e5kalt fors\u00f8ksordning f\u00e5r boplikt og der grensene skaper stor uenighet i lokalsamfunnet. Det blir spennende \u00e5 se hva Landbruksdirektoratet mener om det.H\u00f8yre er av mange \u00e5rsaker imot boplikt. Vi er i en situasjon med vekst i Arendal, og synes det derfor er sv\u00e6rt paradoksalt og klart imot intensjonene knyttet til boplikt \u00e5 innf\u00f8re ordningen. Boplikt er en inngripen i den enkeltes eiendom og dens verdi.\u00a0<\/p>\n\n\n\n<p>Professor Theis Theisen ved Universitet i Agder har gjennom forskning konkludert at med innf\u00f8ring av boplikt, s\u00e5 reduseres prisene p\u00e5 bolig med ca. 10%. I noen sj\u00f8n\u00e6re tilfeller, enda mer.\u00a0<br><\/p>\n\n\n\n<p>Dagens forskrift er full av hull og mangler og ressurskrevende \u00e5 f\u00f8lge opp fra kommunens side. For \u00e5 unng\u00e5 reglene kan man \u00ableie en s\u00f8rlending\u00bb, man kan arve et hus, man kan overf\u00f8re fra ektefelle til den andre etter 5 \u00e5r osv.<br><\/p>\n\n\n\n<p>Arbeiderpartiet hevder at de ved innf\u00f8ring av boplikt skal sikre innbyggerne i Arendal bolig. Det er en lite fremtidsrettet tenkning i en situasjon der vi skal bli mange flere tusen nye innbyggere kommende \u00e5r, og behovet er estimert til 500 nye boenheter hvert \u00e5r.\u00a0<\/p>\n\n\n\n<p>Det blir stadig f\u00e6rre kommuner med boplikt. I dag er det kun 41 av Norges 356 kommuner som har boplikt i en eller annen form. Siste kommune ut til \u00e5 forlate boplikten er Ris\u00f8r kommune.\u00a0<\/p>\n\n\n\n<p>Markedet m\u00e5 fungere best mulig n\u00e5r vi n\u00e5 skal tilrettelegge for den flotte industrialisering og medf\u00f8lgende veksten vi n\u00e5 st\u00e5r overfor i Arendal.<br>B\u00e5de AP og SV p\u00e5st\u00e5r bruktboligprisene i Arendal er h\u00f8ye. Det har v\u00e6rt en god prisstigning p\u00e5 bolig i Arendal siste \u00e5ret (8,8%). <\/p>\n\n\n\n<p>Men i dag ligger boligprisene p\u00e5 brukt enebolig i Arendal p\u00e5 kr 4.050.599. Dette er lavere enn for eksempel Grimstad (kr 4.176.444), Lillesand (Kr 4.320.000) og Kristiansand (5.391.178). Tallene er fra snittet siste 12 m\u00e5neder pr. april 2023 og er fra Eiendomsverdi.<\/p>\n\n\n\n<p>Samtidig har kostnadene ved bygging av hus og ikke minst leiligheter steget kraftig siste 2 \u00e5r, opp mot 25%. Det er dette negative gapet H\u00f8yre s\u00e5 tydelig p\u00e5peker.\u00a0<\/p>\n\n\n\n<p>I dagens marked, med behov for dobling av bebygde boenheter og med kraftig prisvekst p\u00e5 kostnadssiden, s\u00e5 burde prisen p\u00e5 bruktboliger opp og ikke ned. Det er sv\u00e6rt mange \u00e5r siden det i Norge har v\u00e6rt bygget s\u00e5 f\u00e5 nye boliger som n\u00e5. Det har med nevnte prisvekst p\u00e5 kostnadssiden p\u00e5 nybygg \u00e5 gj\u00f8re.\u00a0Vi ser n\u00e5 at sv\u00e6rt mange utbyggere n\u00e5 avventer boligbygging, ogs\u00e5 i Arendal. Vi vil fort komme p\u00e5 etterskudd med boligbygging. <\/p>\n\n\n\n<p>Det vil i s\u00e5 fall kunne medf\u00f8re en sv\u00e6rt kraftig prisvekst b\u00e5de p\u00e5 bolig og i leiemarkedet slik vi har sett i for eksempel Nord-Sverige med deres batterifabrikk NorthVolt. Det vil i s\u00e5 fall v\u00e6re sv\u00e6rt uheldig.\u00a0<\/p>\n\n\n\n<p><strong>Geir Fredrik Sissener, gruppeleder Arendal H\u00f8yre.<\/strong><\/p>\n\n\n<div class=\"tags\">\n\t\t<div class=\"wp-block-tag-cloud\">\n\t\t\t\t\t<a href=\"https:\/\/hoyre.no\/arendal\/aktuelt\/tag\/valget2023\/\" class=\"tag-cloud-link\">Valget2023<\/a>\n\t\t\t<\/div>\n\t<\/div>\n<div class=\"post-footer alignfull has-background block-editor-block-list__block\" data-align=full>\n\t<div class=\"post-footer-inner\">\n\t\t<h3>Relaterte artikler<\/h3>\n\t\t<div class=\"related-content\"><div class=\"is-card-hoyre\">\n\t<div class=\"teft-card hoyre-teft-card post-teft-card\">\n\t\t<a href=\"https:\/\/hoyre.no\/arendal\/aktuelt\/alfabetisk-navneliste-over-hoyres-valgvillige-stortingsvalgkandidater-2025-2029-i-aust-agder-valgdistrikt\/\" class=\"teft-card__primary-action\">\n\n\t\t\t\t\t<div class=\"teft-card__media teft-card__media--16-9\">\n\t\t\t\t\t\t<img loading=\"lazy\" decoding=\"async\" width=\"768\" height=\"768\" src=\"https:\/\/hoyre.no\/content\/uploads\/sites\/41\/2022\/11\/2020_RGB_hoyre_logo_profilbilde_011-768x768.png\" class=\"attachment-medium_large size-medium_large\" alt=\"\" srcset=\"https:\/\/hoyre.no\/content\/uploads\/sites\/41\/2022\/11\/2020_RGB_hoyre_logo_profilbilde_011-768x768.png 768w, https:\/\/hoyre.no\/content\/uploads\/sites\/41\/2022\/11\/2020_RGB_hoyre_logo_profilbilde_011-300x300.png 300w, https:\/\/hoyre.no\/content\/uploads\/sites\/41\/2022\/11\/2020_RGB_hoyre_logo_profilbilde_011-150x150.png 150w, https:\/\/hoyre.no\/content\/uploads\/sites\/41\/2022\/11\/2020_RGB_hoyre_logo_profilbilde_011.png 1000w\" sizes=\"auto, (max-width: 768px) 100vw, 768px\" \/>\t\t<\/div>\n\t\t\n\t\t\t<div class=\"teft-card__content-wrapper\">\n\t\t\t\t<div class=\"teft-card__secondary\">\n\t\t\t\t\t\n\t\t\t\t\t\t\t\t<div class=\"teft-card__meta\">\n\t\t\t\t\t\t\t\t\t<span class=\"post-date\">28. aug 2024<\/span>\n\n\t\t\t\t\t\t\t\t\t<span class=\"post-category\">Nominasjon<\/span>\t\t\t\t\t\t\t\t<\/div>\n\t\t\t\t\t\t\t\t\t\t\t<\/div>\n\n\t\t\t\t<div class=\"teft-card__primary\">\n\t\t\t\t\t<h2 class=\"teft-card__title\">Alfabetisk navneliste over H\u00f8yres valgvillige stortingsvalgkandidater 2025 \u2013 2029 i Aust-Agder valgdistrikt&nbsp;<span class=\"teft-card__primary-title-append\"><\/span><\/h2>\t\t\t\t<\/div>\n\t\t\t<\/div>\n\t\t<\/a>\n\t<\/div>\n\n\t<\/div><div class=\"is-card-hoyre\">\n\t<div class=\"teft-card hoyre-teft-card post-teft-card\">\n\t\t<a href=\"https:\/\/hoyre.no\/arendal\/aktuelt\/provenominasjon-for-stortingsvalget-2025\/\" class=\"teft-card__primary-action\">\n\n\t\t\t\t\t<div class=\"teft-card__media teft-card__media--16-9\">\n\t\t\t\t\t\t<img loading=\"lazy\" decoding=\"async\" width=\"768\" height=\"320\" src=\"https:\/\/hoyre.no\/content\/uploads\/sites\/41\/2024\/08\/stortingsbygningeneidsvolls-768x320.jpg\" class=\"attachment-medium_large size-medium_large\" alt=\"Stortinget\" srcset=\"https:\/\/hoyre.no\/content\/uploads\/sites\/41\/2024\/08\/stortingsbygningeneidsvolls-768x320.jpg 768w, https:\/\/hoyre.no\/content\/uploads\/sites\/41\/2024\/08\/stortingsbygningeneidsvolls-300x125.jpg 300w, https:\/\/hoyre.no\/content\/uploads\/sites\/41\/2024\/08\/stortingsbygningeneidsvolls.jpg 840w\" sizes=\"auto, (max-width: 768px) 100vw, 768px\" \/>\t\t<\/div>\n\t\t\n\t\t\t<div class=\"teft-card__content-wrapper\">\n\t\t\t\t<div class=\"teft-card__secondary\">\n\t\t\t\t\t\n\t\t\t\t\t\t\t\t<div class=\"teft-card__meta\">\n\t\t\t\t\t\t\t\t\t<span class=\"post-date\">22. aug 2024<\/span>\n\n\t\t\t\t\t\t\t\t\t<span class=\"post-category\">Nominasjon<\/span>\t\t\t\t\t\t\t\t<\/div>\n\t\t\t\t\t\t\t\t\t\t\t<\/div>\n\n\t\t\t\t<div class=\"teft-card__primary\">\n\t\t\t\t\t<h2 class=\"teft-card__title\">Pr\u00f8venominasjon for Stortingsvalget 2025&nbsp;<span class=\"teft-card__primary-title-append\"><\/span><\/h2>\t\t\t\t<\/div>\n\t\t\t<\/div>\n\t\t<\/a>\n\t<\/div>\n\n\t<\/div><div class=\"is-card-hoyre\">\n\t<div class=\"teft-card hoyre-teft-card post-teft-card\">\n\t\t<a href=\"https:\/\/hoyre.no\/arendal\/aktuelt\/arendalsuka-mer-enn-bare-enn-fest-for-fiffen\/\" class=\"teft-card__primary-action\">\n\n\t\t\t\t\t<div class=\"teft-card__media teft-card__media--16-9\">\n\t\t\t\t\t\t<img loading=\"lazy\" decoding=\"async\" width=\"720\" height=\"540\" src=\"https:\/\/hoyre.no\/content\/uploads\/sites\/41\/2024\/08\/download-1.jpg\" class=\"attachment-medium_large size-medium_large\" alt=\"\" srcset=\"https:\/\/hoyre.no\/content\/uploads\/sites\/41\/2024\/08\/download-1.jpg 720w, https:\/\/hoyre.no\/content\/uploads\/sites\/41\/2024\/08\/download-1-300x225.jpg 300w\" sizes=\"auto, (max-width: 720px) 100vw, 720px\" \/>\t\t<\/div>\n\t\t\n\t\t\t<div class=\"teft-card__content-wrapper\">\n\t\t\t\t<div class=\"teft-card__secondary\">\n\t\t\t\t\t\n\t\t\t\t\t\t\t\t<div class=\"teft-card__meta\">\n\t\t\t\t\t\t\t\t\t<span class=\"post-date\">21. aug 2024<\/span>\n\n\t\t\t\t\t\t\t\t\t<span class=\"post-category\">Debatt<\/span>\t\t\t\t\t\t\t\t<\/div>\n\t\t\t\t\t\t\t\t\t\t\t<\/div>\n\n\t\t\t\t<div class=\"teft-card__primary\">\n\t\t\t\t\t<h2 class=\"teft-card__title\">Arendalsuka: Mer enn bare enn fest for \u201cfiffen\u201d&nbsp;<span class=\"teft-card__primary-title-append\"><\/span><\/h2>\t\t\t\t<\/div>\n\t\t\t<\/div>\n\t\t<\/a>\n\t<\/div>\n\n\t<\/div><\/div>\t<\/div>\n<\/div>\n\n\n\n<p><\/p>\n","protected":false},"excerpt":{"rendered":"","protected":false},"author":36946,"featured_media":0,"comment_status":"closed","ping_status":"closed","sticky":false,"template":"","format":"standard","meta":{"teft_cards_image_url":"","teft_cards_custom_pretitle":"","teft_cards_image_id":445,"teft_cards_image_focal_point_x":0.5,"teft_cards_image_focal_point_y":0.5,"teft_cards_title":"","teft_cards_excerpt":"","teft_show_chapters":false,"author_display_name":"","footnotes":""},"category":[7],"post_tag":[4],"hoyre-visibility":[],"article-type":[],"politician":[],"class_list":["post-443","post","type-post","status-publish","format-standard","hentry","category-debatt","tag-valget2023"],"yoast_head":"<!-- This site is optimized with the Yoast SEO plugin v26.6 - https:\/\/yoast.com\/wordpress\/plugins\/seo\/ -->\n<title>Vi skal bygge for fremtiden i Arendal - da er boplikt sv\u00e6rt uheldig - Arendal H\u00f8yre<\/title>\n<meta name=\"robots\" content=\"index, follow, max-snippet:-1, max-image-preview:large, max-video-preview:-1\" \/>\n<link rel=\"canonical\" href=\"https:\/\/hoyre.no\/arendal\/aktuelt\/vi-skal-bygge-for-fremtiden-i-arendal-da-er-boplikt-svaert-uheldig\/\" \/>\n<meta property=\"og:locale\" content=\"nb_NO\" \/>\n<meta property=\"og:type\" content=\"article\" \/>\n<meta property=\"og:title\" content=\"Vi skal bygge for fremtiden i Arendal - da er boplikt sv\u00e6rt uheldig - Arendal H\u00f8yre\" \/>\n<meta property=\"og:url\" content=\"https:\/\/hoyre.no\/arendal\/aktuelt\/vi-skal-bygge-for-fremtiden-i-arendal-da-er-boplikt-svaert-uheldig\/\" \/>\n<meta property=\"og:site_name\" content=\"Arendal H\u00f8yre\" \/>\n<meta property=\"article:published_time\" content=\"2023-06-30T11:43:43+00:00\" \/>\n<meta property=\"article:modified_time\" content=\"2023-06-30T11:51:23+00:00\" \/>\n<meta property=\"og:image\" content=\"https:\/\/hoyre.no\/content\/uploads\/sites\/41\/2024\/08\/download-1.jpg\" \/>\n<meta name=\"author\" content=\"Cathrine Coucheron Berli\" \/>\n<meta name=\"twitter:card\" content=\"summary_large_image\" \/>\n<meta name=\"twitter:label1\" content=\"Skrevet av\" \/>\n\t<meta name=\"twitter:data1\" content=\"Cathrine Coucheron Berli\" \/>\n\t<meta name=\"twitter:label2\" content=\"Ansl. lesetid\" \/>\n\t<meta name=\"twitter:data2\" content=\"4 minutter\" \/>\n<script type=\"application\/ld+json\" class=\"yoast-schema-graph\">{\"@context\":\"https:\/\/schema.org\",\"@graph\":[{\"@type\":\"NewsArticle\",\"@id\":\"https:\/\/hoyre.no\/arendal\/aktuelt\/vi-skal-bygge-for-fremtiden-i-arendal-da-er-boplikt-svaert-uheldig\/\",\"url\":\"https:\/\/hoyre.no\/arendal\/aktuelt\/vi-skal-bygge-for-fremtiden-i-arendal-da-er-boplikt-svaert-uheldig\/\",\"name\":\"Vi skal bygge for fremtiden i Arendal - da er boplikt sv\u00e6rt uheldig - Arendal H\u00f8yre\",\"isPartOf\":{\"@id\":\"https:\/\/hoyre.no\/arendal\/#website\"},\"datePublished\":\"2023-06-30T11:43:43+00:00\",\"dateModified\":\"2023-06-30T11:51:23+00:00\",\"author\":{\"@id\":\"https:\/\/hoyre.no\/arendal\/#\/schema\/person\/ac07cb46cf1a662fab0853a6b9c1cd87\"},\"breadcrumb\":{\"@id\":\"https:\/\/hoyre.no\/arendal\/aktuelt\/vi-skal-bygge-for-fremtiden-i-arendal-da-er-boplikt-svaert-uheldig\/#breadcrumb\"},\"inLanguage\":\"nb-NO\",\"potentialAction\":[{\"@type\":\"ReadAction\",\"target\":[\"https:\/\/hoyre.no\/arendal\/aktuelt\/vi-skal-bygge-for-fremtiden-i-arendal-da-er-boplikt-svaert-uheldig\/\"]}]},{\"@type\":\"BreadcrumbList\",\"@id\":\"https:\/\/hoyre.no\/arendal\/aktuelt\/vi-skal-bygge-for-fremtiden-i-arendal-da-er-boplikt-svaert-uheldig\/#breadcrumb\",\"itemListElement\":[{\"@type\":\"ListItem\",\"position\":1,\"name\":\"Til hoyre.no\",\"item\":\"https:\/\/hoyre.no\"},{\"@type\":\"ListItem\",\"position\":2,\"name\":\"Hjem\",\"item\":\"https:\/\/hoyre.no\/arendal\/\"},{\"@type\":\"ListItem\",\"position\":3,\"name\":\"Vi skal bygge for fremtiden i Arendal &#8211; da er boplikt sv\u00e6rt uheldig\"}]},{\"@type\":\"WebSite\",\"@id\":\"https:\/\/hoyre.no\/arendal\/#website\",\"url\":\"https:\/\/hoyre.no\/arendal\/\",\"name\":\"Arendal H\u00f8yre\",\"description\":\"Bare enda et H\u00f8yres nettsteder-nettsted\",\"inLanguage\":\"nb-NO\"},{\"@type\":\"Person\",\"@id\":\"https:\/\/hoyre.no\/arendal\/#\/schema\/person\/ac07cb46cf1a662fab0853a6b9c1cd87\",\"name\":\"Cathrine Coucheron Berli\",\"image\":{\"@type\":\"ImageObject\",\"inLanguage\":\"nb-NO\",\"@id\":\"https:\/\/hoyre.no\/arendal\/#\/schema\/person\/image\/\",\"url\":\"https:\/\/secure.gravatar.com\/avatar\/08e70978cc7c8f19bfdcaf005e0379d7aef8879456282010bc4d632692d294d7?s=96&d=mm&r=g\",\"contentUrl\":\"https:\/\/secure.gravatar.com\/avatar\/08e70978cc7c8f19bfdcaf005e0379d7aef8879456282010bc4d632692d294d7?s=96&d=mm&r=g\",\"caption\":\"Cathrine Coucheron Berli\"},\"url\":\"https:\/\/hoyre.no\/arendal\/aktuelt\/author\/m52168945\/\"}]}<\/script>\n<!-- \/ Yoast SEO plugin. -->","yoast_head_json":{"title":"Vi skal bygge for fremtiden i Arendal - da er boplikt sv\u00e6rt uheldig - Arendal H\u00f8yre","robots":{"index":"index","follow":"follow","max-snippet":"max-snippet:-1","max-image-preview":"max-image-preview:large","max-video-preview":"max-video-preview:-1"},"canonical":"https:\/\/hoyre.no\/arendal\/aktuelt\/vi-skal-bygge-for-fremtiden-i-arendal-da-er-boplikt-svaert-uheldig\/","og_locale":"nb_NO","og_type":"article","og_title":"Vi skal bygge for fremtiden i Arendal - da er boplikt sv\u00e6rt uheldig - Arendal H\u00f8yre","og_url":"https:\/\/hoyre.no\/arendal\/aktuelt\/vi-skal-bygge-for-fremtiden-i-arendal-da-er-boplikt-svaert-uheldig\/","og_site_name":"Arendal H\u00f8yre","article_published_time":"2023-06-30T11:43:43+00:00","article_modified_time":"2023-06-30T11:51:23+00:00","og_image":[{"url":"https:\/\/hoyre.no\/content\/uploads\/sites\/41\/2024\/08\/download-1.jpg","width":"","height":"","type":""}],"author":"Cathrine Coucheron Berli","twitter_card":"summary_large_image","twitter_misc":{"Skrevet av":"Cathrine Coucheron Berli","Ansl. lesetid":"4 minutter"},"schema":{"@context":"https:\/\/schema.org","@graph":[{"@type":"NewsArticle","@id":"https:\/\/hoyre.no\/arendal\/aktuelt\/vi-skal-bygge-for-fremtiden-i-arendal-da-er-boplikt-svaert-uheldig\/","url":"https:\/\/hoyre.no\/arendal\/aktuelt\/vi-skal-bygge-for-fremtiden-i-arendal-da-er-boplikt-svaert-uheldig\/","name":"Vi skal bygge for fremtiden i Arendal - da er boplikt sv\u00e6rt uheldig - Arendal H\u00f8yre","isPartOf":{"@id":"https:\/\/hoyre.no\/arendal\/#website"},"datePublished":"2023-06-30T11:43:43+00:00","dateModified":"2023-06-30T11:51:23+00:00","author":{"@id":"https:\/\/hoyre.no\/arendal\/#\/schema\/person\/ac07cb46cf1a662fab0853a6b9c1cd87"},"breadcrumb":{"@id":"https:\/\/hoyre.no\/arendal\/aktuelt\/vi-skal-bygge-for-fremtiden-i-arendal-da-er-boplikt-svaert-uheldig\/#breadcrumb"},"inLanguage":"nb-NO","potentialAction":[{"@type":"ReadAction","target":["https:\/\/hoyre.no\/arendal\/aktuelt\/vi-skal-bygge-for-fremtiden-i-arendal-da-er-boplikt-svaert-uheldig\/"]}]},{"@type":"BreadcrumbList","@id":"https:\/\/hoyre.no\/arendal\/aktuelt\/vi-skal-bygge-for-fremtiden-i-arendal-da-er-boplikt-svaert-uheldig\/#breadcrumb","itemListElement":[{"@type":"ListItem","position":1,"name":"Til hoyre.no","item":"https:\/\/hoyre.no"},{"@type":"ListItem","position":2,"name":"Hjem","item":"https:\/\/hoyre.no\/arendal\/"},{"@type":"ListItem","position":3,"name":"Vi skal bygge for fremtiden i Arendal &#8211; da er boplikt sv\u00e6rt uheldig"}]},{"@type":"WebSite","@id":"https:\/\/hoyre.no\/arendal\/#website","url":"https:\/\/hoyre.no\/arendal\/","name":"Arendal H\u00f8yre","description":"Bare enda et H\u00f8yres nettsteder-nettsted","inLanguage":"nb-NO"},{"@type":"Person","@id":"https:\/\/hoyre.no\/arendal\/#\/schema\/person\/ac07cb46cf1a662fab0853a6b9c1cd87","name":"Cathrine Coucheron Berli","image":{"@type":"ImageObject","inLanguage":"nb-NO","@id":"https:\/\/hoyre.no\/arendal\/#\/schema\/person\/image\/","url":"https:\/\/secure.gravatar.com\/avatar\/08e70978cc7c8f19bfdcaf005e0379d7aef8879456282010bc4d632692d294d7?s=96&d=mm&r=g","contentUrl":"https:\/\/secure.gravatar.com\/avatar\/08e70978cc7c8f19bfdcaf005e0379d7aef8879456282010bc4d632692d294d7?s=96&d=mm&r=g","caption":"Cathrine Coucheron Berli"},"url":"https:\/\/hoyre.no\/arendal\/aktuelt\/author\/m52168945\/"}]}},"distributor_meta":false,"distributor_terms":false,"distributor_media":false,"distributor_original_site_name":"Arendal H\u00f8yre","distributor_original_site_url":"https:\/\/hoyre.no\/arendal","push-errors":false,"_links":{"self":[{"href":"https:\/\/hoyre.no\/arendal\/wp-json\/wp\/v2\/posts\/443","targetHints":{"allow":["GET"]}}],"collection":[{"href":"https:\/\/hoyre.no\/arendal\/wp-json\/wp\/v2\/posts"}],"about":[{"href":"https:\/\/hoyre.no\/arendal\/wp-json\/wp\/v2\/types\/post"}],"author":[{"embeddable":true,"href":"https:\/\/hoyre.no\/arendal\/wp-json\/wp\/v2\/users\/36946"}],"replies":[{"embeddable":true,"href":"https:\/\/hoyre.no\/arendal\/wp-json\/wp\/v2\/comments?post=443"}],"version-history":[{"count":3,"href":"https:\/\/hoyre.no\/arendal\/wp-json\/wp\/v2\/posts\/443\/revisions"}],"predecessor-version":[{"id":450,"href":"https:\/\/hoyre.no\/arendal\/wp-json\/wp\/v2\/posts\/443\/revisions\/450"}],"wp:attachment":[{"href":"https:\/\/hoyre.no\/arendal\/wp-json\/wp\/v2\/media?parent=443"}],"wp:term":[{"taxonomy":"category","embeddable":true,"href":"https:\/\/hoyre.no\/arendal\/wp-json\/wp\/v2\/category?post=443"},{"taxonomy":"post_tag","embeddable":true,"href":"https:\/\/hoyre.no\/arendal\/wp-json\/wp\/v2\/post_tag?post=443"},{"taxonomy":"hoyre-visibility","embeddable":true,"href":"https:\/\/hoyre.no\/arendal\/wp-json\/wp\/v2\/hoyre-visibility?post=443"},{"taxonomy":"article-type","embeddable":true,"href":"https:\/\/hoyre.no\/arendal\/wp-json\/wp\/v2\/article-type?post=443"},{"taxonomy":"politician","embeddable":true,"href":"https:\/\/hoyre.no\/arendal\/wp-json\/wp\/v2\/politician?post=443"}],"curies":[{"name":"wp","href":"https:\/\/api.w.org\/{rel}","templated":true}]}}