{"id":470,"date":"2023-07-09T10:06:46","date_gmt":"2023-07-09T08:06:46","guid":{"rendered":"https:\/\/hoyre.no\/arendal\/?p=470"},"modified":"2023-07-09T10:08:12","modified_gmt":"2023-07-09T08:08:12","slug":"for-oss-fremstar-skolepolitikken-til-arendal-ap-som-klassisk-ansvarsfraskrivelse","status":"publish","type":"post","link":"https:\/\/hoyre.no\/arendal\/aktuelt\/for-oss-fremstar-skolepolitikken-til-arendal-ap-som-klassisk-ansvarsfraskrivelse\/","title":{"rendered":"For oss fremst\u00e5r skolepolitikken til Arendal Ap som klassisk ansvarsfraskrivelse"},"content":{"rendered":"\n<p class=\"preamble\">Ordf\u00f8rer Robert C. Nordli hever seg over \u00e5 v\u00e6re politiker, og Ap har fjernet mer eller mindre alt de n\u00e5 vil innf\u00f8re i skolene igjen. Ap har ikke r\u00e5d til H\u00f8yres skoleoppskrift.<\/p>\t\t\t<div class=\"post-meta wp-block teft-byline-wrapper\">\n\t\t\t\t<div class=\"top\">\n\t\t\t\t\t<div class=\"signature\">\n\t\t\t\t\t\t<div class=\"teft-byline\">\n\t\t\t\t\t\t\t\t\t\t\t\t\t\t<div>\n\t\t\t\t\t\t\t\t<h3>H\u00f8yres redaksjon<\/h3>\t\t\t\t\t\t\t\t\n\t\t\t\t\t\t\t\t\t\t\t\t\t\t\t\t\t<span class=\"date\">Sist oppdatert: 9. juli 2023<\/span>\n\t\t\t\t\t\t\t\t\t\t\t\t\t\t\t\t\t\t\t\t\t\t\t\t\t<span class=\"reading-time\" itemprop=\"timeRequired\" content=\"PT3M\"><em>Ca. 3 minutter lesetid<\/em><\/span>\n\t\t\t\t\t\t\t\t\t\t\t\t\t\t\t<\/div>\n\t\t\t\t\t\t<\/div>\n\t\t\t\t\t<\/div>\n\t\t\t\t\t\t<div class=\"sharing\">\n\t\t<a class=\"share-button share-link copy-link\" data-copy=\"https:\/\/hoyre.no\/arendal\/aktuelt\/for-oss-fremstar-skolepolitikken-til-arendal-ap-som-klassisk-ansvarsfraskrivelse\/\" target=\"_blank\"><span class=\"screen-reader-text\">Del link<\/span><\/a>\n\t\t<a class=\"share-button share-twitter\" href=\"http:\/\/twitter.com\/share?text=For oss fremst\u00e5r skolepolitikken til Arendal Ap som klassisk ansvarsfraskrivelse&#038;url=https:\/\/hoyre.no\/arendal\/aktuelt\/for-oss-fremstar-skolepolitikken-til-arendal-ap-som-klassisk-ansvarsfraskrivelse\/&#038;hashtags=Hoyre\" target=\"_blank\"><span class=\"screen-reader-text\">Del p\u00e5 twitter<\/span><\/a>\n\t\t<a class=\"share-button share-facebook\" href=\"https:\/\/www.facebook.com\/sharer\/sharer.php?u=https:\/\/hoyre.no\/arendal\/aktuelt\/for-oss-fremstar-skolepolitikken-til-arendal-ap-som-klassisk-ansvarsfraskrivelse\/\" target=\"_blank\"><span class=\"screen-reader-text\">Del p\u00e5 facebook<\/span><\/a>\n\t<\/div>\n\t\t\t\t\t<\/div>\n\t\t\t<\/div>\n\n\t\t\t<figure class=\"hoyre-image-wrapper\"><div class=\"hoyre-image\"><img loading=\"lazy\" decoding=\"async\" width=\"1920\" height=\"1223\" src=\"https:\/\/hoyre.no\/content\/uploads\/sites\/41\/2023\/05\/Arendal-HA\u00b8yre-Linda-Haagen-Nina.jpg\" class=\"attachment-scaled size-scaled\" alt=\"\" style=\"object-position: 50% 50%\" srcset=\"https:\/\/hoyre.no\/content\/uploads\/sites\/41\/2023\/05\/Arendal-HA\u00b8yre-Linda-Haagen-Nina.jpg 1920w, https:\/\/hoyre.no\/content\/uploads\/sites\/41\/2023\/05\/Arendal-HA\u00b8yre-Linda-Haagen-Nina-300x191.jpg 300w, https:\/\/hoyre.no\/content\/uploads\/sites\/41\/2023\/05\/Arendal-HA\u00b8yre-Linda-Haagen-Nina-1024x652.jpg 1024w, https:\/\/hoyre.no\/content\/uploads\/sites\/41\/2023\/05\/Arendal-HA\u00b8yre-Linda-Haagen-Nina-768x489.jpg 768w, https:\/\/hoyre.no\/content\/uploads\/sites\/41\/2023\/05\/Arendal-HA\u00b8yre-Linda-Haagen-Nina-1536x978.jpg 1536w\" sizes=\"auto, (max-width: 1920px) 100vw, 1920px\" \/><\/div><figcaption class=\"caption\">Haagen Poppe (f.v.), Linda \u00d8ygarden og Nina Roland i Arendal H\u00f8yre reagerer p\u00e5 Arendal Aps skolepolitiske utspill.<\/figcaption><\/figure>\n\n\n\n\n<p>Etter \u00e5 ha utarmet skolene i flere \u00e5r, innser n\u00e5 Arbeiderpartiet at deres mange og dramatiske kutt har v\u00e6rt negativt for skolemilj\u00f8et og l\u00e6ringsutbyttet til elevene i Arendalsskolen. N\u00e5 kommer de med en rekke valgl\u00f8fter som er rene reverseringer av egen politikk i Agderposten 3. juli.<\/p>\n\n\n\n<p>De siste \u00e5rene har posisjonen blant annet kuttet \u00e5rsverk for spesialpedagoger, fritidsmedarbeidere, p\u00e5 helsestasjonen og ikke-pedagogisk personale p\u00e5 skolene. H\u00f8yre har stemt mot disse kuttene og synes det er flott at AP n\u00e5 snur og innser at H\u00f8yres politikk er klok.<\/p>\n\n\n\n<p>Det er bare ett problem: De har ikke r\u00e5d til H\u00f8yres skoleoppskrift og tar heller ikke ansvar for \u00e5 f\u00e5 det til. N\u00e5r Agderposten sp\u00f8r hvordan ordf\u00f8reren vil finansiere forslagene, svarer han simpelthen:&nbsp;<em>\u00abDet m\u00e5 politikerne l\u00f8se,\u00bb&nbsp;<\/em>og innr\u00f8mmer at han ikke har en plan og hever seg over det \u00e5 selv v\u00e6re politiker.<\/p>\n\n\n\n<p>For oss fremst\u00e5r det som klassisk ansvarsfraskrivelse. Ut ifra saken kunne man f\u00e5 inntrykk av at ogs\u00e5 AP n\u00e5 innser at \u00e5 bruke pengene p\u00e5 tomme klasserom og gamle skolebygg er lite form\u00e5lstjenlig, men dette dementeres av Jelena H\u00f8egh-Omdal i en kommentarutveksling under bystyrekandidat Anniken Solfjeld Pedersens deling av saken p\u00e5 Facebook:&nbsp;<em>\u00abHer er det feilsitat. Ordet skulle v\u00e6re omorganisering og det ift. Spesped og tankegangen rundt organisering av undervisning.\u00bb<\/em><\/p>\n\n\n\n<p>I tillegg til kutt i Arendalsskolen opplever vi manglende handling fra politisk ledelse for \u00e5 f\u00f8lge opp vedtatte politiske saker. Rektorer rapporterer om \u00f8kt vold, noe ordf\u00f8reren ogs\u00e5 innr\u00f8mmer \u00e5 vite. Hva er grunnen til at han ikke har fulgt opp implementeringsarbeidet av handlingsplanen for vold og trusler mot ansatte fra 2019? N\u00e5r det kommer til flere l\u00e6rere, har det sittende bystyret allerede vedtatt \u00e5 opprette to pilotskoler som skal ha et tol\u00e6rersystem. Dette har v\u00e6rt etterspurt av H\u00f8yre ved flere anledninger uten at det enda er blitt iverksatt p\u00e5 Arbeiderpartiets vakt.<\/p>\n\n\n\n<p>De neste \u00e5rene m\u00e5 vi spare 140 millioner i Arendalsskolen, samtidig som vi har store utfordringer med manglende resultater, vold og mobbing, ufrivillig skolefrav\u00e6r, manglende kompetanse ved spesialpedagogisk undervisning og h\u00f8yt sykefrav\u00e6r. At skolene ved enhetsledere, l\u00e6rere, foreldre, og elever lenge har hatt et \u00absmerteuttrykk\u00bb og har strevd kan umulig komme som en overraskelse for ordf\u00f8rer Robert C. Nordli og deres representant Jelena H\u00f8egh-Omdal i oppvekstkomiteen.<\/p>\n\n\n\n<p>Aldri har vi hatt s\u00e5 mange barn og unge som strever med \u00e5 klare \u00e5 g\u00e5 p\u00e5 skolen, ufrivillig skolefrav\u00e6r har skutt i v\u00e6ret. I en interpellasjon sent i h\u00f8st hvor vi spurte hvor mange barn det dreide seg om, var svaret fra ordf\u00f8reren 11 barn. Da vi var p\u00e5 befaring i april, var tallet bare p\u00e5 Asdal skole 12 elever. Med n\u00e6r forhistorie om kutt i tjenestene de n\u00e5 \u00f8nsker \u00e5 styrke, manglende implementering av vedtatt politikk og ingen svar p\u00e5 hvordan de skal f\u00e5 inndekning, fremst\u00e5r valgkamputspillet krampaktig.<\/p>\n\n\n\n<p>H\u00f8yre ser fram til rapporten som flertallet og ogs\u00e5 AP i bystyret har bestilt fra kommune administrasjonen. Hvordan vi skal f\u00e5 en fremtidig b\u00e6rekraftig skolestruktur for Arendals-skolen med h\u00f8y kvalitet. Bare slik vil vi i framtiden f\u00e5 r\u00e5d til \u00e5 ansette flere spesialpedagoger med rett kompetanse, gi l\u00e6rere faglig p\u00e5fyll, \u00f8ke l\u00e6rertettheten, ha flere helsesykepleiere og annet tverrfaglig personale som kan skape trygge, gode inkluderende l\u00e6ringsmilj\u00f8er og gi alle elever muligheter i Arendals-skolen.<\/p>\n\n\n\n<p><strong>Linda \u00d8ygarden, <\/strong>Arendal H\u00f8yres ordf\u00f8rerkandidat<br><strong>Haagen Poppe, <\/strong>2. kandidat til kommunevalget<br><strong>Nina Roland<\/strong>, 3. kandidat til kommunevalget<\/p>\n\n\n<div class=\"tags\">\n\t\t<div class=\"wp-block-tag-cloud\">\n\t\t\t\t\t<a href=\"https:\/\/hoyre.no\/arendal\/aktuelt\/tag\/ordforerkandidat\/\" class=\"tag-cloud-link\">Ordf\u00f8rerkandidat<\/a>\n\t\t\t\t\t<a href=\"https:\/\/hoyre.no\/arendal\/aktuelt\/tag\/valget2023\/\" class=\"tag-cloud-link\">Valget2023<\/a>\n\t\t\t<\/div>\n\t<\/div>\n<div class=\"post-footer alignfull has-background block-editor-block-list__block\" data-align=full>\n\t<div class=\"post-footer-inner\">\n\t\t<h3>Relaterte artikler<\/h3>\n\t\t<div class=\"related-content\"><div class=\"is-card-hoyre\">\n\t<div class=\"teft-card hoyre-teft-card post-teft-card\">\n\t\t<a href=\"https:\/\/hoyre.no\/arendal\/aktuelt\/alfabetisk-navneliste-over-hoyres-valgvillige-stortingsvalgkandidater-2025-2029-i-aust-agder-valgdistrikt\/\" class=\"teft-card__primary-action\">\n\n\t\t\t\t\t<div class=\"teft-card__media teft-card__media--16-9\">\n\t\t\t\t\t\t<img loading=\"lazy\" decoding=\"async\" width=\"768\" height=\"768\" src=\"https:\/\/hoyre.no\/content\/uploads\/sites\/41\/2022\/11\/2020_RGB_hoyre_logo_profilbilde_011-768x768.png\" class=\"attachment-medium_large size-medium_large\" alt=\"\" srcset=\"https:\/\/hoyre.no\/content\/uploads\/sites\/41\/2022\/11\/2020_RGB_hoyre_logo_profilbilde_011-768x768.png 768w, https:\/\/hoyre.no\/content\/uploads\/sites\/41\/2022\/11\/2020_RGB_hoyre_logo_profilbilde_011-300x300.png 300w, https:\/\/hoyre.no\/content\/uploads\/sites\/41\/2022\/11\/2020_RGB_hoyre_logo_profilbilde_011-150x150.png 150w, https:\/\/hoyre.no\/content\/uploads\/sites\/41\/2022\/11\/2020_RGB_hoyre_logo_profilbilde_011.png 1000w\" sizes=\"auto, (max-width: 768px) 100vw, 768px\" \/>\t\t<\/div>\n\t\t\n\t\t\t<div class=\"teft-card__content-wrapper\">\n\t\t\t\t<div class=\"teft-card__secondary\">\n\t\t\t\t\t\n\t\t\t\t\t\t\t\t<div class=\"teft-card__meta\">\n\t\t\t\t\t\t\t\t\t<span class=\"post-date\">28. aug 2024<\/span>\n\n\t\t\t\t\t\t\t\t\t<span class=\"post-category\">Nominasjon<\/span>\t\t\t\t\t\t\t\t<\/div>\n\t\t\t\t\t\t\t\t\t\t\t<\/div>\n\n\t\t\t\t<div class=\"teft-card__primary\">\n\t\t\t\t\t<h2 class=\"teft-card__title\">Alfabetisk navneliste over H\u00f8yres valgvillige stortingsvalgkandidater 2025 \u2013 2029 i Aust-Agder valgdistrikt&nbsp;<span class=\"teft-card__primary-title-append\"><\/span><\/h2>\t\t\t\t<\/div>\n\t\t\t<\/div>\n\t\t<\/a>\n\t<\/div>\n\n\t<\/div><div class=\"is-card-hoyre\">\n\t<div class=\"teft-card hoyre-teft-card post-teft-card\">\n\t\t<a href=\"https:\/\/hoyre.no\/arendal\/aktuelt\/provenominasjon-for-stortingsvalget-2025\/\" class=\"teft-card__primary-action\">\n\n\t\t\t\t\t<div class=\"teft-card__media teft-card__media--16-9\">\n\t\t\t\t\t\t<img loading=\"lazy\" decoding=\"async\" width=\"768\" height=\"320\" src=\"https:\/\/hoyre.no\/content\/uploads\/sites\/41\/2024\/08\/stortingsbygningeneidsvolls-768x320.jpg\" class=\"attachment-medium_large size-medium_large\" alt=\"Stortinget\" srcset=\"https:\/\/hoyre.no\/content\/uploads\/sites\/41\/2024\/08\/stortingsbygningeneidsvolls-768x320.jpg 768w, https:\/\/hoyre.no\/content\/uploads\/sites\/41\/2024\/08\/stortingsbygningeneidsvolls-300x125.jpg 300w, https:\/\/hoyre.no\/content\/uploads\/sites\/41\/2024\/08\/stortingsbygningeneidsvolls.jpg 840w\" sizes=\"auto, (max-width: 768px) 100vw, 768px\" \/>\t\t<\/div>\n\t\t\n\t\t\t<div class=\"teft-card__content-wrapper\">\n\t\t\t\t<div class=\"teft-card__secondary\">\n\t\t\t\t\t\n\t\t\t\t\t\t\t\t<div class=\"teft-card__meta\">\n\t\t\t\t\t\t\t\t\t<span class=\"post-date\">22. aug 2024<\/span>\n\n\t\t\t\t\t\t\t\t\t<span class=\"post-category\">Nominasjon<\/span>\t\t\t\t\t\t\t\t<\/div>\n\t\t\t\t\t\t\t\t\t\t\t<\/div>\n\n\t\t\t\t<div class=\"teft-card__primary\">\n\t\t\t\t\t<h2 class=\"teft-card__title\">Pr\u00f8venominasjon for Stortingsvalget 2025&nbsp;<span class=\"teft-card__primary-title-append\"><\/span><\/h2>\t\t\t\t<\/div>\n\t\t\t<\/div>\n\t\t<\/a>\n\t<\/div>\n\n\t<\/div><div class=\"is-card-hoyre\">\n\t<div class=\"teft-card hoyre-teft-card post-teft-card\">\n\t\t<a href=\"https:\/\/hoyre.no\/arendal\/aktuelt\/arendalsuka-mer-enn-bare-enn-fest-for-fiffen\/\" class=\"teft-card__primary-action\">\n\n\t\t\t\t\t<div class=\"teft-card__media teft-card__media--16-9\">\n\t\t\t\t\t\t<img loading=\"lazy\" decoding=\"async\" width=\"720\" height=\"540\" src=\"https:\/\/hoyre.no\/content\/uploads\/sites\/41\/2024\/08\/download-1.jpg\" class=\"attachment-medium_large size-medium_large\" alt=\"\" srcset=\"https:\/\/hoyre.no\/content\/uploads\/sites\/41\/2024\/08\/download-1.jpg 720w, https:\/\/hoyre.no\/content\/uploads\/sites\/41\/2024\/08\/download-1-300x225.jpg 300w\" sizes=\"auto, (max-width: 720px) 100vw, 720px\" \/>\t\t<\/div>\n\t\t\n\t\t\t<div class=\"teft-card__content-wrapper\">\n\t\t\t\t<div class=\"teft-card__secondary\">\n\t\t\t\t\t\n\t\t\t\t\t\t\t\t<div class=\"teft-card__meta\">\n\t\t\t\t\t\t\t\t\t<span class=\"post-date\">21. aug 2024<\/span>\n\n\t\t\t\t\t\t\t\t\t<span class=\"post-category\">Debatt<\/span>\t\t\t\t\t\t\t\t<\/div>\n\t\t\t\t\t\t\t\t\t\t\t<\/div>\n\n\t\t\t\t<div class=\"teft-card__primary\">\n\t\t\t\t\t<h2 class=\"teft-card__title\">Arendalsuka: Mer enn bare enn fest for \u201cfiffen\u201d&nbsp;<span class=\"teft-card__primary-title-append\"><\/span><\/h2>\t\t\t\t<\/div>\n\t\t\t<\/div>\n\t\t<\/a>\n\t<\/div>\n\n\t<\/div><\/div>\t<\/div>\n<\/div>\n","protected":false},"excerpt":{"rendered":"","protected":false},"author":36946,"featured_media":0,"comment_status":"closed","ping_status":"closed","sticky":false,"template":"","format":"standard","meta":{"teft_cards_image_url":"","teft_cards_custom_pretitle":"","teft_cards_image_id":372,"teft_cards_image_focal_point_x":0.52,"teft_cards_image_focal_point_y":0.38,"teft_cards_title":"","teft_cards_excerpt":"","teft_show_chapters":false,"author_display_name":"","footnotes":""},"category":[7],"post_tag":[3,4],"hoyre-visibility":[],"article-type":[],"politician":[],"class_list":["post-470","post","type-post","status-publish","format-standard","hentry","category-debatt","tag-ordforerkandidat","tag-valget2023"],"yoast_head":"<!-- This site is optimized with the Yoast SEO plugin v26.6 - https:\/\/yoast.com\/wordpress\/plugins\/seo\/ -->\n<title>For oss fremst\u00e5r skolepolitikken til Arendal Ap som klassisk ansvarsfraskrivelse - Arendal H\u00f8yre<\/title>\n<meta name=\"robots\" content=\"index, follow, max-snippet:-1, max-image-preview:large, max-video-preview:-1\" \/>\n<link rel=\"canonical\" href=\"https:\/\/hoyre.no\/arendal\/aktuelt\/for-oss-fremstar-skolepolitikken-til-arendal-ap-som-klassisk-ansvarsfraskrivelse\/\" \/>\n<meta property=\"og:locale\" content=\"nb_NO\" \/>\n<meta property=\"og:type\" content=\"article\" \/>\n<meta property=\"og:title\" content=\"For oss fremst\u00e5r skolepolitikken til Arendal Ap som klassisk ansvarsfraskrivelse - Arendal H\u00f8yre\" \/>\n<meta property=\"og:url\" content=\"https:\/\/hoyre.no\/arendal\/aktuelt\/for-oss-fremstar-skolepolitikken-til-arendal-ap-som-klassisk-ansvarsfraskrivelse\/\" \/>\n<meta property=\"og:site_name\" content=\"Arendal H\u00f8yre\" \/>\n<meta property=\"article:published_time\" content=\"2023-07-09T08:06:46+00:00\" \/>\n<meta property=\"article:modified_time\" content=\"2023-07-09T08:08:12+00:00\" \/>\n<meta property=\"og:image\" content=\"https:\/\/hoyre.no\/content\/uploads\/sites\/41\/2024\/08\/download-1.jpg\" \/>\n<meta name=\"author\" content=\"Cathrine Coucheron Berli\" \/>\n<meta name=\"twitter:card\" content=\"summary_large_image\" \/>\n<meta name=\"twitter:label1\" content=\"Skrevet av\" \/>\n\t<meta name=\"twitter:data1\" content=\"Cathrine Coucheron Berli\" \/>\n\t<meta name=\"twitter:label2\" content=\"Ansl. lesetid\" \/>\n\t<meta name=\"twitter:data2\" content=\"4 minutter\" \/>\n<script type=\"application\/ld+json\" class=\"yoast-schema-graph\">{\"@context\":\"https:\/\/schema.org\",\"@graph\":[{\"@type\":\"NewsArticle\",\"@id\":\"https:\/\/hoyre.no\/arendal\/aktuelt\/for-oss-fremstar-skolepolitikken-til-arendal-ap-som-klassisk-ansvarsfraskrivelse\/\",\"url\":\"https:\/\/hoyre.no\/arendal\/aktuelt\/for-oss-fremstar-skolepolitikken-til-arendal-ap-som-klassisk-ansvarsfraskrivelse\/\",\"name\":\"For oss fremst\u00e5r skolepolitikken til Arendal Ap som klassisk ansvarsfraskrivelse - Arendal H\u00f8yre\",\"isPartOf\":{\"@id\":\"https:\/\/hoyre.no\/arendal\/#website\"},\"datePublished\":\"2023-07-09T08:06:46+00:00\",\"dateModified\":\"2023-07-09T08:08:12+00:00\",\"author\":{\"@id\":\"https:\/\/hoyre.no\/arendal\/#\/schema\/person\/ac07cb46cf1a662fab0853a6b9c1cd87\"},\"breadcrumb\":{\"@id\":\"https:\/\/hoyre.no\/arendal\/aktuelt\/for-oss-fremstar-skolepolitikken-til-arendal-ap-som-klassisk-ansvarsfraskrivelse\/#breadcrumb\"},\"inLanguage\":\"nb-NO\",\"potentialAction\":[{\"@type\":\"ReadAction\",\"target\":[\"https:\/\/hoyre.no\/arendal\/aktuelt\/for-oss-fremstar-skolepolitikken-til-arendal-ap-som-klassisk-ansvarsfraskrivelse\/\"]}]},{\"@type\":\"BreadcrumbList\",\"@id\":\"https:\/\/hoyre.no\/arendal\/aktuelt\/for-oss-fremstar-skolepolitikken-til-arendal-ap-som-klassisk-ansvarsfraskrivelse\/#breadcrumb\",\"itemListElement\":[{\"@type\":\"ListItem\",\"position\":1,\"name\":\"Til hoyre.no\",\"item\":\"https:\/\/hoyre.no\"},{\"@type\":\"ListItem\",\"position\":2,\"name\":\"Hjem\",\"item\":\"https:\/\/hoyre.no\/arendal\/\"},{\"@type\":\"ListItem\",\"position\":3,\"name\":\"For oss fremst\u00e5r skolepolitikken til Arendal Ap som klassisk ansvarsfraskrivelse\"}]},{\"@type\":\"WebSite\",\"@id\":\"https:\/\/hoyre.no\/arendal\/#website\",\"url\":\"https:\/\/hoyre.no\/arendal\/\",\"name\":\"Arendal H\u00f8yre\",\"description\":\"Bare enda et H\u00f8yres nettsteder-nettsted\",\"inLanguage\":\"nb-NO\"},{\"@type\":\"Person\",\"@id\":\"https:\/\/hoyre.no\/arendal\/#\/schema\/person\/ac07cb46cf1a662fab0853a6b9c1cd87\",\"name\":\"Cathrine Coucheron Berli\",\"image\":{\"@type\":\"ImageObject\",\"inLanguage\":\"nb-NO\",\"@id\":\"https:\/\/hoyre.no\/arendal\/#\/schema\/person\/image\/\",\"url\":\"https:\/\/secure.gravatar.com\/avatar\/08e70978cc7c8f19bfdcaf005e0379d7aef8879456282010bc4d632692d294d7?s=96&d=mm&r=g\",\"contentUrl\":\"https:\/\/secure.gravatar.com\/avatar\/08e70978cc7c8f19bfdcaf005e0379d7aef8879456282010bc4d632692d294d7?s=96&d=mm&r=g\",\"caption\":\"Cathrine Coucheron Berli\"},\"url\":\"https:\/\/hoyre.no\/arendal\/aktuelt\/author\/m52168945\/\"}]}<\/script>\n<!-- \/ Yoast SEO plugin. -->","yoast_head_json":{"title":"For oss fremst\u00e5r skolepolitikken til Arendal Ap som klassisk ansvarsfraskrivelse - Arendal H\u00f8yre","robots":{"index":"index","follow":"follow","max-snippet":"max-snippet:-1","max-image-preview":"max-image-preview:large","max-video-preview":"max-video-preview:-1"},"canonical":"https:\/\/hoyre.no\/arendal\/aktuelt\/for-oss-fremstar-skolepolitikken-til-arendal-ap-som-klassisk-ansvarsfraskrivelse\/","og_locale":"nb_NO","og_type":"article","og_title":"For oss fremst\u00e5r skolepolitikken til Arendal Ap som klassisk ansvarsfraskrivelse - Arendal H\u00f8yre","og_url":"https:\/\/hoyre.no\/arendal\/aktuelt\/for-oss-fremstar-skolepolitikken-til-arendal-ap-som-klassisk-ansvarsfraskrivelse\/","og_site_name":"Arendal H\u00f8yre","article_published_time":"2023-07-09T08:06:46+00:00","article_modified_time":"2023-07-09T08:08:12+00:00","og_image":[{"url":"https:\/\/hoyre.no\/content\/uploads\/sites\/41\/2024\/08\/download-1.jpg","width":"","height":"","type":""}],"author":"Cathrine Coucheron Berli","twitter_card":"summary_large_image","twitter_misc":{"Skrevet av":"Cathrine Coucheron Berli","Ansl. lesetid":"4 minutter"},"schema":{"@context":"https:\/\/schema.org","@graph":[{"@type":"NewsArticle","@id":"https:\/\/hoyre.no\/arendal\/aktuelt\/for-oss-fremstar-skolepolitikken-til-arendal-ap-som-klassisk-ansvarsfraskrivelse\/","url":"https:\/\/hoyre.no\/arendal\/aktuelt\/for-oss-fremstar-skolepolitikken-til-arendal-ap-som-klassisk-ansvarsfraskrivelse\/","name":"For oss fremst\u00e5r skolepolitikken til Arendal Ap som klassisk ansvarsfraskrivelse - Arendal H\u00f8yre","isPartOf":{"@id":"https:\/\/hoyre.no\/arendal\/#website"},"datePublished":"2023-07-09T08:06:46+00:00","dateModified":"2023-07-09T08:08:12+00:00","author":{"@id":"https:\/\/hoyre.no\/arendal\/#\/schema\/person\/ac07cb46cf1a662fab0853a6b9c1cd87"},"breadcrumb":{"@id":"https:\/\/hoyre.no\/arendal\/aktuelt\/for-oss-fremstar-skolepolitikken-til-arendal-ap-som-klassisk-ansvarsfraskrivelse\/#breadcrumb"},"inLanguage":"nb-NO","potentialAction":[{"@type":"ReadAction","target":["https:\/\/hoyre.no\/arendal\/aktuelt\/for-oss-fremstar-skolepolitikken-til-arendal-ap-som-klassisk-ansvarsfraskrivelse\/"]}]},{"@type":"BreadcrumbList","@id":"https:\/\/hoyre.no\/arendal\/aktuelt\/for-oss-fremstar-skolepolitikken-til-arendal-ap-som-klassisk-ansvarsfraskrivelse\/#breadcrumb","itemListElement":[{"@type":"ListItem","position":1,"name":"Til hoyre.no","item":"https:\/\/hoyre.no"},{"@type":"ListItem","position":2,"name":"Hjem","item":"https:\/\/hoyre.no\/arendal\/"},{"@type":"ListItem","position":3,"name":"For oss fremst\u00e5r skolepolitikken til Arendal Ap som klassisk ansvarsfraskrivelse"}]},{"@type":"WebSite","@id":"https:\/\/hoyre.no\/arendal\/#website","url":"https:\/\/hoyre.no\/arendal\/","name":"Arendal H\u00f8yre","description":"Bare enda et H\u00f8yres nettsteder-nettsted","inLanguage":"nb-NO"},{"@type":"Person","@id":"https:\/\/hoyre.no\/arendal\/#\/schema\/person\/ac07cb46cf1a662fab0853a6b9c1cd87","name":"Cathrine Coucheron Berli","image":{"@type":"ImageObject","inLanguage":"nb-NO","@id":"https:\/\/hoyre.no\/arendal\/#\/schema\/person\/image\/","url":"https:\/\/secure.gravatar.com\/avatar\/08e70978cc7c8f19bfdcaf005e0379d7aef8879456282010bc4d632692d294d7?s=96&d=mm&r=g","contentUrl":"https:\/\/secure.gravatar.com\/avatar\/08e70978cc7c8f19bfdcaf005e0379d7aef8879456282010bc4d632692d294d7?s=96&d=mm&r=g","caption":"Cathrine Coucheron Berli"},"url":"https:\/\/hoyre.no\/arendal\/aktuelt\/author\/m52168945\/"}]}},"distributor_meta":false,"distributor_terms":false,"distributor_media":false,"distributor_original_site_name":"Arendal H\u00f8yre","distributor_original_site_url":"https:\/\/hoyre.no\/arendal","push-errors":false,"_links":{"self":[{"href":"https:\/\/hoyre.no\/arendal\/wp-json\/wp\/v2\/posts\/470","targetHints":{"allow":["GET"]}}],"collection":[{"href":"https:\/\/hoyre.no\/arendal\/wp-json\/wp\/v2\/posts"}],"about":[{"href":"https:\/\/hoyre.no\/arendal\/wp-json\/wp\/v2\/types\/post"}],"author":[{"embeddable":true,"href":"https:\/\/hoyre.no\/arendal\/wp-json\/wp\/v2\/users\/36946"}],"replies":[{"embeddable":true,"href":"https:\/\/hoyre.no\/arendal\/wp-json\/wp\/v2\/comments?post=470"}],"version-history":[{"count":2,"href":"https:\/\/hoyre.no\/arendal\/wp-json\/wp\/v2\/posts\/470\/revisions"}],"predecessor-version":[{"id":473,"href":"https:\/\/hoyre.no\/arendal\/wp-json\/wp\/v2\/posts\/470\/revisions\/473"}],"wp:attachment":[{"href":"https:\/\/hoyre.no\/arendal\/wp-json\/wp\/v2\/media?parent=470"}],"wp:term":[{"taxonomy":"category","embeddable":true,"href":"https:\/\/hoyre.no\/arendal\/wp-json\/wp\/v2\/category?post=470"},{"taxonomy":"post_tag","embeddable":true,"href":"https:\/\/hoyre.no\/arendal\/wp-json\/wp\/v2\/post_tag?post=470"},{"taxonomy":"hoyre-visibility","embeddable":true,"href":"https:\/\/hoyre.no\/arendal\/wp-json\/wp\/v2\/hoyre-visibility?post=470"},{"taxonomy":"article-type","embeddable":true,"href":"https:\/\/hoyre.no\/arendal\/wp-json\/wp\/v2\/article-type?post=470"},{"taxonomy":"politician","embeddable":true,"href":"https:\/\/hoyre.no\/arendal\/wp-json\/wp\/v2\/politician?post=470"}],"curies":[{"name":"wp","href":"https:\/\/api.w.org\/{rel}","templated":true}]}}