{"id":529,"date":"2023-08-24T16:15:00","date_gmt":"2023-08-24T14:15:00","guid":{"rendered":"https:\/\/hoyre.no\/arendal\/?p=529"},"modified":"2023-08-25T16:41:36","modified_gmt":"2023-08-25T14:41:36","slug":"det-ma-bli-lettere-a-velge-kollektivt","status":"publish","type":"post","link":"https:\/\/hoyre.no\/arendal\/aktuelt\/det-ma-bli-lettere-a-velge-kollektivt\/","title":{"rendered":"Det m\u00e5 bli lettere \u00e5 velge kollektivt"},"content":{"rendered":"\n<p class=\"preamble\">Hver dag tar vi en masse valg. Skal jeg kaste colaflasken i s\u00f8pla eller skal jeg g\u00e5 til butikken for \u00e5 pante den? Skal jeg g\u00e5 til skolen eller sykle? Skal jeg ta bussen eller skal jeg ta bilen til jobb?<\/p>\t\t\t<div class=\"post-meta wp-block teft-byline-wrapper\">\n\t\t\t\t<div class=\"top\">\n\t\t\t\t\t<div class=\"signature\">\n\t\t\t\t\t\t<div class=\"teft-byline\">\n\t\t\t\t\t\t\t\t\t\t\t\t\t\t<div>\n\t\t\t\t\t\t\t\t<h3>H\u00f8yres redaksjon<\/h3>\t\t\t\t\t\t\t\t\n\t\t\t\t\t\t\t\t\t\t\t\t\t\t\t\t\t<span class=\"date\">Sist oppdatert: 25. august 2023<\/span>\n\t\t\t\t\t\t\t\t\t\t\t\t\t\t\t\t\t\t\t\t\t\t\t\t\t<span class=\"reading-time\" itemprop=\"timeRequired\" content=\"PT3M\"><em>Ca. 3 minutter lesetid<\/em><\/span>\n\t\t\t\t\t\t\t\t\t\t\t\t\t\t\t<\/div>\n\t\t\t\t\t\t<\/div>\n\t\t\t\t\t<\/div>\n\t\t\t\t\t\t<div class=\"sharing\">\n\t\t<a class=\"share-button share-link copy-link\" data-copy=\"https:\/\/hoyre.no\/arendal\/aktuelt\/det-ma-bli-lettere-a-velge-kollektivt\/\" target=\"_blank\"><span class=\"screen-reader-text\">Del link<\/span><\/a>\n\t\t<a class=\"share-button share-twitter\" href=\"http:\/\/twitter.com\/share?text=Det m\u00e5 bli lettere \u00e5 velge kollektivt&#038;url=https:\/\/hoyre.no\/arendal\/aktuelt\/det-ma-bli-lettere-a-velge-kollektivt\/&#038;hashtags=Hoyre\" target=\"_blank\"><span class=\"screen-reader-text\">Del p\u00e5 twitter<\/span><\/a>\n\t\t<a class=\"share-button share-facebook\" href=\"https:\/\/www.facebook.com\/sharer\/sharer.php?u=https:\/\/hoyre.no\/arendal\/aktuelt\/det-ma-bli-lettere-a-velge-kollektivt\/\" target=\"_blank\"><span class=\"screen-reader-text\">Del p\u00e5 facebook<\/span><\/a>\n\t<\/div>\n\t\t\t\t\t<\/div>\n\t\t\t<\/div>\n\n\t\t\t<figure class=\"hoyre-image-wrapper\"><div class=\"hoyre-image\"><img loading=\"lazy\" decoding=\"async\" width=\"1876\" height=\"2500\" src=\"https:\/\/hoyre.no\/content\/uploads\/sites\/41\/2023\/08\/Foto-Mona-Hauglid-0385-1-scaled.jpg\" class=\"attachment-scaled size-scaled\" alt=\"\" style=\"object-position: 53% 7.000000000000001%\" srcset=\"https:\/\/hoyre.no\/content\/uploads\/sites\/41\/2023\/08\/Foto-Mona-Hauglid-0385-1-scaled.jpg 1876w, https:\/\/hoyre.no\/content\/uploads\/sites\/41\/2023\/08\/Foto-Mona-Hauglid-0385-1-225x300.jpg 225w, https:\/\/hoyre.no\/content\/uploads\/sites\/41\/2023\/08\/Foto-Mona-Hauglid-0385-1-769x1024.jpg 769w, https:\/\/hoyre.no\/content\/uploads\/sites\/41\/2023\/08\/Foto-Mona-Hauglid-0385-1-768x1023.jpg 768w, https:\/\/hoyre.no\/content\/uploads\/sites\/41\/2023\/08\/Foto-Mona-Hauglid-0385-1-1153x1536.jpg 1153w, https:\/\/hoyre.no\/content\/uploads\/sites\/41\/2023\/08\/Foto-Mona-Hauglid-0385-1-1537x2048.jpg 1537w\" sizes=\"auto, (max-width: 1876px) 100vw, 1876px\" \/><\/div><figcaption class=\"caption\">Solfrid Helle<\/figcaption><\/figure>\n\n\n\n\n<p>Valgene vi tar er ofte avhengig av hvor enkelt det er for oss \u00e5 gj\u00f8re noe. Hvis politikerne har lyst til \u00e5 p\u00e5virke oss til \u00e5 bli mer milj\u00f8vennlige, m\u00e5 de ogs\u00e5 gj\u00f8re valget lettere og billigere.<\/p>\n\n\n\n<p>For folk som bor i midt i en by er valget om \u00e5 ta kollektivt ganske enkelt. Det er s\u00e5 mye k\u00f8 at det ikke er vits i \u00e5 kj\u00f8re bil uansett. Det er vanskelig \u00e5 f\u00e5 parkeringsplasser. Det er s\u00e5 mange busser som g\u00e5r at det er det raskeste.<\/p>\n\n\n\n<p>For oss som bor litt utenfor er det verre. Bussen g\u00e5r ikke n\u00e5r vi trenger den, s\u00e5 det er raskere \u00e5 ta bil. Bussen er dyr, s\u00e5 det er lettere \u00e5 f\u00e5 noen til \u00e5 kj\u00f8re dit vi skal. Det er stress \u00e5 ta kollektiv, for hvis du ikke har planlagt n\u00e5r du skal hjem kan du risikere \u00e5 st\u00e5 lenge ute i regnet.<\/p>\n\n\n\n<p>Hvis vi vil gj\u00f8re en milj\u00f8innsats er det ikke nok at busstilbudet er bra midt i byene, det m\u00e5 bli bedre overalt. Vi m\u00e5 satse mer p\u00e5 buss, bussen m\u00e5 bli billigere og den m\u00e5 g\u00e5 oftere. S\u00e5nn f\u00e5r vi folk til \u00e5 ville velge kollektivtransport.<\/p>\n\n\n\n<p>Vi i Arendal H\u00f8yre anerkjenner at kommunen ikke stopper ved Eydehavn. Arendal H\u00f8yre vil inn p\u00e5 eiersiden i AKT slik at vi kan v\u00e6re med \u00e5 p\u00e5virke hvor rutene skal g\u00e5. Arendal H\u00f8yre vil ha et pr\u00f8veprosjekt med minibuss mellom Eydehavn og Kilsund morgen\/kveld og helg. Vi \u00f8nsker \u00e5 utvide AKT sin bestillingsbusstjeneste, slik at den strekker seg lengre ut i kommunen. Vi vil ha Dette tilbudet ogs\u00e5 p\u00e5 indre vei gamle E18, Trom\u00f8y \u00f8st og Kilsund.<\/p>\n\n\n\n<p>Alt for mange tenker at ting som busstilbudet er det ikke noe \u00e5 gj\u00f8re med, at det ikke handler om politikk, det bare er s\u00e5nn. Slik er det heldigvis ikke. I \u00e5r er det kommune- og fylkestingsvalg, og det opp til oss \u00e5 velge noen som satser p\u00e5 det vi vil ha. Vi vil at flere skal g\u00e5, sykle og benytte kollektivtilbud. Derfor m\u00e5 vi gj\u00f8re det lettere \u00e5 kunne velge kollektivt.<\/p>\n\n\n\n<p>Jeg har ikke sertifikat selv, og er storbruker av kollektivtilbudet. N\u00e5 er han heldig som bor p\u00e5 Eydehavn hvor bussen g\u00e5r ofte og hver dag i uken. For meg er det enkelt \u00e5 velge kollektivt, jeg vet bussen g\u00e5r ofte, det er noe jeg vil at andre ogs\u00e5 skal kunne kjenne p\u00e5. Det er ogs\u00e5 en av grunnene til hvorfor jeg velger H\u00f8yre.<\/p>\n\n\n\n<p>I dag er dette en del av fylkeskommunens oppgaver og det skal det fortsette \u00e5 v\u00e6re, men vi m\u00e5 gj\u00f8re en jobb, og sammen kan vi gj\u00f8re kollektivtilbudet bedre for alle. Derfor vil Arendal H\u00f8yre at vi skal inn p\u00e5 eiersiden i AKT slik at vi ogs\u00e5 kan ha en h\u00e5nd p\u00e5 rattet n\u00e5r kollektivrutene skal settes opp.<\/p>\n\n\n\n<figure class=\"wp-block-image size-large\"><img loading=\"lazy\" decoding=\"async\" width=\"694\" height=\"1024\" src=\"https:\/\/hoyre.no\/content\/uploads\/sites\/41\/2023\/07\/357466890_664682285706033_5433048269681706256_n-1-694x1024.jpg\" alt=\"\" class=\"wp-image-482\" srcset=\"https:\/\/hoyre.no\/content\/uploads\/sites\/41\/2023\/07\/357466890_664682285706033_5433048269681706256_n-1-694x1024.jpg 694w, https:\/\/hoyre.no\/content\/uploads\/sites\/41\/2023\/07\/357466890_664682285706033_5433048269681706256_n-1-203x300.jpg 203w, https:\/\/hoyre.no\/content\/uploads\/sites\/41\/2023\/07\/357466890_664682285706033_5433048269681706256_n-1-768x1132.jpg 768w, https:\/\/hoyre.no\/content\/uploads\/sites\/41\/2023\/07\/357466890_664682285706033_5433048269681706256_n-1.jpg 864w\" sizes=\"auto, (max-width: 694px) 100vw, 694px\" \/><figcaption>Kenneth Engeland Smith<\/figcaption><\/figure>\n\n\n\n<p><strong>Solfrid Helle<\/strong>, 11. kandidat for Arendal H\u00f8yre og <br><strong>Kenneth Engeland Smith, <\/strong>19. kandidater for Arendal H\u00f8yre<\/p>\n\n\n<div class=\"tags\">\n\t<\/div>\n<div class=\"post-footer alignfull has-background block-editor-block-list__block\" data-align=full>\n\t<div class=\"post-footer-inner\">\n\t\t<h3>Relaterte artikler<\/h3>\n\t\t<div class=\"related-content\"><div class=\"is-card-hoyre\">\n\t<div class=\"teft-card hoyre-teft-card post-teft-card\">\n\t\t<a href=\"https:\/\/hoyre.no\/arendal\/aktuelt\/alfabetisk-navneliste-over-hoyres-valgvillige-stortingsvalgkandidater-2025-2029-i-aust-agder-valgdistrikt\/\" class=\"teft-card__primary-action\">\n\n\t\t\t\t\t<div class=\"teft-card__media teft-card__media--16-9\">\n\t\t\t\t\t\t<img loading=\"lazy\" decoding=\"async\" width=\"768\" height=\"768\" src=\"https:\/\/hoyre.no\/content\/uploads\/sites\/41\/2022\/11\/2020_RGB_hoyre_logo_profilbilde_011-768x768.png\" class=\"attachment-medium_large size-medium_large\" alt=\"\" srcset=\"https:\/\/hoyre.no\/content\/uploads\/sites\/41\/2022\/11\/2020_RGB_hoyre_logo_profilbilde_011-768x768.png 768w, https:\/\/hoyre.no\/content\/uploads\/sites\/41\/2022\/11\/2020_RGB_hoyre_logo_profilbilde_011-300x300.png 300w, https:\/\/hoyre.no\/content\/uploads\/sites\/41\/2022\/11\/2020_RGB_hoyre_logo_profilbilde_011-150x150.png 150w, https:\/\/hoyre.no\/content\/uploads\/sites\/41\/2022\/11\/2020_RGB_hoyre_logo_profilbilde_011.png 1000w\" sizes=\"auto, (max-width: 768px) 100vw, 768px\" \/>\t\t<\/div>\n\t\t\n\t\t\t<div class=\"teft-card__content-wrapper\">\n\t\t\t\t<div class=\"teft-card__secondary\">\n\t\t\t\t\t\n\t\t\t\t\t\t\t\t<div class=\"teft-card__meta\">\n\t\t\t\t\t\t\t\t\t<span class=\"post-date\">28. aug 2024<\/span>\n\n\t\t\t\t\t\t\t\t\t<span class=\"post-category\">Nominasjon<\/span>\t\t\t\t\t\t\t\t<\/div>\n\t\t\t\t\t\t\t\t\t\t\t<\/div>\n\n\t\t\t\t<div class=\"teft-card__primary\">\n\t\t\t\t\t<h2 class=\"teft-card__title\">Alfabetisk navneliste over H\u00f8yres valgvillige stortingsvalgkandidater 2025 \u2013 2029 i Aust-Agder valgdistrikt&nbsp;<span class=\"teft-card__primary-title-append\"><\/span><\/h2>\t\t\t\t<\/div>\n\t\t\t<\/div>\n\t\t<\/a>\n\t<\/div>\n\n\t<\/div><div class=\"is-card-hoyre\">\n\t<div class=\"teft-card hoyre-teft-card post-teft-card\">\n\t\t<a href=\"https:\/\/hoyre.no\/arendal\/aktuelt\/provenominasjon-for-stortingsvalget-2025\/\" class=\"teft-card__primary-action\">\n\n\t\t\t\t\t<div class=\"teft-card__media teft-card__media--16-9\">\n\t\t\t\t\t\t<img loading=\"lazy\" decoding=\"async\" width=\"768\" height=\"320\" src=\"https:\/\/hoyre.no\/content\/uploads\/sites\/41\/2024\/08\/stortingsbygningeneidsvolls-768x320.jpg\" class=\"attachment-medium_large size-medium_large\" alt=\"Stortinget\" srcset=\"https:\/\/hoyre.no\/content\/uploads\/sites\/41\/2024\/08\/stortingsbygningeneidsvolls-768x320.jpg 768w, https:\/\/hoyre.no\/content\/uploads\/sites\/41\/2024\/08\/stortingsbygningeneidsvolls-300x125.jpg 300w, https:\/\/hoyre.no\/content\/uploads\/sites\/41\/2024\/08\/stortingsbygningeneidsvolls.jpg 840w\" sizes=\"auto, (max-width: 768px) 100vw, 768px\" \/>\t\t<\/div>\n\t\t\n\t\t\t<div class=\"teft-card__content-wrapper\">\n\t\t\t\t<div class=\"teft-card__secondary\">\n\t\t\t\t\t\n\t\t\t\t\t\t\t\t<div class=\"teft-card__meta\">\n\t\t\t\t\t\t\t\t\t<span class=\"post-date\">22. aug 2024<\/span>\n\n\t\t\t\t\t\t\t\t\t<span class=\"post-category\">Nominasjon<\/span>\t\t\t\t\t\t\t\t<\/div>\n\t\t\t\t\t\t\t\t\t\t\t<\/div>\n\n\t\t\t\t<div class=\"teft-card__primary\">\n\t\t\t\t\t<h2 class=\"teft-card__title\">Pr\u00f8venominasjon for Stortingsvalget 2025&nbsp;<span class=\"teft-card__primary-title-append\"><\/span><\/h2>\t\t\t\t<\/div>\n\t\t\t<\/div>\n\t\t<\/a>\n\t<\/div>\n\n\t<\/div><div class=\"is-card-hoyre\">\n\t<div class=\"teft-card hoyre-teft-card post-teft-card\">\n\t\t<a href=\"https:\/\/hoyre.no\/arendal\/aktuelt\/arendalsuka-mer-enn-bare-enn-fest-for-fiffen\/\" class=\"teft-card__primary-action\">\n\n\t\t\t\t\t<div class=\"teft-card__media teft-card__media--16-9\">\n\t\t\t\t\t\t<img loading=\"lazy\" decoding=\"async\" width=\"720\" height=\"540\" src=\"https:\/\/hoyre.no\/content\/uploads\/sites\/41\/2024\/08\/download-1.jpg\" class=\"attachment-medium_large size-medium_large\" alt=\"\" srcset=\"https:\/\/hoyre.no\/content\/uploads\/sites\/41\/2024\/08\/download-1.jpg 720w, https:\/\/hoyre.no\/content\/uploads\/sites\/41\/2024\/08\/download-1-300x225.jpg 300w\" sizes=\"auto, (max-width: 720px) 100vw, 720px\" \/>\t\t<\/div>\n\t\t\n\t\t\t<div class=\"teft-card__content-wrapper\">\n\t\t\t\t<div class=\"teft-card__secondary\">\n\t\t\t\t\t\n\t\t\t\t\t\t\t\t<div class=\"teft-card__meta\">\n\t\t\t\t\t\t\t\t\t<span class=\"post-date\">21. aug 2024<\/span>\n\n\t\t\t\t\t\t\t\t\t<span class=\"post-category\">Debatt<\/span>\t\t\t\t\t\t\t\t<\/div>\n\t\t\t\t\t\t\t\t\t\t\t<\/div>\n\n\t\t\t\t<div class=\"teft-card__primary\">\n\t\t\t\t\t<h2 class=\"teft-card__title\">Arendalsuka: Mer enn bare enn fest for \u201cfiffen\u201d&nbsp;<span class=\"teft-card__primary-title-append\"><\/span><\/h2>\t\t\t\t<\/div>\n\t\t\t<\/div>\n\t\t<\/a>\n\t<\/div>\n\n\t<\/div><\/div>\t<\/div>\n<\/div>\n","protected":false},"excerpt":{"rendered":"","protected":false},"author":36946,"featured_media":0,"comment_status":"closed","ping_status":"closed","sticky":false,"template":"","format":"standard","meta":{"teft_cards_image_url":"","teft_cards_custom_pretitle":"","teft_cards_image_id":530,"teft_cards_image_focal_point_x":0.5,"teft_cards_image_focal_point_y":0.5,"teft_cards_title":"","teft_cards_excerpt":"","teft_show_chapters":false,"author_display_name":"","footnotes":""},"category":[7],"post_tag":[],"hoyre-visibility":[],"article-type":[],"politician":[],"class_list":["post-529","post","type-post","status-publish","format-standard","hentry","category-debatt"],"yoast_head":"<!-- This site is optimized with the Yoast SEO plugin v26.6 - https:\/\/yoast.com\/wordpress\/plugins\/seo\/ -->\n<title>Det m\u00e5 bli lettere \u00e5 velge kollektivt - Arendal H\u00f8yre<\/title>\n<meta name=\"robots\" content=\"index, follow, max-snippet:-1, max-image-preview:large, max-video-preview:-1\" \/>\n<link rel=\"canonical\" href=\"https:\/\/hoyre.no\/arendal\/aktuelt\/det-ma-bli-lettere-a-velge-kollektivt\/\" \/>\n<meta property=\"og:locale\" content=\"nb_NO\" \/>\n<meta property=\"og:type\" content=\"article\" \/>\n<meta property=\"og:title\" content=\"Det m\u00e5 bli lettere \u00e5 velge kollektivt - Arendal H\u00f8yre\" \/>\n<meta property=\"og:url\" content=\"https:\/\/hoyre.no\/arendal\/aktuelt\/det-ma-bli-lettere-a-velge-kollektivt\/\" \/>\n<meta property=\"og:site_name\" content=\"Arendal H\u00f8yre\" \/>\n<meta property=\"article:published_time\" content=\"2023-08-24T14:15:00+00:00\" \/>\n<meta property=\"article:modified_time\" content=\"2023-08-25T14:41:36+00:00\" \/>\n<meta property=\"og:image\" content=\"https:\/\/hoyre.no\/content\/uploads\/sites\/41\/2024\/08\/download-1.jpg\" \/>\n<meta name=\"author\" content=\"Cathrine Coucheron Berli\" \/>\n<meta name=\"twitter:card\" content=\"summary_large_image\" \/>\n<meta name=\"twitter:label1\" content=\"Skrevet av\" \/>\n\t<meta name=\"twitter:data1\" content=\"Cathrine Coucheron Berli\" \/>\n\t<meta name=\"twitter:label2\" content=\"Ansl. lesetid\" \/>\n\t<meta name=\"twitter:data2\" content=\"4 minutter\" \/>\n<script type=\"application\/ld+json\" class=\"yoast-schema-graph\">{\"@context\":\"https:\/\/schema.org\",\"@graph\":[{\"@type\":\"NewsArticle\",\"@id\":\"https:\/\/hoyre.no\/arendal\/aktuelt\/det-ma-bli-lettere-a-velge-kollektivt\/\",\"url\":\"https:\/\/hoyre.no\/arendal\/aktuelt\/det-ma-bli-lettere-a-velge-kollektivt\/\",\"name\":\"Det m\u00e5 bli lettere \u00e5 velge kollektivt - Arendal H\u00f8yre\",\"isPartOf\":{\"@id\":\"https:\/\/hoyre.no\/arendal\/#website\"},\"image\":{\"@id\":\"https:\/\/hoyre.no\/arendal\/aktuelt\/det-ma-bli-lettere-a-velge-kollektivt\/#primaryimage\"},\"thumbnailUrl\":\"https:\/\/hoyre.no\/content\/uploads\/sites\/41\/2023\/07\/357466890_664682285706033_5433048269681706256_n-1-694x1024.jpg\",\"datePublished\":\"2023-08-24T14:15:00+00:00\",\"dateModified\":\"2023-08-25T14:41:36+00:00\",\"author\":{\"@id\":\"https:\/\/hoyre.no\/arendal\/#\/schema\/person\/ac07cb46cf1a662fab0853a6b9c1cd87\"},\"breadcrumb\":{\"@id\":\"https:\/\/hoyre.no\/arendal\/aktuelt\/det-ma-bli-lettere-a-velge-kollektivt\/#breadcrumb\"},\"inLanguage\":\"nb-NO\",\"potentialAction\":[{\"@type\":\"ReadAction\",\"target\":[\"https:\/\/hoyre.no\/arendal\/aktuelt\/det-ma-bli-lettere-a-velge-kollektivt\/\"]}]},{\"@type\":\"ImageObject\",\"inLanguage\":\"nb-NO\",\"@id\":\"https:\/\/hoyre.no\/arendal\/aktuelt\/det-ma-bli-lettere-a-velge-kollektivt\/#primaryimage\",\"url\":\"https:\/\/hoyre.no\/content\/uploads\/sites\/41\/2023\/07\/357466890_664682285706033_5433048269681706256_n-1-694x1024.jpg\",\"contentUrl\":\"https:\/\/hoyre.no\/content\/uploads\/sites\/41\/2023\/07\/357466890_664682285706033_5433048269681706256_n-1-694x1024.jpg\"},{\"@type\":\"BreadcrumbList\",\"@id\":\"https:\/\/hoyre.no\/arendal\/aktuelt\/det-ma-bli-lettere-a-velge-kollektivt\/#breadcrumb\",\"itemListElement\":[{\"@type\":\"ListItem\",\"position\":1,\"name\":\"Til hoyre.no\",\"item\":\"https:\/\/hoyre.no\"},{\"@type\":\"ListItem\",\"position\":2,\"name\":\"Hjem\",\"item\":\"https:\/\/hoyre.no\/arendal\/\"},{\"@type\":\"ListItem\",\"position\":3,\"name\":\"Det m\u00e5 bli lettere \u00e5 velge kollektivt\"}]},{\"@type\":\"WebSite\",\"@id\":\"https:\/\/hoyre.no\/arendal\/#website\",\"url\":\"https:\/\/hoyre.no\/arendal\/\",\"name\":\"Arendal H\u00f8yre\",\"description\":\"Bare enda et H\u00f8yres nettsteder-nettsted\",\"inLanguage\":\"nb-NO\"},{\"@type\":\"Person\",\"@id\":\"https:\/\/hoyre.no\/arendal\/#\/schema\/person\/ac07cb46cf1a662fab0853a6b9c1cd87\",\"name\":\"Cathrine Coucheron Berli\",\"image\":{\"@type\":\"ImageObject\",\"inLanguage\":\"nb-NO\",\"@id\":\"https:\/\/hoyre.no\/arendal\/#\/schema\/person\/image\/\",\"url\":\"https:\/\/secure.gravatar.com\/avatar\/08e70978cc7c8f19bfdcaf005e0379d7aef8879456282010bc4d632692d294d7?s=96&d=mm&r=g\",\"contentUrl\":\"https:\/\/secure.gravatar.com\/avatar\/08e70978cc7c8f19bfdcaf005e0379d7aef8879456282010bc4d632692d294d7?s=96&d=mm&r=g\",\"caption\":\"Cathrine Coucheron Berli\"},\"url\":\"https:\/\/hoyre.no\/arendal\/aktuelt\/author\/m52168945\/\"}]}<\/script>\n<!-- \/ Yoast SEO plugin. -->","yoast_head_json":{"title":"Det m\u00e5 bli lettere \u00e5 velge kollektivt - Arendal H\u00f8yre","robots":{"index":"index","follow":"follow","max-snippet":"max-snippet:-1","max-image-preview":"max-image-preview:large","max-video-preview":"max-video-preview:-1"},"canonical":"https:\/\/hoyre.no\/arendal\/aktuelt\/det-ma-bli-lettere-a-velge-kollektivt\/","og_locale":"nb_NO","og_type":"article","og_title":"Det m\u00e5 bli lettere \u00e5 velge kollektivt - Arendal H\u00f8yre","og_url":"https:\/\/hoyre.no\/arendal\/aktuelt\/det-ma-bli-lettere-a-velge-kollektivt\/","og_site_name":"Arendal H\u00f8yre","article_published_time":"2023-08-24T14:15:00+00:00","article_modified_time":"2023-08-25T14:41:36+00:00","og_image":[{"url":"https:\/\/hoyre.no\/content\/uploads\/sites\/41\/2024\/08\/download-1.jpg","width":"","height":"","type":""}],"author":"Cathrine Coucheron Berli","twitter_card":"summary_large_image","twitter_misc":{"Skrevet av":"Cathrine Coucheron Berli","Ansl. lesetid":"4 minutter"},"schema":{"@context":"https:\/\/schema.org","@graph":[{"@type":"NewsArticle","@id":"https:\/\/hoyre.no\/arendal\/aktuelt\/det-ma-bli-lettere-a-velge-kollektivt\/","url":"https:\/\/hoyre.no\/arendal\/aktuelt\/det-ma-bli-lettere-a-velge-kollektivt\/","name":"Det m\u00e5 bli lettere \u00e5 velge kollektivt - Arendal H\u00f8yre","isPartOf":{"@id":"https:\/\/hoyre.no\/arendal\/#website"},"image":{"@id":"https:\/\/hoyre.no\/arendal\/aktuelt\/det-ma-bli-lettere-a-velge-kollektivt\/#primaryimage"},"thumbnailUrl":"https:\/\/hoyre.no\/content\/uploads\/sites\/41\/2023\/07\/357466890_664682285706033_5433048269681706256_n-1-694x1024.jpg","datePublished":"2023-08-24T14:15:00+00:00","dateModified":"2023-08-25T14:41:36+00:00","author":{"@id":"https:\/\/hoyre.no\/arendal\/#\/schema\/person\/ac07cb46cf1a662fab0853a6b9c1cd87"},"breadcrumb":{"@id":"https:\/\/hoyre.no\/arendal\/aktuelt\/det-ma-bli-lettere-a-velge-kollektivt\/#breadcrumb"},"inLanguage":"nb-NO","potentialAction":[{"@type":"ReadAction","target":["https:\/\/hoyre.no\/arendal\/aktuelt\/det-ma-bli-lettere-a-velge-kollektivt\/"]}]},{"@type":"ImageObject","inLanguage":"nb-NO","@id":"https:\/\/hoyre.no\/arendal\/aktuelt\/det-ma-bli-lettere-a-velge-kollektivt\/#primaryimage","url":"https:\/\/hoyre.no\/content\/uploads\/sites\/41\/2023\/07\/357466890_664682285706033_5433048269681706256_n-1-694x1024.jpg","contentUrl":"https:\/\/hoyre.no\/content\/uploads\/sites\/41\/2023\/07\/357466890_664682285706033_5433048269681706256_n-1-694x1024.jpg"},{"@type":"BreadcrumbList","@id":"https:\/\/hoyre.no\/arendal\/aktuelt\/det-ma-bli-lettere-a-velge-kollektivt\/#breadcrumb","itemListElement":[{"@type":"ListItem","position":1,"name":"Til hoyre.no","item":"https:\/\/hoyre.no"},{"@type":"ListItem","position":2,"name":"Hjem","item":"https:\/\/hoyre.no\/arendal\/"},{"@type":"ListItem","position":3,"name":"Det m\u00e5 bli lettere \u00e5 velge kollektivt"}]},{"@type":"WebSite","@id":"https:\/\/hoyre.no\/arendal\/#website","url":"https:\/\/hoyre.no\/arendal\/","name":"Arendal H\u00f8yre","description":"Bare enda et H\u00f8yres nettsteder-nettsted","inLanguage":"nb-NO"},{"@type":"Person","@id":"https:\/\/hoyre.no\/arendal\/#\/schema\/person\/ac07cb46cf1a662fab0853a6b9c1cd87","name":"Cathrine Coucheron Berli","image":{"@type":"ImageObject","inLanguage":"nb-NO","@id":"https:\/\/hoyre.no\/arendal\/#\/schema\/person\/image\/","url":"https:\/\/secure.gravatar.com\/avatar\/08e70978cc7c8f19bfdcaf005e0379d7aef8879456282010bc4d632692d294d7?s=96&d=mm&r=g","contentUrl":"https:\/\/secure.gravatar.com\/avatar\/08e70978cc7c8f19bfdcaf005e0379d7aef8879456282010bc4d632692d294d7?s=96&d=mm&r=g","caption":"Cathrine Coucheron Berli"},"url":"https:\/\/hoyre.no\/arendal\/aktuelt\/author\/m52168945\/"}]}},"distributor_meta":false,"distributor_terms":false,"distributor_media":false,"distributor_original_site_name":"Arendal H\u00f8yre","distributor_original_site_url":"https:\/\/hoyre.no\/arendal","push-errors":false,"_links":{"self":[{"href":"https:\/\/hoyre.no\/arendal\/wp-json\/wp\/v2\/posts\/529","targetHints":{"allow":["GET"]}}],"collection":[{"href":"https:\/\/hoyre.no\/arendal\/wp-json\/wp\/v2\/posts"}],"about":[{"href":"https:\/\/hoyre.no\/arendal\/wp-json\/wp\/v2\/types\/post"}],"author":[{"embeddable":true,"href":"https:\/\/hoyre.no\/arendal\/wp-json\/wp\/v2\/users\/36946"}],"replies":[{"embeddable":true,"href":"https:\/\/hoyre.no\/arendal\/wp-json\/wp\/v2\/comments?post=529"}],"version-history":[{"count":3,"href":"https:\/\/hoyre.no\/arendal\/wp-json\/wp\/v2\/posts\/529\/revisions"}],"predecessor-version":[{"id":542,"href":"https:\/\/hoyre.no\/arendal\/wp-json\/wp\/v2\/posts\/529\/revisions\/542"}],"wp:attachment":[{"href":"https:\/\/hoyre.no\/arendal\/wp-json\/wp\/v2\/media?parent=529"}],"wp:term":[{"taxonomy":"category","embeddable":true,"href":"https:\/\/hoyre.no\/arendal\/wp-json\/wp\/v2\/category?post=529"},{"taxonomy":"post_tag","embeddable":true,"href":"https:\/\/hoyre.no\/arendal\/wp-json\/wp\/v2\/post_tag?post=529"},{"taxonomy":"hoyre-visibility","embeddable":true,"href":"https:\/\/hoyre.no\/arendal\/wp-json\/wp\/v2\/hoyre-visibility?post=529"},{"taxonomy":"article-type","embeddable":true,"href":"https:\/\/hoyre.no\/arendal\/wp-json\/wp\/v2\/article-type?post=529"},{"taxonomy":"politician","embeddable":true,"href":"https:\/\/hoyre.no\/arendal\/wp-json\/wp\/v2\/politician?post=529"}],"curies":[{"name":"wp","href":"https:\/\/api.w.org\/{rel}","templated":true}]}}