{"id":532,"date":"2023-08-23T16:27:00","date_gmt":"2023-08-23T14:27:00","guid":{"rendered":"https:\/\/hoyre.no\/arendal\/?p=532"},"modified":"2023-08-25T16:32:44","modified_gmt":"2023-08-25T14:32:44","slug":"bedre-forberedt-for-yrkesfag","status":"publish","type":"post","link":"https:\/\/hoyre.no\/arendal\/aktuelt\/bedre-forberedt-for-yrkesfag\/","title":{"rendered":"Bedre forberedt for yrkesfag"},"content":{"rendered":"\n<p class=\"preamble\">Altfor mange ungdommer f\u00f8ler seg ikke hjemme i dagens ungdomsskole. Motivasjonen for \u00e5 l\u00e6re er lav, f\u00e6rre f\u00f8ler mestring og mange gruer seg for \u00e5 g\u00e5 p\u00e5 skole. Altfor mange synes det de l\u00e6rer p\u00e5 skolen ikke er nyttig for senere i livet og altfor mange elever mener skolen ikke legger til rette for deres \u00f8nsker om mer praktiske arbeidsm\u00e5ter. Elevunders\u00f8kelser for Arendals-skolen viser det.<\/p>\t\t\t<div class=\"post-meta wp-block teft-byline-wrapper\">\n\t\t\t\t<div class=\"top\">\n\t\t\t\t\t<div class=\"signature\">\n\t\t\t\t\t\t<div class=\"teft-byline\">\n\t\t\t\t\t\t\t\t\t\t\t\t\t\t<div>\n\t\t\t\t\t\t\t\t<h3>H\u00f8yres redaksjon<\/h3>\t\t\t\t\t\t\t\t\n\t\t\t\t\t\t\t\t\t\t\t\t\t\t\t\t\t<span class=\"date\">Sist oppdatert: 25. august 2023<\/span>\n\t\t\t\t\t\t\t\t\t\t\t\t\t\t\t\t\t\t\t\t\t\t\t\t\t<span class=\"reading-time\" itemprop=\"timeRequired\" content=\"PT5M\"><em>Ca. 5 minutter lesetid<\/em><\/span>\n\t\t\t\t\t\t\t\t\t\t\t\t\t\t\t<\/div>\n\t\t\t\t\t\t<\/div>\n\t\t\t\t\t<\/div>\n\t\t\t\t\t\t<div class=\"sharing\">\n\t\t<a class=\"share-button share-link copy-link\" data-copy=\"https:\/\/hoyre.no\/arendal\/aktuelt\/bedre-forberedt-for-yrkesfag\/\" target=\"_blank\"><span class=\"screen-reader-text\">Del link<\/span><\/a>\n\t\t<a class=\"share-button share-twitter\" href=\"http:\/\/twitter.com\/share?text=Bedre forberedt for yrkesfag&#038;url=https:\/\/hoyre.no\/arendal\/aktuelt\/bedre-forberedt-for-yrkesfag\/&#038;hashtags=Hoyre\" target=\"_blank\"><span class=\"screen-reader-text\">Del p\u00e5 twitter<\/span><\/a>\n\t\t<a class=\"share-button share-facebook\" href=\"https:\/\/www.facebook.com\/sharer\/sharer.php?u=https:\/\/hoyre.no\/arendal\/aktuelt\/bedre-forberedt-for-yrkesfag\/\" target=\"_blank\"><span class=\"screen-reader-text\">Del p\u00e5 facebook<\/span><\/a>\n\t<\/div>\n\t\t\t\t\t<\/div>\n\t\t\t<\/div>\n\n\t\t\t<figure class=\"hoyre-image-wrapper\"><div class=\"hoyre-image\"><img loading=\"lazy\" decoding=\"async\" width=\"526\" height=\"527\" src=\"https:\/\/hoyre.no\/content\/uploads\/sites\/41\/2023\/08\/369747782_6624348794278628_1784440677479957967_n.jpg\" class=\"attachment-scaled size-scaled\" alt=\"\" style=\"object-position: 50% 50%\" srcset=\"https:\/\/hoyre.no\/content\/uploads\/sites\/41\/2023\/08\/369747782_6624348794278628_1784440677479957967_n.jpg 526w, https:\/\/hoyre.no\/content\/uploads\/sites\/41\/2023\/08\/369747782_6624348794278628_1784440677479957967_n-300x300.jpg 300w, https:\/\/hoyre.no\/content\/uploads\/sites\/41\/2023\/08\/369747782_6624348794278628_1784440677479957967_n-150x150.jpg 150w\" sizes=\"auto, (max-width: 526px) 100vw, 526px\" \/><\/div><figcaption class=\"caption\"><strong>Finn Olav Andersen<\/strong>, Listekandidat Arendal H\u00f8yre, F\u00e6rvik<\/figcaption><\/figure>\n\n\n\n\n<p>Dette f\u00f8rer til mere utenforskap og ensomhet i en periode av livet hvor hver enkelt ungdom skal ha det bra, v\u00e6re godt forberedt for videre utdanning og etter hvert kunne kvalifisere seg for et arbeid. Altfor mange f\u00f8ler seg ikke gode nok n\u00e5r forventninger fra skolen og andre blir for store.<\/p>\n\n\n\n<p>Den enkelte mister troa p\u00e5 seg selv og faller utenfor. \u00c5 v\u00e6re utenfor er ikke et godt sted \u00e5 v\u00e6re, det kan vi alle kjenne oss igjen i. For at alle skal f\u00f8le seg innenfor m\u00e5 alle\/flere gi sitt bidrag for vi har ingen \u00e5 miste. Det er v\u00e5rt felles samfunnsoppdrag.<\/p>\n\n\n\n<p>Jeg tror p\u00e5 den enkelte elev og vet at hver enkelt alltid har noe i seg som er veldig bra. At hver enkelt er unik og m\u00e5 ivaretas deretter. P\u00e5 skolen, hjemme og p\u00e5 fritiden.<\/p>\n\n\n\n<p>F\u00f8r sommeren vedtok stortinget en ny oppl\u00e6ringslov som regulerer skolehverdagen til over 820 tusen barn og unge og skal tre i kraft h\u00f8sten 2024. Den er ment \u00e5 v\u00e6re en av landets aller viktigste lover.<\/p>\n\n\n\n<p>En av mange lovfestede rettigheter er \u00ab<em>at&nbsp;<strong>elevens beste<\/strong>&nbsp;skal v\u00e6re et grunnleggende hensyn ved handlinger og avgj\u00f8relser som gjelder eleven<\/em>\u00bb.<\/p>\n\n\n\n<p>Og alle l\u00e6rere skal n\u00e5 ha gjennomf\u00f8rt et kompetansel\u00f8ft for \u00e5 v\u00e6re best mulig forberedt.<\/p>\n\n\n\n<p><strong>Dette tror jeg p\u00e5 og vil jobbe for:<\/strong><\/p>\n\n\n\n<p>Hver enkelt l\u00e6rer er elevens aller viktigste ressurs og m\u00e5 f\u00e5 mulighet til \u00e5 v\u00e6re l\u00e6rer. En l\u00e6rer kan ikke erstattes av andre. Men den enkelte l\u00e6rer m\u00e5 gi og motta st\u00f8tte og veiledning, fra sine kolleger og fra sine n\u00e6rmeste ledere. Laget m\u00e5 fungere.<\/p>\n\n\n\n<p>Mange elever trenger ekstra mye st\u00f8tte og hjelp. Derfor m\u00e5 det flere hender inn i skolen og inn i klasserommene. I enkelte klasser vil det v\u00e6re behov for flere l\u00e6rere med spesialkompetanse, i andre flere st\u00f8ttefunksjoner. som alle skal st\u00f8tte opp om enkeltelever for \u00e5 gj\u00f8re dem trygge og velfungerende, alt i n\u00e6rt og \u00e5pent samarbeid med hver enkelt l\u00e6rer, kontaktl\u00e6rer, skolens ledelse og foresatte.<\/p>\n\n\n\n<p>Det m\u00e5 gj\u00f8res fors\u00f8k med mindre grupper i fag. Store klasser passer ikke alle elever uansett hvor mye st\u00f8tte det settes inn. Elever i mindre grupper vil f\u00e5 mere oppmerksomhet og mere l\u00e6ring. Eleven blir tryggere og vil kunne f\u00f8le seg mere \u00abhjemme\u00bb.<\/p>\n\n\n\n<p>Det kan gj\u00f8res fors\u00f8k med niv\u00e5deling i fag. Ikke alle kan eller beh\u00f8ver toppkarakter i fag. For mange vil en middels god karakter v\u00e6re mere enn god nok og f\u00f8rer til et godt nok grunnlag for videre utdanning og arbeid.<\/p>\n\n\n\n<p>Arbeidslivsfaget (222 timer pr. \u00e5r) p\u00e5 ungdomsskolen er form\u00e5let \u00e5 f\u00e5 praktisk erfaring. Dette m\u00e5 gjennomf\u00f8res i de videreg\u00e5ende skoler, i det offentlige, i det private n\u00e6ringsliv og andre arenaer som for eksempel frivillige organisasjoner.<\/p>\n\n\n\n<p>Form\u00e5let med Valgfaget (171 timer pr. \u00e5r) er at de skal v\u00e6re praktiske og m\u00e5 fritt kunne velges i de 15 valgfagene som er listet opp i l\u00e6replanen for faget. Enten p\u00e5 egen skole, en annen skole, i en bedrift, i en organisasjon eller en offentlig virksomhet. Mulighetene er mange.<\/p>\n\n\n\n<p>Faget Utdanningsvalg (110 timer pr. \u00e5r) m\u00e5 gj\u00f8res virkelighetsn\u00e6rt slik at den enkelte f\u00e5r nok og riktig kunnskap for \u00e5 ta riktige og viktige valg.<\/p>\n\n\n\n<p>Det er ogs\u00e5 bestemt at 5 prosent av det totale timetallet som eleven har kan omgj\u00f8res til andre fag til det beste for den enkelte elev. Form\u00e5let med dette er at den enkelte skal bli mere motivert og f\u00f8re til en bedre m\u00e5loppn\u00e5else i fagene samlet sett for eleven. Det m\u00e5 kunne pr\u00f8ves ut.<\/p>\n\n\n\n<p>S\u00e5 mener jeg det er rom for \u00e5 rette kompetansem\u00e5lene i fagene mer mot yrkesforberedende l\u00f8p. Nesten 6 av 10 elever \u00f8nsker dette n\u00e5. Og det er behov for flere motiverte og gode fagarbeidere til en voksende industri. Digitale l\u00e6remidler m\u00e5 bare v\u00e6re et supplement til andre gode l\u00e6remidler.<\/p>\n\n\n\n<p>Samarbeid styrker overgangen fra grunnskolen inn i den videreg\u00e5ende skole. Det kan bedre ivaretas ved \u00e5 opprette egne fora for samarbeid mellom r\u00e5dgivere, fora mellom l\u00e6rere og fora mellom ledere i vgs. og ungdomstrinnet. Gjerne med representanter fra privat n\u00e6ringsliv og det offentlige. Alt til elevens beste.<\/p>\n\n\n\n<p>Alt dette for at eleven skal f\u00e5 en praktisk og en mer relevant tiln\u00e6rming som skal vekke oppmerksomhet, fremme elevens motivasjon og l\u00e6relyst til beste for eleven. Til sammen vil eleven med dette bli bedre forberedt og motivert for videre yrkesforberedende l\u00f8p. Alt i samarbeid med foresatte.<\/p>\n\n\n\n<p>Med \u00f8nske om et godt valg.<\/p>\n\n\n\n<p><strong>Finn Olav Andersen<\/strong>, Listekandidat Arendal H\u00f8yre, F\u00e6rvik<\/p>\n\n\n<div class=\"tags\">\n\t<\/div>\n<div class=\"post-footer alignfull has-background block-editor-block-list__block\" data-align=full>\n\t<div class=\"post-footer-inner\">\n\t\t<h3>Relaterte artikler<\/h3>\n\t\t<div class=\"related-content\"><div class=\"is-card-hoyre\">\n\t<div class=\"teft-card hoyre-teft-card post-teft-card\">\n\t\t<a href=\"https:\/\/hoyre.no\/arendal\/aktuelt\/alfabetisk-navneliste-over-hoyres-valgvillige-stortingsvalgkandidater-2025-2029-i-aust-agder-valgdistrikt\/\" class=\"teft-card__primary-action\">\n\n\t\t\t\t\t<div class=\"teft-card__media teft-card__media--16-9\">\n\t\t\t\t\t\t<img loading=\"lazy\" decoding=\"async\" width=\"768\" height=\"768\" src=\"https:\/\/hoyre.no\/content\/uploads\/sites\/41\/2022\/11\/2020_RGB_hoyre_logo_profilbilde_011-768x768.png\" class=\"attachment-medium_large size-medium_large\" alt=\"\" srcset=\"https:\/\/hoyre.no\/content\/uploads\/sites\/41\/2022\/11\/2020_RGB_hoyre_logo_profilbilde_011-768x768.png 768w, https:\/\/hoyre.no\/content\/uploads\/sites\/41\/2022\/11\/2020_RGB_hoyre_logo_profilbilde_011-300x300.png 300w, https:\/\/hoyre.no\/content\/uploads\/sites\/41\/2022\/11\/2020_RGB_hoyre_logo_profilbilde_011-150x150.png 150w, https:\/\/hoyre.no\/content\/uploads\/sites\/41\/2022\/11\/2020_RGB_hoyre_logo_profilbilde_011.png 1000w\" sizes=\"auto, (max-width: 768px) 100vw, 768px\" \/>\t\t<\/div>\n\t\t\n\t\t\t<div class=\"teft-card__content-wrapper\">\n\t\t\t\t<div class=\"teft-card__secondary\">\n\t\t\t\t\t\n\t\t\t\t\t\t\t\t<div class=\"teft-card__meta\">\n\t\t\t\t\t\t\t\t\t<span class=\"post-date\">28. aug 2024<\/span>\n\n\t\t\t\t\t\t\t\t\t<span class=\"post-category\">Nominasjon<\/span>\t\t\t\t\t\t\t\t<\/div>\n\t\t\t\t\t\t\t\t\t\t\t<\/div>\n\n\t\t\t\t<div class=\"teft-card__primary\">\n\t\t\t\t\t<h2 class=\"teft-card__title\">Alfabetisk navneliste over H\u00f8yres valgvillige stortingsvalgkandidater 2025 \u2013 2029 i Aust-Agder valgdistrikt&nbsp;<span class=\"teft-card__primary-title-append\"><\/span><\/h2>\t\t\t\t<\/div>\n\t\t\t<\/div>\n\t\t<\/a>\n\t<\/div>\n\n\t<\/div><div class=\"is-card-hoyre\">\n\t<div class=\"teft-card hoyre-teft-card post-teft-card\">\n\t\t<a href=\"https:\/\/hoyre.no\/arendal\/aktuelt\/provenominasjon-for-stortingsvalget-2025\/\" class=\"teft-card__primary-action\">\n\n\t\t\t\t\t<div class=\"teft-card__media teft-card__media--16-9\">\n\t\t\t\t\t\t<img loading=\"lazy\" decoding=\"async\" width=\"768\" height=\"320\" src=\"https:\/\/hoyre.no\/content\/uploads\/sites\/41\/2024\/08\/stortingsbygningeneidsvolls-768x320.jpg\" class=\"attachment-medium_large size-medium_large\" alt=\"Stortinget\" srcset=\"https:\/\/hoyre.no\/content\/uploads\/sites\/41\/2024\/08\/stortingsbygningeneidsvolls-768x320.jpg 768w, https:\/\/hoyre.no\/content\/uploads\/sites\/41\/2024\/08\/stortingsbygningeneidsvolls-300x125.jpg 300w, https:\/\/hoyre.no\/content\/uploads\/sites\/41\/2024\/08\/stortingsbygningeneidsvolls.jpg 840w\" sizes=\"auto, (max-width: 768px) 100vw, 768px\" \/>\t\t<\/div>\n\t\t\n\t\t\t<div class=\"teft-card__content-wrapper\">\n\t\t\t\t<div class=\"teft-card__secondary\">\n\t\t\t\t\t\n\t\t\t\t\t\t\t\t<div class=\"teft-card__meta\">\n\t\t\t\t\t\t\t\t\t<span class=\"post-date\">22. aug 2024<\/span>\n\n\t\t\t\t\t\t\t\t\t<span class=\"post-category\">Nominasjon<\/span>\t\t\t\t\t\t\t\t<\/div>\n\t\t\t\t\t\t\t\t\t\t\t<\/div>\n\n\t\t\t\t<div class=\"teft-card__primary\">\n\t\t\t\t\t<h2 class=\"teft-card__title\">Pr\u00f8venominasjon for Stortingsvalget 2025&nbsp;<span class=\"teft-card__primary-title-append\"><\/span><\/h2>\t\t\t\t<\/div>\n\t\t\t<\/div>\n\t\t<\/a>\n\t<\/div>\n\n\t<\/div><div class=\"is-card-hoyre\">\n\t<div class=\"teft-card hoyre-teft-card post-teft-card\">\n\t\t<a href=\"https:\/\/hoyre.no\/arendal\/aktuelt\/arendalsuka-mer-enn-bare-enn-fest-for-fiffen\/\" class=\"teft-card__primary-action\">\n\n\t\t\t\t\t<div class=\"teft-card__media teft-card__media--16-9\">\n\t\t\t\t\t\t<img loading=\"lazy\" decoding=\"async\" width=\"720\" height=\"540\" src=\"https:\/\/hoyre.no\/content\/uploads\/sites\/41\/2024\/08\/download-1.jpg\" class=\"attachment-medium_large size-medium_large\" alt=\"\" srcset=\"https:\/\/hoyre.no\/content\/uploads\/sites\/41\/2024\/08\/download-1.jpg 720w, https:\/\/hoyre.no\/content\/uploads\/sites\/41\/2024\/08\/download-1-300x225.jpg 300w\" sizes=\"auto, (max-width: 720px) 100vw, 720px\" \/>\t\t<\/div>\n\t\t\n\t\t\t<div class=\"teft-card__content-wrapper\">\n\t\t\t\t<div class=\"teft-card__secondary\">\n\t\t\t\t\t\n\t\t\t\t\t\t\t\t<div class=\"teft-card__meta\">\n\t\t\t\t\t\t\t\t\t<span class=\"post-date\">21. aug 2024<\/span>\n\n\t\t\t\t\t\t\t\t\t<span class=\"post-category\">Debatt<\/span>\t\t\t\t\t\t\t\t<\/div>\n\t\t\t\t\t\t\t\t\t\t\t<\/div>\n\n\t\t\t\t<div class=\"teft-card__primary\">\n\t\t\t\t\t<h2 class=\"teft-card__title\">Arendalsuka: Mer enn bare enn fest for \u201cfiffen\u201d&nbsp;<span class=\"teft-card__primary-title-append\"><\/span><\/h2>\t\t\t\t<\/div>\n\t\t\t<\/div>\n\t\t<\/a>\n\t<\/div>\n\n\t<\/div><\/div>\t<\/div>\n<\/div>\n","protected":false},"excerpt":{"rendered":"","protected":false},"author":36946,"featured_media":0,"comment_status":"closed","ping_status":"closed","sticky":false,"template":"","format":"standard","meta":{"teft_cards_image_url":"","teft_cards_custom_pretitle":"","teft_cards_image_id":533,"teft_cards_image_focal_point_x":0.5,"teft_cards_image_focal_point_y":0.5,"teft_cards_title":"","teft_cards_excerpt":"","teft_show_chapters":false,"author_display_name":"","footnotes":""},"category":[7],"post_tag":[],"hoyre-visibility":[],"article-type":[],"politician":[],"class_list":["post-532","post","type-post","status-publish","format-standard","hentry","category-debatt"],"yoast_head":"<!-- This site is optimized with the Yoast SEO plugin v26.6 - https:\/\/yoast.com\/wordpress\/plugins\/seo\/ -->\n<title>Bedre forberedt for yrkesfag - Arendal H\u00f8yre<\/title>\n<meta name=\"robots\" content=\"index, follow, max-snippet:-1, max-image-preview:large, max-video-preview:-1\" \/>\n<link rel=\"canonical\" href=\"https:\/\/hoyre.no\/arendal\/aktuelt\/bedre-forberedt-for-yrkesfag\/\" \/>\n<meta property=\"og:locale\" content=\"nb_NO\" \/>\n<meta property=\"og:type\" content=\"article\" \/>\n<meta property=\"og:title\" content=\"Bedre forberedt for yrkesfag - Arendal H\u00f8yre\" \/>\n<meta property=\"og:url\" content=\"https:\/\/hoyre.no\/arendal\/aktuelt\/bedre-forberedt-for-yrkesfag\/\" \/>\n<meta property=\"og:site_name\" content=\"Arendal H\u00f8yre\" \/>\n<meta property=\"article:published_time\" content=\"2023-08-23T14:27:00+00:00\" \/>\n<meta property=\"article:modified_time\" content=\"2023-08-25T14:32:44+00:00\" \/>\n<meta property=\"og:image\" content=\"https:\/\/hoyre.no\/content\/uploads\/sites\/41\/2024\/08\/download-1.jpg\" \/>\n<meta name=\"author\" content=\"Cathrine Coucheron Berli\" \/>\n<meta name=\"twitter:card\" content=\"summary_large_image\" \/>\n<meta name=\"twitter:label1\" content=\"Skrevet av\" \/>\n\t<meta name=\"twitter:data1\" content=\"Cathrine Coucheron Berli\" \/>\n\t<meta name=\"twitter:label2\" content=\"Ansl. lesetid\" \/>\n\t<meta name=\"twitter:data2\" content=\"5 minutter\" \/>\n<script type=\"application\/ld+json\" class=\"yoast-schema-graph\">{\"@context\":\"https:\/\/schema.org\",\"@graph\":[{\"@type\":\"NewsArticle\",\"@id\":\"https:\/\/hoyre.no\/arendal\/aktuelt\/bedre-forberedt-for-yrkesfag\/\",\"url\":\"https:\/\/hoyre.no\/arendal\/aktuelt\/bedre-forberedt-for-yrkesfag\/\",\"name\":\"Bedre forberedt for yrkesfag - Arendal H\u00f8yre\",\"isPartOf\":{\"@id\":\"https:\/\/hoyre.no\/arendal\/#website\"},\"datePublished\":\"2023-08-23T14:27:00+00:00\",\"dateModified\":\"2023-08-25T14:32:44+00:00\",\"author\":{\"@id\":\"https:\/\/hoyre.no\/arendal\/#\/schema\/person\/ac07cb46cf1a662fab0853a6b9c1cd87\"},\"breadcrumb\":{\"@id\":\"https:\/\/hoyre.no\/arendal\/aktuelt\/bedre-forberedt-for-yrkesfag\/#breadcrumb\"},\"inLanguage\":\"nb-NO\",\"potentialAction\":[{\"@type\":\"ReadAction\",\"target\":[\"https:\/\/hoyre.no\/arendal\/aktuelt\/bedre-forberedt-for-yrkesfag\/\"]}]},{\"@type\":\"BreadcrumbList\",\"@id\":\"https:\/\/hoyre.no\/arendal\/aktuelt\/bedre-forberedt-for-yrkesfag\/#breadcrumb\",\"itemListElement\":[{\"@type\":\"ListItem\",\"position\":1,\"name\":\"Til hoyre.no\",\"item\":\"https:\/\/hoyre.no\"},{\"@type\":\"ListItem\",\"position\":2,\"name\":\"Hjem\",\"item\":\"https:\/\/hoyre.no\/arendal\/\"},{\"@type\":\"ListItem\",\"position\":3,\"name\":\"Bedre forberedt for yrkesfag\"}]},{\"@type\":\"WebSite\",\"@id\":\"https:\/\/hoyre.no\/arendal\/#website\",\"url\":\"https:\/\/hoyre.no\/arendal\/\",\"name\":\"Arendal H\u00f8yre\",\"description\":\"Bare enda et H\u00f8yres nettsteder-nettsted\",\"inLanguage\":\"nb-NO\"},{\"@type\":\"Person\",\"@id\":\"https:\/\/hoyre.no\/arendal\/#\/schema\/person\/ac07cb46cf1a662fab0853a6b9c1cd87\",\"name\":\"Cathrine Coucheron Berli\",\"image\":{\"@type\":\"ImageObject\",\"inLanguage\":\"nb-NO\",\"@id\":\"https:\/\/hoyre.no\/arendal\/#\/schema\/person\/image\/\",\"url\":\"https:\/\/secure.gravatar.com\/avatar\/08e70978cc7c8f19bfdcaf005e0379d7aef8879456282010bc4d632692d294d7?s=96&d=mm&r=g\",\"contentUrl\":\"https:\/\/secure.gravatar.com\/avatar\/08e70978cc7c8f19bfdcaf005e0379d7aef8879456282010bc4d632692d294d7?s=96&d=mm&r=g\",\"caption\":\"Cathrine Coucheron Berli\"},\"url\":\"https:\/\/hoyre.no\/arendal\/aktuelt\/author\/m52168945\/\"}]}<\/script>\n<!-- \/ Yoast SEO plugin. -->","yoast_head_json":{"title":"Bedre forberedt for yrkesfag - Arendal H\u00f8yre","robots":{"index":"index","follow":"follow","max-snippet":"max-snippet:-1","max-image-preview":"max-image-preview:large","max-video-preview":"max-video-preview:-1"},"canonical":"https:\/\/hoyre.no\/arendal\/aktuelt\/bedre-forberedt-for-yrkesfag\/","og_locale":"nb_NO","og_type":"article","og_title":"Bedre forberedt for yrkesfag - Arendal H\u00f8yre","og_url":"https:\/\/hoyre.no\/arendal\/aktuelt\/bedre-forberedt-for-yrkesfag\/","og_site_name":"Arendal H\u00f8yre","article_published_time":"2023-08-23T14:27:00+00:00","article_modified_time":"2023-08-25T14:32:44+00:00","og_image":[{"url":"https:\/\/hoyre.no\/content\/uploads\/sites\/41\/2024\/08\/download-1.jpg","width":"","height":"","type":""}],"author":"Cathrine Coucheron Berli","twitter_card":"summary_large_image","twitter_misc":{"Skrevet av":"Cathrine Coucheron Berli","Ansl. lesetid":"5 minutter"},"schema":{"@context":"https:\/\/schema.org","@graph":[{"@type":"NewsArticle","@id":"https:\/\/hoyre.no\/arendal\/aktuelt\/bedre-forberedt-for-yrkesfag\/","url":"https:\/\/hoyre.no\/arendal\/aktuelt\/bedre-forberedt-for-yrkesfag\/","name":"Bedre forberedt for yrkesfag - Arendal H\u00f8yre","isPartOf":{"@id":"https:\/\/hoyre.no\/arendal\/#website"},"datePublished":"2023-08-23T14:27:00+00:00","dateModified":"2023-08-25T14:32:44+00:00","author":{"@id":"https:\/\/hoyre.no\/arendal\/#\/schema\/person\/ac07cb46cf1a662fab0853a6b9c1cd87"},"breadcrumb":{"@id":"https:\/\/hoyre.no\/arendal\/aktuelt\/bedre-forberedt-for-yrkesfag\/#breadcrumb"},"inLanguage":"nb-NO","potentialAction":[{"@type":"ReadAction","target":["https:\/\/hoyre.no\/arendal\/aktuelt\/bedre-forberedt-for-yrkesfag\/"]}]},{"@type":"BreadcrumbList","@id":"https:\/\/hoyre.no\/arendal\/aktuelt\/bedre-forberedt-for-yrkesfag\/#breadcrumb","itemListElement":[{"@type":"ListItem","position":1,"name":"Til hoyre.no","item":"https:\/\/hoyre.no"},{"@type":"ListItem","position":2,"name":"Hjem","item":"https:\/\/hoyre.no\/arendal\/"},{"@type":"ListItem","position":3,"name":"Bedre forberedt for yrkesfag"}]},{"@type":"WebSite","@id":"https:\/\/hoyre.no\/arendal\/#website","url":"https:\/\/hoyre.no\/arendal\/","name":"Arendal H\u00f8yre","description":"Bare enda et H\u00f8yres nettsteder-nettsted","inLanguage":"nb-NO"},{"@type":"Person","@id":"https:\/\/hoyre.no\/arendal\/#\/schema\/person\/ac07cb46cf1a662fab0853a6b9c1cd87","name":"Cathrine Coucheron Berli","image":{"@type":"ImageObject","inLanguage":"nb-NO","@id":"https:\/\/hoyre.no\/arendal\/#\/schema\/person\/image\/","url":"https:\/\/secure.gravatar.com\/avatar\/08e70978cc7c8f19bfdcaf005e0379d7aef8879456282010bc4d632692d294d7?s=96&d=mm&r=g","contentUrl":"https:\/\/secure.gravatar.com\/avatar\/08e70978cc7c8f19bfdcaf005e0379d7aef8879456282010bc4d632692d294d7?s=96&d=mm&r=g","caption":"Cathrine Coucheron Berli"},"url":"https:\/\/hoyre.no\/arendal\/aktuelt\/author\/m52168945\/"}]}},"distributor_meta":false,"distributor_terms":false,"distributor_media":false,"distributor_original_site_name":"Arendal H\u00f8yre","distributor_original_site_url":"https:\/\/hoyre.no\/arendal","push-errors":false,"_links":{"self":[{"href":"https:\/\/hoyre.no\/arendal\/wp-json\/wp\/v2\/posts\/532","targetHints":{"allow":["GET"]}}],"collection":[{"href":"https:\/\/hoyre.no\/arendal\/wp-json\/wp\/v2\/posts"}],"about":[{"href":"https:\/\/hoyre.no\/arendal\/wp-json\/wp\/v2\/types\/post"}],"author":[{"embeddable":true,"href":"https:\/\/hoyre.no\/arendal\/wp-json\/wp\/v2\/users\/36946"}],"replies":[{"embeddable":true,"href":"https:\/\/hoyre.no\/arendal\/wp-json\/wp\/v2\/comments?post=532"}],"version-history":[{"count":2,"href":"https:\/\/hoyre.no\/arendal\/wp-json\/wp\/v2\/posts\/532\/revisions"}],"predecessor-version":[{"id":535,"href":"https:\/\/hoyre.no\/arendal\/wp-json\/wp\/v2\/posts\/532\/revisions\/535"}],"wp:attachment":[{"href":"https:\/\/hoyre.no\/arendal\/wp-json\/wp\/v2\/media?parent=532"}],"wp:term":[{"taxonomy":"category","embeddable":true,"href":"https:\/\/hoyre.no\/arendal\/wp-json\/wp\/v2\/category?post=532"},{"taxonomy":"post_tag","embeddable":true,"href":"https:\/\/hoyre.no\/arendal\/wp-json\/wp\/v2\/post_tag?post=532"},{"taxonomy":"hoyre-visibility","embeddable":true,"href":"https:\/\/hoyre.no\/arendal\/wp-json\/wp\/v2\/hoyre-visibility?post=532"},{"taxonomy":"article-type","embeddable":true,"href":"https:\/\/hoyre.no\/arendal\/wp-json\/wp\/v2\/article-type?post=532"},{"taxonomy":"politician","embeddable":true,"href":"https:\/\/hoyre.no\/arendal\/wp-json\/wp\/v2\/politician?post=532"}],"curies":[{"name":"wp","href":"https:\/\/api.w.org\/{rel}","templated":true}]}}