{"id":552,"date":"2023-09-04T16:39:00","date_gmt":"2023-09-04T14:39:00","guid":{"rendered":"https:\/\/hoyre.no\/arendal\/?p=552"},"modified":"2023-09-06T16:42:19","modified_gmt":"2023-09-06T14:42:19","slug":"hvorfor-ikke-vaere-aerlig-om-utfordringene-med-helsehus-pa-saltrod","status":"publish","type":"post","link":"https:\/\/hoyre.no\/arendal\/aktuelt\/hvorfor-ikke-vaere-aerlig-om-utfordringene-med-helsehus-pa-saltrod\/","title":{"rendered":"Hvorfor ikke v\u00e6re \u00e6rlig om utfordringene med helsehus p\u00e5 Saltr\u00f8d?"},"content":{"rendered":"\n<p class=\"preamble\">Det er forstemmende \u00e5 se de ulike partiene, og is\u00e6r Arbeiderpartiet, sin fremstilling av helsehus p\u00e5 foresl\u00e5tt tomt p\u00e5 Saltr\u00f8d. S\u00e6rlig ille blir det n\u00e5r de lover dette ferdig i 2026!<\/p>\t\t\t<div class=\"post-meta wp-block teft-byline-wrapper\">\n\t\t\t\t<div class=\"top\">\n\t\t\t\t\t<div class=\"signature\">\n\t\t\t\t\t\t<div class=\"teft-byline\">\n\t\t\t\t\t\t\t\t\t\t\t\t\t\t<div>\n\t\t\t\t\t\t\t\t<h3>H\u00f8yres redaksjon<\/h3>\t\t\t\t\t\t\t\t\n\t\t\t\t\t\t\t\t\t\t\t\t\t\t\t\t\t<span class=\"date\">Sist oppdatert: 6. september 2023<\/span>\n\t\t\t\t\t\t\t\t\t\t\t\t\t\t\t\t\t\t\t\t\t\t\t\t\t<span class=\"reading-time\" itemprop=\"timeRequired\" content=\"PT3M\"><em>Ca. 3 minutter lesetid<\/em><\/span>\n\t\t\t\t\t\t\t\t\t\t\t\t\t\t\t<\/div>\n\t\t\t\t\t\t<\/div>\n\t\t\t\t\t<\/div>\n\t\t\t\t\t\t<div class=\"sharing\">\n\t\t<a class=\"share-button share-link copy-link\" data-copy=\"https:\/\/hoyre.no\/arendal\/aktuelt\/hvorfor-ikke-vaere-aerlig-om-utfordringene-med-helsehus-pa-saltrod\/\" target=\"_blank\"><span class=\"screen-reader-text\">Del link<\/span><\/a>\n\t\t<a class=\"share-button share-twitter\" href=\"http:\/\/twitter.com\/share?text=Hvorfor ikke v\u00e6re \u00e6rlig om utfordringene med helsehus p\u00e5 Saltr\u00f8d?&#038;url=https:\/\/hoyre.no\/arendal\/aktuelt\/hvorfor-ikke-vaere-aerlig-om-utfordringene-med-helsehus-pa-saltrod\/&#038;hashtags=Hoyre\" target=\"_blank\"><span class=\"screen-reader-text\">Del p\u00e5 twitter<\/span><\/a>\n\t\t<a class=\"share-button share-facebook\" href=\"https:\/\/www.facebook.com\/sharer\/sharer.php?u=https:\/\/hoyre.no\/arendal\/aktuelt\/hvorfor-ikke-vaere-aerlig-om-utfordringene-med-helsehus-pa-saltrod\/\" target=\"_blank\"><span class=\"screen-reader-text\">Del p\u00e5 facebook<\/span><\/a>\n\t<\/div>\n\t\t\t\t\t<\/div>\n\t\t\t<\/div>\n\n\t\t\t<figure class=\"hoyre-image-wrapper\"><div class=\"hoyre-image\"><img loading=\"lazy\" decoding=\"async\" width=\"982\" height=\"552\" src=\"https:\/\/hoyre.no\/content\/uploads\/sites\/41\/2023\/06\/Fellesbilde.jpg\" class=\"attachment-scaled size-scaled\" alt=\"\" style=\"object-position: 50% 50%\" srcset=\"https:\/\/hoyre.no\/content\/uploads\/sites\/41\/2023\/06\/Fellesbilde.jpg 982w, https:\/\/hoyre.no\/content\/uploads\/sites\/41\/2023\/06\/Fellesbilde-300x169.jpg 300w, https:\/\/hoyre.no\/content\/uploads\/sites\/41\/2023\/06\/Fellesbilde-768x432.jpg 768w\" sizes=\"auto, (max-width: 982px) 100vw, 982px\" \/><\/div><figcaption class=\"caption\">Arendal H\u00f8yres bystyregruppe. Innsenderne av dette innlegget er Linda D. \u00d8ygarden, Haagen S. Poppe, Nina Roland og Geir Fredrik Sissener.\u00a0<strong>FOTO:<\/strong>\u00a0TORE ELLINGSEN, Agderposten<\/figcaption><\/figure>\n\n\n\n\n<p>Alle de godt dokumenterte problemene med tomta skyves under teppet og innbyggerne lures til \u00e5 tro at bygging av helsehus her g\u00e5r helt fint! Det er ikke mulig \u00e5 komme lenger vekk fra det virkeligheten. H\u00f8yre har helt fra 2018\/2019 g\u00e5tt for et helsehus p\u00e5 Saltr\u00f8d. Men det var inntil vi leste risiko og s\u00e5rbarhetsanalysen av primo april i \u00e5r. Det er s\u00e5 store utfordringer med tomta at kommunedirekt\u00f8ren satte foten ned. Det forst\u00e5r vi i H\u00f8yre sv\u00e6rt godt! Dette har kommunedirekt\u00f8ren bekreftet i bystyret to ganger. Anbefaler for \u00f8vrig alle \u00e5 lese den beskrevne risiko og s\u00e5rbarhetsanalysen.<\/p>\n\n\n\n<p>For det f\u00f8rste, tomta er IKKE regulert. Det kan fort ta flere \u00e5r. Dette pga. ekspropriasjonsutfordringer, mulige innsigelser fra Statsforvalteren, selve prosessen med h\u00f8ringsrunder og mulige klager.<\/p>\n\n\n\n<p>De tekniske utfordringene er heller ikke sm\u00e5 med st\u00f8yutfordringer, myr og andre grunnforhold. Det er ikke umulig at dette kan l\u00f8ses i l\u00f8pet av noen \u00e5r, men det kan bli sv\u00e6rt dyrt og den tiden har vi ikke. I helsekomiteen torsdag 24.8.2023 fikk vi en ny oversikt over hvor mange som venter p\u00e5 langtidsplass p\u00e5 sykehjem i Arendal kommune. Tallet er 35. Tidligere i \u00e5r har det v\u00e6rt hele 42 personer. Noen har ventet p\u00e5 plass i over ett \u00e5r.<\/p>\n\n\n\n<p>S\u00e5 vet vi at behovene \u00f8ker sterkt i kommende \u00e5r. Vi trenger \u00e5 bygge helsehus s\u00e5 raskt som mulig. Det skylder vi de eldre i kommunen som trenger plass n\u00e5.<\/p>\n\n\n\n<p>Det er derfor Arendal H\u00f8yre peker p\u00e5 tomter som er ferdig regulert eller trenger kun mindre endringer for \u00e5 st\u00e5 klare til bygging. En bygging tar fort 18 til 24 m\u00e5neder. De tomtene har vi funnet i kunnskapshavna, p\u00e5 Fl\u00f8yheia og p\u00e5 Nedenes. Da kan vi f\u00e5 p\u00e5 plass et nytt helsehus i 2026, men det haster. Arendal H\u00f8yre synes det er sv\u00e6rt beklagelig og helt uforst\u00e5elig at dagens posisjon ikke engang fant det hensiktsmessig \u00e5 utrede v\u00e5re foresl\u00e5tte alternativer. Den prisen er det innbyggerne som st\u00e5r i k\u00f8 som m\u00e5 betale. Det er dypt beklagelig.<\/p>\n\n\n\n<p>En stemme til H\u00f8yre er en stemme til at et nytt helsehus kan st\u00e5 ferdig i 2026.\u00a0<\/p>\n\n\n\n<p><strong>Linda D. \u00d8ygarden,<\/strong> bystyrerep. og ordf\u00f8rerkandidat Arendal H\u00f8yre <br><strong>Haagen S. Poppe<\/strong>, bystyrerep. og 2.kandidat Arendal H\u00f8yre <br><strong>Nina Roland<\/strong>, bystyrerep. og 3.kandidat Arendal H\u00f8yre <br><strong>Geir Fredrik Sissener<\/strong>, gruppeleder Arendal H\u00f8yre og 15.kandidat.<\/p>\n\n\n<div class=\"tags\">\n\t\t<div class=\"wp-block-tag-cloud\">\n\t\t\t\t\t<a href=\"https:\/\/hoyre.no\/arendal\/aktuelt\/tag\/ordforerkandidat\/\" class=\"tag-cloud-link\">Ordf\u00f8rerkandidat<\/a>\n\t\t\t\t\t<a href=\"https:\/\/hoyre.no\/arendal\/aktuelt\/tag\/valget2023\/\" class=\"tag-cloud-link\">Valget2023<\/a>\n\t\t\t<\/div>\n\t<\/div>\n<div class=\"post-footer alignfull has-background block-editor-block-list__block\" data-align=full>\n\t<div class=\"post-footer-inner\">\n\t\t<h3>Relaterte artikler<\/h3>\n\t\t<div class=\"related-content\"><div class=\"is-card-hoyre\">\n\t<div class=\"teft-card hoyre-teft-card post-teft-card\">\n\t\t<a href=\"https:\/\/hoyre.no\/arendal\/aktuelt\/alfabetisk-navneliste-over-hoyres-valgvillige-stortingsvalgkandidater-2025-2029-i-aust-agder-valgdistrikt\/\" class=\"teft-card__primary-action\">\n\n\t\t\t\t\t<div class=\"teft-card__media teft-card__media--16-9\">\n\t\t\t\t\t\t<img loading=\"lazy\" decoding=\"async\" width=\"768\" height=\"768\" src=\"https:\/\/hoyre.no\/content\/uploads\/sites\/41\/2022\/11\/2020_RGB_hoyre_logo_profilbilde_011-768x768.png\" class=\"attachment-medium_large size-medium_large\" alt=\"\" srcset=\"https:\/\/hoyre.no\/content\/uploads\/sites\/41\/2022\/11\/2020_RGB_hoyre_logo_profilbilde_011-768x768.png 768w, https:\/\/hoyre.no\/content\/uploads\/sites\/41\/2022\/11\/2020_RGB_hoyre_logo_profilbilde_011-300x300.png 300w, https:\/\/hoyre.no\/content\/uploads\/sites\/41\/2022\/11\/2020_RGB_hoyre_logo_profilbilde_011-150x150.png 150w, https:\/\/hoyre.no\/content\/uploads\/sites\/41\/2022\/11\/2020_RGB_hoyre_logo_profilbilde_011.png 1000w\" sizes=\"auto, (max-width: 768px) 100vw, 768px\" \/>\t\t<\/div>\n\t\t\n\t\t\t<div class=\"teft-card__content-wrapper\">\n\t\t\t\t<div class=\"teft-card__secondary\">\n\t\t\t\t\t\n\t\t\t\t\t\t\t\t<div class=\"teft-card__meta\">\n\t\t\t\t\t\t\t\t\t<span class=\"post-date\">28. aug 2024<\/span>\n\n\t\t\t\t\t\t\t\t\t<span class=\"post-category\">Nominasjon<\/span>\t\t\t\t\t\t\t\t<\/div>\n\t\t\t\t\t\t\t\t\t\t\t<\/div>\n\n\t\t\t\t<div class=\"teft-card__primary\">\n\t\t\t\t\t<h2 class=\"teft-card__title\">Alfabetisk navneliste over H\u00f8yres valgvillige stortingsvalgkandidater 2025 \u2013 2029 i Aust-Agder valgdistrikt&nbsp;<span class=\"teft-card__primary-title-append\"><\/span><\/h2>\t\t\t\t<\/div>\n\t\t\t<\/div>\n\t\t<\/a>\n\t<\/div>\n\n\t<\/div><div class=\"is-card-hoyre\">\n\t<div class=\"teft-card hoyre-teft-card post-teft-card\">\n\t\t<a href=\"https:\/\/hoyre.no\/arendal\/aktuelt\/provenominasjon-for-stortingsvalget-2025\/\" class=\"teft-card__primary-action\">\n\n\t\t\t\t\t<div class=\"teft-card__media teft-card__media--16-9\">\n\t\t\t\t\t\t<img loading=\"lazy\" decoding=\"async\" width=\"768\" height=\"320\" src=\"https:\/\/hoyre.no\/content\/uploads\/sites\/41\/2024\/08\/stortingsbygningeneidsvolls-768x320.jpg\" class=\"attachment-medium_large size-medium_large\" alt=\"Stortinget\" srcset=\"https:\/\/hoyre.no\/content\/uploads\/sites\/41\/2024\/08\/stortingsbygningeneidsvolls-768x320.jpg 768w, https:\/\/hoyre.no\/content\/uploads\/sites\/41\/2024\/08\/stortingsbygningeneidsvolls-300x125.jpg 300w, https:\/\/hoyre.no\/content\/uploads\/sites\/41\/2024\/08\/stortingsbygningeneidsvolls.jpg 840w\" sizes=\"auto, (max-width: 768px) 100vw, 768px\" \/>\t\t<\/div>\n\t\t\n\t\t\t<div class=\"teft-card__content-wrapper\">\n\t\t\t\t<div class=\"teft-card__secondary\">\n\t\t\t\t\t\n\t\t\t\t\t\t\t\t<div class=\"teft-card__meta\">\n\t\t\t\t\t\t\t\t\t<span class=\"post-date\">22. aug 2024<\/span>\n\n\t\t\t\t\t\t\t\t\t<span class=\"post-category\">Nominasjon<\/span>\t\t\t\t\t\t\t\t<\/div>\n\t\t\t\t\t\t\t\t\t\t\t<\/div>\n\n\t\t\t\t<div class=\"teft-card__primary\">\n\t\t\t\t\t<h2 class=\"teft-card__title\">Pr\u00f8venominasjon for Stortingsvalget 2025&nbsp;<span class=\"teft-card__primary-title-append\"><\/span><\/h2>\t\t\t\t<\/div>\n\t\t\t<\/div>\n\t\t<\/a>\n\t<\/div>\n\n\t<\/div><div class=\"is-card-hoyre\">\n\t<div class=\"teft-card hoyre-teft-card post-teft-card\">\n\t\t<a href=\"https:\/\/hoyre.no\/arendal\/aktuelt\/arendalsuka-mer-enn-bare-enn-fest-for-fiffen\/\" class=\"teft-card__primary-action\">\n\n\t\t\t\t\t<div class=\"teft-card__media teft-card__media--16-9\">\n\t\t\t\t\t\t<img loading=\"lazy\" decoding=\"async\" width=\"720\" height=\"540\" src=\"https:\/\/hoyre.no\/content\/uploads\/sites\/41\/2024\/08\/download-1.jpg\" class=\"attachment-medium_large size-medium_large\" alt=\"\" srcset=\"https:\/\/hoyre.no\/content\/uploads\/sites\/41\/2024\/08\/download-1.jpg 720w, https:\/\/hoyre.no\/content\/uploads\/sites\/41\/2024\/08\/download-1-300x225.jpg 300w\" sizes=\"auto, (max-width: 720px) 100vw, 720px\" \/>\t\t<\/div>\n\t\t\n\t\t\t<div class=\"teft-card__content-wrapper\">\n\t\t\t\t<div class=\"teft-card__secondary\">\n\t\t\t\t\t\n\t\t\t\t\t\t\t\t<div class=\"teft-card__meta\">\n\t\t\t\t\t\t\t\t\t<span class=\"post-date\">21. aug 2024<\/span>\n\n\t\t\t\t\t\t\t\t\t<span class=\"post-category\">Debatt<\/span>\t\t\t\t\t\t\t\t<\/div>\n\t\t\t\t\t\t\t\t\t\t\t<\/div>\n\n\t\t\t\t<div class=\"teft-card__primary\">\n\t\t\t\t\t<h2 class=\"teft-card__title\">Arendalsuka: Mer enn bare enn fest for \u201cfiffen\u201d&nbsp;<span class=\"teft-card__primary-title-append\"><\/span><\/h2>\t\t\t\t<\/div>\n\t\t\t<\/div>\n\t\t<\/a>\n\t<\/div>\n\n\t<\/div><\/div>\t<\/div>\n<\/div>\n","protected":false},"excerpt":{"rendered":"","protected":false},"author":36946,"featured_media":0,"comment_status":"closed","ping_status":"closed","sticky":false,"template":"","format":"standard","meta":{"teft_cards_image_url":"","teft_cards_custom_pretitle":"","teft_cards_image_id":426,"teft_cards_image_focal_point_x":0.53,"teft_cards_image_focal_point_y":0.27,"teft_cards_title":"","teft_cards_excerpt":"","teft_show_chapters":false,"author_display_name":"","footnotes":""},"category":[7],"post_tag":[3,4],"hoyre-visibility":[],"article-type":[],"politician":[],"class_list":["post-552","post","type-post","status-publish","format-standard","hentry","category-debatt","tag-ordforerkandidat","tag-valget2023"],"yoast_head":"<!-- This site is optimized with the Yoast SEO plugin v26.6 - https:\/\/yoast.com\/wordpress\/plugins\/seo\/ -->\n<title>Hvorfor ikke v\u00e6re \u00e6rlig om utfordringene med helsehus p\u00e5 Saltr\u00f8d? - Arendal H\u00f8yre<\/title>\n<meta name=\"robots\" content=\"index, follow, max-snippet:-1, max-image-preview:large, max-video-preview:-1\" \/>\n<link rel=\"canonical\" href=\"https:\/\/hoyre.no\/arendal\/aktuelt\/hvorfor-ikke-vaere-aerlig-om-utfordringene-med-helsehus-pa-saltrod\/\" \/>\n<meta property=\"og:locale\" content=\"nb_NO\" \/>\n<meta property=\"og:type\" content=\"article\" \/>\n<meta property=\"og:title\" content=\"Hvorfor ikke v\u00e6re \u00e6rlig om utfordringene med helsehus p\u00e5 Saltr\u00f8d? - Arendal H\u00f8yre\" \/>\n<meta property=\"og:url\" content=\"https:\/\/hoyre.no\/arendal\/aktuelt\/hvorfor-ikke-vaere-aerlig-om-utfordringene-med-helsehus-pa-saltrod\/\" \/>\n<meta property=\"og:site_name\" content=\"Arendal H\u00f8yre\" \/>\n<meta property=\"article:published_time\" content=\"2023-09-04T14:39:00+00:00\" \/>\n<meta property=\"article:modified_time\" content=\"2023-09-06T14:42:19+00:00\" \/>\n<meta property=\"og:image\" content=\"https:\/\/hoyre.no\/content\/uploads\/sites\/41\/2024\/08\/download-1.jpg\" \/>\n<meta name=\"author\" content=\"Cathrine Coucheron Berli\" \/>\n<meta name=\"twitter:card\" content=\"summary_large_image\" \/>\n<meta name=\"twitter:label1\" content=\"Skrevet av\" \/>\n\t<meta name=\"twitter:data1\" content=\"Cathrine Coucheron Berli\" \/>\n\t<meta name=\"twitter:label2\" content=\"Ansl. lesetid\" \/>\n\t<meta name=\"twitter:data2\" content=\"3 minutter\" \/>\n<script type=\"application\/ld+json\" class=\"yoast-schema-graph\">{\"@context\":\"https:\/\/schema.org\",\"@graph\":[{\"@type\":\"NewsArticle\",\"@id\":\"https:\/\/hoyre.no\/arendal\/aktuelt\/hvorfor-ikke-vaere-aerlig-om-utfordringene-med-helsehus-pa-saltrod\/\",\"url\":\"https:\/\/hoyre.no\/arendal\/aktuelt\/hvorfor-ikke-vaere-aerlig-om-utfordringene-med-helsehus-pa-saltrod\/\",\"name\":\"Hvorfor ikke v\u00e6re \u00e6rlig om utfordringene med helsehus p\u00e5 Saltr\u00f8d? - Arendal H\u00f8yre\",\"isPartOf\":{\"@id\":\"https:\/\/hoyre.no\/arendal\/#website\"},\"datePublished\":\"2023-09-04T14:39:00+00:00\",\"dateModified\":\"2023-09-06T14:42:19+00:00\",\"author\":{\"@id\":\"https:\/\/hoyre.no\/arendal\/#\/schema\/person\/ac07cb46cf1a662fab0853a6b9c1cd87\"},\"breadcrumb\":{\"@id\":\"https:\/\/hoyre.no\/arendal\/aktuelt\/hvorfor-ikke-vaere-aerlig-om-utfordringene-med-helsehus-pa-saltrod\/#breadcrumb\"},\"inLanguage\":\"nb-NO\",\"potentialAction\":[{\"@type\":\"ReadAction\",\"target\":[\"https:\/\/hoyre.no\/arendal\/aktuelt\/hvorfor-ikke-vaere-aerlig-om-utfordringene-med-helsehus-pa-saltrod\/\"]}]},{\"@type\":\"BreadcrumbList\",\"@id\":\"https:\/\/hoyre.no\/arendal\/aktuelt\/hvorfor-ikke-vaere-aerlig-om-utfordringene-med-helsehus-pa-saltrod\/#breadcrumb\",\"itemListElement\":[{\"@type\":\"ListItem\",\"position\":1,\"name\":\"Til hoyre.no\",\"item\":\"https:\/\/hoyre.no\"},{\"@type\":\"ListItem\",\"position\":2,\"name\":\"Hjem\",\"item\":\"https:\/\/hoyre.no\/arendal\/\"},{\"@type\":\"ListItem\",\"position\":3,\"name\":\"Hvorfor ikke v\u00e6re \u00e6rlig om utfordringene med helsehus p\u00e5 Saltr\u00f8d?\"}]},{\"@type\":\"WebSite\",\"@id\":\"https:\/\/hoyre.no\/arendal\/#website\",\"url\":\"https:\/\/hoyre.no\/arendal\/\",\"name\":\"Arendal H\u00f8yre\",\"description\":\"Bare enda et H\u00f8yres nettsteder-nettsted\",\"inLanguage\":\"nb-NO\"},{\"@type\":\"Person\",\"@id\":\"https:\/\/hoyre.no\/arendal\/#\/schema\/person\/ac07cb46cf1a662fab0853a6b9c1cd87\",\"name\":\"Cathrine Coucheron Berli\",\"image\":{\"@type\":\"ImageObject\",\"inLanguage\":\"nb-NO\",\"@id\":\"https:\/\/hoyre.no\/arendal\/#\/schema\/person\/image\/\",\"url\":\"https:\/\/secure.gravatar.com\/avatar\/08e70978cc7c8f19bfdcaf005e0379d7aef8879456282010bc4d632692d294d7?s=96&d=mm&r=g\",\"contentUrl\":\"https:\/\/secure.gravatar.com\/avatar\/08e70978cc7c8f19bfdcaf005e0379d7aef8879456282010bc4d632692d294d7?s=96&d=mm&r=g\",\"caption\":\"Cathrine Coucheron Berli\"},\"url\":\"https:\/\/hoyre.no\/arendal\/aktuelt\/author\/m52168945\/\"}]}<\/script>\n<!-- \/ Yoast SEO plugin. -->","yoast_head_json":{"title":"Hvorfor ikke v\u00e6re \u00e6rlig om utfordringene med helsehus p\u00e5 Saltr\u00f8d? - Arendal H\u00f8yre","robots":{"index":"index","follow":"follow","max-snippet":"max-snippet:-1","max-image-preview":"max-image-preview:large","max-video-preview":"max-video-preview:-1"},"canonical":"https:\/\/hoyre.no\/arendal\/aktuelt\/hvorfor-ikke-vaere-aerlig-om-utfordringene-med-helsehus-pa-saltrod\/","og_locale":"nb_NO","og_type":"article","og_title":"Hvorfor ikke v\u00e6re \u00e6rlig om utfordringene med helsehus p\u00e5 Saltr\u00f8d? - Arendal H\u00f8yre","og_url":"https:\/\/hoyre.no\/arendal\/aktuelt\/hvorfor-ikke-vaere-aerlig-om-utfordringene-med-helsehus-pa-saltrod\/","og_site_name":"Arendal H\u00f8yre","article_published_time":"2023-09-04T14:39:00+00:00","article_modified_time":"2023-09-06T14:42:19+00:00","og_image":[{"url":"https:\/\/hoyre.no\/content\/uploads\/sites\/41\/2024\/08\/download-1.jpg","width":"","height":"","type":""}],"author":"Cathrine Coucheron Berli","twitter_card":"summary_large_image","twitter_misc":{"Skrevet av":"Cathrine Coucheron Berli","Ansl. lesetid":"3 minutter"},"schema":{"@context":"https:\/\/schema.org","@graph":[{"@type":"NewsArticle","@id":"https:\/\/hoyre.no\/arendal\/aktuelt\/hvorfor-ikke-vaere-aerlig-om-utfordringene-med-helsehus-pa-saltrod\/","url":"https:\/\/hoyre.no\/arendal\/aktuelt\/hvorfor-ikke-vaere-aerlig-om-utfordringene-med-helsehus-pa-saltrod\/","name":"Hvorfor ikke v\u00e6re \u00e6rlig om utfordringene med helsehus p\u00e5 Saltr\u00f8d? - Arendal H\u00f8yre","isPartOf":{"@id":"https:\/\/hoyre.no\/arendal\/#website"},"datePublished":"2023-09-04T14:39:00+00:00","dateModified":"2023-09-06T14:42:19+00:00","author":{"@id":"https:\/\/hoyre.no\/arendal\/#\/schema\/person\/ac07cb46cf1a662fab0853a6b9c1cd87"},"breadcrumb":{"@id":"https:\/\/hoyre.no\/arendal\/aktuelt\/hvorfor-ikke-vaere-aerlig-om-utfordringene-med-helsehus-pa-saltrod\/#breadcrumb"},"inLanguage":"nb-NO","potentialAction":[{"@type":"ReadAction","target":["https:\/\/hoyre.no\/arendal\/aktuelt\/hvorfor-ikke-vaere-aerlig-om-utfordringene-med-helsehus-pa-saltrod\/"]}]},{"@type":"BreadcrumbList","@id":"https:\/\/hoyre.no\/arendal\/aktuelt\/hvorfor-ikke-vaere-aerlig-om-utfordringene-med-helsehus-pa-saltrod\/#breadcrumb","itemListElement":[{"@type":"ListItem","position":1,"name":"Til hoyre.no","item":"https:\/\/hoyre.no"},{"@type":"ListItem","position":2,"name":"Hjem","item":"https:\/\/hoyre.no\/arendal\/"},{"@type":"ListItem","position":3,"name":"Hvorfor ikke v\u00e6re \u00e6rlig om utfordringene med helsehus p\u00e5 Saltr\u00f8d?"}]},{"@type":"WebSite","@id":"https:\/\/hoyre.no\/arendal\/#website","url":"https:\/\/hoyre.no\/arendal\/","name":"Arendal H\u00f8yre","description":"Bare enda et H\u00f8yres nettsteder-nettsted","inLanguage":"nb-NO"},{"@type":"Person","@id":"https:\/\/hoyre.no\/arendal\/#\/schema\/person\/ac07cb46cf1a662fab0853a6b9c1cd87","name":"Cathrine Coucheron Berli","image":{"@type":"ImageObject","inLanguage":"nb-NO","@id":"https:\/\/hoyre.no\/arendal\/#\/schema\/person\/image\/","url":"https:\/\/secure.gravatar.com\/avatar\/08e70978cc7c8f19bfdcaf005e0379d7aef8879456282010bc4d632692d294d7?s=96&d=mm&r=g","contentUrl":"https:\/\/secure.gravatar.com\/avatar\/08e70978cc7c8f19bfdcaf005e0379d7aef8879456282010bc4d632692d294d7?s=96&d=mm&r=g","caption":"Cathrine Coucheron Berli"},"url":"https:\/\/hoyre.no\/arendal\/aktuelt\/author\/m52168945\/"}]}},"distributor_meta":false,"distributor_terms":false,"distributor_media":false,"distributor_original_site_name":"Arendal H\u00f8yre","distributor_original_site_url":"https:\/\/hoyre.no\/arendal","push-errors":false,"_links":{"self":[{"href":"https:\/\/hoyre.no\/arendal\/wp-json\/wp\/v2\/posts\/552","targetHints":{"allow":["GET"]}}],"collection":[{"href":"https:\/\/hoyre.no\/arendal\/wp-json\/wp\/v2\/posts"}],"about":[{"href":"https:\/\/hoyre.no\/arendal\/wp-json\/wp\/v2\/types\/post"}],"author":[{"embeddable":true,"href":"https:\/\/hoyre.no\/arendal\/wp-json\/wp\/v2\/users\/36946"}],"replies":[{"embeddable":true,"href":"https:\/\/hoyre.no\/arendal\/wp-json\/wp\/v2\/comments?post=552"}],"version-history":[{"count":1,"href":"https:\/\/hoyre.no\/arendal\/wp-json\/wp\/v2\/posts\/552\/revisions"}],"predecessor-version":[{"id":553,"href":"https:\/\/hoyre.no\/arendal\/wp-json\/wp\/v2\/posts\/552\/revisions\/553"}],"wp:attachment":[{"href":"https:\/\/hoyre.no\/arendal\/wp-json\/wp\/v2\/media?parent=552"}],"wp:term":[{"taxonomy":"category","embeddable":true,"href":"https:\/\/hoyre.no\/arendal\/wp-json\/wp\/v2\/category?post=552"},{"taxonomy":"post_tag","embeddable":true,"href":"https:\/\/hoyre.no\/arendal\/wp-json\/wp\/v2\/post_tag?post=552"},{"taxonomy":"hoyre-visibility","embeddable":true,"href":"https:\/\/hoyre.no\/arendal\/wp-json\/wp\/v2\/hoyre-visibility?post=552"},{"taxonomy":"article-type","embeddable":true,"href":"https:\/\/hoyre.no\/arendal\/wp-json\/wp\/v2\/article-type?post=552"},{"taxonomy":"politician","embeddable":true,"href":"https:\/\/hoyre.no\/arendal\/wp-json\/wp\/v2\/politician?post=552"}],"curies":[{"name":"wp","href":"https:\/\/api.w.org\/{rel}","templated":true}]}}