{"id":63,"date":"2020-12-16T14:15:55","date_gmt":"2020-12-16T13:15:55","guid":{"rendered":"https:\/\/hoyre.no\/arendal\/?p=63"},"modified":"2023-01-25T22:18:40","modified_gmt":"2023-01-25T21:18:40","slug":"alt-henger-sammen-med-alt-i-arendal","status":"publish","type":"post","link":"https:\/\/hoyre.no\/arendal\/aktuelt\/alt-henger-sammen-med-alt-i-arendal\/","title":{"rendered":"Alt henger sammen med alt i Arendal"},"content":{"rendered":"\n<p class=\"preamble\">Det har v\u00e6rt en spennende budsjettreise i H\u00f8yre og vi m\u00e5 med ydmykhet si at vi har stor respekt for og er mektig imponert over alle hverdagsheltene i Arendal, b\u00e5de i privat og offentlig sektor. Det er oss alle som sammen skaper byen v\u00e5r, landsdelen v\u00e5r, landet v\u00e5rt og verden vi lever i.<\/p>\t\t\t<div class=\"post-meta wp-block teft-byline-wrapper\">\n\t\t\t\t<div class=\"top\">\n\t\t\t\t\t<div class=\"signature\">\n\t\t\t\t\t\t<div class=\"teft-byline\">\n\t\t\t\t\t\t\t\t\t\t\t\t\t\t<div>\n\t\t\t\t\t\t\t\t<h3>H\u00f8yres redaksjon<\/h3>\t\t\t\t\t\t\t\t\n\t\t\t\t\t\t\t\t\t\t\t\t\t\t\t\t\t<span class=\"date\">Sist oppdatert: 25. januar 2023<\/span>\n\t\t\t\t\t\t\t\t\t\t\t\t\t\t\t\t\t\t\t\t\t\t\t\t\t<span class=\"reading-time\" itemprop=\"timeRequired\" content=\"PT6M\"><em>Ca. 6 minutter lesetid<\/em><\/span>\n\t\t\t\t\t\t\t\t\t\t\t\t\t\t\t<\/div>\n\t\t\t\t\t\t<\/div>\n\t\t\t\t\t<\/div>\n\t\t\t\t\t\t<div class=\"sharing\">\n\t\t<a class=\"share-button share-link copy-link\" data-copy=\"https:\/\/hoyre.no\/arendal\/aktuelt\/alt-henger-sammen-med-alt-i-arendal\/\" target=\"_blank\"><span class=\"screen-reader-text\">Del link<\/span><\/a>\n\t\t<a class=\"share-button share-twitter\" href=\"http:\/\/twitter.com\/share?text=Alt henger sammen med alt i Arendal&#038;url=https:\/\/hoyre.no\/arendal\/aktuelt\/alt-henger-sammen-med-alt-i-arendal\/&#038;hashtags=Hoyre\" target=\"_blank\"><span class=\"screen-reader-text\">Del p\u00e5 twitter<\/span><\/a>\n\t\t<a class=\"share-button share-facebook\" href=\"https:\/\/www.facebook.com\/sharer\/sharer.php?u=https:\/\/hoyre.no\/arendal\/aktuelt\/alt-henger-sammen-med-alt-i-arendal\/\" target=\"_blank\"><span class=\"screen-reader-text\">Del p\u00e5 facebook<\/span><\/a>\n\t<\/div>\n\t\t\t\t\t<\/div>\n\t\t\t<\/div>\n\n\t\t\t<figure class=\"hoyre-image-wrapper\"><div class=\"hoyre-image\"><img loading=\"lazy\" decoding=\"async\" width=\"2500\" height=\"1875\" src=\"https:\/\/hoyre.no\/content\/uploads\/sites\/41\/2020\/12\/P5084826-scaled.jpg\" class=\"attachment-scaled size-scaled\" alt=\"\" style=\"object-position: 50% 50%\" srcset=\"https:\/\/hoyre.no\/content\/uploads\/sites\/41\/2020\/12\/P5084826-scaled.jpg 2500w, https:\/\/hoyre.no\/content\/uploads\/sites\/41\/2020\/12\/P5084826-300x225.jpg 300w, https:\/\/hoyre.no\/content\/uploads\/sites\/41\/2020\/12\/P5084826-1024x768.jpg 1024w, https:\/\/hoyre.no\/content\/uploads\/sites\/41\/2020\/12\/P5084826-768x576.jpg 768w, https:\/\/hoyre.no\/content\/uploads\/sites\/41\/2020\/12\/P5084826-1536x1152.jpg 1536w, https:\/\/hoyre.no\/content\/uploads\/sites\/41\/2020\/12\/P5084826-2048x1536.jpg 2048w\" sizes=\"auto, (max-width: 2500px) 100vw, 2500px\" \/><\/div><figcaption class=\"caption\">Bilde med utsikt fra Fl\u00f8ysheia over Arendal (Foto: Tor Marius Markussen)<\/figcaption><\/figure>\n\n\n\n\n<p>Det \u00e5 v\u00e6re lokalpolitiker handler om \u00e5 ta kloke og hensiktsmessige veivalg for resten av befolkningen. Det handler ogs\u00e5 om \u00e5 sette seg inn i mye mer enn det som er forventet fra den vanlige borger, blant annet \u00e5 ha en god forst\u00e5else for prosesser og konsekvenser av de valgene vi tar. Tilliten vi har f\u00e5tt fra velgerne inneb\u00e6rer at vi f\u00e5r muligheten til \u00e5 ta grep der det trengs, med et sterkt \u00f8nske om \u00e5 forandre, fornye og forbedre slik at vi alle f\u00e5r de beste forutsetninger og muligheter for et godt og trygt liv.<\/p>\n\n\n\n<blockquote class=\"wp-block-quote is-layout-flow wp-block-quote-is-layout-flow\"><p>Det \u00e5 v\u00e6re lokalpolitiker handler om \u00e5 ta kloke og hensiktsmessige veivalg for resten av befolkningen.<\/p><\/blockquote>\n\n\n\n<p>Kommunens budsjett tilsier at vi igjen m\u00e5 spinke og spare. Vi bruker mer penger enn det vi egentlig har r\u00e5d til, noe som inneb\u00e6rer kutt. Helst p\u00e5 de omr\u00e5dene hvor skadeeffekten blir minst i et langsiktig og b\u00e6rekraftig perspektiv. Slik er det n\u00e5 i Arendal og vi er n\u00f8dt til \u00e5 prioritere.<\/p>\n\n\n\n<p>Vi har et inderlig \u00f8nske om \u00e5 hjelpe mennesker med utfordringer. Av den grunn er vi&nbsp;opptatt av at utfordringene m\u00e5 konkretiseres. De fleste skj\u00f8nner at den beste m\u00e5ten \u00e5 l\u00f8se et problem p\u00e5, er \u00e5 kartlegge problemet grundig f\u00f8r man pr\u00f8ver \u00e5 l\u00f8se det og lager en handlingsplan. Det er jo dette vi politikere har f\u00e5tt mandat til \u00e5 gj\u00f8re, i samarbeid med administrasjonen og brukerne av kommunens tjenester.<\/p>\n\n\n\n<p>Det \u00e5 hjelpe mennesker med utfordringer handler ikke om stigmatisering, men snarere om \u00e5 bry seg og v\u00e6re seg sitt ansvar bevisst. Lar man v\u00e6re \u00e5 definere problemene, s\u00e5 har vi ikke lenger noen mulighet til \u00e5 sette inn m\u00e5lrettede tiltak. M\u00e5let m\u00e5 v\u00e6re tydelig eller synlig. Man m\u00e5 faktisk vite hva en jobb g\u00e5r ut p\u00e5 for \u00e5 kunne utf\u00f8re den. Anklager og beskyldninger fra forskjellige meningsytrere om stigmatisering av grupper med utfordringer, bidrar ikke til annet enn at f\u00e6rre t\u00f8r ta del i en viktig debatt. <\/p>\n\n\n\n<blockquote class=\"wp-block-quote is-layout-flow wp-block-quote-is-layout-flow\"><p>Ordkl\u00f8yveri og semantikk har ingen annen effekt i diskusjoner rundt fornying og forbedring, enn \u00e5 t\u00e5kelegge den reelle utfordringen.<\/p><\/blockquote>\n\n\n\n<p>De skadelidende blir, nok en gang, de svakeste gruppene i samfunnet v\u00e5rt, dem som vi som politikere plikter \u00e5 fors\u00f8ke \u00e5 l\u00f8fte opp og frem. Vi er jo alle innforst\u00e5tt med at de ulike politiske partiene har et eget, overordnet partiprogram som de tror p\u00e5. Felles for alle vi politikere, er at vi har et \u00f8nske om \u00e5 bidra positivt til samfunnet v\u00e5rt. Det hadde derfor v\u00e6rt supert om vi alle kunne slutte med \u00e5 konstruere opp konflikter samt \u00e5 tillegge andre politikere meninger de ikke har. <\/p>\n\n\n\n<p>La oss heller fokusere p\u00e5 \u00e5 samarbeide om konstruktive l\u00f8sninger p\u00e5 de reelle problemene som faktisk p\u00e5virker mange av de menneskene som bor i byen v\u00e5r.<\/p>\n\n\n\n<p>Vi i H\u00f8yre \u00f8nsker \u00e5 sette fokus p\u00e5 denne problemstillingen! Vi er valgt inn i bystyret av innbyggerne v\u00e5re, fordi mange har tro p\u00e5 v\u00e5re l\u00f8sninger og p\u00e5 at vi faktisk \u00f8nsker \u00e5 hjelpe der hjelpen trengs mest. \u00a0<\/p>\n\n\n\n<p>Vi i H\u00f8yres bystyregruppe opplever til stadighet at dersom vi \u00f8nsker \u00e5 realitetsorientere oss i forhold til konkrete utfordringer, s\u00e5 snakkes vi ned av andre. Vi \u00f8nsker bare \u00e5 f\u00e5 best mulig resultat ut av skattebetalernes bidrag til felleskapets tjenester i byen v\u00e5r.<\/p>\n\n\n\n<p>Vi tror ikke p\u00e5 osteh\u00f8velkutt, noe som \u00e5rets budsjett muligens vil b\u00e6re preg av. Vi \u00f8nsker et samfunn som er b\u00e6rekraftig og en by som har en langsiktig og tilsiktet plan for \u00e5 lykkes i \u00e5 sikre alle samfunnslag i befolkningen v\u00e5r over tid.<\/p>\n\n\n\n<p>Av den grunn \u00f8nsker vi blant annet \u00e5 sette integrering p\u00e5 dagsorden. Vi m\u00e5 stikke fingeren i jorda og oppsummere litt; Hva er situasjonen n\u00e5? Hva er m\u00e5let? Hvordan g\u00e5r det? Hva fungerer? Hva fungerer ikke? Vi vet at alle mennesker har et \u00f8nske om \u00e5 v\u00e6re selvfors\u00f8rget. Hvordan kan vi bruke ressursene vi har tilgjengelig for \u00e5 hjelpe flest mulige til \u00e5 oppn\u00e5 dette?<\/p>\n\n\n\n<p>Vi i H\u00f8yre tenker at alle som har mulighet til \u00e5 bli en del av felleskapet, vil f\u00f8le p\u00e5 mestring og \u00f8kt selvverd. Vi tenker at mennesker som nylig har blitt eller er arbeidsledige, trenger en ny jobb. God integrering, uansett bakgrunn, alder, etnisitet, kj\u00f8nn osv., er den viktigste veien inn i et felleskap hvor man kan ha tilh\u00f8righet.<\/p>\n\n\n\n<p>Hvordan kan vi \u00f8ke inntektene v\u00e5re slik at vi har nok penger til det innbyggerne i kommunen \u00f8nsker, eller sikre at vi har penger til det vi trenger? <\/p>\n\n\n\n<blockquote class=\"wp-block-quote is-layout-flow wp-block-quote-is-layout-flow\"><p>Vi kjenner vi blir litt triste n\u00e5r vi ser overskrifter som \u201dH\u00f8yre vil legge ned skoler\u201d.<\/p><p>Nei, H\u00f8yre vil ikke legge ned skoler! Men vi har spurt oss selv om hva som er til det beste for felleskapet ut fra den sterke nedgangen man forventer i elevtallene? Hva er mest forsvarlig pengebruk? Vi mener det er viktigere \u00e5 bruke mer penger p\u00e5 innhold og kvalitet i barnas skolehverdag, enn \u00e5 bruke penger p\u00e5 str\u00f8m, renovasjon og d\u00e5rlige bygg. Det h\u00f8res nesten ut som om barna ikke skal f\u00e5 skolegang, slik det fremstilles i avisen! H\u00f8yre \u00f8nsker tvert imot \u00e5 gi barna bedre skolefaglige ressurser gjennom \u00f8kt kvalitet p\u00e5 faglig innhold og pedagogisk personale.<\/p><\/blockquote>\n\n\n\n<p>Skal vi finne gode l\u00f8sninger, m\u00e5 vi ikke v\u00e6re redde for \u00e5 prioritere! Dette er noen av de sp\u00f8rsm\u00e5l vi politikere m\u00e5 g\u00e5 inn i n\u00e5r vi skal l\u00f8se budsjettutfordringene v\u00e5re. Hva har vi? Hva m\u00e5 vi gj\u00f8re annerledes? Hvordan kan vi l\u00f8fte felleskapet? &nbsp;Hvordan kan vi tenke nytt? Og hvordan skal vi bruke de pengene vi faktisk har, slik at alle opplever medborgerskap og f\u00e5r \u00f8kt kunnskap, gjennom b\u00e5de lovp\u00e5lagte tjenester samt andre tjenester byen v\u00e5r kan tilby.<\/p>\n\n\n\n<p>Gjennom godt politisk samarbeid, h\u00e5per vi \u00e5 bidra til \u00e5 b\u00e5de \u00f8ke kommunens inntekter samt finne de mest hensiktsmessige omr\u00e5dene \u00e5 bruke disse pengene p\u00e5, til fellesskapets beste.<\/p>\n\n\n\n<p>Vi kjenner at vi har en bekymring for at vi ikke klarer \u00e5 omstille oss i tide. Dersom man griper til kortsiktige l\u00f8sninger som eksempelvis \u00f8kning av eiendomsskatten, vil man fort ende opp med \u00e5 skyve enda flere av Arendals innbyggere ut i n\u00f8d og utenforskap. Dersom vi ikke t\u00f8r \u00e5 sette s\u00f8kelyset p\u00e5 de ovennevnte utfordringene vi har i kommunen v\u00e5r samt prioriteringsrekkef\u00f8lgen av disse n\u00e5, er vi redd for at vi kan komme til \u00e5 svikte som politikere.<\/p>\n\n\n\n<h3 class=\"wp-block-heading\"><strong>Benedikte Nilsen Glommen\u00a0og Roar Daniel Gundersen<\/strong>, bystyrerepresentanter for Arendal H\u00f8yre<\/h3>\n\n\n<div class=\"tags\">\n\t<\/div>\n<div class=\"post-footer alignfull has-background block-editor-block-list__block\" data-align=full>\n\t<div class=\"post-footer-inner\">\n\t\t<h3>Relaterte artikler<\/h3>\n\t\t<div class=\"related-content\"><div class=\"is-card-hoyre\">\n\t<div class=\"teft-card hoyre-teft-card post-teft-card\">\n\t\t<a href=\"https:\/\/hoyre.no\/arendal\/aktuelt\/alfabetisk-navneliste-over-hoyres-valgvillige-stortingsvalgkandidater-2025-2029-i-aust-agder-valgdistrikt\/\" class=\"teft-card__primary-action\">\n\n\t\t\t\t\t<div class=\"teft-card__media teft-card__media--16-9\">\n\t\t\t\t\t\t<img loading=\"lazy\" decoding=\"async\" width=\"768\" height=\"768\" src=\"https:\/\/hoyre.no\/content\/uploads\/sites\/41\/2022\/11\/2020_RGB_hoyre_logo_profilbilde_011-768x768.png\" class=\"attachment-medium_large size-medium_large\" alt=\"\" srcset=\"https:\/\/hoyre.no\/content\/uploads\/sites\/41\/2022\/11\/2020_RGB_hoyre_logo_profilbilde_011-768x768.png 768w, https:\/\/hoyre.no\/content\/uploads\/sites\/41\/2022\/11\/2020_RGB_hoyre_logo_profilbilde_011-300x300.png 300w, https:\/\/hoyre.no\/content\/uploads\/sites\/41\/2022\/11\/2020_RGB_hoyre_logo_profilbilde_011-150x150.png 150w, https:\/\/hoyre.no\/content\/uploads\/sites\/41\/2022\/11\/2020_RGB_hoyre_logo_profilbilde_011.png 1000w\" sizes=\"auto, (max-width: 768px) 100vw, 768px\" \/>\t\t<\/div>\n\t\t\n\t\t\t<div class=\"teft-card__content-wrapper\">\n\t\t\t\t<div class=\"teft-card__secondary\">\n\t\t\t\t\t\n\t\t\t\t\t\t\t\t<div class=\"teft-card__meta\">\n\t\t\t\t\t\t\t\t\t<span class=\"post-date\">28. aug 2024<\/span>\n\n\t\t\t\t\t\t\t\t\t<span class=\"post-category\">Nominasjon<\/span>\t\t\t\t\t\t\t\t<\/div>\n\t\t\t\t\t\t\t\t\t\t\t<\/div>\n\n\t\t\t\t<div class=\"teft-card__primary\">\n\t\t\t\t\t<h2 class=\"teft-card__title\">Alfabetisk navneliste over H\u00f8yres valgvillige stortingsvalgkandidater 2025 \u2013 2029 i Aust-Agder valgdistrikt&nbsp;<span class=\"teft-card__primary-title-append\"><\/span><\/h2>\t\t\t\t<\/div>\n\t\t\t<\/div>\n\t\t<\/a>\n\t<\/div>\n\n\t<\/div><div class=\"is-card-hoyre\">\n\t<div class=\"teft-card hoyre-teft-card post-teft-card\">\n\t\t<a href=\"https:\/\/hoyre.no\/arendal\/aktuelt\/provenominasjon-for-stortingsvalget-2025\/\" class=\"teft-card__primary-action\">\n\n\t\t\t\t\t<div class=\"teft-card__media teft-card__media--16-9\">\n\t\t\t\t\t\t<img loading=\"lazy\" decoding=\"async\" width=\"768\" height=\"320\" src=\"https:\/\/hoyre.no\/content\/uploads\/sites\/41\/2024\/08\/stortingsbygningeneidsvolls-768x320.jpg\" class=\"attachment-medium_large size-medium_large\" alt=\"Stortinget\" srcset=\"https:\/\/hoyre.no\/content\/uploads\/sites\/41\/2024\/08\/stortingsbygningeneidsvolls-768x320.jpg 768w, https:\/\/hoyre.no\/content\/uploads\/sites\/41\/2024\/08\/stortingsbygningeneidsvolls-300x125.jpg 300w, https:\/\/hoyre.no\/content\/uploads\/sites\/41\/2024\/08\/stortingsbygningeneidsvolls.jpg 840w\" sizes=\"auto, (max-width: 768px) 100vw, 768px\" \/>\t\t<\/div>\n\t\t\n\t\t\t<div class=\"teft-card__content-wrapper\">\n\t\t\t\t<div class=\"teft-card__secondary\">\n\t\t\t\t\t\n\t\t\t\t\t\t\t\t<div class=\"teft-card__meta\">\n\t\t\t\t\t\t\t\t\t<span class=\"post-date\">22. aug 2024<\/span>\n\n\t\t\t\t\t\t\t\t\t<span class=\"post-category\">Nominasjon<\/span>\t\t\t\t\t\t\t\t<\/div>\n\t\t\t\t\t\t\t\t\t\t\t<\/div>\n\n\t\t\t\t<div class=\"teft-card__primary\">\n\t\t\t\t\t<h2 class=\"teft-card__title\">Pr\u00f8venominasjon for Stortingsvalget 2025&nbsp;<span class=\"teft-card__primary-title-append\"><\/span><\/h2>\t\t\t\t<\/div>\n\t\t\t<\/div>\n\t\t<\/a>\n\t<\/div>\n\n\t<\/div><div class=\"is-card-hoyre\">\n\t<div class=\"teft-card hoyre-teft-card post-teft-card\">\n\t\t<a href=\"https:\/\/hoyre.no\/arendal\/aktuelt\/arendalsuka-mer-enn-bare-enn-fest-for-fiffen\/\" class=\"teft-card__primary-action\">\n\n\t\t\t\t\t<div class=\"teft-card__media teft-card__media--16-9\">\n\t\t\t\t\t\t<img loading=\"lazy\" decoding=\"async\" width=\"720\" height=\"540\" src=\"https:\/\/hoyre.no\/content\/uploads\/sites\/41\/2024\/08\/download-1.jpg\" class=\"attachment-medium_large size-medium_large\" alt=\"\" srcset=\"https:\/\/hoyre.no\/content\/uploads\/sites\/41\/2024\/08\/download-1.jpg 720w, https:\/\/hoyre.no\/content\/uploads\/sites\/41\/2024\/08\/download-1-300x225.jpg 300w\" sizes=\"auto, (max-width: 720px) 100vw, 720px\" \/>\t\t<\/div>\n\t\t\n\t\t\t<div class=\"teft-card__content-wrapper\">\n\t\t\t\t<div class=\"teft-card__secondary\">\n\t\t\t\t\t\n\t\t\t\t\t\t\t\t<div class=\"teft-card__meta\">\n\t\t\t\t\t\t\t\t\t<span class=\"post-date\">21. aug 2024<\/span>\n\n\t\t\t\t\t\t\t\t\t<span class=\"post-category\">Debatt<\/span>\t\t\t\t\t\t\t\t<\/div>\n\t\t\t\t\t\t\t\t\t\t\t<\/div>\n\n\t\t\t\t<div class=\"teft-card__primary\">\n\t\t\t\t\t<h2 class=\"teft-card__title\">Arendalsuka: Mer enn bare enn fest for \u201cfiffen\u201d&nbsp;<span class=\"teft-card__primary-title-append\"><\/span><\/h2>\t\t\t\t<\/div>\n\t\t\t<\/div>\n\t\t<\/a>\n\t<\/div>\n\n\t<\/div><\/div>\t<\/div>\n<\/div>\n","protected":false},"excerpt":{"rendered":"","protected":false},"author":349,"featured_media":0,"comment_status":"closed","ping_status":"closed","sticky":false,"template":"","format":"standard","meta":{"teft_cards_image_url":"","teft_cards_custom_pretitle":"","teft_cards_image_id":64,"teft_cards_image_focal_point_x":0.5,"teft_cards_image_focal_point_y":0.51,"teft_cards_title":"","teft_cards_excerpt":"","teft_show_chapters":false,"author_display_name":"","footnotes":""},"category":[9],"post_tag":[],"hoyre-visibility":[],"article-type":[],"politician":[],"class_list":["post-63","post","type-post","status-publish","format-standard","hentry","category-politikk"],"yoast_head":"<!-- This site is optimized with the Yoast SEO plugin v26.6 - https:\/\/yoast.com\/wordpress\/plugins\/seo\/ -->\n<title>Alt henger sammen med alt i Arendal - Arendal H\u00f8yre<\/title>\n<meta name=\"robots\" content=\"index, follow, max-snippet:-1, max-image-preview:large, max-video-preview:-1\" \/>\n<link rel=\"canonical\" href=\"https:\/\/hoyre.no\/arendal\/aktuelt\/alt-henger-sammen-med-alt-i-arendal\/\" \/>\n<meta property=\"og:locale\" content=\"nb_NO\" \/>\n<meta property=\"og:type\" content=\"article\" \/>\n<meta property=\"og:title\" content=\"Alt henger sammen med alt i Arendal - Arendal H\u00f8yre\" \/>\n<meta property=\"og:url\" content=\"https:\/\/hoyre.no\/arendal\/aktuelt\/alt-henger-sammen-med-alt-i-arendal\/\" \/>\n<meta property=\"og:site_name\" content=\"Arendal H\u00f8yre\" \/>\n<meta property=\"article:published_time\" content=\"2020-12-16T13:15:55+00:00\" \/>\n<meta property=\"article:modified_time\" content=\"2023-01-25T21:18:40+00:00\" \/>\n<meta property=\"og:image\" content=\"https:\/\/hoyre.no\/content\/uploads\/sites\/41\/2024\/08\/download-1.jpg\" \/>\n<meta name=\"twitter:card\" content=\"summary_large_image\" \/>\n<meta name=\"twitter:label1\" content=\"Skrevet av\" \/>\n\t<meta name=\"twitter:data1\" content=\"\" \/>\n\t<meta name=\"twitter:label2\" content=\"Ansl. lesetid\" \/>\n\t<meta name=\"twitter:data2\" content=\"6 minutter\" \/>\n<script type=\"application\/ld+json\" class=\"yoast-schema-graph\">{\"@context\":\"https:\/\/schema.org\",\"@graph\":[{\"@type\":\"NewsArticle\",\"@id\":\"https:\/\/hoyre.no\/arendal\/aktuelt\/alt-henger-sammen-med-alt-i-arendal\/\",\"url\":\"https:\/\/hoyre.no\/arendal\/aktuelt\/alt-henger-sammen-med-alt-i-arendal\/\",\"name\":\"Alt henger sammen med alt i Arendal - Arendal H\u00f8yre\",\"isPartOf\":{\"@id\":\"https:\/\/hoyre.no\/arendal\/#website\"},\"datePublished\":\"2020-12-16T13:15:55+00:00\",\"dateModified\":\"2023-01-25T21:18:40+00:00\",\"author\":{\"@id\":\"\"},\"breadcrumb\":{\"@id\":\"https:\/\/hoyre.no\/arendal\/aktuelt\/alt-henger-sammen-med-alt-i-arendal\/#breadcrumb\"},\"inLanguage\":\"nb-NO\",\"potentialAction\":[{\"@type\":\"ReadAction\",\"target\":[\"https:\/\/hoyre.no\/arendal\/aktuelt\/alt-henger-sammen-med-alt-i-arendal\/\"]}]},{\"@type\":\"BreadcrumbList\",\"@id\":\"https:\/\/hoyre.no\/arendal\/aktuelt\/alt-henger-sammen-med-alt-i-arendal\/#breadcrumb\",\"itemListElement\":[{\"@type\":\"ListItem\",\"position\":1,\"name\":\"Til hoyre.no\",\"item\":\"https:\/\/hoyre.no\"},{\"@type\":\"ListItem\",\"position\":2,\"name\":\"Hjem\",\"item\":\"https:\/\/hoyre.no\/arendal\/\"},{\"@type\":\"ListItem\",\"position\":3,\"name\":\"Alt henger sammen med alt i Arendal\"}]},{\"@type\":\"WebSite\",\"@id\":\"https:\/\/hoyre.no\/arendal\/#website\",\"url\":\"https:\/\/hoyre.no\/arendal\/\",\"name\":\"Arendal H\u00f8yre\",\"description\":\"Bare enda et H\u00f8yres nettsteder-nettsted\",\"inLanguage\":\"nb-NO\"},{\"@type\":\"Person\",\"@id\":\"\",\"url\":\"https:\/\/hoyre.no\/arendal\/aktuelt\/author\/\"}]}<\/script>\n<!-- \/ Yoast SEO plugin. -->","yoast_head_json":{"title":"Alt henger sammen med alt i Arendal - Arendal H\u00f8yre","robots":{"index":"index","follow":"follow","max-snippet":"max-snippet:-1","max-image-preview":"max-image-preview:large","max-video-preview":"max-video-preview:-1"},"canonical":"https:\/\/hoyre.no\/arendal\/aktuelt\/alt-henger-sammen-med-alt-i-arendal\/","og_locale":"nb_NO","og_type":"article","og_title":"Alt henger sammen med alt i Arendal - Arendal H\u00f8yre","og_url":"https:\/\/hoyre.no\/arendal\/aktuelt\/alt-henger-sammen-med-alt-i-arendal\/","og_site_name":"Arendal H\u00f8yre","article_published_time":"2020-12-16T13:15:55+00:00","article_modified_time":"2023-01-25T21:18:40+00:00","og_image":[{"url":"https:\/\/hoyre.no\/content\/uploads\/sites\/41\/2024\/08\/download-1.jpg","width":"","height":"","type":""}],"twitter_card":"summary_large_image","twitter_misc":{"Skrevet av":"","Ansl. lesetid":"6 minutter"},"schema":{"@context":"https:\/\/schema.org","@graph":[{"@type":"NewsArticle","@id":"https:\/\/hoyre.no\/arendal\/aktuelt\/alt-henger-sammen-med-alt-i-arendal\/","url":"https:\/\/hoyre.no\/arendal\/aktuelt\/alt-henger-sammen-med-alt-i-arendal\/","name":"Alt henger sammen med alt i Arendal - Arendal H\u00f8yre","isPartOf":{"@id":"https:\/\/hoyre.no\/arendal\/#website"},"datePublished":"2020-12-16T13:15:55+00:00","dateModified":"2023-01-25T21:18:40+00:00","author":{"@id":""},"breadcrumb":{"@id":"https:\/\/hoyre.no\/arendal\/aktuelt\/alt-henger-sammen-med-alt-i-arendal\/#breadcrumb"},"inLanguage":"nb-NO","potentialAction":[{"@type":"ReadAction","target":["https:\/\/hoyre.no\/arendal\/aktuelt\/alt-henger-sammen-med-alt-i-arendal\/"]}]},{"@type":"BreadcrumbList","@id":"https:\/\/hoyre.no\/arendal\/aktuelt\/alt-henger-sammen-med-alt-i-arendal\/#breadcrumb","itemListElement":[{"@type":"ListItem","position":1,"name":"Til hoyre.no","item":"https:\/\/hoyre.no"},{"@type":"ListItem","position":2,"name":"Hjem","item":"https:\/\/hoyre.no\/arendal\/"},{"@type":"ListItem","position":3,"name":"Alt henger sammen med alt i Arendal"}]},{"@type":"WebSite","@id":"https:\/\/hoyre.no\/arendal\/#website","url":"https:\/\/hoyre.no\/arendal\/","name":"Arendal H\u00f8yre","description":"Bare enda et H\u00f8yres nettsteder-nettsted","inLanguage":"nb-NO"},{"@type":"Person","@id":"","url":"https:\/\/hoyre.no\/arendal\/aktuelt\/author\/"}]}},"distributor_meta":false,"distributor_terms":false,"distributor_media":false,"distributor_original_site_name":"Arendal H\u00f8yre","distributor_original_site_url":"https:\/\/hoyre.no\/arendal","push-errors":false,"_links":{"self":[{"href":"https:\/\/hoyre.no\/arendal\/wp-json\/wp\/v2\/posts\/63","targetHints":{"allow":["GET"]}}],"collection":[{"href":"https:\/\/hoyre.no\/arendal\/wp-json\/wp\/v2\/posts"}],"about":[{"href":"https:\/\/hoyre.no\/arendal\/wp-json\/wp\/v2\/types\/post"}],"author":[{"embeddable":true,"href":"https:\/\/hoyre.no\/arendal\/wp-json\/wp\/v2\/users\/349"}],"replies":[{"embeddable":true,"href":"https:\/\/hoyre.no\/arendal\/wp-json\/wp\/v2\/comments?post=63"}],"version-history":[{"count":3,"href":"https:\/\/hoyre.no\/arendal\/wp-json\/wp\/v2\/posts\/63\/revisions"}],"predecessor-version":[{"id":162,"href":"https:\/\/hoyre.no\/arendal\/wp-json\/wp\/v2\/posts\/63\/revisions\/162"}],"wp:attachment":[{"href":"https:\/\/hoyre.no\/arendal\/wp-json\/wp\/v2\/media?parent=63"}],"wp:term":[{"taxonomy":"category","embeddable":true,"href":"https:\/\/hoyre.no\/arendal\/wp-json\/wp\/v2\/category?post=63"},{"taxonomy":"post_tag","embeddable":true,"href":"https:\/\/hoyre.no\/arendal\/wp-json\/wp\/v2\/post_tag?post=63"},{"taxonomy":"hoyre-visibility","embeddable":true,"href":"https:\/\/hoyre.no\/arendal\/wp-json\/wp\/v2\/hoyre-visibility?post=63"},{"taxonomy":"article-type","embeddable":true,"href":"https:\/\/hoyre.no\/arendal\/wp-json\/wp\/v2\/article-type?post=63"},{"taxonomy":"politician","embeddable":true,"href":"https:\/\/hoyre.no\/arendal\/wp-json\/wp\/v2\/politician?post=63"}],"curies":[{"name":"wp","href":"https:\/\/api.w.org\/{rel}","templated":true}]}}