{"id":668,"date":"2024-07-30T13:24:00","date_gmt":"2024-07-30T11:24:00","guid":{"rendered":"https:\/\/hoyre.no\/arendal\/?p=668"},"modified":"2024-08-16T13:34:26","modified_gmt":"2024-08-16T11:34:26","slug":"barn-og-unge-fortjener-laerere-som-far-mulighet-til-a-gjore-jobben-sin","status":"publish","type":"post","link":"https:\/\/hoyre.no\/arendal\/aktuelt\/barn-og-unge-fortjener-laerere-som-far-mulighet-til-a-gjore-jobben-sin\/","title":{"rendered":"Barn og unge fortjener l\u00e6rere som f\u00e5r mulighet til \u00e5 gj\u00f8re jobben sin"},"content":{"rendered":"\n<p class=\"preamble\">H\u00f8yres politikk er klar, vi \u00f8nsker \u00e5 fremheve betydningen av godt innhold, kvalitet og dyktige l\u00e6rere i skolen. H\u00f8yre har alltid satt elevenes l\u00e6ring og trivsel i sentrum, og dette reflekteres tydelig i partiets skolepolitikk.<\/p>\t\t\t<div class=\"post-meta wp-block teft-byline-wrapper\">\n\t\t\t\t<div class=\"top\">\n\t\t\t\t\t<div class=\"signature\">\n\t\t\t\t\t\t<div class=\"teft-byline\">\n\t\t\t\t\t\t\t\t\t\t\t\t\t\t<div>\n\t\t\t\t\t\t\t\t<h3>H\u00f8yres redaksjon<\/h3>\t\t\t\t\t\t\t\t\n\t\t\t\t\t\t\t\t\t\t\t\t\t\t\t\t\t<span class=\"date\">Sist oppdatert: 16. august 2024<\/span>\n\t\t\t\t\t\t\t\t\t\t\t\t\t\t\t\t\t\t\t\t\t\t\t\t\t<span class=\"reading-time\" itemprop=\"timeRequired\" content=\"PT4M\"><em>Ca. 4 minutter lesetid<\/em><\/span>\n\t\t\t\t\t\t\t\t\t\t\t\t\t\t\t<\/div>\n\t\t\t\t\t\t<\/div>\n\t\t\t\t\t<\/div>\n\t\t\t\t\t\t<div class=\"sharing\">\n\t\t<a class=\"share-button share-link copy-link\" data-copy=\"https:\/\/hoyre.no\/arendal\/aktuelt\/barn-og-unge-fortjener-laerere-som-far-mulighet-til-a-gjore-jobben-sin\/\" target=\"_blank\"><span class=\"screen-reader-text\">Del link<\/span><\/a>\n\t\t<a class=\"share-button share-twitter\" href=\"http:\/\/twitter.com\/share?text=Barn og unge fortjener l\u00e6rere som f\u00e5r mulighet til \u00e5 gj\u00f8re jobben sin&#038;url=https:\/\/hoyre.no\/arendal\/aktuelt\/barn-og-unge-fortjener-laerere-som-far-mulighet-til-a-gjore-jobben-sin\/&#038;hashtags=Hoyre\" target=\"_blank\"><span class=\"screen-reader-text\">Del p\u00e5 twitter<\/span><\/a>\n\t\t<a class=\"share-button share-facebook\" href=\"https:\/\/www.facebook.com\/sharer\/sharer.php?u=https:\/\/hoyre.no\/arendal\/aktuelt\/barn-og-unge-fortjener-laerere-som-far-mulighet-til-a-gjore-jobben-sin\/\" target=\"_blank\"><span class=\"screen-reader-text\">Del p\u00e5 facebook<\/span><\/a>\n\t<\/div>\n\t\t\t\t\t<\/div>\n\t\t\t<\/div>\n\n\t\t\t<figure class=\"hoyre-image-wrapper\"><div class=\"hoyre-image\"><img loading=\"lazy\" decoding=\"async\" width=\"1791\" height=\"1525\" src=\"https:\/\/hoyre.no\/content\/uploads\/sites\/41\/2024\/08\/IMG_6615.jpeg\" class=\"attachment-scaled size-scaled\" alt=\"\" style=\"object-position: 50% 50%\" srcset=\"https:\/\/hoyre.no\/content\/uploads\/sites\/41\/2024\/08\/IMG_6615.jpeg 1791w, https:\/\/hoyre.no\/content\/uploads\/sites\/41\/2024\/08\/IMG_6615-300x255.jpeg 300w, https:\/\/hoyre.no\/content\/uploads\/sites\/41\/2024\/08\/IMG_6615-1024x872.jpeg 1024w, https:\/\/hoyre.no\/content\/uploads\/sites\/41\/2024\/08\/IMG_6615-768x654.jpeg 768w, https:\/\/hoyre.no\/content\/uploads\/sites\/41\/2024\/08\/IMG_6615-1536x1308.jpeg 1536w\" sizes=\"auto, (max-width: 1791px) 100vw, 1791px\" \/><\/div><figcaption class=\"caption\">Linda \u00d8ygarden<\/figcaption><\/figure>\n\n\n\n\n<p>S\u00f8kertallene til \u00e5 bli l\u00e6rere g\u00e5r fortsatt ned. Det er bekymringsfullt. Jeg tror at skal vi rekruttere og beholde l\u00e6rere er gode rammer og arbeidsforhold for l\u00e6rerne avgj\u00f8rende. L\u00e6rerne er skolens viktigste ressurs, og deres kompetanse og trivsel er n\u00f8kkelen til en vellykket skolehverdag. H\u00f8yre \u00f8nsker \u00e5 v\u00e6re en tydelig skoleeier, og jobber for at l\u00e6rerne skal ha de best mulige arbeidsforhold, med fokus p\u00e5 dyktig ledelse, trivsel, st\u00f8tte og etter- og videreutdanning, slik at de kan holde seg oppdatert og engasjert. Med tilstrekkelige ressurser og st\u00f8tte kan l\u00e6rerne fokusere p\u00e5 det som virkelig betyr noe \u2013 \u00e5 undervise og motivere elevene. Vi har heldigvis mange dyktige l\u00e6rere i Arendalskolen, samtidig er jeg bekymret for hvordan vi skal klare \u00e5 rekruttere nye og beholde de dyktige l\u00e6rerne vi har, framover.<\/p>\n\n\n\n<p>For vi vet ogs\u00e5 at \u00e5 ut\u00f8ve tidlig innsats og forebygging er essensielt for at l\u00e6rere skal f\u00f8le at de gj\u00f8r en god jobb. Ved \u00e5 identifisere og st\u00f8tte elever som sliter tidlig i deres skolel\u00f8p, kan vi forebygge st\u00f8rre utfordringer senere. Dette inkluderer \u00e5 sikre at alle elever utvikler grunnleggende ferdigheter som \u00e5 kunne lese, skrive og regne. Disse ferdighetene er fundamentet for all videre l\u00e6ring og er n\u00f8dvendige for \u00e5 kunne delta aktivt i samfunnet. Vi vet at for mange barn sliter i skolen v\u00e5r i dag, og etter sommerferien n\u00e5 strever mange med \u00e5 i det hele tatt klarer \u00e5 g\u00e5 p\u00e5 skolen. Behovene er tydelige! L\u00e6rerne har v\u00e6rt tydelige lenge, de trenger tid og rom, de trenger st\u00f8tte.<\/p>\n\n\n\n<p>Vi m\u00e5 vektlegge \u00ablaget rundt eleven&raquo;. Dette inneb\u00e6rer at l\u00e6rere, spesialpedagoger, helsesykepleiere og andre fagpersoner samarbeider tett for \u00e5 gi elevene den st\u00f8tten de trenger. Et helhetlige st\u00f8ttesystemet er med p\u00e5 \u00e5 sikre at elevene har det godt og fullf\u00f8rer skolen.<\/p>\n\n\n\n<p>I tillegg m\u00e5 rektorene ha den n\u00f8dvendige administrative st\u00f8tten de trenger for \u00e5 kunne v\u00e6re tydelige, synlige og tilstedev\u00e6rende ledere. H\u00f8yre arbeider for at rektorene skal ha ressurser og frihet til \u00e5 fokusere p\u00e5 pedagogisk ledelse, samarbeid med foresatte, og til \u00e5 bygge et sterkt og motiverende l\u00e6ringsmilj\u00f8 for elevene.<\/p>\n\n\n\n<p>Et trygt inkluderende skolemilj\u00f8 for alle elever er lovp\u00e5lagt og v\u00e5rt ansvar som politikere \u00e5 sikre. Skolen skal v\u00e6re et sted hvor alle elever f\u00f8ler seg trygge, velkommen og inkludert, uavhengig av deres bakgrunn og forutsetninger.<\/p>\n\n\n\n<p>Motivasjon og l\u00e6relyst er avgj\u00f8rende for elevenes utvikling. H\u00f8yre mener at skolen skal inspirere elevene til \u00e5 utforske og utvikle sine talenter og interesser. Gjennom variert og engasjerende undervisning kan vi tenne en gnist i hver enkelt elev, som kan lede til livslang l\u00e6ring og personlig utvikling. Det er bra for barn og unge, og ogs\u00e5 samfunnet v\u00e5rt.<\/p>\n\n\n\n<p>Det handler om \u00e5 sikre at barn og unge er inkludert i fellesskapet, har venner og gode liv her og n\u00e5.<\/p>\n\n\n\n<p>H\u00f8yre \u00f8nsker at hver elev skal f\u00e5 de verkt\u00f8yene de trenger for \u00e5 mestre livets utfordringer, b\u00e5de i skolen, p\u00e5 fritiden og hjemme. N\u00e5r politikere tar p\u00e5 alvor skoleeierrollen, evner \u00e5 ta gode diskusjoner, prioriter kvalitet, godt innhold og&nbsp;&nbsp;gode rammer og arbeidsforhold for dyktige l\u00e6rere, legger vi grunnlaget for et samfunn hvor alle har muligheten til \u00e5 lykkes.<\/p>\n\n\n\n<p>Det er viktig at vi prioritere innhold og kvalitet i skolen og st\u00f8tter de som st\u00e5r i frontlinjen \u2013 l\u00e6rerne v\u00e5re. Bare da kan vi sikre at v\u00e5re barn og unge f\u00e5r den beste starten p\u00e5 skole livet og de beste mulighetene for fremtiden.<\/p>\n\n\n\n<p>En god barndom varer livet ut og en god l\u00e6rer kan gj\u00f8re en stor forskjell i barn og unges liv om vi som politikere legger til rette for at de kan gj\u00f8re jobben sin, gir dem tid og rom til \u00e5 se, lytte og ta hvert barn p\u00e5 alvor.<\/p>\n\n\n\n<p>La oss prioritere l\u00e6rerne, mennesker og innhold, slik at l\u00e6rerne kan prioritere barna v\u00e5re, ogs\u00e5 i framtiden.<\/p>\n\n\n\n<p>Barn og unge fortjener l\u00e6rere som f\u00e5r mulighet til \u00e5 gj\u00f8re jobben sin.<\/p>\n\n\n\n<p>Det blir det viktig \u00e5 ta med seg inn i diskusjonen om \u00ab skolerapporten\u00bb som snart blir lagt fram som sak i bystyret.<\/p>\n\n\n\n<p><strong>Linda \u00d8ygarden (H), Oppvekst- og kulturutvalget, bystyret<\/strong><\/p>\n\n\n<div class=\"tags\">\n\t<\/div>\n<div class=\"post-footer alignfull has-background block-editor-block-list__block\" data-align=full>\n\t<div class=\"post-footer-inner\">\n\t\t<h3>Relaterte artikler<\/h3>\n\t\t<div class=\"related-content\"><div class=\"is-card-hoyre\">\n\t<div class=\"teft-card hoyre-teft-card post-teft-card\">\n\t\t<a href=\"https:\/\/hoyre.no\/arendal\/aktuelt\/alfabetisk-navneliste-over-hoyres-valgvillige-stortingsvalgkandidater-2025-2029-i-aust-agder-valgdistrikt\/\" class=\"teft-card__primary-action\">\n\n\t\t\t\t\t<div class=\"teft-card__media teft-card__media--16-9\">\n\t\t\t\t\t\t<img loading=\"lazy\" decoding=\"async\" width=\"768\" height=\"768\" src=\"https:\/\/hoyre.no\/content\/uploads\/sites\/41\/2022\/11\/2020_RGB_hoyre_logo_profilbilde_011-768x768.png\" class=\"attachment-medium_large size-medium_large\" alt=\"\" srcset=\"https:\/\/hoyre.no\/content\/uploads\/sites\/41\/2022\/11\/2020_RGB_hoyre_logo_profilbilde_011-768x768.png 768w, https:\/\/hoyre.no\/content\/uploads\/sites\/41\/2022\/11\/2020_RGB_hoyre_logo_profilbilde_011-300x300.png 300w, https:\/\/hoyre.no\/content\/uploads\/sites\/41\/2022\/11\/2020_RGB_hoyre_logo_profilbilde_011-150x150.png 150w, https:\/\/hoyre.no\/content\/uploads\/sites\/41\/2022\/11\/2020_RGB_hoyre_logo_profilbilde_011.png 1000w\" sizes=\"auto, (max-width: 768px) 100vw, 768px\" \/>\t\t<\/div>\n\t\t\n\t\t\t<div class=\"teft-card__content-wrapper\">\n\t\t\t\t<div class=\"teft-card__secondary\">\n\t\t\t\t\t\n\t\t\t\t\t\t\t\t<div class=\"teft-card__meta\">\n\t\t\t\t\t\t\t\t\t<span class=\"post-date\">28. aug 2024<\/span>\n\n\t\t\t\t\t\t\t\t\t<span class=\"post-category\">Nominasjon<\/span>\t\t\t\t\t\t\t\t<\/div>\n\t\t\t\t\t\t\t\t\t\t\t<\/div>\n\n\t\t\t\t<div class=\"teft-card__primary\">\n\t\t\t\t\t<h2 class=\"teft-card__title\">Alfabetisk navneliste over H\u00f8yres valgvillige stortingsvalgkandidater 2025 \u2013 2029 i Aust-Agder valgdistrikt&nbsp;<span class=\"teft-card__primary-title-append\"><\/span><\/h2>\t\t\t\t<\/div>\n\t\t\t<\/div>\n\t\t<\/a>\n\t<\/div>\n\n\t<\/div><div class=\"is-card-hoyre\">\n\t<div class=\"teft-card hoyre-teft-card post-teft-card\">\n\t\t<a href=\"https:\/\/hoyre.no\/arendal\/aktuelt\/provenominasjon-for-stortingsvalget-2025\/\" class=\"teft-card__primary-action\">\n\n\t\t\t\t\t<div class=\"teft-card__media teft-card__media--16-9\">\n\t\t\t\t\t\t<img loading=\"lazy\" decoding=\"async\" width=\"768\" height=\"320\" src=\"https:\/\/hoyre.no\/content\/uploads\/sites\/41\/2024\/08\/stortingsbygningeneidsvolls-768x320.jpg\" class=\"attachment-medium_large size-medium_large\" alt=\"Stortinget\" srcset=\"https:\/\/hoyre.no\/content\/uploads\/sites\/41\/2024\/08\/stortingsbygningeneidsvolls-768x320.jpg 768w, https:\/\/hoyre.no\/content\/uploads\/sites\/41\/2024\/08\/stortingsbygningeneidsvolls-300x125.jpg 300w, https:\/\/hoyre.no\/content\/uploads\/sites\/41\/2024\/08\/stortingsbygningeneidsvolls.jpg 840w\" sizes=\"auto, (max-width: 768px) 100vw, 768px\" \/>\t\t<\/div>\n\t\t\n\t\t\t<div class=\"teft-card__content-wrapper\">\n\t\t\t\t<div class=\"teft-card__secondary\">\n\t\t\t\t\t\n\t\t\t\t\t\t\t\t<div class=\"teft-card__meta\">\n\t\t\t\t\t\t\t\t\t<span class=\"post-date\">22. aug 2024<\/span>\n\n\t\t\t\t\t\t\t\t\t<span class=\"post-category\">Nominasjon<\/span>\t\t\t\t\t\t\t\t<\/div>\n\t\t\t\t\t\t\t\t\t\t\t<\/div>\n\n\t\t\t\t<div class=\"teft-card__primary\">\n\t\t\t\t\t<h2 class=\"teft-card__title\">Pr\u00f8venominasjon for Stortingsvalget 2025&nbsp;<span class=\"teft-card__primary-title-append\"><\/span><\/h2>\t\t\t\t<\/div>\n\t\t\t<\/div>\n\t\t<\/a>\n\t<\/div>\n\n\t<\/div><div class=\"is-card-hoyre\">\n\t<div class=\"teft-card hoyre-teft-card post-teft-card\">\n\t\t<a href=\"https:\/\/hoyre.no\/arendal\/aktuelt\/arendalsuka-mer-enn-bare-enn-fest-for-fiffen\/\" class=\"teft-card__primary-action\">\n\n\t\t\t\t\t<div class=\"teft-card__media teft-card__media--16-9\">\n\t\t\t\t\t\t<img loading=\"lazy\" decoding=\"async\" width=\"720\" height=\"540\" src=\"https:\/\/hoyre.no\/content\/uploads\/sites\/41\/2024\/08\/download-1.jpg\" class=\"attachment-medium_large size-medium_large\" alt=\"\" srcset=\"https:\/\/hoyre.no\/content\/uploads\/sites\/41\/2024\/08\/download-1.jpg 720w, https:\/\/hoyre.no\/content\/uploads\/sites\/41\/2024\/08\/download-1-300x225.jpg 300w\" sizes=\"auto, (max-width: 720px) 100vw, 720px\" \/>\t\t<\/div>\n\t\t\n\t\t\t<div class=\"teft-card__content-wrapper\">\n\t\t\t\t<div class=\"teft-card__secondary\">\n\t\t\t\t\t\n\t\t\t\t\t\t\t\t<div class=\"teft-card__meta\">\n\t\t\t\t\t\t\t\t\t<span class=\"post-date\">21. aug 2024<\/span>\n\n\t\t\t\t\t\t\t\t\t<span class=\"post-category\">Debatt<\/span>\t\t\t\t\t\t\t\t<\/div>\n\t\t\t\t\t\t\t\t\t\t\t<\/div>\n\n\t\t\t\t<div class=\"teft-card__primary\">\n\t\t\t\t\t<h2 class=\"teft-card__title\">Arendalsuka: Mer enn bare enn fest for \u201cfiffen\u201d&nbsp;<span class=\"teft-card__primary-title-append\"><\/span><\/h2>\t\t\t\t<\/div>\n\t\t\t<\/div>\n\t\t<\/a>\n\t<\/div>\n\n\t<\/div><\/div>\t<\/div>\n<\/div>\n","protected":false},"excerpt":{"rendered":"","protected":false},"author":36946,"featured_media":0,"comment_status":"closed","ping_status":"closed","sticky":false,"template":"","format":"standard","meta":{"teft_cards_image_url":"","teft_cards_custom_pretitle":"","teft_cards_image_id":670,"teft_cards_image_focal_point_x":0.58,"teft_cards_image_focal_point_y":0.47,"teft_cards_title":"","teft_cards_excerpt":"","teft_show_chapters":false,"author_display_name":"","footnotes":""},"category":[7],"post_tag":[],"hoyre-visibility":[],"article-type":[],"politician":[],"class_list":["post-668","post","type-post","status-publish","format-standard","hentry","category-debatt"],"yoast_head":"<!-- This site is optimized with the Yoast SEO plugin v26.6 - https:\/\/yoast.com\/wordpress\/plugins\/seo\/ -->\n<title>Barn og unge fortjener l\u00e6rere som f\u00e5r mulighet til \u00e5 gj\u00f8re jobben sin - Arendal H\u00f8yre<\/title>\n<meta name=\"robots\" content=\"index, follow, max-snippet:-1, max-image-preview:large, max-video-preview:-1\" \/>\n<link rel=\"canonical\" href=\"https:\/\/hoyre.no\/arendal\/aktuelt\/barn-og-unge-fortjener-laerere-som-far-mulighet-til-a-gjore-jobben-sin\/\" \/>\n<meta property=\"og:locale\" content=\"nb_NO\" \/>\n<meta property=\"og:type\" content=\"article\" \/>\n<meta property=\"og:title\" content=\"Barn og unge fortjener l\u00e6rere som f\u00e5r mulighet til \u00e5 gj\u00f8re jobben sin - Arendal H\u00f8yre\" \/>\n<meta property=\"og:url\" content=\"https:\/\/hoyre.no\/arendal\/aktuelt\/barn-og-unge-fortjener-laerere-som-far-mulighet-til-a-gjore-jobben-sin\/\" \/>\n<meta property=\"og:site_name\" content=\"Arendal H\u00f8yre\" \/>\n<meta property=\"article:published_time\" content=\"2024-07-30T11:24:00+00:00\" \/>\n<meta property=\"article:modified_time\" content=\"2024-08-16T11:34:26+00:00\" \/>\n<meta property=\"og:image\" content=\"https:\/\/hoyre.no\/content\/uploads\/sites\/41\/2024\/08\/download-1.jpg\" \/>\n<meta name=\"author\" content=\"Cathrine Coucheron Berli\" \/>\n<meta name=\"twitter:card\" content=\"summary_large_image\" \/>\n<meta name=\"twitter:label1\" content=\"Skrevet av\" \/>\n\t<meta name=\"twitter:data1\" content=\"Cathrine Coucheron Berli\" \/>\n\t<meta name=\"twitter:label2\" content=\"Ansl. lesetid\" \/>\n\t<meta name=\"twitter:data2\" content=\"4 minutter\" \/>\n<script type=\"application\/ld+json\" class=\"yoast-schema-graph\">{\"@context\":\"https:\/\/schema.org\",\"@graph\":[{\"@type\":\"NewsArticle\",\"@id\":\"https:\/\/hoyre.no\/arendal\/aktuelt\/barn-og-unge-fortjener-laerere-som-far-mulighet-til-a-gjore-jobben-sin\/\",\"url\":\"https:\/\/hoyre.no\/arendal\/aktuelt\/barn-og-unge-fortjener-laerere-som-far-mulighet-til-a-gjore-jobben-sin\/\",\"name\":\"Barn og unge fortjener l\u00e6rere som f\u00e5r mulighet til \u00e5 gj\u00f8re jobben sin - Arendal H\u00f8yre\",\"isPartOf\":{\"@id\":\"https:\/\/hoyre.no\/arendal\/#website\"},\"datePublished\":\"2024-07-30T11:24:00+00:00\",\"dateModified\":\"2024-08-16T11:34:26+00:00\",\"author\":{\"@id\":\"https:\/\/hoyre.no\/arendal\/#\/schema\/person\/ac07cb46cf1a662fab0853a6b9c1cd87\"},\"breadcrumb\":{\"@id\":\"https:\/\/hoyre.no\/arendal\/aktuelt\/barn-og-unge-fortjener-laerere-som-far-mulighet-til-a-gjore-jobben-sin\/#breadcrumb\"},\"inLanguage\":\"nb-NO\",\"potentialAction\":[{\"@type\":\"ReadAction\",\"target\":[\"https:\/\/hoyre.no\/arendal\/aktuelt\/barn-og-unge-fortjener-laerere-som-far-mulighet-til-a-gjore-jobben-sin\/\"]}]},{\"@type\":\"BreadcrumbList\",\"@id\":\"https:\/\/hoyre.no\/arendal\/aktuelt\/barn-og-unge-fortjener-laerere-som-far-mulighet-til-a-gjore-jobben-sin\/#breadcrumb\",\"itemListElement\":[{\"@type\":\"ListItem\",\"position\":1,\"name\":\"Til hoyre.no\",\"item\":\"https:\/\/hoyre.no\"},{\"@type\":\"ListItem\",\"position\":2,\"name\":\"Hjem\",\"item\":\"https:\/\/hoyre.no\/arendal\/\"},{\"@type\":\"ListItem\",\"position\":3,\"name\":\"Barn og unge fortjener l\u00e6rere som f\u00e5r mulighet til \u00e5 gj\u00f8re jobben sin\"}]},{\"@type\":\"WebSite\",\"@id\":\"https:\/\/hoyre.no\/arendal\/#website\",\"url\":\"https:\/\/hoyre.no\/arendal\/\",\"name\":\"Arendal H\u00f8yre\",\"description\":\"Bare enda et H\u00f8yres nettsteder-nettsted\",\"inLanguage\":\"nb-NO\"},{\"@type\":\"Person\",\"@id\":\"https:\/\/hoyre.no\/arendal\/#\/schema\/person\/ac07cb46cf1a662fab0853a6b9c1cd87\",\"name\":\"Cathrine Coucheron Berli\",\"image\":{\"@type\":\"ImageObject\",\"inLanguage\":\"nb-NO\",\"@id\":\"https:\/\/hoyre.no\/arendal\/#\/schema\/person\/image\/\",\"url\":\"https:\/\/secure.gravatar.com\/avatar\/08e70978cc7c8f19bfdcaf005e0379d7aef8879456282010bc4d632692d294d7?s=96&d=mm&r=g\",\"contentUrl\":\"https:\/\/secure.gravatar.com\/avatar\/08e70978cc7c8f19bfdcaf005e0379d7aef8879456282010bc4d632692d294d7?s=96&d=mm&r=g\",\"caption\":\"Cathrine Coucheron Berli\"},\"url\":\"https:\/\/hoyre.no\/arendal\/aktuelt\/author\/m52168945\/\"}]}<\/script>\n<!-- \/ Yoast SEO plugin. -->","yoast_head_json":{"title":"Barn og unge fortjener l\u00e6rere som f\u00e5r mulighet til \u00e5 gj\u00f8re jobben sin - Arendal H\u00f8yre","robots":{"index":"index","follow":"follow","max-snippet":"max-snippet:-1","max-image-preview":"max-image-preview:large","max-video-preview":"max-video-preview:-1"},"canonical":"https:\/\/hoyre.no\/arendal\/aktuelt\/barn-og-unge-fortjener-laerere-som-far-mulighet-til-a-gjore-jobben-sin\/","og_locale":"nb_NO","og_type":"article","og_title":"Barn og unge fortjener l\u00e6rere som f\u00e5r mulighet til \u00e5 gj\u00f8re jobben sin - Arendal H\u00f8yre","og_url":"https:\/\/hoyre.no\/arendal\/aktuelt\/barn-og-unge-fortjener-laerere-som-far-mulighet-til-a-gjore-jobben-sin\/","og_site_name":"Arendal H\u00f8yre","article_published_time":"2024-07-30T11:24:00+00:00","article_modified_time":"2024-08-16T11:34:26+00:00","og_image":[{"url":"https:\/\/hoyre.no\/content\/uploads\/sites\/41\/2024\/08\/download-1.jpg","width":"","height":"","type":""}],"author":"Cathrine Coucheron Berli","twitter_card":"summary_large_image","twitter_misc":{"Skrevet av":"Cathrine Coucheron Berli","Ansl. lesetid":"4 minutter"},"schema":{"@context":"https:\/\/schema.org","@graph":[{"@type":"NewsArticle","@id":"https:\/\/hoyre.no\/arendal\/aktuelt\/barn-og-unge-fortjener-laerere-som-far-mulighet-til-a-gjore-jobben-sin\/","url":"https:\/\/hoyre.no\/arendal\/aktuelt\/barn-og-unge-fortjener-laerere-som-far-mulighet-til-a-gjore-jobben-sin\/","name":"Barn og unge fortjener l\u00e6rere som f\u00e5r mulighet til \u00e5 gj\u00f8re jobben sin - Arendal H\u00f8yre","isPartOf":{"@id":"https:\/\/hoyre.no\/arendal\/#website"},"datePublished":"2024-07-30T11:24:00+00:00","dateModified":"2024-08-16T11:34:26+00:00","author":{"@id":"https:\/\/hoyre.no\/arendal\/#\/schema\/person\/ac07cb46cf1a662fab0853a6b9c1cd87"},"breadcrumb":{"@id":"https:\/\/hoyre.no\/arendal\/aktuelt\/barn-og-unge-fortjener-laerere-som-far-mulighet-til-a-gjore-jobben-sin\/#breadcrumb"},"inLanguage":"nb-NO","potentialAction":[{"@type":"ReadAction","target":["https:\/\/hoyre.no\/arendal\/aktuelt\/barn-og-unge-fortjener-laerere-som-far-mulighet-til-a-gjore-jobben-sin\/"]}]},{"@type":"BreadcrumbList","@id":"https:\/\/hoyre.no\/arendal\/aktuelt\/barn-og-unge-fortjener-laerere-som-far-mulighet-til-a-gjore-jobben-sin\/#breadcrumb","itemListElement":[{"@type":"ListItem","position":1,"name":"Til hoyre.no","item":"https:\/\/hoyre.no"},{"@type":"ListItem","position":2,"name":"Hjem","item":"https:\/\/hoyre.no\/arendal\/"},{"@type":"ListItem","position":3,"name":"Barn og unge fortjener l\u00e6rere som f\u00e5r mulighet til \u00e5 gj\u00f8re jobben sin"}]},{"@type":"WebSite","@id":"https:\/\/hoyre.no\/arendal\/#website","url":"https:\/\/hoyre.no\/arendal\/","name":"Arendal H\u00f8yre","description":"Bare enda et H\u00f8yres nettsteder-nettsted","inLanguage":"nb-NO"},{"@type":"Person","@id":"https:\/\/hoyre.no\/arendal\/#\/schema\/person\/ac07cb46cf1a662fab0853a6b9c1cd87","name":"Cathrine Coucheron Berli","image":{"@type":"ImageObject","inLanguage":"nb-NO","@id":"https:\/\/hoyre.no\/arendal\/#\/schema\/person\/image\/","url":"https:\/\/secure.gravatar.com\/avatar\/08e70978cc7c8f19bfdcaf005e0379d7aef8879456282010bc4d632692d294d7?s=96&d=mm&r=g","contentUrl":"https:\/\/secure.gravatar.com\/avatar\/08e70978cc7c8f19bfdcaf005e0379d7aef8879456282010bc4d632692d294d7?s=96&d=mm&r=g","caption":"Cathrine Coucheron Berli"},"url":"https:\/\/hoyre.no\/arendal\/aktuelt\/author\/m52168945\/"}]}},"distributor_meta":false,"distributor_terms":false,"distributor_media":false,"distributor_original_site_name":"Arendal H\u00f8yre","distributor_original_site_url":"https:\/\/hoyre.no\/arendal","push-errors":false,"_links":{"self":[{"href":"https:\/\/hoyre.no\/arendal\/wp-json\/wp\/v2\/posts\/668","targetHints":{"allow":["GET"]}}],"collection":[{"href":"https:\/\/hoyre.no\/arendal\/wp-json\/wp\/v2\/posts"}],"about":[{"href":"https:\/\/hoyre.no\/arendal\/wp-json\/wp\/v2\/types\/post"}],"author":[{"embeddable":true,"href":"https:\/\/hoyre.no\/arendal\/wp-json\/wp\/v2\/users\/36946"}],"replies":[{"embeddable":true,"href":"https:\/\/hoyre.no\/arendal\/wp-json\/wp\/v2\/comments?post=668"}],"version-history":[{"count":2,"href":"https:\/\/hoyre.no\/arendal\/wp-json\/wp\/v2\/posts\/668\/revisions"}],"predecessor-version":[{"id":673,"href":"https:\/\/hoyre.no\/arendal\/wp-json\/wp\/v2\/posts\/668\/revisions\/673"}],"wp:attachment":[{"href":"https:\/\/hoyre.no\/arendal\/wp-json\/wp\/v2\/media?parent=668"}],"wp:term":[{"taxonomy":"category","embeddable":true,"href":"https:\/\/hoyre.no\/arendal\/wp-json\/wp\/v2\/category?post=668"},{"taxonomy":"post_tag","embeddable":true,"href":"https:\/\/hoyre.no\/arendal\/wp-json\/wp\/v2\/post_tag?post=668"},{"taxonomy":"hoyre-visibility","embeddable":true,"href":"https:\/\/hoyre.no\/arendal\/wp-json\/wp\/v2\/hoyre-visibility?post=668"},{"taxonomy":"article-type","embeddable":true,"href":"https:\/\/hoyre.no\/arendal\/wp-json\/wp\/v2\/article-type?post=668"},{"taxonomy":"politician","embeddable":true,"href":"https:\/\/hoyre.no\/arendal\/wp-json\/wp\/v2\/politician?post=668"}],"curies":[{"name":"wp","href":"https:\/\/api.w.org\/{rel}","templated":true}]}}