{"id":77,"date":"2022-07-11T19:56:23","date_gmt":"2022-07-11T17:56:23","guid":{"rendered":"https:\/\/hoyre.no\/arendal\/?p=77"},"modified":"2023-03-13T10:27:51","modified_gmt":"2023-03-13T09:27:51","slug":"alt-vi-gjor-skal-gjore-det-bedre-for-innbyggerne","status":"publish","type":"post","link":"https:\/\/hoyre.no\/arendal\/aktuelt\/alt-vi-gjor-skal-gjore-det-bedre-for-innbyggerne\/","title":{"rendered":"Alt vi gj\u00f8r skal gj\u00f8re det bedre for innbyggerne"},"content":{"rendered":"\n<p class=\"preamble\"><br><strong>I dag er det 14 m\u00e5neder til vi skal g\u00e5 til stemmeurnene igjen. Det er mitt h\u00e5p at H\u00f8yre skal bli valgets vinner, og min ambisjon er \u00e5 bli ordf\u00f8rer i Arendal. Som ordf\u00f8rerkandidat har jeg ett hovedm\u00e5l, og det er:<\/strong><br><strong>Alt vi gj\u00f8r, skal gj\u00f8re det bedre for innbyggerne v\u00e5re.<\/strong><\/p>\t\t\t<div class=\"post-meta wp-block teft-byline-wrapper\">\n\t\t\t\t<div class=\"top\">\n\t\t\t\t\t<div class=\"signature\">\n\t\t\t\t\t\t<div class=\"teft-byline\">\n\t\t\t\t\t\t\t\t\t\t\t\t\t\t<div>\n\t\t\t\t\t\t\t\t<h3>H\u00f8yres redaksjon<\/h3>\t\t\t\t\t\t\t\t\n\t\t\t\t\t\t\t\t\t\t\t\t\t\t\t\t\t<span class=\"date\">Sist oppdatert: 13. mars 2023<\/span>\n\t\t\t\t\t\t\t\t\t\t\t\t\t\t\t\t\t\t\t\t\t\t\t\t\t<span class=\"reading-time\" itemprop=\"timeRequired\" content=\"PT5M\"><em>Ca. 5 minutter lesetid<\/em><\/span>\n\t\t\t\t\t\t\t\t\t\t\t\t\t\t\t<\/div>\n\t\t\t\t\t\t<\/div>\n\t\t\t\t\t<\/div>\n\t\t\t\t\t\t<div class=\"sharing\">\n\t\t<a class=\"share-button share-link copy-link\" data-copy=\"https:\/\/hoyre.no\/arendal\/aktuelt\/alt-vi-gjor-skal-gjore-det-bedre-for-innbyggerne\/\" target=\"_blank\"><span class=\"screen-reader-text\">Del link<\/span><\/a>\n\t\t<a class=\"share-button share-twitter\" href=\"http:\/\/twitter.com\/share?text=Alt vi gj\u00f8r skal gj\u00f8re det bedre for innbyggerne&#038;url=https:\/\/hoyre.no\/arendal\/aktuelt\/alt-vi-gjor-skal-gjore-det-bedre-for-innbyggerne\/&#038;hashtags=Hoyre\" target=\"_blank\"><span class=\"screen-reader-text\">Del p\u00e5 twitter<\/span><\/a>\n\t\t<a class=\"share-button share-facebook\" href=\"https:\/\/www.facebook.com\/sharer\/sharer.php?u=https:\/\/hoyre.no\/arendal\/aktuelt\/alt-vi-gjor-skal-gjore-det-bedre-for-innbyggerne\/\" target=\"_blank\"><span class=\"screen-reader-text\">Del p\u00e5 facebook<\/span><\/a>\n\t<\/div>\n\t\t\t\t\t<\/div>\n\t\t\t<\/div>\n\n\t\t\t<figure class=\"hoyre-image-wrapper\"><div class=\"hoyre-image\"><img loading=\"lazy\" decoding=\"async\" width=\"960\" height=\"960\" src=\"https:\/\/hoyre.no\/content\/uploads\/sites\/41\/2022\/07\/Linda.jpg\" class=\"attachment-scaled size-scaled\" alt=\"\" style=\"object-position: 50% 50%\" srcset=\"https:\/\/hoyre.no\/content\/uploads\/sites\/41\/2022\/07\/Linda.jpg 960w, https:\/\/hoyre.no\/content\/uploads\/sites\/41\/2022\/07\/Linda-300x300.jpg 300w, https:\/\/hoyre.no\/content\/uploads\/sites\/41\/2022\/07\/Linda-150x150.jpg 150w, https:\/\/hoyre.no\/content\/uploads\/sites\/41\/2022\/07\/Linda-768x768.jpg 768w\" sizes=\"auto, (max-width: 960px) 100vw, 960px\" \/><\/div><figcaption class=\"caption\">Linda Dagestad \u00d8ygarden, Arendal H\u00f8yres ordf\u00f8rerkandidat til kommunevalget 2023<\/figcaption><\/figure>\n\n\n\n\n<p>Jeg er n\u00e5 inne i min tredje periode som lokalpolitiker, og jeg er mer motivert enn noensinne etter at jeg 8.juni ble valgt som H\u00f8yres ordf\u00f8rerkandidat. Det er en stor tillitserkl\u00e6ring som gj\u00f8r meg b\u00e5de ydmyk og stolt.<\/p>\n\n\n\n<p>N\u00e5 skal vi videref\u00f8re den allerede p\u00e5g\u00e5ende prosessen med \u00e5 utarbeide H\u00f8yres program for at Arendal skal utvikle seg til det beste for barn, unge familier, eldre \u2013 og samfunnet for \u00f8vrig. Vi har et sterkt lag som gjerne vil bidra til \u00e5 skape vekst og utvikling i byen v\u00e5r. Med v\u00e5r samlede erfaring, kompetanse og entusiasme skal vi svare p\u00e5 de utfordringene kommunen st\u00e5r overfor, og gripe de mulighetene vi har. Det skal vi fortelle mer om n\u00e5r programmet for 2023 til 2027 er fastlagt.<\/p>\n\n\n\n<p><\/p>\n\n\n\n<p><strong>Vi er folkets tillitsvalgte<\/strong><\/p>\n\n\n\n<p>Men allerede n\u00e5 vil jeg gjerne dele noen av mine tanker og kjernesaker med v\u00e5re lesere. Politikk handler om visjoner, vilje og evne til \u00e5 prioritere. Vi har som politikere et stort ansvar for \u00e5 gj\u00f8re de riktige valgene. Vi er folkets tillitsvalgte, og vi skal tjene fellesskapet p\u00e5 beste vis.<\/p>\n\n\n\n<p>H\u00f8yre vet og har respekt for at det er i lokalsamfunnene folk lever sine liv, og at det er her vi bygger grunnlaget for fremtiden. Derfor er det viktig at alle gode krefter f\u00e5r v\u00e6re med p\u00e5 \u00e5 gj\u00f8re lokalsamfunnet bedre. Det gjelder ogs\u00e5 for Arendal. For v\u00e5r kommune er mer enn ordf\u00f8reren, bystyret og posisjonens foretrukne l\u00f8sninger. Vi har mange hensyn \u00e5 ta, og vi vet at det er mange som m\u00e5 inkluderes for at vi skal f\u00e5 \u00f8nsket vekst og fremgang. Vi trenger de store n\u00e6ringsakt\u00f8rene, og vi er avhengige av de sm\u00e5 og mellomstore bedriftene og modige gr\u00fcndere. Og selvsagt m\u00e5 vi ha med oss den ressursen og det mangfoldet som de frivillige organisasjonene representerer. Ved \u00e5 invitere til samarbeid gjennom \u00e5pne og gode prosesser, skaper vi \u00f8kt innsikt. \u00d8kt innsikt gir bedre beslutningsgrunnlag, og \u00e5penhet bygger tillit.<\/p>\n\n\n\n<p><strong>Tid for klimahandling<\/strong><\/p>\n\n\n\n<p>FNs nye klimarapport gir oss et tydelig signal \u2013 det er tid for klimahandling. Vi m\u00e5 ta vare p\u00e5 kloden v\u00e5r, og ivareta generasjonsperspektivet, og vi m\u00e5 f\u00e5 med oss alle p\u00e5 det gr\u00f8nne skiftet. FNs b\u00e6rekraftsm\u00e5l gir klare f\u00f8ringer for hva som b\u00f8r prioriteres for \u00e5 sikre en b\u00e6rekraftig utvikling b\u00e5de globalt og lokalt. De 17 m\u00e5lene sikter mot \u00e5 utrydde fattigdom, bekjempe ulikhet og stoppe klimaendringene innen 2030. Vi skal ta v\u00e5r del av ansvaret for et b\u00e6rekraftig og inkluderende lokalsamfunn. &nbsp;&nbsp;&nbsp;&nbsp;&nbsp;<\/p>\n\n\n\n<p><\/p>\n\n\n\n<p><strong>N\u00e6ringsutvikling og velferd henger sammen<\/strong>! <\/p>\n\n\n\n<p>For H\u00f8yre og for meg er det overordnet viktig \u00e5 aktivt m\u00f8te de store utfordringene Arendal har knyttet til levek\u00e5r. Det krever et bredt samarbeid b\u00e5de innenfor det politiske milj\u00f8et og mellom politikk og n\u00e6ringsliv \u2013 for n\u00e6ringsutvikling og velferd henger ul\u00f8selig sammen.<\/p>\n\n\n\n<p>Det er et vekstkraftig n\u00e6ringsliv med givende og trygge arbeidsplasser som danner grunnlaget for trivsel og fremgang i en kommune. Derfor m\u00e5 vi i Arendal benytte den unike muligheten vi n\u00e5 har til \u00e5 skape vekst gjennom satsing p\u00e5 n\u00e6ringsutvikling. B\u00e5de p\u00e5 batterifabrikken og p\u00e5 andre store virksomheter, som med utgangspunkt i Arendal, arbeider internasjonalt. Og vi m\u00e5 ikke glemme de mange mindre og mellomstore bedriftene som f\u00f8rst og fremst betjener det norske og det lokale markedet. Ogs\u00e5 disse fortjener v\u00e5r oppmerksomhet og v\u00e5r anerkjennelse.<\/p>\n\n\n\n<p>Det er et sterkt og vekstkraftig n\u00e6ringsliv som f\u00f8rst og fremst bidrar til v\u00e5r velferd. Ved \u00e5 tilrettelegge for gr\u00f8nn industri og n\u00e6ringsutvikling, vil vi ta viktige steg p\u00e5 veien mot \u00e5 l\u00f8se levek\u00e5rsutfordringene.<\/p>\n\n\n\n<p><\/p>\n\n\n\n<p><strong>B\u00e5de hode og hjerte<\/strong><\/p>\n\n\n\n<p>For \u00e5 skape en god fremtid m\u00e5 vi som politikere vise mot og handlekraft. Vi m\u00e5 dr\u00f8mme, vi m\u00e5 v\u00e5ge, vi m\u00e5 gi h\u00e5p \u2013 og vi m\u00e5 t\u00f8rre \u00e5 forandre for \u00e5 bevare det gode i lokalsamfunnet v\u00e5rt. Et godt lokalsamfunn kjennetegnes av at vi setter pris p\u00e5 og heier p\u00e5 menneskers engasjement og innsatsvilje. Vi skal unne hverandre fremgang og suksess, og vi m\u00e5 evne \u00e5 ta vare p\u00e5 v\u00e5re mest s\u00e5rbare medmennesker. Vi politikere m\u00e5 kort sagt ha b\u00e5de hode og hjerte med oss.<\/p>\n\n\n\n<p>For H\u00f8yre og meg er det viktig \u00e5 hver dag jobbe for at det skal bli bedre \u00e5 bo, g\u00e5 p\u00e5 skole, ha fritiden sin, arbeide og leve hele livet her i Arendal \u2013 b\u00e5de for dagens innbyggere og for kommende generasjoner. &nbsp;&nbsp;&nbsp;<br><br><strong>God sommer!<\/strong><br>Sommerlig hilsen fra Linda Dagestad \u00d8ygarden<\/p>\n\n\n<div class=\"tags\">\n\t\t<div class=\"wp-block-tag-cloud\">\n\t\t\t\t\t<a href=\"https:\/\/hoyre.no\/arendal\/aktuelt\/tag\/ordforerkandidat\/\" class=\"tag-cloud-link\">Ordf\u00f8rerkandidat<\/a>\n\t\t\t\t\t<a href=\"https:\/\/hoyre.no\/arendal\/aktuelt\/tag\/valget2023\/\" class=\"tag-cloud-link\">Valget2023<\/a>\n\t\t\t<\/div>\n\t<\/div>\n<div class=\"post-footer alignfull has-background block-editor-block-list__block\" data-align=full>\n\t<div class=\"post-footer-inner\">\n\t\t<h3>Relaterte artikler<\/h3>\n\t\t<div class=\"related-content\"><div class=\"is-card-hoyre\">\n\t<div class=\"teft-card hoyre-teft-card post-teft-card\">\n\t\t<a href=\"https:\/\/hoyre.no\/arendal\/aktuelt\/alfabetisk-navneliste-over-hoyres-valgvillige-stortingsvalgkandidater-2025-2029-i-aust-agder-valgdistrikt\/\" class=\"teft-card__primary-action\">\n\n\t\t\t\t\t<div class=\"teft-card__media teft-card__media--16-9\">\n\t\t\t\t\t\t<img loading=\"lazy\" decoding=\"async\" width=\"768\" height=\"768\" src=\"https:\/\/hoyre.no\/content\/uploads\/sites\/41\/2022\/11\/2020_RGB_hoyre_logo_profilbilde_011-768x768.png\" class=\"attachment-medium_large size-medium_large\" alt=\"\" srcset=\"https:\/\/hoyre.no\/content\/uploads\/sites\/41\/2022\/11\/2020_RGB_hoyre_logo_profilbilde_011-768x768.png 768w, https:\/\/hoyre.no\/content\/uploads\/sites\/41\/2022\/11\/2020_RGB_hoyre_logo_profilbilde_011-300x300.png 300w, https:\/\/hoyre.no\/content\/uploads\/sites\/41\/2022\/11\/2020_RGB_hoyre_logo_profilbilde_011-150x150.png 150w, https:\/\/hoyre.no\/content\/uploads\/sites\/41\/2022\/11\/2020_RGB_hoyre_logo_profilbilde_011.png 1000w\" sizes=\"auto, (max-width: 768px) 100vw, 768px\" \/>\t\t<\/div>\n\t\t\n\t\t\t<div class=\"teft-card__content-wrapper\">\n\t\t\t\t<div class=\"teft-card__secondary\">\n\t\t\t\t\t\n\t\t\t\t\t\t\t\t<div class=\"teft-card__meta\">\n\t\t\t\t\t\t\t\t\t<span class=\"post-date\">28. aug 2024<\/span>\n\n\t\t\t\t\t\t\t\t\t<span class=\"post-category\">Nominasjon<\/span>\t\t\t\t\t\t\t\t<\/div>\n\t\t\t\t\t\t\t\t\t\t\t<\/div>\n\n\t\t\t\t<div class=\"teft-card__primary\">\n\t\t\t\t\t<h2 class=\"teft-card__title\">Alfabetisk navneliste over H\u00f8yres valgvillige stortingsvalgkandidater 2025 \u2013 2029 i Aust-Agder valgdistrikt&nbsp;<span class=\"teft-card__primary-title-append\"><\/span><\/h2>\t\t\t\t<\/div>\n\t\t\t<\/div>\n\t\t<\/a>\n\t<\/div>\n\n\t<\/div><div class=\"is-card-hoyre\">\n\t<div class=\"teft-card hoyre-teft-card post-teft-card\">\n\t\t<a href=\"https:\/\/hoyre.no\/arendal\/aktuelt\/provenominasjon-for-stortingsvalget-2025\/\" class=\"teft-card__primary-action\">\n\n\t\t\t\t\t<div class=\"teft-card__media teft-card__media--16-9\">\n\t\t\t\t\t\t<img loading=\"lazy\" decoding=\"async\" width=\"768\" height=\"320\" src=\"https:\/\/hoyre.no\/content\/uploads\/sites\/41\/2024\/08\/stortingsbygningeneidsvolls-768x320.jpg\" class=\"attachment-medium_large size-medium_large\" alt=\"Stortinget\" srcset=\"https:\/\/hoyre.no\/content\/uploads\/sites\/41\/2024\/08\/stortingsbygningeneidsvolls-768x320.jpg 768w, https:\/\/hoyre.no\/content\/uploads\/sites\/41\/2024\/08\/stortingsbygningeneidsvolls-300x125.jpg 300w, https:\/\/hoyre.no\/content\/uploads\/sites\/41\/2024\/08\/stortingsbygningeneidsvolls.jpg 840w\" sizes=\"auto, (max-width: 768px) 100vw, 768px\" \/>\t\t<\/div>\n\t\t\n\t\t\t<div class=\"teft-card__content-wrapper\">\n\t\t\t\t<div class=\"teft-card__secondary\">\n\t\t\t\t\t\n\t\t\t\t\t\t\t\t<div class=\"teft-card__meta\">\n\t\t\t\t\t\t\t\t\t<span class=\"post-date\">22. aug 2024<\/span>\n\n\t\t\t\t\t\t\t\t\t<span class=\"post-category\">Nominasjon<\/span>\t\t\t\t\t\t\t\t<\/div>\n\t\t\t\t\t\t\t\t\t\t\t<\/div>\n\n\t\t\t\t<div class=\"teft-card__primary\">\n\t\t\t\t\t<h2 class=\"teft-card__title\">Pr\u00f8venominasjon for Stortingsvalget 2025&nbsp;<span class=\"teft-card__primary-title-append\"><\/span><\/h2>\t\t\t\t<\/div>\n\t\t\t<\/div>\n\t\t<\/a>\n\t<\/div>\n\n\t<\/div><div class=\"is-card-hoyre\">\n\t<div class=\"teft-card hoyre-teft-card post-teft-card\">\n\t\t<a href=\"https:\/\/hoyre.no\/arendal\/aktuelt\/arendalsuka-mer-enn-bare-enn-fest-for-fiffen\/\" class=\"teft-card__primary-action\">\n\n\t\t\t\t\t<div class=\"teft-card__media teft-card__media--16-9\">\n\t\t\t\t\t\t<img loading=\"lazy\" decoding=\"async\" width=\"720\" height=\"540\" src=\"https:\/\/hoyre.no\/content\/uploads\/sites\/41\/2024\/08\/download-1.jpg\" class=\"attachment-medium_large size-medium_large\" alt=\"\" srcset=\"https:\/\/hoyre.no\/content\/uploads\/sites\/41\/2024\/08\/download-1.jpg 720w, https:\/\/hoyre.no\/content\/uploads\/sites\/41\/2024\/08\/download-1-300x225.jpg 300w\" sizes=\"auto, (max-width: 720px) 100vw, 720px\" \/>\t\t<\/div>\n\t\t\n\t\t\t<div class=\"teft-card__content-wrapper\">\n\t\t\t\t<div class=\"teft-card__secondary\">\n\t\t\t\t\t\n\t\t\t\t\t\t\t\t<div class=\"teft-card__meta\">\n\t\t\t\t\t\t\t\t\t<span class=\"post-date\">21. aug 2024<\/span>\n\n\t\t\t\t\t\t\t\t\t<span class=\"post-category\">Debatt<\/span>\t\t\t\t\t\t\t\t<\/div>\n\t\t\t\t\t\t\t\t\t\t\t<\/div>\n\n\t\t\t\t<div class=\"teft-card__primary\">\n\t\t\t\t\t<h2 class=\"teft-card__title\">Arendalsuka: Mer enn bare enn fest for \u201cfiffen\u201d&nbsp;<span class=\"teft-card__primary-title-append\"><\/span><\/h2>\t\t\t\t<\/div>\n\t\t\t<\/div>\n\t\t<\/a>\n\t<\/div>\n\n\t<\/div><\/div>\t<\/div>\n<\/div>\n","protected":false},"excerpt":{"rendered":"","protected":false},"author":14180,"featured_media":0,"comment_status":"closed","ping_status":"closed","sticky":false,"template":"","format":"standard","meta":{"teft_cards_image_url":"","teft_cards_custom_pretitle":"","teft_cards_image_id":78,"teft_cards_image_focal_point_x":0.5,"teft_cards_image_focal_point_y":0.5,"teft_cards_title":"","teft_cards_excerpt":"","teft_show_chapters":false,"author_display_name":"","footnotes":""},"category":[9],"post_tag":[3,4],"hoyre-visibility":[],"article-type":[],"politician":[],"class_list":["post-77","post","type-post","status-publish","format-standard","hentry","category-politikk","tag-ordforerkandidat","tag-valget2023"],"yoast_head":"<!-- This site is optimized with the Yoast SEO plugin v26.6 - https:\/\/yoast.com\/wordpress\/plugins\/seo\/ -->\n<title>Alt vi gj\u00f8r skal gj\u00f8re det bedre for innbyggerne - Arendal H\u00f8yre<\/title>\n<meta name=\"robots\" content=\"index, follow, max-snippet:-1, max-image-preview:large, max-video-preview:-1\" \/>\n<link rel=\"canonical\" href=\"https:\/\/hoyre.no\/arendal\/aktuelt\/alt-vi-gjor-skal-gjore-det-bedre-for-innbyggerne\/\" \/>\n<meta property=\"og:locale\" content=\"nb_NO\" \/>\n<meta property=\"og:type\" content=\"article\" \/>\n<meta property=\"og:title\" content=\"Alt vi gj\u00f8r skal gj\u00f8re det bedre for innbyggerne - Arendal H\u00f8yre\" \/>\n<meta property=\"og:url\" content=\"https:\/\/hoyre.no\/arendal\/aktuelt\/alt-vi-gjor-skal-gjore-det-bedre-for-innbyggerne\/\" \/>\n<meta property=\"og:site_name\" content=\"Arendal H\u00f8yre\" \/>\n<meta property=\"article:published_time\" content=\"2022-07-11T17:56:23+00:00\" \/>\n<meta property=\"article:modified_time\" content=\"2023-03-13T09:27:51+00:00\" \/>\n<meta property=\"og:image\" content=\"https:\/\/hoyre.no\/content\/uploads\/sites\/41\/2024\/08\/download-1.jpg\" \/>\n<meta name=\"twitter:card\" content=\"summary_large_image\" \/>\n<meta name=\"twitter:label1\" content=\"Skrevet av\" \/>\n\t<meta name=\"twitter:data1\" content=\"\" \/>\n\t<meta name=\"twitter:label2\" content=\"Ansl. lesetid\" \/>\n\t<meta name=\"twitter:data2\" content=\"5 minutter\" \/>\n<script type=\"application\/ld+json\" class=\"yoast-schema-graph\">{\"@context\":\"https:\/\/schema.org\",\"@graph\":[{\"@type\":\"NewsArticle\",\"@id\":\"https:\/\/hoyre.no\/arendal\/aktuelt\/alt-vi-gjor-skal-gjore-det-bedre-for-innbyggerne\/\",\"url\":\"https:\/\/hoyre.no\/arendal\/aktuelt\/alt-vi-gjor-skal-gjore-det-bedre-for-innbyggerne\/\",\"name\":\"Alt vi gj\u00f8r skal gj\u00f8re det bedre for innbyggerne - Arendal H\u00f8yre\",\"isPartOf\":{\"@id\":\"https:\/\/hoyre.no\/arendal\/#website\"},\"datePublished\":\"2022-07-11T17:56:23+00:00\",\"dateModified\":\"2023-03-13T09:27:51+00:00\",\"author\":{\"@id\":\"\"},\"breadcrumb\":{\"@id\":\"https:\/\/hoyre.no\/arendal\/aktuelt\/alt-vi-gjor-skal-gjore-det-bedre-for-innbyggerne\/#breadcrumb\"},\"inLanguage\":\"nb-NO\",\"potentialAction\":[{\"@type\":\"ReadAction\",\"target\":[\"https:\/\/hoyre.no\/arendal\/aktuelt\/alt-vi-gjor-skal-gjore-det-bedre-for-innbyggerne\/\"]}]},{\"@type\":\"BreadcrumbList\",\"@id\":\"https:\/\/hoyre.no\/arendal\/aktuelt\/alt-vi-gjor-skal-gjore-det-bedre-for-innbyggerne\/#breadcrumb\",\"itemListElement\":[{\"@type\":\"ListItem\",\"position\":1,\"name\":\"Til hoyre.no\",\"item\":\"https:\/\/hoyre.no\"},{\"@type\":\"ListItem\",\"position\":2,\"name\":\"Hjem\",\"item\":\"https:\/\/hoyre.no\/arendal\/\"},{\"@type\":\"ListItem\",\"position\":3,\"name\":\"Alt vi gj\u00f8r skal gj\u00f8re det bedre for innbyggerne\"}]},{\"@type\":\"WebSite\",\"@id\":\"https:\/\/hoyre.no\/arendal\/#website\",\"url\":\"https:\/\/hoyre.no\/arendal\/\",\"name\":\"Arendal H\u00f8yre\",\"description\":\"Bare enda et H\u00f8yres nettsteder-nettsted\",\"inLanguage\":\"nb-NO\"},{\"@type\":\"Person\",\"@id\":\"\",\"url\":\"https:\/\/hoyre.no\/arendal\/aktuelt\/author\/\"}]}<\/script>\n<!-- \/ Yoast SEO plugin. -->","yoast_head_json":{"title":"Alt vi gj\u00f8r skal gj\u00f8re det bedre for innbyggerne - Arendal H\u00f8yre","robots":{"index":"index","follow":"follow","max-snippet":"max-snippet:-1","max-image-preview":"max-image-preview:large","max-video-preview":"max-video-preview:-1"},"canonical":"https:\/\/hoyre.no\/arendal\/aktuelt\/alt-vi-gjor-skal-gjore-det-bedre-for-innbyggerne\/","og_locale":"nb_NO","og_type":"article","og_title":"Alt vi gj\u00f8r skal gj\u00f8re det bedre for innbyggerne - Arendal H\u00f8yre","og_url":"https:\/\/hoyre.no\/arendal\/aktuelt\/alt-vi-gjor-skal-gjore-det-bedre-for-innbyggerne\/","og_site_name":"Arendal H\u00f8yre","article_published_time":"2022-07-11T17:56:23+00:00","article_modified_time":"2023-03-13T09:27:51+00:00","og_image":[{"url":"https:\/\/hoyre.no\/content\/uploads\/sites\/41\/2024\/08\/download-1.jpg","width":"","height":"","type":""}],"twitter_card":"summary_large_image","twitter_misc":{"Skrevet av":"","Ansl. lesetid":"5 minutter"},"schema":{"@context":"https:\/\/schema.org","@graph":[{"@type":"NewsArticle","@id":"https:\/\/hoyre.no\/arendal\/aktuelt\/alt-vi-gjor-skal-gjore-det-bedre-for-innbyggerne\/","url":"https:\/\/hoyre.no\/arendal\/aktuelt\/alt-vi-gjor-skal-gjore-det-bedre-for-innbyggerne\/","name":"Alt vi gj\u00f8r skal gj\u00f8re det bedre for innbyggerne - Arendal H\u00f8yre","isPartOf":{"@id":"https:\/\/hoyre.no\/arendal\/#website"},"datePublished":"2022-07-11T17:56:23+00:00","dateModified":"2023-03-13T09:27:51+00:00","author":{"@id":""},"breadcrumb":{"@id":"https:\/\/hoyre.no\/arendal\/aktuelt\/alt-vi-gjor-skal-gjore-det-bedre-for-innbyggerne\/#breadcrumb"},"inLanguage":"nb-NO","potentialAction":[{"@type":"ReadAction","target":["https:\/\/hoyre.no\/arendal\/aktuelt\/alt-vi-gjor-skal-gjore-det-bedre-for-innbyggerne\/"]}]},{"@type":"BreadcrumbList","@id":"https:\/\/hoyre.no\/arendal\/aktuelt\/alt-vi-gjor-skal-gjore-det-bedre-for-innbyggerne\/#breadcrumb","itemListElement":[{"@type":"ListItem","position":1,"name":"Til hoyre.no","item":"https:\/\/hoyre.no"},{"@type":"ListItem","position":2,"name":"Hjem","item":"https:\/\/hoyre.no\/arendal\/"},{"@type":"ListItem","position":3,"name":"Alt vi gj\u00f8r skal gj\u00f8re det bedre for innbyggerne"}]},{"@type":"WebSite","@id":"https:\/\/hoyre.no\/arendal\/#website","url":"https:\/\/hoyre.no\/arendal\/","name":"Arendal H\u00f8yre","description":"Bare enda et H\u00f8yres nettsteder-nettsted","inLanguage":"nb-NO"},{"@type":"Person","@id":"","url":"https:\/\/hoyre.no\/arendal\/aktuelt\/author\/"}]}},"distributor_meta":false,"distributor_terms":false,"distributor_media":false,"distributor_original_site_name":"Arendal H\u00f8yre","distributor_original_site_url":"https:\/\/hoyre.no\/arendal","push-errors":false,"_links":{"self":[{"href":"https:\/\/hoyre.no\/arendal\/wp-json\/wp\/v2\/posts\/77","targetHints":{"allow":["GET"]}}],"collection":[{"href":"https:\/\/hoyre.no\/arendal\/wp-json\/wp\/v2\/posts"}],"about":[{"href":"https:\/\/hoyre.no\/arendal\/wp-json\/wp\/v2\/types\/post"}],"author":[{"embeddable":true,"href":"https:\/\/hoyre.no\/arendal\/wp-json\/wp\/v2\/users\/14180"}],"replies":[{"embeddable":true,"href":"https:\/\/hoyre.no\/arendal\/wp-json\/wp\/v2\/comments?post=77"}],"version-history":[{"count":2,"href":"https:\/\/hoyre.no\/arendal\/wp-json\/wp\/v2\/posts\/77\/revisions"}],"predecessor-version":[{"id":86,"href":"https:\/\/hoyre.no\/arendal\/wp-json\/wp\/v2\/posts\/77\/revisions\/86"}],"wp:attachment":[{"href":"https:\/\/hoyre.no\/arendal\/wp-json\/wp\/v2\/media?parent=77"}],"wp:term":[{"taxonomy":"category","embeddable":true,"href":"https:\/\/hoyre.no\/arendal\/wp-json\/wp\/v2\/category?post=77"},{"taxonomy":"post_tag","embeddable":true,"href":"https:\/\/hoyre.no\/arendal\/wp-json\/wp\/v2\/post_tag?post=77"},{"taxonomy":"hoyre-visibility","embeddable":true,"href":"https:\/\/hoyre.no\/arendal\/wp-json\/wp\/v2\/hoyre-visibility?post=77"},{"taxonomy":"article-type","embeddable":true,"href":"https:\/\/hoyre.no\/arendal\/wp-json\/wp\/v2\/article-type?post=77"},{"taxonomy":"politician","embeddable":true,"href":"https:\/\/hoyre.no\/arendal\/wp-json\/wp\/v2\/politician?post=77"}],"curies":[{"name":"wp","href":"https:\/\/api.w.org\/{rel}","templated":true}]}}