{"id":28,"date":"2025-12-22T15:49:20","date_gmt":"2025-12-22T14:49:20","guid":{"rendered":"https:\/\/hoyre.no\/arstad\/?p=28"},"modified":"2026-03-05T14:16:39","modified_gmt":"2026-03-05T13:16:39","slug":"styret-arstad-hoyre-25-26","status":"publish","type":"post","link":"https:\/\/hoyre.no\/arstad\/aktuelt\/styret-arstad-hoyre-25-26\/","title":{"rendered":"Styret \u00c5rstad H\u00f8yre 25\/26"},"content":{"rendered":"\n<p class=\"preamble\">Den 14. oktober 2025 ble det avholdt \u00e5rsm\u00f8te for \u00c5rstad H\u00f8yre, og under finner du oppdatert informasjon om styret som ble valgt. Her kan du se hvem som er i styret til bydelslaget, oversikt over arrangementer og enkelt finne kontaktinformasjon! <\/p>\t\t\t<div class=\"post-meta wp-block teft-byline-wrapper\">\n\t\t\t\t<div class=\"top\">\n\t\t\t\t\t<div class=\"signature\">\n\t\t\t\t\t\t<div class=\"teft-byline\">\n\t\t\t\t\t\t\t\t\t\t\t\t\t\t<div>\n\t\t\t\t\t\t\t\t<h3>H\u00f8yres redaksjon<\/h3>\t\t\t\t\t\t\t\t\n\t\t\t\t\t\t\t\t\t\t\t\t\t\t\t\t\t<span class=\"date\">Sist oppdatert: 5. mars 2026<\/span>\n\t\t\t\t\t\t\t\t\t\t\t\t\t\t\t\t\t\t\t\t\t\t\t\t\t<span class=\"reading-time\" itemprop=\"timeRequired\" content=\"PT3M\"><em>Ca. 3 minutter lesetid<\/em><\/span>\n\t\t\t\t\t\t\t\t\t\t\t\t\t\t\t<\/div>\n\t\t\t\t\t\t<\/div>\n\t\t\t\t\t<\/div>\n\t\t\t\t\t\t<div class=\"sharing\">\n\t\t<a class=\"share-button share-link copy-link\" data-copy=\"https:\/\/hoyre.no\/arstad\/aktuelt\/styret-arstad-hoyre-25-26\/\" target=\"_blank\"><span class=\"screen-reader-text\">Del link<\/span><\/a>\n\t\t<a class=\"share-button share-twitter\" href=\"http:\/\/twitter.com\/share?text=Styret \u00c5rstad H\u00f8yre 25\/26&#038;url=https:\/\/hoyre.no\/arstad\/aktuelt\/styret-arstad-hoyre-25-26\/&#038;hashtags=Hoyre\" target=\"_blank\"><span class=\"screen-reader-text\">Del p\u00e5 twitter<\/span><\/a>\n\t\t<a class=\"share-button share-facebook\" href=\"https:\/\/www.facebook.com\/sharer\/sharer.php?u=https:\/\/hoyre.no\/arstad\/aktuelt\/styret-arstad-hoyre-25-26\/\" target=\"_blank\"><span class=\"screen-reader-text\">Del p\u00e5 facebook<\/span><\/a>\n\t<\/div>\n\t\t\t\t\t<\/div>\n\t\t\t<\/div>\n\n\t\t\t<figure class=\"hoyre-image-wrapper\"><div class=\"hoyre-image\"><img loading=\"lazy\" decoding=\"async\" width=\"1440\" height=\"1080\" src=\"https:\/\/hoyre.no\/content\/uploads\/sites\/387\/2025\/12\/478970177_18483099001046771_5695544417237931329_n-1.jpg\" class=\"attachment-scaled size-scaled\" alt=\"\" style=\"object-position: 50% 50%\" srcset=\"https:\/\/hoyre.no\/content\/uploads\/sites\/387\/2025\/12\/478970177_18483099001046771_5695544417237931329_n-1.jpg 1440w, https:\/\/hoyre.no\/content\/uploads\/sites\/387\/2025\/12\/478970177_18483099001046771_5695544417237931329_n-1-300x225.jpg 300w, https:\/\/hoyre.no\/content\/uploads\/sites\/387\/2025\/12\/478970177_18483099001046771_5695544417237931329_n-1-1024x768.jpg 1024w, https:\/\/hoyre.no\/content\/uploads\/sites\/387\/2025\/12\/478970177_18483099001046771_5695544417237931329_n-1-768x576.jpg 768w\" sizes=\"auto, (max-width: 1440px) 100vw, 1440px\" \/><\/div><figcaption class=\"caption\">V\u00e5rt flotte lag i Bergen H\u00f8yre, som vil hverandre vel og st\u00e5r p\u00e5 for \u00e5 gj\u00f8re Bergen enda bedre. <\/figcaption><\/figure>\n\n\n\n\n\n\n\n\n\t<div class=\"wp-block-teft-cards alignwide teft-cards-grid default-size-3\">\n\t\t\t<\/div>\n\t\n\n\n<div class=\"wp-block-columns is-layout-flex wp-container-core-columns-is-layout-9d6595d7 wp-block-columns-is-layout-flex\">\n<div class=\"wp-block-column is-layout-flow wp-block-column-is-layout-flow\">\n<h2 class=\"wp-block-heading\">Leder: Anne Aurora Bj\u00f8rkly<\/h2>\n\n\n\n<p>Anne Aurora ble valgt som leder i 2024 for to \u00e5r. Til daglig er hun student og folkevalgt som vara til Bergen bystyre samt bystyrets utvalg for helse og sosial.<\/p>\n\n\n\n<p><em>Kontakt:<\/em><\/p>\n\n\n\n<p>Mail: <a href=\"mailto:anne.bjorkly@gmail.com\">anne.bjorkly@gmail.com<\/a><\/p>\n\n\n\n<p>Telefon: 469 54 926<\/p>\n<\/div>\n\n\n\n<div class=\"wp-block-column is-layout-flow wp-block-column-is-layout-flow\">\n<figure class=\"wp-block-image size-large is-resized\"><img loading=\"lazy\" decoding=\"async\" width=\"2330\" height=\"1747\" src=\"https:\/\/hoyre.no\/content\/uploads\/sites\/387\/2025\/12\/Anne-Aurora-Bjorkly-edited.jpg\" alt=\"\" class=\"wp-image-30\" style=\"aspect-ratio:3\/4;object-fit:cover;width:328px;height:auto\" srcset=\"https:\/\/hoyre.no\/content\/uploads\/sites\/387\/2025\/12\/Anne-Aurora-Bjorkly-edited.jpg 2330w, https:\/\/hoyre.no\/content\/uploads\/sites\/387\/2025\/12\/Anne-Aurora-Bjorkly-edited-300x225.jpg 300w, https:\/\/hoyre.no\/content\/uploads\/sites\/387\/2025\/12\/Anne-Aurora-Bjorkly-edited-1024x768.jpg 1024w, https:\/\/hoyre.no\/content\/uploads\/sites\/387\/2025\/12\/Anne-Aurora-Bjorkly-edited-768x576.jpg 768w, https:\/\/hoyre.no\/content\/uploads\/sites\/387\/2025\/12\/Anne-Aurora-Bjorkly-edited-1536x1152.jpg 1536w, https:\/\/hoyre.no\/content\/uploads\/sites\/387\/2025\/12\/Anne-Aurora-Bjorkly-edited-2048x1536.jpg 2048w\" sizes=\"auto, (max-width: 2330px) 100vw, 2330px\" \/><\/figure>\n<\/div>\n<\/div>\n\n\n\n<div class=\"wp-block-columns is-layout-flex wp-container-core-columns-is-layout-9d6595d7 wp-block-columns-is-layout-flex\">\n<div class=\"wp-block-column is-layout-flow wp-block-column-is-layout-flow\" style=\"flex-basis:100%\">\n<div class=\"wp-block-columns is-layout-flex wp-container-core-columns-is-layout-9d6595d7 wp-block-columns-is-layout-flex\">\n<div class=\"wp-block-column is-layout-flow wp-block-column-is-layout-flow\" style=\"flex-basis:100%\">\n<div class=\"wp-block-columns is-layout-flex wp-container-core-columns-is-layout-9d6595d7 wp-block-columns-is-layout-flex\">\n<div class=\"wp-block-column is-layout-flow wp-block-column-is-layout-flow\" style=\"flex-basis:50%\">\n<div class=\"wp-block-group alignwide is-horizontal is-content-justification-right is-nowrap is-layout-flex wp-container-core-group-is-layout-6aa44411 wp-block-group-is-layout-flex\">\n<figure class=\"wp-block-image size-full is-resized\"><img loading=\"lazy\" decoding=\"async\" width=\"693\" height=\"488\" src=\"https:\/\/hoyre.no\/content\/uploads\/sites\/387\/2025\/12\/Caroline-Sandven-Taule.png\" alt=\"\" class=\"wp-image-31\" style=\"aspect-ratio:3\/4;object-fit:cover;width:328px;height:auto\" srcset=\"https:\/\/hoyre.no\/content\/uploads\/sites\/387\/2025\/12\/Caroline-Sandven-Taule.png 693w, https:\/\/hoyre.no\/content\/uploads\/sites\/387\/2025\/12\/Caroline-Sandven-Taule-300x211.png 300w\" sizes=\"auto, (max-width: 693px) 100vw, 693px\" \/><\/figure>\n\n\n\n<p><\/p>\n<\/div>\n<\/div>\n\n\n\n<div class=\"wp-block-column is-layout-flow wp-block-column-is-layout-flow\" style=\"flex-basis:50%\">\n<h2 class=\"wp-block-heading\">F\u00f8rste nestleder: Caroline Sandven Taule<\/h2>\n\n\n\n<p>Caroline er jurist og fast representant i Bergen bystyre, der hun ogs\u00e5 er medlem i bystyrets kontrollutvalg.<\/p>\n\n\n\n<p><em>Kontakt:<\/em><\/p>\n\n\n\n<p>Mail: <a href=\"mailto:Caroline.Taule@bergen.kommune.no\">Caroline.Taule@bergen.kommune.no<\/a><\/p>\n<\/div>\n<\/div>\n<\/div>\n<\/div>\n<\/div>\n<\/div>\n\n\n\n<div class=\"wp-block-columns is-layout-flex wp-container-core-columns-is-layout-9d6595d7 wp-block-columns-is-layout-flex\">\n<div class=\"wp-block-column is-layout-flow wp-block-column-is-layout-flow\" style=\"flex-basis:100%\">\n<div class=\"wp-block-columns is-layout-flex wp-container-core-columns-is-layout-9d6595d7 wp-block-columns-is-layout-flex\">\n<div class=\"wp-block-column is-layout-flow wp-block-column-is-layout-flow\" style=\"flex-basis:100%\">\n<div class=\"wp-block-columns is-layout-flex wp-container-core-columns-is-layout-9d6595d7 wp-block-columns-is-layout-flex\">\n<div class=\"wp-block-column is-layout-flow wp-block-column-is-layout-flow\" style=\"flex-basis:50%\">\n<h2 class=\"wp-block-heading\">Andre nestleder: Hartvig Munthe-Kaas<\/h2>\n\n\n\n<p>Hartvig har lang erfaring i partiet, og har v\u00e6rt b\u00e5de prosjektdirekt\u00f8r og jobbet i kommunikasjonsbransjen. <\/p>\n\n\n\n<p>Kontakt:<\/p>\n\n\n\n<p>Mail: <a href=\"mailto:hmunthekaas@icloud.com\">hmunthekaas@icloud.com<\/a><\/p>\n\n\n\n<p><\/p>\n<\/div>\n\n\n\n<div class=\"wp-block-column is-layout-flow wp-block-column-is-layout-flow\" style=\"flex-basis:50%\">\n<figure class=\"wp-block-image size-full\"><img loading=\"lazy\" decoding=\"async\" width=\"725\" height=\"579\" src=\"https:\/\/hoyre.no\/content\/uploads\/sites\/387\/2025\/12\/Hartvig-1-edited.png\" alt=\"\" class=\"wp-image-36\" style=\"aspect-ratio:3\/4;object-fit:cover\" srcset=\"https:\/\/hoyre.no\/content\/uploads\/sites\/387\/2025\/12\/Hartvig-1-edited.png 725w, https:\/\/hoyre.no\/content\/uploads\/sites\/387\/2025\/12\/Hartvig-1-edited-300x240.png 300w\" sizes=\"auto, (max-width: 725px) 100vw, 725px\" \/><\/figure>\n<\/div>\n<\/div>\n<\/div>\n<\/div>\n<\/div>\n<\/div>\n\n\n\n<h2 class=\"wp-block-heading\">\u00d8vrige styremedlemmer:<\/h2>\n\n\n\n<ul class=\"wp-block-list\">\n<li>Styremedlem Laura Dolzenko<\/li>\n\n\n\n<li>Styremedlem Vasan Singaravel<\/li>\n\n\n\n<li>Styremedlem Anne Marit Ryen<\/li>\n\n\n\n<li>Styremedlem Ludvig Graff<\/li>\n<\/ul>\n\n\n\n<div class=\"wp-block-columns is-layout-flex wp-container-core-columns-is-layout-9d6595d7 wp-block-columns-is-layout-flex\">\n<div class=\"wp-block-column is-layout-flow wp-block-column-is-layout-flow\"><\/div>\n\n\n\n<div class=\"wp-block-column is-layout-flow wp-block-column-is-layout-flow\"><\/div>\n<\/div>\n\n\n\n<h2 class=\"wp-block-heading\">Arrangementer i v\u00e5r regi:<\/h2>\n\n\n\n<ul class=\"wp-block-list\">\n<li><a href=\"https:\/\/fb.me\/e\/5FimEVBBs\">Medlemsm\u00f8te om n\u00e6ringsliv, skatt og \u00f8konomi &#8211; enkelt forklart!<\/a> Gjennomf\u00f8rt 27. januar 2025.<\/li>\n\n\n\n<li><a href=\"https:\/\/fb.me\/e\/2R49aLMdp\">Medlemsm\u00f8te om ungdomskriminalitet med sosialbyr\u00e5d Spurkeland og stortingsrepresentanten Fr\u00f8lich<\/a>. Gjennomf\u00f8rt 07. april 2025<\/li>\n\n\n\n<li><a href=\"https:\/\/fb.me\/e\/6sr5aGpNx\">Medlemsm\u00f8te om kommune\u00f8konomi, krasj-kurs med finansbyr\u00e5d Tenfjord. <\/a>Gjennomf\u00f8rt 25. november 2025.<\/li>\n\n\n\n<li>Sosial f\u00f8rjulssamling. Gjennomf\u00f8rt 12. desember 2025.<\/li>\n\n\n\n<li>Medlemsm\u00f8te om barn og unge i Bergen, kommer i februar 2026.<\/li>\n<\/ul>\n\n\n\n<div class=\"wp-block-hoyre-banner undefined\"><div class=\"banner-inner\"><figure class=\"hoyre-image-wrapper\"><div class=\"hoyre-image\"><img loading=\"lazy\" decoding=\"async\" width=\"1640\" height=\"624\" src=\"https:\/\/hoyre.no\/content\/uploads\/sites\/387\/2025\/12\/425996435_815075987313089_3010732759598011050_n.png\" class=\"attachment-scaled size-scaled\" alt=\"\" style=\"object-position: 50% 50%\" srcset=\"https:\/\/hoyre.no\/content\/uploads\/sites\/387\/2025\/12\/425996435_815075987313089_3010732759598011050_n.png 1640w, https:\/\/hoyre.no\/content\/uploads\/sites\/387\/2025\/12\/425996435_815075987313089_3010732759598011050_n-300x114.png 300w, https:\/\/hoyre.no\/content\/uploads\/sites\/387\/2025\/12\/425996435_815075987313089_3010732759598011050_n-1024x390.png 1024w, https:\/\/hoyre.no\/content\/uploads\/sites\/387\/2025\/12\/425996435_815075987313089_3010732759598011050_n-768x292.png 768w, https:\/\/hoyre.no\/content\/uploads\/sites\/387\/2025\/12\/425996435_815075987313089_3010732759598011050_n-1536x584.png 1536w\" sizes=\"auto, (max-width: 1640px) 100vw, 1640px\" \/><\/div><\/figure><div class=\"banner-content\"><div class=\"entry-content\">\n<h2 class=\"wp-block-heading\">F\u00f8lg oss p\u00e5 sosiale medier<\/h2>\n\n\n\n<div class=\"wp-block-buttons is-layout-flex wp-block-buttons-is-layout-flex\">\n<div class=\"wp-block-button\"><a class=\"wp-block-button__link wp-element-button\" href=\"https:\/\/l.facebook.com\/l.php?u=https%3A%2F%2Fhoyre.no%2Fvestland%2Fbergen%2F%3Ffbclid%3DIwZXh0bgNhZW0CMTAAYnJpZBEwRnBDRjNwVmphT25ucDZ5OHNydGMGYXBwX2lkEDIyMjAzOTE3ODgyMDA4OTIAAR4BRfYWtNLlnk-cUE2pmcYfTN0a_teCoFZbJXzc4tTvSNcXDwhOc2tWZW0TVA_aem_ovVlkhGdyV7UhJQ-lYOWwg&amp;h=AT2rc8djtpjFJ0sOPsLHwTa_k27MWVR9ISHLS_ptX8AJJPhTEBUkzZi2NC2OHi2cJLXBRnLQlq1q2Np74pWbhpijwTrkKFSdSeWhO6gUuH9dYpAukwHFIS-DtLNi80X3185amw\">Mer informasjon p\u00e5 Facebook <\/a><\/div>\n<\/div>\n<\/div><\/div><\/div><\/div>\n\n\n\n<blockquote class=\"wp-block-quote is-layout-flow wp-block-quote-is-layout-flow\">\n<p>\u00d8nsker du \u00e5 bli medlem? Hjertelig velkommen! <a href=\"https:\/\/hoyre.no\/bli-med\/bli-medlem\/\">Her kan du melde deg inn.<\/a> <\/p>\n<\/blockquote>\n","protected":false},"excerpt":{"rendered":"<p>Leder: Anne Aurora Bj\u00f8rkly Anne Aurora ble valgt som leder i 2024 for to \u00e5r. Til daglig er hun student og folkevalgt som vara til Bergen bystyre samt bystyrets utvalg for helse og sosial. Kontakt: Mail: anne.bjorkly@gmail.com Telefon: 469 54 926 F\u00f8rste nestleder: Caroline Sandven Taule Caroline er jurist og fast representant i Bergen bystyre, [&hellip;]<\/p>\n","protected":false},"author":49445,"featured_media":0,"comment_status":"closed","ping_status":"closed","sticky":false,"template":"","format":"standard","meta":{"teft_cards_image_url":"","teft_cards_custom_pretitle":"","teft_cards_image_id":61,"teft_cards_image_focal_point_x":0.49,"teft_cards_image_focal_point_y":0.41,"teft_cards_title":"Styret i \u00c5rstad H\u00f8yre for 2025-2026","teft_cards_excerpt":"","teft_show_chapters":false,"author_display_name":"","footnotes":""},"category":[1],"post_tag":[],"hoyre-visibility":[],"article-type":[],"politician":[],"class_list":["post-28","post","type-post","status-publish","format-standard","hentry","category-ukategorisert"],"yoast_head":"<!-- This site is optimized with the Yoast SEO plugin v26.6 - https:\/\/yoast.com\/wordpress\/plugins\/seo\/ -->\n<title>Styret \u00c5rstad H\u00f8yre 25\/26 - \u00c5rstad H\u00f8yre<\/title>\n<meta name=\"robots\" content=\"index, follow, max-snippet:-1, max-image-preview:large, max-video-preview:-1\" \/>\n<link rel=\"canonical\" href=\"https:\/\/hoyre.no\/arstad\/aktuelt\/styret-arstad-hoyre-25-26\/\" \/>\n<meta property=\"og:locale\" content=\"nb_NO\" \/>\n<meta property=\"og:type\" content=\"article\" \/>\n<meta property=\"og:title\" content=\"Styret \u00c5rstad H\u00f8yre 25\/26 - \u00c5rstad H\u00f8yre\" \/>\n<meta property=\"og:description\" content=\"Leder: Anne Aurora Bj\u00f8rkly Anne Aurora ble valgt som leder i 2024 for to \u00e5r. Til daglig er hun student og folkevalgt som vara til Bergen bystyre samt bystyrets utvalg for helse og sosial. Kontakt: Mail: anne.bjorkly@gmail.com Telefon: 469 54 926 F\u00f8rste nestleder: Caroline Sandven Taule Caroline er jurist og fast representant i Bergen bystyre, [&hellip;]\" \/>\n<meta property=\"og:url\" content=\"https:\/\/hoyre.no\/arstad\/aktuelt\/styret-arstad-hoyre-25-26\/\" \/>\n<meta property=\"og:site_name\" content=\"\u00c5rstad H\u00f8yre\" \/>\n<meta property=\"article:published_time\" content=\"2025-12-22T14:49:20+00:00\" \/>\n<meta property=\"article:modified_time\" content=\"2026-03-05T13:16:39+00:00\" \/>\n<meta property=\"og:image\" content=\"https:\/\/hoyre.no\/content\/uploads\/sites\/387\/2025\/12\/624570308_18550743379046771_4596730750250459159_n-768x1024.jpg\" \/>\n<meta name=\"author\" content=\"Laura Dolzenko\" \/>\n<meta name=\"twitter:card\" content=\"summary_large_image\" \/>\n<meta name=\"twitter:label1\" content=\"Skrevet av\" \/>\n\t<meta name=\"twitter:data1\" content=\"Laura Dolzenko\" \/>\n\t<meta name=\"twitter:label2\" content=\"Ansl. lesetid\" \/>\n\t<meta name=\"twitter:data2\" content=\"2 minutter\" \/>\n<script type=\"application\/ld+json\" class=\"yoast-schema-graph\">{\"@context\":\"https:\/\/schema.org\",\"@graph\":[{\"@type\":\"NewsArticle\",\"@id\":\"https:\/\/hoyre.no\/arstad\/aktuelt\/styret-arstad-hoyre-25-26\/\",\"url\":\"https:\/\/hoyre.no\/arstad\/aktuelt\/styret-arstad-hoyre-25-26\/\",\"name\":\"Styret \u00c5rstad H\u00f8yre 25\/26 - \u00c5rstad H\u00f8yre\",\"isPartOf\":{\"@id\":\"https:\/\/hoyre.no\/arstad\/#website\"},\"image\":{\"@id\":\"https:\/\/hoyre.no\/arstad\/aktuelt\/styret-arstad-hoyre-25-26\/#primaryimage\"},\"thumbnailUrl\":\"https:\/\/hoyre.no\/content\/uploads\/sites\/387\/2025\/12\/Anne-Aurora-Bjorkly-edited.jpg\",\"datePublished\":\"2025-12-22T14:49:20+00:00\",\"dateModified\":\"2026-03-05T13:16:39+00:00\",\"author\":{\"@id\":\"https:\/\/hoyre.no\/arstad\/#\/schema\/person\/cac795f5e26db0080f674a7902b272d6\"},\"breadcrumb\":{\"@id\":\"https:\/\/hoyre.no\/arstad\/aktuelt\/styret-arstad-hoyre-25-26\/#breadcrumb\"},\"inLanguage\":\"nb-NO\",\"potentialAction\":[{\"@type\":\"ReadAction\",\"target\":[\"https:\/\/hoyre.no\/arstad\/aktuelt\/styret-arstad-hoyre-25-26\/\"]}]},{\"@type\":\"ImageObject\",\"inLanguage\":\"nb-NO\",\"@id\":\"https:\/\/hoyre.no\/arstad\/aktuelt\/styret-arstad-hoyre-25-26\/#primaryimage\",\"url\":\"https:\/\/hoyre.no\/content\/uploads\/sites\/387\/2025\/12\/Anne-Aurora-Bjorkly-edited.jpg\",\"contentUrl\":\"https:\/\/hoyre.no\/content\/uploads\/sites\/387\/2025\/12\/Anne-Aurora-Bjorkly-edited.jpg\"},{\"@type\":\"BreadcrumbList\",\"@id\":\"https:\/\/hoyre.no\/arstad\/aktuelt\/styret-arstad-hoyre-25-26\/#breadcrumb\",\"itemListElement\":[{\"@type\":\"ListItem\",\"position\":1,\"name\":\"Til hoyre.no\",\"item\":\"https:\/\/hoyre.no\"},{\"@type\":\"ListItem\",\"position\":2,\"name\":\"Styret \u00c5rstad H\u00f8yre 25\/26\"}]},{\"@type\":\"WebSite\",\"@id\":\"https:\/\/hoyre.no\/arstad\/#website\",\"url\":\"https:\/\/hoyre.no\/arstad\/\",\"name\":\"\u00c5rstad H\u00f8yre\",\"description\":\"Bare enda et H\u00f8yres nettsteder-nettsted\",\"inLanguage\":\"nb-NO\"},{\"@type\":\"Person\",\"@id\":\"https:\/\/hoyre.no\/arstad\/#\/schema\/person\/cac795f5e26db0080f674a7902b272d6\",\"name\":\"Laura Dolzenko\",\"image\":{\"@type\":\"ImageObject\",\"inLanguage\":\"nb-NO\",\"@id\":\"https:\/\/hoyre.no\/arstad\/#\/schema\/person\/image\/\",\"url\":\"https:\/\/secure.gravatar.com\/avatar\/c7535a79e67894e9b02f6d09eeb6d786e8155bc6135ee7f6833ece0679599949?s=96&d=mm&r=g\",\"contentUrl\":\"https:\/\/secure.gravatar.com\/avatar\/c7535a79e67894e9b02f6d09eeb6d786e8155bc6135ee7f6833ece0679599949?s=96&d=mm&r=g\",\"caption\":\"Laura Dolzenko\"},\"url\":\"https:\/\/hoyre.no\/arstad\/aktuelt\/author\/m52248770\/\"}]}<\/script>\n<!-- \/ Yoast SEO plugin. -->","yoast_head_json":{"title":"Styret \u00c5rstad H\u00f8yre 25\/26 - \u00c5rstad H\u00f8yre","robots":{"index":"index","follow":"follow","max-snippet":"max-snippet:-1","max-image-preview":"max-image-preview:large","max-video-preview":"max-video-preview:-1"},"canonical":"https:\/\/hoyre.no\/arstad\/aktuelt\/styret-arstad-hoyre-25-26\/","og_locale":"nb_NO","og_type":"article","og_title":"Styret \u00c5rstad H\u00f8yre 25\/26 - \u00c5rstad H\u00f8yre","og_description":"Leder: Anne Aurora Bj\u00f8rkly Anne Aurora ble valgt som leder i 2024 for to \u00e5r. Til daglig er hun student og folkevalgt som vara til Bergen bystyre samt bystyrets utvalg for helse og sosial. Kontakt: Mail: anne.bjorkly@gmail.com Telefon: 469 54 926 F\u00f8rste nestleder: Caroline Sandven Taule Caroline er jurist og fast representant i Bergen bystyre, [&hellip;]","og_url":"https:\/\/hoyre.no\/arstad\/aktuelt\/styret-arstad-hoyre-25-26\/","og_site_name":"\u00c5rstad H\u00f8yre","article_published_time":"2025-12-22T14:49:20+00:00","article_modified_time":"2026-03-05T13:16:39+00:00","og_image":[{"url":"https:\/\/hoyre.no\/content\/uploads\/sites\/387\/2025\/12\/624570308_18550743379046771_4596730750250459159_n-768x1024.jpg","width":"","height":"","type":""}],"author":"Laura Dolzenko","twitter_card":"summary_large_image","twitter_misc":{"Skrevet av":"Laura Dolzenko","Ansl. lesetid":"2 minutter"},"schema":{"@context":"https:\/\/schema.org","@graph":[{"@type":"NewsArticle","@id":"https:\/\/hoyre.no\/arstad\/aktuelt\/styret-arstad-hoyre-25-26\/","url":"https:\/\/hoyre.no\/arstad\/aktuelt\/styret-arstad-hoyre-25-26\/","name":"Styret \u00c5rstad H\u00f8yre 25\/26 - \u00c5rstad H\u00f8yre","isPartOf":{"@id":"https:\/\/hoyre.no\/arstad\/#website"},"image":{"@id":"https:\/\/hoyre.no\/arstad\/aktuelt\/styret-arstad-hoyre-25-26\/#primaryimage"},"thumbnailUrl":"https:\/\/hoyre.no\/content\/uploads\/sites\/387\/2025\/12\/Anne-Aurora-Bjorkly-edited.jpg","datePublished":"2025-12-22T14:49:20+00:00","dateModified":"2026-03-05T13:16:39+00:00","author":{"@id":"https:\/\/hoyre.no\/arstad\/#\/schema\/person\/cac795f5e26db0080f674a7902b272d6"},"breadcrumb":{"@id":"https:\/\/hoyre.no\/arstad\/aktuelt\/styret-arstad-hoyre-25-26\/#breadcrumb"},"inLanguage":"nb-NO","potentialAction":[{"@type":"ReadAction","target":["https:\/\/hoyre.no\/arstad\/aktuelt\/styret-arstad-hoyre-25-26\/"]}]},{"@type":"ImageObject","inLanguage":"nb-NO","@id":"https:\/\/hoyre.no\/arstad\/aktuelt\/styret-arstad-hoyre-25-26\/#primaryimage","url":"https:\/\/hoyre.no\/content\/uploads\/sites\/387\/2025\/12\/Anne-Aurora-Bjorkly-edited.jpg","contentUrl":"https:\/\/hoyre.no\/content\/uploads\/sites\/387\/2025\/12\/Anne-Aurora-Bjorkly-edited.jpg"},{"@type":"BreadcrumbList","@id":"https:\/\/hoyre.no\/arstad\/aktuelt\/styret-arstad-hoyre-25-26\/#breadcrumb","itemListElement":[{"@type":"ListItem","position":1,"name":"Til hoyre.no","item":"https:\/\/hoyre.no"},{"@type":"ListItem","position":2,"name":"Styret \u00c5rstad H\u00f8yre 25\/26"}]},{"@type":"WebSite","@id":"https:\/\/hoyre.no\/arstad\/#website","url":"https:\/\/hoyre.no\/arstad\/","name":"\u00c5rstad H\u00f8yre","description":"Bare enda et H\u00f8yres nettsteder-nettsted","inLanguage":"nb-NO"},{"@type":"Person","@id":"https:\/\/hoyre.no\/arstad\/#\/schema\/person\/cac795f5e26db0080f674a7902b272d6","name":"Laura Dolzenko","image":{"@type":"ImageObject","inLanguage":"nb-NO","@id":"https:\/\/hoyre.no\/arstad\/#\/schema\/person\/image\/","url":"https:\/\/secure.gravatar.com\/avatar\/c7535a79e67894e9b02f6d09eeb6d786e8155bc6135ee7f6833ece0679599949?s=96&d=mm&r=g","contentUrl":"https:\/\/secure.gravatar.com\/avatar\/c7535a79e67894e9b02f6d09eeb6d786e8155bc6135ee7f6833ece0679599949?s=96&d=mm&r=g","caption":"Laura Dolzenko"},"url":"https:\/\/hoyre.no\/arstad\/aktuelt\/author\/m52248770\/"}]}},"distributor_meta":false,"distributor_terms":false,"distributor_media":false,"distributor_original_site_name":"\u00c5rstad H\u00f8yre","distributor_original_site_url":"https:\/\/hoyre.no\/arstad","push-errors":false,"_links":{"self":[{"href":"https:\/\/hoyre.no\/arstad\/wp-json\/wp\/v2\/posts\/28","targetHints":{"allow":["GET"]}}],"collection":[{"href":"https:\/\/hoyre.no\/arstad\/wp-json\/wp\/v2\/posts"}],"about":[{"href":"https:\/\/hoyre.no\/arstad\/wp-json\/wp\/v2\/types\/post"}],"author":[{"embeddable":true,"href":"https:\/\/hoyre.no\/arstad\/wp-json\/wp\/v2\/users\/49445"}],"replies":[{"embeddable":true,"href":"https:\/\/hoyre.no\/arstad\/wp-json\/wp\/v2\/comments?post=28"}],"version-history":[{"count":20,"href":"https:\/\/hoyre.no\/arstad\/wp-json\/wp\/v2\/posts\/28\/revisions"}],"predecessor-version":[{"id":68,"href":"https:\/\/hoyre.no\/arstad\/wp-json\/wp\/v2\/posts\/28\/revisions\/68"}],"wp:attachment":[{"href":"https:\/\/hoyre.no\/arstad\/wp-json\/wp\/v2\/media?parent=28"}],"wp:term":[{"taxonomy":"category","embeddable":true,"href":"https:\/\/hoyre.no\/arstad\/wp-json\/wp\/v2\/category?post=28"},{"taxonomy":"post_tag","embeddable":true,"href":"https:\/\/hoyre.no\/arstad\/wp-json\/wp\/v2\/post_tag?post=28"},{"taxonomy":"hoyre-visibility","embeddable":true,"href":"https:\/\/hoyre.no\/arstad\/wp-json\/wp\/v2\/hoyre-visibility?post=28"},{"taxonomy":"article-type","embeddable":true,"href":"https:\/\/hoyre.no\/arstad\/wp-json\/wp\/v2\/article-type?post=28"},{"taxonomy":"politician","embeddable":true,"href":"https:\/\/hoyre.no\/arstad\/wp-json\/wp\/v2\/politician?post=28"}],"curies":[{"name":"wp","href":"https:\/\/api.w.org\/{rel}","templated":true}]}}