{"id":106,"date":"2023-06-23T16:23:22","date_gmt":"2023-06-23T14:23:22","guid":{"rendered":"https:\/\/hoyre.no\/as\/?p=106"},"modified":"2023-08-11T03:05:35","modified_gmt":"2023-08-11T01:05:35","slug":"kjaere-velger","status":"publish","type":"post","link":"https:\/\/hoyre.no\/as\/aktuelt\/kjaere-velger\/","title":{"rendered":"Kj\u00e6re velger!"},"content":{"rendered":"\n<figure class=\"hoyre-image-wrapper\"><div class=\"hoyre-image\"><img loading=\"lazy\" decoding=\"async\" width=\"6720\" height=\"4480\" src=\"https:\/\/hoyre.no\/content\/uploads\/sites\/154\/2023\/06\/Bengt-H500-RGB-bakgrunn.png\" class=\"attachment-scaled size-scaled\" alt=\"\" style=\"object-position: 70% 55.00000000000001%\" srcset=\"https:\/\/hoyre.no\/content\/uploads\/sites\/154\/2023\/06\/Bengt-H500-RGB-bakgrunn.png 6720w, https:\/\/hoyre.no\/content\/uploads\/sites\/154\/2023\/06\/Bengt-H500-RGB-bakgrunn-300x200.png 300w, https:\/\/hoyre.no\/content\/uploads\/sites\/154\/2023\/06\/Bengt-H500-RGB-bakgrunn-1024x683.png 1024w, https:\/\/hoyre.no\/content\/uploads\/sites\/154\/2023\/06\/Bengt-H500-RGB-bakgrunn-768x512.png 768w, https:\/\/hoyre.no\/content\/uploads\/sites\/154\/2023\/06\/Bengt-H500-RGB-bakgrunn-1536x1024.png 1536w, https:\/\/hoyre.no\/content\/uploads\/sites\/154\/2023\/06\/Bengt-H500-RGB-bakgrunn-2048x1365.png 2048w\" sizes=\"auto, (max-width: 6720px) 100vw, 6720px\" \/><\/div><\/figure>\n\n\n\n\n<p>Jeg \u00f8nsker meg en kommune der innbyggeren er i fokus. Der individet f\u00e5r ta del i beslutninger om eget liv fra start til slutt. <br><br>Sm\u00e5barnsfamilier trenger et mer fleksibelt opptak til barnehageplass enn en gang i \u00e5ret, og de b\u00f8r kunne velge mellom privat eller kommunal barnehage. <br><br>Skolen m\u00e5 gi elevene tilpasset oppl\u00e6ring, slik at alle kan utnytte sitt potensial. Barn og unge m\u00e5 f\u00e5 en oppvekst med trygge rammer og inkludering i skolen og p\u00e5 fritiden. <br><br>Det m\u00e5 bygges flere rimelige boliger for unge i etableringsfasen. Kommunen m\u00e5 spille p\u00e5 lag med utbyggere og akt\u00f8rer som kan bidra til dette. <br><br>Uansett alder, s\u00e5 trenger folk et godt bomilj\u00f8 som legger til rette for aktivitet og sosial omgang. Trivsel og aktivitet er viktig for et godt liv. Derfor m\u00e5 vi bygge trygge og gode n\u00e6rmilj\u00f8 i hele kommunen. <br><br>Det skal v\u00e6re trygt \u00e5 bli gammel i \u00c5s. Seniorene skal f\u00e5 bo hjemme s\u00e5 lenge som mulig, men tilbys plass i institusjon n\u00e5r det blir n\u00f8dvendig. Som for alle andre aldersgrupper, skal ogs\u00e5 de eldste i kommunen f\u00e5 et variert aktivitetstilbud, som de selv er med p\u00e5 \u00e5 utforme. God, n\u00e6ringsrik og fristende mat skal serveres til rett tid. Kvalitet og valgfrihet i eldreomsorgen er viktigere enn om tjenesten utf\u00f8res av kommunen eller private leverand\u00f8rer. <br><br>\u00c5s kommune vil f\u00e5 stor \u00f8kning i antall innbyggere de neste 10\u201315 \u00e5rene. Selv om mye av fortettingen vil skje i og n\u00e6r sentrum, er det viktig \u00e5 fortsette \u00e5 bygge boliger i hele kommunen. \u00c5s sentrum skal ha gode vilk\u00e5r for handel, n\u00e6ring og hyggelige byrom. Kommunens andre tettsteder, som alle har gode kvaliteter, m\u00e5 ogs\u00e5 utvikles videre. <br><br>Forutsigbarhet er viktig for all utvikling, ikke minst n\u00e5r det kommer til kommunale tjenester og oppgaver. Den beste forutsigbarheten er en stabil og trygg kommune\u00f8konomi, uten store overraskelser. Med kontroll p\u00e5 \u00f8konomien blir eiendomsskatten p\u00e5 bolig overfl\u00f8dig, og kan fjernes. <br><br>\u00c5s kommune har hatt samme styre i 32 \u00e5r, og det er p\u00e5 tide med forandring. Bare et sterkere H\u00f8yre kan gj\u00f8re dette mulig. Er du enig i at \u00c5s trenger en ny kurs, s\u00e5 stem H\u00f8yre ved valget til h\u00f8sten. <br><br>Godt valg! <\/p>\n\n\n\t\t\t<div class=\"wp-block-hoyre-list alignfull is-style-panel\">\n\t\t\t\t<div class=\"block-inner\">\n\t\t\t\t\t\t<div class=\"post-wrap links-wrapper-outer grey-panel\">\n\t\t<h2 class=\"title anchor-title\">Les mer<\/h2>\t\t<div class=\"links-wrapper\">\n\t\t\t\t\t\t\t<div class=\"column\">\n\t\t\t\t\t\t\t\t\t\t\t<div class=\"single-link\" data-link=\"0\">\n\t\t\t\t\t\t\t<a href=\"https:\/\/hoyre.no\/as\/aktuelt\/as-hoyres-program-2023-2027\/\" class=\"link\">\n\t\t\t\t\t\t<span>\n\t\t\t\t\u00c5s H\u00f8yres program 2023-2027\t\t\t\t<span class=\"link-append\"><\/span>\n\t\t\t<\/span>\n\t\t<\/a>\t\t\t\t\t\t<\/div>\n\t\t\t\t\t\t\t\t\t<\/div>\n\t\t\t\t\t\t\t<div class=\"column\">\n\t\t\t\t\t\t\t\t\t\t\t<div class=\"single-link\" data-link=\"0\">\n\t\t\t\t\t\t\t<a href=\"https:\/\/hoyre.no\/as\/aktuelt\/bli-kjent-med-bengt\/\" class=\"link\">\n\t\t\t\t\t\t<span>\n\t\t\t\tBli kjent med Bengt!\t\t\t\t<span class=\"link-append\"><\/span>\n\t\t\t<\/span>\n\t\t<\/a>\t\t\t\t\t\t<\/div>\n\t\t\t\t\t\t\t\t\t<\/div>\n\t\t\t\t\t<\/div>\n\t<\/div>\n\t\t\t\t\t<\/div>\n\t\t\t<\/div>\n\t\t\t\n\n\n\t\t<div class=\"has-lightest-blue-background-color is-layout-left alignwide alignwide wp-block-hoyre-media-text\">\n\t\t\t<div class=\"hoyre-media-text__media\">\n\t\t\t\t<img loading=\"lazy\" decoding=\"async\" width=\"1024\" height=\"1024\" src=\"https:\/\/hoyre.no\/content\/uploads\/sites\/154\/2023\/06\/Muligheter-for-alle-1024x1024.jpg\" class=\"hoyre-media-text__media-image\" alt=\"\" style=\"--focal: 50% 50%;\" srcset=\"https:\/\/hoyre.no\/content\/uploads\/sites\/154\/2023\/06\/Muligheter-for-alle-1024x1024.jpg 1024w, https:\/\/hoyre.no\/content\/uploads\/sites\/154\/2023\/06\/Muligheter-for-alle-300x300.jpg 300w, https:\/\/hoyre.no\/content\/uploads\/sites\/154\/2023\/06\/Muligheter-for-alle-150x150.jpg 150w, https:\/\/hoyre.no\/content\/uploads\/sites\/154\/2023\/06\/Muligheter-for-alle-768x768.jpg 768w, https:\/\/hoyre.no\/content\/uploads\/sites\/154\/2023\/06\/Muligheter-for-alle-1536x1536.jpg 1536w, https:\/\/hoyre.no\/content\/uploads\/sites\/154\/2023\/06\/Muligheter-for-alle-2048x2048.jpg 2048w\" sizes=\"auto, (max-width: 1024px) 100vw, 1024px\" \/>\n\t\t\t<\/div>\n\t\t\t<div class=\"hoyre-media-text__content\">\n\t\t\t\t<div class=\"hoyre-media-text__content-inner\">\n\t\t\t\t\t\n\t\t\t<div class=\"hoyre-media-text__title-container\">\n\t\t\t\t\n\t\t\t\t<h2 class=\"hoyre-media-text__title\">10 gode grunner til \u00e5 stemme H\u00f8yre<\/h2>\n\t\t\t<\/div>\n\t\t\t\n\t\t\t\t\t<div class=\"hoyre-media-text__blocks\">\n<p>H\u00f8yre vil gi muligheter for alle. Din bakgrunn skal ikke ha noe \u00e5 si for hvilke muligheter du har i Norge.<\/p>\n<\/div>\n\t\t\t\t\t\n\t\t\t<div class=\"hoyre-media-text__buttons\">\n\t\t\t\t<a class=\"button\" href=\"https:\/\/hoyre.no\/politikk\/hvorfor-hoyre\/ti-gode-grunner-til-a-stemme-hoyre\/\">Les mer<\/a>\n\t\t\t<\/div>\n\t\t\t\n\t\t\t\t<\/div>\n\t\t\t<\/div>\n\t\t<\/div>\n\t\t\n\n<div class=\"tags\">\n\t\t<div class=\"wp-block-tag-cloud\">\n\t\t\t\t\t<a href=\"https:\/\/hoyre.no\/as\/aktuelt\/tag\/2023-2027\/\" class=\"tag-cloud-link\">2023-2027<\/a>\n\t\t\t<\/div>\n\t<\/div>\n<div class=\"post-footer alignfull has-background block-editor-block-list__block\" data-align=full>\n\t<div class=\"post-footer-inner\">\n\t\t<h3>Relaterte artikler<\/h3>\n\t\t<div class=\"related-content\"><div class=\"is-card-hoyre\">\n\t<div class=\"teft-card hoyre-teft-card post-teft-card\">\n\t\t<a href=\"https:\/\/hoyre.no\/as\/aktuelt\/as-hoyres-program-2023-2027\/\" class=\"teft-card__primary-action\">\n\n\t\t\t\t\t<div class=\"teft-card__media teft-card__media--16-9\">\n\t\t\t\t\t\t<img loading=\"lazy\" decoding=\"async\" width=\"768\" height=\"664\" src=\"https:\/\/hoyre.no\/content\/uploads\/sites\/154\/2023\/06\/Card-image-Program-2023-2027-768x664.png\" class=\"attachment-medium_large size-medium_large\" alt=\"\" srcset=\"https:\/\/hoyre.no\/content\/uploads\/sites\/154\/2023\/06\/Card-image-Program-2023-2027-768x664.png 768w, https:\/\/hoyre.no\/content\/uploads\/sites\/154\/2023\/06\/Card-image-Program-2023-2027-300x259.png 300w, https:\/\/hoyre.no\/content\/uploads\/sites\/154\/2023\/06\/Card-image-Program-2023-2027-1024x885.png 1024w, https:\/\/hoyre.no\/content\/uploads\/sites\/154\/2023\/06\/Card-image-Program-2023-2027.png 1184w\" sizes=\"auto, (max-width: 768px) 100vw, 768px\" \/>\t\t<\/div>\n\t\t\n\t\t\t<div class=\"teft-card__content-wrapper\">\n\t\t\t\t<div class=\"teft-card__secondary\">\n\t\t\t\t\t\n\t\t\t\t\t\t\t\t<div class=\"teft-card__meta\">\n\t\t\t\t\t\t\t\t\t<span class=\"post-date\">23. jun 2023<\/span>\n\n\t\t\t\t\t\t\t\t\t<span class=\"post-category\">Program<\/span>\t\t\t\t\t\t\t\t<\/div>\n\t\t\t\t\t\t\t\t\t\t\t<\/div>\n\n\t\t\t\t<div class=\"teft-card__primary\">\n\t\t\t\t\t<h2 class=\"teft-card__title\">Program 2023-2027&nbsp;<span class=\"teft-card__primary-title-append\"><\/span><\/h2>\t\t\t\t<\/div>\n\t\t\t<\/div>\n\t\t<\/a>\n\t<\/div>\n\n\t<\/div><div class=\"is-card-hoyre\">\n\t<div class=\"teft-card hoyre-teft-card post-teft-card\">\n\t\t<a href=\"https:\/\/hoyre.no\/as\/aktuelt\/arets-aerespris-gar-til-bengt-nost-klemmetsen\/\" class=\"teft-card__primary-action\">\n\n\t\t\t\t\t<div class=\"teft-card__media teft-card__media--16-9\">\n\t\t\t\t\t\t<img loading=\"lazy\" decoding=\"async\" width=\"768\" height=\"679\" src=\"https:\/\/hoyre.no\/content\/uploads\/sites\/154\/2024\/11\/IMG_4791-scaled-e1731420269978-768x679.jpg\" class=\"attachment-medium_large size-medium_large\" alt=\"\" srcset=\"https:\/\/hoyre.no\/content\/uploads\/sites\/154\/2024\/11\/IMG_4791-scaled-e1731420269978-768x679.jpg 768w, https:\/\/hoyre.no\/content\/uploads\/sites\/154\/2024\/11\/IMG_4791-scaled-e1731420269978-300x265.jpg 300w, https:\/\/hoyre.no\/content\/uploads\/sites\/154\/2024\/11\/IMG_4791-scaled-e1731420269978-1024x905.jpg 1024w, https:\/\/hoyre.no\/content\/uploads\/sites\/154\/2024\/11\/IMG_4791-scaled-e1731420269978-1536x1358.jpg 1536w, https:\/\/hoyre.no\/content\/uploads\/sites\/154\/2024\/11\/IMG_4791-scaled-e1731420269978.jpg 1875w\" sizes=\"auto, (max-width: 768px) 100vw, 768px\" \/>\t\t<\/div>\n\t\t\n\t\t\t<div class=\"teft-card__content-wrapper\">\n\t\t\t\t<div class=\"teft-card__secondary\">\n\t\t\t\t\t\n\t\t\t\t\t\t\t\t<div class=\"teft-card__meta\">\n\t\t\t\t\t\t\t\t\t<span class=\"post-date\">12. nov 2024<\/span>\n\n\t\t\t\t\t\t\t\t\t<span class=\"post-category\">Ukategorisert<\/span>\t\t\t\t\t\t\t\t<\/div>\n\t\t\t\t\t\t\t\t\t\t\t<\/div>\n\n\t\t\t\t<div class=\"teft-card__primary\">\n\t\t\t\t\t<h2 class=\"teft-card__title\">\u00c5rets \u00e6respris g\u00e5r til Bengt N\u00f8st-Klemmetsen&nbsp;<span class=\"teft-card__primary-title-append\"><\/span><\/h2>\t\t\t\t<\/div>\n\t\t\t<\/div>\n\t\t<\/a>\n\t<\/div>\n\n\t<\/div><div class=\"is-card-hoyre\">\n\t<div class=\"teft-card hoyre-teft-card post-teft-card\">\n\t\t<a href=\"https:\/\/hoyre.no\/as\/aktuelt\/as-hoyres-provenominasjon-til-stortingsvalget-2025\/\" class=\"teft-card__primary-action\">\n\n\t\t\t\t\t<div class=\"teft-card__media teft-card__media--16-9\">\n\t\t\t\t\t\t<img loading=\"lazy\" decoding=\"async\" width=\"768\" height=\"768\" src=\"https:\/\/hoyre.no\/content\/uploads\/sites\/154\/2022\/11\/Hoyres-logo-768x768.png\" class=\"attachment-medium_large size-medium_large\" alt=\"\" srcset=\"https:\/\/hoyre.no\/content\/uploads\/sites\/154\/2022\/11\/Hoyres-logo-768x768.png 768w, https:\/\/hoyre.no\/content\/uploads\/sites\/154\/2022\/11\/Hoyres-logo-300x300.png 300w, https:\/\/hoyre.no\/content\/uploads\/sites\/154\/2022\/11\/Hoyres-logo-150x150.png 150w, https:\/\/hoyre.no\/content\/uploads\/sites\/154\/2022\/11\/Hoyres-logo.png 1000w\" sizes=\"auto, (max-width: 768px) 100vw, 768px\" \/>\t\t<\/div>\n\t\t\n\t\t\t<div class=\"teft-card__content-wrapper\">\n\t\t\t\t<div class=\"teft-card__secondary\">\n\t\t\t\t\t\n\t\t\t\t\t\t\t\t<div class=\"teft-card__meta\">\n\t\t\t\t\t\t\t\t\t<span class=\"post-date\">22. sep 2024<\/span>\n\n\t\t\t\t\t\t\t\t\t<span class=\"post-category\">Valg og nominasjon<\/span>\t\t\t\t\t\t\t\t<\/div>\n\t\t\t\t\t\t\t\t\t\t\t<\/div>\n\n\t\t\t\t<div class=\"teft-card__primary\">\n\t\t\t\t\t<h2 class=\"teft-card__title\">\u00c5s H\u00f8yres pr\u00f8venominasjon til Stortingsvalget 2025&nbsp;<span class=\"teft-card__primary-title-append\"><\/span><\/h2>\t\t\t\t<\/div>\n\t\t\t<\/div>\n\t\t<\/a>\n\t<\/div>\n\n\t<\/div><\/div>\t<\/div>\n<\/div>\n","protected":false},"excerpt":{"rendered":"","protected":false},"author":30281,"featured_media":0,"comment_status":"closed","ping_status":"closed","sticky":false,"template":"","format":"standard","meta":{"teft_cards_image_url":"","teft_cards_custom_pretitle":"","teft_cards_image_id":107,"teft_cards_image_focal_point_x":0.5,"teft_cards_image_focal_point_y":0.5,"teft_cards_title":"Kj\u00e6re velger! ","teft_cards_excerpt":"","teft_show_chapters":false,"author_display_name":"Bengt N\u00f8st-Klemmetsen, Ordf\u00f8rerkandidat","footnotes":""},"category":[7],"post_tag":[13],"hoyre-visibility":[],"article-type":[],"politician":[],"class_list":["post-106","post","type-post","status-publish","format-standard","hentry","category-leserinnlegg","tag-2023-2027"],"yoast_head":"<!-- This site is optimized with the Yoast SEO plugin v26.6 - https:\/\/yoast.com\/wordpress\/plugins\/seo\/ -->\n<title>Kj\u00e6re velger! - \u00c5s H\u00f8yre<\/title>\n<meta name=\"robots\" content=\"index, follow, max-snippet:-1, max-image-preview:large, max-video-preview:-1\" \/>\n<link rel=\"canonical\" href=\"https:\/\/hoyre.no\/as\/aktuelt\/kjaere-velger\/\" \/>\n<meta property=\"og:locale\" content=\"nb_NO\" \/>\n<meta property=\"og:type\" content=\"article\" \/>\n<meta property=\"og:title\" content=\"Kj\u00e6re velger! - \u00c5s H\u00f8yre\" \/>\n<meta property=\"og:url\" content=\"https:\/\/hoyre.no\/as\/aktuelt\/kjaere-velger\/\" \/>\n<meta property=\"og:site_name\" content=\"\u00c5s H\u00f8yre\" \/>\n<meta property=\"article:published_time\" content=\"2023-06-23T14:23:22+00:00\" \/>\n<meta property=\"article:modified_time\" content=\"2023-08-11T01:05:35+00:00\" \/>\n<meta property=\"og:image\" content=\"https:\/\/hoyre.no\/content\/uploads\/sites\/154\/2023\/07\/IMG_3137-1024x768.jpg\" \/>\n<meta name=\"author\" content=\"Sverre Strand Teigen\" \/>\n<meta name=\"twitter:card\" content=\"summary_large_image\" \/>\n<meta name=\"twitter:label1\" content=\"Skrevet av\" \/>\n\t<meta name=\"twitter:data1\" content=\"Sverre Strand Teigen\" \/>\n\t<meta name=\"twitter:label2\" content=\"Ansl. lesetid\" \/>\n\t<meta name=\"twitter:data2\" content=\"3 minutter\" \/>\n<script type=\"application\/ld+json\" class=\"yoast-schema-graph\">{\"@context\":\"https:\/\/schema.org\",\"@graph\":[{\"@type\":\"NewsArticle\",\"@id\":\"https:\/\/hoyre.no\/as\/aktuelt\/kjaere-velger\/\",\"url\":\"https:\/\/hoyre.no\/as\/aktuelt\/kjaere-velger\/\",\"name\":\"Kj\u00e6re velger! - \u00c5s H\u00f8yre\",\"isPartOf\":{\"@id\":\"https:\/\/hoyre.no\/as\/#website\"},\"datePublished\":\"2023-06-23T14:23:22+00:00\",\"dateModified\":\"2023-08-11T01:05:35+00:00\",\"author\":{\"@id\":\"https:\/\/hoyre.no\/as\/#\/schema\/person\/94e80ea18e516af0e5ae99447db8bfba\"},\"breadcrumb\":{\"@id\":\"https:\/\/hoyre.no\/as\/aktuelt\/kjaere-velger\/#breadcrumb\"},\"inLanguage\":\"nb-NO\",\"potentialAction\":[{\"@type\":\"ReadAction\",\"target\":[\"https:\/\/hoyre.no\/as\/aktuelt\/kjaere-velger\/\"]}]},{\"@type\":\"BreadcrumbList\",\"@id\":\"https:\/\/hoyre.no\/as\/aktuelt\/kjaere-velger\/#breadcrumb\",\"itemListElement\":[{\"@type\":\"ListItem\",\"position\":1,\"name\":\"Til hoyre.no\",\"item\":\"https:\/\/hoyre.no\"},{\"@type\":\"ListItem\",\"position\":2,\"name\":\"Hjem\",\"item\":\"https:\/\/hoyre.no\/as\/\"},{\"@type\":\"ListItem\",\"position\":3,\"name\":\"Kj\u00e6re velger!\"}]},{\"@type\":\"WebSite\",\"@id\":\"https:\/\/hoyre.no\/as\/#website\",\"url\":\"https:\/\/hoyre.no\/as\/\",\"name\":\"\u00c5s H\u00f8yre\",\"description\":\"Bare enda et H\u00f8yres nettsteder-nettsted\",\"inLanguage\":\"nb-NO\"},{\"@type\":\"Person\",\"@id\":\"https:\/\/hoyre.no\/as\/#\/schema\/person\/94e80ea18e516af0e5ae99447db8bfba\",\"name\":\"Sverre Strand Teigen\",\"image\":{\"@type\":\"ImageObject\",\"inLanguage\":\"nb-NO\",\"@id\":\"https:\/\/hoyre.no\/as\/#\/schema\/person\/image\/\",\"url\":\"https:\/\/secure.gravatar.com\/avatar\/f8c4d3cfef7604a49a5e332bd3dc30b74e54189009709f9907c2aa52a15c9447?s=96&d=mm&r=g\",\"contentUrl\":\"https:\/\/secure.gravatar.com\/avatar\/f8c4d3cfef7604a49a5e332bd3dc30b74e54189009709f9907c2aa52a15c9447?s=96&d=mm&r=g\",\"caption\":\"Sverre Strand Teigen\"},\"url\":\"https:\/\/hoyre.no\/as\/aktuelt\/author\/m50420462\/\"}]}<\/script>\n<!-- \/ Yoast SEO plugin. -->","yoast_head_json":{"title":"Kj\u00e6re velger! - \u00c5s H\u00f8yre","robots":{"index":"index","follow":"follow","max-snippet":"max-snippet:-1","max-image-preview":"max-image-preview:large","max-video-preview":"max-video-preview:-1"},"canonical":"https:\/\/hoyre.no\/as\/aktuelt\/kjaere-velger\/","og_locale":"nb_NO","og_type":"article","og_title":"Kj\u00e6re velger! - \u00c5s H\u00f8yre","og_url":"https:\/\/hoyre.no\/as\/aktuelt\/kjaere-velger\/","og_site_name":"\u00c5s H\u00f8yre","article_published_time":"2023-06-23T14:23:22+00:00","article_modified_time":"2023-08-11T01:05:35+00:00","og_image":[{"url":"https:\/\/hoyre.no\/content\/uploads\/sites\/154\/2023\/07\/IMG_3137-1024x768.jpg","width":"","height":"","type":""}],"author":"Sverre Strand Teigen","twitter_card":"summary_large_image","twitter_misc":{"Skrevet av":"Sverre Strand Teigen","Ansl. lesetid":"3 minutter"},"schema":{"@context":"https:\/\/schema.org","@graph":[{"@type":"NewsArticle","@id":"https:\/\/hoyre.no\/as\/aktuelt\/kjaere-velger\/","url":"https:\/\/hoyre.no\/as\/aktuelt\/kjaere-velger\/","name":"Kj\u00e6re velger! - \u00c5s H\u00f8yre","isPartOf":{"@id":"https:\/\/hoyre.no\/as\/#website"},"datePublished":"2023-06-23T14:23:22+00:00","dateModified":"2023-08-11T01:05:35+00:00","author":{"@id":"https:\/\/hoyre.no\/as\/#\/schema\/person\/94e80ea18e516af0e5ae99447db8bfba"},"breadcrumb":{"@id":"https:\/\/hoyre.no\/as\/aktuelt\/kjaere-velger\/#breadcrumb"},"inLanguage":"nb-NO","potentialAction":[{"@type":"ReadAction","target":["https:\/\/hoyre.no\/as\/aktuelt\/kjaere-velger\/"]}]},{"@type":"BreadcrumbList","@id":"https:\/\/hoyre.no\/as\/aktuelt\/kjaere-velger\/#breadcrumb","itemListElement":[{"@type":"ListItem","position":1,"name":"Til hoyre.no","item":"https:\/\/hoyre.no"},{"@type":"ListItem","position":2,"name":"Hjem","item":"https:\/\/hoyre.no\/as\/"},{"@type":"ListItem","position":3,"name":"Kj\u00e6re velger!"}]},{"@type":"WebSite","@id":"https:\/\/hoyre.no\/as\/#website","url":"https:\/\/hoyre.no\/as\/","name":"\u00c5s H\u00f8yre","description":"Bare enda et H\u00f8yres nettsteder-nettsted","inLanguage":"nb-NO"},{"@type":"Person","@id":"https:\/\/hoyre.no\/as\/#\/schema\/person\/94e80ea18e516af0e5ae99447db8bfba","name":"Sverre Strand Teigen","image":{"@type":"ImageObject","inLanguage":"nb-NO","@id":"https:\/\/hoyre.no\/as\/#\/schema\/person\/image\/","url":"https:\/\/secure.gravatar.com\/avatar\/f8c4d3cfef7604a49a5e332bd3dc30b74e54189009709f9907c2aa52a15c9447?s=96&d=mm&r=g","contentUrl":"https:\/\/secure.gravatar.com\/avatar\/f8c4d3cfef7604a49a5e332bd3dc30b74e54189009709f9907c2aa52a15c9447?s=96&d=mm&r=g","caption":"Sverre Strand Teigen"},"url":"https:\/\/hoyre.no\/as\/aktuelt\/author\/m50420462\/"}]}},"distributor_meta":false,"distributor_terms":false,"distributor_media":false,"distributor_original_site_name":"\u00c5s H\u00f8yre","distributor_original_site_url":"https:\/\/hoyre.no\/as","push-errors":false,"_links":{"self":[{"href":"https:\/\/hoyre.no\/as\/wp-json\/wp\/v2\/posts\/106","targetHints":{"allow":["GET"]}}],"collection":[{"href":"https:\/\/hoyre.no\/as\/wp-json\/wp\/v2\/posts"}],"about":[{"href":"https:\/\/hoyre.no\/as\/wp-json\/wp\/v2\/types\/post"}],"author":[{"embeddable":true,"href":"https:\/\/hoyre.no\/as\/wp-json\/wp\/v2\/users\/30281"}],"replies":[{"embeddable":true,"href":"https:\/\/hoyre.no\/as\/wp-json\/wp\/v2\/comments?post=106"}],"version-history":[{"count":2,"href":"https:\/\/hoyre.no\/as\/wp-json\/wp\/v2\/posts\/106\/revisions"}],"predecessor-version":[{"id":124,"href":"https:\/\/hoyre.no\/as\/wp-json\/wp\/v2\/posts\/106\/revisions\/124"}],"wp:attachment":[{"href":"https:\/\/hoyre.no\/as\/wp-json\/wp\/v2\/media?parent=106"}],"wp:term":[{"taxonomy":"category","embeddable":true,"href":"https:\/\/hoyre.no\/as\/wp-json\/wp\/v2\/category?post=106"},{"taxonomy":"post_tag","embeddable":true,"href":"https:\/\/hoyre.no\/as\/wp-json\/wp\/v2\/post_tag?post=106"},{"taxonomy":"hoyre-visibility","embeddable":true,"href":"https:\/\/hoyre.no\/as\/wp-json\/wp\/v2\/hoyre-visibility?post=106"},{"taxonomy":"article-type","embeddable":true,"href":"https:\/\/hoyre.no\/as\/wp-json\/wp\/v2\/article-type?post=106"},{"taxonomy":"politician","embeddable":true,"href":"https:\/\/hoyre.no\/as\/wp-json\/wp\/v2\/politician?post=106"}],"curies":[{"name":"wp","href":"https:\/\/api.w.org\/{rel}","templated":true}]}}