{"id":111,"date":"2023-08-01T00:13:22","date_gmt":"2023-07-31T22:13:22","guid":{"rendered":"https:\/\/hoyre.no\/as\/?p=111"},"modified":"2023-08-01T00:13:22","modified_gmt":"2023-07-31T22:13:22","slug":"bli-kjent-med-bengt","status":"publish","type":"post","link":"https:\/\/hoyre.no\/as\/aktuelt\/bli-kjent-med-bengt\/","title":{"rendered":"Bli kjent med Bengt!"},"content":{"rendered":"\n<p class=\"preamble\">\u00c5s H\u00f8yres ordf\u00f8rerkandidat er klar i sin tale: 32 \u00e5r er nok! Han skal sammen med laget sitt s\u00f8rge for et politisk skifte i \u00c5s til h\u00f8sten. Bli bedre kjent med han!<\/p>\t\t\t<div class=\"post-meta wp-block teft-byline-wrapper\">\n\t\t\t\t<div class=\"top\">\n\t\t\t\t\t<div class=\"signature\">\n\t\t\t\t\t\t<div class=\"teft-byline\">\n\t\t\t\t\t\t\t\t\t\t\t\t\t\t<div>\n\t\t\t\t\t\t\t\t<h3>H\u00f8yres redaksjon<\/h3>\t\t\t\t\t\t\t\t\n\t\t\t\t\t\t\t\t\t\t\t\t\t\t\t\t\t<span class=\"date\">Sist oppdatert: 1. august 2023<\/span>\n\t\t\t\t\t\t\t\t\t\t\t\t\t\t\t\t\t\t\t\t\t\t\t\t\t<span class=\"reading-time\" itemprop=\"timeRequired\" content=\"PT10M\"><em>Ca. 10 minutter lesetid<\/em><\/span>\n\t\t\t\t\t\t\t\t\t\t\t\t\t\t\t<\/div>\n\t\t\t\t\t\t<\/div>\n\t\t\t\t\t<\/div>\n\t\t\t\t\t\t<div class=\"sharing\">\n\t\t<a class=\"share-button share-link copy-link\" data-copy=\"https:\/\/hoyre.no\/as\/aktuelt\/bli-kjent-med-bengt\/\" target=\"_blank\"><span class=\"screen-reader-text\">Del link<\/span><\/a>\n\t\t<a class=\"share-button share-twitter\" href=\"http:\/\/twitter.com\/share?text=Bli kjent med Bengt!&#038;url=https:\/\/hoyre.no\/as\/aktuelt\/bli-kjent-med-bengt\/&#038;hashtags=Hoyre\" target=\"_blank\"><span class=\"screen-reader-text\">Del p\u00e5 twitter<\/span><\/a>\n\t\t<a class=\"share-button share-facebook\" href=\"https:\/\/www.facebook.com\/sharer\/sharer.php?u=https:\/\/hoyre.no\/as\/aktuelt\/bli-kjent-med-bengt\/\" target=\"_blank\"><span class=\"screen-reader-text\">Del p\u00e5 facebook<\/span><\/a>\n\t<\/div>\n\t\t\t\t\t<\/div>\n\t\t\t<\/div>\n\n\t\t\t<figure class=\"hoyre-image-wrapper\"><div class=\"hoyre-image\"><img loading=\"lazy\" decoding=\"async\" width=\"1875\" height=\"2500\" src=\"https:\/\/hoyre.no\/content\/uploads\/sites\/154\/2023\/08\/IMG_6853-scaled.jpg\" class=\"attachment-scaled size-scaled\" alt=\"Bilde av Bengt.\" style=\"object-position: 51% 43%\" srcset=\"https:\/\/hoyre.no\/content\/uploads\/sites\/154\/2023\/08\/IMG_6853-scaled.jpg 1875w, https:\/\/hoyre.no\/content\/uploads\/sites\/154\/2023\/08\/IMG_6853-225x300.jpg 225w, https:\/\/hoyre.no\/content\/uploads\/sites\/154\/2023\/08\/IMG_6853-768x1024.jpg 768w, https:\/\/hoyre.no\/content\/uploads\/sites\/154\/2023\/08\/IMG_6853-1152x1536.jpg 1152w, https:\/\/hoyre.no\/content\/uploads\/sites\/154\/2023\/08\/IMG_6853-1536x2048.jpg 1536w\" sizes=\"auto, (max-width: 1875px) 100vw, 1875px\" \/><\/div><\/figure>\n\n\n\n\n<div class=\"wp-block-teft-factbox is-style-blue\"><div class=\"factbox-inner\"><div class=\"entry-content\"><h4 class=\"toggle\">Hvem er Bengt? <\/h4>\n<p><strong>Navn:<\/strong> Bengt N\u00f8st-Klemmetsen<\/p>\n\n\n\n<p><strong>Alder:<\/strong> 52 \u00e5r<\/p>\n\n\n\n<p><strong>Bosted:<\/strong> Sj\u00f8skogen<\/p>\n\n\n\n<p><strong>Sivil status:<\/strong> Ektefelle og pappa<\/p>\n\n\n\n<p><strong>Yrke:<\/strong> Datakommunikasjon og sikkerhet<\/p>\n\n\n\n<p><strong>Politisk erfaring:<\/strong><br>Kommunestyret 2015-2019<br>Hovedutvalg for oppvekst og kultur 2015-2019<br>Kommunestyret 2019-2023<br>Hovedutvalg for teknikk og plan 2019-2023<br>Breivollutvalget 2019-2023<br>Gruppeleder 2020-2023<br>Formannskapet 2020-2021<\/p>\n\n\n\n<p><strong>Fritidsinteresser:<\/strong> Har drevet med boksing og amerikansk fotball. N\u00e5 er det sykling, helst i skogen, men ogs\u00e5 p\u00e5 landevei. Jakt er en stor interesse, og tidvis litt fiske. Liker \u00e5 v\u00e6re p\u00e5 sj\u00f8en om sommeren, i motorb\u00e5t eller kajakk. G\u00e5r p\u00e5 ski om vinteren. <\/p>\n\n\n\n<p class=\"is-style-default\"><strong>5 kjappe <\/strong><\/p>\n\n\n\n<p><strong>Hva motiverer deg? <\/strong><br>Resultater. \u00c5 kunne jobbe i et team og oppn\u00e5 endring og forbedring. At velgere kommer bort og forteller at de har f\u00e5tt en bedre hverdag som f\u00f8lge av v\u00e5r politikk. <\/p>\n\n\n\n<p><strong>Hva irriterer deg? <\/strong><br>Maktmisbruk og arroganse. Fokus p\u00e5 prinsipper som hindrer gode l\u00f8sninger. Urettferdighet! <\/p>\n\n\n\n<p><strong>Hva kan du ikke g\u00e5 en hel dag uten? <\/strong><br>Kaffe og nyheter. <\/p>\n\n\n\n<p><strong>Har du en guilty pleasure? <\/strong><br>Elsker kake\u2026<\/p>\n\n\n\n<p><strong>Har du en funfact om deg selv? <\/strong><br>Jeg har bodd ett \u00e5r i Ghana og g\u00e5tt ett \u00e5r av barneskolen der.<\/p>\n<\/div><\/div><\/div>\n\n\n\n<h2 class=\"wp-block-heading\">Den politiske reisen<\/h2>\n\n\n<div class=\"wp-block-image\">\n<figure class=\"alignright size-medium is-resized\"><img loading=\"lazy\" decoding=\"async\" src=\"https:\/\/hoyre.no\/content\/uploads\/sites\/154\/2023\/07\/IMG_7618-300x225.jpg\" alt=\"Bilde av Bengt i kommunestyresalen.\" class=\"wp-image-112\" width=\"325\" height=\"244\" srcset=\"https:\/\/hoyre.no\/content\/uploads\/sites\/154\/2023\/07\/IMG_7618-300x225.jpg 300w, https:\/\/hoyre.no\/content\/uploads\/sites\/154\/2023\/07\/IMG_7618-768x576.jpg 768w, https:\/\/hoyre.no\/content\/uploads\/sites\/154\/2023\/07\/IMG_7618.jpg 960w\" sizes=\"auto, (max-width: 325px) 100vw, 325px\" \/><figcaption>Fersk folkevalgt: Selfie fra det f\u00f8rste kommunestyrem\u00f8tet i 2015.<\/figcaption><\/figure><\/div>\n\n\n<p>Bengt stilte til valg f\u00f8rste gang i 2015. Den gangen nederst p\u00e5 listen som s\u00e5kalt \u00ablistefyll\u00bb. Allerede da var han en popul\u00e6r fyr, og mange personstemmer gjorde at han kom rett inn i kommunestyret. <\/p>\n\n\n\n<p>Han har alltid hatt et brennende engasjement for barn og unges oppvekstsvilk\u00e5r, og det passet derfor perfekt at han fikk sitte i Hovedutvalg for oppvekst og kultur.<\/p>\n\n\n\n<p><strong>Hva overrasket deg mest med lokalpolitikk? <\/strong><\/p>\n\n\n\n<p><em>Omstendeligheten i prosessene. TTT- ting tar tid. S\u00e5 overrasket det meg at s\u00e5 mange politikere legger sine prinsipper og kjepphester til grunn for utviklingen, fremfor fokus p\u00e5 de lange linjene, gode l\u00f8sningene og hva som er viktig for den enkelte innbygger. <\/em><\/p>\n\n\n\n<p>Den f\u00f8rste kommunestyreperioden ga mersmak og Bengt stilte til gjenvalg i 2019, denne gangen som partiets 2. kandidat. <\/p>\n\n\n\n<p><strong>Hva liker du best med lokalpolitikk? <\/strong><\/p>\n\n\n\n<p><em>Ingenting motiverer mer enn \u00e5 se at politikken v\u00e5r treffer og hjelper innbyggere. At timer som er lagt ned p\u00e5 lesing av saksdokumenter, m\u00f8ter, forslag til vedtak blir satt ut i praksis og bedrer situasjonen og hverdagen til innbyggerne. Det er fantastisk.<\/em> <\/p>\n\n\n\n<p>Etter valget i 2019 byttet han politisk beite fra oppvekst og kultur til teknikk og plan. Bengt har sittet i hovedutvalg for oppvekst og kultur og sitter n\u00e5 i hovedutvalg for teknikk og plan, formannskapet og kommunestyret. <\/p>\n\n\n\n<p><strong>Er det en fordel \u00e5 sitte i flere utvalg fremfor \u00e5 fokusere p\u00e5 ett omr\u00e5de? <\/strong><\/p>\n\n\n\n<p><em>Det er helt klart en stor fordel \u00e5 v\u00e6re en del av flere hovedutvalg og formannskap i tillegg til kommunestyret. En f\u00e5r god innsikt og forst\u00e5else for flere tjenesteomr\u00e5der. Spesielt teknikk- og planutvalget er et tungt og komplisert utvalg med flere selvkostomr\u00e5der, i tillegg til utviklingen av kommunen. Det er verdifullt med flersidig innsikt, men det var nok mest givende \u00e5 v\u00e6re oppvekst og kultur- politiker og s\u00f8rge for at barna i kommunen v\u00e5r har best mulig forutsetning for \u00e5 n\u00e5 potensialet sitt.<\/em> <\/p>\n\n\n\n<p>I 2020 ble Bengt valgt som gruppeleder og bestemte seg allerede da for \u00e5 stille til gjenvalg i 2023. Denne gangen ville han ikke bare inn i kommunestyret, men sikter mot ordf\u00f8rerklubba. Siden da har det v\u00e6rt en m\u00e5lrettet og bevisst satsing: bygge lag. <\/p>\n\n\n\n<h2 class=\"wp-block-heading\">Team \u00c5s H\u00f8yre <\/h2>\n\n\n<div class=\"wp-block-image\">\n<figure class=\"alignright size-medium is-resized\"><img loading=\"lazy\" decoding=\"async\" src=\"https:\/\/hoyre.no\/content\/uploads\/sites\/154\/2023\/07\/IMG_3135-280x300.jpg\" alt=\"\u00c5s H\u00f8yres 6 f\u00f8rste kandidater 2023\" class=\"wp-image-115\" width=\"312\" height=\"334\" srcset=\"https:\/\/hoyre.no\/content\/uploads\/sites\/154\/2023\/07\/IMG_3135-280x300.jpg 280w, https:\/\/hoyre.no\/content\/uploads\/sites\/154\/2023\/07\/IMG_3135-957x1024.jpg 957w, https:\/\/hoyre.no\/content\/uploads\/sites\/154\/2023\/07\/IMG_3135-768x822.jpg 768w, https:\/\/hoyre.no\/content\/uploads\/sites\/154\/2023\/07\/IMG_3135-1435x1536.jpg 1435w, https:\/\/hoyre.no\/content\/uploads\/sites\/154\/2023\/07\/IMG_3135-1914x2048.jpg 1914w\" sizes=\"auto, (max-width: 312px) 100vw, 312px\" \/><figcaption>Forh\u00e5ndskumulert: \u00c5s H\u00f8yre har valgt \u00e5 forh\u00e5ndskumulere 6 kandidater. <\/figcaption><\/figure><\/div>\n\n\n<p>Bengt ble valgt som \u00c5s H\u00f8yres ordf\u00f8rerkandidat ved akklamasjon den 19.04.22, og resten av listen ble spikret p\u00e5 nominasjonsm\u00f8tet den 23.11.22. <\/p>\n\n\n\n<p>I innspurten av valgkampen skal bredden av laget vises frem for velgerne, s\u00e5 de kan v\u00e6re trygge p\u00e5 at en stemme til H\u00f8yre er en stemme p\u00e5 kompetente politikere innen alle kommunens tjenesteomr\u00e5der. <\/p>\n\n\n\n<p>Sammen med dette laget skal Bengt ta tilbake ordf\u00f8rervervet etter valget den 11. september, etter 32 \u00e5r med Arbeiderparti-styre <\/p>\n\n\n\n<p><strong>Hva tenker du om deg selv i rollen som gruppeleder og ordf\u00f8rer? <\/strong><\/p>\n\n\n\n<p><em>Det er utrolig morsomt \u00e5 f\u00e5 lede en s\u00e5 kompetent gruppe. Denne perioden har vi virkelig fokusert p\u00e5 \u00e5 bygge et godt og bredt lag. Vi har en god kumulert gjeng med veldig variert og god erfaring innen alle tjenesteomr\u00e5der i kommunen, s\u00e5 vel som i arbeidslivet. I tillegg har vi veldig god kompetanse i resten av listekandidatene v\u00e5re ogs\u00e5, og har jobbet masse med hvordan vi skal jobbe sammen som gruppe for \u00e5 fremme egen politikk.<\/em> <\/p>\n\n\n\n<figure class=\"wp-block-image size-large\"><img loading=\"lazy\" decoding=\"async\" width=\"1024\" height=\"768\" src=\"https:\/\/hoyre.no\/content\/uploads\/sites\/154\/2023\/07\/IMG_3137-1024x768.jpg\" alt=\"Gruppebilde av H\u00f8yres kandidater 2023\" class=\"wp-image-116\" srcset=\"https:\/\/hoyre.no\/content\/uploads\/sites\/154\/2023\/07\/IMG_3137-1024x768.jpg 1024w, https:\/\/hoyre.no\/content\/uploads\/sites\/154\/2023\/07\/IMG_3137-300x225.jpg 300w, https:\/\/hoyre.no\/content\/uploads\/sites\/154\/2023\/07\/IMG_3137-768x576.jpg 768w, https:\/\/hoyre.no\/content\/uploads\/sites\/154\/2023\/07\/IMG_3137-1536x1152.jpg 1536w, https:\/\/hoyre.no\/content\/uploads\/sites\/154\/2023\/07\/IMG_3137-2048x1536.jpg 2048w\" sizes=\"auto, (max-width: 1024px) 100vw, 1024px\" \/><figcaption>Laget: \u00c5s H\u00f8yre har 35 navn p\u00e5 listen til lokalvalget 2023.<\/figcaption><\/figure>\n\n\n\n<h2 class=\"wp-block-heading\">H\u00f8yres alternativ og Bengts \u00c5s <\/h2>\n\n\n<div class=\"wp-block-image\">\n<figure class=\"alignleft size-medium is-resized\"><img loading=\"lazy\" decoding=\"async\" src=\"https:\/\/hoyre.no\/content\/uploads\/sites\/154\/2023\/08\/IMG_7006-225x300.jpg\" alt=\"Bilde av Bengt. \" class=\"wp-image-119\" width=\"264\" height=\"352\" srcset=\"https:\/\/hoyre.no\/content\/uploads\/sites\/154\/2023\/08\/IMG_7006-225x300.jpg 225w, https:\/\/hoyre.no\/content\/uploads\/sites\/154\/2023\/08\/IMG_7006-768x1024.jpg 768w, https:\/\/hoyre.no\/content\/uploads\/sites\/154\/2023\/08\/IMG_7006-1152x1536.jpg 1152w, https:\/\/hoyre.no\/content\/uploads\/sites\/154\/2023\/08\/IMG_7006-1536x2048.jpg 1536w, https:\/\/hoyre.no\/content\/uploads\/sites\/154\/2023\/08\/IMG_7006-scaled.jpg 1875w\" sizes=\"auto, (max-width: 264px) 100vw, 264px\" \/><figcaption>Motivert: Bengt er klar for endring etter 32 \u00e5r<\/figcaption><\/figure><\/div>\n\n\n<p>Bengt vokste opp p\u00e5 Solberg og gikk f\u00f8rst p\u00e5 Nordby skole, deretter p\u00e5 Solberg skole, Nordbytun ungdomsskole og \u00c5s Videreg\u00e5ende skole. S\u00e5 ventet milit\u00e6ret og f\u00f8rstegangstjeneste i marinen og 22. MTB Skvadron f\u00f8r han flyttet til Stavanger for \u00e5 studere.<\/p>\n\n\n\n<p>Han var tidlig engasjert og meldte seg inn i Unge H\u00f8yre allerede i 1985.<\/p>\n\n\n\n<p>Bengt har alltid v\u00e6rt skapende, en som liker \u00e5 fikse, reparere og finne de gode l\u00f8sningene. Dette gjenspeiles ogs\u00e5 i politikken. Han mener det er mye uutnyttet potensiale i kommunen, og i flere av dagens l\u00f8sninger som fungerer mindre godt. <\/p>\n\n\n\n<p><strong>Synes du kommunen er rigget godt nok til \u00e5 omstille seg til innbyggeres behov? <\/strong><\/p>\n\n\n\n<p><em>Det eneste som er konstant, er endring. Verden og samfunnet vi lever i endres hele tiden, og det er viktig at vi som politikere og kommune henger med p\u00e5 utviklingen og er dynamiske og tilpasningsdyktige. Det er lokalt du kjenner det i hverdagen. Vi m\u00e5 t\u00f8rre \u00e5 stille krav, tenke nytt og endre for \u00e5 bevare det gode.<\/em> <\/p>\n\n\n\n<p><strong>Hvorfor skal folk stemme p\u00e5 deg som sin ordf\u00f8rer? <\/strong><\/p>\n\n\n\n<p><em>Jeg har et oppriktig \u00f8nske om at \u00c5s skal v\u00e6re en kommune hvor folk trives og har det bra. Jeg er en ekte \u00c5s-gutt, og er stolt av \u00e5 v\u00e6re ordf\u00f8rerkandidat og gruppeleder for \u00c5s H\u00f8yre. Vi skal v\u00e6re partiet som setter mennesket foran systemet, som setter innbyggeren og brukeren av kommunens tjenester i fokus. Dagens posisjon med Ap i spissen prioriterer systemet og ideologien sin i stedet for \u00e5 lytte til mennesker med sine ulike behov om hvordan de \u00f8nsker \u00e5 ha det i kommunen sin. Den enkelte kjenner sitt eget liv best, og da m\u00e5 de f\u00e5 ta st\u00f8rre del i beslutningene som p\u00e5virker hverdagen deres.<\/em><\/p>\n\n\n\n<p><strong>Hva mener du med at 32 \u00e5r er nok? <\/strong><\/p>\n\n\n\n<p><em>Jeg vil ha en JA-kommune der de gode l\u00f8sningene p\u00e5 reelle problemer for innbyggerne st\u00e5r i fokus. Jeg vil avskaffe eiendomsskatt og \u00f8nsker et bredere tilbud til innbyggere der private akt\u00f8rer ogs\u00e5 f\u00e5r ta del.<\/em> <\/p>\n\n\n\n<h2 class=\"wp-block-heading\">Valgkamp og politisk brobygging <\/h2>\n\n\n\n<p>Bengt mener evnen og viljen til samarbeid har v\u00e6rt viktig i innev\u00e6rende periode og blir viktig videre i valgkampen. Han \u00f8nsker \u00e5 v\u00e6re en ordf\u00f8rer for alle, som er samlende og s\u00f8rger for et ordskifte med respekt, p\u00e5 tross av ideologiske skillelinjer. <\/p>\n\n\n\n<p><strong>Tenker du at det er oppskriften p\u00e5 valgseier? <\/strong><\/p>\n\n\n\n<p><em>Brobygging er viktig for meg, og jeg er opptatt av \u00e5 finne de gode l\u00f8sningene og se hva folk utover eget parti er opptatt av. P\u00e5 den m\u00e5ten tror jeg vi kan finne b\u00e5de flere samarbeidspartier og gode l\u00f8sninger for innbyggerne v\u00e5re.<\/em> <\/p>\n\n\n\n<p><strong>Hvordan har dere drevet valgkamp? <\/strong><\/p>\n\n\n\n<p><em>Valgkampen v\u00e5r startet allerede i april 2022 med \u00abBl\u00e5 m\u00e5ned\u00bb. Da hadde vi stands hver helg, vervekonkurranse og avsluttet m\u00e5neden med ordf\u00f8rernominasjon. Siden det har vi hatt en \u00abrolig jogg\u00bb mot valgkampen. <\/em><\/p>\n\n\n\n<p>I tillegg har partiet hatt flere medlemsm\u00f8ter med innspillsrunder til programmet og 3 kandidatsamlinger etter nominasjonen av resten av listekandidatene. <\/p>\n\n\n\n<p><strong>Hva gj\u00f8r dere annerledes denne valgkampen? <\/strong><\/p>\n\n\n\n<p><em>Det er ved \u00e5 opps\u00f8ke folk at vi f\u00e5r vite hva som er viktig for innbyggerne v\u00e5re, s\u00e5 vi gj\u00f8r jo noe av det samme, som stands og husbes\u00f8k. Det som er annerledes er at vi startet tidlig, er mer synlige og viktigst av alt: vi har det veldig g\u00f8y sammen. Jeg tror folk ser at vi er et godt Team, som har det moro sammen og spiller hverandre gode. I tillegg har vi jo hatt tidlig oppl\u00e6ring av listekandidater gjennom flere kandidatsamlinger, det har vi ikke gjort tidligere. Det har v\u00e6rt veldig fint for de nye \u00e5 f\u00e5 en lavterskel inngang b\u00e5de til politikken og til \u00e5 bli kjent med de mer erfarne politikerne v\u00e5re.<\/em> <\/p>\n\n\n\n<h2 class=\"wp-block-heading\">N\u00f8dvendig kursendring <\/h2>\n\n\n\n<p>\u00c5s-politikken trenger kursendring og det er p\u00e5 tide at nye krefter slipper til. Bengt er tydelig p\u00e5 at det er de lange linjene som er viktige for den politiske styringen av kommunen. Samtidig er det lokalt innbyggerne v\u00e5re kjenner en forskjell. Fra de \u00absm\u00e5\u00bb sakene som: f\u00e5r fotballklubbene trent ute hele \u00e5ret, eller m\u00e5 de finne alternative lokaler? Blir n\u00e6rskolen bygget ut? <\/p>\n\n\n\n<p>Bengt er klar p\u00e5 hvilke saker som er viktige n\u00e5r H\u00f8yre sitter med st\u00f8 h\u00e5nd p\u00e5 roret fra h\u00f8sten av. Noen av disse er: <\/p>\n\n\n\n<ul class=\"wp-block-list\"><li>Vi m\u00e5 kunne utvikle, bygge ut n\u00e6ring og boliger og bo i hele kommunen uten begrensninger fra nasjonale planer og f\u00f8ringer.<\/li><li>Vi skal ha verdige tjenestetilbud, tilpasset brukeren og med innbyggeren i fokus<\/li><li>Avskaffe eiendomsskatt! Eiendomsskatten er usosial og rammer de som har minst fra f\u00f8r.<\/li><li>Nytenking innen boligsosiale modeller, slik at vi f\u00e5r ulike boligtyper og rimelige boliger for f\u00f8rstegangskj\u00f8pere og bofellesskap for seniorene.<\/li><li>Tettere samarbeid med idrettslagene, om blant annet flere idrettsanlegg og vinterdrift p\u00e5 kunstgressbaner.<\/li><li>Det m\u00e5 bli lettere \u00e5 v\u00e6re frivillig og v\u00e6re mindre byr\u00e5krati rundt frivilligheten, og mer aktivitet rundt for eksempel Breivoll og DNT<\/li><li>Bygge ut sj\u00f8skogen skole<\/li><li>Styrke skolen med flere pedagoger, helsesykepleiere og sosiall\u00e6rere.<\/li><li>Direkte bussrute mellom Vinterbro-\u00c5s sentrum og bussterminal p\u00e5 Vinterbro. <\/li><\/ul>\n\n\n\n<h3 class=\"wp-block-heading\">Kontaktinformasjon <\/h3>\n\n\n\n<p>Har du sp\u00f8rsm\u00e5l eller har lyst til \u00e5 v\u00e6re en del av Team \u00c5s H\u00f8yre?<br>Ta kontakt med Bengt p\u00e5 977 99 010 <br>eller e-post <a href=\"mailto:klemmetsen@gmail.com\">klemmetsen@gmail.com<\/a> <\/p>\n\n\n\t\t\t<div class=\"wp-block-hoyre-list alignfull is-style-panel\">\n\t\t\t\t<div class=\"block-inner\">\n\t\t\t\t\t\t<div class=\"post-wrap links-wrapper-outer grey-panel\">\n\t\t<h2 class=\"title anchor-title\"><\/h2>\t\t<div class=\"links-wrapper\">\n\t\t\t\t\t\t\t<div class=\"column\">\n\t\t\t\t\t\t\t\t\t\t\t<div class=\"single-link\" data-link=\"0\">\n\t\t\t\t\t\t\t<a href=\"https:\/\/hoyre.no\/as\/aktuelt\/as-hoyres-program-2023-2027\/\" class=\"link\">\n\t\t\t\t\t\t<span>\n\t\t\t\t\u00c5s H\u00f8yres program 2023-2027\t\t\t\t<span class=\"link-append\"><\/span>\n\t\t\t<\/span>\n\t\t<\/a>\t\t\t\t\t\t<\/div>\n\t\t\t\t\t\t\t\t\t<\/div>\n\t\t\t\t\t\t\t<div class=\"column\">\n\t\t\t\t\t<\/div>\t\t<\/div>\n\t<\/div>\n\t\t\t\t\t<\/div>\n\t\t\t<\/div>\n\t\t\t\n\n<div class=\"tags\">\n\t\t<div class=\"wp-block-tag-cloud\">\n\t\t\t\t\t<a href=\"https:\/\/hoyre.no\/as\/aktuelt\/tag\/2023-2027\/\" class=\"tag-cloud-link\">2023-2027<\/a>\n\t\t\t<\/div>\n\t<\/div>\n<div class=\"post-footer alignfull has-background block-editor-block-list__block\" data-align=full>\n\t<div class=\"post-footer-inner\">\n\t\t<h3>Relaterte artikler<\/h3>\n\t\t<div class=\"related-content\"><div class=\"is-card-hoyre\">\n\t<div class=\"teft-card hoyre-teft-card post-teft-card\">\n\t\t<a href=\"https:\/\/hoyre.no\/as\/aktuelt\/as-hoyres-program-2023-2027\/\" class=\"teft-card__primary-action\">\n\n\t\t\t\t\t<div class=\"teft-card__media teft-card__media--16-9\">\n\t\t\t\t\t\t<img loading=\"lazy\" decoding=\"async\" width=\"768\" height=\"664\" src=\"https:\/\/hoyre.no\/content\/uploads\/sites\/154\/2023\/06\/Card-image-Program-2023-2027-768x664.png\" class=\"attachment-medium_large size-medium_large\" alt=\"\" srcset=\"https:\/\/hoyre.no\/content\/uploads\/sites\/154\/2023\/06\/Card-image-Program-2023-2027-768x664.png 768w, https:\/\/hoyre.no\/content\/uploads\/sites\/154\/2023\/06\/Card-image-Program-2023-2027-300x259.png 300w, https:\/\/hoyre.no\/content\/uploads\/sites\/154\/2023\/06\/Card-image-Program-2023-2027-1024x885.png 1024w, https:\/\/hoyre.no\/content\/uploads\/sites\/154\/2023\/06\/Card-image-Program-2023-2027.png 1184w\" sizes=\"auto, (max-width: 768px) 100vw, 768px\" \/>\t\t<\/div>\n\t\t\n\t\t\t<div class=\"teft-card__content-wrapper\">\n\t\t\t\t<div class=\"teft-card__secondary\">\n\t\t\t\t\t\n\t\t\t\t\t\t\t\t<div class=\"teft-card__meta\">\n\t\t\t\t\t\t\t\t\t<span class=\"post-date\">23. jun 2023<\/span>\n\n\t\t\t\t\t\t\t\t\t<span class=\"post-category\">Program<\/span>\t\t\t\t\t\t\t\t<\/div>\n\t\t\t\t\t\t\t\t\t\t\t<\/div>\n\n\t\t\t\t<div class=\"teft-card__primary\">\n\t\t\t\t\t<h2 class=\"teft-card__title\">Program 2023-2027&nbsp;<span class=\"teft-card__primary-title-append\"><\/span><\/h2>\t\t\t\t<\/div>\n\t\t\t<\/div>\n\t\t<\/a>\n\t<\/div>\n\n\t<\/div><div class=\"is-card-hoyre\">\n\t<div class=\"teft-card hoyre-teft-card post-teft-card\">\n\t\t<a href=\"https:\/\/hoyre.no\/as\/aktuelt\/arets-aerespris-gar-til-bengt-nost-klemmetsen\/\" class=\"teft-card__primary-action\">\n\n\t\t\t\t\t<div class=\"teft-card__media teft-card__media--16-9\">\n\t\t\t\t\t\t<img loading=\"lazy\" decoding=\"async\" width=\"768\" height=\"679\" src=\"https:\/\/hoyre.no\/content\/uploads\/sites\/154\/2024\/11\/IMG_4791-scaled-e1731420269978-768x679.jpg\" class=\"attachment-medium_large size-medium_large\" alt=\"\" srcset=\"https:\/\/hoyre.no\/content\/uploads\/sites\/154\/2024\/11\/IMG_4791-scaled-e1731420269978-768x679.jpg 768w, https:\/\/hoyre.no\/content\/uploads\/sites\/154\/2024\/11\/IMG_4791-scaled-e1731420269978-300x265.jpg 300w, https:\/\/hoyre.no\/content\/uploads\/sites\/154\/2024\/11\/IMG_4791-scaled-e1731420269978-1024x905.jpg 1024w, https:\/\/hoyre.no\/content\/uploads\/sites\/154\/2024\/11\/IMG_4791-scaled-e1731420269978-1536x1358.jpg 1536w, https:\/\/hoyre.no\/content\/uploads\/sites\/154\/2024\/11\/IMG_4791-scaled-e1731420269978.jpg 1875w\" sizes=\"auto, (max-width: 768px) 100vw, 768px\" \/>\t\t<\/div>\n\t\t\n\t\t\t<div class=\"teft-card__content-wrapper\">\n\t\t\t\t<div class=\"teft-card__secondary\">\n\t\t\t\t\t\n\t\t\t\t\t\t\t\t<div class=\"teft-card__meta\">\n\t\t\t\t\t\t\t\t\t<span class=\"post-date\">12. nov 2024<\/span>\n\n\t\t\t\t\t\t\t\t\t<span class=\"post-category\">Ukategorisert<\/span>\t\t\t\t\t\t\t\t<\/div>\n\t\t\t\t\t\t\t\t\t\t\t<\/div>\n\n\t\t\t\t<div class=\"teft-card__primary\">\n\t\t\t\t\t<h2 class=\"teft-card__title\">\u00c5rets \u00e6respris g\u00e5r til Bengt N\u00f8st-Klemmetsen&nbsp;<span class=\"teft-card__primary-title-append\"><\/span><\/h2>\t\t\t\t<\/div>\n\t\t\t<\/div>\n\t\t<\/a>\n\t<\/div>\n\n\t<\/div><div class=\"is-card-hoyre\">\n\t<div class=\"teft-card hoyre-teft-card post-teft-card\">\n\t\t<a href=\"https:\/\/hoyre.no\/as\/aktuelt\/as-hoyres-provenominasjon-til-stortingsvalget-2025\/\" class=\"teft-card__primary-action\">\n\n\t\t\t\t\t<div class=\"teft-card__media teft-card__media--16-9\">\n\t\t\t\t\t\t<img loading=\"lazy\" decoding=\"async\" width=\"768\" height=\"768\" src=\"https:\/\/hoyre.no\/content\/uploads\/sites\/154\/2022\/11\/Hoyres-logo-768x768.png\" class=\"attachment-medium_large size-medium_large\" alt=\"\" srcset=\"https:\/\/hoyre.no\/content\/uploads\/sites\/154\/2022\/11\/Hoyres-logo-768x768.png 768w, https:\/\/hoyre.no\/content\/uploads\/sites\/154\/2022\/11\/Hoyres-logo-300x300.png 300w, https:\/\/hoyre.no\/content\/uploads\/sites\/154\/2022\/11\/Hoyres-logo-150x150.png 150w, https:\/\/hoyre.no\/content\/uploads\/sites\/154\/2022\/11\/Hoyres-logo.png 1000w\" sizes=\"auto, (max-width: 768px) 100vw, 768px\" \/>\t\t<\/div>\n\t\t\n\t\t\t<div class=\"teft-card__content-wrapper\">\n\t\t\t\t<div class=\"teft-card__secondary\">\n\t\t\t\t\t\n\t\t\t\t\t\t\t\t<div class=\"teft-card__meta\">\n\t\t\t\t\t\t\t\t\t<span class=\"post-date\">22. sep 2024<\/span>\n\n\t\t\t\t\t\t\t\t\t<span class=\"post-category\">Valg og nominasjon<\/span>\t\t\t\t\t\t\t\t<\/div>\n\t\t\t\t\t\t\t\t\t\t\t<\/div>\n\n\t\t\t\t<div class=\"teft-card__primary\">\n\t\t\t\t\t<h2 class=\"teft-card__title\">\u00c5s H\u00f8yres pr\u00f8venominasjon til Stortingsvalget 2025&nbsp;<span class=\"teft-card__primary-title-append\"><\/span><\/h2>\t\t\t\t<\/div>\n\t\t\t<\/div>\n\t\t<\/a>\n\t<\/div>\n\n\t<\/div><\/div>\t<\/div>\n<\/div>\n","protected":false},"excerpt":{"rendered":"","protected":false},"author":30281,"featured_media":0,"comment_status":"closed","ping_status":"closed","sticky":false,"template":"","format":"standard","meta":{"teft_cards_image_url":"","teft_cards_custom_pretitle":"","teft_cards_image_id":118,"teft_cards_image_focal_point_x":0.51,"teft_cards_image_focal_point_y":0.4,"teft_cards_title":"Bli kjent med Bengt! ","teft_cards_excerpt":"\u00c5s H\u00f8yres ordf\u00f8rerkandidat er klar i sin tale: 32 \u00e5r er nok! Han skal sammen med laget sitt s\u00f8rge for et politisk skifte i \u00c5s til h\u00f8sten. Bli bedre kjent med han!","teft_show_chapters":false,"author_display_name":"\u00c5s H\u00f8yre","footnotes":""},"category":[1],"post_tag":[13],"hoyre-visibility":[],"article-type":[],"politician":[],"class_list":["post-111","post","type-post","status-publish","format-standard","hentry","category-ukategorisert","tag-2023-2027"],"yoast_head":"<!-- This site is optimized with the Yoast SEO plugin v26.6 - https:\/\/yoast.com\/wordpress\/plugins\/seo\/ -->\n<title>Bli kjent med Bengt! - \u00c5s H\u00f8yre<\/title>\n<meta name=\"robots\" content=\"index, follow, max-snippet:-1, max-image-preview:large, max-video-preview:-1\" \/>\n<link rel=\"canonical\" href=\"https:\/\/hoyre.no\/as\/aktuelt\/bli-kjent-med-bengt\/\" \/>\n<meta property=\"og:locale\" content=\"nb_NO\" \/>\n<meta property=\"og:type\" content=\"article\" \/>\n<meta property=\"og:title\" content=\"Bli kjent med Bengt! - \u00c5s H\u00f8yre\" \/>\n<meta property=\"og:url\" content=\"https:\/\/hoyre.no\/as\/aktuelt\/bli-kjent-med-bengt\/\" \/>\n<meta property=\"og:site_name\" content=\"\u00c5s H\u00f8yre\" \/>\n<meta property=\"article:published_time\" content=\"2023-07-31T22:13:22+00:00\" \/>\n<meta property=\"og:image\" content=\"https:\/\/hoyre.no\/content\/uploads\/sites\/154\/2023\/07\/IMG_3137-1024x768.jpg\" \/>\n<meta name=\"author\" content=\"Sverre Strand Teigen\" \/>\n<meta name=\"twitter:card\" content=\"summary_large_image\" \/>\n<meta name=\"twitter:label1\" content=\"Skrevet av\" \/>\n\t<meta name=\"twitter:data1\" content=\"Sverre Strand Teigen\" \/>\n\t<meta name=\"twitter:label2\" content=\"Ansl. lesetid\" \/>\n\t<meta name=\"twitter:data2\" content=\"10 minutter\" \/>\n<script type=\"application\/ld+json\" class=\"yoast-schema-graph\">{\"@context\":\"https:\/\/schema.org\",\"@graph\":[{\"@type\":\"NewsArticle\",\"@id\":\"https:\/\/hoyre.no\/as\/aktuelt\/bli-kjent-med-bengt\/\",\"url\":\"https:\/\/hoyre.no\/as\/aktuelt\/bli-kjent-med-bengt\/\",\"name\":\"Bli kjent med Bengt! - \u00c5s H\u00f8yre\",\"isPartOf\":{\"@id\":\"https:\/\/hoyre.no\/as\/#website\"},\"image\":{\"@id\":\"https:\/\/hoyre.no\/as\/aktuelt\/bli-kjent-med-bengt\/#primaryimage\"},\"thumbnailUrl\":\"https:\/\/hoyre.no\/content\/uploads\/sites\/154\/2023\/07\/IMG_7618-300x225.jpg\",\"datePublished\":\"2023-07-31T22:13:22+00:00\",\"author\":{\"@id\":\"https:\/\/hoyre.no\/as\/#\/schema\/person\/94e80ea18e516af0e5ae99447db8bfba\"},\"breadcrumb\":{\"@id\":\"https:\/\/hoyre.no\/as\/aktuelt\/bli-kjent-med-bengt\/#breadcrumb\"},\"inLanguage\":\"nb-NO\",\"potentialAction\":[{\"@type\":\"ReadAction\",\"target\":[\"https:\/\/hoyre.no\/as\/aktuelt\/bli-kjent-med-bengt\/\"]}]},{\"@type\":\"ImageObject\",\"inLanguage\":\"nb-NO\",\"@id\":\"https:\/\/hoyre.no\/as\/aktuelt\/bli-kjent-med-bengt\/#primaryimage\",\"url\":\"https:\/\/hoyre.no\/content\/uploads\/sites\/154\/2023\/07\/IMG_7618-300x225.jpg\",\"contentUrl\":\"https:\/\/hoyre.no\/content\/uploads\/sites\/154\/2023\/07\/IMG_7618-300x225.jpg\"},{\"@type\":\"BreadcrumbList\",\"@id\":\"https:\/\/hoyre.no\/as\/aktuelt\/bli-kjent-med-bengt\/#breadcrumb\",\"itemListElement\":[{\"@type\":\"ListItem\",\"position\":1,\"name\":\"Til hoyre.no\",\"item\":\"https:\/\/hoyre.no\"},{\"@type\":\"ListItem\",\"position\":2,\"name\":\"Hjem\",\"item\":\"https:\/\/hoyre.no\/as\/\"},{\"@type\":\"ListItem\",\"position\":3,\"name\":\"Bli kjent med Bengt!\"}]},{\"@type\":\"WebSite\",\"@id\":\"https:\/\/hoyre.no\/as\/#website\",\"url\":\"https:\/\/hoyre.no\/as\/\",\"name\":\"\u00c5s H\u00f8yre\",\"description\":\"Bare enda et H\u00f8yres nettsteder-nettsted\",\"inLanguage\":\"nb-NO\"},{\"@type\":\"Person\",\"@id\":\"https:\/\/hoyre.no\/as\/#\/schema\/person\/94e80ea18e516af0e5ae99447db8bfba\",\"name\":\"Sverre Strand Teigen\",\"image\":{\"@type\":\"ImageObject\",\"inLanguage\":\"nb-NO\",\"@id\":\"https:\/\/hoyre.no\/as\/#\/schema\/person\/image\/\",\"url\":\"https:\/\/secure.gravatar.com\/avatar\/f8c4d3cfef7604a49a5e332bd3dc30b74e54189009709f9907c2aa52a15c9447?s=96&d=mm&r=g\",\"contentUrl\":\"https:\/\/secure.gravatar.com\/avatar\/f8c4d3cfef7604a49a5e332bd3dc30b74e54189009709f9907c2aa52a15c9447?s=96&d=mm&r=g\",\"caption\":\"Sverre Strand Teigen\"},\"url\":\"https:\/\/hoyre.no\/as\/aktuelt\/author\/m50420462\/\"}]}<\/script>\n<!-- \/ Yoast SEO plugin. -->","yoast_head_json":{"title":"Bli kjent med Bengt! - \u00c5s H\u00f8yre","robots":{"index":"index","follow":"follow","max-snippet":"max-snippet:-1","max-image-preview":"max-image-preview:large","max-video-preview":"max-video-preview:-1"},"canonical":"https:\/\/hoyre.no\/as\/aktuelt\/bli-kjent-med-bengt\/","og_locale":"nb_NO","og_type":"article","og_title":"Bli kjent med Bengt! - \u00c5s H\u00f8yre","og_url":"https:\/\/hoyre.no\/as\/aktuelt\/bli-kjent-med-bengt\/","og_site_name":"\u00c5s H\u00f8yre","article_published_time":"2023-07-31T22:13:22+00:00","og_image":[{"url":"https:\/\/hoyre.no\/content\/uploads\/sites\/154\/2023\/07\/IMG_3137-1024x768.jpg","width":"","height":"","type":""}],"author":"Sverre Strand Teigen","twitter_card":"summary_large_image","twitter_misc":{"Skrevet av":"Sverre Strand Teigen","Ansl. lesetid":"10 minutter"},"schema":{"@context":"https:\/\/schema.org","@graph":[{"@type":"NewsArticle","@id":"https:\/\/hoyre.no\/as\/aktuelt\/bli-kjent-med-bengt\/","url":"https:\/\/hoyre.no\/as\/aktuelt\/bli-kjent-med-bengt\/","name":"Bli kjent med Bengt! - \u00c5s H\u00f8yre","isPartOf":{"@id":"https:\/\/hoyre.no\/as\/#website"},"image":{"@id":"https:\/\/hoyre.no\/as\/aktuelt\/bli-kjent-med-bengt\/#primaryimage"},"thumbnailUrl":"https:\/\/hoyre.no\/content\/uploads\/sites\/154\/2023\/07\/IMG_7618-300x225.jpg","datePublished":"2023-07-31T22:13:22+00:00","author":{"@id":"https:\/\/hoyre.no\/as\/#\/schema\/person\/94e80ea18e516af0e5ae99447db8bfba"},"breadcrumb":{"@id":"https:\/\/hoyre.no\/as\/aktuelt\/bli-kjent-med-bengt\/#breadcrumb"},"inLanguage":"nb-NO","potentialAction":[{"@type":"ReadAction","target":["https:\/\/hoyre.no\/as\/aktuelt\/bli-kjent-med-bengt\/"]}]},{"@type":"ImageObject","inLanguage":"nb-NO","@id":"https:\/\/hoyre.no\/as\/aktuelt\/bli-kjent-med-bengt\/#primaryimage","url":"https:\/\/hoyre.no\/content\/uploads\/sites\/154\/2023\/07\/IMG_7618-300x225.jpg","contentUrl":"https:\/\/hoyre.no\/content\/uploads\/sites\/154\/2023\/07\/IMG_7618-300x225.jpg"},{"@type":"BreadcrumbList","@id":"https:\/\/hoyre.no\/as\/aktuelt\/bli-kjent-med-bengt\/#breadcrumb","itemListElement":[{"@type":"ListItem","position":1,"name":"Til hoyre.no","item":"https:\/\/hoyre.no"},{"@type":"ListItem","position":2,"name":"Hjem","item":"https:\/\/hoyre.no\/as\/"},{"@type":"ListItem","position":3,"name":"Bli kjent med Bengt!"}]},{"@type":"WebSite","@id":"https:\/\/hoyre.no\/as\/#website","url":"https:\/\/hoyre.no\/as\/","name":"\u00c5s H\u00f8yre","description":"Bare enda et H\u00f8yres nettsteder-nettsted","inLanguage":"nb-NO"},{"@type":"Person","@id":"https:\/\/hoyre.no\/as\/#\/schema\/person\/94e80ea18e516af0e5ae99447db8bfba","name":"Sverre Strand Teigen","image":{"@type":"ImageObject","inLanguage":"nb-NO","@id":"https:\/\/hoyre.no\/as\/#\/schema\/person\/image\/","url":"https:\/\/secure.gravatar.com\/avatar\/f8c4d3cfef7604a49a5e332bd3dc30b74e54189009709f9907c2aa52a15c9447?s=96&d=mm&r=g","contentUrl":"https:\/\/secure.gravatar.com\/avatar\/f8c4d3cfef7604a49a5e332bd3dc30b74e54189009709f9907c2aa52a15c9447?s=96&d=mm&r=g","caption":"Sverre Strand Teigen"},"url":"https:\/\/hoyre.no\/as\/aktuelt\/author\/m50420462\/"}]}},"distributor_meta":false,"distributor_terms":false,"distributor_media":false,"distributor_original_site_name":"\u00c5s H\u00f8yre","distributor_original_site_url":"https:\/\/hoyre.no\/as","push-errors":false,"_links":{"self":[{"href":"https:\/\/hoyre.no\/as\/wp-json\/wp\/v2\/posts\/111","targetHints":{"allow":["GET"]}}],"collection":[{"href":"https:\/\/hoyre.no\/as\/wp-json\/wp\/v2\/posts"}],"about":[{"href":"https:\/\/hoyre.no\/as\/wp-json\/wp\/v2\/types\/post"}],"author":[{"embeddable":true,"href":"https:\/\/hoyre.no\/as\/wp-json\/wp\/v2\/users\/30281"}],"replies":[{"embeddable":true,"href":"https:\/\/hoyre.no\/as\/wp-json\/wp\/v2\/comments?post=111"}],"version-history":[{"count":4,"href":"https:\/\/hoyre.no\/as\/wp-json\/wp\/v2\/posts\/111\/revisions"}],"predecessor-version":[{"id":120,"href":"https:\/\/hoyre.no\/as\/wp-json\/wp\/v2\/posts\/111\/revisions\/120"}],"wp:attachment":[{"href":"https:\/\/hoyre.no\/as\/wp-json\/wp\/v2\/media?parent=111"}],"wp:term":[{"taxonomy":"category","embeddable":true,"href":"https:\/\/hoyre.no\/as\/wp-json\/wp\/v2\/category?post=111"},{"taxonomy":"post_tag","embeddable":true,"href":"https:\/\/hoyre.no\/as\/wp-json\/wp\/v2\/post_tag?post=111"},{"taxonomy":"hoyre-visibility","embeddable":true,"href":"https:\/\/hoyre.no\/as\/wp-json\/wp\/v2\/hoyre-visibility?post=111"},{"taxonomy":"article-type","embeddable":true,"href":"https:\/\/hoyre.no\/as\/wp-json\/wp\/v2\/article-type?post=111"},{"taxonomy":"politician","embeddable":true,"href":"https:\/\/hoyre.no\/as\/wp-json\/wp\/v2\/politician?post=111"}],"curies":[{"name":"wp","href":"https:\/\/api.w.org\/{rel}","templated":true}]}}