{"id":133,"date":"2024-09-22T20:07:45","date_gmt":"2024-09-22T18:07:45","guid":{"rendered":"https:\/\/hoyre.no\/as\/?p=133"},"modified":"2024-09-22T20:07:45","modified_gmt":"2024-09-22T18:07:45","slug":"as-hoyres-provenominasjon-til-stortingsvalget-2025","status":"publish","type":"post","link":"https:\/\/hoyre.no\/as\/aktuelt\/as-hoyres-provenominasjon-til-stortingsvalget-2025\/","title":{"rendered":"\u00c5s H\u00f8yres pr\u00f8venominasjon til Stortingsvalget 2025"},"content":{"rendered":"\n<p class=\"preamble\">Torsdag 19. september avholdt \u00c5s H\u00f8yre sitt pr\u00f8venominasjonsm\u00f8te til neste \u00e5rs stortingsvalg. Dette er lokalforeningens innspill til nominasjonskomiteens arbeid. <br><br>Den endelige stortingsvalgslisten skal vedtas p\u00e5 Akershus H\u00f8yres nominasjonsm\u00f8te 21. november senere i \u00e5r. <\/p>\n\n\n\n<figure class=\"wp-block-table\"><table><tbody><tr><td><strong>Nr.<\/strong><\/td><td><strong>Navn<\/strong><\/td><td><strong>Kommune<\/strong><\/td><td><strong>F\u00f8dt<\/strong><\/td><\/tr><tr><td>1.<\/td><td>Henrik Asheim <\/td><td>B\u00e6rum<\/td><td>1983<\/td><\/tr><tr><td>2.<\/td><td>Tone Wilhelmsen Tr\u00f8en<\/td><td>Eidsvoll<\/td><td>1966<\/td><\/tr><tr><td>3.<\/td><td>Anne Kristine Linnestad<\/td><td>Nordre Follo<\/td><td>1961<\/td><\/tr><tr><td>4.<\/td><td>H\u00e5rek Elvenes<\/td><td>B\u00e6rum<\/td><td>1959<\/td><\/tr><tr><td>5.<\/td><td>Turid Kristensen<\/td><td>L\u00f8renskog<\/td><td>1966<\/td><\/tr><tr><td>6.<\/td><td>Tonje Anderson Olsen<\/td><td>Enebakk<\/td><td>1969<\/td><\/tr><tr><td>7.<\/td><td>Per Erling L\u00f8kken<\/td><td>Lillestr\u00f8m<\/td><td>1971<\/td><\/tr><tr><td>8.<\/td><td>Kari Sofie Bj\u00f8rnsen<\/td><td>Asker<\/td><td>1967<\/td><\/tr><tr><td>9.<\/td><td>Ekrem Ari<\/td><td>L\u00f8renskog<\/td><td>1988<\/td><\/tr><tr><td>10.<\/td><td>Line Biagio Solvang<\/td><td>Lunner<\/td><td>1977<\/td><\/tr><tr><td>11.<\/td><td>Tage Slind Jensen<\/td><td>Nesodden<\/td><td>1998<\/td><\/tr><tr><td>12.<\/td><td>Anine Nor\u00e9n<\/td><td>Frogn<\/td><td>1999<\/td><\/tr><tr><td>13.<\/td><td>Lars Berge<\/td><td>Ullensaker<\/td><td>1972<\/td><\/tr><tr><td>14.<\/td><td>Trine-Lise \u00d8stlund Blime<\/td><td>B\u00e6rum<\/td><td>1988<\/td><\/tr><tr><td>15.<\/td><td>Bj\u00f8rn Kl\u00f8vstad<\/td><td>Nordre Follo<\/td><td>1960<\/td><\/tr><tr><td>16.<\/td><td>Anniken Poetzsch Elisenberg<\/td><td>Asker<\/td><td>2003<\/td><\/tr><tr><td>17.<\/td><td>Jan-Henrik Flatla Palnes<\/td><td>Vestby<\/td><td>1977<\/td><\/tr><tr><td>18.<\/td><td>Maren Lehre Aasan<\/td><td>Lunner<\/td><td>1995<\/td><\/tr><tr><td>19.<\/td><td>Bj\u00f8rn Olav \u00d8steby<\/td><td>Nordre Follo<\/td><td>1995<\/td><\/tr><tr><td>20.<\/td><td>Cecilie Lindgren<\/td><td>Asker<\/td><td>1972<\/td><\/tr><tr><td>21.<\/td><td>Anne Hilde R\u00e6kstad<\/td><td>Nittedal<\/td><td>1978<\/td><\/tr><tr><td>22.<\/td><td>Sebastian Otterhals<\/td><td>B\u00e6rum<\/td><td>1995<\/td><\/tr><tr><td>23.<\/td><td>Truls Birkeland<\/td><td>Frogn<\/td><td>1973<\/td><\/tr><tr><td>24.<\/td><td>Stein Dahl<\/td><td>R\u00e6lingen<\/td><td>1987<\/td><\/tr><tr><td>25.<\/td><td>Amine Mabel Andresen<\/td><td>L\u00f8renskog<\/td><td>1976<\/td><\/tr><tr><td>26.<\/td><td>Lene Conradi<\/td><td>Asker<\/td><td>1970<\/td><\/tr><\/tbody><\/table><\/figure>\n\n\n\n<div class=\"tags\">\n\t<\/div>\n<div class=\"post-footer alignfull has-background block-editor-block-list__block\" data-align=full>\n\t<div class=\"post-footer-inner\">\n\t\t<h3>Relaterte artikler<\/h3>\n\t\t<div class=\"related-content\"><div class=\"is-card-hoyre\">\n\t<div class=\"teft-card hoyre-teft-card post-teft-card\">\n\t\t<a href=\"https:\/\/hoyre.no\/as\/aktuelt\/as-hoyres-program-2023-2027\/\" class=\"teft-card__primary-action\">\n\n\t\t\t\t\t<div class=\"teft-card__media teft-card__media--16-9\">\n\t\t\t\t\t\t<img loading=\"lazy\" decoding=\"async\" width=\"768\" height=\"664\" src=\"https:\/\/hoyre.no\/content\/uploads\/sites\/154\/2023\/06\/Card-image-Program-2023-2027-768x664.png\" class=\"attachment-medium_large size-medium_large\" alt=\"\" srcset=\"https:\/\/hoyre.no\/content\/uploads\/sites\/154\/2023\/06\/Card-image-Program-2023-2027-768x664.png 768w, https:\/\/hoyre.no\/content\/uploads\/sites\/154\/2023\/06\/Card-image-Program-2023-2027-300x259.png 300w, https:\/\/hoyre.no\/content\/uploads\/sites\/154\/2023\/06\/Card-image-Program-2023-2027-1024x885.png 1024w, https:\/\/hoyre.no\/content\/uploads\/sites\/154\/2023\/06\/Card-image-Program-2023-2027.png 1184w\" sizes=\"auto, (max-width: 768px) 100vw, 768px\" \/>\t\t<\/div>\n\t\t\n\t\t\t<div class=\"teft-card__content-wrapper\">\n\t\t\t\t<div class=\"teft-card__secondary\">\n\t\t\t\t\t\n\t\t\t\t\t\t\t\t<div class=\"teft-card__meta\">\n\t\t\t\t\t\t\t\t\t<span class=\"post-date\">23. jun 2023<\/span>\n\n\t\t\t\t\t\t\t\t\t<span class=\"post-category\">Program<\/span>\t\t\t\t\t\t\t\t<\/div>\n\t\t\t\t\t\t\t\t\t\t\t<\/div>\n\n\t\t\t\t<div class=\"teft-card__primary\">\n\t\t\t\t\t<h2 class=\"teft-card__title\">Program 2023-2027&nbsp;<span class=\"teft-card__primary-title-append\"><\/span><\/h2>\t\t\t\t<\/div>\n\t\t\t<\/div>\n\t\t<\/a>\n\t<\/div>\n\n\t<\/div><div class=\"is-card-hoyre\">\n\t<div class=\"teft-card hoyre-teft-card post-teft-card\">\n\t\t<a href=\"https:\/\/hoyre.no\/as\/aktuelt\/arets-aerespris-gar-til-bengt-nost-klemmetsen\/\" class=\"teft-card__primary-action\">\n\n\t\t\t\t\t<div class=\"teft-card__media teft-card__media--16-9\">\n\t\t\t\t\t\t<img loading=\"lazy\" decoding=\"async\" width=\"768\" height=\"679\" src=\"https:\/\/hoyre.no\/content\/uploads\/sites\/154\/2024\/11\/IMG_4791-scaled-e1731420269978-768x679.jpg\" class=\"attachment-medium_large size-medium_large\" alt=\"\" srcset=\"https:\/\/hoyre.no\/content\/uploads\/sites\/154\/2024\/11\/IMG_4791-scaled-e1731420269978-768x679.jpg 768w, https:\/\/hoyre.no\/content\/uploads\/sites\/154\/2024\/11\/IMG_4791-scaled-e1731420269978-300x265.jpg 300w, https:\/\/hoyre.no\/content\/uploads\/sites\/154\/2024\/11\/IMG_4791-scaled-e1731420269978-1024x905.jpg 1024w, https:\/\/hoyre.no\/content\/uploads\/sites\/154\/2024\/11\/IMG_4791-scaled-e1731420269978-1536x1358.jpg 1536w, https:\/\/hoyre.no\/content\/uploads\/sites\/154\/2024\/11\/IMG_4791-scaled-e1731420269978.jpg 1875w\" sizes=\"auto, (max-width: 768px) 100vw, 768px\" \/>\t\t<\/div>\n\t\t\n\t\t\t<div class=\"teft-card__content-wrapper\">\n\t\t\t\t<div class=\"teft-card__secondary\">\n\t\t\t\t\t\n\t\t\t\t\t\t\t\t<div class=\"teft-card__meta\">\n\t\t\t\t\t\t\t\t\t<span class=\"post-date\">12. nov 2024<\/span>\n\n\t\t\t\t\t\t\t\t\t<span class=\"post-category\">Ukategorisert<\/span>\t\t\t\t\t\t\t\t<\/div>\n\t\t\t\t\t\t\t\t\t\t\t<\/div>\n\n\t\t\t\t<div class=\"teft-card__primary\">\n\t\t\t\t\t<h2 class=\"teft-card__title\">\u00c5rets \u00e6respris g\u00e5r til Bengt N\u00f8st-Klemmetsen&nbsp;<span class=\"teft-card__primary-title-append\"><\/span><\/h2>\t\t\t\t<\/div>\n\t\t\t<\/div>\n\t\t<\/a>\n\t<\/div>\n\n\t<\/div><div class=\"is-card-hoyre\">\n\t<div class=\"teft-card hoyre-teft-card post-teft-card\">\n\t\t<a href=\"https:\/\/hoyre.no\/as\/aktuelt\/as-hoyres-kandidater-2023\/\" class=\"teft-card__primary-action\">\n\n\t\t\t\t\t<div class=\"teft-card__media teft-card__media--16-9\">\n\t\t\t\t\t\t<img loading=\"lazy\" decoding=\"async\" width=\"768\" height=\"576\" src=\"https:\/\/hoyre.no\/content\/uploads\/sites\/154\/2023\/07\/IMG_3137-768x576.jpg\" class=\"attachment-medium_large size-medium_large\" alt=\"Gruppebilde av H\u00f8yres kandidater 2023\" srcset=\"https:\/\/hoyre.no\/content\/uploads\/sites\/154\/2023\/07\/IMG_3137-768x576.jpg 768w, https:\/\/hoyre.no\/content\/uploads\/sites\/154\/2023\/07\/IMG_3137-300x225.jpg 300w, https:\/\/hoyre.no\/content\/uploads\/sites\/154\/2023\/07\/IMG_3137-1024x768.jpg 1024w, https:\/\/hoyre.no\/content\/uploads\/sites\/154\/2023\/07\/IMG_3137-1536x1152.jpg 1536w, https:\/\/hoyre.no\/content\/uploads\/sites\/154\/2023\/07\/IMG_3137-2048x1536.jpg 2048w\" sizes=\"auto, (max-width: 768px) 100vw, 768px\" \/>\t\t<\/div>\n\t\t\n\t\t\t<div class=\"teft-card__content-wrapper\">\n\t\t\t\t<div class=\"teft-card__secondary\">\n\t\t\t\t\t\n\t\t\t\t\t\t\t\t<div class=\"teft-card__meta\">\n\t\t\t\t\t\t\t\t\t<span class=\"post-date\">21. aug 2023<\/span>\n\n\t\t\t\t\t\t\t\t\t<span class=\"post-category\">Ukategorisert<\/span>\t\t\t\t\t\t\t\t<\/div>\n\t\t\t\t\t\t\t\t\t\t\t<\/div>\n\n\t\t\t\t<div class=\"teft-card__primary\">\n\t\t\t\t\t<h2 class=\"teft-card__title\">\u00c5s H\u00f8yres kandidater 2023&nbsp;<span class=\"teft-card__primary-title-append\"><\/span><\/h2>\t\t\t\t<\/div>\n\t\t\t<\/div>\n\t\t<\/a>\n\t<\/div>\n\n\t<\/div><\/div>\t<\/div>\n<\/div>\n","protected":false},"excerpt":{"rendered":"<p>Nr. Navn Kommune F\u00f8dt 1. Henrik Asheim B\u00e6rum 1983 2. Tone Wilhelmsen Tr\u00f8en Eidsvoll 1966 3. Anne Kristine Linnestad Nordre Follo 1961 4. H\u00e5rek Elvenes B\u00e6rum 1959 5. Turid Kristensen L\u00f8renskog 1966 6. Tonje Anderson Olsen Enebakk 1969 7. Per Erling L\u00f8kken Lillestr\u00f8m 1971 8. Kari Sofie Bj\u00f8rnsen Asker 1967 9. Ekrem Ari L\u00f8renskog 1988 [&hellip;]<\/p>\n","protected":false},"author":30281,"featured_media":0,"comment_status":"closed","ping_status":"closed","sticky":false,"template":"","format":"standard","meta":{"teft_cards_image_url":"","teft_cards_custom_pretitle":"","teft_cards_image_id":79,"teft_cards_image_focal_point_x":0.5,"teft_cards_image_focal_point_y":0.5,"teft_cards_title":"","teft_cards_excerpt":"Torsdag 19. september avholdt \u00c5s H\u00f8yre sitt pr\u00f8venominasjonsm\u00f8te til neste \u00e5rs stortingsvalg. Dette er lokalforeningens innspill til nominasjonskomiteens arbeid. ","teft_show_chapters":false,"author_display_name":"\u00c5s H\u00f8yre","footnotes":""},"category":[11],"post_tag":[],"hoyre-visibility":[],"article-type":[],"politician":[],"class_list":["post-133","post","type-post","status-publish","format-standard","hentry","category-valg-og-nominasjon"],"yoast_head":"<!-- This site is optimized with the Yoast SEO plugin v26.6 - https:\/\/yoast.com\/wordpress\/plugins\/seo\/ -->\n<title>\u00c5s H\u00f8yres pr\u00f8venominasjon til Stortingsvalget 2025 - \u00c5s H\u00f8yre<\/title>\n<meta name=\"robots\" content=\"index, follow, max-snippet:-1, max-image-preview:large, max-video-preview:-1\" \/>\n<link rel=\"canonical\" href=\"https:\/\/hoyre.no\/as\/aktuelt\/as-hoyres-provenominasjon-til-stortingsvalget-2025\/\" \/>\n<meta property=\"og:locale\" content=\"nb_NO\" \/>\n<meta property=\"og:type\" content=\"article\" \/>\n<meta property=\"og:title\" content=\"\u00c5s H\u00f8yres pr\u00f8venominasjon til Stortingsvalget 2025 - \u00c5s H\u00f8yre\" \/>\n<meta property=\"og:description\" content=\"Nr. Navn Kommune F\u00f8dt 1. Henrik Asheim B\u00e6rum 1983 2. Tone Wilhelmsen Tr\u00f8en Eidsvoll 1966 3. Anne Kristine Linnestad Nordre Follo 1961 4. H\u00e5rek Elvenes B\u00e6rum 1959 5. Turid Kristensen L\u00f8renskog 1966 6. Tonje Anderson Olsen Enebakk 1969 7. Per Erling L\u00f8kken Lillestr\u00f8m 1971 8. Kari Sofie Bj\u00f8rnsen Asker 1967 9. Ekrem Ari L\u00f8renskog 1988 [&hellip;]\" \/>\n<meta property=\"og:url\" content=\"https:\/\/hoyre.no\/as\/aktuelt\/as-hoyres-provenominasjon-til-stortingsvalget-2025\/\" \/>\n<meta property=\"og:site_name\" content=\"\u00c5s H\u00f8yre\" \/>\n<meta property=\"article:published_time\" content=\"2024-09-22T18:07:45+00:00\" \/>\n<meta property=\"og:image\" content=\"https:\/\/hoyre.no\/content\/uploads\/sites\/154\/2023\/08\/IMG_6853-768x1024.jpg\" \/>\n<meta name=\"author\" content=\"Sverre Strand Teigen\" \/>\n<meta name=\"twitter:card\" content=\"summary_large_image\" \/>\n<meta name=\"twitter:label1\" content=\"Skrevet av\" \/>\n\t<meta name=\"twitter:data1\" content=\"Sverre Strand Teigen\" \/>\n\t<meta name=\"twitter:label2\" content=\"Ansl. lesetid\" \/>\n\t<meta name=\"twitter:data2\" content=\"2 minutter\" \/>\n<script type=\"application\/ld+json\" class=\"yoast-schema-graph\">{\"@context\":\"https:\/\/schema.org\",\"@graph\":[{\"@type\":\"NewsArticle\",\"@id\":\"https:\/\/hoyre.no\/as\/aktuelt\/as-hoyres-provenominasjon-til-stortingsvalget-2025\/\",\"url\":\"https:\/\/hoyre.no\/as\/aktuelt\/as-hoyres-provenominasjon-til-stortingsvalget-2025\/\",\"name\":\"\u00c5s H\u00f8yres pr\u00f8venominasjon til Stortingsvalget 2025 - \u00c5s H\u00f8yre\",\"isPartOf\":{\"@id\":\"https:\/\/hoyre.no\/as\/#website\"},\"datePublished\":\"2024-09-22T18:07:45+00:00\",\"author\":{\"@id\":\"https:\/\/hoyre.no\/as\/#\/schema\/person\/94e80ea18e516af0e5ae99447db8bfba\"},\"breadcrumb\":{\"@id\":\"https:\/\/hoyre.no\/as\/aktuelt\/as-hoyres-provenominasjon-til-stortingsvalget-2025\/#breadcrumb\"},\"inLanguage\":\"nb-NO\",\"potentialAction\":[{\"@type\":\"ReadAction\",\"target\":[\"https:\/\/hoyre.no\/as\/aktuelt\/as-hoyres-provenominasjon-til-stortingsvalget-2025\/\"]}]},{\"@type\":\"BreadcrumbList\",\"@id\":\"https:\/\/hoyre.no\/as\/aktuelt\/as-hoyres-provenominasjon-til-stortingsvalget-2025\/#breadcrumb\",\"itemListElement\":[{\"@type\":\"ListItem\",\"position\":1,\"name\":\"Til hoyre.no\",\"item\":\"https:\/\/hoyre.no\"},{\"@type\":\"ListItem\",\"position\":2,\"name\":\"Hjem\",\"item\":\"https:\/\/hoyre.no\/as\/\"},{\"@type\":\"ListItem\",\"position\":3,\"name\":\"\u00c5s H\u00f8yres pr\u00f8venominasjon til Stortingsvalget 2025\"}]},{\"@type\":\"WebSite\",\"@id\":\"https:\/\/hoyre.no\/as\/#website\",\"url\":\"https:\/\/hoyre.no\/as\/\",\"name\":\"\u00c5s H\u00f8yre\",\"description\":\"Bare enda et H\u00f8yres nettsteder-nettsted\",\"inLanguage\":\"nb-NO\"},{\"@type\":\"Person\",\"@id\":\"https:\/\/hoyre.no\/as\/#\/schema\/person\/94e80ea18e516af0e5ae99447db8bfba\",\"name\":\"Sverre Strand Teigen\",\"image\":{\"@type\":\"ImageObject\",\"inLanguage\":\"nb-NO\",\"@id\":\"https:\/\/hoyre.no\/as\/#\/schema\/person\/image\/\",\"url\":\"https:\/\/secure.gravatar.com\/avatar\/f8c4d3cfef7604a49a5e332bd3dc30b74e54189009709f9907c2aa52a15c9447?s=96&d=mm&r=g\",\"contentUrl\":\"https:\/\/secure.gravatar.com\/avatar\/f8c4d3cfef7604a49a5e332bd3dc30b74e54189009709f9907c2aa52a15c9447?s=96&d=mm&r=g\",\"caption\":\"Sverre Strand Teigen\"},\"url\":\"https:\/\/hoyre.no\/as\/aktuelt\/author\/m50420462\/\"}]}<\/script>\n<!-- \/ Yoast SEO plugin. -->","yoast_head_json":{"title":"\u00c5s H\u00f8yres pr\u00f8venominasjon til Stortingsvalget 2025 - \u00c5s H\u00f8yre","robots":{"index":"index","follow":"follow","max-snippet":"max-snippet:-1","max-image-preview":"max-image-preview:large","max-video-preview":"max-video-preview:-1"},"canonical":"https:\/\/hoyre.no\/as\/aktuelt\/as-hoyres-provenominasjon-til-stortingsvalget-2025\/","og_locale":"nb_NO","og_type":"article","og_title":"\u00c5s H\u00f8yres pr\u00f8venominasjon til Stortingsvalget 2025 - \u00c5s H\u00f8yre","og_description":"Nr. Navn Kommune F\u00f8dt 1. Henrik Asheim B\u00e6rum 1983 2. Tone Wilhelmsen Tr\u00f8en Eidsvoll 1966 3. Anne Kristine Linnestad Nordre Follo 1961 4. H\u00e5rek Elvenes B\u00e6rum 1959 5. Turid Kristensen L\u00f8renskog 1966 6. Tonje Anderson Olsen Enebakk 1969 7. Per Erling L\u00f8kken Lillestr\u00f8m 1971 8. Kari Sofie Bj\u00f8rnsen Asker 1967 9. Ekrem Ari L\u00f8renskog 1988 [&hellip;]","og_url":"https:\/\/hoyre.no\/as\/aktuelt\/as-hoyres-provenominasjon-til-stortingsvalget-2025\/","og_site_name":"\u00c5s H\u00f8yre","article_published_time":"2024-09-22T18:07:45+00:00","og_image":[{"url":"https:\/\/hoyre.no\/content\/uploads\/sites\/154\/2023\/08\/IMG_6853-768x1024.jpg","width":"","height":"","type":""}],"author":"Sverre Strand Teigen","twitter_card":"summary_large_image","twitter_misc":{"Skrevet av":"Sverre Strand Teigen","Ansl. lesetid":"2 minutter"},"schema":{"@context":"https:\/\/schema.org","@graph":[{"@type":"NewsArticle","@id":"https:\/\/hoyre.no\/as\/aktuelt\/as-hoyres-provenominasjon-til-stortingsvalget-2025\/","url":"https:\/\/hoyre.no\/as\/aktuelt\/as-hoyres-provenominasjon-til-stortingsvalget-2025\/","name":"\u00c5s H\u00f8yres pr\u00f8venominasjon til Stortingsvalget 2025 - \u00c5s H\u00f8yre","isPartOf":{"@id":"https:\/\/hoyre.no\/as\/#website"},"datePublished":"2024-09-22T18:07:45+00:00","author":{"@id":"https:\/\/hoyre.no\/as\/#\/schema\/person\/94e80ea18e516af0e5ae99447db8bfba"},"breadcrumb":{"@id":"https:\/\/hoyre.no\/as\/aktuelt\/as-hoyres-provenominasjon-til-stortingsvalget-2025\/#breadcrumb"},"inLanguage":"nb-NO","potentialAction":[{"@type":"ReadAction","target":["https:\/\/hoyre.no\/as\/aktuelt\/as-hoyres-provenominasjon-til-stortingsvalget-2025\/"]}]},{"@type":"BreadcrumbList","@id":"https:\/\/hoyre.no\/as\/aktuelt\/as-hoyres-provenominasjon-til-stortingsvalget-2025\/#breadcrumb","itemListElement":[{"@type":"ListItem","position":1,"name":"Til hoyre.no","item":"https:\/\/hoyre.no"},{"@type":"ListItem","position":2,"name":"Hjem","item":"https:\/\/hoyre.no\/as\/"},{"@type":"ListItem","position":3,"name":"\u00c5s H\u00f8yres pr\u00f8venominasjon til Stortingsvalget 2025"}]},{"@type":"WebSite","@id":"https:\/\/hoyre.no\/as\/#website","url":"https:\/\/hoyre.no\/as\/","name":"\u00c5s H\u00f8yre","description":"Bare enda et H\u00f8yres nettsteder-nettsted","inLanguage":"nb-NO"},{"@type":"Person","@id":"https:\/\/hoyre.no\/as\/#\/schema\/person\/94e80ea18e516af0e5ae99447db8bfba","name":"Sverre Strand Teigen","image":{"@type":"ImageObject","inLanguage":"nb-NO","@id":"https:\/\/hoyre.no\/as\/#\/schema\/person\/image\/","url":"https:\/\/secure.gravatar.com\/avatar\/f8c4d3cfef7604a49a5e332bd3dc30b74e54189009709f9907c2aa52a15c9447?s=96&d=mm&r=g","contentUrl":"https:\/\/secure.gravatar.com\/avatar\/f8c4d3cfef7604a49a5e332bd3dc30b74e54189009709f9907c2aa52a15c9447?s=96&d=mm&r=g","caption":"Sverre Strand Teigen"},"url":"https:\/\/hoyre.no\/as\/aktuelt\/author\/m50420462\/"}]}},"distributor_meta":false,"distributor_terms":false,"distributor_media":false,"distributor_original_site_name":"\u00c5s H\u00f8yre","distributor_original_site_url":"https:\/\/hoyre.no\/as","push-errors":false,"_links":{"self":[{"href":"https:\/\/hoyre.no\/as\/wp-json\/wp\/v2\/posts\/133","targetHints":{"allow":["GET"]}}],"collection":[{"href":"https:\/\/hoyre.no\/as\/wp-json\/wp\/v2\/posts"}],"about":[{"href":"https:\/\/hoyre.no\/as\/wp-json\/wp\/v2\/types\/post"}],"author":[{"embeddable":true,"href":"https:\/\/hoyre.no\/as\/wp-json\/wp\/v2\/users\/30281"}],"replies":[{"embeddable":true,"href":"https:\/\/hoyre.no\/as\/wp-json\/wp\/v2\/comments?post=133"}],"version-history":[{"count":5,"href":"https:\/\/hoyre.no\/as\/wp-json\/wp\/v2\/posts\/133\/revisions"}],"predecessor-version":[{"id":138,"href":"https:\/\/hoyre.no\/as\/wp-json\/wp\/v2\/posts\/133\/revisions\/138"}],"wp:attachment":[{"href":"https:\/\/hoyre.no\/as\/wp-json\/wp\/v2\/media?parent=133"}],"wp:term":[{"taxonomy":"category","embeddable":true,"href":"https:\/\/hoyre.no\/as\/wp-json\/wp\/v2\/category?post=133"},{"taxonomy":"post_tag","embeddable":true,"href":"https:\/\/hoyre.no\/as\/wp-json\/wp\/v2\/post_tag?post=133"},{"taxonomy":"hoyre-visibility","embeddable":true,"href":"https:\/\/hoyre.no\/as\/wp-json\/wp\/v2\/hoyre-visibility?post=133"},{"taxonomy":"article-type","embeddable":true,"href":"https:\/\/hoyre.no\/as\/wp-json\/wp\/v2\/article-type?post=133"},{"taxonomy":"politician","embeddable":true,"href":"https:\/\/hoyre.no\/as\/wp-json\/wp\/v2\/politician?post=133"}],"curies":[{"name":"wp","href":"https:\/\/api.w.org\/{rel}","templated":true}]}}