{"id":145,"date":"2024-11-12T14:56:07","date_gmt":"2024-11-12T13:56:07","guid":{"rendered":"https:\/\/hoyre.no\/as\/?p=145"},"modified":"2024-11-12T15:05:17","modified_gmt":"2024-11-12T14:05:17","slug":"arets-aerespris-gar-til-bengt-nost-klemmetsen","status":"publish","type":"post","link":"https:\/\/hoyre.no\/as\/aktuelt\/arets-aerespris-gar-til-bengt-nost-klemmetsen\/","title":{"rendered":"\u00c5rets \u00e6respris g\u00e5r til Bengt N\u00f8st-Klemmetsen"},"content":{"rendered":"\n<p class=\"preamble\">Under \u00c5s H\u00f8yres \u00e5rsm\u00f8te, ble mottageren av \u00e5rets \u00e6respris annonsert. Ordf\u00f8rer Bengt har gjennom flere perioder gjort en ekstraordin\u00e6r innsats for partiet og politikken.\u00a0<\/p>\t\t\t<div class=\"post-meta wp-block teft-byline-wrapper\">\n\t\t\t\t<div class=\"top\">\n\t\t\t\t\t<div class=\"signature\">\n\t\t\t\t\t\t<div class=\"teft-byline\">\n\t\t\t\t\t\t\t\t\t\t\t\t\t\t<div>\n\t\t\t\t\t\t\t\t<h3>H\u00f8yres redaksjon<\/h3>\t\t\t\t\t\t\t\t\n\t\t\t\t\t\t\t\t\t\t\t\t\t\t\t\t\t<span class=\"date\">Sist oppdatert: 12. november 2024<\/span>\n\t\t\t\t\t\t\t\t\t\t\t\t\t\t\t\t\t\t\t\t\t\t\t\t\t<span class=\"reading-time\" itemprop=\"timeRequired\" content=\"PT1M\"><em>Ca. 1 minutter lesetid<\/em><\/span>\n\t\t\t\t\t\t\t\t\t\t\t\t\t\t\t<\/div>\n\t\t\t\t\t\t<\/div>\n\t\t\t\t\t<\/div>\n\t\t\t\t\t\t<div class=\"sharing\">\n\t\t<a class=\"share-button share-link copy-link\" data-copy=\"https:\/\/hoyre.no\/as\/aktuelt\/arets-aerespris-gar-til-bengt-nost-klemmetsen\/\" target=\"_blank\"><span class=\"screen-reader-text\">Del link<\/span><\/a>\n\t\t<a class=\"share-button share-twitter\" href=\"http:\/\/twitter.com\/share?text=\u00c5rets \u00e6respris g\u00e5r til Bengt N\u00f8st-Klemmetsen&#038;url=https:\/\/hoyre.no\/as\/aktuelt\/arets-aerespris-gar-til-bengt-nost-klemmetsen\/&#038;hashtags=Hoyre\" target=\"_blank\"><span class=\"screen-reader-text\">Del p\u00e5 twitter<\/span><\/a>\n\t\t<a class=\"share-button share-facebook\" href=\"https:\/\/www.facebook.com\/sharer\/sharer.php?u=https:\/\/hoyre.no\/as\/aktuelt\/arets-aerespris-gar-til-bengt-nost-klemmetsen\/\" target=\"_blank\"><span class=\"screen-reader-text\">Del p\u00e5 facebook<\/span><\/a>\n\t<\/div>\n\t\t\t\t\t<\/div>\n\t\t\t<\/div>\n\n\t\t\t<figure class=\"hoyre-image-wrapper\"><div class=\"hoyre-image\"><img loading=\"lazy\" decoding=\"async\" width=\"1875\" height=\"1658\" src=\"https:\/\/hoyre.no\/content\/uploads\/sites\/154\/2024\/11\/IMG_4791-scaled-e1731420269978.jpg\" class=\"attachment-scaled size-scaled\" alt=\"\" style=\"object-position: 50% 36%\" srcset=\"https:\/\/hoyre.no\/content\/uploads\/sites\/154\/2024\/11\/IMG_4791-scaled-e1731420269978.jpg 1875w, https:\/\/hoyre.no\/content\/uploads\/sites\/154\/2024\/11\/IMG_4791-scaled-e1731420269978-300x265.jpg 300w, https:\/\/hoyre.no\/content\/uploads\/sites\/154\/2024\/11\/IMG_4791-scaled-e1731420269978-1024x905.jpg 1024w, https:\/\/hoyre.no\/content\/uploads\/sites\/154\/2024\/11\/IMG_4791-scaled-e1731420269978-768x679.jpg 768w, https:\/\/hoyre.no\/content\/uploads\/sites\/154\/2024\/11\/IMG_4791-scaled-e1731420269978-1536x1358.jpg 1536w\" sizes=\"auto, (max-width: 1875px) 100vw, 1875px\" \/><\/div><figcaption class=\"caption\">Bengt N\u00f8st-Klemmetsen mottar \u00e6resprisen fra juryleder Zara M. Berg. Foto: Andreas Nedreg\u00e5rd. <\/figcaption><\/figure>\n\n\n\n\n<p>Bengt har flere perioder i kommunestyret og i utvalg og har\u00a0gjennom sitt arbeid v\u00e6rt opptatt av \u00e5 sette politisk dagsorden med H\u00f8yres poltikk. Bengt har, siden han kom inn i H\u00f8yre, oppfordret oss til \u00e5 tenke nytt og annerledes. \u00a0<br><br>Bengt stiller alltid opp, med stort og sm\u00e5tt, er positiv og har v\u00e6rt en uvurderlig ressurs for gruppen. Han har jobbet politisk lokalt, men ogs\u00e5 regionalt.\u00a0<br><br>Gjennom det siste \u00e5ret, sitt f\u00f8rste i posisjon, har Bengt v\u00e6rt i en ny rolle som ordf\u00f8rer. Til tross for tidvis storm, motstand fra b\u00e5de politisk og ikke politisk hold, har personen st\u00e5tt st\u00f8tt og trygt. Han har gjennom sine handlinger og holdninger hatt s\u00e6rlig betydning for \u00c5s h\u00f8yre, medlemmene og politikken.\u00a0<br><br>Gratulerer s\u00e5 mye! <br><br>\u00c5rets \u00e6resprisjury har best\u00e5tt av Zara M. Berg (leder), Egil \u00d8rbeck og Marit Sverdrup. <br><br><br><em>\u00c6resprisens form\u00e5l er \u00e5 hedre og l\u00f8fte fram en enkeltperson som i l\u00f8pet av det siste \u00e5ret har gjort en ekstraordin\u00e6r innsats for medlemmene, tillitsvalgte eller i politikken for H\u00f8yre. Vedkommende skal gjennom sine handlinger og\/eller holdninger ha hatt s\u00e6rlig betydning for \u00c5s H\u00f8yre og\/eller medlemmene p\u00e5 lokalt, regionalt eller nasjonalt niv\u00e5. \u00c6resprisen kan ogs\u00e5 tildeles personer for et langvarig engasjement som tillitsvalgt i \u00c5s H\u00f8yre.\u00a0<\/em><\/p>\n\n\n<div class=\"tags\">\n\t<\/div>\n<div class=\"post-footer alignfull has-background block-editor-block-list__block\" data-align=full>\n\t<div class=\"post-footer-inner\">\n\t\t<h3>Relaterte artikler<\/h3>\n\t\t<div class=\"related-content\"><div class=\"is-card-hoyre\">\n\t<div class=\"teft-card hoyre-teft-card post-teft-card\">\n\t\t<a href=\"https:\/\/hoyre.no\/as\/aktuelt\/as-hoyres-program-2023-2027\/\" class=\"teft-card__primary-action\">\n\n\t\t\t\t\t<div class=\"teft-card__media teft-card__media--16-9\">\n\t\t\t\t\t\t<img loading=\"lazy\" decoding=\"async\" width=\"768\" height=\"664\" src=\"https:\/\/hoyre.no\/content\/uploads\/sites\/154\/2023\/06\/Card-image-Program-2023-2027-768x664.png\" class=\"attachment-medium_large size-medium_large\" alt=\"\" srcset=\"https:\/\/hoyre.no\/content\/uploads\/sites\/154\/2023\/06\/Card-image-Program-2023-2027-768x664.png 768w, https:\/\/hoyre.no\/content\/uploads\/sites\/154\/2023\/06\/Card-image-Program-2023-2027-300x259.png 300w, https:\/\/hoyre.no\/content\/uploads\/sites\/154\/2023\/06\/Card-image-Program-2023-2027-1024x885.png 1024w, https:\/\/hoyre.no\/content\/uploads\/sites\/154\/2023\/06\/Card-image-Program-2023-2027.png 1184w\" sizes=\"auto, (max-width: 768px) 100vw, 768px\" \/>\t\t<\/div>\n\t\t\n\t\t\t<div class=\"teft-card__content-wrapper\">\n\t\t\t\t<div class=\"teft-card__secondary\">\n\t\t\t\t\t\n\t\t\t\t\t\t\t\t<div class=\"teft-card__meta\">\n\t\t\t\t\t\t\t\t\t<span class=\"post-date\">23. jun 2023<\/span>\n\n\t\t\t\t\t\t\t\t\t<span class=\"post-category\">Program<\/span>\t\t\t\t\t\t\t\t<\/div>\n\t\t\t\t\t\t\t\t\t\t\t<\/div>\n\n\t\t\t\t<div class=\"teft-card__primary\">\n\t\t\t\t\t<h2 class=\"teft-card__title\">Program 2023-2027&nbsp;<span class=\"teft-card__primary-title-append\"><\/span><\/h2>\t\t\t\t<\/div>\n\t\t\t<\/div>\n\t\t<\/a>\n\t<\/div>\n\n\t<\/div><div class=\"is-card-hoyre\">\n\t<div class=\"teft-card hoyre-teft-card post-teft-card\">\n\t\t<a href=\"https:\/\/hoyre.no\/as\/aktuelt\/as-hoyres-provenominasjon-til-stortingsvalget-2025\/\" class=\"teft-card__primary-action\">\n\n\t\t\t\t\t<div class=\"teft-card__media teft-card__media--16-9\">\n\t\t\t\t\t\t<img loading=\"lazy\" decoding=\"async\" width=\"768\" height=\"768\" src=\"https:\/\/hoyre.no\/content\/uploads\/sites\/154\/2022\/11\/Hoyres-logo-768x768.png\" class=\"attachment-medium_large size-medium_large\" alt=\"\" srcset=\"https:\/\/hoyre.no\/content\/uploads\/sites\/154\/2022\/11\/Hoyres-logo-768x768.png 768w, https:\/\/hoyre.no\/content\/uploads\/sites\/154\/2022\/11\/Hoyres-logo-300x300.png 300w, https:\/\/hoyre.no\/content\/uploads\/sites\/154\/2022\/11\/Hoyres-logo-150x150.png 150w, https:\/\/hoyre.no\/content\/uploads\/sites\/154\/2022\/11\/Hoyres-logo.png 1000w\" sizes=\"auto, (max-width: 768px) 100vw, 768px\" \/>\t\t<\/div>\n\t\t\n\t\t\t<div class=\"teft-card__content-wrapper\">\n\t\t\t\t<div class=\"teft-card__secondary\">\n\t\t\t\t\t\n\t\t\t\t\t\t\t\t<div class=\"teft-card__meta\">\n\t\t\t\t\t\t\t\t\t<span class=\"post-date\">22. sep 2024<\/span>\n\n\t\t\t\t\t\t\t\t\t<span class=\"post-category\">Valg og nominasjon<\/span>\t\t\t\t\t\t\t\t<\/div>\n\t\t\t\t\t\t\t\t\t\t\t<\/div>\n\n\t\t\t\t<div class=\"teft-card__primary\">\n\t\t\t\t\t<h2 class=\"teft-card__title\">\u00c5s H\u00f8yres pr\u00f8venominasjon til Stortingsvalget 2025&nbsp;<span class=\"teft-card__primary-title-append\"><\/span><\/h2>\t\t\t\t<\/div>\n\t\t\t<\/div>\n\t\t<\/a>\n\t<\/div>\n\n\t<\/div><div class=\"is-card-hoyre\">\n\t<div class=\"teft-card hoyre-teft-card post-teft-card\">\n\t\t<a href=\"https:\/\/hoyre.no\/as\/aktuelt\/as-hoyres-kandidater-2023\/\" class=\"teft-card__primary-action\">\n\n\t\t\t\t\t<div class=\"teft-card__media teft-card__media--16-9\">\n\t\t\t\t\t\t<img loading=\"lazy\" decoding=\"async\" width=\"768\" height=\"576\" src=\"https:\/\/hoyre.no\/content\/uploads\/sites\/154\/2023\/07\/IMG_3137-768x576.jpg\" class=\"attachment-medium_large size-medium_large\" alt=\"Gruppebilde av H\u00f8yres kandidater 2023\" srcset=\"https:\/\/hoyre.no\/content\/uploads\/sites\/154\/2023\/07\/IMG_3137-768x576.jpg 768w, https:\/\/hoyre.no\/content\/uploads\/sites\/154\/2023\/07\/IMG_3137-300x225.jpg 300w, https:\/\/hoyre.no\/content\/uploads\/sites\/154\/2023\/07\/IMG_3137-1024x768.jpg 1024w, https:\/\/hoyre.no\/content\/uploads\/sites\/154\/2023\/07\/IMG_3137-1536x1152.jpg 1536w, https:\/\/hoyre.no\/content\/uploads\/sites\/154\/2023\/07\/IMG_3137-2048x1536.jpg 2048w\" sizes=\"auto, (max-width: 768px) 100vw, 768px\" \/>\t\t<\/div>\n\t\t\n\t\t\t<div class=\"teft-card__content-wrapper\">\n\t\t\t\t<div class=\"teft-card__secondary\">\n\t\t\t\t\t\n\t\t\t\t\t\t\t\t<div class=\"teft-card__meta\">\n\t\t\t\t\t\t\t\t\t<span class=\"post-date\">21. aug 2023<\/span>\n\n\t\t\t\t\t\t\t\t\t<span class=\"post-category\">Ukategorisert<\/span>\t\t\t\t\t\t\t\t<\/div>\n\t\t\t\t\t\t\t\t\t\t\t<\/div>\n\n\t\t\t\t<div class=\"teft-card__primary\">\n\t\t\t\t\t<h2 class=\"teft-card__title\">\u00c5s H\u00f8yres kandidater 2023&nbsp;<span class=\"teft-card__primary-title-append\"><\/span><\/h2>\t\t\t\t<\/div>\n\t\t\t<\/div>\n\t\t<\/a>\n\t<\/div>\n\n\t<\/div><\/div>\t<\/div>\n<\/div>\n","protected":false},"excerpt":{"rendered":"","protected":false},"author":30281,"featured_media":0,"comment_status":"closed","ping_status":"closed","sticky":false,"template":"","format":"standard","meta":{"teft_cards_image_url":"","teft_cards_custom_pretitle":"","teft_cards_image_id":146,"teft_cards_image_focal_point_x":0.58,"teft_cards_image_focal_point_y":0.32,"teft_cards_title":"\u00c5rets \u00e6respris g\u00e5r til Bengt N\u00f8st-Klemmetsen","teft_cards_excerpt":"Under \u00c5s H\u00f8yres \u00e5rsm\u00f8te, ble mottageren av \u00e5rets \u00e6respris annonsert. Ordf\u00f8rer Bengt har gjennom flere perioder gjort en ekstraordin\u00e6r innsats for partiet og politikken.\u00a0","teft_show_chapters":false,"author_display_name":"\u00c5s H\u00f8yre","footnotes":""},"category":[1],"post_tag":[],"hoyre-visibility":[],"article-type":[],"politician":[],"class_list":["post-145","post","type-post","status-publish","format-standard","hentry","category-ukategorisert"],"yoast_head":"<!-- This site is optimized with the Yoast SEO plugin v26.6 - https:\/\/yoast.com\/wordpress\/plugins\/seo\/ -->\n<title>\u00c5rets \u00e6respris g\u00e5r til Bengt N\u00f8st-Klemmetsen - \u00c5s H\u00f8yre<\/title>\n<meta name=\"robots\" content=\"index, follow, max-snippet:-1, max-image-preview:large, max-video-preview:-1\" \/>\n<link rel=\"canonical\" href=\"https:\/\/hoyre.no\/as\/aktuelt\/arets-aerespris-gar-til-bengt-nost-klemmetsen\/\" \/>\n<meta property=\"og:locale\" content=\"nb_NO\" \/>\n<meta property=\"og:type\" content=\"article\" \/>\n<meta property=\"og:title\" content=\"\u00c5rets \u00e6respris g\u00e5r til Bengt N\u00f8st-Klemmetsen - \u00c5s H\u00f8yre\" \/>\n<meta property=\"og:url\" content=\"https:\/\/hoyre.no\/as\/aktuelt\/arets-aerespris-gar-til-bengt-nost-klemmetsen\/\" \/>\n<meta property=\"og:site_name\" content=\"\u00c5s H\u00f8yre\" \/>\n<meta property=\"article:published_time\" content=\"2024-11-12T13:56:07+00:00\" \/>\n<meta property=\"article:modified_time\" content=\"2024-11-12T14:05:17+00:00\" \/>\n<meta property=\"og:image\" content=\"https:\/\/hoyre.no\/content\/uploads\/sites\/154\/2023\/08\/IMG_6853-768x1024.jpg\" \/>\n<meta name=\"author\" content=\"Sverre Strand Teigen\" \/>\n<meta name=\"twitter:card\" content=\"summary_large_image\" \/>\n<meta name=\"twitter:label1\" content=\"Skrevet av\" \/>\n\t<meta name=\"twitter:data1\" content=\"Sverre Strand Teigen\" \/>\n\t<meta name=\"twitter:label2\" content=\"Ansl. lesetid\" \/>\n\t<meta name=\"twitter:data2\" content=\"2 minutter\" \/>\n<script type=\"application\/ld+json\" class=\"yoast-schema-graph\">{\"@context\":\"https:\/\/schema.org\",\"@graph\":[{\"@type\":\"NewsArticle\",\"@id\":\"https:\/\/hoyre.no\/as\/aktuelt\/arets-aerespris-gar-til-bengt-nost-klemmetsen\/\",\"url\":\"https:\/\/hoyre.no\/as\/aktuelt\/arets-aerespris-gar-til-bengt-nost-klemmetsen\/\",\"name\":\"\u00c5rets \u00e6respris g\u00e5r til Bengt N\u00f8st-Klemmetsen - \u00c5s H\u00f8yre\",\"isPartOf\":{\"@id\":\"https:\/\/hoyre.no\/as\/#website\"},\"datePublished\":\"2024-11-12T13:56:07+00:00\",\"dateModified\":\"2024-11-12T14:05:17+00:00\",\"author\":{\"@id\":\"https:\/\/hoyre.no\/as\/#\/schema\/person\/94e80ea18e516af0e5ae99447db8bfba\"},\"breadcrumb\":{\"@id\":\"https:\/\/hoyre.no\/as\/aktuelt\/arets-aerespris-gar-til-bengt-nost-klemmetsen\/#breadcrumb\"},\"inLanguage\":\"nb-NO\",\"potentialAction\":[{\"@type\":\"ReadAction\",\"target\":[\"https:\/\/hoyre.no\/as\/aktuelt\/arets-aerespris-gar-til-bengt-nost-klemmetsen\/\"]}]},{\"@type\":\"BreadcrumbList\",\"@id\":\"https:\/\/hoyre.no\/as\/aktuelt\/arets-aerespris-gar-til-bengt-nost-klemmetsen\/#breadcrumb\",\"itemListElement\":[{\"@type\":\"ListItem\",\"position\":1,\"name\":\"Til hoyre.no\",\"item\":\"https:\/\/hoyre.no\"},{\"@type\":\"ListItem\",\"position\":2,\"name\":\"Hjem\",\"item\":\"https:\/\/hoyre.no\/as\/\"},{\"@type\":\"ListItem\",\"position\":3,\"name\":\"\u00c5rets \u00e6respris g\u00e5r til Bengt N\u00f8st-Klemmetsen\"}]},{\"@type\":\"WebSite\",\"@id\":\"https:\/\/hoyre.no\/as\/#website\",\"url\":\"https:\/\/hoyre.no\/as\/\",\"name\":\"\u00c5s H\u00f8yre\",\"description\":\"Bare enda et H\u00f8yres nettsteder-nettsted\",\"inLanguage\":\"nb-NO\"},{\"@type\":\"Person\",\"@id\":\"https:\/\/hoyre.no\/as\/#\/schema\/person\/94e80ea18e516af0e5ae99447db8bfba\",\"name\":\"Sverre Strand Teigen\",\"image\":{\"@type\":\"ImageObject\",\"inLanguage\":\"nb-NO\",\"@id\":\"https:\/\/hoyre.no\/as\/#\/schema\/person\/image\/\",\"url\":\"https:\/\/secure.gravatar.com\/avatar\/f8c4d3cfef7604a49a5e332bd3dc30b74e54189009709f9907c2aa52a15c9447?s=96&d=mm&r=g\",\"contentUrl\":\"https:\/\/secure.gravatar.com\/avatar\/f8c4d3cfef7604a49a5e332bd3dc30b74e54189009709f9907c2aa52a15c9447?s=96&d=mm&r=g\",\"caption\":\"Sverre Strand Teigen\"},\"url\":\"https:\/\/hoyre.no\/as\/aktuelt\/author\/m50420462\/\"}]}<\/script>\n<!-- \/ Yoast SEO plugin. -->","yoast_head_json":{"title":"\u00c5rets \u00e6respris g\u00e5r til Bengt N\u00f8st-Klemmetsen - \u00c5s H\u00f8yre","robots":{"index":"index","follow":"follow","max-snippet":"max-snippet:-1","max-image-preview":"max-image-preview:large","max-video-preview":"max-video-preview:-1"},"canonical":"https:\/\/hoyre.no\/as\/aktuelt\/arets-aerespris-gar-til-bengt-nost-klemmetsen\/","og_locale":"nb_NO","og_type":"article","og_title":"\u00c5rets \u00e6respris g\u00e5r til Bengt N\u00f8st-Klemmetsen - \u00c5s H\u00f8yre","og_url":"https:\/\/hoyre.no\/as\/aktuelt\/arets-aerespris-gar-til-bengt-nost-klemmetsen\/","og_site_name":"\u00c5s H\u00f8yre","article_published_time":"2024-11-12T13:56:07+00:00","article_modified_time":"2024-11-12T14:05:17+00:00","og_image":[{"url":"https:\/\/hoyre.no\/content\/uploads\/sites\/154\/2023\/08\/IMG_6853-768x1024.jpg","width":"","height":"","type":""}],"author":"Sverre Strand Teigen","twitter_card":"summary_large_image","twitter_misc":{"Skrevet av":"Sverre Strand Teigen","Ansl. lesetid":"2 minutter"},"schema":{"@context":"https:\/\/schema.org","@graph":[{"@type":"NewsArticle","@id":"https:\/\/hoyre.no\/as\/aktuelt\/arets-aerespris-gar-til-bengt-nost-klemmetsen\/","url":"https:\/\/hoyre.no\/as\/aktuelt\/arets-aerespris-gar-til-bengt-nost-klemmetsen\/","name":"\u00c5rets \u00e6respris g\u00e5r til Bengt N\u00f8st-Klemmetsen - \u00c5s H\u00f8yre","isPartOf":{"@id":"https:\/\/hoyre.no\/as\/#website"},"datePublished":"2024-11-12T13:56:07+00:00","dateModified":"2024-11-12T14:05:17+00:00","author":{"@id":"https:\/\/hoyre.no\/as\/#\/schema\/person\/94e80ea18e516af0e5ae99447db8bfba"},"breadcrumb":{"@id":"https:\/\/hoyre.no\/as\/aktuelt\/arets-aerespris-gar-til-bengt-nost-klemmetsen\/#breadcrumb"},"inLanguage":"nb-NO","potentialAction":[{"@type":"ReadAction","target":["https:\/\/hoyre.no\/as\/aktuelt\/arets-aerespris-gar-til-bengt-nost-klemmetsen\/"]}]},{"@type":"BreadcrumbList","@id":"https:\/\/hoyre.no\/as\/aktuelt\/arets-aerespris-gar-til-bengt-nost-klemmetsen\/#breadcrumb","itemListElement":[{"@type":"ListItem","position":1,"name":"Til hoyre.no","item":"https:\/\/hoyre.no"},{"@type":"ListItem","position":2,"name":"Hjem","item":"https:\/\/hoyre.no\/as\/"},{"@type":"ListItem","position":3,"name":"\u00c5rets \u00e6respris g\u00e5r til Bengt N\u00f8st-Klemmetsen"}]},{"@type":"WebSite","@id":"https:\/\/hoyre.no\/as\/#website","url":"https:\/\/hoyre.no\/as\/","name":"\u00c5s H\u00f8yre","description":"Bare enda et H\u00f8yres nettsteder-nettsted","inLanguage":"nb-NO"},{"@type":"Person","@id":"https:\/\/hoyre.no\/as\/#\/schema\/person\/94e80ea18e516af0e5ae99447db8bfba","name":"Sverre Strand Teigen","image":{"@type":"ImageObject","inLanguage":"nb-NO","@id":"https:\/\/hoyre.no\/as\/#\/schema\/person\/image\/","url":"https:\/\/secure.gravatar.com\/avatar\/f8c4d3cfef7604a49a5e332bd3dc30b74e54189009709f9907c2aa52a15c9447?s=96&d=mm&r=g","contentUrl":"https:\/\/secure.gravatar.com\/avatar\/f8c4d3cfef7604a49a5e332bd3dc30b74e54189009709f9907c2aa52a15c9447?s=96&d=mm&r=g","caption":"Sverre Strand Teigen"},"url":"https:\/\/hoyre.no\/as\/aktuelt\/author\/m50420462\/"}]}},"distributor_meta":false,"distributor_terms":false,"distributor_media":false,"distributor_original_site_name":"\u00c5s H\u00f8yre","distributor_original_site_url":"https:\/\/hoyre.no\/as","push-errors":false,"_links":{"self":[{"href":"https:\/\/hoyre.no\/as\/wp-json\/wp\/v2\/posts\/145","targetHints":{"allow":["GET"]}}],"collection":[{"href":"https:\/\/hoyre.no\/as\/wp-json\/wp\/v2\/posts"}],"about":[{"href":"https:\/\/hoyre.no\/as\/wp-json\/wp\/v2\/types\/post"}],"author":[{"embeddable":true,"href":"https:\/\/hoyre.no\/as\/wp-json\/wp\/v2\/users\/30281"}],"replies":[{"embeddable":true,"href":"https:\/\/hoyre.no\/as\/wp-json\/wp\/v2\/comments?post=145"}],"version-history":[{"count":7,"href":"https:\/\/hoyre.no\/as\/wp-json\/wp\/v2\/posts\/145\/revisions"}],"predecessor-version":[{"id":154,"href":"https:\/\/hoyre.no\/as\/wp-json\/wp\/v2\/posts\/145\/revisions\/154"}],"wp:attachment":[{"href":"https:\/\/hoyre.no\/as\/wp-json\/wp\/v2\/media?parent=145"}],"wp:term":[{"taxonomy":"category","embeddable":true,"href":"https:\/\/hoyre.no\/as\/wp-json\/wp\/v2\/category?post=145"},{"taxonomy":"post_tag","embeddable":true,"href":"https:\/\/hoyre.no\/as\/wp-json\/wp\/v2\/post_tag?post=145"},{"taxonomy":"hoyre-visibility","embeddable":true,"href":"https:\/\/hoyre.no\/as\/wp-json\/wp\/v2\/hoyre-visibility?post=145"},{"taxonomy":"article-type","embeddable":true,"href":"https:\/\/hoyre.no\/as\/wp-json\/wp\/v2\/article-type?post=145"},{"taxonomy":"politician","embeddable":true,"href":"https:\/\/hoyre.no\/as\/wp-json\/wp\/v2\/politician?post=145"}],"curies":[{"name":"wp","href":"https:\/\/api.w.org\/{rel}","templated":true}]}}