{"id":17,"date":"2021-01-22T15:48:44","date_gmt":"2021-01-22T14:48:44","guid":{"rendered":"https:\/\/hoyre.no\/as\/?p=17"},"modified":"2021-01-22T16:07:28","modified_gmt":"2021-01-22T15:07:28","slug":"program-2019-2023","status":"publish","type":"post","link":"https:\/\/hoyre.no\/as\/aktuelt\/program-2019-2023\/","title":{"rendered":"Program 2019 &#8211; 2023"},"content":{"rendered":"\n<p class=\"preamble\">H\u00f8yre vil f\u00f8re en konservativ fremskrittspolitikk,<br>bygget p\u00e5 det kristne kulturgrunnlaget,<br>rettsstaten og folkestyret, for \u00e5 fremme personlig<br>frihet og sosialt ansvar, medbestemmelse og<br>eiendomsrett, og et forpliktende nasjonalt og<br>internasjonalt samarbeid.<\/p>\t\t\t<div class=\"post-meta wp-block teft-byline-wrapper\">\n\t\t\t\t<div class=\"top\">\n\t\t\t\t\t<div class=\"signature\">\n\t\t\t\t\t\t<div class=\"teft-byline\">\n\t\t\t\t\t\t\t\t\t\t\t\t\t\t<div>\n\t\t\t\t\t\t\t\t<h3>H\u00f8yres redaksjon<\/h3>\t\t\t\t\t\t\t\t\n\t\t\t\t\t\t\t\t\t\t\t\t\t\t\t\t\t<span class=\"date\">Sist oppdatert: 22. januar 2021<\/span>\n\t\t\t\t\t\t\t\t\t\t\t\t\t\t\t\t\t\t\t\t\t\t\t\t\t<span class=\"reading-time\" itemprop=\"timeRequired\" content=\"PT12M\"><em>Ca. 12 minutter lesetid<\/em><\/span>\n\t\t\t\t\t\t\t\t\t\t\t\t\t\t\t<\/div>\n\t\t\t\t\t\t<\/div>\n\t\t\t\t\t<\/div>\n\t\t\t\t\t\t<div class=\"sharing\">\n\t\t<a class=\"share-button share-link copy-link\" data-copy=\"https:\/\/hoyre.no\/as\/aktuelt\/program-2019-2023\/\" target=\"_blank\"><span class=\"screen-reader-text\">Del link<\/span><\/a>\n\t\t<a class=\"share-button share-twitter\" href=\"http:\/\/twitter.com\/share?text=Program 2019 &#8211; 2023&#038;url=https:\/\/hoyre.no\/as\/aktuelt\/program-2019-2023\/&#038;hashtags=Hoyre\" target=\"_blank\"><span class=\"screen-reader-text\">Del p\u00e5 twitter<\/span><\/a>\n\t\t<a class=\"share-button share-facebook\" href=\"https:\/\/www.facebook.com\/sharer\/sharer.php?u=https:\/\/hoyre.no\/as\/aktuelt\/program-2019-2023\/\" target=\"_blank\"><span class=\"screen-reader-text\">Del p\u00e5 facebook<\/span><\/a>\n\t<\/div>\n\t\t\t\t\t<\/div>\n\t\t\t<\/div>\n\n\t\t\t<figure class=\"hoyre-image-wrapper\"><div class=\"hoyre-image\"><img loading=\"lazy\" decoding=\"async\" width=\"3450\" height=\"1313\" src=\"https:\/\/hoyre.no\/content\/uploads\/sites\/154\/2021\/01\/Vi-tror-pa-As-FB-cover.png\" class=\"attachment-scaled size-scaled\" alt=\"Hjerteformet ordsky - Vi tror p\u00e5 \u00c5s\" style=\"object-position: 50% 50%\" srcset=\"https:\/\/hoyre.no\/content\/uploads\/sites\/154\/2021\/01\/Vi-tror-pa-As-FB-cover.png 3450w, https:\/\/hoyre.no\/content\/uploads\/sites\/154\/2021\/01\/Vi-tror-pa-As-FB-cover-300x114.png 300w, https:\/\/hoyre.no\/content\/uploads\/sites\/154\/2021\/01\/Vi-tror-pa-As-FB-cover-1024x390.png 1024w, https:\/\/hoyre.no\/content\/uploads\/sites\/154\/2021\/01\/Vi-tror-pa-As-FB-cover-768x292.png 768w, https:\/\/hoyre.no\/content\/uploads\/sites\/154\/2021\/01\/Vi-tror-pa-As-FB-cover-1536x585.png 1536w, https:\/\/hoyre.no\/content\/uploads\/sites\/154\/2021\/01\/Vi-tror-pa-As-FB-cover-2048x779.png 2048w\" sizes=\"auto, (max-width: 3450px) 100vw, 3450px\" \/><\/div><\/figure>\n\n\n\n\n<p>Som samfunn skal vi sikre den grunnleggende tryggheten for deg og dine, samtidig som vi skal gi enkeltmennesker og familier frihet til \u00e5 velge, rom til \u00e5 satse og mulighet til \u00e5 skape sin egen fremtid. <br><br>Vi m\u00e5 sikre en b\u00e6rekraftig velferd til det beste for kommende generasjoner. Barn skal f\u00e5 en god start i livet. Vi skal ta h\u00e5nd om og integrere flyktninger og asyls\u00f8kere, bekjempe sosiale forskjeller og sikre en god og verdig omsorg for stadig flere eldre. Vi m\u00e5 prioritere oppgavene for \u00e5 opprettholde velferden og sikre innbyggerne lovp\u00e5lagte tjenester. <br><br>H\u00f8yre er partiet for dem som vil sette enkeltmenneskets behov, rettigheter og plikter i sentrum. Vi inkluderer alle, og behandler dem med omsorg og respekt. <br><br>Verden endrer seg, samfunnet endrer seg, og nye oppgaver m\u00e5 l\u00f8ses. Da er g\u00e5rsdagens l\u00f8sninger ikke alltid tilstrekkelige. \u00c5 bygge Norge for fremtiden betyr gradvise endringer og skrittvise reformer. <br><\/p>\n\n\n\n<blockquote class=\"wp-block-quote is-style-large is-layout-flow wp-block-quote-is-layout-flow\"><p>&laquo;<em>Jeg velger H\u00f8yre fordi det er det partiet som best sikrer meg retten til \u00e5 v\u00e6re annerledes&raquo; <\/em><\/p><cite>Jo Benkow (1924 &#8211; 2013)<\/cite><\/blockquote>\n\n\n\n<h2 class=\"wp-block-heading\">Utvikling og omstilling <\/h2>\n\n\n\n<p>\u00c5s er utpekt som en av \u00abregionbyene\u00bb i Viken. Det bidrar til vekst som b\u00e5de er positiv og utfordrende. Universitetsmilj\u00f8et vokser, b\u00e5de i antall studenter og ansatte. Dette gir nye muligheter. <br><br>Fremtidig vekst b\u00f8r skje i tilknytning til kollektivaksene. Utbygging b\u00f8r av milj\u00f8hensyn konsentreres, slik at vi ikke bygger nye \u00abdrabantbyer\u00bb som genererer mer biltrafikk. <br><br>Med de begrensningene jernbanekapasiteten setter, og mangelen p\u00e5 parkeringsmuligheter ved stasjonene, m\u00e5 det i fremtiden ogs\u00e5 satses p\u00e5 busstransport langs Europaveiene og det regionale veinettet. Det m\u00e5 legges til rette for pendlerparkering ogs\u00e5 ved viktige bussholdeplasser. <br><br>H\u00f8yre vil legge til rette for variert boligbygging, ulike tomtest\u00f8rrelser og boliger for mennesker i ulike livsfaser. Fortetting i etablerte boligomr\u00e5der m\u00e5 gj\u00f8res slik at omr\u00e5dene ikke mister vesentlige kvaliteter. <br><br>Utvikling av sentrum m\u00e5 sikre attraktive uteomr\u00e5der og m\u00f8teplasser med tilstrekkelig bebyggelse til at servicen\u00e6ringer \u00f8nsker \u00e5 etablere seg. <br><br>Parkeringsbehovet i sentrum m\u00e5 l\u00f8ses ved at parkeringen legges i parkeringshus. Behovet for fremkommelighet for mennesker med nedsatt funksjonsevne m\u00e5 ivaretas. <br><br>H\u00f8yre vil sikre innbyggerne gode offentlige tjenester uten \u00e5 innf\u00f8re nye skatter. H\u00f8yre vil ikke ilegge innbyggerne eiendomsskatt. For \u00e5 f\u00e5 det til m\u00e5 kommunen drives s\u00e5 effektivt og rasjonelt som mulig. Kommunen m\u00e5 digitalisere og ta i bruk digitale hjelpemidler som gir innbyggerne enklere og bedre tjenester. <br><br>Kommunen er en stor arbeidsgiver, og H\u00f8yre vil bidra til at kommunen ogs\u00e5 skal v\u00e6re en god og trygg arbeidsplass. <br><br>H\u00f8yre motsetter seg bompengel\u00f8sninger som vil gj\u00f8re lokaltransport dyrere og vanskeligere. <\/p>\n\n\n\n<ul class=\"wp-block-list\"><li>H\u00f8yre vil ikke ha eiendomsskatt p\u00e5 boliger. <\/li><li>H\u00f8yre vil sikre likebehandling og forutsigbare rammer for innbyggere og n\u00e6ringsliv. <\/li><li>H\u00f8yre \u00f8nsker at kommunestyret skal v\u00e6re et forum for strategisk ledelse og politisk debatt.  <\/li><li>H\u00f8yre vil at kommunen skal v\u00e6re en god arbeidsgiver for de ansatte.  <\/li><li>H\u00f8yre vil fortsette arbeidet for bedre kollektivtilbud i hele kommunen.  <\/li><li>H\u00f8yre vil ha utredet mulighetene for en ringvei utenom sentrum.  <\/li><li>H\u00f8yre vil ha gode parkeringsmuligheter ved kollektivknutepunktene Korseg\u00e5rden, Nyg\u00e5rdskrysset, Vinterbro og \u00c5s stasjon.  <\/li><li>H\u00f8yre vil legge til rette for h\u00f8y utnyttelse av sentrumsn\u00e6re boligtomter.  <\/li><li>H\u00f8yre vil legge til rette for bygging av rimelige f\u00f8rstehjemsboliger.  <\/li><\/ul>\n\n\n\n<h2 class=\"wp-block-heading\">Kunnskap <\/h2>\n\n\n\n<p>Som en av f\u00e5 norske kommuner kan \u00c5s tilby l\u00e6ring fra barnehage til doktorgradsniv\u00e5. Skole og utdannelse m\u00e5 prege en universitetsbygd der en stor del av innbyggerne er knyttet direkte eller indirekte til utdannelse. \u00c5s kommune skal v\u00e6re kunnskapskommunen og regionens innovasjonsmotor. <br><br>Barnehage er et viktig pedagogisk og sosialt tilbud som skal stimulere til lek og utvikling p\u00e5 barns premisser. B\u00e5de de private og offentlige barnehagene er en viktig samfunnsressurs. Barnehagetilbudet i \u00c5s b\u00f8r v\u00e6re differensiert og ha fleksible \u00e5pningstider. <br><br>Tidlig innsats m\u00e5 begynne i barnehagen, utf\u00f8rt at pedagoger, med opplegg som forbereder barnet til skolestart. Barnehagen m\u00e5 overlevere barnet til skolen med tilstrekkelig informasjon til at skolen kan sikre at barnet f\u00e5r den hjelpen som trengs fra f\u00f8rste dag. <br><br>De ansatte skal f\u00e5 tilbud om faglig utvikling. Vi \u00f8nsker at de som ikke har pedagogisk utdannelse, skal f\u00e5 mulighet til \u00e5 styrke kompetansen gjennom etter- og videreutdannelse. <br><br>H\u00f8yre vil at skolene i \u00c5s skal v\u00e6re blant de beste i landet. L\u00e6rernes pedagogiske og faglige kvalifikasjoner er avgj\u00f8rende for at elevene skal lykkes p\u00e5 skolen, og kommunen m\u00e5 legge til rette for \u00e5 trekke til seg og beholde de beste l\u00e6rerne. H\u00f8yre vil at l\u00e6rerne skal f\u00e5 etter- og videreutdannelse, og har som m\u00e5l at alle l\u00e6rere skal ha fordypning i fagene de underviser i. H\u00f8yre vil at \u00c5s kommune skal ha et godt arbeids- og fagmilj\u00f8 med fleksibilitet i l\u00e6ringsmetoder tilpasset den enkelte elev. <br><br>H\u00f8yre vil ha en skolefritidsordning med god kvalitet, som har fokus p\u00e5 lek, kultur- og fritidsaktiviteter og aktiviteter som leksehjelp, som st\u00f8tter undervisningen. Tiltak i skolen m\u00e5 ogs\u00e5 f\u00f8lge barna i SFO. H\u00f8yre vil at rektor ogs\u00e5 skal vurdere tiltak\/ressurser til SFO for barn som har vedtak i skolen &#8211; av sosiale hensyn og medelevers behov for trygghet i SFO-tiden. <br><br>H\u00f8yre vil jobbe for redusert frav\u00e6r i ungdomsskolen med s\u00e6rlig fokus p\u00e5 skolevegring. Elever som ikke finner seg til rette i ungdomsskolen, m\u00e5 i perioder f\u00e5 andre undervisningstilbud for \u00e5 f\u00e5 dem tilbake til normalt skolel\u00f8p. <br><br>Vi trenger flere dyktige fagfolk for \u00e5 l\u00f8se viktige samfunnsoppgaver og sikre verdiskapingen i fremtiden. Det er derfor viktig at kommunen tilbyr l\u00e6rlingeplasser, minst to plasser pr. tusen innbyggere. <br><br>Kommunen skal som innkj\u00f8per legge vekt p\u00e5 at leverand\u00f8rene har gode l\u00e6rlingeprogrammer. <\/p>\n\n\n\n<ul class=\"wp-block-list\"><li>H\u00f8yre vil at kommunen skal tilby fleksibelt barnehageopptak gjennom \u00e5ret. <\/li><li>H\u00f8yre vil ha skoler som er store nok til \u00e5 drive effektiv og rasjonelt, og med store fagmilj\u00f8er som er attraktive for dyktige pedagoger. <\/li><li>H\u00f8yre \u00f8nsker fritt skolevalg. <\/li><li>H\u00f8yre vil at alle l\u00e6rere og ledere i \u00c5s-skolen skal ha relevant kompetanse. L\u00e6rerne skal som minimum ha fullf\u00f8rt eller holde p\u00e5 med lovp\u00e5lagt etterutdannelse. <\/li><li>H\u00f8yre har nulltoleranse for mobbing, trakassering og uakseptabel adferd. <\/li><li>H\u00f8yre vil at skolene skal ha sosialfaglig personale og dyktige spesialpedagoger som kan f\u00f8lge opp utfordringer i l\u00e6ringsmilj\u00f8et. <\/li><li>H\u00f8yre vil at all spesialundervisning skal utf\u00f8res av pedagoger med relevant kompetanse, og at den enkelte elev i minst mulig grad blir isolert fra klassen. <\/li><li>H\u00f8yre vil at de som ikke finner seg til rette i skolen, skal f\u00e5 hjelp til l\u00e6ring gjennom alternative oppl\u00e6ringstilbud. <\/li><li>H\u00f8yre vil at de som trenger st\u00f8rre utfordringer, skal f\u00e5 tilgang til undervisning p\u00e5 h\u00f8yere skoleniv\u00e5. Dersom kommunen ikke kan tilby oppl\u00e6ring p\u00e5 et tilstrekkelig h\u00f8yt niv\u00e5, skal elever kunne gis gjesteelevsgaranti p\u00e5 en skole i en annen kommune. <\/li><\/ul>\n\n\n\n<h2 class=\"wp-block-heading\">Mangfold og inkludering<\/h2>\n\n\n\n<p>Alle som kan og vil, m\u00e5 f\u00e5 delta i samfunnet. Personer som av ulike \u00e5rsaker st\u00e5r utenfor, m\u00e5 sikres tilrettelegging og hjelp. H\u00f8yre vil bidra til at alle kan delta p\u00e5 fellesarenaer som barnehage, skole, arbeidsplass og i frivillige organisasjoner. <br><br>Aktiv bruk av Kvalifiseringsprogrammet, som er et av statens viktigste virkemidler mot fattigdom, vil bidra til likeverd og likestilling og forebygge sosiale problemer. Kommunen m\u00e5 aktivt bidra til \u00e5 bekjempe fattigdom og arbeide for at flest mulig kan ha l\u00f8nnet arbeid, helt eller delvis. Kommunen m\u00e5 legge forholdene til rette slik at alle barn og unge f\u00e5r anledning til \u00e5 delta i fritidsaktiviteter og p\u00e5 sosiale arenaer. <br><br>Kommunen har ansvar for \u00e5 bidra til bosetting og inkludering av flyktninger, og det er viktig at kvalitet i integreringsarbeidet settes foran kvantitet. For \u00e5 f\u00e5 til en vellykket bosetting og integrering er det viktig at flyktninger f\u00e5r hjelp til \u00e5 komme i arbeid eller ordin\u00e6r utdannelse for \u00e5 bli selvstendige raskest mulig. <br><br>H\u00f8yre \u00f8nsker \u00e5 sikre at ansatte i barnehage, grunnskole, skolehelsetjeneste og andre f\u00f8rstelinjetjenester som m\u00f8ter unge, har oppdatert kompetanse innen LHBTIQ-relaterte (lesbiske, homofile, bifile, trans-, interkj\u00f8nn- og queer-personer) temaer og utfordringer. <\/p>\n\n\n\n<ul class=\"wp-block-list\"><li>H\u00f8yre vil at alle skolene skal ha utstyr for sport og friluftsliv til utl\u00e5n. <\/li><li>H\u00f8yre vil ha en rask og m\u00e5lrettet innsats for \u00e5 gi nyankomne flyktninger oppl\u00e6ring i norsk spr\u00e5k og kultur og bistand til \u00e5 komme i arbeid. <\/li><li>H\u00f8yre vil at kommunen skal ha en handlingsplan mot diskriminering for, blant annet, \u00e5 bekjempe forskjellsbehandling og hatytringer. <\/li><li>H\u00f8yre vil at kommunen skal samarbeide med trossamfunnene for \u00e5 l\u00f8se sosiale og diakonale utfordringer. <\/li><\/ul>\n\n\n\n<h2 class=\"wp-block-heading\">Gr\u00f8nn omstilling <\/h2>\n\n\n\n<p>H\u00f8yre \u00f8nsker at \u00c5s kommune skal v\u00e6re en foregangskommune innen milj\u00f8 og milj\u00f8vern. All utbygging og arealplanlegging i \u00c5s m\u00e5 bygge p\u00e5 at vi \u00f8nsker en b\u00e6rekraftig utvikling, \u00c5s har begrensede omr\u00e5der for friluftsliv og rekreasjon, og det er derfor viktig at vi tar godt vare p\u00e5 dem. <br><br>Veksten i kommunen vil gi parkeringsutfordringer ved arbeidsplassene og for pendlerne. Det er viktig \u00e5 stimulere til \u00f8kt bruk av sykkel og kollektivtransport. Det m\u00e5 legges bedre til rette for bruk av sykkel b\u00e5de langs deler av det kommunale veinettet og langs fylkesveiene. P\u00e5 de mest trafikkerte strekningene m\u00e5 det finnes gode l\u00f8sninger der man skiller g\u00e5ende og syklende. <br><br>Et godt samarbeid med nabokommunene er viktig blant annet for \u00e5 utvikle gode l\u00f8sninger for avfallsh\u00e5ndtering. Vi vil basere fremtidig renovasjon p\u00e5 kildesortering i hjemmet og p\u00e5 den m\u00e5ten engasjere innbyggerne direkte i milj\u00f8arbeidet. <\/p>\n\n\n\n<ul class=\"wp-block-list\"><li>H\u00f8yre vil arbeide for at boliger, n\u00e6ringsbygg og offentlige bygg kan varmes opp ved hjelp av kliman\u00f8ytrale oppvarmingskilder. <\/li><li>I nye boligomr\u00e5der b\u00f8r ledningsnettet forberedes for bruk av ulike vannkilder, slik at drikkevannskildene ikke blir un\u00f8dig belastet. <\/li><li>H\u00f8yre vil ta vare p\u00e5, verne og forvalte v\u00e5re begrensede friomr\u00e5der med tanke p\u00e5 fremtidens generasjoner. <\/li><li>H\u00f8yre vil opprettholde og videreutvikle Breivoll som et viktig friluftsomr\u00e5de, og tilrettelegge for tilgang for allmenheten. <\/li><li>H\u00f8yre vil at kommunens tjenestebiler skal bruke milj\u00f8vennlig drivstoff, og at det fortrinnsvis anskaffes nullutslippsbiler. <\/li><li>H\u00f8yre vil stille krav om ladepunkter for el-biler og el-sykler ved\/i alle nybygg. <\/li><li>H\u00f8yre vil stille klimakrav ved innkj\u00f8p av tjenester og varer. <\/li><li>H\u00f8yre vil at kommunale fondsmidler og pensjonsinvesteringer skal gj\u00f8res i \u00abgr\u00f8nne n\u00e6ringer\u00bb. <\/li><\/ul>\n\n\n\n<h2 class=\"wp-block-heading\">Leve hele livet <\/h2>\n\n\n\n<p>Alle eldre i \u00c5s skal f\u00e5 gode helse- og omsorgstjenester n\u00e5r det trengs, hvor de kan bestemme over seg selv, hva de skal spise, og n\u00e5r de skal st\u00e5 opp. Alle skal ha sammenheng i tjenestene, ha rett til aktivitet og felleskap, f\u00e5 gode og n\u00e6ringsrike m\u00e5ltider og f\u00e5 den helsehjelp som er n\u00f8dvendig. Helsepersonell skal sette brukerne i sentrum og legge til rette for det som er viktig for den enkelte. <br><br>De fleste eldre \u00f8nsker \u00e5 bo hjemme s\u00e5 lenge som mulig, og det er viktig \u00e5 ha fokus p\u00e5 hverdagsmestring. H\u00f8yre \u00f8nsker at alle eldre skal v\u00e6re mest mulig selvhjulpne og klare seg lengst mulig i eget hjem. Mange eldre er ogs\u00e5 ensomme, og kan derfor ha stor glede av \u00e5 bo i kollektiver. <br><br>H\u00f8yre mener at omsorgskvaliteten vil \u00f8ke og arbeidsmilj\u00f8et forbedres med flere faste ansatte i stedet for utstrakt bruk av vikarer. Alternativ turnus kan redusere behovet for deltidsansatte og gi flere ansatte mulighet til full stilling. <br><br>H\u00f8yre vil at det etableres et samarbeidsutvalg der p\u00e5r\u00f8rende til institusjonsbeboere blir inkludert i omsorgsarbeidet gjennom jevnlige m\u00f8ter med ansatte, institusjonsledelsen og politiske representanter. <\/p>\n\n\n\n<ul class=\"wp-block-list\"><li>H\u00f8yre vil gi alle som \u00f8nsker og trenger det, rett til enkeltrom i institusjon. <\/li><li>H\u00f8yre vil legge til rette for fritt brukervalg for hjemmetjeneste (praktisk bistand) og hjemmesykepleie. Brukerne m\u00e5 selv kunne velge hvilke av leverand\u00f8rene de \u00f8nsker \u00e5 benytte, eller om de \u00f8nsker \u00e5 benytte det ordin\u00e6re kommunale tilbudet. <\/li><li>H\u00f8yre vil arbeide for at den som trenger bistand, skal ha f\u00e6rrest mulig hjelpere \u00e5 forholde seg til. <\/li><li>H\u00f8yre vil ta i bruk ny omsorgsteknologi for \u00e5 sikre hjemmeboende eldre et tryggere liv. <\/li><li>H\u00f8yre vil arbeide for at det kan etableres bokollektiver for eldre. <\/li><li>H\u00f8yre vil innf\u00f8re en \u00e5rlig seniordag for alle over 75 \u00e5r hvor de kan f\u00e5 informasjon om hverdagsmestring og hvordan det kan tilrettelegges for at de skal kunne bo hjemme lengst mulig. <\/li><li>H\u00f8yre vil at alle eldre i institusjon skal ha tilbud om minst en time aktivitet hver dag med bakgrunn i egne interesser og \u00f8nsker. <\/li><li>H\u00f8yre vil at eldre skal f\u00e5 st\u00f8rre mulighet til \u00e5 velge hva de vil spise, og mulighet til \u00e5 dele et godt m\u00e5ltid sammen med andre. <\/li><li>H\u00f8yre vil at eldre i institusjon skal f\u00e5 middag servert ved 16-17-tiden. <\/li><li>H\u00f8yre vil innf\u00f8re fleksible avlastningsordninger for p\u00e5r\u00f8rende og ogs\u00e5 tilby tjenester p\u00e5 kveld og natt.<\/li><\/ul>\n\n\n\n<h2 class=\"wp-block-heading\">Forebyggende helse, omsorg og ettervern <\/h2>\n\n\n\n<p>H\u00f8yre satser p\u00e5 forebyggende helsearbeid og vil opprettholde helsestasjonen for ungdom og studenter og styrke skolehelsetjenesten. Vi vil styrke det forebyggende arbeidet mot narkotika og arbeide for et bedre ettervern. Vi vil arbeide for \u00e5 f\u00e5 bygget egnede boliger for rusmisbrukere uten \u00e5 samle mange p\u00e5 samme sted. <br><br>Frivillige organisasjoner, menigheter og trossamfunn gj\u00f8r en uvurderlig frivillig innsats, som m\u00e5 verdsettes. <br><br>H\u00f8yre vil arbeide for at den som trenger bistand, skal ha f\u00e6rrest mulig hjelpere \u00e5 forholde seg til. <\/p>\n\n\n\n<ul class=\"wp-block-list\"><li>H\u00f8yre vil styrke rusomsorgen ved tettere oppf\u00f8lging av misbrukere. <\/li><li>H\u00f8yre \u00f8nsker at familier med funksjonshemmede barn skal ha en koordinator i kommunen. <\/li><li>H\u00f8yre vil styrke forebyggingen av psykiske lidelser, spesielt hos ungdom og studenter. <\/li><li>H\u00f8yre vil at kommunen skal legge til rette for god folkehelse. <\/li><li>H\u00f8yre vil styrke skolehelsetjenesten. <\/li><li>H\u00f8yre vil at russen skal f\u00e5 tilbud om gratis vaksine mot hjernehinnebetennelse. <\/li><li>H\u00f8yre \u00f8nsker at kun barn som deltar i barnevaksineprogrammet, kan tildeles kommunal barnehageplass. <\/li><\/ul>\n\n\n\n<h2 class=\"wp-block-heading\">Forskning, innovasjon og n\u00e6ringsliv<\/h2>\n\n\n\n<p>H\u00f8yre \u00f8nsker et variert n\u00e6ringsliv i hele kommunen. Vekst er fortsatt \u00f8nskelig og n\u00f8dvendig, men det er ogs\u00e5 viktig \u00e5 bevare milj\u00f8verdiene som ligger i et levende jord- og skogbruk i kommunen. H\u00f8yre vil fremme og tilrettelegge for nye, innovative arbeidsplasser gjennom et n\u00e6rt samarbeid mellom kommunen, n\u00e6ringslivet, NMBU og forskningsmilj\u00f8ene. <br><br>Vinterbroomr\u00e5det m\u00e5 utvikles videre til et knutepunkt for kollektivtrafikk med buss langs hoved\u00e5rene E6 og E18 og regionveinettet, slik at n\u00e6ringsutviklingen kan forsterkes i omr\u00e5det. <br><br>H\u00f8yre vil arbeide for en utvikling av sentrum som er attraktivt for alle aldersgrupper. Sentrum b\u00f8r ha et variert servicetilbud og hotell som vil bygge opp under aktiviteten rundt universitetsmilj\u00f8et og tiltrekke seg annet n\u00e6ringsliv. <br><br>H\u00f8yre vil arbeide for at \u00c5s, i samarbeid med n\u00e6ringslivet og utdannelses- og forskningsmilj\u00f8ene ved NMBU, skal bli regionens innovasjonsmotor. <\/p>\n\n\n\n<ul class=\"wp-block-list\"><li>H\u00f8yre vil arbeide for \u00e5 etablere nye n\u00e6ringsomr\u00e5der og legge til rette for flere arbeidsplasser innenfor kommunen. <\/li><li>H\u00f8yre vil at kommunen skal f\u00f8re en offensiv og aktiv n\u00e6ringspolitikk og v\u00e6re en attraktiv kommune for etablering av nye arbeidsplasser. <\/li><li>H\u00f8yre vil fjerne eiendomsskatt p\u00e5 n\u00e6ring, verk og bruk s\u00e5 snart det er mulig. <\/li><\/ul>\n\n\n<div class=\"tags\">\n\t\t<div class=\"wp-block-tag-cloud\">\n\t\t\t\t\t<a href=\"https:\/\/hoyre.no\/as\/aktuelt\/tag\/2019-2023\/\" class=\"tag-cloud-link\">2019-2023<\/a>\n\t\t\t\t\t<a href=\"https:\/\/hoyre.no\/as\/aktuelt\/tag\/as\/\" class=\"tag-cloud-link\">\u00e5s<\/a>\n\t\t\t\t\t<a href=\"https:\/\/hoyre.no\/as\/aktuelt\/tag\/hoyre\/\" class=\"tag-cloud-link\">h\u00f8yre<\/a>\n\t\t\t\t\t<a href=\"https:\/\/hoyre.no\/as\/aktuelt\/tag\/program\/\" class=\"tag-cloud-link\">program<\/a>\n\t\t\t<\/div>\n\t<\/div>\n<div class=\"post-footer alignfull has-background block-editor-block-list__block\" data-align=full>\n\t<div class=\"post-footer-inner\">\n\t\t<h3>Relaterte artikler<\/h3>\n\t\t<div class=\"related-content\"><div class=\"is-card-hoyre\">\n\t<div class=\"teft-card hoyre-teft-card post-teft-card\">\n\t\t<a href=\"https:\/\/hoyre.no\/as\/aktuelt\/as-hoyres-program-2023-2027\/\" class=\"teft-card__primary-action\">\n\n\t\t\t\t\t<div class=\"teft-card__media teft-card__media--16-9\">\n\t\t\t\t\t\t<img loading=\"lazy\" decoding=\"async\" width=\"768\" height=\"664\" src=\"https:\/\/hoyre.no\/content\/uploads\/sites\/154\/2023\/06\/Card-image-Program-2023-2027-768x664.png\" class=\"attachment-medium_large size-medium_large\" alt=\"\" srcset=\"https:\/\/hoyre.no\/content\/uploads\/sites\/154\/2023\/06\/Card-image-Program-2023-2027-768x664.png 768w, https:\/\/hoyre.no\/content\/uploads\/sites\/154\/2023\/06\/Card-image-Program-2023-2027-300x259.png 300w, https:\/\/hoyre.no\/content\/uploads\/sites\/154\/2023\/06\/Card-image-Program-2023-2027-1024x885.png 1024w, https:\/\/hoyre.no\/content\/uploads\/sites\/154\/2023\/06\/Card-image-Program-2023-2027.png 1184w\" sizes=\"auto, (max-width: 768px) 100vw, 768px\" \/>\t\t<\/div>\n\t\t\n\t\t\t<div class=\"teft-card__content-wrapper\">\n\t\t\t\t<div class=\"teft-card__secondary\">\n\t\t\t\t\t\n\t\t\t\t\t\t\t\t<div class=\"teft-card__meta\">\n\t\t\t\t\t\t\t\t\t<span class=\"post-date\">23. jun 2023<\/span>\n\n\t\t\t\t\t\t\t\t\t<span class=\"post-category\">Program<\/span>\t\t\t\t\t\t\t\t<\/div>\n\t\t\t\t\t\t\t\t\t\t\t<\/div>\n\n\t\t\t\t<div class=\"teft-card__primary\">\n\t\t\t\t\t<h2 class=\"teft-card__title\">Program 2023-2027&nbsp;<span class=\"teft-card__primary-title-append\"><\/span><\/h2>\t\t\t\t<\/div>\n\t\t\t<\/div>\n\t\t<\/a>\n\t<\/div>\n\n\t<\/div><div class=\"is-card-hoyre\">\n\t<div class=\"teft-card hoyre-teft-card post-teft-card\">\n\t\t<a href=\"https:\/\/hoyre.no\/as\/aktuelt\/arets-aerespris-gar-til-bengt-nost-klemmetsen\/\" class=\"teft-card__primary-action\">\n\n\t\t\t\t\t<div class=\"teft-card__media teft-card__media--16-9\">\n\t\t\t\t\t\t<img loading=\"lazy\" decoding=\"async\" width=\"768\" height=\"679\" src=\"https:\/\/hoyre.no\/content\/uploads\/sites\/154\/2024\/11\/IMG_4791-scaled-e1731420269978-768x679.jpg\" class=\"attachment-medium_large size-medium_large\" alt=\"\" srcset=\"https:\/\/hoyre.no\/content\/uploads\/sites\/154\/2024\/11\/IMG_4791-scaled-e1731420269978-768x679.jpg 768w, https:\/\/hoyre.no\/content\/uploads\/sites\/154\/2024\/11\/IMG_4791-scaled-e1731420269978-300x265.jpg 300w, https:\/\/hoyre.no\/content\/uploads\/sites\/154\/2024\/11\/IMG_4791-scaled-e1731420269978-1024x905.jpg 1024w, https:\/\/hoyre.no\/content\/uploads\/sites\/154\/2024\/11\/IMG_4791-scaled-e1731420269978-1536x1358.jpg 1536w, https:\/\/hoyre.no\/content\/uploads\/sites\/154\/2024\/11\/IMG_4791-scaled-e1731420269978.jpg 1875w\" sizes=\"auto, (max-width: 768px) 100vw, 768px\" \/>\t\t<\/div>\n\t\t\n\t\t\t<div class=\"teft-card__content-wrapper\">\n\t\t\t\t<div class=\"teft-card__secondary\">\n\t\t\t\t\t\n\t\t\t\t\t\t\t\t<div class=\"teft-card__meta\">\n\t\t\t\t\t\t\t\t\t<span class=\"post-date\">12. nov 2024<\/span>\n\n\t\t\t\t\t\t\t\t\t<span class=\"post-category\">Ukategorisert<\/span>\t\t\t\t\t\t\t\t<\/div>\n\t\t\t\t\t\t\t\t\t\t\t<\/div>\n\n\t\t\t\t<div class=\"teft-card__primary\">\n\t\t\t\t\t<h2 class=\"teft-card__title\">\u00c5rets \u00e6respris g\u00e5r til Bengt N\u00f8st-Klemmetsen&nbsp;<span class=\"teft-card__primary-title-append\"><\/span><\/h2>\t\t\t\t<\/div>\n\t\t\t<\/div>\n\t\t<\/a>\n\t<\/div>\n\n\t<\/div><div class=\"is-card-hoyre\">\n\t<div class=\"teft-card hoyre-teft-card post-teft-card\">\n\t\t<a href=\"https:\/\/hoyre.no\/as\/aktuelt\/as-hoyres-provenominasjon-til-stortingsvalget-2025\/\" class=\"teft-card__primary-action\">\n\n\t\t\t\t\t<div class=\"teft-card__media teft-card__media--16-9\">\n\t\t\t\t\t\t<img loading=\"lazy\" decoding=\"async\" width=\"768\" height=\"768\" src=\"https:\/\/hoyre.no\/content\/uploads\/sites\/154\/2022\/11\/Hoyres-logo-768x768.png\" class=\"attachment-medium_large size-medium_large\" alt=\"\" srcset=\"https:\/\/hoyre.no\/content\/uploads\/sites\/154\/2022\/11\/Hoyres-logo-768x768.png 768w, https:\/\/hoyre.no\/content\/uploads\/sites\/154\/2022\/11\/Hoyres-logo-300x300.png 300w, https:\/\/hoyre.no\/content\/uploads\/sites\/154\/2022\/11\/Hoyres-logo-150x150.png 150w, https:\/\/hoyre.no\/content\/uploads\/sites\/154\/2022\/11\/Hoyres-logo.png 1000w\" sizes=\"auto, (max-width: 768px) 100vw, 768px\" \/>\t\t<\/div>\n\t\t\n\t\t\t<div class=\"teft-card__content-wrapper\">\n\t\t\t\t<div class=\"teft-card__secondary\">\n\t\t\t\t\t\n\t\t\t\t\t\t\t\t<div class=\"teft-card__meta\">\n\t\t\t\t\t\t\t\t\t<span class=\"post-date\">22. sep 2024<\/span>\n\n\t\t\t\t\t\t\t\t\t<span class=\"post-category\">Valg og nominasjon<\/span>\t\t\t\t\t\t\t\t<\/div>\n\t\t\t\t\t\t\t\t\t\t\t<\/div>\n\n\t\t\t\t<div class=\"teft-card__primary\">\n\t\t\t\t\t<h2 class=\"teft-card__title\">\u00c5s H\u00f8yres pr\u00f8venominasjon til Stortingsvalget 2025&nbsp;<span class=\"teft-card__primary-title-append\"><\/span><\/h2>\t\t\t\t<\/div>\n\t\t\t<\/div>\n\t\t<\/a>\n\t<\/div>\n\n\t<\/div><\/div>\t<\/div>\n<\/div>\n","protected":false},"excerpt":{"rendered":"","protected":false},"author":30281,"featured_media":0,"comment_status":"closed","ping_status":"closed","sticky":false,"template":"","format":"standard","meta":{"teft_cards_image_url":"","teft_cards_custom_pretitle":"","teft_cards_image_id":18,"teft_cards_image_focal_point_x":0.5,"teft_cards_image_focal_point_y":0.5,"teft_cards_title":"","teft_cards_excerpt":"\u00c5s H\u00f8yres program for perioden 2019-2023","teft_show_chapters":false,"author_display_name":"","footnotes":""},"category":[1],"post_tag":[6,3,4,5],"hoyre-visibility":[],"article-type":[],"politician":[],"class_list":["post-17","post","type-post","status-publish","format-standard","hentry","category-ukategorisert","tag-2019-2023","tag-as","tag-hoyre","tag-program"],"yoast_head":"<!-- This site is optimized with the Yoast SEO plugin v26.6 - https:\/\/yoast.com\/wordpress\/plugins\/seo\/ -->\n<title>Program 2019 - 2023 - \u00c5s H\u00f8yre<\/title>\n<meta name=\"robots\" content=\"index, follow, max-snippet:-1, max-image-preview:large, max-video-preview:-1\" \/>\n<link rel=\"canonical\" href=\"https:\/\/hoyre.no\/as\/aktuelt\/program-2019-2023\/\" \/>\n<meta property=\"og:locale\" content=\"nb_NO\" \/>\n<meta property=\"og:type\" content=\"article\" \/>\n<meta property=\"og:title\" content=\"Program 2019 - 2023 - \u00c5s H\u00f8yre\" \/>\n<meta property=\"og:url\" content=\"https:\/\/hoyre.no\/as\/aktuelt\/program-2019-2023\/\" \/>\n<meta property=\"og:site_name\" content=\"\u00c5s H\u00f8yre\" \/>\n<meta property=\"article:published_time\" content=\"2021-01-22T14:48:44+00:00\" \/>\n<meta property=\"article:modified_time\" content=\"2021-01-22T15:07:28+00:00\" \/>\n<meta property=\"og:image\" content=\"https:\/\/hoyre.no\/content\/uploads\/sites\/154\/2023\/07\/IMG_3137-1024x768.jpg\" \/>\n<meta name=\"author\" content=\"Sverre Strand Teigen\" \/>\n<meta name=\"twitter:card\" content=\"summary_large_image\" \/>\n<meta name=\"twitter:label1\" content=\"Skrevet av\" \/>\n\t<meta name=\"twitter:data1\" content=\"Sverre Strand Teigen\" \/>\n\t<meta name=\"twitter:label2\" content=\"Ansl. lesetid\" \/>\n\t<meta name=\"twitter:data2\" content=\"13 minutter\" \/>\n<script type=\"application\/ld+json\" class=\"yoast-schema-graph\">{\"@context\":\"https:\/\/schema.org\",\"@graph\":[{\"@type\":\"NewsArticle\",\"@id\":\"https:\/\/hoyre.no\/as\/aktuelt\/program-2019-2023\/\",\"url\":\"https:\/\/hoyre.no\/as\/aktuelt\/program-2019-2023\/\",\"name\":\"Program 2019 - 2023 - \u00c5s H\u00f8yre\",\"isPartOf\":{\"@id\":\"https:\/\/hoyre.no\/as\/#website\"},\"datePublished\":\"2021-01-22T14:48:44+00:00\",\"dateModified\":\"2021-01-22T15:07:28+00:00\",\"author\":{\"@id\":\"https:\/\/hoyre.no\/as\/#\/schema\/person\/94e80ea18e516af0e5ae99447db8bfba\"},\"breadcrumb\":{\"@id\":\"https:\/\/hoyre.no\/as\/aktuelt\/program-2019-2023\/#breadcrumb\"},\"inLanguage\":\"nb-NO\",\"potentialAction\":[{\"@type\":\"ReadAction\",\"target\":[\"https:\/\/hoyre.no\/as\/aktuelt\/program-2019-2023\/\"]}]},{\"@type\":\"BreadcrumbList\",\"@id\":\"https:\/\/hoyre.no\/as\/aktuelt\/program-2019-2023\/#breadcrumb\",\"itemListElement\":[{\"@type\":\"ListItem\",\"position\":1,\"name\":\"Til hoyre.no\",\"item\":\"https:\/\/hoyre.no\"},{\"@type\":\"ListItem\",\"position\":2,\"name\":\"Hjem\",\"item\":\"https:\/\/hoyre.no\/as\/\"},{\"@type\":\"ListItem\",\"position\":3,\"name\":\"Program 2019 &#8211; 2023\"}]},{\"@type\":\"WebSite\",\"@id\":\"https:\/\/hoyre.no\/as\/#website\",\"url\":\"https:\/\/hoyre.no\/as\/\",\"name\":\"\u00c5s H\u00f8yre\",\"description\":\"Bare enda et H\u00f8yres nettsteder-nettsted\",\"inLanguage\":\"nb-NO\"},{\"@type\":\"Person\",\"@id\":\"https:\/\/hoyre.no\/as\/#\/schema\/person\/94e80ea18e516af0e5ae99447db8bfba\",\"name\":\"Sverre Strand Teigen\",\"image\":{\"@type\":\"ImageObject\",\"inLanguage\":\"nb-NO\",\"@id\":\"https:\/\/hoyre.no\/as\/#\/schema\/person\/image\/\",\"url\":\"https:\/\/secure.gravatar.com\/avatar\/f8c4d3cfef7604a49a5e332bd3dc30b74e54189009709f9907c2aa52a15c9447?s=96&d=mm&r=g\",\"contentUrl\":\"https:\/\/secure.gravatar.com\/avatar\/f8c4d3cfef7604a49a5e332bd3dc30b74e54189009709f9907c2aa52a15c9447?s=96&d=mm&r=g\",\"caption\":\"Sverre Strand Teigen\"},\"url\":\"https:\/\/hoyre.no\/as\/aktuelt\/author\/m50420462\/\"}]}<\/script>\n<!-- \/ Yoast SEO plugin. -->","yoast_head_json":{"title":"Program 2019 - 2023 - \u00c5s H\u00f8yre","robots":{"index":"index","follow":"follow","max-snippet":"max-snippet:-1","max-image-preview":"max-image-preview:large","max-video-preview":"max-video-preview:-1"},"canonical":"https:\/\/hoyre.no\/as\/aktuelt\/program-2019-2023\/","og_locale":"nb_NO","og_type":"article","og_title":"Program 2019 - 2023 - \u00c5s H\u00f8yre","og_url":"https:\/\/hoyre.no\/as\/aktuelt\/program-2019-2023\/","og_site_name":"\u00c5s H\u00f8yre","article_published_time":"2021-01-22T14:48:44+00:00","article_modified_time":"2021-01-22T15:07:28+00:00","og_image":[{"url":"https:\/\/hoyre.no\/content\/uploads\/sites\/154\/2023\/07\/IMG_3137-1024x768.jpg","width":"","height":"","type":""}],"author":"Sverre Strand Teigen","twitter_card":"summary_large_image","twitter_misc":{"Skrevet av":"Sverre Strand Teigen","Ansl. lesetid":"13 minutter"},"schema":{"@context":"https:\/\/schema.org","@graph":[{"@type":"NewsArticle","@id":"https:\/\/hoyre.no\/as\/aktuelt\/program-2019-2023\/","url":"https:\/\/hoyre.no\/as\/aktuelt\/program-2019-2023\/","name":"Program 2019 - 2023 - \u00c5s H\u00f8yre","isPartOf":{"@id":"https:\/\/hoyre.no\/as\/#website"},"datePublished":"2021-01-22T14:48:44+00:00","dateModified":"2021-01-22T15:07:28+00:00","author":{"@id":"https:\/\/hoyre.no\/as\/#\/schema\/person\/94e80ea18e516af0e5ae99447db8bfba"},"breadcrumb":{"@id":"https:\/\/hoyre.no\/as\/aktuelt\/program-2019-2023\/#breadcrumb"},"inLanguage":"nb-NO","potentialAction":[{"@type":"ReadAction","target":["https:\/\/hoyre.no\/as\/aktuelt\/program-2019-2023\/"]}]},{"@type":"BreadcrumbList","@id":"https:\/\/hoyre.no\/as\/aktuelt\/program-2019-2023\/#breadcrumb","itemListElement":[{"@type":"ListItem","position":1,"name":"Til hoyre.no","item":"https:\/\/hoyre.no"},{"@type":"ListItem","position":2,"name":"Hjem","item":"https:\/\/hoyre.no\/as\/"},{"@type":"ListItem","position":3,"name":"Program 2019 &#8211; 2023"}]},{"@type":"WebSite","@id":"https:\/\/hoyre.no\/as\/#website","url":"https:\/\/hoyre.no\/as\/","name":"\u00c5s H\u00f8yre","description":"Bare enda et H\u00f8yres nettsteder-nettsted","inLanguage":"nb-NO"},{"@type":"Person","@id":"https:\/\/hoyre.no\/as\/#\/schema\/person\/94e80ea18e516af0e5ae99447db8bfba","name":"Sverre Strand Teigen","image":{"@type":"ImageObject","inLanguage":"nb-NO","@id":"https:\/\/hoyre.no\/as\/#\/schema\/person\/image\/","url":"https:\/\/secure.gravatar.com\/avatar\/f8c4d3cfef7604a49a5e332bd3dc30b74e54189009709f9907c2aa52a15c9447?s=96&d=mm&r=g","contentUrl":"https:\/\/secure.gravatar.com\/avatar\/f8c4d3cfef7604a49a5e332bd3dc30b74e54189009709f9907c2aa52a15c9447?s=96&d=mm&r=g","caption":"Sverre Strand Teigen"},"url":"https:\/\/hoyre.no\/as\/aktuelt\/author\/m50420462\/"}]}},"distributor_meta":false,"distributor_terms":false,"distributor_media":false,"distributor_original_site_name":"\u00c5s H\u00f8yre","distributor_original_site_url":"https:\/\/hoyre.no\/as","push-errors":false,"_links":{"self":[{"href":"https:\/\/hoyre.no\/as\/wp-json\/wp\/v2\/posts\/17","targetHints":{"allow":["GET"]}}],"collection":[{"href":"https:\/\/hoyre.no\/as\/wp-json\/wp\/v2\/posts"}],"about":[{"href":"https:\/\/hoyre.no\/as\/wp-json\/wp\/v2\/types\/post"}],"author":[{"embeddable":true,"href":"https:\/\/hoyre.no\/as\/wp-json\/wp\/v2\/users\/30281"}],"replies":[{"embeddable":true,"href":"https:\/\/hoyre.no\/as\/wp-json\/wp\/v2\/comments?post=17"}],"version-history":[{"count":17,"href":"https:\/\/hoyre.no\/as\/wp-json\/wp\/v2\/posts\/17\/revisions"}],"predecessor-version":[{"id":36,"href":"https:\/\/hoyre.no\/as\/wp-json\/wp\/v2\/posts\/17\/revisions\/36"}],"wp:attachment":[{"href":"https:\/\/hoyre.no\/as\/wp-json\/wp\/v2\/media?parent=17"}],"wp:term":[{"taxonomy":"category","embeddable":true,"href":"https:\/\/hoyre.no\/as\/wp-json\/wp\/v2\/category?post=17"},{"taxonomy":"post_tag","embeddable":true,"href":"https:\/\/hoyre.no\/as\/wp-json\/wp\/v2\/post_tag?post=17"},{"taxonomy":"hoyre-visibility","embeddable":true,"href":"https:\/\/hoyre.no\/as\/wp-json\/wp\/v2\/hoyre-visibility?post=17"},{"taxonomy":"article-type","embeddable":true,"href":"https:\/\/hoyre.no\/as\/wp-json\/wp\/v2\/article-type?post=17"},{"taxonomy":"politician","embeddable":true,"href":"https:\/\/hoyre.no\/as\/wp-json\/wp\/v2\/politician?post=17"}],"curies":[{"name":"wp","href":"https:\/\/api.w.org\/{rel}","templated":true}]}}