{"id":38,"date":"2021-01-23T17:05:15","date_gmt":"2021-01-23T16:05:15","guid":{"rendered":"https:\/\/hoyre.no\/as\/?p=38"},"modified":"2021-01-23T17:14:55","modified_gmt":"2021-01-23T16:14:55","slug":"viktig-a-sta-sammen-i-vanskelige-tider","status":"publish","type":"post","link":"https:\/\/hoyre.no\/as\/aktuelt\/viktig-a-sta-sammen-i-vanskelige-tider\/","title":{"rendered":"Viktig \u00e5 st\u00e5 sammen i vanskelige tider"},"content":{"rendered":"\n<p class=\"preamble\">Akkurat n\u00e5r Covid-19 ser ut til \u00e5 v\u00e6re p\u00e5 retrett, s\u00e5 smeller det helt plutselig til igjen.<\/p>\t\t\t<div class=\"post-meta wp-block teft-byline-wrapper\">\n\t\t\t\t<div class=\"top\">\n\t\t\t\t\t<div class=\"signature\">\n\t\t\t\t\t\t<div class=\"teft-byline\">\n\t\t\t\t\t\t\t\t\t\t\t\t\t\t<div>\n\t\t\t\t\t\t\t\t<h3>H\u00f8yres redaksjon<\/h3>\t\t\t\t\t\t\t\t\n\t\t\t\t\t\t\t\t\t\t\t\t\t\t\t\t\t<span class=\"date\">Sist oppdatert: 23. januar 2021<\/span>\n\t\t\t\t\t\t\t\t\t\t\t\t\t\t\t\t\t\t\t\t\t\t\t\t\t<span class=\"reading-time\" itemprop=\"timeRequired\" content=\"PT2M\"><em>Ca. 2 minutter lesetid<\/em><\/span>\n\t\t\t\t\t\t\t\t\t\t\t\t\t\t\t<\/div>\n\t\t\t\t\t\t<\/div>\n\t\t\t\t\t<\/div>\n\t\t\t\t\t\t<div class=\"sharing\">\n\t\t<a class=\"share-button share-link copy-link\" data-copy=\"https:\/\/hoyre.no\/as\/aktuelt\/viktig-a-sta-sammen-i-vanskelige-tider\/\" target=\"_blank\"><span class=\"screen-reader-text\">Del link<\/span><\/a>\n\t\t<a class=\"share-button share-twitter\" href=\"http:\/\/twitter.com\/share?text=Viktig \u00e5 st\u00e5 sammen i vanskelige tider&#038;url=https:\/\/hoyre.no\/as\/aktuelt\/viktig-a-sta-sammen-i-vanskelige-tider\/&#038;hashtags=Hoyre\" target=\"_blank\"><span class=\"screen-reader-text\">Del p\u00e5 twitter<\/span><\/a>\n\t\t<a class=\"share-button share-facebook\" href=\"https:\/\/www.facebook.com\/sharer\/sharer.php?u=https:\/\/hoyre.no\/as\/aktuelt\/viktig-a-sta-sammen-i-vanskelige-tider\/\" target=\"_blank\"><span class=\"screen-reader-text\">Del p\u00e5 facebook<\/span><\/a>\n\t<\/div>\n\t\t\t\t\t<\/div>\n\t\t\t<\/div>\n\n\t\t\t<figure class=\"hoyre-image-wrapper\"><div class=\"hoyre-image\"><img loading=\"lazy\" decoding=\"async\" width=\"1440\" height=\"894\" src=\"https:\/\/hoyre.no\/content\/uploads\/sites\/154\/2021\/01\/As-sentrum-regnbue.jpg\" class=\"attachment-scaled size-scaled\" alt=\"Regnbue over \u00c5s sentrum\" style=\"object-position: 50% 50%\" srcset=\"https:\/\/hoyre.no\/content\/uploads\/sites\/154\/2021\/01\/As-sentrum-regnbue.jpg 1440w, https:\/\/hoyre.no\/content\/uploads\/sites\/154\/2021\/01\/As-sentrum-regnbue-300x186.jpg 300w, https:\/\/hoyre.no\/content\/uploads\/sites\/154\/2021\/01\/As-sentrum-regnbue-1024x636.jpg 1024w, https:\/\/hoyre.no\/content\/uploads\/sites\/154\/2021\/01\/As-sentrum-regnbue-768x477.jpg 768w\" sizes=\"auto, (max-width: 1440px) 100vw, 1440px\" \/><\/div><figcaption class=\"caption\">Foto: Roy Hansen<\/figcaption><\/figure>\n\n\n\n\t\t\t<div class=\"post-meta wp-block teft-byline-wrapper\">\n\t\t\t\t<div class=\"top\">\n\t\t\t\t\t<div class=\"signature\">\n\t\t\t\t\t\t<div class=\"teft-byline\">\n\t\t\t\t\t\t\t\t\t\t\t\t\t\t<div>\n\t\t\t\t\t\t\t\t<h3>H\u00f8yres redaksjon<\/h3>\t\t\t\t\t\t\t\t\n\t\t\t\t\t\t\t\t\t\t\t\t\t\t\t\t\t<span class=\"date\">Sist oppdatert: 23. januar 2021<\/span>\n\t\t\t\t\t\t\t\t\t\t\t\t\t\t\t\t\t\t\t\t\t\t\t\t\t<span class=\"reading-time\" itemprop=\"timeRequired\" content=\"PT2M\"><em>Ca. 2 minutter lesetid<\/em><\/span>\n\t\t\t\t\t\t\t\t\t\t\t\t\t\t\t<\/div>\n\t\t\t\t\t\t<\/div>\n\t\t\t\t\t<\/div>\n\t\t\t\t\t\t<div class=\"sharing\">\n\t\t<a class=\"share-button share-link copy-link\" data-copy=\"https:\/\/hoyre.no\/as\/aktuelt\/viktig-a-sta-sammen-i-vanskelige-tider\/\" target=\"_blank\"><span class=\"screen-reader-text\">Del link<\/span><\/a>\n\t\t<a class=\"share-button share-twitter\" href=\"http:\/\/twitter.com\/share?text=Viktig \u00e5 st\u00e5 sammen i vanskelige tider&#038;url=https:\/\/hoyre.no\/as\/aktuelt\/viktig-a-sta-sammen-i-vanskelige-tider\/&#038;hashtags=Hoyre\" target=\"_blank\"><span class=\"screen-reader-text\">Del p\u00e5 twitter<\/span><\/a>\n\t\t<a class=\"share-button share-facebook\" href=\"https:\/\/www.facebook.com\/sharer\/sharer.php?u=https:\/\/hoyre.no\/as\/aktuelt\/viktig-a-sta-sammen-i-vanskelige-tider\/\" target=\"_blank\"><span class=\"screen-reader-text\">Del p\u00e5 facebook<\/span><\/a>\n\t<\/div>\n\t\t\t\t\t<\/div>\n\t\t\t<\/div>\n\n\t\t\t\n\n\n<div class=\"wp-block-image\"><figure class=\"alignleft size-large is-resized\"><img loading=\"lazy\" decoding=\"async\" src=\"https:\/\/hoyre.no\/content\/uploads\/sites\/154\/2021\/01\/02-Bengt-Nost-Klemmetsen-51911584-edited-scaled.jpg\" alt=\"Portrettbilde av Bengt N\u00f8st-Klemmetsen\" class=\"wp-image-49\" width=\"205\" height=\"205\" srcset=\"https:\/\/hoyre.no\/content\/uploads\/sites\/154\/2021\/01\/02-Bengt-Nost-Klemmetsen-51911584-edited-scaled.jpg 2497w, https:\/\/hoyre.no\/content\/uploads\/sites\/154\/2021\/01\/02-Bengt-Nost-Klemmetsen-51911584-edited-300x300.jpg 300w, https:\/\/hoyre.no\/content\/uploads\/sites\/154\/2021\/01\/02-Bengt-Nost-Klemmetsen-51911584-edited-1024x1024.jpg 1024w, https:\/\/hoyre.no\/content\/uploads\/sites\/154\/2021\/01\/02-Bengt-Nost-Klemmetsen-51911584-edited-150x150.jpg 150w, https:\/\/hoyre.no\/content\/uploads\/sites\/154\/2021\/01\/02-Bengt-Nost-Klemmetsen-51911584-edited-768x769.jpg 768w, https:\/\/hoyre.no\/content\/uploads\/sites\/154\/2021\/01\/02-Bengt-Nost-Klemmetsen-51911584-edited-1534x1536.jpg 1534w, https:\/\/hoyre.no\/content\/uploads\/sites\/154\/2021\/01\/02-Bengt-Nost-Klemmetsen-51911584-edited-2046x2048.jpg 2046w\" sizes=\"auto, (max-width: 205px) 100vw, 205px\" \/><figcaption>Bengt N\u00f8st-Klemmetsen<\/figcaption><\/figure><\/div>\n\n\n\n<div class=\"wp-block-image\"><figure class=\"alignleft size-large is-resized\"><img loading=\"lazy\" decoding=\"async\" src=\"https:\/\/hoyre.no\/content\/uploads\/sites\/154\/2021\/01\/11-Nils-Herman-Sopp-50724855-edited.jpg\" alt=\"\" class=\"wp-image-52\" width=\"205\" height=\"205\" srcset=\"https:\/\/hoyre.no\/content\/uploads\/sites\/154\/2021\/01\/11-Nils-Herman-Sopp-50724855-edited.jpg 2360w, https:\/\/hoyre.no\/content\/uploads\/sites\/154\/2021\/01\/11-Nils-Herman-Sopp-50724855-edited-300x300.jpg 300w, https:\/\/hoyre.no\/content\/uploads\/sites\/154\/2021\/01\/11-Nils-Herman-Sopp-50724855-edited-1024x1024.jpg 1024w, https:\/\/hoyre.no\/content\/uploads\/sites\/154\/2021\/01\/11-Nils-Herman-Sopp-50724855-edited-150x150.jpg 150w, https:\/\/hoyre.no\/content\/uploads\/sites\/154\/2021\/01\/11-Nils-Herman-Sopp-50724855-edited-768x768.jpg 768w, https:\/\/hoyre.no\/content\/uploads\/sites\/154\/2021\/01\/11-Nils-Herman-Sopp-50724855-edited-1536x1536.jpg 1536w, https:\/\/hoyre.no\/content\/uploads\/sites\/154\/2021\/01\/11-Nils-Herman-Sopp-50724855-edited-2048x2048.jpg 2048w\" sizes=\"auto, (max-width: 205px) 100vw, 205px\" \/><figcaption>Nils H. Sopp<\/figcaption><\/figure><\/div>\n\n\n\n<p>N\u00e5 m\u00e5 vi st\u00e5 sammen, alle Follo-kommuner og tilgrensende bykommuner som Oslo og Moss. Vi m\u00e5 alle gj\u00f8re v\u00e5rt for \u00e5 begrense spredningen av viruset mest mulig, i s\u00e6rdeleshet n\u00e5 som mutasjonen er p\u00e5vist i Nordre Follo og sannsynligvis ogs\u00e5 blir det i flere andre kommuner i v\u00e5rt omr\u00e5de. <br><br>\u00c5s H\u00f8yre roser ordf\u00f8rer og kriseledelsen i \u00c5s kommune for \u00e5 reagere raskt p\u00e5 denne nye situasjonen som oppstod fredag, med nye tiltak og regler innf\u00f8rt allerede kl 12 l\u00f8rdag. \u00c5s kommunes hjemmesider er ogs\u00e5 oppdatert i tide til innf\u00f8ringen av nye regler. <br><br>Denne drastiske endringen i smittesituasjonen viser at vi m\u00e5 v\u00e6re sv\u00e6rt forsiktige med lettelser i restriksjoner og smittevernregler fremover. Det er bedre \u00e5 holde strenge regler litt lengre, enn \u00e5 f\u00e5 et tilbakefall som Follo fikk erfare n\u00e5. Dessverre m\u00e5 vi alle akseptere begrensninger i hverdagen. \u00c5s kommune gj\u00f8r dette nettopp for at ikke smitten igjen skal blusse opp. Fordi det tar tid f\u00f8r smitteutbrudd kan p\u00e5vises, er det n\u00f8dvendig med kraftige preventive tiltak. <br><br>N\u00e5 er det viktig, mer enn noen gang at vi st\u00e5r sammen og viser solidaritet med de som er risikoutsatt, og ikke gj\u00f8r mer enn absolutt det mest n\u00f8dvendige utenfor hjemmet. Tenk mer p\u00e5 hva du kan gj\u00f8re for \u00e5 bidra, enn hvordan du kan unng\u00e5 og omg\u00e5 de nye reglene. Sammen skal vi f\u00e5 dette til, hver for oss lykkes vi ikke. <\/p>\n\n\n\n<p><\/p>\n\n\n<div class=\"tags\">\n\t<\/div>\n<div class=\"post-footer alignfull has-background block-editor-block-list__block\" data-align=full>\n\t<div class=\"post-footer-inner\">\n\t\t<h3>Relaterte artikler<\/h3>\n\t\t<div class=\"related-content\"><div class=\"is-card-hoyre\">\n\t<div class=\"teft-card hoyre-teft-card post-teft-card\">\n\t\t<a href=\"https:\/\/hoyre.no\/as\/aktuelt\/as-hoyres-program-2023-2027\/\" class=\"teft-card__primary-action\">\n\n\t\t\t\t\t<div class=\"teft-card__media teft-card__media--16-9\">\n\t\t\t\t\t\t<img loading=\"lazy\" decoding=\"async\" width=\"768\" height=\"664\" src=\"https:\/\/hoyre.no\/content\/uploads\/sites\/154\/2023\/06\/Card-image-Program-2023-2027-768x664.png\" class=\"attachment-medium_large size-medium_large\" alt=\"\" srcset=\"https:\/\/hoyre.no\/content\/uploads\/sites\/154\/2023\/06\/Card-image-Program-2023-2027-768x664.png 768w, https:\/\/hoyre.no\/content\/uploads\/sites\/154\/2023\/06\/Card-image-Program-2023-2027-300x259.png 300w, https:\/\/hoyre.no\/content\/uploads\/sites\/154\/2023\/06\/Card-image-Program-2023-2027-1024x885.png 1024w, https:\/\/hoyre.no\/content\/uploads\/sites\/154\/2023\/06\/Card-image-Program-2023-2027.png 1184w\" sizes=\"auto, (max-width: 768px) 100vw, 768px\" \/>\t\t<\/div>\n\t\t\n\t\t\t<div class=\"teft-card__content-wrapper\">\n\t\t\t\t<div class=\"teft-card__secondary\">\n\t\t\t\t\t\n\t\t\t\t\t\t\t\t<div class=\"teft-card__meta\">\n\t\t\t\t\t\t\t\t\t<span class=\"post-date\">23. jun 2023<\/span>\n\n\t\t\t\t\t\t\t\t\t<span class=\"post-category\">Program<\/span>\t\t\t\t\t\t\t\t<\/div>\n\t\t\t\t\t\t\t\t\t\t\t<\/div>\n\n\t\t\t\t<div class=\"teft-card__primary\">\n\t\t\t\t\t<h2 class=\"teft-card__title\">Program 2023-2027&nbsp;<span class=\"teft-card__primary-title-append\"><\/span><\/h2>\t\t\t\t<\/div>\n\t\t\t<\/div>\n\t\t<\/a>\n\t<\/div>\n\n\t<\/div><div class=\"is-card-hoyre\">\n\t<div class=\"teft-card hoyre-teft-card post-teft-card\">\n\t\t<a href=\"https:\/\/hoyre.no\/as\/aktuelt\/arets-aerespris-gar-til-bengt-nost-klemmetsen\/\" class=\"teft-card__primary-action\">\n\n\t\t\t\t\t<div class=\"teft-card__media teft-card__media--16-9\">\n\t\t\t\t\t\t<img loading=\"lazy\" decoding=\"async\" width=\"768\" height=\"679\" src=\"https:\/\/hoyre.no\/content\/uploads\/sites\/154\/2024\/11\/IMG_4791-scaled-e1731420269978-768x679.jpg\" class=\"attachment-medium_large size-medium_large\" alt=\"\" srcset=\"https:\/\/hoyre.no\/content\/uploads\/sites\/154\/2024\/11\/IMG_4791-scaled-e1731420269978-768x679.jpg 768w, https:\/\/hoyre.no\/content\/uploads\/sites\/154\/2024\/11\/IMG_4791-scaled-e1731420269978-300x265.jpg 300w, https:\/\/hoyre.no\/content\/uploads\/sites\/154\/2024\/11\/IMG_4791-scaled-e1731420269978-1024x905.jpg 1024w, https:\/\/hoyre.no\/content\/uploads\/sites\/154\/2024\/11\/IMG_4791-scaled-e1731420269978-1536x1358.jpg 1536w, https:\/\/hoyre.no\/content\/uploads\/sites\/154\/2024\/11\/IMG_4791-scaled-e1731420269978.jpg 1875w\" sizes=\"auto, (max-width: 768px) 100vw, 768px\" \/>\t\t<\/div>\n\t\t\n\t\t\t<div class=\"teft-card__content-wrapper\">\n\t\t\t\t<div class=\"teft-card__secondary\">\n\t\t\t\t\t\n\t\t\t\t\t\t\t\t<div class=\"teft-card__meta\">\n\t\t\t\t\t\t\t\t\t<span class=\"post-date\">12. nov 2024<\/span>\n\n\t\t\t\t\t\t\t\t\t<span class=\"post-category\">Ukategorisert<\/span>\t\t\t\t\t\t\t\t<\/div>\n\t\t\t\t\t\t\t\t\t\t\t<\/div>\n\n\t\t\t\t<div class=\"teft-card__primary\">\n\t\t\t\t\t<h2 class=\"teft-card__title\">\u00c5rets \u00e6respris g\u00e5r til Bengt N\u00f8st-Klemmetsen&nbsp;<span class=\"teft-card__primary-title-append\"><\/span><\/h2>\t\t\t\t<\/div>\n\t\t\t<\/div>\n\t\t<\/a>\n\t<\/div>\n\n\t<\/div><div class=\"is-card-hoyre\">\n\t<div class=\"teft-card hoyre-teft-card post-teft-card\">\n\t\t<a href=\"https:\/\/hoyre.no\/as\/aktuelt\/as-hoyres-provenominasjon-til-stortingsvalget-2025\/\" class=\"teft-card__primary-action\">\n\n\t\t\t\t\t<div class=\"teft-card__media teft-card__media--16-9\">\n\t\t\t\t\t\t<img loading=\"lazy\" decoding=\"async\" width=\"768\" height=\"768\" src=\"https:\/\/hoyre.no\/content\/uploads\/sites\/154\/2022\/11\/Hoyres-logo-768x768.png\" class=\"attachment-medium_large size-medium_large\" alt=\"\" srcset=\"https:\/\/hoyre.no\/content\/uploads\/sites\/154\/2022\/11\/Hoyres-logo-768x768.png 768w, https:\/\/hoyre.no\/content\/uploads\/sites\/154\/2022\/11\/Hoyres-logo-300x300.png 300w, https:\/\/hoyre.no\/content\/uploads\/sites\/154\/2022\/11\/Hoyres-logo-150x150.png 150w, https:\/\/hoyre.no\/content\/uploads\/sites\/154\/2022\/11\/Hoyres-logo.png 1000w\" sizes=\"auto, (max-width: 768px) 100vw, 768px\" \/>\t\t<\/div>\n\t\t\n\t\t\t<div class=\"teft-card__content-wrapper\">\n\t\t\t\t<div class=\"teft-card__secondary\">\n\t\t\t\t\t\n\t\t\t\t\t\t\t\t<div class=\"teft-card__meta\">\n\t\t\t\t\t\t\t\t\t<span class=\"post-date\">22. sep 2024<\/span>\n\n\t\t\t\t\t\t\t\t\t<span class=\"post-category\">Valg og nominasjon<\/span>\t\t\t\t\t\t\t\t<\/div>\n\t\t\t\t\t\t\t\t\t\t\t<\/div>\n\n\t\t\t\t<div class=\"teft-card__primary\">\n\t\t\t\t\t<h2 class=\"teft-card__title\">\u00c5s H\u00f8yres pr\u00f8venominasjon til Stortingsvalget 2025&nbsp;<span class=\"teft-card__primary-title-append\"><\/span><\/h2>\t\t\t\t<\/div>\n\t\t\t<\/div>\n\t\t<\/a>\n\t<\/div>\n\n\t<\/div><\/div>\t<\/div>\n<\/div>\n","protected":false},"excerpt":{"rendered":"","protected":false},"author":30281,"featured_media":0,"comment_status":"closed","ping_status":"closed","sticky":false,"template":"","format":"standard","meta":{"teft_cards_image_url":"","teft_cards_custom_pretitle":"","teft_cards_image_id":45,"teft_cards_image_focal_point_x":0.5,"teft_cards_image_focal_point_y":0.5,"teft_cards_title":"","teft_cards_excerpt":"","teft_show_chapters":false,"author_display_name":"","footnotes":""},"category":[1],"post_tag":[],"hoyre-visibility":[],"article-type":[],"politician":[],"class_list":["post-38","post","type-post","status-publish","format-standard","hentry","category-ukategorisert"],"yoast_head":"<!-- This site is optimized with the Yoast SEO plugin v26.6 - https:\/\/yoast.com\/wordpress\/plugins\/seo\/ -->\n<title>Viktig \u00e5 st\u00e5 sammen i vanskelige tider - \u00c5s H\u00f8yre<\/title>\n<meta name=\"robots\" content=\"index, follow, max-snippet:-1, max-image-preview:large, max-video-preview:-1\" \/>\n<link rel=\"canonical\" href=\"https:\/\/hoyre.no\/as\/aktuelt\/viktig-a-sta-sammen-i-vanskelige-tider\/\" \/>\n<meta property=\"og:locale\" content=\"nb_NO\" \/>\n<meta property=\"og:type\" content=\"article\" \/>\n<meta property=\"og:title\" content=\"Viktig \u00e5 st\u00e5 sammen i vanskelige tider - \u00c5s H\u00f8yre\" \/>\n<meta property=\"og:url\" content=\"https:\/\/hoyre.no\/as\/aktuelt\/viktig-a-sta-sammen-i-vanskelige-tider\/\" \/>\n<meta property=\"og:site_name\" content=\"\u00c5s H\u00f8yre\" \/>\n<meta property=\"article:published_time\" content=\"2021-01-23T16:05:15+00:00\" \/>\n<meta property=\"article:modified_time\" content=\"2021-01-23T16:14:55+00:00\" \/>\n<meta property=\"og:image\" content=\"https:\/\/hoyre.no\/content\/uploads\/sites\/154\/2023\/07\/IMG_3137-1024x768.jpg\" \/>\n<meta name=\"author\" content=\"Sverre Strand Teigen\" \/>\n<meta name=\"twitter:card\" content=\"summary_large_image\" \/>\n<meta name=\"twitter:label1\" content=\"Skrevet av\" \/>\n\t<meta name=\"twitter:data1\" content=\"Sverre Strand Teigen\" \/>\n\t<meta name=\"twitter:label2\" content=\"Ansl. lesetid\" \/>\n\t<meta name=\"twitter:data2\" content=\"1 minutt\" \/>\n<script type=\"application\/ld+json\" class=\"yoast-schema-graph\">{\"@context\":\"https:\/\/schema.org\",\"@graph\":[{\"@type\":\"NewsArticle\",\"@id\":\"https:\/\/hoyre.no\/as\/aktuelt\/viktig-a-sta-sammen-i-vanskelige-tider\/\",\"url\":\"https:\/\/hoyre.no\/as\/aktuelt\/viktig-a-sta-sammen-i-vanskelige-tider\/\",\"name\":\"Viktig \u00e5 st\u00e5 sammen i vanskelige tider - \u00c5s H\u00f8yre\",\"isPartOf\":{\"@id\":\"https:\/\/hoyre.no\/as\/#website\"},\"image\":{\"@id\":\"https:\/\/hoyre.no\/as\/aktuelt\/viktig-a-sta-sammen-i-vanskelige-tider\/#primaryimage\"},\"thumbnailUrl\":\"https:\/\/hoyre.no\/content\/uploads\/sites\/154\/2021\/01\/02-Bengt-Nost-Klemmetsen-51911584-edited-scaled.jpg\",\"datePublished\":\"2021-01-23T16:05:15+00:00\",\"dateModified\":\"2021-01-23T16:14:55+00:00\",\"author\":{\"@id\":\"https:\/\/hoyre.no\/as\/#\/schema\/person\/94e80ea18e516af0e5ae99447db8bfba\"},\"breadcrumb\":{\"@id\":\"https:\/\/hoyre.no\/as\/aktuelt\/viktig-a-sta-sammen-i-vanskelige-tider\/#breadcrumb\"},\"inLanguage\":\"nb-NO\",\"potentialAction\":[{\"@type\":\"ReadAction\",\"target\":[\"https:\/\/hoyre.no\/as\/aktuelt\/viktig-a-sta-sammen-i-vanskelige-tider\/\"]}]},{\"@type\":\"ImageObject\",\"inLanguage\":\"nb-NO\",\"@id\":\"https:\/\/hoyre.no\/as\/aktuelt\/viktig-a-sta-sammen-i-vanskelige-tider\/#primaryimage\",\"url\":\"https:\/\/hoyre.no\/content\/uploads\/sites\/154\/2021\/01\/02-Bengt-Nost-Klemmetsen-51911584-edited-scaled.jpg\",\"contentUrl\":\"https:\/\/hoyre.no\/content\/uploads\/sites\/154\/2021\/01\/02-Bengt-Nost-Klemmetsen-51911584-edited-scaled.jpg\"},{\"@type\":\"BreadcrumbList\",\"@id\":\"https:\/\/hoyre.no\/as\/aktuelt\/viktig-a-sta-sammen-i-vanskelige-tider\/#breadcrumb\",\"itemListElement\":[{\"@type\":\"ListItem\",\"position\":1,\"name\":\"Til hoyre.no\",\"item\":\"https:\/\/hoyre.no\"},{\"@type\":\"ListItem\",\"position\":2,\"name\":\"Hjem\",\"item\":\"https:\/\/hoyre.no\/as\/\"},{\"@type\":\"ListItem\",\"position\":3,\"name\":\"Viktig \u00e5 st\u00e5 sammen i vanskelige tider\"}]},{\"@type\":\"WebSite\",\"@id\":\"https:\/\/hoyre.no\/as\/#website\",\"url\":\"https:\/\/hoyre.no\/as\/\",\"name\":\"\u00c5s H\u00f8yre\",\"description\":\"Bare enda et H\u00f8yres nettsteder-nettsted\",\"inLanguage\":\"nb-NO\"},{\"@type\":\"Person\",\"@id\":\"https:\/\/hoyre.no\/as\/#\/schema\/person\/94e80ea18e516af0e5ae99447db8bfba\",\"name\":\"Sverre Strand Teigen\",\"image\":{\"@type\":\"ImageObject\",\"inLanguage\":\"nb-NO\",\"@id\":\"https:\/\/hoyre.no\/as\/#\/schema\/person\/image\/\",\"url\":\"https:\/\/secure.gravatar.com\/avatar\/f8c4d3cfef7604a49a5e332bd3dc30b74e54189009709f9907c2aa52a15c9447?s=96&d=mm&r=g\",\"contentUrl\":\"https:\/\/secure.gravatar.com\/avatar\/f8c4d3cfef7604a49a5e332bd3dc30b74e54189009709f9907c2aa52a15c9447?s=96&d=mm&r=g\",\"caption\":\"Sverre Strand Teigen\"},\"url\":\"https:\/\/hoyre.no\/as\/aktuelt\/author\/m50420462\/\"}]}<\/script>\n<!-- \/ Yoast SEO plugin. -->","yoast_head_json":{"title":"Viktig \u00e5 st\u00e5 sammen i vanskelige tider - \u00c5s H\u00f8yre","robots":{"index":"index","follow":"follow","max-snippet":"max-snippet:-1","max-image-preview":"max-image-preview:large","max-video-preview":"max-video-preview:-1"},"canonical":"https:\/\/hoyre.no\/as\/aktuelt\/viktig-a-sta-sammen-i-vanskelige-tider\/","og_locale":"nb_NO","og_type":"article","og_title":"Viktig \u00e5 st\u00e5 sammen i vanskelige tider - \u00c5s H\u00f8yre","og_url":"https:\/\/hoyre.no\/as\/aktuelt\/viktig-a-sta-sammen-i-vanskelige-tider\/","og_site_name":"\u00c5s H\u00f8yre","article_published_time":"2021-01-23T16:05:15+00:00","article_modified_time":"2021-01-23T16:14:55+00:00","og_image":[{"url":"https:\/\/hoyre.no\/content\/uploads\/sites\/154\/2023\/07\/IMG_3137-1024x768.jpg","width":"","height":"","type":""}],"author":"Sverre Strand Teigen","twitter_card":"summary_large_image","twitter_misc":{"Skrevet av":"Sverre Strand Teigen","Ansl. lesetid":"1 minutt"},"schema":{"@context":"https:\/\/schema.org","@graph":[{"@type":"NewsArticle","@id":"https:\/\/hoyre.no\/as\/aktuelt\/viktig-a-sta-sammen-i-vanskelige-tider\/","url":"https:\/\/hoyre.no\/as\/aktuelt\/viktig-a-sta-sammen-i-vanskelige-tider\/","name":"Viktig \u00e5 st\u00e5 sammen i vanskelige tider - \u00c5s H\u00f8yre","isPartOf":{"@id":"https:\/\/hoyre.no\/as\/#website"},"image":{"@id":"https:\/\/hoyre.no\/as\/aktuelt\/viktig-a-sta-sammen-i-vanskelige-tider\/#primaryimage"},"thumbnailUrl":"https:\/\/hoyre.no\/content\/uploads\/sites\/154\/2021\/01\/02-Bengt-Nost-Klemmetsen-51911584-edited-scaled.jpg","datePublished":"2021-01-23T16:05:15+00:00","dateModified":"2021-01-23T16:14:55+00:00","author":{"@id":"https:\/\/hoyre.no\/as\/#\/schema\/person\/94e80ea18e516af0e5ae99447db8bfba"},"breadcrumb":{"@id":"https:\/\/hoyre.no\/as\/aktuelt\/viktig-a-sta-sammen-i-vanskelige-tider\/#breadcrumb"},"inLanguage":"nb-NO","potentialAction":[{"@type":"ReadAction","target":["https:\/\/hoyre.no\/as\/aktuelt\/viktig-a-sta-sammen-i-vanskelige-tider\/"]}]},{"@type":"ImageObject","inLanguage":"nb-NO","@id":"https:\/\/hoyre.no\/as\/aktuelt\/viktig-a-sta-sammen-i-vanskelige-tider\/#primaryimage","url":"https:\/\/hoyre.no\/content\/uploads\/sites\/154\/2021\/01\/02-Bengt-Nost-Klemmetsen-51911584-edited-scaled.jpg","contentUrl":"https:\/\/hoyre.no\/content\/uploads\/sites\/154\/2021\/01\/02-Bengt-Nost-Klemmetsen-51911584-edited-scaled.jpg"},{"@type":"BreadcrumbList","@id":"https:\/\/hoyre.no\/as\/aktuelt\/viktig-a-sta-sammen-i-vanskelige-tider\/#breadcrumb","itemListElement":[{"@type":"ListItem","position":1,"name":"Til hoyre.no","item":"https:\/\/hoyre.no"},{"@type":"ListItem","position":2,"name":"Hjem","item":"https:\/\/hoyre.no\/as\/"},{"@type":"ListItem","position":3,"name":"Viktig \u00e5 st\u00e5 sammen i vanskelige tider"}]},{"@type":"WebSite","@id":"https:\/\/hoyre.no\/as\/#website","url":"https:\/\/hoyre.no\/as\/","name":"\u00c5s H\u00f8yre","description":"Bare enda et H\u00f8yres nettsteder-nettsted","inLanguage":"nb-NO"},{"@type":"Person","@id":"https:\/\/hoyre.no\/as\/#\/schema\/person\/94e80ea18e516af0e5ae99447db8bfba","name":"Sverre Strand Teigen","image":{"@type":"ImageObject","inLanguage":"nb-NO","@id":"https:\/\/hoyre.no\/as\/#\/schema\/person\/image\/","url":"https:\/\/secure.gravatar.com\/avatar\/f8c4d3cfef7604a49a5e332bd3dc30b74e54189009709f9907c2aa52a15c9447?s=96&d=mm&r=g","contentUrl":"https:\/\/secure.gravatar.com\/avatar\/f8c4d3cfef7604a49a5e332bd3dc30b74e54189009709f9907c2aa52a15c9447?s=96&d=mm&r=g","caption":"Sverre Strand Teigen"},"url":"https:\/\/hoyre.no\/as\/aktuelt\/author\/m50420462\/"}]}},"distributor_meta":false,"distributor_terms":false,"distributor_media":false,"distributor_original_site_name":"\u00c5s H\u00f8yre","distributor_original_site_url":"https:\/\/hoyre.no\/as","push-errors":false,"_links":{"self":[{"href":"https:\/\/hoyre.no\/as\/wp-json\/wp\/v2\/posts\/38","targetHints":{"allow":["GET"]}}],"collection":[{"href":"https:\/\/hoyre.no\/as\/wp-json\/wp\/v2\/posts"}],"about":[{"href":"https:\/\/hoyre.no\/as\/wp-json\/wp\/v2\/types\/post"}],"author":[{"embeddable":true,"href":"https:\/\/hoyre.no\/as\/wp-json\/wp\/v2\/users\/30281"}],"replies":[{"embeddable":true,"href":"https:\/\/hoyre.no\/as\/wp-json\/wp\/v2\/comments?post=38"}],"version-history":[{"count":14,"href":"https:\/\/hoyre.no\/as\/wp-json\/wp\/v2\/posts\/38\/revisions"}],"predecessor-version":[{"id":60,"href":"https:\/\/hoyre.no\/as\/wp-json\/wp\/v2\/posts\/38\/revisions\/60"}],"wp:attachment":[{"href":"https:\/\/hoyre.no\/as\/wp-json\/wp\/v2\/media?parent=38"}],"wp:term":[{"taxonomy":"category","embeddable":true,"href":"https:\/\/hoyre.no\/as\/wp-json\/wp\/v2\/category?post=38"},{"taxonomy":"post_tag","embeddable":true,"href":"https:\/\/hoyre.no\/as\/wp-json\/wp\/v2\/post_tag?post=38"},{"taxonomy":"hoyre-visibility","embeddable":true,"href":"https:\/\/hoyre.no\/as\/wp-json\/wp\/v2\/hoyre-visibility?post=38"},{"taxonomy":"article-type","embeddable":true,"href":"https:\/\/hoyre.no\/as\/wp-json\/wp\/v2\/article-type?post=38"},{"taxonomy":"politician","embeddable":true,"href":"https:\/\/hoyre.no\/as\/wp-json\/wp\/v2\/politician?post=38"}],"curies":[{"name":"wp","href":"https:\/\/api.w.org\/{rel}","templated":true}]}}