{"id":61,"date":"2021-04-14T14:56:57","date_gmt":"2021-04-14T12:56:57","guid":{"rendered":"https:\/\/hoyre.no\/as\/?p=61"},"modified":"2021-04-14T14:57:54","modified_gmt":"2021-04-14T12:57:54","slug":"leve-hele-livet","status":"publish","type":"post","link":"https:\/\/hoyre.no\/as\/aktuelt\/leve-hele-livet\/","title":{"rendered":"Leve hele livet"},"content":{"rendered":"\n<figure class=\"hoyre-image-wrapper\"><div class=\"hoyre-image\"><img loading=\"lazy\" decoding=\"async\" width=\"1875\" height=\"2500\" src=\"https:\/\/hoyre.no\/content\/uploads\/sites\/154\/2021\/04\/05-Rubina-Mushtaq-Rikheim-50353176-scaled.jpg\" class=\"attachment-scaled size-scaled\" alt=\"\" style=\"object-position: 46% 26%\" srcset=\"https:\/\/hoyre.no\/content\/uploads\/sites\/154\/2021\/04\/05-Rubina-Mushtaq-Rikheim-50353176-scaled.jpg 1875w, https:\/\/hoyre.no\/content\/uploads\/sites\/154\/2021\/04\/05-Rubina-Mushtaq-Rikheim-50353176-225x300.jpg 225w, https:\/\/hoyre.no\/content\/uploads\/sites\/154\/2021\/04\/05-Rubina-Mushtaq-Rikheim-50353176-768x1024.jpg 768w, https:\/\/hoyre.no\/content\/uploads\/sites\/154\/2021\/04\/05-Rubina-Mushtaq-Rikheim-50353176-1152x1536.jpg 1152w, https:\/\/hoyre.no\/content\/uploads\/sites\/154\/2021\/04\/05-Rubina-Mushtaq-Rikheim-50353176-1536x2048.jpg 1536w\" sizes=\"auto, (max-width: 1875px) 100vw, 1875px\" \/><\/div><figcaption class=\"caption\">Rubina Mushtaq Rikheim. Foto: \u00c5s H\u00f8yre<\/figcaption><\/figure>\n\n\n\n\t\t\t<div class=\"post-meta wp-block teft-byline-wrapper\">\n\t\t\t\t<div class=\"top\">\n\t\t\t\t\t<div class=\"signature\">\n\t\t\t\t\t\t<div class=\"teft-byline\">\n\t\t\t\t\t\t\t\t\t\t\t\t\t\t<div>\n\t\t\t\t\t\t\t\t<h3>H\u00f8yres redaksjon<\/h3>\t\t\t\t\t\t\t\t\n\t\t\t\t\t\t\t\t\t\t\t\t\t\t\t\t\t<span class=\"date\">Sist oppdatert: 14. april 2021<\/span>\n\t\t\t\t\t\t\t\t\t\t\t\t\t\t\t\t\t\t\t\t\t\t\t\t\t<span class=\"reading-time\" itemprop=\"timeRequired\" content=\"PT3M\"><em>Ca. 3 minutter lesetid<\/em><\/span>\n\t\t\t\t\t\t\t\t\t\t\t\t\t\t\t<\/div>\n\t\t\t\t\t\t<\/div>\n\t\t\t\t\t<\/div>\n\t\t\t\t\t\t<div class=\"sharing\">\n\t\t<a class=\"share-button share-link copy-link\" data-copy=\"https:\/\/hoyre.no\/as\/aktuelt\/leve-hele-livet\/\" target=\"_blank\"><span class=\"screen-reader-text\">Del link<\/span><\/a>\n\t\t<a class=\"share-button share-twitter\" href=\"http:\/\/twitter.com\/share?text=Leve hele livet&#038;url=https:\/\/hoyre.no\/as\/aktuelt\/leve-hele-livet\/&#038;hashtags=Hoyre\" target=\"_blank\"><span class=\"screen-reader-text\">Del p\u00e5 twitter<\/span><\/a>\n\t\t<a class=\"share-button share-facebook\" href=\"https:\/\/www.facebook.com\/sharer\/sharer.php?u=https:\/\/hoyre.no\/as\/aktuelt\/leve-hele-livet\/\" target=\"_blank\"><span class=\"screen-reader-text\">Del p\u00e5 facebook<\/span><\/a>\n\t<\/div>\n\t\t\t\t\t<\/div>\n\t\t\t<\/div>\n\n\t\t\t\n\n\n<p>Det er gledelig at det viktige arbeidet med reformen \u00abLeve hele livet\u00bb kan begynne. <br><br>\u00c5s kommunes eldre skal f\u00e5 hjelp og mulighet til \u00e5 mestre livet lenger, oppleve god kvalitet og ha trygghet for at de f\u00e5r god hjelp n\u00e5r de har behov for det. P\u00e5r\u00f8rende skal kunne bidra uten at de blir utslitt. <br><br>Reformen, som kom i 2018, har fem innsatsomr\u00e5der; et aldersvennlig Norge, aktivitet og fellesskap, mat og m\u00e5ltider, helsehjelp og sammenheng i tjenesten. <br><br>I <a aria-label=\"undefined (opens in a new tab)\" href=\"https:\/\/www.as.kommune.no\/opptak-fra-kommunestyremoetet-24-03-2021.6377399-286792.html\" target=\"_blank\" rel=\"noreferrer noopener\">kommunestyret 24.03.21<\/a> stilte H\u00f8yre f\u00f8lgende sp\u00f8rsm\u00e5l til ordf\u00f8rer:<\/p>\n\n\n\n<ol class=\"wp-block-list\"><li>Har \u00c5s kommune startet arbeidet med \u00e5 etterleve stortingsmeldingens satsingsomr\u00e5der og hvilken fase befinner \u00c5s kommune seg i? <\/li><li>Har kommunen s\u00f8kt tilskuddsmidler for \u00e5 starte arbeidet og hvor mye er det s\u00f8kt om? <\/li><li>Vil ordf\u00f8rer bidra til at \u00c5s kommune kan starte dette reformarbeidet s\u00e5 snart som mulig, med diskusjon i de aktuelle hovedutvalgene? <\/li><\/ol>\n\n\n\n<p>Ordf\u00f8rer besvarte H\u00f8yres sp\u00f8rsm\u00e5l med at arbeidet var i gang, men at de var forsinket blant annet p\u00e5 grunn av korona, at kommunen er i planleggingsfasen, og videre at Hovedutvalg for Helse og Sosial (HHS) vil f\u00e5 sak om oppf\u00f8lging av stortingsmeldingen til behandling i m\u00f8tet den 14. april. <br><br>I oppf\u00f8lgingen av stortingsmelding skal det vedtas en tiltaksplan for \u00c5s kommune for videre oppf\u00f8lging av reformen med flere viktige punkter. Et av punktene i denne tiltaksplanen om mat og m\u00e5ltider hvor det st\u00e5r tydelig beskrevet at \u00abLeve hele livet\u00bb er en reform for st\u00f8rre matglede, og at god mat er grunnleggende for god helse og livskvalitet. Gjennom reformen har regjeringen foresl\u00e5tt at det utvikles lokale tiltak der m\u00e5lsettingen er; \u00e5 danne det gode m\u00e5ltidet, endring og tilpasning av tidspunkt for m\u00e5ltider, valgfrihet og variasjon og \u00e5 legge til rette for et systematisk ern\u00e6rings-arbeid. M\u00e5let er \u00e5 skape gode m\u00e5ltidsopplevelser og redusere underern\u00e6ring. <br><br>\u00c5s H\u00f8yre avholdt et folkem\u00f8te om god og verdig omsorg i 2017. I dette folkem\u00f8tet kom det frem mye frustrasjon rundt tidspunkt for servering av m\u00e5ltider p\u00e5 sykehjemmene. H\u00f8yre fremmet forslag i april i 2017 om endring av tidspunktet av m\u00e5ltider, da det ble servert middag ved lunsjtider. H\u00f8yre \u00f8nsket endring rundt tidspunktet, da flere institusjoner i andre kommuner hadde endret sine rutiner for \u00e5 gi de eldre bedre ern\u00e6ring og mer tid til aktivitet. H\u00f8yre \u00f8nsket og \u00f8nsker fortsatt \u00e5 gi beboere p\u00e5 sykehjemmet i \u00c5s kommune samme mulighet. <br><br>Det ble ogs\u00e5 vist til at kommuner hvor de hadde flyttet middagsm\u00e5ltidet til kl 1530 eller senere hadde gitt positive effekter som bla annet at beboerne var roligere og mer avslappet utover kvelden, de spiste mer og de som er underern\u00e6rte har st\u00f8rre mulighet til \u00e5 g\u00e5 opp i vekt. For de ansattes sin del ble kveldsskiftet roligere. Andre kommuner som Frogn som har flyttet m\u00e5ltidene til senere tidspunkt har f\u00e5tt til dette uten \u00f8kte kostnader. Dette handler f\u00f8rst og fremst om \u00e5 tenke p\u00e5 beboerens beste, men trolig vil en slik endring ogs\u00e5 kunne v\u00e6re gunstig \u00f8konomisk for kommunen grunnet endring i helsetilstand og et redusert behov for medisinering. <br><br>I 2017 sa dessverre flertallet nei til endring av tidspunkt for m\u00e5ltider p\u00e5 sykehjemmene. H\u00f8yre mener fortsatt beboere p\u00e5 sykehjemmene i \u00c5s kommune skal f\u00e5 mulighet til \u00e5 spise middag til middagstid, og vil derfor fremme et forslag der kommunedirekt\u00f8ren innen 30.09.21 bes fremme en sak for Hovedutvalg for Helse- og Sosial om endrede m\u00e5ltidsrutiner i kommunens helseinstitusjoner. Vi h\u00e5per flere partier ser verdien i dette og vil stille seg bak forslaget denne gangen. <\/p>\n\n\n\n<p><\/p>\n\n\n<div class=\"tags\">\n\t\t<div class=\"wp-block-tag-cloud\">\n\t\t\t\t\t<a href=\"https:\/\/hoyre.no\/as\/aktuelt\/tag\/2019-2023\/\" class=\"tag-cloud-link\">2019-2023<\/a>\n\t\t\t\t\t<a href=\"https:\/\/hoyre.no\/as\/aktuelt\/tag\/hoyre\/\" class=\"tag-cloud-link\">h\u00f8yre<\/a>\n\t\t\t\t\t<a href=\"https:\/\/hoyre.no\/as\/aktuelt\/tag\/levehelelivet\/\" class=\"tag-cloud-link\">levehelelivet<\/a>\n\t\t\t<\/div>\n\t<\/div>\n<div class=\"post-footer alignfull has-background block-editor-block-list__block\" data-align=full>\n\t<div class=\"post-footer-inner\">\n\t\t<h3>Relaterte artikler<\/h3>\n\t\t<div class=\"related-content\"><div class=\"is-card-hoyre\">\n\t<div class=\"teft-card hoyre-teft-card post-teft-card\">\n\t\t<a href=\"https:\/\/hoyre.no\/as\/aktuelt\/as-hoyres-program-2023-2027\/\" class=\"teft-card__primary-action\">\n\n\t\t\t\t\t<div class=\"teft-card__media teft-card__media--16-9\">\n\t\t\t\t\t\t<img loading=\"lazy\" decoding=\"async\" width=\"768\" height=\"664\" src=\"https:\/\/hoyre.no\/content\/uploads\/sites\/154\/2023\/06\/Card-image-Program-2023-2027-768x664.png\" class=\"attachment-medium_large size-medium_large\" alt=\"\" srcset=\"https:\/\/hoyre.no\/content\/uploads\/sites\/154\/2023\/06\/Card-image-Program-2023-2027-768x664.png 768w, https:\/\/hoyre.no\/content\/uploads\/sites\/154\/2023\/06\/Card-image-Program-2023-2027-300x259.png 300w, https:\/\/hoyre.no\/content\/uploads\/sites\/154\/2023\/06\/Card-image-Program-2023-2027-1024x885.png 1024w, https:\/\/hoyre.no\/content\/uploads\/sites\/154\/2023\/06\/Card-image-Program-2023-2027.png 1184w\" sizes=\"auto, (max-width: 768px) 100vw, 768px\" \/>\t\t<\/div>\n\t\t\n\t\t\t<div class=\"teft-card__content-wrapper\">\n\t\t\t\t<div class=\"teft-card__secondary\">\n\t\t\t\t\t\n\t\t\t\t\t\t\t\t<div class=\"teft-card__meta\">\n\t\t\t\t\t\t\t\t\t<span class=\"post-date\">23. jun 2023<\/span>\n\n\t\t\t\t\t\t\t\t\t<span class=\"post-category\">Program<\/span>\t\t\t\t\t\t\t\t<\/div>\n\t\t\t\t\t\t\t\t\t\t\t<\/div>\n\n\t\t\t\t<div class=\"teft-card__primary\">\n\t\t\t\t\t<h2 class=\"teft-card__title\">Program 2023-2027&nbsp;<span class=\"teft-card__primary-title-append\"><\/span><\/h2>\t\t\t\t<\/div>\n\t\t\t<\/div>\n\t\t<\/a>\n\t<\/div>\n\n\t<\/div><div class=\"is-card-hoyre\">\n\t<div class=\"teft-card hoyre-teft-card post-teft-card\">\n\t\t<a href=\"https:\/\/hoyre.no\/as\/aktuelt\/arets-aerespris-gar-til-bengt-nost-klemmetsen\/\" class=\"teft-card__primary-action\">\n\n\t\t\t\t\t<div class=\"teft-card__media teft-card__media--16-9\">\n\t\t\t\t\t\t<img loading=\"lazy\" decoding=\"async\" width=\"768\" height=\"679\" src=\"https:\/\/hoyre.no\/content\/uploads\/sites\/154\/2024\/11\/IMG_4791-scaled-e1731420269978-768x679.jpg\" class=\"attachment-medium_large size-medium_large\" alt=\"\" srcset=\"https:\/\/hoyre.no\/content\/uploads\/sites\/154\/2024\/11\/IMG_4791-scaled-e1731420269978-768x679.jpg 768w, https:\/\/hoyre.no\/content\/uploads\/sites\/154\/2024\/11\/IMG_4791-scaled-e1731420269978-300x265.jpg 300w, https:\/\/hoyre.no\/content\/uploads\/sites\/154\/2024\/11\/IMG_4791-scaled-e1731420269978-1024x905.jpg 1024w, https:\/\/hoyre.no\/content\/uploads\/sites\/154\/2024\/11\/IMG_4791-scaled-e1731420269978-1536x1358.jpg 1536w, https:\/\/hoyre.no\/content\/uploads\/sites\/154\/2024\/11\/IMG_4791-scaled-e1731420269978.jpg 1875w\" sizes=\"auto, (max-width: 768px) 100vw, 768px\" \/>\t\t<\/div>\n\t\t\n\t\t\t<div class=\"teft-card__content-wrapper\">\n\t\t\t\t<div class=\"teft-card__secondary\">\n\t\t\t\t\t\n\t\t\t\t\t\t\t\t<div class=\"teft-card__meta\">\n\t\t\t\t\t\t\t\t\t<span class=\"post-date\">12. nov 2024<\/span>\n\n\t\t\t\t\t\t\t\t\t<span class=\"post-category\">Ukategorisert<\/span>\t\t\t\t\t\t\t\t<\/div>\n\t\t\t\t\t\t\t\t\t\t\t<\/div>\n\n\t\t\t\t<div class=\"teft-card__primary\">\n\t\t\t\t\t<h2 class=\"teft-card__title\">\u00c5rets \u00e6respris g\u00e5r til Bengt N\u00f8st-Klemmetsen&nbsp;<span class=\"teft-card__primary-title-append\"><\/span><\/h2>\t\t\t\t<\/div>\n\t\t\t<\/div>\n\t\t<\/a>\n\t<\/div>\n\n\t<\/div><div class=\"is-card-hoyre\">\n\t<div class=\"teft-card hoyre-teft-card post-teft-card\">\n\t\t<a href=\"https:\/\/hoyre.no\/as\/aktuelt\/as-hoyres-provenominasjon-til-stortingsvalget-2025\/\" class=\"teft-card__primary-action\">\n\n\t\t\t\t\t<div class=\"teft-card__media teft-card__media--16-9\">\n\t\t\t\t\t\t<img loading=\"lazy\" decoding=\"async\" width=\"768\" height=\"768\" src=\"https:\/\/hoyre.no\/content\/uploads\/sites\/154\/2022\/11\/Hoyres-logo-768x768.png\" class=\"attachment-medium_large size-medium_large\" alt=\"\" srcset=\"https:\/\/hoyre.no\/content\/uploads\/sites\/154\/2022\/11\/Hoyres-logo-768x768.png 768w, https:\/\/hoyre.no\/content\/uploads\/sites\/154\/2022\/11\/Hoyres-logo-300x300.png 300w, https:\/\/hoyre.no\/content\/uploads\/sites\/154\/2022\/11\/Hoyres-logo-150x150.png 150w, https:\/\/hoyre.no\/content\/uploads\/sites\/154\/2022\/11\/Hoyres-logo.png 1000w\" sizes=\"auto, (max-width: 768px) 100vw, 768px\" \/>\t\t<\/div>\n\t\t\n\t\t\t<div class=\"teft-card__content-wrapper\">\n\t\t\t\t<div class=\"teft-card__secondary\">\n\t\t\t\t\t\n\t\t\t\t\t\t\t\t<div class=\"teft-card__meta\">\n\t\t\t\t\t\t\t\t\t<span class=\"post-date\">22. sep 2024<\/span>\n\n\t\t\t\t\t\t\t\t\t<span class=\"post-category\">Valg og nominasjon<\/span>\t\t\t\t\t\t\t\t<\/div>\n\t\t\t\t\t\t\t\t\t\t\t<\/div>\n\n\t\t\t\t<div class=\"teft-card__primary\">\n\t\t\t\t\t<h2 class=\"teft-card__title\">\u00c5s H\u00f8yres pr\u00f8venominasjon til Stortingsvalget 2025&nbsp;<span class=\"teft-card__primary-title-append\"><\/span><\/h2>\t\t\t\t<\/div>\n\t\t\t<\/div>\n\t\t<\/a>\n\t<\/div>\n\n\t<\/div><\/div>\t<\/div>\n<\/div>\n","protected":false},"excerpt":{"rendered":"","protected":false},"author":30281,"featured_media":0,"comment_status":"closed","ping_status":"closed","sticky":false,"template":"","format":"standard","meta":{"teft_cards_image_url":"","teft_cards_custom_pretitle":"","teft_cards_image_id":62,"teft_cards_image_focal_point_x":0.49,"teft_cards_image_focal_point_y":0.25,"teft_cards_title":"Leve hele livet","teft_cards_excerpt":"","teft_show_chapters":false,"author_display_name":"Rubina Mushtaq Rikheim","footnotes":""},"category":[7],"post_tag":[6,4,8],"hoyre-visibility":[],"article-type":[],"politician":[],"class_list":["post-61","post","type-post","status-publish","format-standard","hentry","category-leserinnlegg","tag-2019-2023","tag-hoyre","tag-levehelelivet"],"yoast_head":"<!-- This site is optimized with the Yoast SEO plugin v26.6 - https:\/\/yoast.com\/wordpress\/plugins\/seo\/ -->\n<title>Leve hele livet - \u00c5s H\u00f8yre<\/title>\n<meta name=\"robots\" content=\"index, follow, max-snippet:-1, max-image-preview:large, max-video-preview:-1\" \/>\n<link rel=\"canonical\" href=\"https:\/\/hoyre.no\/as\/aktuelt\/leve-hele-livet\/\" \/>\n<meta property=\"og:locale\" content=\"nb_NO\" \/>\n<meta property=\"og:type\" content=\"article\" \/>\n<meta property=\"og:title\" content=\"Leve hele livet - \u00c5s H\u00f8yre\" \/>\n<meta property=\"og:url\" content=\"https:\/\/hoyre.no\/as\/aktuelt\/leve-hele-livet\/\" \/>\n<meta property=\"og:site_name\" content=\"\u00c5s H\u00f8yre\" \/>\n<meta property=\"article:published_time\" content=\"2021-04-14T12:56:57+00:00\" \/>\n<meta property=\"article:modified_time\" content=\"2021-04-14T12:57:54+00:00\" \/>\n<meta property=\"og:image\" content=\"https:\/\/hoyre.no\/content\/uploads\/sites\/154\/2023\/07\/IMG_3137-1024x768.jpg\" \/>\n<meta name=\"author\" content=\"Sverre Strand Teigen\" \/>\n<meta name=\"twitter:card\" content=\"summary_large_image\" \/>\n<meta name=\"twitter:label1\" content=\"Skrevet av\" \/>\n\t<meta name=\"twitter:data1\" content=\"Sverre Strand Teigen\" \/>\n\t<meta name=\"twitter:label2\" content=\"Ansl. lesetid\" \/>\n\t<meta name=\"twitter:data2\" content=\"3 minutter\" \/>\n<script type=\"application\/ld+json\" class=\"yoast-schema-graph\">{\"@context\":\"https:\/\/schema.org\",\"@graph\":[{\"@type\":\"NewsArticle\",\"@id\":\"https:\/\/hoyre.no\/as\/aktuelt\/leve-hele-livet\/\",\"url\":\"https:\/\/hoyre.no\/as\/aktuelt\/leve-hele-livet\/\",\"name\":\"Leve hele livet - \u00c5s H\u00f8yre\",\"isPartOf\":{\"@id\":\"https:\/\/hoyre.no\/as\/#website\"},\"datePublished\":\"2021-04-14T12:56:57+00:00\",\"dateModified\":\"2021-04-14T12:57:54+00:00\",\"author\":{\"@id\":\"https:\/\/hoyre.no\/as\/#\/schema\/person\/94e80ea18e516af0e5ae99447db8bfba\"},\"breadcrumb\":{\"@id\":\"https:\/\/hoyre.no\/as\/aktuelt\/leve-hele-livet\/#breadcrumb\"},\"inLanguage\":\"nb-NO\",\"potentialAction\":[{\"@type\":\"ReadAction\",\"target\":[\"https:\/\/hoyre.no\/as\/aktuelt\/leve-hele-livet\/\"]}]},{\"@type\":\"BreadcrumbList\",\"@id\":\"https:\/\/hoyre.no\/as\/aktuelt\/leve-hele-livet\/#breadcrumb\",\"itemListElement\":[{\"@type\":\"ListItem\",\"position\":1,\"name\":\"Til hoyre.no\",\"item\":\"https:\/\/hoyre.no\"},{\"@type\":\"ListItem\",\"position\":2,\"name\":\"Hjem\",\"item\":\"https:\/\/hoyre.no\/as\/\"},{\"@type\":\"ListItem\",\"position\":3,\"name\":\"Leve hele livet\"}]},{\"@type\":\"WebSite\",\"@id\":\"https:\/\/hoyre.no\/as\/#website\",\"url\":\"https:\/\/hoyre.no\/as\/\",\"name\":\"\u00c5s H\u00f8yre\",\"description\":\"Bare enda et H\u00f8yres nettsteder-nettsted\",\"inLanguage\":\"nb-NO\"},{\"@type\":\"Person\",\"@id\":\"https:\/\/hoyre.no\/as\/#\/schema\/person\/94e80ea18e516af0e5ae99447db8bfba\",\"name\":\"Sverre Strand Teigen\",\"image\":{\"@type\":\"ImageObject\",\"inLanguage\":\"nb-NO\",\"@id\":\"https:\/\/hoyre.no\/as\/#\/schema\/person\/image\/\",\"url\":\"https:\/\/secure.gravatar.com\/avatar\/f8c4d3cfef7604a49a5e332bd3dc30b74e54189009709f9907c2aa52a15c9447?s=96&d=mm&r=g\",\"contentUrl\":\"https:\/\/secure.gravatar.com\/avatar\/f8c4d3cfef7604a49a5e332bd3dc30b74e54189009709f9907c2aa52a15c9447?s=96&d=mm&r=g\",\"caption\":\"Sverre Strand Teigen\"},\"url\":\"https:\/\/hoyre.no\/as\/aktuelt\/author\/m50420462\/\"}]}<\/script>\n<!-- \/ Yoast SEO plugin. -->","yoast_head_json":{"title":"Leve hele livet - \u00c5s H\u00f8yre","robots":{"index":"index","follow":"follow","max-snippet":"max-snippet:-1","max-image-preview":"max-image-preview:large","max-video-preview":"max-video-preview:-1"},"canonical":"https:\/\/hoyre.no\/as\/aktuelt\/leve-hele-livet\/","og_locale":"nb_NO","og_type":"article","og_title":"Leve hele livet - \u00c5s H\u00f8yre","og_url":"https:\/\/hoyre.no\/as\/aktuelt\/leve-hele-livet\/","og_site_name":"\u00c5s H\u00f8yre","article_published_time":"2021-04-14T12:56:57+00:00","article_modified_time":"2021-04-14T12:57:54+00:00","og_image":[{"url":"https:\/\/hoyre.no\/content\/uploads\/sites\/154\/2023\/07\/IMG_3137-1024x768.jpg","width":"","height":"","type":""}],"author":"Sverre Strand Teigen","twitter_card":"summary_large_image","twitter_misc":{"Skrevet av":"Sverre Strand Teigen","Ansl. lesetid":"3 minutter"},"schema":{"@context":"https:\/\/schema.org","@graph":[{"@type":"NewsArticle","@id":"https:\/\/hoyre.no\/as\/aktuelt\/leve-hele-livet\/","url":"https:\/\/hoyre.no\/as\/aktuelt\/leve-hele-livet\/","name":"Leve hele livet - \u00c5s H\u00f8yre","isPartOf":{"@id":"https:\/\/hoyre.no\/as\/#website"},"datePublished":"2021-04-14T12:56:57+00:00","dateModified":"2021-04-14T12:57:54+00:00","author":{"@id":"https:\/\/hoyre.no\/as\/#\/schema\/person\/94e80ea18e516af0e5ae99447db8bfba"},"breadcrumb":{"@id":"https:\/\/hoyre.no\/as\/aktuelt\/leve-hele-livet\/#breadcrumb"},"inLanguage":"nb-NO","potentialAction":[{"@type":"ReadAction","target":["https:\/\/hoyre.no\/as\/aktuelt\/leve-hele-livet\/"]}]},{"@type":"BreadcrumbList","@id":"https:\/\/hoyre.no\/as\/aktuelt\/leve-hele-livet\/#breadcrumb","itemListElement":[{"@type":"ListItem","position":1,"name":"Til hoyre.no","item":"https:\/\/hoyre.no"},{"@type":"ListItem","position":2,"name":"Hjem","item":"https:\/\/hoyre.no\/as\/"},{"@type":"ListItem","position":3,"name":"Leve hele livet"}]},{"@type":"WebSite","@id":"https:\/\/hoyre.no\/as\/#website","url":"https:\/\/hoyre.no\/as\/","name":"\u00c5s H\u00f8yre","description":"Bare enda et H\u00f8yres nettsteder-nettsted","inLanguage":"nb-NO"},{"@type":"Person","@id":"https:\/\/hoyre.no\/as\/#\/schema\/person\/94e80ea18e516af0e5ae99447db8bfba","name":"Sverre Strand Teigen","image":{"@type":"ImageObject","inLanguage":"nb-NO","@id":"https:\/\/hoyre.no\/as\/#\/schema\/person\/image\/","url":"https:\/\/secure.gravatar.com\/avatar\/f8c4d3cfef7604a49a5e332bd3dc30b74e54189009709f9907c2aa52a15c9447?s=96&d=mm&r=g","contentUrl":"https:\/\/secure.gravatar.com\/avatar\/f8c4d3cfef7604a49a5e332bd3dc30b74e54189009709f9907c2aa52a15c9447?s=96&d=mm&r=g","caption":"Sverre Strand Teigen"},"url":"https:\/\/hoyre.no\/as\/aktuelt\/author\/m50420462\/"}]}},"distributor_meta":false,"distributor_terms":false,"distributor_media":false,"distributor_original_site_name":"\u00c5s H\u00f8yre","distributor_original_site_url":"https:\/\/hoyre.no\/as","push-errors":false,"_links":{"self":[{"href":"https:\/\/hoyre.no\/as\/wp-json\/wp\/v2\/posts\/61","targetHints":{"allow":["GET"]}}],"collection":[{"href":"https:\/\/hoyre.no\/as\/wp-json\/wp\/v2\/posts"}],"about":[{"href":"https:\/\/hoyre.no\/as\/wp-json\/wp\/v2\/types\/post"}],"author":[{"embeddable":true,"href":"https:\/\/hoyre.no\/as\/wp-json\/wp\/v2\/users\/30281"}],"replies":[{"embeddable":true,"href":"https:\/\/hoyre.no\/as\/wp-json\/wp\/v2\/comments?post=61"}],"version-history":[{"count":3,"href":"https:\/\/hoyre.no\/as\/wp-json\/wp\/v2\/posts\/61\/revisions"}],"predecessor-version":[{"id":65,"href":"https:\/\/hoyre.no\/as\/wp-json\/wp\/v2\/posts\/61\/revisions\/65"}],"wp:attachment":[{"href":"https:\/\/hoyre.no\/as\/wp-json\/wp\/v2\/media?parent=61"}],"wp:term":[{"taxonomy":"category","embeddable":true,"href":"https:\/\/hoyre.no\/as\/wp-json\/wp\/v2\/category?post=61"},{"taxonomy":"post_tag","embeddable":true,"href":"https:\/\/hoyre.no\/as\/wp-json\/wp\/v2\/post_tag?post=61"},{"taxonomy":"hoyre-visibility","embeddable":true,"href":"https:\/\/hoyre.no\/as\/wp-json\/wp\/v2\/hoyre-visibility?post=61"},{"taxonomy":"article-type","embeddable":true,"href":"https:\/\/hoyre.no\/as\/wp-json\/wp\/v2\/article-type?post=61"},{"taxonomy":"politician","embeddable":true,"href":"https:\/\/hoyre.no\/as\/wp-json\/wp\/v2\/politician?post=61"}],"curies":[{"name":"wp","href":"https:\/\/api.w.org\/{rel}","templated":true}]}}