{"id":68,"date":"2022-11-09T12:27:26","date_gmt":"2022-11-09T11:27:26","guid":{"rendered":"https:\/\/hoyre.no\/as\/?p=68"},"modified":"2022-11-09T12:39:26","modified_gmt":"2022-11-09T11:39:26","slug":"nominasjonskomiteens-innstilling-til-kommunevalget-2023-2027","status":"publish","type":"post","link":"https:\/\/hoyre.no\/as\/aktuelt\/nominasjonskomiteens-innstilling-til-kommunevalget-2023-2027\/","title":{"rendered":"Nominasjonskomiteens innstilling til kommunevalget 2023-2027"},"content":{"rendered":"\n<p class=\"preamble\">Nominasjonskomiteen i \u00c5s H\u00f8yre har enstemmig vedtatt sin innstilling p\u00e5 listeforslag til valget i \u00c5s neste \u00e5r. Dette presenteres her og skal behandles p\u00e5 nominasjonsm\u00f8tet 23. november. Nominasjonskomiteen har som kjent tidligere presentert sin innstilling p\u00e5 ordf\u00f8rerkandidat. N\u00e5 er hele listeforslaget klart med samtlige 36 kandidater. <\/p>\t\t\t<div class=\"post-meta wp-block teft-byline-wrapper\">\n\t\t\t\t<div class=\"top\">\n\t\t\t\t\t<div class=\"signature\">\n\t\t\t\t\t\t<div class=\"teft-byline\">\n\t\t\t\t\t\t\t\t\t\t\t\t\t\t<div>\n\t\t\t\t\t\t\t\t<h3>H\u00f8yres redaksjon<\/h3>\t\t\t\t\t\t\t\t\n\t\t\t\t\t\t\t\t\t\t\t\t\t\t\t\t\t<span class=\"date\">Sist oppdatert: 9. november 2022<\/span>\n\t\t\t\t\t\t\t\t\t\t\t\t\t\t\t\t\t\t\t\t\t\t\t\t\t<span class=\"reading-time\" itemprop=\"timeRequired\" content=\"PT2M\"><em>Ca. 2 minutter lesetid<\/em><\/span>\n\t\t\t\t\t\t\t\t\t\t\t\t\t\t\t<\/div>\n\t\t\t\t\t\t<\/div>\n\t\t\t\t\t<\/div>\n\t\t\t\t\t\t<div class=\"sharing\">\n\t\t<a class=\"share-button share-link copy-link\" data-copy=\"https:\/\/hoyre.no\/as\/aktuelt\/nominasjonskomiteens-innstilling-til-kommunevalget-2023-2027\/\" target=\"_blank\"><span class=\"screen-reader-text\">Del link<\/span><\/a>\n\t\t<a class=\"share-button share-twitter\" href=\"http:\/\/twitter.com\/share?text=Nominasjonskomiteens innstilling til kommunevalget 2023-2027&#038;url=https:\/\/hoyre.no\/as\/aktuelt\/nominasjonskomiteens-innstilling-til-kommunevalget-2023-2027\/&#038;hashtags=Hoyre\" target=\"_blank\"><span class=\"screen-reader-text\">Del p\u00e5 twitter<\/span><\/a>\n\t\t<a class=\"share-button share-facebook\" href=\"https:\/\/www.facebook.com\/sharer\/sharer.php?u=https:\/\/hoyre.no\/as\/aktuelt\/nominasjonskomiteens-innstilling-til-kommunevalget-2023-2027\/\" target=\"_blank\"><span class=\"screen-reader-text\">Del p\u00e5 facebook<\/span><\/a>\n\t<\/div>\n\t\t\t\t\t<\/div>\n\t\t\t<\/div>\n\n\t\t\t<figure class=\"hoyre-image-wrapper\"><div class=\"hoyre-image\"><img loading=\"lazy\" decoding=\"async\" width=\"1707\" height=\"960\" src=\"https:\/\/hoyre.no\/content\/uploads\/sites\/154\/2022\/11\/Team-Hoyre.jpg\" class=\"attachment-scaled size-scaled\" alt=\"\" style=\"object-position: 50% 50%\" srcset=\"https:\/\/hoyre.no\/content\/uploads\/sites\/154\/2022\/11\/Team-Hoyre.jpg 1707w, https:\/\/hoyre.no\/content\/uploads\/sites\/154\/2022\/11\/Team-Hoyre-300x169.jpg 300w, https:\/\/hoyre.no\/content\/uploads\/sites\/154\/2022\/11\/Team-Hoyre-1024x576.jpg 1024w, https:\/\/hoyre.no\/content\/uploads\/sites\/154\/2022\/11\/Team-Hoyre-768x432.jpg 768w, https:\/\/hoyre.no\/content\/uploads\/sites\/154\/2022\/11\/Team-Hoyre-1536x864.jpg 1536w\" sizes=\"auto, (max-width: 1707px) 100vw, 1707px\" \/><\/div><\/figure>\n\n\n\n\n<p>Nominasjonskomiteen har best\u00e5tt av:<\/p>\n\n\n\n<ul class=\"wp-block-list\"><li>Roble Wais, leder<\/li><li>Stein Ekhaugen, nestleder<\/li><li>Sami Hadouchi<\/li><li>Ulf Oppeg\u00e5rd<\/li><li>Ellen Margrete Gregersen<\/li><\/ul>\n\n\n\n<p>Vi har v\u00e6rt i gjennom en interessant, morsom og omfattende nominasjonsprosess. Et grundig arbeid over mange m\u00e5neder er grunnlaget for det listeforslaget som presenteres. Nominasjonskomiteen har tilstrebet \u00e5 f\u00e5 en liste som hensyntar forhold som alder, kj\u00f8nn, bakgrunn og tilh\u00f8righet i \u00c5s kommune. Dette for \u00e5 kunne sikre mangfold og bredde. Innbyggere i \u00c5s kommune skal kunne merke at v\u00e5re kandidater representerer dem. Listeforslaget viser at vi er et sterkt lag. Et lag som er kampklare \u2013 et vinnerlag.<\/p>\n\n\n\n<p>Listeforslaget b\u00e6rer preg kontinuitet og erfaring, samt fornyelse. Nominasjonskomiteen har sparret med ordf\u00f8rerkandidaten, Bengt N\u00f8st-Klemmetsen. Det har v\u00e6rt viktig for nominasjonskomiteen at vi f\u00e5r inn kandidater som jobber godt med Bengt, og kandidater som allerede har gjort seg kjente med innbyggere og politikkomr\u00e5dene et kommunestyre har ansvar for.<\/p>\n\n\n\n<p>Komiteen foresl\u00e5r at det skal forh\u00e5ndskumuleres 6 kandidater. Dette er det maksimale antall forh\u00e5ndskumulerte i henhold til valgloven. Kandidatene som forh\u00e5ndskumuleres m\u00e5 v\u00e6re forberedt p\u00e5 \u00e5 bekle politiske lederposisjoner i kommunen. \u00c5s kommune trenger en god og trygg styring fra dag 1 n\u00e5r det nye kommunestyret settes. Vi mener at antallet forh\u00e5ndskumulerte gir et godt grunnlag for styringsansvar.<\/p>\n\n\n\n<p><strong>Roble Wais<\/strong><br>Leder av nominasjonskomiteen <br><\/p>\n\n\n\n<h2 class=\"wp-block-heading\">Nominasjonskomiteens innstilling<\/h2>\n\n\n\n<ol class=\"wp-block-list\"><li><strong>Bengt N\u00f8st-Klemmetsen, Nordby, 1971<\/strong><\/li><li><strong>Zara Mustaq Berg, Rustad, 1990<\/strong><\/li><li><strong>Sverre Strand Teigen, Rustad, 1992<\/strong><\/li><li><strong>Rubina Mustaq Rikheim, Rustad, 1966<\/strong><\/li><li><strong>Jan Henrik Martinsen, \u00c5sg\u00e5rd, 1948<\/strong><\/li><li><strong>Nils Herman Sopp, Rustad, 1959<\/strong><\/li><li>Camilla Semmerud, Nordby, 1978<\/li><li>Andreas Nedreg\u00e5rd, Nordby, 1985<\/li><li>Ole Fredrik Nordby, Nordby, 1964<\/li><li>Jan Ove Rikheim, Rustad, 1967<\/li><li>Matin Katirae Winther, Nordby, 1982<\/li><li>Daniel Asalf, \u00c5sg\u00e5rd, 2005<\/li><li>Hermann Sildnes, Kroer, 2004<\/li><li>Stian Johannessen, Nordby, 1976<\/li><li>Egil \u00d8rbeck, \u00c5sg\u00e5rd, 1941<\/li><li>Kristin H\u00f8yum Kilen-Skogstad, \u00c5sg\u00e5rd, 1974<\/li><li>H\u00e5kon Ystehede, \u00c5sg\u00e5rd, 1965<\/li><li>Martine Kaxrud, Kroer, 1992<\/li><li>Vidar Ranvig, Nordby, 1979<\/li><li>Ola Emil Korsmo, Nordby, 1987<\/li><li>Marit Sverdrup, Solberg, 1953<\/li><li>Arne Husborn, Rustad, 1955<\/li><li>Farooq Isam Farooq, Br\u00f8nnerud, 1990<\/li><li>Nina Haugdahl, \u00c5sg\u00e5rd, 1971<\/li><li>Robert Hald, Nordby, 1972<\/li><li>Torill Myro, Kroer, 1974<\/li><li>Heming Rio, \u00c5sg\u00e5rd, 1977<\/li><li>Christian Hellevang, Rustad, 1968<\/li><li>Linda Holmstrand, Nordby, 1968<\/li><li>Frank Jacobsen, Rustad, 1955<\/li><li>Rune Tressum, \u00c5sg\u00e5rd, 1951<\/li><li>Ocean Marambanyika, Br\u00f8nnerud, 1980<\/li><li>Ulf Oppeg\u00e5rd, Nordby, 1955<\/li><li>Mathias Eckholdt, Nordby, 1974<\/li><li>Marius Eidet, Nordby, 1972<\/li><li>Taran Strande, Nordby, 1980<\/li><\/ol>\n\n\n<div class=\"tags\">\n\t<\/div>\n<div class=\"post-footer alignfull has-background block-editor-block-list__block\" data-align=full>\n\t<div class=\"post-footer-inner\">\n\t\t<h3>Relaterte artikler<\/h3>\n\t\t<div class=\"related-content\"><div class=\"is-card-hoyre\">\n\t<div class=\"teft-card hoyre-teft-card post-teft-card\">\n\t\t<a href=\"https:\/\/hoyre.no\/as\/aktuelt\/as-hoyres-program-2023-2027\/\" class=\"teft-card__primary-action\">\n\n\t\t\t\t\t<div class=\"teft-card__media teft-card__media--16-9\">\n\t\t\t\t\t\t<img loading=\"lazy\" decoding=\"async\" width=\"768\" height=\"664\" src=\"https:\/\/hoyre.no\/content\/uploads\/sites\/154\/2023\/06\/Card-image-Program-2023-2027-768x664.png\" class=\"attachment-medium_large size-medium_large\" alt=\"\" srcset=\"https:\/\/hoyre.no\/content\/uploads\/sites\/154\/2023\/06\/Card-image-Program-2023-2027-768x664.png 768w, https:\/\/hoyre.no\/content\/uploads\/sites\/154\/2023\/06\/Card-image-Program-2023-2027-300x259.png 300w, https:\/\/hoyre.no\/content\/uploads\/sites\/154\/2023\/06\/Card-image-Program-2023-2027-1024x885.png 1024w, https:\/\/hoyre.no\/content\/uploads\/sites\/154\/2023\/06\/Card-image-Program-2023-2027.png 1184w\" sizes=\"auto, (max-width: 768px) 100vw, 768px\" \/>\t\t<\/div>\n\t\t\n\t\t\t<div class=\"teft-card__content-wrapper\">\n\t\t\t\t<div class=\"teft-card__secondary\">\n\t\t\t\t\t\n\t\t\t\t\t\t\t\t<div class=\"teft-card__meta\">\n\t\t\t\t\t\t\t\t\t<span class=\"post-date\">23. jun 2023<\/span>\n\n\t\t\t\t\t\t\t\t\t<span class=\"post-category\">Program<\/span>\t\t\t\t\t\t\t\t<\/div>\n\t\t\t\t\t\t\t\t\t\t\t<\/div>\n\n\t\t\t\t<div class=\"teft-card__primary\">\n\t\t\t\t\t<h2 class=\"teft-card__title\">Program 2023-2027&nbsp;<span class=\"teft-card__primary-title-append\"><\/span><\/h2>\t\t\t\t<\/div>\n\t\t\t<\/div>\n\t\t<\/a>\n\t<\/div>\n\n\t<\/div><div class=\"is-card-hoyre\">\n\t<div class=\"teft-card hoyre-teft-card post-teft-card\">\n\t\t<a href=\"https:\/\/hoyre.no\/as\/aktuelt\/arets-aerespris-gar-til-bengt-nost-klemmetsen\/\" class=\"teft-card__primary-action\">\n\n\t\t\t\t\t<div class=\"teft-card__media teft-card__media--16-9\">\n\t\t\t\t\t\t<img loading=\"lazy\" decoding=\"async\" width=\"768\" height=\"679\" src=\"https:\/\/hoyre.no\/content\/uploads\/sites\/154\/2024\/11\/IMG_4791-scaled-e1731420269978-768x679.jpg\" class=\"attachment-medium_large size-medium_large\" alt=\"\" srcset=\"https:\/\/hoyre.no\/content\/uploads\/sites\/154\/2024\/11\/IMG_4791-scaled-e1731420269978-768x679.jpg 768w, https:\/\/hoyre.no\/content\/uploads\/sites\/154\/2024\/11\/IMG_4791-scaled-e1731420269978-300x265.jpg 300w, https:\/\/hoyre.no\/content\/uploads\/sites\/154\/2024\/11\/IMG_4791-scaled-e1731420269978-1024x905.jpg 1024w, https:\/\/hoyre.no\/content\/uploads\/sites\/154\/2024\/11\/IMG_4791-scaled-e1731420269978-1536x1358.jpg 1536w, https:\/\/hoyre.no\/content\/uploads\/sites\/154\/2024\/11\/IMG_4791-scaled-e1731420269978.jpg 1875w\" sizes=\"auto, (max-width: 768px) 100vw, 768px\" \/>\t\t<\/div>\n\t\t\n\t\t\t<div class=\"teft-card__content-wrapper\">\n\t\t\t\t<div class=\"teft-card__secondary\">\n\t\t\t\t\t\n\t\t\t\t\t\t\t\t<div class=\"teft-card__meta\">\n\t\t\t\t\t\t\t\t\t<span class=\"post-date\">12. nov 2024<\/span>\n\n\t\t\t\t\t\t\t\t\t<span class=\"post-category\">Ukategorisert<\/span>\t\t\t\t\t\t\t\t<\/div>\n\t\t\t\t\t\t\t\t\t\t\t<\/div>\n\n\t\t\t\t<div class=\"teft-card__primary\">\n\t\t\t\t\t<h2 class=\"teft-card__title\">\u00c5rets \u00e6respris g\u00e5r til Bengt N\u00f8st-Klemmetsen&nbsp;<span class=\"teft-card__primary-title-append\"><\/span><\/h2>\t\t\t\t<\/div>\n\t\t\t<\/div>\n\t\t<\/a>\n\t<\/div>\n\n\t<\/div><div class=\"is-card-hoyre\">\n\t<div class=\"teft-card hoyre-teft-card post-teft-card\">\n\t\t<a href=\"https:\/\/hoyre.no\/as\/aktuelt\/as-hoyres-provenominasjon-til-stortingsvalget-2025\/\" class=\"teft-card__primary-action\">\n\n\t\t\t\t\t<div class=\"teft-card__media teft-card__media--16-9\">\n\t\t\t\t\t\t<img loading=\"lazy\" decoding=\"async\" width=\"768\" height=\"768\" src=\"https:\/\/hoyre.no\/content\/uploads\/sites\/154\/2022\/11\/Hoyres-logo-768x768.png\" class=\"attachment-medium_large size-medium_large\" alt=\"\" srcset=\"https:\/\/hoyre.no\/content\/uploads\/sites\/154\/2022\/11\/Hoyres-logo-768x768.png 768w, https:\/\/hoyre.no\/content\/uploads\/sites\/154\/2022\/11\/Hoyres-logo-300x300.png 300w, https:\/\/hoyre.no\/content\/uploads\/sites\/154\/2022\/11\/Hoyres-logo-150x150.png 150w, https:\/\/hoyre.no\/content\/uploads\/sites\/154\/2022\/11\/Hoyres-logo.png 1000w\" sizes=\"auto, (max-width: 768px) 100vw, 768px\" \/>\t\t<\/div>\n\t\t\n\t\t\t<div class=\"teft-card__content-wrapper\">\n\t\t\t\t<div class=\"teft-card__secondary\">\n\t\t\t\t\t\n\t\t\t\t\t\t\t\t<div class=\"teft-card__meta\">\n\t\t\t\t\t\t\t\t\t<span class=\"post-date\">22. sep 2024<\/span>\n\n\t\t\t\t\t\t\t\t\t<span class=\"post-category\">Valg og nominasjon<\/span>\t\t\t\t\t\t\t\t<\/div>\n\t\t\t\t\t\t\t\t\t\t\t<\/div>\n\n\t\t\t\t<div class=\"teft-card__primary\">\n\t\t\t\t\t<h2 class=\"teft-card__title\">\u00c5s H\u00f8yres pr\u00f8venominasjon til Stortingsvalget 2025&nbsp;<span class=\"teft-card__primary-title-append\"><\/span><\/h2>\t\t\t\t<\/div>\n\t\t\t<\/div>\n\t\t<\/a>\n\t<\/div>\n\n\t<\/div><\/div>\t<\/div>\n<\/div>\n","protected":false},"excerpt":{"rendered":"","protected":false},"author":30281,"featured_media":0,"comment_status":"closed","ping_status":"closed","sticky":false,"template":"","format":"standard","meta":{"teft_cards_image_url":"","teft_cards_custom_pretitle":"","teft_cards_image_id":73,"teft_cards_image_focal_point_x":0.5,"teft_cards_image_focal_point_y":0.5,"teft_cards_title":"","teft_cards_excerpt":"","teft_show_chapters":false,"author_display_name":"","footnotes":""},"category":[11],"post_tag":[],"hoyre-visibility":[],"article-type":[],"politician":[],"class_list":["post-68","post","type-post","status-publish","format-standard","hentry","category-valg-og-nominasjon"],"yoast_head":"<!-- This site is optimized with the Yoast SEO plugin v26.6 - https:\/\/yoast.com\/wordpress\/plugins\/seo\/ -->\n<title>Nominasjonskomiteens innstilling til kommunevalget 2023-2027 - \u00c5s H\u00f8yre<\/title>\n<meta name=\"robots\" content=\"index, follow, max-snippet:-1, max-image-preview:large, max-video-preview:-1\" \/>\n<link rel=\"canonical\" href=\"https:\/\/hoyre.no\/as\/aktuelt\/nominasjonskomiteens-innstilling-til-kommunevalget-2023-2027\/\" \/>\n<meta property=\"og:locale\" content=\"nb_NO\" \/>\n<meta property=\"og:type\" content=\"article\" \/>\n<meta property=\"og:title\" content=\"Nominasjonskomiteens innstilling til kommunevalget 2023-2027 - \u00c5s H\u00f8yre\" \/>\n<meta property=\"og:url\" content=\"https:\/\/hoyre.no\/as\/aktuelt\/nominasjonskomiteens-innstilling-til-kommunevalget-2023-2027\/\" \/>\n<meta property=\"og:site_name\" content=\"\u00c5s H\u00f8yre\" \/>\n<meta property=\"article:published_time\" content=\"2022-11-09T11:27:26+00:00\" \/>\n<meta property=\"article:modified_time\" content=\"2022-11-09T11:39:26+00:00\" \/>\n<meta property=\"og:image\" content=\"https:\/\/hoyre.no\/content\/uploads\/sites\/154\/2023\/07\/IMG_3137-1024x768.jpg\" \/>\n<meta name=\"author\" content=\"Sverre Strand Teigen\" \/>\n<meta name=\"twitter:card\" content=\"summary_large_image\" \/>\n<meta name=\"twitter:label1\" content=\"Skrevet av\" \/>\n\t<meta name=\"twitter:data1\" content=\"Sverre Strand Teigen\" \/>\n\t<meta name=\"twitter:label2\" content=\"Ansl. lesetid\" \/>\n\t<meta name=\"twitter:data2\" content=\"3 minutter\" \/>\n<script type=\"application\/ld+json\" class=\"yoast-schema-graph\">{\"@context\":\"https:\/\/schema.org\",\"@graph\":[{\"@type\":\"NewsArticle\",\"@id\":\"https:\/\/hoyre.no\/as\/aktuelt\/nominasjonskomiteens-innstilling-til-kommunevalget-2023-2027\/\",\"url\":\"https:\/\/hoyre.no\/as\/aktuelt\/nominasjonskomiteens-innstilling-til-kommunevalget-2023-2027\/\",\"name\":\"Nominasjonskomiteens innstilling til kommunevalget 2023-2027 - \u00c5s H\u00f8yre\",\"isPartOf\":{\"@id\":\"https:\/\/hoyre.no\/as\/#website\"},\"datePublished\":\"2022-11-09T11:27:26+00:00\",\"dateModified\":\"2022-11-09T11:39:26+00:00\",\"author\":{\"@id\":\"https:\/\/hoyre.no\/as\/#\/schema\/person\/94e80ea18e516af0e5ae99447db8bfba\"},\"breadcrumb\":{\"@id\":\"https:\/\/hoyre.no\/as\/aktuelt\/nominasjonskomiteens-innstilling-til-kommunevalget-2023-2027\/#breadcrumb\"},\"inLanguage\":\"nb-NO\",\"potentialAction\":[{\"@type\":\"ReadAction\",\"target\":[\"https:\/\/hoyre.no\/as\/aktuelt\/nominasjonskomiteens-innstilling-til-kommunevalget-2023-2027\/\"]}]},{\"@type\":\"BreadcrumbList\",\"@id\":\"https:\/\/hoyre.no\/as\/aktuelt\/nominasjonskomiteens-innstilling-til-kommunevalget-2023-2027\/#breadcrumb\",\"itemListElement\":[{\"@type\":\"ListItem\",\"position\":1,\"name\":\"Til hoyre.no\",\"item\":\"https:\/\/hoyre.no\"},{\"@type\":\"ListItem\",\"position\":2,\"name\":\"Hjem\",\"item\":\"https:\/\/hoyre.no\/as\/\"},{\"@type\":\"ListItem\",\"position\":3,\"name\":\"Nominasjonskomiteens innstilling til kommunevalget 2023-2027\"}]},{\"@type\":\"WebSite\",\"@id\":\"https:\/\/hoyre.no\/as\/#website\",\"url\":\"https:\/\/hoyre.no\/as\/\",\"name\":\"\u00c5s H\u00f8yre\",\"description\":\"Bare enda et H\u00f8yres nettsteder-nettsted\",\"inLanguage\":\"nb-NO\"},{\"@type\":\"Person\",\"@id\":\"https:\/\/hoyre.no\/as\/#\/schema\/person\/94e80ea18e516af0e5ae99447db8bfba\",\"name\":\"Sverre Strand Teigen\",\"image\":{\"@type\":\"ImageObject\",\"inLanguage\":\"nb-NO\",\"@id\":\"https:\/\/hoyre.no\/as\/#\/schema\/person\/image\/\",\"url\":\"https:\/\/secure.gravatar.com\/avatar\/f8c4d3cfef7604a49a5e332bd3dc30b74e54189009709f9907c2aa52a15c9447?s=96&d=mm&r=g\",\"contentUrl\":\"https:\/\/secure.gravatar.com\/avatar\/f8c4d3cfef7604a49a5e332bd3dc30b74e54189009709f9907c2aa52a15c9447?s=96&d=mm&r=g\",\"caption\":\"Sverre Strand Teigen\"},\"url\":\"https:\/\/hoyre.no\/as\/aktuelt\/author\/m50420462\/\"}]}<\/script>\n<!-- \/ Yoast SEO plugin. -->","yoast_head_json":{"title":"Nominasjonskomiteens innstilling til kommunevalget 2023-2027 - \u00c5s H\u00f8yre","robots":{"index":"index","follow":"follow","max-snippet":"max-snippet:-1","max-image-preview":"max-image-preview:large","max-video-preview":"max-video-preview:-1"},"canonical":"https:\/\/hoyre.no\/as\/aktuelt\/nominasjonskomiteens-innstilling-til-kommunevalget-2023-2027\/","og_locale":"nb_NO","og_type":"article","og_title":"Nominasjonskomiteens innstilling til kommunevalget 2023-2027 - \u00c5s H\u00f8yre","og_url":"https:\/\/hoyre.no\/as\/aktuelt\/nominasjonskomiteens-innstilling-til-kommunevalget-2023-2027\/","og_site_name":"\u00c5s H\u00f8yre","article_published_time":"2022-11-09T11:27:26+00:00","article_modified_time":"2022-11-09T11:39:26+00:00","og_image":[{"url":"https:\/\/hoyre.no\/content\/uploads\/sites\/154\/2023\/07\/IMG_3137-1024x768.jpg","width":"","height":"","type":""}],"author":"Sverre Strand Teigen","twitter_card":"summary_large_image","twitter_misc":{"Skrevet av":"Sverre Strand Teigen","Ansl. lesetid":"3 minutter"},"schema":{"@context":"https:\/\/schema.org","@graph":[{"@type":"NewsArticle","@id":"https:\/\/hoyre.no\/as\/aktuelt\/nominasjonskomiteens-innstilling-til-kommunevalget-2023-2027\/","url":"https:\/\/hoyre.no\/as\/aktuelt\/nominasjonskomiteens-innstilling-til-kommunevalget-2023-2027\/","name":"Nominasjonskomiteens innstilling til kommunevalget 2023-2027 - \u00c5s H\u00f8yre","isPartOf":{"@id":"https:\/\/hoyre.no\/as\/#website"},"datePublished":"2022-11-09T11:27:26+00:00","dateModified":"2022-11-09T11:39:26+00:00","author":{"@id":"https:\/\/hoyre.no\/as\/#\/schema\/person\/94e80ea18e516af0e5ae99447db8bfba"},"breadcrumb":{"@id":"https:\/\/hoyre.no\/as\/aktuelt\/nominasjonskomiteens-innstilling-til-kommunevalget-2023-2027\/#breadcrumb"},"inLanguage":"nb-NO","potentialAction":[{"@type":"ReadAction","target":["https:\/\/hoyre.no\/as\/aktuelt\/nominasjonskomiteens-innstilling-til-kommunevalget-2023-2027\/"]}]},{"@type":"BreadcrumbList","@id":"https:\/\/hoyre.no\/as\/aktuelt\/nominasjonskomiteens-innstilling-til-kommunevalget-2023-2027\/#breadcrumb","itemListElement":[{"@type":"ListItem","position":1,"name":"Til hoyre.no","item":"https:\/\/hoyre.no"},{"@type":"ListItem","position":2,"name":"Hjem","item":"https:\/\/hoyre.no\/as\/"},{"@type":"ListItem","position":3,"name":"Nominasjonskomiteens innstilling til kommunevalget 2023-2027"}]},{"@type":"WebSite","@id":"https:\/\/hoyre.no\/as\/#website","url":"https:\/\/hoyre.no\/as\/","name":"\u00c5s H\u00f8yre","description":"Bare enda et H\u00f8yres nettsteder-nettsted","inLanguage":"nb-NO"},{"@type":"Person","@id":"https:\/\/hoyre.no\/as\/#\/schema\/person\/94e80ea18e516af0e5ae99447db8bfba","name":"Sverre Strand Teigen","image":{"@type":"ImageObject","inLanguage":"nb-NO","@id":"https:\/\/hoyre.no\/as\/#\/schema\/person\/image\/","url":"https:\/\/secure.gravatar.com\/avatar\/f8c4d3cfef7604a49a5e332bd3dc30b74e54189009709f9907c2aa52a15c9447?s=96&d=mm&r=g","contentUrl":"https:\/\/secure.gravatar.com\/avatar\/f8c4d3cfef7604a49a5e332bd3dc30b74e54189009709f9907c2aa52a15c9447?s=96&d=mm&r=g","caption":"Sverre Strand Teigen"},"url":"https:\/\/hoyre.no\/as\/aktuelt\/author\/m50420462\/"}]}},"distributor_meta":false,"distributor_terms":false,"distributor_media":false,"distributor_original_site_name":"\u00c5s H\u00f8yre","distributor_original_site_url":"https:\/\/hoyre.no\/as","push-errors":false,"_links":{"self":[{"href":"https:\/\/hoyre.no\/as\/wp-json\/wp\/v2\/posts\/68","targetHints":{"allow":["GET"]}}],"collection":[{"href":"https:\/\/hoyre.no\/as\/wp-json\/wp\/v2\/posts"}],"about":[{"href":"https:\/\/hoyre.no\/as\/wp-json\/wp\/v2\/types\/post"}],"author":[{"embeddable":true,"href":"https:\/\/hoyre.no\/as\/wp-json\/wp\/v2\/users\/30281"}],"replies":[{"embeddable":true,"href":"https:\/\/hoyre.no\/as\/wp-json\/wp\/v2\/comments?post=68"}],"version-history":[{"count":7,"href":"https:\/\/hoyre.no\/as\/wp-json\/wp\/v2\/posts\/68\/revisions"}],"predecessor-version":[{"id":77,"href":"https:\/\/hoyre.no\/as\/wp-json\/wp\/v2\/posts\/68\/revisions\/77"}],"wp:attachment":[{"href":"https:\/\/hoyre.no\/as\/wp-json\/wp\/v2\/media?parent=68"}],"wp:term":[{"taxonomy":"category","embeddable":true,"href":"https:\/\/hoyre.no\/as\/wp-json\/wp\/v2\/category?post=68"},{"taxonomy":"post_tag","embeddable":true,"href":"https:\/\/hoyre.no\/as\/wp-json\/wp\/v2\/post_tag?post=68"},{"taxonomy":"hoyre-visibility","embeddable":true,"href":"https:\/\/hoyre.no\/as\/wp-json\/wp\/v2\/hoyre-visibility?post=68"},{"taxonomy":"article-type","embeddable":true,"href":"https:\/\/hoyre.no\/as\/wp-json\/wp\/v2\/article-type?post=68"},{"taxonomy":"politician","embeddable":true,"href":"https:\/\/hoyre.no\/as\/wp-json\/wp\/v2\/politician?post=68"}],"curies":[{"name":"wp","href":"https:\/\/api.w.org\/{rel}","templated":true}]}}