{"id":92,"date":"2023-06-23T16:07:29","date_gmt":"2023-06-23T14:07:29","guid":{"rendered":"https:\/\/hoyre.no\/as\/?p=92"},"modified":"2023-06-23T16:07:30","modified_gmt":"2023-06-23T14:07:30","slug":"as-hoyres-program-2023-2027","status":"publish","type":"post","link":"https:\/\/hoyre.no\/as\/aktuelt\/as-hoyres-program-2023-2027\/","title":{"rendered":"\u00c5s H\u00f8yres program 2023-2027"},"content":{"rendered":"\n<figure class=\"hoyre-image-wrapper\"><div class=\"hoyre-image\"><img loading=\"lazy\" decoding=\"async\" width=\"3417\" height=\"1300\" src=\"https:\/\/hoyre.no\/content\/uploads\/sites\/154\/2023\/06\/Muligheter_for_alle_-_Toppbilde_Facebook_Bokma\u030al.png\" class=\"attachment-scaled size-scaled\" alt=\"\" style=\"object-position: 50% 50%\" srcset=\"https:\/\/hoyre.no\/content\/uploads\/sites\/154\/2023\/06\/Muligheter_for_alle_-_Toppbilde_Facebook_Bokma\u030al.png 3417w, https:\/\/hoyre.no\/content\/uploads\/sites\/154\/2023\/06\/Muligheter_for_alle_-_Toppbilde_Facebook_Bokma\u030al-300x114.png 300w, https:\/\/hoyre.no\/content\/uploads\/sites\/154\/2023\/06\/Muligheter_for_alle_-_Toppbilde_Facebook_Bokma\u030al-1024x390.png 1024w, https:\/\/hoyre.no\/content\/uploads\/sites\/154\/2023\/06\/Muligheter_for_alle_-_Toppbilde_Facebook_Bokma\u030al-768x292.png 768w, https:\/\/hoyre.no\/content\/uploads\/sites\/154\/2023\/06\/Muligheter_for_alle_-_Toppbilde_Facebook_Bokma\u030al-1536x584.png 1536w, https:\/\/hoyre.no\/content\/uploads\/sites\/154\/2023\/06\/Muligheter_for_alle_-_Toppbilde_Facebook_Bokma\u030al-2048x779.png 2048w\" sizes=\"auto, (max-width: 3417px) 100vw, 3417px\" \/><\/div><\/figure>\n\n\n\n\n<h2 class=\"wp-block-heading\">Et samfunn med muligheter for alle <\/h2>\n\n\n\n<h4 class=\"wp-block-heading\">V\u00e5rt program tar utgangspunkt i H\u00f8yres ideologi:<\/h4>\n\n\n\n<p>H\u00f8yre vil bygge samfunnet p\u00e5 tillit til enkeltmennesket. Hver enkelt skal ha st\u00f8rst mulig frihet til og ansvar for \u00e5 forme sitt eget liv og sin egen fremtid basert p\u00e5 respekt for andre og for fellesskapet. <br><br>Samfunnet er mer enn stat og kommune. Det best\u00e5r av sm\u00e5 og store fellesskap, fra familie og lokalsamfunn til nasjonale og internasjonale fellesskap. Samfunnet b\u00f8r skapes og utvikles nedenfra, basert p\u00e5 frihet, ansvar og muligheter for enkeltmenneskene, familiene, bedriftene, frivillige organisasjoner og lokalmilj\u00f8et. <br><br>\u00c5s best\u00e5r av mennesker med ulik kulturell bakgrunn. H\u00f8yre mener at mangfold og forskjellighet er en kilde til utveksling av ideer, fornyelse og kreativitet. Valgfrihet er en naturlig del av \u00e5 kunne bestemme over eget liv. <br> <br>Vi har arvet et samfunn bygget p\u00e5 tillit, \u00e5penhet og sm\u00e5 forskjeller, et samfunn med h\u00f8y verdiskaping og med velutbygde velferdsordninger. Det er v\u00e5r plikt \u00e5 ivareta og videreutvikle dette samfunnet for fremtidige generasjoner. Vi vil forandre for \u00e5 bevare. Med det mener vi at vi m\u00e5 beskytte og bevare grunnleggende verdier knyttet til menneskeverdet, demokratiet og rettsstaten. Vi m\u00e5 gj\u00f8re n\u00f8dvendige endringer av hensyn til klima og milj\u00f8, \u00f8konomisk og sosial b\u00e6rekraft og velferden til fremtidige generasjoner. <br><br>H\u00f8yre legger vekt p\u00e5 kontinuitet mellom fortid og fremtid. V\u00e5r generasjon er bindeleddet mellom tidligere og kommende generasjoner. Forvalteransvaret forplikter v\u00e5r egen generasjon til \u00e5 s\u00f8rge for at v\u00e5re etterkommere f\u00e5r minst like gode muligheter som vi selv har. <br><br>En forutsigbar rettsstat, der menneskers grunnleggende rettigheter beskyttes, og der loven og samfunnets institusjoner ikke undergraves eller utfordres av rene makthensyn eller av \u00f8konomiske hensyn, er en uunnv\u00e6rlig forutsetning for et fritt og godt samfunn. <\/p>\n\n\n\n<h4 class=\"wp-block-heading\">V\u00e5r politikk bygger p\u00e5 dette verdigrunnlaget: <\/h4>\n\n\n\n<ul class=\"wp-block-list\"><li>Tillit til enkeltmennesket, samfunnet styrker enkeltmennesket<\/li><li>Frihet til og ansvar for \u00e5 forme sitt eget liv<\/li><li>Respekt for andre og for fellesskapet<\/li><li>Samhold og solidaritet mennesker imellom<\/li><li>Omsorg for den som trenger det<\/li><li>Samspill mellom personlig frihet, sosialt ansvar og de private og offentlige fellesskapene<\/li><li>Makt og ansvar plassert s\u00e5 n\u00e6rt den enkelte og familien som mulig <br><\/li><\/ul>\n\n\n\n<h2 class=\"wp-block-heading\">Nye ideer og bedre l\u00f8sninger for \u00c5s <\/h2>\n\n\n\n<p class=\"is-style-large\">\u00c5s kommune st\u00e5r overfor flere utfordringer som l\u00f8ses best med H\u00f8yres politikk. Vi ser dette som v\u00e5re hovedutfordringer, som vi vil prioritere i den kommende kommunestyreperiode. <br><\/p>\n\n\n\n<h3 class=\"wp-block-heading\">Ung i \u00c5s <\/h3>\n\n\n\n<p>\u00c5s H\u00f8yre \u00f8nsker at kommunen skal starte et prosjekt for barn og unge bosatt i \u00c5s kommune. \u00abUng i \u00c5s\u00bb skal v\u00e6re et lavterskeltilbud og en arena utviklet p\u00e5 brukernes premisser. <br><br>Vi \u00f8nsker at alle barn og unge skal ha mulighet til \u00e5 delta p\u00e5 minst \u00e9n fast fritidsaktivitet. <br><br>Gjennom Ung i \u00c5s vil vi sikre at kommunens ungdom skal ha en lavterskel-arena ved behov for r\u00e5d, samtale, praktisk hjelp og behandling. Vi \u00f8nsker \u00e5 samarbeide med fritidsklubbene, og tilby gratis kurs-, gruppe- og aktivitetstilbud sammen med flere akt\u00f8rer i kommunen. <br><br>Vi \u00f8nsker at kommunen samarbeider med brukerne, det lokale n\u00e6ringsliv, frivillige, lag, foreninger, NAV og fagpersoner om tilbudet. <br><\/p>\n\n\n\n<h3 class=\"wp-block-heading\">\u00d8konomi <\/h3>\n\n\n\n<p>Kommunens \u00f8konomiske utfordringer m\u00e5 l\u00f8ses uten eiendomsskatt p\u00e5 bolig. Eiendomsskatt er en usosial skatt som ikke hensyntar den enkeltes betalingsevne. <br><br>Det m\u00e5 bli lettere \u00e5 etablere og utvikle ny n\u00e6ring i kommunen. <br><br>\u00c5s kommune m\u00e5 f\u00e5 en stabil og forutsigbar \u00f8konomi, uten de store svingningene vi har sett de siste \u00e5rene, og H\u00f8yre vil ha dette i fokus. <br><\/p>\n\n\n\n<h3 class=\"wp-block-heading\">Brukeren i fokus <\/h3>\n\n\n\n<p>H\u00f8yre \u00f8nsker en helsetjeneste som setter brukeren i fokus. I m\u00f8te med helse- og omsorgstjenestene skal brukere og p\u00e5r\u00f8rende aktivt f\u00e5 delta i vurderinger og beslutninger om egen behandling og oppf\u00f8lging. <br><br>Den enkeltes behov skal m\u00f8tes, og pasientens medbestemmelsesrett og behov for informasjon, forutsigbarhet og trygghet skal ivaretas. P\u00e5r\u00f8rende er en viktig ressurs, og brukermedvirkning kan bidra til \u00e5 f\u00e5 \u00f8kt treffsikkerhet og bedre kvalitet i helse- og omsorgstjenestene. <br><\/p>\n\n\n\n<h2 class=\"wp-block-heading\">Kapittel 1: Utdannelse og oppvekst <\/h2>\n\n\n\n<h3 class=\"wp-block-heading\">En god og trygg start for alle <\/h3>\n\n\n\n<p>Barnehage er et viktig pedagogisk og sosialt tilbud som skal stimulere til lek og utvikling p\u00e5 barns premisser. B\u00e5de de private og de kommunale barnehagene er viktige samfunnsressurser. Barnehagetilbudet i \u00c5s b\u00f8r v\u00e6re differensiert, med fleksible \u00e5pningstider og et variert tilbud. <br><br>Tidlig innsats m\u00e5 begynne i barnehagen, med pedagoger og opplegg som forbereder barnet til skolestart. Barnehagen m\u00e5 overlevere barnet til skolen med tilstrekkelig informasjon til at skolen kan gi barnet et best mulig utgangspunkt fra f\u00f8rste dag. <br><br>De ansatte skal f\u00e5 tilbud om faglig utvikling og mulighet til \u00e5 styrke kompetansen gjennom etter- og videreutdannelse. <br><\/p>\n\n\n\n<h4 class=\"wp-block-heading\">\u00c5s H\u00f8yre vil: <\/h4>\n\n\n\n<ul class=\"wp-block-list\"><li>at alle barnehagel\u00e6rere, barnehageansatte og ledere i barnehagene b\u00f8r ha relevant kompetanse. Ansatte med kompetanse som ikke oppfyller dagens krav, skal tilbys etterutdannelse.\u202f\u202f<\/li><li>at kommunen skal tilby fleksibelt barnehageopptak gjennom \u00e5ret.\u202f<\/li><li>styrke barnehagene gjennom \u00e5 gi midler til flere spesialpedagoger og milj\u00f8arbeidere.<\/li><li>tillate etablering og drift av private og ideelle barnehager i \u00c5s kommune. <br><\/li><\/ul>\n\n\n\n<h3 class=\"wp-block-heading\">En skole der alle kan lykkes<\/h3>\n\n\n\n<p>Som en av f\u00e5 norske kommuner kan \u00c5s tilby l\u00e6ring fra barnehage til doktorgradsniv\u00e5. \u00c5s kommune skal v\u00e6re kunnskapskommunen og regionens innovasjonsmotor. H\u00f8yre vil at skolene i \u00c5s skal v\u00e6re av de beste i landet. Undervisningssektoren m\u00e5 ha ressurser til \u00e5 gi alle elever gode basiskunnskaper i lesing, skriving og matematikk, som er vesentlig for l\u00e6ring i alle fag. <br><br>L\u00e6rernes pedagogiske og faglige kvalifikasjoner er avgj\u00f8rende for at elevene skal lykkes p\u00e5 skolen, og kommunen m\u00e5 legge til rette for \u00e5 trekke til seg og beholde de beste l\u00e6rerne. H\u00f8yre vil at l\u00e6rerne skal tilbys etter- og videreutdannelse, og har som m\u00e5l at alle l\u00e6rere skal ha fordypning i fagene de underviser i. H\u00f8yre vil at \u00c5s kommune skal ha et godt arbeids- og fagmilj\u00f8 med fleksibilitet i l\u00e6ringsmetoder tilpasset den enkelte elev. <br><br>H\u00f8yre vil ha en skolefritidsordning med god kvalitet og ha i fokus lek, kultur, fritidsaktiviteter og leksehjelp som st\u00f8tte til undervisningen. Relevante tiltak i skolen m\u00e5 ogs\u00e5 gis til barna i SFO. <br><br>H\u00f8yre vil jobbe for \u00e5 redusere frafallet i ungdomsskolen, med s\u00e6rlig innsats rettet mot skolevegring. Elever som ikke finner seg til rette i ungdomsskolen, m\u00e5 i perioder f\u00e5 andre undervisningstilbud for \u00e5 hjelpes tilbake til et normalt skolel\u00f8p. <br><br>H\u00f8yre vil at barnehager og skoler skal samarbeide tett om barnas overgang til skolen, og at ungdomsskoler og den videreg\u00e5ende skole skal samarbeide enda bedre om overgangen til videreg\u00e5ende. <br><\/p>\n\n\n\n<h4 class=\"wp-block-heading\">\u00c5s H\u00f8yre vil: <\/h4>\n\n\n\n<ul class=\"wp-block-list\"><li>ha nulltoleranse for mobbing, trakassering og uakseptabel adferd.\u202f<\/li><li>at elevene skal ha tilgang til tidsriktig utstyr og undervisningsmateriell.<\/li><li>ha skoler som er store nok til \u00e5 utvikle og ivareta fagmilj\u00f8er og v\u00e6re attraktive for pedagoger.<\/li><li>bygge ut Sj\u00f8skogen skole slik at den er tilpasset dagens behov for undervisnings- og spesialrom.<\/li><li>tilrettelegge for etter- og videreutdannelse av l\u00e6rere, samt tilby pedagogisk etterutdannelse til annet undervisningspersonell med relevant faglig utdannelse og kompetanse.<\/li><li>ha tilbud om leksehjelp p\u00e5 SFO.<\/li><li>ha fritt skolevalg.<\/li><li>at all spesialundervisning skal utf\u00f8res av pedagoger med relevant kompetanse, og i minst mulig grad isolere den enkelte elev fra klassen.\u202f<\/li><li>at skolene skal ha sosialfaglig personale og dyktige spesialpedagoger som kan f\u00f8lge opp utfordringer i l\u00e6ringsmilj\u00f8et.<\/li><li>at alle skal ha en trygg og god skolevei.<\/li><li>tilby alternative oppl\u00e6ringstilbud for \u00e5 tilrettelegge for at flest mulig fullf\u00f8rer ungdomsskolen.<\/li><li>at alle elever skal ha et individuelt tilpasset undervisningstilbud som muliggj\u00f8r at alle kan f\u00e5 utviklet sitt potensial.<\/li><li>styrke skolehelsetjenesten med st\u00f8rre tilstedev\u00e6relse av helsesykepleier. <br><\/li><\/ul>\n\n\n\n<h3 class=\"wp-block-heading\">Ung i \u00c5s <\/h3>\n\n\n\n<p>\u00c5s H\u00f8yre \u00f8nsker at kommunen skal starte et prosjekt for barn og unge bosatt i \u00c5s kommune. \u00abUng i \u00c5s\u00bb skal v\u00e6re et lavterskeltilbud og en arena utviklet p\u00e5 brukernes premisser. <br><br>Vi \u00f8nsker at alle barn og unge skal ha mulighet til \u00e5 delta p\u00e5 minst \u00e9n fast fritidsaktivitet. <br><br>Gjennom Ung i \u00c5s vil vi sikre at kommunens ungdom skal ha en lavterskel-arena ved behov for r\u00e5d, samtale, praktisk hjelp og behandling. Vi \u00f8nsker \u00e5 samarbeide med fritidsklubbene og tilby gratis kurs-, gruppe- og aktivitetstilbud sammen med flere akt\u00f8rer i kommunen. <br><br>Vi \u00f8nsker at kommunen skal samarbeide med brukerne, det lokale n\u00e6ringsliv, frivillige, lag, foreninger, NAV og fagpersoner om tilbudet. <br><\/p>\n\n\n\n<h4 class=\"wp-block-heading\">\u00c5s H\u00f8yre vil: <\/h4>\n\n\n\n<ul class=\"wp-block-list\"><li>ha en fritidskortordning eller stipendordning som sikrer at alle skal kunne delta p\u00e5 fritidsaktiviteter uavhengig av sin \u00f8konomi.<\/li><li>at kommunen skal tilby flere sommerjobber for ungdom.<\/li><li>at kommunen skal v\u00e6re en formidler for ungdom gjennom tett samarbeid med n\u00e6ringsliv, NMBU, lag og foreninger om praksisplasser og elevbedrifter.<\/li><li>tilby gratis kurs-, gruppe- og aktivitetstilbud i samarbeid med flere akt\u00f8rer i kommunen. <br><\/li><\/ul>\n\n\n\n<h2 class=\"wp-block-heading\">Kapittel 2: Helse og omsorg <\/h2>\n\n\n\n<h3 class=\"wp-block-heading\">Et godt og verdig tilbud med brukeren i fokus <\/h3>\n\n\n\n<p>H\u00f8yre \u00f8nsker en helsetjeneste som setter brukeren i fokus. I m\u00f8te med helse- og omsorgstjenestene skal den enkeltes behov sikres, og pasientens medbestemmelsesrett og behov for informasjon, forutsigbarhet og trygghet skal ivaretas. H\u00f8yre skal satse p\u00e5 forebyggende helsearbeid, og vil opprettholde helsestasjonen for ungdom og studenter og styrke skolehelsetjenesten. Vi skal styrke det forebyggende arbeidet mot narkotika og arbeide for et bedre ettervern. <br><br>Frivillige organisasjoner gj\u00f8r en uvurderlig innsats, og \u00c5s kommune m\u00e5 fortsette med og videreutvikle samarbeidet med frivilligheten. <br><br>H\u00f8yre vil arbeide for at den som trenger bistand, skal ha f\u00e6rrest mulige hjelpere \u00e5 forholde seg til.\u202f<br><br>H\u00f8yre mener helsetjenestene m\u00e5 rustes opp for \u00e5 m\u00f8te morgendagens utfordringer. Vi vil jobbe m\u00e5lrettet med \u00e5 styrke helsetjenestene ved \u00e5 investere i ansattes kompetanse og ny teknologi. <br><\/p>\n\n\n\n<h4 class=\"wp-block-heading\">\u00c5s H\u00f8yre vil: <\/h4>\n\n\n\n<ul class=\"wp-block-list\"><li>legge til rette for \u00f8kt grad av brukermedvirkning.<\/li><li>legge til rette for initiativ som kan forebygge ensomhet.<\/li><li>styrke rusomsorgen ved tettere oppf\u00f8lging av brukere.<\/li><li>styrke arbeidet med \u00e5 forebygge psykiske lidelser, spesielt hos ungdom og studenter.\u202f<\/li><li>unders\u00f8ke muligheten for \u00e5 inng\u00e5 samarbeid med nabokommunene om barnevernstjenesten.<\/li><li>st\u00f8tte og jobbe for etablering av bofellesskap hvor beboerne kan kj\u00f8pe leilighet med felles oppholds- og aktivitetsarealer innend\u00f8rs og utend\u00f8rs.<\/li><li>legge til rette for fritt brukervalg ved at brukerne kan velge om de vil benytte private akt\u00f8rer eller det kommunale tilbudet.\u202f<\/li><li>at familier og p\u00e5r\u00f8rende til personer med nedsatt funksjonsevne skal ha en koordinator \u00e5 forholde seg til i kommunen.<\/li><li>jobbe for et godt og verdig tilbud til unge med demens og psykiske utfordringer, gjerne i samarbeid med kommunene rundt oss.<\/li><li>gi alle som \u00f8nsker og trenger det, rett til enkeltrom i institusjon. <br><\/li><\/ul>\n\n\n\n<h3 class=\"wp-block-heading\">Et aldersvennlig lokalsamfunn <\/h3>\n\n\n\n<p>De fleste av oss \u00f8nsker \u00e5 leve mest mulig selvstendig, uten st\u00f8rre innblanding fra det offentlige. H\u00f8yre vil at samfunnet v\u00e5rt skal bli mer aldersvennlig. Det inneb\u00e6rer b\u00e5de at kommunen skal legge til rette for en aktiv alderdom, blant annet ved \u00e5 skape flere sosiale m\u00f8teplasser, og at pleietrengende eldre skal f\u00e5 m\u00f8te en kompetent helsetjeneste som gir dem valgfrihet og medbestemmelse. <br><br>For H\u00f8yre handler det \u00e5 skape et aldersvennlig samfunn om hva vi kan gj\u00f8re for at hver enkelt skal kunne bruke ressursene sine i m\u00f8te med alderdommens utfordringer og muligheter. En viktig forutsetning er at de tilbys verkt\u00f8y til \u00e5 v\u00e6re digitale brukere, bli inkludert i arbeidsliv og lokalsamfunn, og gis mulighet til kompetansep\u00e5fyll. <br><br>Samtidig er det viktig at det offentlige har gode hjelpe- og omsorgstilbud n\u00e5r behovet melder seg og helsen svikter. Man slutter ikke \u00e5 v\u00e6re et individ n\u00e5r man flytter inn p\u00e5 sykehjem eller f\u00e5r behov for hjelp i hverdagen. H\u00f8yre \u00f8nsker at helsetjenesten skal ha nok ressurser til \u00e5 la den enkelte f\u00e5 medbestemmelse i hverdagen helt til livets slutt. Dette forutsetter at kommunen spiller p\u00e5 lag med og tilrettelegger for frivilligheten, og at eldre fritt kan f\u00e5 velge mellom offentlige og private tilbud. <br><br>Mange eldre kan f\u00f8le seg ensomme i hverdagen eller f\u00f8le seg utrygge hjemme fordi huset ikke er godt nok tilrettelagt. Skal \u00c5s bli et mer aldersvennlig samfunn, m\u00e5 vi ha bedre l\u00f8sninger som tilrettelegger for alderdommen. <br><br>\u00c5s Seniorsenter og Nordby Eldresenter gir mange eldre meningsfullt innhold i hverdagen, gjennom sosial stimulans og tilbud om aktivitet. H\u00f8yre \u00f8nsker derfor at sentrene skal drives etter brukernes \u00f8nsker og p\u00e5 deres premisser. <br><\/p>\n\n\n\n<h4 class=\"wp-block-heading\">\u00c5s H\u00f8yre vil: <\/h4>\n\n\n\n<ul class=\"wp-block-list\"><li>at stortingsmeldingen Leve hele livet, og Verdighetsl\u00f8ftet skal v\u00e6re f\u00f8rende for v\u00e5r seniorpolitikk.<\/li><li>gi alle som \u00f8nsker og trenger det, rett til enkeltrom i institusjon.<\/li><li>at eldre i alle institusjoner skal f\u00e5 middag til middagstid og f\u00e5 st\u00f8rre mulighet til \u00e5 velge hva de vil spise og drikke.<\/li><li>arbeide for at den som trenger bistand, skal ha f\u00e6rrest mulige hjelpere \u00e5 forholde seg til.\u202f\u202f<\/li><li>innf\u00f8re fritt brukervalg i de hjemmebaserte tjenestene, slik at man fritt kan velge mellom offentlige og private leverand\u00f8rer.<\/li><li>at alle eldre i institusjon skal ha tilbud om minst \u00e9n time aktivitet hver dag basert p\u00e5 egne interesser og \u00f8nsker.\u202f<\/li><li>at kommunen skal tilby omsorgsteknologi til hjemmeboende eldre.<\/li><li>arbeide for at det kan etableres bokollektiver for eldre.<\/li><li>innf\u00f8re fleksible avlastningsordninger for p\u00e5r\u00f8rende og ogs\u00e5 tilby tjenester p\u00e5 kveld og natt.\u202f<\/li><li>gi god informasjon om planlagte aktiviteter for eldre. <br><\/li><\/ul>\n\n\n\n<h2 class=\"wp-block-heading\">Kapittel 3: Klima og milj\u00f8 <\/h2>\n\n\n\n<h3 class=\"wp-block-heading\">En gr\u00f8nnere kommune <\/h3>\n\n\n\n<p>H\u00f8yre \u00f8nsker at \u00c5s skal v\u00e6re en foregangskommune innen milj\u00f8 og milj\u00f8vern. Utbygging og arealplanlegging i \u00c5s skal skje p\u00e5 en b\u00e6rekraftig m\u00e5te. Vi \u00f8nsker \u00e5 gj\u00f8re det enklere \u00e5 ta klima- og milj\u00f8vennlige valg i hverdagen. <br><br>Veksten i kommunen vil gi parkeringsutfordringer ved arbeidsplassene og for pendlerne, og det er viktig med alternativer til \u00e5 bruke bil. For \u00e5 f\u00e5 flere til \u00e5 velge kollektivtransport m\u00e5 det legges til rette for at man i hverdagen kan parkere bilen og velge buss eller tog videre. Pendlerparkering gj\u00f8r at flere f\u00e5r mulighet til \u00e5 velge kollektivt. <br><br>Det m\u00e5 legges bedre til rette for bruk av sykkel b\u00e5de langs deler av det kommunale veinettet og langs fylkesveiene. Samarbeid mellom kommunene i Follo og med Akershus fylkeskommune er viktig for \u00e5 sikre en felles satsing p\u00e5 en helhetlig og sammenhengende infrastruktur for sykling i hele regionen P\u00e5 de mest trafikkerte strekningene m\u00e5 det finnes gode l\u00f8sninger for \u00e5 skille g\u00e5ende og syklende. <br><\/p>\n\n\n\n<h4 class=\"wp-block-heading\">\u00c5s H\u00f8yre vil: <\/h4>\n\n\n\n<ul class=\"wp-block-list\"><li>stille strenge krav til klima, milj\u00f8 og b\u00e6rekraft ved kommunens anskaffelser og utbyggingsprosjekter, herunder at anleggsplasser b\u00f8r v\u00e6re utslippsfrie.<\/li><li>ta vare p\u00e5 gode tur- og rekreasjonsomr\u00e5der.<\/li><li>arbeide for utbygging av bolig og n\u00e6ring langs kollektiv- og veiakser.<\/li><li>ha tettere dialog med Ruter og VY for optimalisering av kollektivtransporten.<\/li><li>gi innbyggere mulighet til \u00e5 velge avfallsbeholdere for glass og metall.<\/li><li>ha gode parkeringsmuligheter ved kollektivknutepunktene Korseg\u00e5rden, Nyg\u00e5rdskrysset, Vinterbro og \u00c5s stasjon.\u202f<\/li><li>arbeide for bussterminal p\u00e5 Vinterbro, for lokale-, regionale og flybussruter.<\/li><li>arbeide for bedre kollektivtilbud i hele kommunen, for eksempel direkte bussforbindelse mellom Vinterbro og \u00c5s sentrum.<\/li><li>at nye offentlige bygg skal varmes opp ved hjelp av kliman\u00f8ytrale oppvarmingskilder.\u202f<\/li><li>at kommunens tjenestebiler skal bruke milj\u00f8vennlig drivstoff, og at det fortrinnsvis skal anskaffes nullutslippsbiler.\u202f<\/li><li>vurdere EN\u00d8K-tiltak i kommunens bygg der det er hensiktsmessig, herunder vurdere bruk av solceller og solfangere p\u00e5 nye bygg, ved rehabilitering av eksisterende bygg og ved skifte av tak<\/li><li>at gang- og sykkelveier skal v\u00e6re universelt utformet. <br><\/li><\/ul>\n\n\n\n<h3 class=\"wp-block-heading\">Vi skal redde Oslofjorden! <\/h3>\n\n\n\n<p>H\u00f8yre vil redde Oslofjorden! Fjorden v\u00e5r er i ferd med \u00e5 d\u00f8. Sj\u00f8fugl og fisk d\u00f8r, og tareskogene og skalldyrene er i ferd med \u00e5 forsvinne. Fra tid til annen m\u00e5 det innf\u00f8res badeforbud grunnet utbrudd av kj\u00f8ttetende bakterier. I tillegg til samarbeid om lokale tiltak vil H\u00f8yre l\u00f8fte dette opp p\u00e5 et regionalt og nasjonalt niv\u00e5 for \u00e5 s\u00f8rge for tiltak i omr\u00e5der utenfor v\u00e5rt distrikt som p\u00e5virker fjorden. <br><br>Som lokalpolitikere kan vi ikke st\u00e5 og se p\u00e5 at en naturkatastrofe utspiller seg langs kysten v\u00e5r. H\u00f8yre vil spille p\u00e5 lag med n\u00e6ringslivet, frivilligheten og nabokommunene for \u00e5 kurere fjorden. Oslofjorden kan bli en suksesshistorie hvis politikerne vil det nok. Vi i H\u00f8yre er klare til \u00e5 gj\u00f8re v\u00e5r del av jobben. <br><br>Felles m\u00e5lsetting og samarbeid om tiltak for hele \u00d8stlandsomr\u00e5det m\u00e5 til for \u00e5 oppn\u00e5 resultater. <br><\/p>\n\n\n\n<h4 class=\"wp-block-heading\">\u00c5s H\u00f8yre vil: <\/h4>\n\n\n\n<ul class=\"wp-block-list\"><li>samarbeide med kommunene langs fjorden om en nullutslippsplan for kloakk.<\/li><li>arbeide for at tilstanden til Oslofjorden settes p\u00e5 dagsordenen p\u00e5 et nasjonalt niv\u00e5.<\/li><li>begrense avrenningen fra landbruket<\/li><li>arbeide for mer restaurering av den marine natur.<\/li><li>arbeide for en ordning med gratis avfallslevering i forbindelse med frivillige dugnader med opprydning. <br><\/li><\/ul>\n\n\n\n<h2 class=\"wp-block-heading\">Kapittel 4: Idrett, kultur og frivillighet <\/h2>\n\n\n\n<h3 class=\"wp-block-heading\">Idrettsglede og god folkehelse for alle <\/h3>\n\n\n\n<p>Idrett og frivillig deltagelse beriker menneskers liv. Idretten er Norges st\u00f8rste folkebevegelse, og er spesielt viktig for barn og unge. Deltagelse motvirker utenforskap og bidrar til god folkehelse, samhold og inkludering. Frivilligheten skaper lokalt engasjement og fellesskap. <br><br>\u00c5s H\u00f8yre \u00f8nsker \u00e5 legge til rette for st\u00f8rst mulig frivillig engasjement i idretts- og friluftslivet. Gjennom frivilligheten oppn\u00e5r vi sosial tillit, arenaer for inkludering og hverdagsintegrering. Idrett og friluftsliv skal v\u00e6re tilgjengelig for alle, uavhengig av den enkeltes \u00f8konomi og sosiale bakgrunn. <br><br>\u00c5s H\u00f8yre \u00f8nsker bedre og tettere samarbeid med de frivillige organisasjonene. Idrettslagene og klubbene m\u00e5 i st\u00f8rre grad enn i dag bli lyttet til og f\u00e5 ta del i planarbeidet for utviklingen av kommunens fremtidige idrettsanlegg og arenaer. <br><br>H\u00f8yre vil at kommunen skal fortsette det gode samarbeidet med Skiforeningen og \u00c5s Turlag (DNT) om det lokale skil\u00f8ype- og stinettet.\u202f<br><\/p>\n\n\n\n<h4 class=\"wp-block-heading\">\u00c5s H\u00f8yre vil: <\/h4>\n\n\n\n<ul class=\"wp-block-list\"><li>ha en fritidskortordning eller stipendordning som sikrer at alle skal kunne delta p\u00e5 fritidsaktiviteter uavhengig av sin \u00f8konomi.<\/li><li>at idrettslagene i st\u00f8rre grad skal f\u00e5 mulighet til \u00e5 styre og drifte idrettsanlegg.\u202f\u202f<\/li><li>at \u00c5s kommune skal ha utstyr for sport og friluftsliv til utl\u00e5n, b\u00e5de til skoler og privatpersoner.\u202f<\/li><li>arbeide for tilstrekkelige fasiliteter for idretten i \u00c5s kommune i samarbeid med idrettslagene, frivilligheten og n\u00e6ringslivet.<\/li><li>bygge ny, tidsmessig sv\u00f8mmehall i \u00c5s kommune.<\/li><li>legge til rette for n\u00e6rmilj\u00f8tilskudd til frivillige, vel, lag og foreninger.<\/li><li>st\u00f8tte prosjekter som gj\u00f8r at personer med funksjonsnedsettelse lettere kan delta i fritidstilbud.<\/li><li>samarbeide med nabokommuner om idrettsanlegg. <br><\/li><\/ul>\n\n\n\n<h3 class=\"wp-block-heading\">Kulturkommunen \u00c5s <\/h3>\n\n\n\n<p>Kultur forankrer oss i v\u00e5r felles historie, utfordrer oss og \u00e5pner opp for det ukjente. H\u00f8yre \u00f8nsker et kulturliv preget av nyskaping, kvalitet og talentutvikling. Det krever sterke kulturinstitusjoner, \u00f8kt mangfold av akt\u00f8rer og god talentutvikling. Den norske kulturarven m\u00e5 ivaretas. \u00c5s H\u00f8yre \u00f8nsker et kulturliv som er tilgjengelig for alle. <br><br>Et mangfoldig kunst- og kulturliv bidrar til samfunnsdebatten, kan virke som et korrektiv, og beriker menneskers liv. Kulturlivet utfordrer og p\u00e5virker kulturen. Kulturlivet m\u00e5 utvikles p\u00e5 egne premisser. <br><\/p>\n\n\n\n<h4 class=\"wp-block-heading\">\u00c5s H\u00f8yre vil: <\/h4>\n\n\n\n<ul class=\"wp-block-list\"><li>at flest mulig skal f\u00e5 mulighet til \u00e5 delta p\u00e5 Kulturskolen.<\/li><li>arbeide for et kulturliv som er tilgjengelig for alle.\u202f<\/li><li>at bibliotekene fortsatt skal v\u00e6re en viktig kulturformidler og ha en aktiv rolle i moderniseringen og utviklingen av tilbud.<\/li><li>arbeide for at bibliotekene skal ha minst samme tilbud og \u00e5pningstider som i dag.<\/li><li>bruke Attraktive \u00c5s for \u00e5 videreutvikle initiativer som Smak \u00c5s.<\/li><li>at kommunen skal legge til rette for at lokale akt\u00f8rer kan arrangere festivaler og aktiviteter.<\/li><li>utvide skjenketidsbestemmelsene, slik at utelivet i \u00c5s kan ha samme vilk\u00e5r som kommunene rundt oss. <br><\/li><\/ul>\n\n\n\n<h2 class=\"wp-block-heading\">Kapittel 5: Mangfold og inkludering <\/h2>\n\n\n\n<h3 class=\"wp-block-heading\">Mangfolds- og inkluderingskommunen <\/h3>\n\n\n\n<p>\u00c5s H\u00f8yre skal legge til rette for at alle kan delta i samfunnet. Personer som av ulike \u00e5rsaker st\u00e5r utenfor, m\u00e5 bli sikret tilrettelegging og hjelp. Arbeid gir velferd og inkludering. <br><br>\u00c5s H\u00f8yre skal legge til rette for at alle barn og unge f\u00e5r anledning til \u00e5 delta i fritidsaktiviteter og p\u00e5 sosiale arenaer.\u202f<br><br>Kommunen har ansvar for \u00e5 bidra til bosetting og inkludering av flyktninger og mener at kvalitet i integreringsarbeidet m\u00e5 settes foran kvantitet. For \u00e5 f\u00e5 til en vellykket bosetting og integrering er det viktig at flyktninger f\u00e5r hjelp til \u00e5 komme i arbeid eller utdannelse for \u00e5 bli selvstendige raskest mulig.\u202f<br><br>H\u00f8yre skal sikre at ansatte i barnehage, grunnskole, skolehelsetjeneste og andre f\u00f8rstelinjetjenester som m\u00f8ter unge, har oppdatert kompetanse innen LHBTIQ-relaterte temaer og utfordringer. <br><\/p>\n\n\n\n<h4 class=\"wp-block-heading\">\u00c5s H\u00f8yre vil: <\/h4>\n\n\n\n<ul class=\"wp-block-list\"><li>innf\u00f8re aktivitetskort for barn i familier med vedvarende lavinntekt.<\/li><li>arbeide for \u00e5 gj\u00f8re strender og tur- og rekreasjonsomr\u00e5der tilgjengelige for personer med nedsatt funksjonsevne.<\/li><li>arbeide for et dagtidstilbud for unge som st\u00e5r utenfor arbeid og utdannelse.<\/li><li>ha en rask og m\u00e5lrettet innsats for \u00e5 gi nyankomne flyktninger oppl\u00e6ring i norsk spr\u00e5k og kultur, og bistand til \u00e5 komme i arbeid.\u202f<\/li><li>at det skal v\u00e6re nulltoleranse mot diskriminering, forskjellsbehandling og hatytringer i kommunen.<\/li><li>legge til rette for etablering av husbankfinansierte borettslag eller sameier for personer med nedsatt funksjonsevne, p\u00e5 beboernes premisser og behov.<\/li><li>sette i gang en inkluderingsdugnad der minst 5 % av nyansettelsene i kommunen skal v\u00e6re mennesker med hull i CV-en eller nedsatt funksjonsevne. <br><\/li><\/ul>\n\n\n\n<h2 class=\"wp-block-heading\">Kapittel 6: \u00d8konomi og utvikling <\/h2>\n\n\n\n<h3 class=\"wp-block-heading\">B\u00e6rekraftig \u00f8konomi <\/h3>\n\n\n\n<p>H\u00f8yres overordnede m\u00e5l er at fremtidige generasjoner skal kunne overta en sunn og b\u00e6rekraftig kommune\u00f8konomi som ruster dem bedre til \u00e5 l\u00f8se fremtidens utfordringer. Dette m\u00e5 l\u00f8ses uten eiendomsskatt p\u00e5 bolig. Eiendomsskatten er en usosial skatt, som ikke tar hensyn til den enkeltes betalingsevne. <br><br>H\u00f8yre mener kommunens \u00f8konomiske utfordringer m\u00e5 l\u00f8ses gjennom sterkere prioriteringer og strammere \u00f8konomistyring i tillegg til en \u00f8kning av kommunens inntekter ved \u00f8kt tilflytting. Lovp\u00e5lagte oppgaver m\u00e5 prioriteres. <br><\/p>\n\n\n\n<h4 class=\"wp-block-heading\">\u00c5s H\u00f8yre vil: <\/h4>\n\n\n\n<ul class=\"wp-block-list\"><li>avskaffe eiendomsskatt p\u00e5 bolig.<\/li><li>tilrettelegge for en fornuftig vekst, slik at vi kan \u00f8ke innbyggerantallet.<\/li><li>samarbeide med og benytte private akt\u00f8rer der de kan levere bedre l\u00f8sninger enn det offentlige.<\/li><li>arbeide for samarbeid med nabokommunene der det er hensiktsmessig, og der tjenestene blir bedre.<\/li><li>tilrettelegge for bruk av ny teknologi i prosessen med omstilling og effektivisering. <br><\/li><\/ul>\n\n\n\n<h3 class=\"wp-block-heading\">Et \u00c5s for alle <\/h3>\n\n\n\n<p>\u00c5s er utpekt som en av \u00abregionbyene\u00bb i Stor-Oslo, og har et universitetsmilj\u00f8 som vokser b\u00e5de i antall studenter og ansatte. Dette bidrar til vekst og gir nye muligheter. <br><br>H\u00f8yre vil legge til rette for variert boligbygging, ulike tomtest\u00f8rrelser og boliger for mennesker i ulike livsfaser. Fortetting i etablerte boligomr\u00e5der m\u00e5 gj\u00f8res slik at omr\u00e5dene ikke mister vesentlige kvaliteter.\u202f<br><br>Nye boligprosjekter m\u00e5 inneholde et rimelig antall bilparkeringsplasser, slik at gateparkering i boligomr\u00e5der unng\u00e5s. Parkeringsbehovet i sentrum m\u00e5 l\u00f8ses ved at parkering legges i parkeringshus. Behovet for fremkommelighet for mennesker med nedsatt funksjonsevne m\u00e5 ivaretas.\u202f<br><br>Utvikling av sentrum m\u00e5 sikre attraktive uteomr\u00e5der og m\u00f8teplasser med tilstrekkelig bebyggelse til at servicen\u00e6ringer \u00f8nsker \u00e5 etablere seg.\u202f<br>\u202f<br>H\u00f8yre vil sikre innbyggerne gode offentlige tjenester uten \u00e5 innf\u00f8re nye skatter. For \u00e5 f\u00e5 det til m\u00e5 kommunen drives s\u00e5 effektivt og rasjonelt som mulig. Kommunen m\u00e5 digitaliseres og ta i bruk digitale hjelpemidler som gir innbyggerne enklere og bedre tjenester.\u202f<br><br>\u00c5s kommune er en stor arbeidsgiver, og skal v\u00e6re en attraktiv arbeidsplass.\u202f<br><\/p>\n\n\n\n<h4 class=\"wp-block-heading\">\u00c5s H\u00f8yre vil: <\/h4>\n\n\n\n<ul class=\"wp-block-list\"><li>legge til rette for bygging av rimelige f\u00f8rstehjemsboliger.<\/li><li>opprette et kommunalt eiendomsselskap til \u00e5 forvalte kommunens eiendommer og hindre ytterligere forfall av bygningsmassen.<\/li><li>utfordre overordnede myndigheters areal- og transportplaner, slik at det blir mulig \u00e5 utvikle st\u00f8rre deler av kommunen.<\/li><li>legge til rette for ulike boformer og variert boligbebyggelse, som for eksempel rekkehus og sm\u00e5hus.<\/li><li>arbeide for god utnyttelse av arealer avsatt til boligform\u00e5l.<\/li><li>utrede mulighetene for en ringvei utenom sentrum.\u202f<\/li><li>legge til rette for h\u00f8y utnyttelse av sentrumsn\u00e6re boligtomter.\u202f<\/li><li>tenke helhetlig om etablering av m\u00f8teplasser i utbyggingsprosjekter, slik at alle aldersgrupper f\u00e5r et tilbud i sitt omr\u00e5de.<\/li><li>sikre gr\u00f8nne lunger i st\u00f8rre utbyggingsprosjekter. <br><\/li><\/ul>\n\n\n\n<h2 class=\"wp-block-heading\">Kapittel 7: Innovasjon og n\u00e6ring <\/h2>\n\n\n\n<h3 class=\"wp-block-heading\">Attraktive \u00c5s <\/h3>\n\n\n\n<p>\u00c5s skal v\u00e6re en ja-kommune, som tilrettelegger for innbyggere, vekst og n\u00e6ring, og v\u00e6re en forutsigbar kommune for innbyggerne, for internt og eksternt n\u00e6ringsliv og for offentlige institusjoner. <br><br>H\u00f8yre \u00f8nsker et variert n\u00e6ringsliv i hele kommunen. Vi skal ha langsiktige visjoner, sikre vekst og samtidig klare \u00e5 bevare milj\u00f8verdiene som ligger i et levende jord- og skogbruk i kommunen.\u202f H\u00f8yre vil fremme og tilrettelegge for nye arbeidsplasser gjennom et n\u00e6rt samarbeid mellom kommunen, NMBU og de andre forskningsmilj\u00f8ene, samt n\u00e6ringslivet i hele kommunen. <br><br>H\u00f8yre vil jobbe for en utvikling av sentrum som er attraktiv for alle aldersgrupper. Sentrum b\u00f8r ha et variert servicetilbud og et hotell som vil bygge opp under aktiviteten rundt universitetsmilj\u00f8et og n\u00e6ringslivet.\u202f\u202f<br><br>H\u00f8yre vil arbeide for at \u00c5s, i samarbeid med n\u00e6ringslivet og utdannelses- og forskningsmilj\u00f8ene p\u00e5 Campus \u00c5s, skal bli regionens innovasjonsmotor.\u202f<br><\/p>\n\n\n\n<h4 class=\"wp-block-heading\">\u00c5s H\u00f8yre vil: <\/h4>\n\n\n\n<ul class=\"wp-block-list\"><li>at kommunen skal jobbe sammen med NMBU for \u00e5 videreutvikle Campus \u00d8st.<\/li><li>etablere et n\u00e6ringsr\u00e5d best\u00e5ende av n\u00e6ringsliv og politikere, etter Kongsberg-modellen.<\/li><li>arbeide for \u00e5 finne en l\u00f8sning p\u00e5 behovet for fremtidig n\u00e6ringsareal.<\/li><li>legge til rette for n\u00e6ringsutvikling langs E6 og E18 og videreutvikle eksisterende n\u00e6ringsomr\u00e5der i kommunen.<\/li><li>at \u00c5s kommune skal bruke og pr\u00f8ve ny teknologi der det gir fordeler.<\/li><li>arbeide for \u00e5 f\u00e5 et hotell i sentrum.<\/li><li>legge til rette for flere kontorbygg og kontorarbeidsplasser i n\u00e6rheten av stasjonen.<\/li><li>at kommunen skal f\u00f8re en offensiv og aktiv n\u00e6ringspolitikk og v\u00e6re en attraktiv kommune for etablering av nye arbeidsplasser. \u202f<\/li><li>fjerne eiendomsskatt p\u00e5 n\u00e6ring, verk og bruk s\u00e5 snart det blir mulig.<\/li><\/ul>\n\n\n<div class=\"tags\">\n\t\t<div class=\"wp-block-tag-cloud\">\n\t\t\t\t\t<a href=\"https:\/\/hoyre.no\/as\/aktuelt\/tag\/2023-2027\/\" class=\"tag-cloud-link\">2023-2027<\/a>\n\t\t\t\t\t<a href=\"https:\/\/hoyre.no\/as\/aktuelt\/tag\/program\/\" class=\"tag-cloud-link\">program<\/a>\n\t\t\t<\/div>\n\t<\/div>\n<div class=\"post-footer alignfull has-background block-editor-block-list__block\" data-align=full>\n\t<div class=\"post-footer-inner\">\n\t\t<h3>Relaterte artikler<\/h3>\n\t\t<div class=\"related-content\"><div class=\"is-card-hoyre\">\n\t<div class=\"teft-card hoyre-teft-card post-teft-card\">\n\t\t<a href=\"https:\/\/hoyre.no\/as\/aktuelt\/arets-aerespris-gar-til-bengt-nost-klemmetsen\/\" class=\"teft-card__primary-action\">\n\n\t\t\t\t\t<div class=\"teft-card__media teft-card__media--16-9\">\n\t\t\t\t\t\t<img loading=\"lazy\" decoding=\"async\" width=\"768\" height=\"679\" src=\"https:\/\/hoyre.no\/content\/uploads\/sites\/154\/2024\/11\/IMG_4791-scaled-e1731420269978-768x679.jpg\" class=\"attachment-medium_large size-medium_large\" alt=\"\" srcset=\"https:\/\/hoyre.no\/content\/uploads\/sites\/154\/2024\/11\/IMG_4791-scaled-e1731420269978-768x679.jpg 768w, https:\/\/hoyre.no\/content\/uploads\/sites\/154\/2024\/11\/IMG_4791-scaled-e1731420269978-300x265.jpg 300w, https:\/\/hoyre.no\/content\/uploads\/sites\/154\/2024\/11\/IMG_4791-scaled-e1731420269978-1024x905.jpg 1024w, https:\/\/hoyre.no\/content\/uploads\/sites\/154\/2024\/11\/IMG_4791-scaled-e1731420269978-1536x1358.jpg 1536w, https:\/\/hoyre.no\/content\/uploads\/sites\/154\/2024\/11\/IMG_4791-scaled-e1731420269978.jpg 1875w\" sizes=\"auto, (max-width: 768px) 100vw, 768px\" \/>\t\t<\/div>\n\t\t\n\t\t\t<div class=\"teft-card__content-wrapper\">\n\t\t\t\t<div class=\"teft-card__secondary\">\n\t\t\t\t\t\n\t\t\t\t\t\t\t\t<div class=\"teft-card__meta\">\n\t\t\t\t\t\t\t\t\t<span class=\"post-date\">12. nov 2024<\/span>\n\n\t\t\t\t\t\t\t\t\t<span class=\"post-category\">Ukategorisert<\/span>\t\t\t\t\t\t\t\t<\/div>\n\t\t\t\t\t\t\t\t\t\t\t<\/div>\n\n\t\t\t\t<div class=\"teft-card__primary\">\n\t\t\t\t\t<h2 class=\"teft-card__title\">\u00c5rets \u00e6respris g\u00e5r til Bengt N\u00f8st-Klemmetsen&nbsp;<span class=\"teft-card__primary-title-append\"><\/span><\/h2>\t\t\t\t<\/div>\n\t\t\t<\/div>\n\t\t<\/a>\n\t<\/div>\n\n\t<\/div><div class=\"is-card-hoyre\">\n\t<div class=\"teft-card hoyre-teft-card post-teft-card\">\n\t\t<a href=\"https:\/\/hoyre.no\/as\/aktuelt\/as-hoyres-provenominasjon-til-stortingsvalget-2025\/\" class=\"teft-card__primary-action\">\n\n\t\t\t\t\t<div class=\"teft-card__media teft-card__media--16-9\">\n\t\t\t\t\t\t<img loading=\"lazy\" decoding=\"async\" width=\"768\" height=\"768\" src=\"https:\/\/hoyre.no\/content\/uploads\/sites\/154\/2022\/11\/Hoyres-logo-768x768.png\" class=\"attachment-medium_large size-medium_large\" alt=\"\" srcset=\"https:\/\/hoyre.no\/content\/uploads\/sites\/154\/2022\/11\/Hoyres-logo-768x768.png 768w, https:\/\/hoyre.no\/content\/uploads\/sites\/154\/2022\/11\/Hoyres-logo-300x300.png 300w, https:\/\/hoyre.no\/content\/uploads\/sites\/154\/2022\/11\/Hoyres-logo-150x150.png 150w, https:\/\/hoyre.no\/content\/uploads\/sites\/154\/2022\/11\/Hoyres-logo.png 1000w\" sizes=\"auto, (max-width: 768px) 100vw, 768px\" \/>\t\t<\/div>\n\t\t\n\t\t\t<div class=\"teft-card__content-wrapper\">\n\t\t\t\t<div class=\"teft-card__secondary\">\n\t\t\t\t\t\n\t\t\t\t\t\t\t\t<div class=\"teft-card__meta\">\n\t\t\t\t\t\t\t\t\t<span class=\"post-date\">22. sep 2024<\/span>\n\n\t\t\t\t\t\t\t\t\t<span class=\"post-category\">Valg og nominasjon<\/span>\t\t\t\t\t\t\t\t<\/div>\n\t\t\t\t\t\t\t\t\t\t\t<\/div>\n\n\t\t\t\t<div class=\"teft-card__primary\">\n\t\t\t\t\t<h2 class=\"teft-card__title\">\u00c5s H\u00f8yres pr\u00f8venominasjon til Stortingsvalget 2025&nbsp;<span class=\"teft-card__primary-title-append\"><\/span><\/h2>\t\t\t\t<\/div>\n\t\t\t<\/div>\n\t\t<\/a>\n\t<\/div>\n\n\t<\/div><div class=\"is-card-hoyre\">\n\t<div class=\"teft-card hoyre-teft-card post-teft-card\">\n\t\t<a href=\"https:\/\/hoyre.no\/as\/aktuelt\/as-hoyres-kandidater-2023\/\" class=\"teft-card__primary-action\">\n\n\t\t\t\t\t<div class=\"teft-card__media teft-card__media--16-9\">\n\t\t\t\t\t\t<img loading=\"lazy\" decoding=\"async\" width=\"768\" height=\"576\" src=\"https:\/\/hoyre.no\/content\/uploads\/sites\/154\/2023\/07\/IMG_3137-768x576.jpg\" class=\"attachment-medium_large size-medium_large\" alt=\"Gruppebilde av H\u00f8yres kandidater 2023\" srcset=\"https:\/\/hoyre.no\/content\/uploads\/sites\/154\/2023\/07\/IMG_3137-768x576.jpg 768w, https:\/\/hoyre.no\/content\/uploads\/sites\/154\/2023\/07\/IMG_3137-300x225.jpg 300w, https:\/\/hoyre.no\/content\/uploads\/sites\/154\/2023\/07\/IMG_3137-1024x768.jpg 1024w, https:\/\/hoyre.no\/content\/uploads\/sites\/154\/2023\/07\/IMG_3137-1536x1152.jpg 1536w, https:\/\/hoyre.no\/content\/uploads\/sites\/154\/2023\/07\/IMG_3137-2048x1536.jpg 2048w\" sizes=\"auto, (max-width: 768px) 100vw, 768px\" \/>\t\t<\/div>\n\t\t\n\t\t\t<div class=\"teft-card__content-wrapper\">\n\t\t\t\t<div class=\"teft-card__secondary\">\n\t\t\t\t\t\n\t\t\t\t\t\t\t\t<div class=\"teft-card__meta\">\n\t\t\t\t\t\t\t\t\t<span class=\"post-date\">21. aug 2023<\/span>\n\n\t\t\t\t\t\t\t\t\t<span class=\"post-category\">Ukategorisert<\/span>\t\t\t\t\t\t\t\t<\/div>\n\t\t\t\t\t\t\t\t\t\t\t<\/div>\n\n\t\t\t\t<div class=\"teft-card__primary\">\n\t\t\t\t\t<h2 class=\"teft-card__title\">\u00c5s H\u00f8yres kandidater 2023&nbsp;<span class=\"teft-card__primary-title-append\"><\/span><\/h2>\t\t\t\t<\/div>\n\t\t\t<\/div>\n\t\t<\/a>\n\t<\/div>\n\n\t<\/div><\/div>\t<\/div>\n<\/div>\n\n\n\n<p><\/p>\n","protected":false},"excerpt":{"rendered":"","protected":false},"author":30281,"featured_media":0,"comment_status":"closed","ping_status":"closed","sticky":true,"template":"","format":"standard","meta":{"teft_cards_image_url":"","teft_cards_custom_pretitle":"","teft_cards_image_id":93,"teft_cards_image_focal_point_x":0.5,"teft_cards_image_focal_point_y":0.5,"teft_cards_title":"Program 2023-2027","teft_cards_excerpt":"","teft_show_chapters":false,"author_display_name":"Behandlet og vedtatt p\u00e5 \u00c5s H\u00f8yres programm\u00f8te 24. april 2023. ","footnotes":""},"category":[12],"post_tag":[13,5],"hoyre-visibility":[],"article-type":[],"politician":[],"class_list":["post-92","post","type-post","status-publish","format-standard","hentry","category-program","tag-2023-2027","tag-program"],"yoast_head":"<!-- This site is optimized with the Yoast SEO plugin v26.6 - https:\/\/yoast.com\/wordpress\/plugins\/seo\/ -->\n<title>\u00c5s H\u00f8yres program 2023-2027 - \u00c5s H\u00f8yre<\/title>\n<meta name=\"robots\" content=\"index, follow, max-snippet:-1, max-image-preview:large, max-video-preview:-1\" \/>\n<link rel=\"canonical\" href=\"https:\/\/hoyre.no\/as\/aktuelt\/as-hoyres-program-2023-2027\/\" \/>\n<meta property=\"og:locale\" content=\"nb_NO\" \/>\n<meta property=\"og:type\" content=\"article\" \/>\n<meta property=\"og:title\" content=\"\u00c5s H\u00f8yres program 2023-2027 - \u00c5s H\u00f8yre\" \/>\n<meta property=\"og:url\" content=\"https:\/\/hoyre.no\/as\/aktuelt\/as-hoyres-program-2023-2027\/\" \/>\n<meta property=\"og:site_name\" content=\"\u00c5s H\u00f8yre\" \/>\n<meta property=\"article:published_time\" content=\"2023-06-23T14:07:29+00:00\" \/>\n<meta property=\"article:modified_time\" content=\"2023-06-23T14:07:30+00:00\" \/>\n<meta property=\"og:image\" content=\"https:\/\/hoyre.no\/content\/uploads\/sites\/154\/2023\/07\/IMG_3137-1024x768.jpg\" \/>\n<meta name=\"author\" content=\"Sverre Strand Teigen\" \/>\n<meta name=\"twitter:card\" content=\"summary_large_image\" \/>\n<meta name=\"twitter:label1\" content=\"Skrevet av\" \/>\n\t<meta name=\"twitter:data1\" content=\"Sverre Strand Teigen\" \/>\n\t<meta name=\"twitter:label2\" content=\"Ansl. lesetid\" \/>\n\t<meta name=\"twitter:data2\" content=\"22 minutter\" \/>\n<script type=\"application\/ld+json\" class=\"yoast-schema-graph\">{\"@context\":\"https:\/\/schema.org\",\"@graph\":[{\"@type\":\"NewsArticle\",\"@id\":\"https:\/\/hoyre.no\/as\/aktuelt\/as-hoyres-program-2023-2027\/\",\"url\":\"https:\/\/hoyre.no\/as\/aktuelt\/as-hoyres-program-2023-2027\/\",\"name\":\"\u00c5s H\u00f8yres program 2023-2027 - \u00c5s H\u00f8yre\",\"isPartOf\":{\"@id\":\"https:\/\/hoyre.no\/as\/#website\"},\"datePublished\":\"2023-06-23T14:07:29+00:00\",\"dateModified\":\"2023-06-23T14:07:30+00:00\",\"author\":{\"@id\":\"https:\/\/hoyre.no\/as\/#\/schema\/person\/94e80ea18e516af0e5ae99447db8bfba\"},\"breadcrumb\":{\"@id\":\"https:\/\/hoyre.no\/as\/aktuelt\/as-hoyres-program-2023-2027\/#breadcrumb\"},\"inLanguage\":\"nb-NO\",\"potentialAction\":[{\"@type\":\"ReadAction\",\"target\":[\"https:\/\/hoyre.no\/as\/aktuelt\/as-hoyres-program-2023-2027\/\"]}]},{\"@type\":\"BreadcrumbList\",\"@id\":\"https:\/\/hoyre.no\/as\/aktuelt\/as-hoyres-program-2023-2027\/#breadcrumb\",\"itemListElement\":[{\"@type\":\"ListItem\",\"position\":1,\"name\":\"Til hoyre.no\",\"item\":\"https:\/\/hoyre.no\"},{\"@type\":\"ListItem\",\"position\":2,\"name\":\"Hjem\",\"item\":\"https:\/\/hoyre.no\/as\/\"},{\"@type\":\"ListItem\",\"position\":3,\"name\":\"\u00c5s H\u00f8yres program 2023-2027\"}]},{\"@type\":\"WebSite\",\"@id\":\"https:\/\/hoyre.no\/as\/#website\",\"url\":\"https:\/\/hoyre.no\/as\/\",\"name\":\"\u00c5s H\u00f8yre\",\"description\":\"Bare enda et H\u00f8yres nettsteder-nettsted\",\"inLanguage\":\"nb-NO\"},{\"@type\":\"Person\",\"@id\":\"https:\/\/hoyre.no\/as\/#\/schema\/person\/94e80ea18e516af0e5ae99447db8bfba\",\"name\":\"Sverre Strand Teigen\",\"image\":{\"@type\":\"ImageObject\",\"inLanguage\":\"nb-NO\",\"@id\":\"https:\/\/hoyre.no\/as\/#\/schema\/person\/image\/\",\"url\":\"https:\/\/secure.gravatar.com\/avatar\/f8c4d3cfef7604a49a5e332bd3dc30b74e54189009709f9907c2aa52a15c9447?s=96&d=mm&r=g\",\"contentUrl\":\"https:\/\/secure.gravatar.com\/avatar\/f8c4d3cfef7604a49a5e332bd3dc30b74e54189009709f9907c2aa52a15c9447?s=96&d=mm&r=g\",\"caption\":\"Sverre Strand Teigen\"},\"url\":\"https:\/\/hoyre.no\/as\/aktuelt\/author\/m50420462\/\"}]}<\/script>\n<!-- \/ Yoast SEO plugin. -->","yoast_head_json":{"title":"\u00c5s H\u00f8yres program 2023-2027 - \u00c5s H\u00f8yre","robots":{"index":"index","follow":"follow","max-snippet":"max-snippet:-1","max-image-preview":"max-image-preview:large","max-video-preview":"max-video-preview:-1"},"canonical":"https:\/\/hoyre.no\/as\/aktuelt\/as-hoyres-program-2023-2027\/","og_locale":"nb_NO","og_type":"article","og_title":"\u00c5s H\u00f8yres program 2023-2027 - \u00c5s H\u00f8yre","og_url":"https:\/\/hoyre.no\/as\/aktuelt\/as-hoyres-program-2023-2027\/","og_site_name":"\u00c5s H\u00f8yre","article_published_time":"2023-06-23T14:07:29+00:00","article_modified_time":"2023-06-23T14:07:30+00:00","og_image":[{"url":"https:\/\/hoyre.no\/content\/uploads\/sites\/154\/2023\/07\/IMG_3137-1024x768.jpg","width":"","height":"","type":""}],"author":"Sverre Strand Teigen","twitter_card":"summary_large_image","twitter_misc":{"Skrevet av":"Sverre Strand Teigen","Ansl. lesetid":"22 minutter"},"schema":{"@context":"https:\/\/schema.org","@graph":[{"@type":"NewsArticle","@id":"https:\/\/hoyre.no\/as\/aktuelt\/as-hoyres-program-2023-2027\/","url":"https:\/\/hoyre.no\/as\/aktuelt\/as-hoyres-program-2023-2027\/","name":"\u00c5s H\u00f8yres program 2023-2027 - \u00c5s H\u00f8yre","isPartOf":{"@id":"https:\/\/hoyre.no\/as\/#website"},"datePublished":"2023-06-23T14:07:29+00:00","dateModified":"2023-06-23T14:07:30+00:00","author":{"@id":"https:\/\/hoyre.no\/as\/#\/schema\/person\/94e80ea18e516af0e5ae99447db8bfba"},"breadcrumb":{"@id":"https:\/\/hoyre.no\/as\/aktuelt\/as-hoyres-program-2023-2027\/#breadcrumb"},"inLanguage":"nb-NO","potentialAction":[{"@type":"ReadAction","target":["https:\/\/hoyre.no\/as\/aktuelt\/as-hoyres-program-2023-2027\/"]}]},{"@type":"BreadcrumbList","@id":"https:\/\/hoyre.no\/as\/aktuelt\/as-hoyres-program-2023-2027\/#breadcrumb","itemListElement":[{"@type":"ListItem","position":1,"name":"Til hoyre.no","item":"https:\/\/hoyre.no"},{"@type":"ListItem","position":2,"name":"Hjem","item":"https:\/\/hoyre.no\/as\/"},{"@type":"ListItem","position":3,"name":"\u00c5s H\u00f8yres program 2023-2027"}]},{"@type":"WebSite","@id":"https:\/\/hoyre.no\/as\/#website","url":"https:\/\/hoyre.no\/as\/","name":"\u00c5s H\u00f8yre","description":"Bare enda et H\u00f8yres nettsteder-nettsted","inLanguage":"nb-NO"},{"@type":"Person","@id":"https:\/\/hoyre.no\/as\/#\/schema\/person\/94e80ea18e516af0e5ae99447db8bfba","name":"Sverre Strand Teigen","image":{"@type":"ImageObject","inLanguage":"nb-NO","@id":"https:\/\/hoyre.no\/as\/#\/schema\/person\/image\/","url":"https:\/\/secure.gravatar.com\/avatar\/f8c4d3cfef7604a49a5e332bd3dc30b74e54189009709f9907c2aa52a15c9447?s=96&d=mm&r=g","contentUrl":"https:\/\/secure.gravatar.com\/avatar\/f8c4d3cfef7604a49a5e332bd3dc30b74e54189009709f9907c2aa52a15c9447?s=96&d=mm&r=g","caption":"Sverre Strand Teigen"},"url":"https:\/\/hoyre.no\/as\/aktuelt\/author\/m50420462\/"}]}},"distributor_meta":false,"distributor_terms":false,"distributor_media":false,"distributor_original_site_name":"\u00c5s H\u00f8yre","distributor_original_site_url":"https:\/\/hoyre.no\/as","push-errors":false,"_links":{"self":[{"href":"https:\/\/hoyre.no\/as\/wp-json\/wp\/v2\/posts\/92","targetHints":{"allow":["GET"]}}],"collection":[{"href":"https:\/\/hoyre.no\/as\/wp-json\/wp\/v2\/posts"}],"about":[{"href":"https:\/\/hoyre.no\/as\/wp-json\/wp\/v2\/types\/post"}],"author":[{"embeddable":true,"href":"https:\/\/hoyre.no\/as\/wp-json\/wp\/v2\/users\/30281"}],"replies":[{"embeddable":true,"href":"https:\/\/hoyre.no\/as\/wp-json\/wp\/v2\/comments?post=92"}],"version-history":[{"count":10,"href":"https:\/\/hoyre.no\/as\/wp-json\/wp\/v2\/posts\/92\/revisions"}],"predecessor-version":[{"id":104,"href":"https:\/\/hoyre.no\/as\/wp-json\/wp\/v2\/posts\/92\/revisions\/104"}],"wp:attachment":[{"href":"https:\/\/hoyre.no\/as\/wp-json\/wp\/v2\/media?parent=92"}],"wp:term":[{"taxonomy":"category","embeddable":true,"href":"https:\/\/hoyre.no\/as\/wp-json\/wp\/v2\/category?post=92"},{"taxonomy":"post_tag","embeddable":true,"href":"https:\/\/hoyre.no\/as\/wp-json\/wp\/v2\/post_tag?post=92"},{"taxonomy":"hoyre-visibility","embeddable":true,"href":"https:\/\/hoyre.no\/as\/wp-json\/wp\/v2\/hoyre-visibility?post=92"},{"taxonomy":"article-type","embeddable":true,"href":"https:\/\/hoyre.no\/as\/wp-json\/wp\/v2\/article-type?post=92"},{"taxonomy":"politician","embeddable":true,"href":"https:\/\/hoyre.no\/as\/wp-json\/wp\/v2\/politician?post=92"}],"curies":[{"name":"wp","href":"https:\/\/api.w.org\/{rel}","templated":true}]}}