{"id":890,"date":"2026-08-31T21:06:20","date_gmt":"2026-08-31T19:06:20","guid":{"rendered":"https:\/\/hoyre.no\/asker\/?p=890"},"modified":"2026-08-31T21:10:42","modified_gmt":"2026-08-31T19:10:42","slug":"nominasjonsmote-asker-hoyre","status":"publish","type":"post","link":"https:\/\/hoyre.no\/asker\/aktuelt\/nominasjonsmote-asker-hoyre\/","title":{"rendered":"Nominasjonsm\u00f8te i Asker H\u00f8yre"},"content":{"rendered":"\n<p class=\"wp-block-paragraph\"><\/p>\n\n\n\n<p class=\"preamble\"><br><br>Det innkalles til nominasjonsm\u00f8te i Asker H\u00f8yre<br><strong>Tirsdag 15. september 2026, Scandic Hotel i Asker sentrum kl 18.00<\/strong><br>Nominasjonsm\u00f8tet skal nominere \u00f8vrige kandidater, inkludert antall kumulerte til Asker H\u00f8yres valgliste ved kommunevalget 2027. Unntaket er nominering av ordf\u00f8rerkandidat som ble valgt 2.03.2026<br><strong>Velkommen v\/partileder Stig Wettre-Johnsen.<\/strong><br><strong>Innledende foredrag.<\/strong><br>Dagsorden:<br>Registrering av delegater til nominasjonsm\u00f8tet<br>Godkjenning av innkalling<br><em>M\u00f8tet er innkalt ved e-post den 31.08.2026. P\u00e5 sms til de uten registrert mail. \u00a0I tillegg annonsert p\u00e5 Asker H\u00f8yres hjemmesider.<\/em><br>Valg av m\u00f8teleder<br>Valg av tellekorps<br>Valg av tre delegater som sammen med m\u00f8teleder skal underskrive protokollen.<br>Nominasjon av \u00f8vrige kandidater, inkludert antall kumulerte til Asker H\u00f8yres valgliste ved kommunevalget 2027.<br><em>Unntaket er nominering av ordf\u00f8rerkandidat som ble valgt 2.03.2026<\/em><br>Fullmakt til hovedstyret til \u00e5 supplere listen ved eventuelle frafall.<br>\u00a0<br>M\u00f8tet er et \u00e5pent m\u00f8te for alle medlemmer i Asker H\u00f8yre.<br>P\u00e5melding til \u00a0<a href=\"https:\/\/event.checkin.no\/229461\/nominasjonsmoete-asker-hoeyre\">https:\/\/event.checkin.no\/229461\/nominasjonsmoete-asker-hoeyre<\/a><br>\u00a0<br>For<br>ASKER H\u00d8YRE<br><br><br>Stig Wettre-Johnsen<br>leder<br>\u00a0<br>Vedlegg: Nominasjon komiteens innstilling \u00a0<br>\u00a0<\/p>\t\t\t<div class=\"post-meta wp-block teft-byline-wrapper\">\n\t\t\t\t<div class=\"top\">\n\t\t\t\t\t<div class=\"signature\">\n\t\t\t\t\t\t<div class=\"teft-byline\">\n\t\t\t\t\t\t\t<div class=\"teft-card__media circle-crop\"><img decoding=\"async\" loading=\"lazy\" width=\"500\" height=\"500\" src=\"https:\/\/res.cloudinary.com\/hoyre\/image\/upload\/c_thumb,g_face:center,h_500,w_500,d_defaultprofileimg3.jpg,fl_lossy,f_auto\/w_500\/v20230420\/11776861.jpg\" style=\"background-position:50% 50%;\" alt=\"Kay Arne S\u00f8rensen\" \/><\/div>\t\t\t\t\t\t\t<div>\n\t\t\t\t\t\t\t\t<h3><a href=\"https:\/\/hoyre.no\/personprofiler\/kay-arne-sorensen\/\">Kay Arne S\u00f8rensen<\/a><\/h3>\t\t\t\t\t\t\t\t\t\t\t\t\t\t\t\t\t<span class=\"position\">Representant<\/span>\n\t\t\t\t\t\t\t\t\n\t\t\t\t\t\t\t\t\t\t\t\t\t\t\t\t\t<span class=\"date\">Sist oppdatert: 31. august 2026<\/span>\n\t\t\t\t\t\t\t\t\t\t\t\t\t\t\t\t\t\t\t\t\t\t\t\t\t<span class=\"reading-time\" itemprop=\"timeRequired\" content=\"PT1M\"><em>Ca. 1 minutter lesetid<\/em><\/span>\n\t\t\t\t\t\t\t\t\t\t\t\t\t\t\t<\/div>\n\t\t\t\t\t\t<\/div>\n\t\t\t\t\t<\/div>\n\t\t\t\t\t\t<div class=\"sharing\">\n\t\t<a class=\"share-button share-link copy-link\" data-copy=\"https:\/\/hoyre.no\/asker\/aktuelt\/nominasjonsmote-asker-hoyre\/\" target=\"_blank\"><span class=\"screen-reader-text\">Del link<\/span><\/a>\n\t\t<a class=\"share-button share-twitter\" href=\"http:\/\/twitter.com\/share?text=Nominasjonsm\u00f8te i Asker H\u00f8yre&#038;url=https:\/\/hoyre.no\/asker\/aktuelt\/nominasjonsmote-asker-hoyre\/&#038;hashtags=Hoyre\" target=\"_blank\"><span class=\"screen-reader-text\">Del p\u00e5 twitter<\/span><\/a>\n\t\t<a class=\"share-button share-facebook\" href=\"https:\/\/www.facebook.com\/sharer\/sharer.php?u=https:\/\/hoyre.no\/asker\/aktuelt\/nominasjonsmote-asker-hoyre\/\" target=\"_blank\"><span class=\"screen-reader-text\">Del p\u00e5 facebook<\/span><\/a>\n\t<\/div>\n\t\t\t\t\t<\/div>\n\t\t\t<\/div>\n\n\t\t\t\n\n\n\n<figure class=\"wp-block-image size-large\"><img loading=\"lazy\" decoding=\"async\" width=\"551\" height=\"1024\" src=\"https:\/\/hoyre.no\/content\/uploads\/sites\/204\/2026\/08\/image-551x1024.png\" alt=\"\" class=\"wp-image-891\" srcset=\"https:\/\/hoyre.no\/content\/uploads\/sites\/204\/2026\/08\/image-551x1024.png 551w, https:\/\/hoyre.no\/content\/uploads\/sites\/204\/2026\/08\/image-161x300.png 161w, https:\/\/hoyre.no\/content\/uploads\/sites\/204\/2026\/08\/image.png 753w\" sizes=\"auto, (max-width: 551px) 100vw, 551px\" \/><\/figure>\n\n\n\n\n<p class=\"wp-block-paragraph\"><\/p>\n\n\n<div class=\"tags\">\n\t<\/div>\n<div class=\"post-footer alignfull has-background block-editor-block-list__block\" data-align=full>\n\t<div class=\"post-footer-inner\">\n\t\t<h3>Relaterte artikler<\/h3>\n\t\t<div class=\"related-content\"><div class=\"is-card-hoyre\">\n\t<div class=\"teft-card hoyre-teft-card post-teft-card\">\n\t\t<a href=\"https:\/\/hoyre.no\/asker\/aktuelt\/asker-hoyres-program-for-perioden-2023-2027-er-na-vedtatt\/\" class=\"teft-card__primary-action\">\n\n\t\t\t\t\t<div class=\"teft-card__media teft-card__media--16-9\">\n\t\t\t\t\t\t<img loading=\"lazy\" decoding=\"async\" width=\"768\" height=\"432\" src=\"https:\/\/hoyre.no\/content\/uploads\/sites\/204\/2023\/04\/Program-768x432.jpg\" class=\"attachment-medium_large size-medium_large\" alt=\"\" srcset=\"https:\/\/hoyre.no\/content\/uploads\/sites\/204\/2023\/04\/Program-768x432.jpg 768w, https:\/\/hoyre.no\/content\/uploads\/sites\/204\/2023\/04\/Program-300x169.jpg 300w, https:\/\/hoyre.no\/content\/uploads\/sites\/204\/2023\/04\/Program-1024x576.jpg 1024w, https:\/\/hoyre.no\/content\/uploads\/sites\/204\/2023\/04\/Program.jpg 1280w\" sizes=\"auto, (max-width: 768px) 100vw, 768px\" \/>\t\t<\/div>\n\t\t\n\t\t\t<div class=\"teft-card__content-wrapper\">\n\t\t\t\t<div class=\"teft-card__secondary\">\n\t\t\t\t\t\n\t\t\t\t\t\t\t\t<div class=\"teft-card__meta\">\n\t\t\t\t\t\t\t\t\t<span class=\"post-date\">5. apr 2023<\/span>\n\n\t\t\t\t\t\t\t\t\t<span class=\"post-category\">Nyheter<\/span>\t\t\t\t\t\t\t\t<\/div>\n\t\t\t\t\t\t\t\t\t\t\t<\/div>\n\n\t\t\t\t<div class=\"teft-card__primary\">\n\t\t\t\t\t<h2 class=\"teft-card__title\">Asker H\u00f8yres program for perioden 2023-2027. Asker hele livet.                  10 grunner til \u00e5 stemme H\u00f8yre i Asker.&nbsp;<span class=\"teft-card__primary-title-append\"><\/span><\/h2>\t\t\t\t<\/div>\n\t\t\t<\/div>\n\t\t<\/a>\n\t<\/div>\n\n\t<\/div><div class=\"is-card-hoyre\">\n\t<div class=\"teft-card hoyre-teft-card post-teft-card\">\n\t\t<a href=\"https:\/\/hoyre.no\/asker\/aktuelt\/resultat-av-uravstemming\/\" class=\"teft-card__primary-action\">\n\n\t\t\t<div class=\"teft-card__media teft-card__media--16-9 no-image\"><\/div>\n\t\t\t<div class=\"teft-card__content-wrapper\">\n\t\t\t\t<div class=\"teft-card__secondary\">\n\t\t\t\t\t\n\t\t\t\t\t\t\t\t<div class=\"teft-card__meta\">\n\t\t\t\t\t\t\t\t\t<span class=\"post-date\">19. jun 2026<\/span>\n\n\t\t\t\t\t\t\t\t\t<span class=\"post-category\">Nyheter<\/span>\t\t\t\t\t\t\t\t<\/div>\n\t\t\t\t\t\t\t\t\t\t\t<\/div>\n\n\t\t\t\t<div class=\"teft-card__primary\">\n\t\t\t\t\t<h2 class=\"teft-card__title\">Resultat av uravstemming&nbsp;<span class=\"teft-card__primary-title-append\"><\/span><\/h2>\t\t\t\t<\/div>\n\t\t\t<\/div>\n\t\t<\/a>\n\t<\/div>\n\n\t<\/div><div class=\"is-card-hoyre\">\n\t<div class=\"teft-card hoyre-teft-card post-teft-card\">\n\t\t<a href=\"https:\/\/hoyre.no\/asker\/aktuelt\/er-vi-forberedt-nar-krisen-rammer\/\" class=\"teft-card__primary-action\">\n\n\t\t\t\t\t<div class=\"teft-card__media teft-card__media--16-9\">\n\t\t\t\t\t\t<img loading=\"lazy\" decoding=\"async\" width=\"512\" height=\"640\" src=\"https:\/\/hoyre.no\/content\/uploads\/sites\/204\/2026\/05\/Beredsskapsmote-27.05.2026.jpg\" class=\"attachment-medium_large size-medium_large\" alt=\"\" srcset=\"https:\/\/hoyre.no\/content\/uploads\/sites\/204\/2026\/05\/Beredsskapsmote-27.05.2026.jpg 512w, https:\/\/hoyre.no\/content\/uploads\/sites\/204\/2026\/05\/Beredsskapsmote-27.05.2026-240x300.jpg 240w\" sizes=\"auto, (max-width: 512px) 100vw, 512px\" \/>\t\t<\/div>\n\t\t\n\t\t\t<div class=\"teft-card__content-wrapper\">\n\t\t\t\t<div class=\"teft-card__secondary\">\n\t\t\t\t\t\n\t\t\t\t\t\t\t\t<div class=\"teft-card__meta\">\n\t\t\t\t\t\t\t\t\t<span class=\"post-date\">19. mai 2026<\/span>\n\n\t\t\t\t\t\t\t\t\t<span class=\"post-category\">Nyheter<\/span>\t\t\t\t\t\t\t\t<\/div>\n\t\t\t\t\t\t\t\t\t\t\t<\/div>\n\n\t\t\t\t<div class=\"teft-card__primary\">\n\t\t\t\t\t<h2 class=\"teft-card__title\">Er vi forberedt n\u00e5r krisen rammer?&nbsp;<span class=\"teft-card__primary-title-append\"><\/span><\/h2>\t\t\t\t<\/div>\n\t\t\t<\/div>\n\t\t<\/a>\n\t<\/div>\n\n\t<\/div><\/div>\t<\/div>\n<\/div>\n","protected":false},"excerpt":{"rendered":"","protected":false},"author":468,"featured_media":0,"comment_status":"closed","ping_status":"closed","sticky":false,"template":"","format":"standard","meta":{"teft_cards_image_url":"","teft_cards_custom_pretitle":"","teft_cards_image_id":892,"teft_cards_image_focal_point_x":0.5,"teft_cards_image_focal_point_y":0.5,"teft_cards_title":"","teft_cards_excerpt":"","teft_show_chapters":false,"author_display_name":"","footnotes":""},"category":[1],"post_tag":[],"hoyre-visibility":[],"article-type":[],"politician":[],"class_list":["post-890","post","type-post","status-publish","format-standard","hentry","category-nyheter"],"yoast_head":"<!-- This site is optimized with the Yoast SEO plugin v28.2 - https:\/\/yoast.com\/product\/yoast-seo-wordpress\/ -->\n<title>Nominasjonsm\u00f8te i Asker H\u00f8yre - Asker H\u00f8yre<\/title>\n<meta name=\"robots\" content=\"index, follow, max-snippet:-1, max-image-preview:large, max-video-preview:-1\" \/>\n<link rel=\"canonical\" href=\"https:\/\/hoyre.no\/asker\/aktuelt\/nominasjonsmote-asker-hoyre\/\" \/>\n<meta property=\"og:locale\" content=\"nb_NO\" \/>\n<meta property=\"og:type\" content=\"article\" \/>\n<meta property=\"og:title\" content=\"Nominasjonsm\u00f8te i Asker H\u00f8yre - Asker H\u00f8yre\" \/>\n<meta property=\"og:url\" content=\"https:\/\/hoyre.no\/asker\/aktuelt\/nominasjonsmote-asker-hoyre\/\" \/>\n<meta property=\"og:site_name\" content=\"Asker H\u00f8yre\" \/>\n<meta property=\"article:published_time\" content=\"2026-08-31T19:06:20+00:00\" \/>\n<meta property=\"article:modified_time\" content=\"2026-08-31T19:10:42+00:00\" \/>\n<meta property=\"og:image\" content=\"https:\/\/hoyre.no\/content\/uploads\/sites\/204\/2026\/02\/Lene-1024x842.jpg\" \/>\n<meta name=\"author\" content=\"Kay Arne S\u00f8rensen\" \/>\n<meta name=\"twitter:card\" content=\"summary_large_image\" \/>\n<meta name=\"twitter:label1\" content=\"Skrevet av\" \/>\n\t<meta name=\"twitter:data1\" content=\"Kay Arne S\u00f8rensen\" \/>\n\t<meta name=\"twitter:label2\" content=\"Ansl. lesetid\" \/>\n\t<meta name=\"twitter:data2\" content=\"2 minutter\" \/>\n<script type=\"application\/ld+json\" class=\"yoast-schema-graph\">{\"@context\":\"https:\\\/\\\/schema.org\",\"@graph\":[{\"@type\":\"Article\",\"@id\":\"https:\\\/\\\/hoyre.no\\\/asker\\\/aktuelt\\\/nominasjonsmote-asker-hoyre\\\/#article\",\"isPartOf\":{\"@id\":\"https:\\\/\\\/hoyre.no\\\/asker\\\/aktuelt\\\/nominasjonsmote-asker-hoyre\\\/\"},\"author\":{\"name\":\"Kay Arne S\u00f8rensen\",\"@id\":\"https:\\\/\\\/hoyre.no\\\/asker\\\/#\\\/schema\\\/person\\\/d7617c493d47dd94904dd0b95120e478\"},\"headline\":\"Nominasjonsm\u00f8te i Asker H\u00f8yre\",\"datePublished\":\"2026-08-31T19:06:20+00:00\",\"dateModified\":\"2026-08-31T19:10:42+00:00\",\"mainEntityOfPage\":{\"@id\":\"https:\\\/\\\/hoyre.no\\\/asker\\\/aktuelt\\\/nominasjonsmote-asker-hoyre\\\/\"},\"wordCount\":166,\"image\":{\"@id\":\"https:\\\/\\\/hoyre.no\\\/asker\\\/aktuelt\\\/nominasjonsmote-asker-hoyre\\\/#primaryimage\"},\"thumbnailUrl\":\"https:\\\/\\\/hoyre.no\\\/content\\\/uploads\\\/sites\\\/204\\\/2026\\\/08\\\/image-551x1024.png\",\"articleSection\":[\"Nyheter\"],\"inLanguage\":\"nb-NO\"},{\"@type\":\"NewsArticle\",\"@id\":\"https:\\\/\\\/hoyre.no\\\/asker\\\/aktuelt\\\/nominasjonsmote-asker-hoyre\\\/\",\"url\":\"https:\\\/\\\/hoyre.no\\\/asker\\\/aktuelt\\\/nominasjonsmote-asker-hoyre\\\/\",\"name\":\"Nominasjonsm\u00f8te i Asker H\u00f8yre - Asker H\u00f8yre\",\"isPartOf\":{\"@id\":\"https:\\\/\\\/hoyre.no\\\/asker\\\/#website\"},\"image\":{\"@id\":\"https:\\\/\\\/hoyre.no\\\/asker\\\/aktuelt\\\/nominasjonsmote-asker-hoyre\\\/#primaryimage\"},\"thumbnailUrl\":\"https:\\\/\\\/hoyre.no\\\/content\\\/uploads\\\/sites\\\/204\\\/2026\\\/08\\\/image-551x1024.png\",\"datePublished\":\"2026-08-31T19:06:20+00:00\",\"dateModified\":\"2026-08-31T19:10:42+00:00\",\"author\":{\"@id\":\"https:\\\/\\\/hoyre.no\\\/asker\\\/#\\\/schema\\\/person\\\/d7617c493d47dd94904dd0b95120e478\"},\"breadcrumb\":{\"@id\":\"https:\\\/\\\/hoyre.no\\\/asker\\\/aktuelt\\\/nominasjonsmote-asker-hoyre\\\/#breadcrumb\"},\"inLanguage\":\"nb-NO\",\"potentialAction\":[{\"@type\":\"ReadAction\",\"target\":[\"https:\\\/\\\/hoyre.no\\\/asker\\\/aktuelt\\\/nominasjonsmote-asker-hoyre\\\/\"]}]},{\"@type\":\"ImageObject\",\"inLanguage\":\"nb-NO\",\"@id\":\"https:\\\/\\\/hoyre.no\\\/asker\\\/aktuelt\\\/nominasjonsmote-asker-hoyre\\\/#primaryimage\",\"url\":\"https:\\\/\\\/hoyre.no\\\/content\\\/uploads\\\/sites\\\/204\\\/2026\\\/08\\\/image-551x1024.png\",\"contentUrl\":\"https:\\\/\\\/hoyre.no\\\/content\\\/uploads\\\/sites\\\/204\\\/2026\\\/08\\\/image-551x1024.png\"},{\"@type\":\"BreadcrumbList\",\"@id\":\"https:\\\/\\\/hoyre.no\\\/asker\\\/aktuelt\\\/nominasjonsmote-asker-hoyre\\\/#breadcrumb\",\"itemListElement\":[{\"@type\":\"ListItem\",\"position\":1,\"name\":\"Til hoyre.no\",\"item\":\"https:\\\/\\\/hoyre.no\"},{\"@type\":\"ListItem\",\"position\":2,\"name\":\"Hjem\",\"item\":\"https:\\\/\\\/hoyre.no\\\/asker\\\/\"},{\"@type\":\"ListItem\",\"position\":3,\"name\":\"Nominasjonsm\u00f8te i Asker H\u00f8yre\"}]},{\"@type\":\"WebSite\",\"@id\":\"https:\\\/\\\/hoyre.no\\\/asker\\\/#website\",\"url\":\"https:\\\/\\\/hoyre.no\\\/asker\\\/\",\"name\":\"Asker H\u00f8yre\",\"description\":\"Bare enda et H\u00f8yres nettsteder-nettsted\",\"inLanguage\":\"nb-NO\"},{\"@type\":\"Person\",\"@id\":\"https:\\\/\\\/hoyre.no\\\/asker\\\/#\\\/schema\\\/person\\\/d7617c493d47dd94904dd0b95120e478\",\"name\":\"Kay Arne S\u00f8rensen\",\"image\":{\"@type\":\"ImageObject\",\"inLanguage\":\"nb-NO\",\"@id\":\"https:\\\/\\\/secure.gravatar.com\\\/avatar\\\/a4f30a6cb7666d105e97ffa94e522fa33e4a44fc15b9ee9f543cc49974b96088?s=96&d=mm&r=g\",\"url\":\"https:\\\/\\\/secure.gravatar.com\\\/avatar\\\/a4f30a6cb7666d105e97ffa94e522fa33e4a44fc15b9ee9f543cc49974b96088?s=96&d=mm&r=g\",\"contentUrl\":\"https:\\\/\\\/secure.gravatar.com\\\/avatar\\\/a4f30a6cb7666d105e97ffa94e522fa33e4a44fc15b9ee9f543cc49974b96088?s=96&d=mm&r=g\",\"caption\":\"Kay Arne S\u00f8rensen\"},\"url\":\"https:\\\/\\\/hoyre.no\\\/asker\\\/aktuelt\\\/author\\\/m11776861\\\/\"}]}<\/script>\n<!-- \/ Yoast SEO plugin. -->","yoast_head_json":{"title":"Nominasjonsm\u00f8te i Asker H\u00f8yre - Asker H\u00f8yre","robots":{"index":"index","follow":"follow","max-snippet":"max-snippet:-1","max-image-preview":"max-image-preview:large","max-video-preview":"max-video-preview:-1"},"canonical":"https:\/\/hoyre.no\/asker\/aktuelt\/nominasjonsmote-asker-hoyre\/","og_locale":"nb_NO","og_type":"article","og_title":"Nominasjonsm\u00f8te i Asker H\u00f8yre - Asker H\u00f8yre","og_url":"https:\/\/hoyre.no\/asker\/aktuelt\/nominasjonsmote-asker-hoyre\/","og_site_name":"Asker H\u00f8yre","article_published_time":"2026-08-31T19:06:20+00:00","article_modified_time":"2026-08-31T19:10:42+00:00","og_image":[{"url":"https:\/\/hoyre.no\/content\/uploads\/sites\/204\/2026\/02\/Lene-1024x842.jpg","width":"","height":"","type":""}],"author":"Kay Arne S\u00f8rensen","twitter_card":"summary_large_image","twitter_misc":{"Skrevet av":"Kay Arne S\u00f8rensen","Ansl. lesetid":"2 minutter"},"schema":{"@context":"https:\/\/schema.org","@graph":[{"@type":"Article","@id":"https:\/\/hoyre.no\/asker\/aktuelt\/nominasjonsmote-asker-hoyre\/#article","isPartOf":{"@id":"https:\/\/hoyre.no\/asker\/aktuelt\/nominasjonsmote-asker-hoyre\/"},"author":{"name":"Kay Arne S\u00f8rensen","@id":"https:\/\/hoyre.no\/asker\/#\/schema\/person\/d7617c493d47dd94904dd0b95120e478"},"headline":"Nominasjonsm\u00f8te i Asker H\u00f8yre","datePublished":"2026-08-31T19:06:20+00:00","dateModified":"2026-08-31T19:10:42+00:00","mainEntityOfPage":{"@id":"https:\/\/hoyre.no\/asker\/aktuelt\/nominasjonsmote-asker-hoyre\/"},"wordCount":166,"image":{"@id":"https:\/\/hoyre.no\/asker\/aktuelt\/nominasjonsmote-asker-hoyre\/#primaryimage"},"thumbnailUrl":"https:\/\/hoyre.no\/content\/uploads\/sites\/204\/2026\/08\/image-551x1024.png","articleSection":["Nyheter"],"inLanguage":"nb-NO"},{"@type":"NewsArticle","@id":"https:\/\/hoyre.no\/asker\/aktuelt\/nominasjonsmote-asker-hoyre\/","url":"https:\/\/hoyre.no\/asker\/aktuelt\/nominasjonsmote-asker-hoyre\/","name":"Nominasjonsm\u00f8te i Asker H\u00f8yre - Asker H\u00f8yre","isPartOf":{"@id":"https:\/\/hoyre.no\/asker\/#website"},"image":{"@id":"https:\/\/hoyre.no\/asker\/aktuelt\/nominasjonsmote-asker-hoyre\/#primaryimage"},"thumbnailUrl":"https:\/\/hoyre.no\/content\/uploads\/sites\/204\/2026\/08\/image-551x1024.png","datePublished":"2026-08-31T19:06:20+00:00","dateModified":"2026-08-31T19:10:42+00:00","author":{"@id":"https:\/\/hoyre.no\/asker\/#\/schema\/person\/d7617c493d47dd94904dd0b95120e478"},"breadcrumb":{"@id":"https:\/\/hoyre.no\/asker\/aktuelt\/nominasjonsmote-asker-hoyre\/#breadcrumb"},"inLanguage":"nb-NO","potentialAction":[{"@type":"ReadAction","target":["https:\/\/hoyre.no\/asker\/aktuelt\/nominasjonsmote-asker-hoyre\/"]}]},{"@type":"ImageObject","inLanguage":"nb-NO","@id":"https:\/\/hoyre.no\/asker\/aktuelt\/nominasjonsmote-asker-hoyre\/#primaryimage","url":"https:\/\/hoyre.no\/content\/uploads\/sites\/204\/2026\/08\/image-551x1024.png","contentUrl":"https:\/\/hoyre.no\/content\/uploads\/sites\/204\/2026\/08\/image-551x1024.png"},{"@type":"BreadcrumbList","@id":"https:\/\/hoyre.no\/asker\/aktuelt\/nominasjonsmote-asker-hoyre\/#breadcrumb","itemListElement":[{"@type":"ListItem","position":1,"name":"Til hoyre.no","item":"https:\/\/hoyre.no"},{"@type":"ListItem","position":2,"name":"Hjem","item":"https:\/\/hoyre.no\/asker\/"},{"@type":"ListItem","position":3,"name":"Nominasjonsm\u00f8te i Asker H\u00f8yre"}]},{"@type":"WebSite","@id":"https:\/\/hoyre.no\/asker\/#website","url":"https:\/\/hoyre.no\/asker\/","name":"Asker H\u00f8yre","description":"Bare enda et H\u00f8yres nettsteder-nettsted","inLanguage":"nb-NO"},{"@type":"Person","@id":"https:\/\/hoyre.no\/asker\/#\/schema\/person\/d7617c493d47dd94904dd0b95120e478","name":"Kay Arne S\u00f8rensen","image":{"@type":"ImageObject","inLanguage":"nb-NO","@id":"https:\/\/secure.gravatar.com\/avatar\/a4f30a6cb7666d105e97ffa94e522fa33e4a44fc15b9ee9f543cc49974b96088?s=96&d=mm&r=g","url":"https:\/\/secure.gravatar.com\/avatar\/a4f30a6cb7666d105e97ffa94e522fa33e4a44fc15b9ee9f543cc49974b96088?s=96&d=mm&r=g","contentUrl":"https:\/\/secure.gravatar.com\/avatar\/a4f30a6cb7666d105e97ffa94e522fa33e4a44fc15b9ee9f543cc49974b96088?s=96&d=mm&r=g","caption":"Kay Arne S\u00f8rensen"},"url":"https:\/\/hoyre.no\/asker\/aktuelt\/author\/m11776861\/"}]}},"distributor_meta":false,"distributor_terms":false,"distributor_media":false,"distributor_original_site_name":"Asker H\u00f8yre","distributor_original_site_url":"https:\/\/hoyre.no\/asker","push-errors":false,"_links":{"self":[{"href":"https:\/\/hoyre.no\/asker\/wp-json\/wp\/v2\/posts\/890","targetHints":{"allow":["GET"]}}],"collection":[{"href":"https:\/\/hoyre.no\/asker\/wp-json\/wp\/v2\/posts"}],"about":[{"href":"https:\/\/hoyre.no\/asker\/wp-json\/wp\/v2\/types\/post"}],"author":[{"embeddable":true,"href":"https:\/\/hoyre.no\/asker\/wp-json\/wp\/v2\/users\/468"}],"replies":[{"embeddable":true,"href":"https:\/\/hoyre.no\/asker\/wp-json\/wp\/v2\/comments?post=890"}],"version-history":[{"count":4,"href":"https:\/\/hoyre.no\/asker\/wp-json\/wp\/v2\/posts\/890\/revisions"}],"predecessor-version":[{"id":897,"href":"https:\/\/hoyre.no\/asker\/wp-json\/wp\/v2\/posts\/890\/revisions\/897"}],"wp:attachment":[{"href":"https:\/\/hoyre.no\/asker\/wp-json\/wp\/v2\/media?parent=890"}],"wp:term":[{"taxonomy":"category","embeddable":true,"href":"https:\/\/hoyre.no\/asker\/wp-json\/wp\/v2\/category?post=890"},{"taxonomy":"post_tag","embeddable":true,"href":"https:\/\/hoyre.no\/asker\/wp-json\/wp\/v2\/post_tag?post=890"},{"taxonomy":"hoyre-visibility","embeddable":true,"href":"https:\/\/hoyre.no\/asker\/wp-json\/wp\/v2\/hoyre-visibility?post=890"},{"taxonomy":"article-type","embeddable":true,"href":"https:\/\/hoyre.no\/asker\/wp-json\/wp\/v2\/article-type?post=890"},{"taxonomy":"politician","embeddable":true,"href":"https:\/\/hoyre.no\/asker\/wp-json\/wp\/v2\/politician?post=890"}],"curies":[{"name":"wp","href":"https:\/\/api.w.org\/{rel}","templated":true}]}}