{"id":107,"date":"2023-06-14T08:34:21","date_gmt":"2023-06-14T06:34:21","guid":{"rendered":"https:\/\/hoyre.no\/askoy\/?p=107"},"modified":"2023-06-14T08:34:21","modified_gmt":"2023-06-14T06:34:21","slug":"bli-bedre-kjent-med-malin-woll-skotnes","status":"publish","type":"post","link":"https:\/\/hoyre.no\/askoy\/aktuelt\/bli-bedre-kjent-med-malin-woll-skotnes\/","title":{"rendered":"Bli bedre kjent med Malin Woll Skotnes!"},"content":{"rendered":"\n<p class=\"preamble\">Malin Woll Skotnes er 2.kandidat p\u00e5 Ask\u00f8y H\u00f8yre sin liste til kommunevalget. <\/p>\t\t\t<div class=\"post-meta wp-block teft-byline-wrapper\">\n\t\t\t\t<div class=\"top\">\n\t\t\t\t\t<div class=\"signature\">\n\t\t\t\t\t\t<div class=\"teft-byline\">\n\t\t\t\t\t\t\t\t\t\t\t\t\t\t<div>\n\t\t\t\t\t\t\t\t<h3>H\u00f8yres redaksjon<\/h3>\t\t\t\t\t\t\t\t\n\t\t\t\t\t\t\t\t\t\t\t\t\t\t\t\t\t<span class=\"date\">Sist oppdatert: 14. juni 2023<\/span>\n\t\t\t\t\t\t\t\t\t\t\t\t\t\t\t\t\t\t\t\t\t\t\t\t\t<span class=\"reading-time\" itemprop=\"timeRequired\" content=\"PT1M\"><em>Ca. 1 minutter lesetid<\/em><\/span>\n\t\t\t\t\t\t\t\t\t\t\t\t\t\t\t<\/div>\n\t\t\t\t\t\t<\/div>\n\t\t\t\t\t<\/div>\n\t\t\t\t\t\t<div class=\"sharing\">\n\t\t<a class=\"share-button share-link copy-link\" data-copy=\"https:\/\/hoyre.no\/askoy\/aktuelt\/bli-bedre-kjent-med-malin-woll-skotnes\/\" target=\"_blank\"><span class=\"screen-reader-text\">Del link<\/span><\/a>\n\t\t<a class=\"share-button share-twitter\" href=\"http:\/\/twitter.com\/share?text=Bli bedre kjent med Malin Woll Skotnes!&#038;url=https:\/\/hoyre.no\/askoy\/aktuelt\/bli-bedre-kjent-med-malin-woll-skotnes\/&#038;hashtags=Hoyre\" target=\"_blank\"><span class=\"screen-reader-text\">Del p\u00e5 twitter<\/span><\/a>\n\t\t<a class=\"share-button share-facebook\" href=\"https:\/\/www.facebook.com\/sharer\/sharer.php?u=https:\/\/hoyre.no\/askoy\/aktuelt\/bli-bedre-kjent-med-malin-woll-skotnes\/\" target=\"_blank\"><span class=\"screen-reader-text\">Del p\u00e5 facebook<\/span><\/a>\n\t<\/div>\n\t\t\t\t\t<\/div>\n\t\t\t<\/div>\n\n\t\t\t<figure class=\"hoyre-image-wrapper\"><div class=\"hoyre-image\"><img loading=\"lazy\" decoding=\"async\" width=\"2171\" height=\"2500\" src=\"https:\/\/hoyre.no\/content\/uploads\/sites\/348\/2023\/06\/Malin1-scaled.jpg\" class=\"attachment-scaled size-scaled\" alt=\"\" style=\"object-position: 50% 50%\" srcset=\"https:\/\/hoyre.no\/content\/uploads\/sites\/348\/2023\/06\/Malin1-scaled.jpg 2171w, https:\/\/hoyre.no\/content\/uploads\/sites\/348\/2023\/06\/Malin1-261x300.jpg 261w, https:\/\/hoyre.no\/content\/uploads\/sites\/348\/2023\/06\/Malin1-889x1024.jpg 889w, https:\/\/hoyre.no\/content\/uploads\/sites\/348\/2023\/06\/Malin1-768x884.jpg 768w, https:\/\/hoyre.no\/content\/uploads\/sites\/348\/2023\/06\/Malin1-1334x1536.jpg 1334w, https:\/\/hoyre.no\/content\/uploads\/sites\/348\/2023\/06\/Malin1-1778x2048.jpg 1778w\" sizes=\"auto, (max-width: 2171px) 100vw, 2171px\" \/><\/div><\/figure>\n\n\n\n\n<div class=\"wp-block-hoyre-banner undefined\"><div class=\"banner-inner\"><div class=\"banner-content\"><div class=\"entry-content\">\n<h2 class=\"wp-block-heading\">Bli bedre kjent med Malin! <\/h2>\n\n\n\n<p class=\"has-text-align-left is-style-large\"><strong>Alder:<\/strong> 30 <\/p>\n\n\n\n<p class=\"has-text-align-left is-style-large\"><strong>Bosted:<\/strong> Erdal<\/p>\n\n\n\n<p class=\"has-text-align-left is-style-large\"><strong>Sivil status:<\/strong> Singel<\/p>\n\n\n\n<p class=\"has-text-align-left\"><strong>Jobb:<\/strong> Markedsdirekt\u00f8r i NORDR<\/p>\n\n\n\n<p class=\"has-text-align-left\"><strong>Politisk erfaring:<\/strong> <em>Ble styremedlem i 2017 og deretter styreleder fra 2018-2020. Valgt inn som medlem av kommunestyret og utvalg for teknikk og milj\u00f8 ved valget i 2019.<\/em> <\/p>\n\n\n\n<p class=\"has-text-align-left\"><strong>Hvorfor meldte du deg inn i H\u00f8yre?<\/strong> <em> Jeg valgte H\u00f8yre da det er et parti som tror p\u00e5 like muligheter for alle, p\u00e5 utvikling, tilrettelegging og forutsigbarhet for n\u00e6ringsliv og innbyggere.<\/em><\/p>\n\n\n\n<p class=\"has-text-align-left\"><strong>Fritidsinteresser?<\/strong> <em><em>Jeg elsker \u00e5 reise rundt i verden og oppleve nye steder og kulturer. N\u00e5r jeg er hjemme stortrives jeg p\u00e5 kj\u00f8kkenet og i sosiale lag sammen med venner og familie. Ellers g\u00e5r jo og mye av fritiden til \u00e5 drive med politikk for oss kommunepolitikere<\/em><\/em><\/p>\n\n\n\n<p><\/p>\n\n\n\n<p><\/p>\n\n\n\n<p><\/p>\n\n\n\n<p><\/p>\n\n\n\n<div class=\"wp-block-buttons is-layout-flex wp-block-buttons-is-layout-flex\"><\/div>\n<\/div><\/div><\/div><\/div>\n\n\n\n<blockquote class=\"wp-block-quote is-layout-flow wp-block-quote-is-layout-flow\"><p><em>Jeg er f\u00f8dt og oppvokst p\u00e5 Ask\u00f8y og \u00f8nsker \u00e5 gj\u00f8re en innsats for kommunen min. Ask\u00f8y er en fantastisk plass \u00e5 bo, samtidig som vi har enormt potensiale for videre utvikling.<\/em><\/p><cite>Malin Woll Skotnes<\/cite><\/blockquote>\n\n\n\n<figure class=\"wp-block-image size-large\"><img loading=\"lazy\" decoding=\"async\" width=\"1024\" height=\"1024\" src=\"https:\/\/hoyre.no\/content\/uploads\/sites\/348\/2023\/06\/Malin2-1024x1024.jpg\" alt=\"\" class=\"wp-image-110\" srcset=\"https:\/\/hoyre.no\/content\/uploads\/sites\/348\/2023\/06\/Malin2-1024x1024.jpg 1024w, https:\/\/hoyre.no\/content\/uploads\/sites\/348\/2023\/06\/Malin2-300x300.jpg 300w, https:\/\/hoyre.no\/content\/uploads\/sites\/348\/2023\/06\/Malin2-150x150.jpg 150w, https:\/\/hoyre.no\/content\/uploads\/sites\/348\/2023\/06\/Malin2-768x768.jpg 768w, https:\/\/hoyre.no\/content\/uploads\/sites\/348\/2023\/06\/Malin2-1536x1536.jpg 1536w, https:\/\/hoyre.no\/content\/uploads\/sites\/348\/2023\/06\/Malin2-2048x2048.jpg 2048w\" sizes=\"auto, (max-width: 1024px) 100vw, 1024px\" \/><figcaption>Malin p\u00e5 farten..<\/figcaption><\/figure>\n\n\n<div class=\"tags\">\n\t<\/div>\n<div class=\"post-footer alignfull has-background block-editor-block-list__block\" data-align=full>\n\t<div class=\"post-footer-inner\">\n\t\t<h3>Relaterte artikler<\/h3>\n\t\t<div class=\"related-content\"><div class=\"is-card-hoyre\">\n\t<div class=\"teft-card hoyre-teft-card post-teft-card\">\n\t\t<a href=\"https:\/\/hoyre.no\/askoy\/aktuelt\/bli-bedre-kjent-med-yngve-magnus-fosse-var-ordforer\/\" class=\"teft-card__primary-action\">\n\n\t\t\t\t\t<div class=\"teft-card__media teft-card__media--16-9\">\n\t\t\t\t\t\t<img loading=\"lazy\" decoding=\"async\" width=\"768\" height=\"708\" src=\"https:\/\/hoyre.no\/content\/uploads\/sites\/348\/2023\/03\/DSC0361-e1678976654141-768x708.jpg\" class=\"attachment-medium_large size-medium_large\" alt=\"\" srcset=\"https:\/\/hoyre.no\/content\/uploads\/sites\/348\/2023\/03\/DSC0361-e1678976654141-768x708.jpg 768w, https:\/\/hoyre.no\/content\/uploads\/sites\/348\/2023\/03\/DSC0361-e1678976654141-300x276.jpg 300w, https:\/\/hoyre.no\/content\/uploads\/sites\/348\/2023\/03\/DSC0361-e1678976654141-1024x943.jpg 1024w, https:\/\/hoyre.no\/content\/uploads\/sites\/348\/2023\/03\/DSC0361-e1678976654141.jpg 1321w\" sizes=\"auto, (max-width: 768px) 100vw, 768px\" \/>\t\t<\/div>\n\t\t\n\t\t\t<div class=\"teft-card__content-wrapper\">\n\t\t\t\t<div class=\"teft-card__secondary\">\n\t\t\t\t\t\n\t\t\t\t\t\t\t\t<div class=\"teft-card__meta\">\n\t\t\t\t\t\t\t\t\t<span class=\"post-date\">18. jan 2024<\/span>\n\n\t\t\t\t\t\t\t\t\t<span class=\"post-category\">Ukategorisert<\/span>\t\t\t\t\t\t\t\t<\/div>\n\t\t\t\t\t\t\t\t\t\t\t<\/div>\n\n\t\t\t\t<div class=\"teft-card__primary\">\n\t\t\t\t\t<h2 class=\"teft-card__title\">Bli bedre kjent med Yngve Magnus Fosse &#8211; v\u00e5r ordf\u00f8rer&nbsp;<span class=\"teft-card__primary-title-append\"><\/span><\/h2>\t\t\t\t<\/div>\n\t\t\t<\/div>\n\t\t<\/a>\n\t<\/div>\n\n\t<\/div><div class=\"is-card-hoyre\">\n\t<div class=\"teft-card hoyre-teft-card post-teft-card\">\n\t\t<a href=\"https:\/\/hoyre.no\/askoy\/aktuelt\/instillingen-er-klar\/\" class=\"teft-card__primary-action\">\n\n\t\t\t<div class=\"teft-card__media teft-card__media--16-9 no-image\"><\/div>\n\t\t\t<div class=\"teft-card__content-wrapper\">\n\t\t\t\t<div class=\"teft-card__secondary\">\n\t\t\t\t\t\n\t\t\t\t\t\t\t\t<div class=\"teft-card__meta\">\n\t\t\t\t\t\t\t\t\t<span class=\"post-date\">2. nov 2022<\/span>\n\n\t\t\t\t\t\t\t\t\t\t\t\t\t\t\t\t\t<\/div>\n\t\t\t\t\t\t\t\t\t\t\t<\/div>\n\n\t\t\t\t<div class=\"teft-card__primary\">\n\t\t\t\t\t<h2 class=\"teft-card__title\">Innstillingen er klar!&nbsp;<span class=\"teft-card__primary-title-append\"><\/span><\/h2>\t\t\t\t<\/div>\n\t\t\t<\/div>\n\t\t<\/a>\n\t<\/div>\n\n\t<\/div><div class=\"is-card-hoyre\">\n\t<div class=\"teft-card hoyre-teft-card post-teft-card\">\n\t\t<a href=\"https:\/\/hoyre.no\/askoy\/aktuelt\/program_2019_2023\/\" class=\"teft-card__primary-action\">\n\n\t\t\t\t\t<div class=\"teft-card__media teft-card__media--16-9\">\n\t\t\t\t\t\t<img loading=\"lazy\" decoding=\"async\" width=\"768\" height=\"635\" src=\"https:\/\/hoyre.no\/content\/uploads\/sites\/348\/2020\/11\/nynorsk-768x635.jpg\" class=\"attachment-medium_large size-medium_large\" alt=\"\" srcset=\"https:\/\/hoyre.no\/content\/uploads\/sites\/348\/2020\/11\/nynorsk-768x635.jpg 768w, https:\/\/hoyre.no\/content\/uploads\/sites\/348\/2020\/11\/nynorsk-300x248.jpg 300w, https:\/\/hoyre.no\/content\/uploads\/sites\/348\/2020\/11\/nynorsk-1024x847.jpg 1024w, https:\/\/hoyre.no\/content\/uploads\/sites\/348\/2020\/11\/nynorsk-1536x1270.jpg 1536w, https:\/\/hoyre.no\/content\/uploads\/sites\/348\/2020\/11\/nynorsk-2048x1694.jpg 2048w\" sizes=\"auto, (max-width: 768px) 100vw, 768px\" \/>\t\t<\/div>\n\t\t\n\t\t\t<div class=\"teft-card__content-wrapper\">\n\t\t\t\t<div class=\"teft-card__secondary\">\n\t\t\t\t\t\n\t\t\t\t\t\t\t\t<div class=\"teft-card__meta\">\n\t\t\t\t\t\t\t\t\t<span class=\"post-date\">8. jul 2019<\/span>\n\n\t\t\t\t\t\t\t\t\t\t\t\t\t\t\t\t\t<\/div>\n\t\t\t\t\t\t\t\t\t\t\t<\/div>\n\n\t\t\t\t<div class=\"teft-card__primary\">\n\t\t\t\t\t<h2 class=\"teft-card__title\">Program 2019-2023 (nynorsk)&nbsp;<span class=\"teft-card__primary-title-append\"><\/span><\/h2>\t\t\t\t<\/div>\n\t\t\t<\/div>\n\t\t<\/a>\n\t<\/div>\n\n\t<\/div><\/div>\t<\/div>\n<\/div>\n","protected":false},"excerpt":{"rendered":"","protected":false},"author":24723,"featured_media":0,"comment_status":"closed","ping_status":"closed","sticky":false,"template":"","format":"standard","meta":{"teft_cards_image_url":"","teft_cards_custom_pretitle":"","teft_cards_image_id":108,"teft_cards_image_focal_point_x":0.5,"teft_cards_image_focal_point_y":0.5,"teft_cards_title":"Malin, v\u00e5r 2.kandidat!","teft_cards_excerpt":"","teft_show_chapters":false,"author_display_name":"","footnotes":""},"category":[1],"post_tag":[],"hoyre-visibility":[],"article-type":[],"politician":[],"class_list":["post-107","post","type-post","status-publish","format-standard","hentry","category-ukategorisert"],"yoast_head":"<!-- This site is optimized with the Yoast SEO plugin v26.6 - https:\/\/yoast.com\/wordpress\/plugins\/seo\/ -->\n<title>Bli bedre kjent med Malin Woll Skotnes! - Ask\u00f8y H\u00f8yre<\/title>\n<meta name=\"robots\" content=\"index, follow, max-snippet:-1, max-image-preview:large, max-video-preview:-1\" \/>\n<link rel=\"canonical\" href=\"https:\/\/hoyre.no\/askoy\/aktuelt\/bli-bedre-kjent-med-malin-woll-skotnes\/\" \/>\n<meta property=\"og:locale\" content=\"nb_NO\" \/>\n<meta property=\"og:type\" content=\"article\" \/>\n<meta property=\"og:title\" content=\"Bli bedre kjent med Malin Woll Skotnes! - Ask\u00f8y H\u00f8yre\" \/>\n<meta property=\"og:url\" content=\"https:\/\/hoyre.no\/askoy\/aktuelt\/bli-bedre-kjent-med-malin-woll-skotnes\/\" \/>\n<meta property=\"og:site_name\" content=\"Ask\u00f8y H\u00f8yre\" \/>\n<meta property=\"article:published_time\" content=\"2023-06-14T06:34:21+00:00\" \/>\n<meta property=\"og:image\" content=\"https:\/\/hoyre.no\/content\/uploads\/sites\/348\/2020\/11\/nynorsk-1024x847.jpg\" \/>\n<meta name=\"author\" content=\"Yngve Magnus Tvedt Fosse\" \/>\n<meta name=\"twitter:card\" content=\"summary_large_image\" \/>\n<meta name=\"twitter:label1\" content=\"Skrevet av\" \/>\n\t<meta name=\"twitter:data1\" content=\"Yngve Magnus Tvedt Fosse\" \/>\n\t<meta name=\"twitter:label2\" content=\"Ansl. lesetid\" \/>\n\t<meta name=\"twitter:data2\" content=\"1 minutt\" \/>\n<script type=\"application\/ld+json\" class=\"yoast-schema-graph\">{\"@context\":\"https:\/\/schema.org\",\"@graph\":[{\"@type\":\"NewsArticle\",\"@id\":\"https:\/\/hoyre.no\/askoy\/aktuelt\/bli-bedre-kjent-med-malin-woll-skotnes\/\",\"url\":\"https:\/\/hoyre.no\/askoy\/aktuelt\/bli-bedre-kjent-med-malin-woll-skotnes\/\",\"name\":\"Bli bedre kjent med Malin Woll Skotnes! - Ask\u00f8y H\u00f8yre\",\"isPartOf\":{\"@id\":\"https:\/\/hoyre.no\/askoy\/#website\"},\"image\":{\"@id\":\"https:\/\/hoyre.no\/askoy\/aktuelt\/bli-bedre-kjent-med-malin-woll-skotnes\/#primaryimage\"},\"thumbnailUrl\":\"https:\/\/hoyre.no\/content\/uploads\/sites\/348\/2023\/06\/Malin2-1024x1024.jpg\",\"datePublished\":\"2023-06-14T06:34:21+00:00\",\"author\":{\"@id\":\"https:\/\/hoyre.no\/askoy\/#\/schema\/person\/96565eedfb59c1ae7c4e0162edeb3580\"},\"breadcrumb\":{\"@id\":\"https:\/\/hoyre.no\/askoy\/aktuelt\/bli-bedre-kjent-med-malin-woll-skotnes\/#breadcrumb\"},\"inLanguage\":\"nb-NO\",\"potentialAction\":[{\"@type\":\"ReadAction\",\"target\":[\"https:\/\/hoyre.no\/askoy\/aktuelt\/bli-bedre-kjent-med-malin-woll-skotnes\/\"]}]},{\"@type\":\"ImageObject\",\"inLanguage\":\"nb-NO\",\"@id\":\"https:\/\/hoyre.no\/askoy\/aktuelt\/bli-bedre-kjent-med-malin-woll-skotnes\/#primaryimage\",\"url\":\"https:\/\/hoyre.no\/content\/uploads\/sites\/348\/2023\/06\/Malin2-1024x1024.jpg\",\"contentUrl\":\"https:\/\/hoyre.no\/content\/uploads\/sites\/348\/2023\/06\/Malin2-1024x1024.jpg\"},{\"@type\":\"BreadcrumbList\",\"@id\":\"https:\/\/hoyre.no\/askoy\/aktuelt\/bli-bedre-kjent-med-malin-woll-skotnes\/#breadcrumb\",\"itemListElement\":[{\"@type\":\"ListItem\",\"position\":1,\"name\":\"Til hoyre.no\",\"item\":\"https:\/\/hoyre.no\"},{\"@type\":\"ListItem\",\"position\":2,\"name\":\"Hjem\",\"item\":\"https:\/\/hoyre.no\/askoy\/\"},{\"@type\":\"ListItem\",\"position\":3,\"name\":\"Bli bedre kjent med Malin Woll Skotnes!\"}]},{\"@type\":\"WebSite\",\"@id\":\"https:\/\/hoyre.no\/askoy\/#website\",\"url\":\"https:\/\/hoyre.no\/askoy\/\",\"name\":\"Ask\u00f8y H\u00f8yre\",\"description\":\"Bare enda et H\u00f8yres nettsteder-nettsted\",\"inLanguage\":\"nb-NO\"},{\"@type\":\"Person\",\"@id\":\"https:\/\/hoyre.no\/askoy\/#\/schema\/person\/96565eedfb59c1ae7c4e0162edeb3580\",\"name\":\"Yngve Magnus Tvedt Fosse\",\"image\":{\"@type\":\"ImageObject\",\"inLanguage\":\"nb-NO\",\"@id\":\"https:\/\/hoyre.no\/askoy\/#\/schema\/person\/image\/\",\"url\":\"https:\/\/secure.gravatar.com\/avatar\/fb8c346ba0a70519ac873c07028efbff31336e3d6b60c98d981daf4dd5fd7aab?s=96&d=mm&r=g\",\"contentUrl\":\"https:\/\/secure.gravatar.com\/avatar\/fb8c346ba0a70519ac873c07028efbff31336e3d6b60c98d981daf4dd5fd7aab?s=96&d=mm&r=g\",\"caption\":\"Yngve Magnus Tvedt Fosse\"},\"url\":\"https:\/\/hoyre.no\/askoy\/aktuelt\/author\/m51855500\/\"}]}<\/script>\n<!-- \/ Yoast SEO plugin. -->","yoast_head_json":{"title":"Bli bedre kjent med Malin Woll Skotnes! - Ask\u00f8y H\u00f8yre","robots":{"index":"index","follow":"follow","max-snippet":"max-snippet:-1","max-image-preview":"max-image-preview:large","max-video-preview":"max-video-preview:-1"},"canonical":"https:\/\/hoyre.no\/askoy\/aktuelt\/bli-bedre-kjent-med-malin-woll-skotnes\/","og_locale":"nb_NO","og_type":"article","og_title":"Bli bedre kjent med Malin Woll Skotnes! - Ask\u00f8y H\u00f8yre","og_url":"https:\/\/hoyre.no\/askoy\/aktuelt\/bli-bedre-kjent-med-malin-woll-skotnes\/","og_site_name":"Ask\u00f8y H\u00f8yre","article_published_time":"2023-06-14T06:34:21+00:00","og_image":[{"url":"https:\/\/hoyre.no\/content\/uploads\/sites\/348\/2020\/11\/nynorsk-1024x847.jpg","width":"","height":"","type":""}],"author":"Yngve Magnus Tvedt Fosse","twitter_card":"summary_large_image","twitter_misc":{"Skrevet av":"Yngve Magnus Tvedt Fosse","Ansl. lesetid":"1 minutt"},"schema":{"@context":"https:\/\/schema.org","@graph":[{"@type":"NewsArticle","@id":"https:\/\/hoyre.no\/askoy\/aktuelt\/bli-bedre-kjent-med-malin-woll-skotnes\/","url":"https:\/\/hoyre.no\/askoy\/aktuelt\/bli-bedre-kjent-med-malin-woll-skotnes\/","name":"Bli bedre kjent med Malin Woll Skotnes! - Ask\u00f8y H\u00f8yre","isPartOf":{"@id":"https:\/\/hoyre.no\/askoy\/#website"},"image":{"@id":"https:\/\/hoyre.no\/askoy\/aktuelt\/bli-bedre-kjent-med-malin-woll-skotnes\/#primaryimage"},"thumbnailUrl":"https:\/\/hoyre.no\/content\/uploads\/sites\/348\/2023\/06\/Malin2-1024x1024.jpg","datePublished":"2023-06-14T06:34:21+00:00","author":{"@id":"https:\/\/hoyre.no\/askoy\/#\/schema\/person\/96565eedfb59c1ae7c4e0162edeb3580"},"breadcrumb":{"@id":"https:\/\/hoyre.no\/askoy\/aktuelt\/bli-bedre-kjent-med-malin-woll-skotnes\/#breadcrumb"},"inLanguage":"nb-NO","potentialAction":[{"@type":"ReadAction","target":["https:\/\/hoyre.no\/askoy\/aktuelt\/bli-bedre-kjent-med-malin-woll-skotnes\/"]}]},{"@type":"ImageObject","inLanguage":"nb-NO","@id":"https:\/\/hoyre.no\/askoy\/aktuelt\/bli-bedre-kjent-med-malin-woll-skotnes\/#primaryimage","url":"https:\/\/hoyre.no\/content\/uploads\/sites\/348\/2023\/06\/Malin2-1024x1024.jpg","contentUrl":"https:\/\/hoyre.no\/content\/uploads\/sites\/348\/2023\/06\/Malin2-1024x1024.jpg"},{"@type":"BreadcrumbList","@id":"https:\/\/hoyre.no\/askoy\/aktuelt\/bli-bedre-kjent-med-malin-woll-skotnes\/#breadcrumb","itemListElement":[{"@type":"ListItem","position":1,"name":"Til hoyre.no","item":"https:\/\/hoyre.no"},{"@type":"ListItem","position":2,"name":"Hjem","item":"https:\/\/hoyre.no\/askoy\/"},{"@type":"ListItem","position":3,"name":"Bli bedre kjent med Malin Woll Skotnes!"}]},{"@type":"WebSite","@id":"https:\/\/hoyre.no\/askoy\/#website","url":"https:\/\/hoyre.no\/askoy\/","name":"Ask\u00f8y H\u00f8yre","description":"Bare enda et H\u00f8yres nettsteder-nettsted","inLanguage":"nb-NO"},{"@type":"Person","@id":"https:\/\/hoyre.no\/askoy\/#\/schema\/person\/96565eedfb59c1ae7c4e0162edeb3580","name":"Yngve Magnus Tvedt Fosse","image":{"@type":"ImageObject","inLanguage":"nb-NO","@id":"https:\/\/hoyre.no\/askoy\/#\/schema\/person\/image\/","url":"https:\/\/secure.gravatar.com\/avatar\/fb8c346ba0a70519ac873c07028efbff31336e3d6b60c98d981daf4dd5fd7aab?s=96&d=mm&r=g","contentUrl":"https:\/\/secure.gravatar.com\/avatar\/fb8c346ba0a70519ac873c07028efbff31336e3d6b60c98d981daf4dd5fd7aab?s=96&d=mm&r=g","caption":"Yngve Magnus Tvedt Fosse"},"url":"https:\/\/hoyre.no\/askoy\/aktuelt\/author\/m51855500\/"}]}},"distributor_meta":false,"distributor_terms":false,"distributor_media":false,"distributor_original_site_name":"Ask\u00f8y H\u00f8yre","distributor_original_site_url":"https:\/\/hoyre.no\/askoy","push-errors":false,"_links":{"self":[{"href":"https:\/\/hoyre.no\/askoy\/wp-json\/wp\/v2\/posts\/107","targetHints":{"allow":["GET"]}}],"collection":[{"href":"https:\/\/hoyre.no\/askoy\/wp-json\/wp\/v2\/posts"}],"about":[{"href":"https:\/\/hoyre.no\/askoy\/wp-json\/wp\/v2\/types\/post"}],"author":[{"embeddable":true,"href":"https:\/\/hoyre.no\/askoy\/wp-json\/wp\/v2\/users\/24723"}],"replies":[{"embeddable":true,"href":"https:\/\/hoyre.no\/askoy\/wp-json\/wp\/v2\/comments?post=107"}],"version-history":[{"count":2,"href":"https:\/\/hoyre.no\/askoy\/wp-json\/wp\/v2\/posts\/107\/revisions"}],"predecessor-version":[{"id":111,"href":"https:\/\/hoyre.no\/askoy\/wp-json\/wp\/v2\/posts\/107\/revisions\/111"}],"wp:attachment":[{"href":"https:\/\/hoyre.no\/askoy\/wp-json\/wp\/v2\/media?parent=107"}],"wp:term":[{"taxonomy":"category","embeddable":true,"href":"https:\/\/hoyre.no\/askoy\/wp-json\/wp\/v2\/category?post=107"},{"taxonomy":"post_tag","embeddable":true,"href":"https:\/\/hoyre.no\/askoy\/wp-json\/wp\/v2\/post_tag?post=107"},{"taxonomy":"hoyre-visibility","embeddable":true,"href":"https:\/\/hoyre.no\/askoy\/wp-json\/wp\/v2\/hoyre-visibility?post=107"},{"taxonomy":"article-type","embeddable":true,"href":"https:\/\/hoyre.no\/askoy\/wp-json\/wp\/v2\/article-type?post=107"},{"taxonomy":"politician","embeddable":true,"href":"https:\/\/hoyre.no\/askoy\/wp-json\/wp\/v2\/politician?post=107"}],"curies":[{"name":"wp","href":"https:\/\/api.w.org\/{rel}","templated":true}]}}