{"id":13,"date":"2018-11-28T23:00:00","date_gmt":"2018-11-28T22:00:00","guid":{"rendered":"https:\/\/hoyre.no\/askoy\/aktuelt\/kandidatene_for_kommunevalget_2019_er_na_valgt\/"},"modified":"2018-11-28T23:00:00","modified_gmt":"2018-11-28T22:00:00","slug":"kandidatene_for_kommunevalget_2019_er_na_valgt","status":"publish","type":"post","link":"https:\/\/hoyre.no\/askoy\/aktuelt\/kandidatene_for_kommunevalget_2019_er_na_valgt\/","title":{"rendered":"Kandidater for kommunevalget 2019"},"content":{"rendered":"<p class=\"preamble\">Ask\u00f8y H\u00f8yres nominasjonsm\u00f8te ble gjennomf\u00f8rt 27. november og kandidatene til kommunevalget 2019-2023 er valgt.Det ble valgt 35 kandidater som vil arbeide for at H\u00f8yre skal komme i posisjon ved valget 2019.<\/p><div id=\"hoyre-old-article-content-wrapper\"><div dir=\"auto\">Kandidatene p\u00e5 H\u00f8yres liste er dyktige mennesker med god og variert erfaring. De kjenner Ask\u00f8ysamfunnet godt, er engasjerte, samarbeidsorienterte og \u00f8nsker \u00e5 finne de beste l\u00f8sningene for kommunen. <\/div><div dir=\"auto\">Listen best\u00e5r av erfarne politikere og flere nye navn. Vi er glad for at det er mange fra det private n\u00e6ringslivet som har sagt ja til \u00e5 v\u00e6re H\u00f8yres kandidater til kommunevalget 2019.<br \/><\/div><div dir=\"auto\"><div>Listen toppes av tidligere ordf\u00f8rer Siv H\u00f8gtun. Hun har lang erfaring fra politikken og er klar for \u00e5 p\u00e5ta seg oppgaven som Ask\u00f8ys ordf\u00f8rer igjen.<br \/><\/div><div><br \/><\/div><div>Det er 4 kumulerte kandidater: <br \/><\/div><div><div dir=\"auto\"><strong>1. kandidat: Siv H\u00f8gtun, ordf\u00f8rerkandidat <\/strong><\/div><div dir=\"auto\"><strong>2. kandidat: Yngve Fosse<\/strong><\/div><div dir=\"auto\"><strong>3. kandidat: Nina Jarlind<\/strong><\/div><div dir=\"auto\"><strong>4. kandidat: Vidar Gr\u00f8nnevik Davidsen<\/strong><\/div><div dir=\"auto\"><strong><br \/><\/strong><\/div><div dir=\"auto\">Videre ser listen slik ut: <\/div><div dir=\"auto\">5. Daniel Dombrowski<\/div><div dir=\"auto\">6. Cecilie S\u00f8rli<\/div><div dir=\"auto\">7. Trond Nesse Gravdal<\/div><div dir=\"auto\">8. Malin Woll Skotnes<\/div><div dir=\"auto\">9. \u00d8ystein Gundersen<\/div><div dir=\"auto\">10. Lene Utkilen<\/div><div dir=\"auto\">11. Jonas Bratli<\/div><div dir=\"auto\">12. Lena Sande<\/div><div dir=\"auto\">13. Remi Krognes<\/div><div dir=\"auto\">14. Stig Andr\u00e9 Normann<\/div><div dir=\"auto\">15. Tom-Christer Nilsen<\/div><div dir=\"auto\">16. Solveig Wiik<\/div><div dir=\"auto\">17. Magne R\u00f8dland<\/div><div dir=\"auto\">18. Trond Olav H\u00f8yland<\/div><div dir=\"auto\">19. Martin Skotnes<\/div><div dir=\"auto\"><\/div><div dir=\"auto\"><\/div><div dir=\"auto\"><\/div><div dir=\"auto\"><\/div><div dir=\"auto\"><\/div><div dir=\"auto\"><\/div><div dir=\"auto\"><\/div><div dir=\"auto\"><\/div><div dir=\"auto\"><\/div><div dir=\"auto\"><\/div><div dir=\"auto\"><\/div><div dir=\"auto\"><\/div><div dir=\"auto\"><\/div><div dir=\"auto\"><\/div><div dir=\"auto\">20. Ove Sognnes<\/div><div dir=\"auto\">21. Rune Johnsen<\/div><div dir=\"auto\">22. Atle Birkeland<\/div><div dir=\"auto\">23. Jarle Hillestad<\/div><div dir=\"auto\">24. Geir Olav Hauge<\/div><div dir=\"auto\">25. Kenneth Andersen<\/div><div dir=\"auto\">26. Sunniva H\u00f8gtun Gjelsvik<\/div><div dir=\"auto\">27. Odd Eide Knudsen<\/div><div dir=\"auto\">28. Einar Eide Andreassen<\/div><div dir=\"auto\">29. Tommy Sm\u00f8raas Amundsen<\/div><div dir=\"auto\">30. Siv E. Boge Rong<\/div><div dir=\"auto\">31. Geir Storr\u00f8<\/div><div dir=\"auto\">32. Merethe Svanevik Fr\u00f8yen<\/div><div dir=\"auto\">33. Bjarte Fjellhaug<\/div><div dir=\"auto\">34. Agnar Str\u00f8m Tveten<\/div><div dir=\"auto\">35. Wenche Lyngb\u00f8<\/div><\/div><div><br \/><\/div><div>H\u00f8yre har en spennende liste, godt fordelt b\u00e5de med hensyn til kj\u00f8nn, bosted, alder og yrker. Vi gratulerer alle de valgte kandidatene og ser frem til en spennende valgkamp med dyktige og engasjerte kandidater. H\u00f8yre er klar for \u00e5 styre Ask\u00f8y igjen!<\/div><div><br \/><\/div><div>Vedlagt finner du protokoll fra nominasjonsm\u00f8te.<\/div><\/div><p><br \/><\/p><\/div>\n<div class=\"tags\">\n\t<\/div>\n<div class=\"post-footer alignfull has-background block-editor-block-list__block\" data-align=full>\n\t<div class=\"post-footer-inner\">\n\t\t<h3>Relaterte artikler<\/h3>\n\t\t<div class=\"related-content\"><div class=\"is-card-hoyre\">\n\t<div class=\"teft-card hoyre-teft-card post-teft-card\">\n\t\t<a href=\"https:\/\/hoyre.no\/askoy\/aktuelt\/bli-bedre-kjent-med-yngve-magnus-fosse-var-ordforer\/\" class=\"teft-card__primary-action\">\n\n\t\t\t\t\t<div class=\"teft-card__media teft-card__media--16-9\">\n\t\t\t\t\t\t<img loading=\"lazy\" decoding=\"async\" width=\"768\" height=\"708\" src=\"https:\/\/hoyre.no\/content\/uploads\/sites\/348\/2023\/03\/DSC0361-e1678976654141-768x708.jpg\" class=\"attachment-medium_large size-medium_large\" alt=\"\" srcset=\"https:\/\/hoyre.no\/content\/uploads\/sites\/348\/2023\/03\/DSC0361-e1678976654141-768x708.jpg 768w, https:\/\/hoyre.no\/content\/uploads\/sites\/348\/2023\/03\/DSC0361-e1678976654141-300x276.jpg 300w, https:\/\/hoyre.no\/content\/uploads\/sites\/348\/2023\/03\/DSC0361-e1678976654141-1024x943.jpg 1024w, https:\/\/hoyre.no\/content\/uploads\/sites\/348\/2023\/03\/DSC0361-e1678976654141.jpg 1321w\" sizes=\"auto, (max-width: 768px) 100vw, 768px\" \/>\t\t<\/div>\n\t\t\n\t\t\t<div class=\"teft-card__content-wrapper\">\n\t\t\t\t<div class=\"teft-card__secondary\">\n\t\t\t\t\t\n\t\t\t\t\t\t\t\t<div class=\"teft-card__meta\">\n\t\t\t\t\t\t\t\t\t<span class=\"post-date\">18. jan 2024<\/span>\n\n\t\t\t\t\t\t\t\t\t<span class=\"post-category\">Ukategorisert<\/span>\t\t\t\t\t\t\t\t<\/div>\n\t\t\t\t\t\t\t\t\t\t\t<\/div>\n\n\t\t\t\t<div class=\"teft-card__primary\">\n\t\t\t\t\t<h2 class=\"teft-card__title\">Bli bedre kjent med Yngve Magnus Fosse &#8211; v\u00e5r ordf\u00f8rer&nbsp;<span class=\"teft-card__primary-title-append\"><\/span><\/h2>\t\t\t\t<\/div>\n\t\t\t<\/div>\n\t\t<\/a>\n\t<\/div>\n\n\t<\/div><div class=\"is-card-hoyre\">\n\t<div class=\"teft-card hoyre-teft-card post-teft-card\">\n\t\t<a href=\"https:\/\/hoyre.no\/askoy\/aktuelt\/bli-bedre-kjent-med-malin-woll-skotnes\/\" class=\"teft-card__primary-action\">\n\n\t\t\t\t\t<div class=\"teft-card__media teft-card__media--16-9\">\n\t\t\t\t\t\t<img loading=\"lazy\" decoding=\"async\" width=\"768\" height=\"884\" src=\"https:\/\/hoyre.no\/content\/uploads\/sites\/348\/2023\/06\/Malin1-768x884.jpg\" class=\"attachment-medium_large size-medium_large\" alt=\"\" srcset=\"https:\/\/hoyre.no\/content\/uploads\/sites\/348\/2023\/06\/Malin1-768x884.jpg 768w, https:\/\/hoyre.no\/content\/uploads\/sites\/348\/2023\/06\/Malin1-261x300.jpg 261w, https:\/\/hoyre.no\/content\/uploads\/sites\/348\/2023\/06\/Malin1-889x1024.jpg 889w, https:\/\/hoyre.no\/content\/uploads\/sites\/348\/2023\/06\/Malin1-1334x1536.jpg 1334w, https:\/\/hoyre.no\/content\/uploads\/sites\/348\/2023\/06\/Malin1-1778x2048.jpg 1778w\" sizes=\"auto, (max-width: 768px) 100vw, 768px\" \/>\t\t<\/div>\n\t\t\n\t\t\t<div class=\"teft-card__content-wrapper\">\n\t\t\t\t<div class=\"teft-card__secondary\">\n\t\t\t\t\t\n\t\t\t\t\t\t\t\t<div class=\"teft-card__meta\">\n\t\t\t\t\t\t\t\t\t<span class=\"post-date\">14. jun 2023<\/span>\n\n\t\t\t\t\t\t\t\t\t\t\t\t\t\t\t\t\t<\/div>\n\t\t\t\t\t\t\t\t\t\t\t<\/div>\n\n\t\t\t\t<div class=\"teft-card__primary\">\n\t\t\t\t\t<h2 class=\"teft-card__title\">Malin, v\u00e5r 2.kandidat!&nbsp;<span class=\"teft-card__primary-title-append\"><\/span><\/h2>\t\t\t\t<\/div>\n\t\t\t<\/div>\n\t\t<\/a>\n\t<\/div>\n\n\t<\/div><div class=\"is-card-hoyre\">\n\t<div class=\"teft-card hoyre-teft-card post-teft-card\">\n\t\t<a href=\"https:\/\/hoyre.no\/askoy\/aktuelt\/instillingen-er-klar\/\" class=\"teft-card__primary-action\">\n\n\t\t\t<div class=\"teft-card__media teft-card__media--16-9 no-image\"><\/div>\n\t\t\t<div class=\"teft-card__content-wrapper\">\n\t\t\t\t<div class=\"teft-card__secondary\">\n\t\t\t\t\t\n\t\t\t\t\t\t\t\t<div class=\"teft-card__meta\">\n\t\t\t\t\t\t\t\t\t<span class=\"post-date\">2. nov 2022<\/span>\n\n\t\t\t\t\t\t\t\t\t\t\t\t\t\t\t\t\t<\/div>\n\t\t\t\t\t\t\t\t\t\t\t<\/div>\n\n\t\t\t\t<div class=\"teft-card__primary\">\n\t\t\t\t\t<h2 class=\"teft-card__title\">Innstillingen er klar!&nbsp;<span class=\"teft-card__primary-title-append\"><\/span><\/h2>\t\t\t\t<\/div>\n\t\t\t<\/div>\n\t\t<\/a>\n\t<\/div>\n\n\t<\/div><\/div>\t<\/div>\n<\/div>\n","protected":false},"excerpt":{"rendered":"","protected":false},"author":0,"featured_media":0,"comment_status":"closed","ping_status":"closed","sticky":false,"template":"","format":"standard","meta":{"teft_cards_image_url":"","teft_cards_custom_pretitle":"","teft_cards_image_id":0,"teft_cards_image_focal_point_x":0,"teft_cards_image_focal_point_y":0,"teft_cards_title":"","teft_cards_excerpt":"","teft_show_chapters":false,"author_display_name":"Malin Woll Skotnes","footnotes":""},"category":[1],"post_tag":[],"hoyre-visibility":[],"article-type":[],"politician":[],"class_list":["post-13","post","type-post","status-publish","format-standard","hentry","category-ukategorisert"],"yoast_head":"<!-- This site is optimized with the Yoast SEO plugin v26.6 - https:\/\/yoast.com\/wordpress\/plugins\/seo\/ -->\n<title>Kandidater for kommunevalget 2019 - Ask\u00f8y H\u00f8yre<\/title>\n<meta name=\"robots\" content=\"index, follow, max-snippet:-1, max-image-preview:large, max-video-preview:-1\" \/>\n<link rel=\"canonical\" href=\"https:\/\/hoyre.no\/askoy\/aktuelt\/kandidatene_for_kommunevalget_2019_er_na_valgt\/\" \/>\n<meta property=\"og:locale\" content=\"nb_NO\" \/>\n<meta property=\"og:type\" content=\"article\" \/>\n<meta property=\"og:title\" content=\"Kandidater for kommunevalget 2019 - Ask\u00f8y H\u00f8yre\" \/>\n<meta property=\"og:url\" content=\"https:\/\/hoyre.no\/askoy\/aktuelt\/kandidatene_for_kommunevalget_2019_er_na_valgt\/\" \/>\n<meta property=\"og:site_name\" content=\"Ask\u00f8y H\u00f8yre\" \/>\n<meta property=\"article:published_time\" content=\"2018-11-28T22:00:00+00:00\" \/>\n<meta property=\"og:image\" content=\"https:\/\/hoyre.no\/content\/uploads\/sites\/348\/2022\/11\/Hoyres-logo.png\" \/>\n\t<meta property=\"og:image:width\" content=\"1000\" \/>\n\t<meta property=\"og:image:height\" content=\"1000\" \/>\n\t<meta property=\"og:image:type\" content=\"image\/png\" \/>\n<meta name=\"twitter:card\" content=\"summary_large_image\" \/>\n<meta name=\"twitter:label1\" content=\"Ansl. lesetid\" \/>\n\t<meta name=\"twitter:data1\" content=\"1 minutt\" \/>\n<script type=\"application\/ld+json\" class=\"yoast-schema-graph\">{\"@context\":\"https:\/\/schema.org\",\"@graph\":[{\"@type\":\"NewsArticle\",\"@id\":\"https:\/\/hoyre.no\/askoy\/aktuelt\/kandidatene_for_kommunevalget_2019_er_na_valgt\/\",\"url\":\"https:\/\/hoyre.no\/askoy\/aktuelt\/kandidatene_for_kommunevalget_2019_er_na_valgt\/\",\"name\":\"Kandidater for kommunevalget 2019 - Ask\u00f8y H\u00f8yre\",\"isPartOf\":{\"@id\":\"https:\/\/hoyre.no\/askoy\/#website\"},\"datePublished\":\"2018-11-28T22:00:00+00:00\",\"author\":{\"@id\":\"\"},\"breadcrumb\":{\"@id\":\"https:\/\/hoyre.no\/askoy\/aktuelt\/kandidatene_for_kommunevalget_2019_er_na_valgt\/#breadcrumb\"},\"inLanguage\":\"nb-NO\",\"potentialAction\":[{\"@type\":\"ReadAction\",\"target\":[\"https:\/\/hoyre.no\/askoy\/aktuelt\/kandidatene_for_kommunevalget_2019_er_na_valgt\/\"]}]},{\"@type\":\"BreadcrumbList\",\"@id\":\"https:\/\/hoyre.no\/askoy\/aktuelt\/kandidatene_for_kommunevalget_2019_er_na_valgt\/#breadcrumb\",\"itemListElement\":[{\"@type\":\"ListItem\",\"position\":1,\"name\":\"Til hoyre.no\",\"item\":\"https:\/\/hoyre.no\"},{\"@type\":\"ListItem\",\"position\":2,\"name\":\"Hjem\",\"item\":\"https:\/\/hoyre.no\/askoy\/\"},{\"@type\":\"ListItem\",\"position\":3,\"name\":\"Kandidater for kommunevalget 2019\"}]},{\"@type\":\"WebSite\",\"@id\":\"https:\/\/hoyre.no\/askoy\/#website\",\"url\":\"https:\/\/hoyre.no\/askoy\/\",\"name\":\"Ask\u00f8y H\u00f8yre\",\"description\":\"Bare enda et H\u00f8yres nettsteder-nettsted\",\"inLanguage\":\"nb-NO\"}]}<\/script>\n<!-- \/ Yoast SEO plugin. -->","yoast_head_json":{"title":"Kandidater for kommunevalget 2019 - Ask\u00f8y H\u00f8yre","robots":{"index":"index","follow":"follow","max-snippet":"max-snippet:-1","max-image-preview":"max-image-preview:large","max-video-preview":"max-video-preview:-1"},"canonical":"https:\/\/hoyre.no\/askoy\/aktuelt\/kandidatene_for_kommunevalget_2019_er_na_valgt\/","og_locale":"nb_NO","og_type":"article","og_title":"Kandidater for kommunevalget 2019 - Ask\u00f8y H\u00f8yre","og_url":"https:\/\/hoyre.no\/askoy\/aktuelt\/kandidatene_for_kommunevalget_2019_er_na_valgt\/","og_site_name":"Ask\u00f8y H\u00f8yre","article_published_time":"2018-11-28T22:00:00+00:00","og_image":[{"width":1000,"height":1000,"url":"https:\/\/hoyre.no\/content\/uploads\/sites\/348\/2022\/11\/Hoyres-logo.png","type":"image\/png"}],"twitter_card":"summary_large_image","twitter_misc":{"Ansl. lesetid":"1 minutt"},"schema":{"@context":"https:\/\/schema.org","@graph":[{"@type":"NewsArticle","@id":"https:\/\/hoyre.no\/askoy\/aktuelt\/kandidatene_for_kommunevalget_2019_er_na_valgt\/","url":"https:\/\/hoyre.no\/askoy\/aktuelt\/kandidatene_for_kommunevalget_2019_er_na_valgt\/","name":"Kandidater for kommunevalget 2019 - Ask\u00f8y H\u00f8yre","isPartOf":{"@id":"https:\/\/hoyre.no\/askoy\/#website"},"datePublished":"2018-11-28T22:00:00+00:00","author":{"@id":""},"breadcrumb":{"@id":"https:\/\/hoyre.no\/askoy\/aktuelt\/kandidatene_for_kommunevalget_2019_er_na_valgt\/#breadcrumb"},"inLanguage":"nb-NO","potentialAction":[{"@type":"ReadAction","target":["https:\/\/hoyre.no\/askoy\/aktuelt\/kandidatene_for_kommunevalget_2019_er_na_valgt\/"]}]},{"@type":"BreadcrumbList","@id":"https:\/\/hoyre.no\/askoy\/aktuelt\/kandidatene_for_kommunevalget_2019_er_na_valgt\/#breadcrumb","itemListElement":[{"@type":"ListItem","position":1,"name":"Til hoyre.no","item":"https:\/\/hoyre.no"},{"@type":"ListItem","position":2,"name":"Hjem","item":"https:\/\/hoyre.no\/askoy\/"},{"@type":"ListItem","position":3,"name":"Kandidater for kommunevalget 2019"}]},{"@type":"WebSite","@id":"https:\/\/hoyre.no\/askoy\/#website","url":"https:\/\/hoyre.no\/askoy\/","name":"Ask\u00f8y H\u00f8yre","description":"Bare enda et H\u00f8yres nettsteder-nettsted","inLanguage":"nb-NO"}]}},"distributor_meta":false,"distributor_terms":false,"distributor_media":false,"distributor_original_site_name":"Ask\u00f8y H\u00f8yre","distributor_original_site_url":"https:\/\/hoyre.no\/askoy","push-errors":false,"_links":{"self":[{"href":"https:\/\/hoyre.no\/askoy\/wp-json\/wp\/v2\/posts\/13","targetHints":{"allow":["GET"]}}],"collection":[{"href":"https:\/\/hoyre.no\/askoy\/wp-json\/wp\/v2\/posts"}],"about":[{"href":"https:\/\/hoyre.no\/askoy\/wp-json\/wp\/v2\/types\/post"}],"replies":[{"embeddable":true,"href":"https:\/\/hoyre.no\/askoy\/wp-json\/wp\/v2\/comments?post=13"}],"version-history":[{"count":0,"href":"https:\/\/hoyre.no\/askoy\/wp-json\/wp\/v2\/posts\/13\/revisions"}],"wp:attachment":[{"href":"https:\/\/hoyre.no\/askoy\/wp-json\/wp\/v2\/media?parent=13"}],"wp:term":[{"taxonomy":"category","embeddable":true,"href":"https:\/\/hoyre.no\/askoy\/wp-json\/wp\/v2\/category?post=13"},{"taxonomy":"post_tag","embeddable":true,"href":"https:\/\/hoyre.no\/askoy\/wp-json\/wp\/v2\/post_tag?post=13"},{"taxonomy":"hoyre-visibility","embeddable":true,"href":"https:\/\/hoyre.no\/askoy\/wp-json\/wp\/v2\/hoyre-visibility?post=13"},{"taxonomy":"article-type","embeddable":true,"href":"https:\/\/hoyre.no\/askoy\/wp-json\/wp\/v2\/article-type?post=13"},{"taxonomy":"politician","embeddable":true,"href":"https:\/\/hoyre.no\/askoy\/wp-json\/wp\/v2\/politician?post=13"}],"curies":[{"name":"wp","href":"https:\/\/api.w.org\/{rel}","templated":true}]}}