{"id":14,"date":"2019-06-04T22:00:00","date_gmt":"2019-06-04T20:00:00","guid":{"rendered":"https:\/\/hoyre.no\/askoy\/aktuelt\/moteplan_frem_til_sommerferien\/"},"modified":"2019-06-04T22:00:00","modified_gmt":"2019-06-04T20:00:00","slug":"moteplan_frem_til_sommerferien","status":"publish","type":"post","link":"https:\/\/hoyre.no\/askoy\/aktuelt\/moteplan_frem_til_sommerferien\/","title":{"rendered":"M\u00f8teplan frem til sommerferien"},"content":{"rendered":"<p class=\"preamble\">Mandag 17. juni Gruppem\u00f8te kl 18.00Tirsdag 18. juni Formannskap, budsjett\/\u00d8POnsdag 19. juniKommunestyrem\u00f8te kl 09.00-22.00Torsdag 20 juni Kongebes\u00f8kFredag 21. juni, muligKommunestyrem\u00f8te09.00-15.00<\/p><div id=\"hoyre-old-article-content-wrapper\"><p><br \/><\/p><\/div>\n<div class=\"tags\">\n\t<\/div>\n<div class=\"post-footer alignfull has-background block-editor-block-list__block\" data-align=full>\n\t<div class=\"post-footer-inner\">\n\t\t<h3>Relaterte artikler<\/h3>\n\t\t<div class=\"related-content\"><div class=\"is-card-hoyre\">\n\t<div class=\"teft-card hoyre-teft-card post-teft-card\">\n\t\t<a href=\"https:\/\/hoyre.no\/askoy\/aktuelt\/bli-bedre-kjent-med-yngve-magnus-fosse-var-ordforer\/\" class=\"teft-card__primary-action\">\n\n\t\t\t\t\t<div class=\"teft-card__media teft-card__media--16-9\">\n\t\t\t\t\t\t<img loading=\"lazy\" decoding=\"async\" width=\"768\" height=\"708\" src=\"https:\/\/hoyre.no\/content\/uploads\/sites\/348\/2023\/03\/DSC0361-e1678976654141-768x708.jpg\" class=\"attachment-medium_large size-medium_large\" alt=\"\" srcset=\"https:\/\/hoyre.no\/content\/uploads\/sites\/348\/2023\/03\/DSC0361-e1678976654141-768x708.jpg 768w, https:\/\/hoyre.no\/content\/uploads\/sites\/348\/2023\/03\/DSC0361-e1678976654141-300x276.jpg 300w, https:\/\/hoyre.no\/content\/uploads\/sites\/348\/2023\/03\/DSC0361-e1678976654141-1024x943.jpg 1024w, https:\/\/hoyre.no\/content\/uploads\/sites\/348\/2023\/03\/DSC0361-e1678976654141.jpg 1321w\" sizes=\"auto, (max-width: 768px) 100vw, 768px\" \/>\t\t<\/div>\n\t\t\n\t\t\t<div class=\"teft-card__content-wrapper\">\n\t\t\t\t<div class=\"teft-card__secondary\">\n\t\t\t\t\t\n\t\t\t\t\t\t\t\t<div class=\"teft-card__meta\">\n\t\t\t\t\t\t\t\t\t<span class=\"post-date\">18. jan 2024<\/span>\n\n\t\t\t\t\t\t\t\t\t<span class=\"post-category\">Ukategorisert<\/span>\t\t\t\t\t\t\t\t<\/div>\n\t\t\t\t\t\t\t\t\t\t\t<\/div>\n\n\t\t\t\t<div class=\"teft-card__primary\">\n\t\t\t\t\t<h2 class=\"teft-card__title\">Bli bedre kjent med Yngve Magnus Fosse &#8211; v\u00e5r ordf\u00f8rer&nbsp;<span class=\"teft-card__primary-title-append\"><\/span><\/h2>\t\t\t\t<\/div>\n\t\t\t<\/div>\n\t\t<\/a>\n\t<\/div>\n\n\t<\/div><div class=\"is-card-hoyre\">\n\t<div class=\"teft-card hoyre-teft-card post-teft-card\">\n\t\t<a href=\"https:\/\/hoyre.no\/askoy\/aktuelt\/bli-bedre-kjent-med-malin-woll-skotnes\/\" class=\"teft-card__primary-action\">\n\n\t\t\t\t\t<div class=\"teft-card__media teft-card__media--16-9\">\n\t\t\t\t\t\t<img loading=\"lazy\" decoding=\"async\" width=\"768\" height=\"884\" src=\"https:\/\/hoyre.no\/content\/uploads\/sites\/348\/2023\/06\/Malin1-768x884.jpg\" class=\"attachment-medium_large size-medium_large\" alt=\"\" srcset=\"https:\/\/hoyre.no\/content\/uploads\/sites\/348\/2023\/06\/Malin1-768x884.jpg 768w, https:\/\/hoyre.no\/content\/uploads\/sites\/348\/2023\/06\/Malin1-261x300.jpg 261w, https:\/\/hoyre.no\/content\/uploads\/sites\/348\/2023\/06\/Malin1-889x1024.jpg 889w, https:\/\/hoyre.no\/content\/uploads\/sites\/348\/2023\/06\/Malin1-1334x1536.jpg 1334w, https:\/\/hoyre.no\/content\/uploads\/sites\/348\/2023\/06\/Malin1-1778x2048.jpg 1778w\" sizes=\"auto, (max-width: 768px) 100vw, 768px\" \/>\t\t<\/div>\n\t\t\n\t\t\t<div class=\"teft-card__content-wrapper\">\n\t\t\t\t<div class=\"teft-card__secondary\">\n\t\t\t\t\t\n\t\t\t\t\t\t\t\t<div class=\"teft-card__meta\">\n\t\t\t\t\t\t\t\t\t<span class=\"post-date\">14. jun 2023<\/span>\n\n\t\t\t\t\t\t\t\t\t\t\t\t\t\t\t\t\t<\/div>\n\t\t\t\t\t\t\t\t\t\t\t<\/div>\n\n\t\t\t\t<div class=\"teft-card__primary\">\n\t\t\t\t\t<h2 class=\"teft-card__title\">Malin, v\u00e5r 2.kandidat!&nbsp;<span class=\"teft-card__primary-title-append\"><\/span><\/h2>\t\t\t\t<\/div>\n\t\t\t<\/div>\n\t\t<\/a>\n\t<\/div>\n\n\t<\/div><div class=\"is-card-hoyre\">\n\t<div class=\"teft-card hoyre-teft-card post-teft-card\">\n\t\t<a href=\"https:\/\/hoyre.no\/askoy\/aktuelt\/instillingen-er-klar\/\" class=\"teft-card__primary-action\">\n\n\t\t\t<div class=\"teft-card__media teft-card__media--16-9 no-image\"><\/div>\n\t\t\t<div class=\"teft-card__content-wrapper\">\n\t\t\t\t<div class=\"teft-card__secondary\">\n\t\t\t\t\t\n\t\t\t\t\t\t\t\t<div class=\"teft-card__meta\">\n\t\t\t\t\t\t\t\t\t<span class=\"post-date\">2. nov 2022<\/span>\n\n\t\t\t\t\t\t\t\t\t\t\t\t\t\t\t\t\t<\/div>\n\t\t\t\t\t\t\t\t\t\t\t<\/div>\n\n\t\t\t\t<div class=\"teft-card__primary\">\n\t\t\t\t\t<h2 class=\"teft-card__title\">Innstillingen er klar!&nbsp;<span class=\"teft-card__primary-title-append\"><\/span><\/h2>\t\t\t\t<\/div>\n\t\t\t<\/div>\n\t\t<\/a>\n\t<\/div>\n\n\t<\/div><\/div>\t<\/div>\n<\/div>\n","protected":false},"excerpt":{"rendered":"","protected":false},"author":0,"featured_media":0,"comment_status":"closed","ping_status":"closed","sticky":false,"template":"","format":"standard","meta":{"teft_cards_image_url":"","teft_cards_custom_pretitle":"","teft_cards_image_id":0,"teft_cards_image_focal_point_x":0,"teft_cards_image_focal_point_y":0,"teft_cards_title":"","teft_cards_excerpt":"","teft_show_chapters":false,"author_display_name":"","footnotes":""},"category":[1],"post_tag":[],"hoyre-visibility":[],"article-type":[],"politician":[],"class_list":["post-14","post","type-post","status-publish","format-standard","hentry","category-ukategorisert"],"yoast_head":"<!-- This site is optimized with the Yoast SEO plugin v26.6 - https:\/\/yoast.com\/wordpress\/plugins\/seo\/ -->\n<title>M\u00f8teplan frem til sommerferien - Ask\u00f8y H\u00f8yre<\/title>\n<meta name=\"robots\" content=\"index, follow, max-snippet:-1, max-image-preview:large, max-video-preview:-1\" \/>\n<link rel=\"canonical\" href=\"https:\/\/hoyre.no\/askoy\/aktuelt\/moteplan_frem_til_sommerferien\/\" \/>\n<meta property=\"og:locale\" content=\"nb_NO\" \/>\n<meta property=\"og:type\" content=\"article\" \/>\n<meta property=\"og:title\" content=\"M\u00f8teplan frem til sommerferien - Ask\u00f8y H\u00f8yre\" \/>\n<meta property=\"og:url\" content=\"https:\/\/hoyre.no\/askoy\/aktuelt\/moteplan_frem_til_sommerferien\/\" \/>\n<meta property=\"og:site_name\" content=\"Ask\u00f8y H\u00f8yre\" \/>\n<meta property=\"article:published_time\" content=\"2019-06-04T20:00:00+00:00\" \/>\n<meta property=\"og:image\" content=\"https:\/\/hoyre.no\/content\/uploads\/sites\/348\/2022\/11\/Hoyres-logo.png\" \/>\n\t<meta property=\"og:image:width\" content=\"1000\" \/>\n\t<meta property=\"og:image:height\" content=\"1000\" \/>\n\t<meta property=\"og:image:type\" content=\"image\/png\" \/>\n<meta name=\"twitter:card\" content=\"summary_large_image\" \/>\n<script type=\"application\/ld+json\" class=\"yoast-schema-graph\">{\"@context\":\"https:\/\/schema.org\",\"@graph\":[{\"@type\":\"NewsArticle\",\"@id\":\"https:\/\/hoyre.no\/askoy\/aktuelt\/moteplan_frem_til_sommerferien\/\",\"url\":\"https:\/\/hoyre.no\/askoy\/aktuelt\/moteplan_frem_til_sommerferien\/\",\"name\":\"M\u00f8teplan frem til sommerferien - Ask\u00f8y H\u00f8yre\",\"isPartOf\":{\"@id\":\"https:\/\/hoyre.no\/askoy\/#website\"},\"datePublished\":\"2019-06-04T20:00:00+00:00\",\"author\":{\"@id\":\"\"},\"breadcrumb\":{\"@id\":\"https:\/\/hoyre.no\/askoy\/aktuelt\/moteplan_frem_til_sommerferien\/#breadcrumb\"},\"inLanguage\":\"nb-NO\",\"potentialAction\":[{\"@type\":\"ReadAction\",\"target\":[\"https:\/\/hoyre.no\/askoy\/aktuelt\/moteplan_frem_til_sommerferien\/\"]}]},{\"@type\":\"BreadcrumbList\",\"@id\":\"https:\/\/hoyre.no\/askoy\/aktuelt\/moteplan_frem_til_sommerferien\/#breadcrumb\",\"itemListElement\":[{\"@type\":\"ListItem\",\"position\":1,\"name\":\"Til hoyre.no\",\"item\":\"https:\/\/hoyre.no\"},{\"@type\":\"ListItem\",\"position\":2,\"name\":\"Hjem\",\"item\":\"https:\/\/hoyre.no\/askoy\/\"},{\"@type\":\"ListItem\",\"position\":3,\"name\":\"M\u00f8teplan frem til sommerferien\"}]},{\"@type\":\"WebSite\",\"@id\":\"https:\/\/hoyre.no\/askoy\/#website\",\"url\":\"https:\/\/hoyre.no\/askoy\/\",\"name\":\"Ask\u00f8y H\u00f8yre\",\"description\":\"Bare enda et H\u00f8yres nettsteder-nettsted\",\"inLanguage\":\"nb-NO\"}]}<\/script>\n<!-- \/ Yoast SEO plugin. -->","yoast_head_json":{"title":"M\u00f8teplan frem til sommerferien - Ask\u00f8y H\u00f8yre","robots":{"index":"index","follow":"follow","max-snippet":"max-snippet:-1","max-image-preview":"max-image-preview:large","max-video-preview":"max-video-preview:-1"},"canonical":"https:\/\/hoyre.no\/askoy\/aktuelt\/moteplan_frem_til_sommerferien\/","og_locale":"nb_NO","og_type":"article","og_title":"M\u00f8teplan frem til sommerferien - Ask\u00f8y H\u00f8yre","og_url":"https:\/\/hoyre.no\/askoy\/aktuelt\/moteplan_frem_til_sommerferien\/","og_site_name":"Ask\u00f8y H\u00f8yre","article_published_time":"2019-06-04T20:00:00+00:00","og_image":[{"width":1000,"height":1000,"url":"https:\/\/hoyre.no\/content\/uploads\/sites\/348\/2022\/11\/Hoyres-logo.png","type":"image\/png"}],"twitter_card":"summary_large_image","schema":{"@context":"https:\/\/schema.org","@graph":[{"@type":"NewsArticle","@id":"https:\/\/hoyre.no\/askoy\/aktuelt\/moteplan_frem_til_sommerferien\/","url":"https:\/\/hoyre.no\/askoy\/aktuelt\/moteplan_frem_til_sommerferien\/","name":"M\u00f8teplan frem til sommerferien - Ask\u00f8y H\u00f8yre","isPartOf":{"@id":"https:\/\/hoyre.no\/askoy\/#website"},"datePublished":"2019-06-04T20:00:00+00:00","author":{"@id":""},"breadcrumb":{"@id":"https:\/\/hoyre.no\/askoy\/aktuelt\/moteplan_frem_til_sommerferien\/#breadcrumb"},"inLanguage":"nb-NO","potentialAction":[{"@type":"ReadAction","target":["https:\/\/hoyre.no\/askoy\/aktuelt\/moteplan_frem_til_sommerferien\/"]}]},{"@type":"BreadcrumbList","@id":"https:\/\/hoyre.no\/askoy\/aktuelt\/moteplan_frem_til_sommerferien\/#breadcrumb","itemListElement":[{"@type":"ListItem","position":1,"name":"Til hoyre.no","item":"https:\/\/hoyre.no"},{"@type":"ListItem","position":2,"name":"Hjem","item":"https:\/\/hoyre.no\/askoy\/"},{"@type":"ListItem","position":3,"name":"M\u00f8teplan frem til sommerferien"}]},{"@type":"WebSite","@id":"https:\/\/hoyre.no\/askoy\/#website","url":"https:\/\/hoyre.no\/askoy\/","name":"Ask\u00f8y H\u00f8yre","description":"Bare enda et H\u00f8yres nettsteder-nettsted","inLanguage":"nb-NO"}]}},"distributor_meta":false,"distributor_terms":false,"distributor_media":false,"distributor_original_site_name":"Ask\u00f8y H\u00f8yre","distributor_original_site_url":"https:\/\/hoyre.no\/askoy","push-errors":false,"_links":{"self":[{"href":"https:\/\/hoyre.no\/askoy\/wp-json\/wp\/v2\/posts\/14","targetHints":{"allow":["GET"]}}],"collection":[{"href":"https:\/\/hoyre.no\/askoy\/wp-json\/wp\/v2\/posts"}],"about":[{"href":"https:\/\/hoyre.no\/askoy\/wp-json\/wp\/v2\/types\/post"}],"replies":[{"embeddable":true,"href":"https:\/\/hoyre.no\/askoy\/wp-json\/wp\/v2\/comments?post=14"}],"version-history":[{"count":0,"href":"https:\/\/hoyre.no\/askoy\/wp-json\/wp\/v2\/posts\/14\/revisions"}],"wp:attachment":[{"href":"https:\/\/hoyre.no\/askoy\/wp-json\/wp\/v2\/media?parent=14"}],"wp:term":[{"taxonomy":"category","embeddable":true,"href":"https:\/\/hoyre.no\/askoy\/wp-json\/wp\/v2\/category?post=14"},{"taxonomy":"post_tag","embeddable":true,"href":"https:\/\/hoyre.no\/askoy\/wp-json\/wp\/v2\/post_tag?post=14"},{"taxonomy":"hoyre-visibility","embeddable":true,"href":"https:\/\/hoyre.no\/askoy\/wp-json\/wp\/v2\/hoyre-visibility?post=14"},{"taxonomy":"article-type","embeddable":true,"href":"https:\/\/hoyre.no\/askoy\/wp-json\/wp\/v2\/article-type?post=14"},{"taxonomy":"politician","embeddable":true,"href":"https:\/\/hoyre.no\/askoy\/wp-json\/wp\/v2\/politician?post=14"}],"curies":[{"name":"wp","href":"https:\/\/api.w.org\/{rel}","templated":true}]}}