{"id":20,"date":"2015-07-19T19:05:27","date_gmt":"2015-07-19T17:05:27","guid":{"rendered":"https:\/\/hoyre.no\/askoy\/aktuelt\/temaplan-barn-og-familie\/"},"modified":"2015-07-19T19:05:27","modified_gmt":"2015-07-19T17:05:27","slug":"temaplan-barn-og-familie","status":"publish","type":"post","link":"https:\/\/hoyre.no\/askoy\/aktuelt\/temaplan-barn-og-familie\/","title":{"rendered":"Temaplan Barn og Familie"},"content":{"rendered":"<p class=\"preamble\">TemaplanBarn og Familie er et strategisk dokument for de fire tjenestene som er organiserti denne fagavdelingen; helses\u00f8stertjenesten, barnevernet, psykologtjenesten ogflyktningetjenesten. Planen ble politisk vedtatt av kommunestyret den 28. mai,og gir f\u00f8ringer i arbeidet p\u00e5 ulike omr\u00e5der.<\/p><div id=\"hoyre-old-article-content-wrapper\"><p>Temaplanen belyser utviklingstrekk og viktige utfordringer framover, samt tar opp ulike tiltak en tenker \u00e5 iverksette de fire neste \u00e5rene. Tjenestene i barn og familie omhandler b\u00e5de forebygging, tidlig innsats og behandling. <\/p><p>Satsing p\u00e5 forebygging og tidlig innsats er et viktig omr\u00e5det. Der en kan forebygge vansker og skjev utvikling, vil positive ringvirkninger vise seg b\u00e5de p\u00e5 individniv\u00e5, p\u00e5 grupper og p\u00e5 systemer.  <\/p><p>Kompetanse p\u00e5 ulike omr\u00e5der er da veldig sentralt. I handlingsplanen legger en opptil noe kompetanseheving. Dette er positivt, &#8211; og H\u00f8yre mener at dette er et omr\u00e5de en b\u00f8r satse enn\u00e5 sterkere p\u00e5 i framtiden. B\u00e5de n\u00e5r det gjelder kompetanse hos de ansatte i Barn og familie, og spredning av kompetanse ut i systemet, samt til foreldre som er en viktig samarbeidspartner for denne avdelingen og for andre avdelinger, som eksempelvis i avdeling \u00abOppvekst\u00bb.  Det er ogs\u00e5 behov for tiltak som fanger opp og handler i de situasjoner der det er n\u00f8dvendig. Dette gjelder innenfor alle avdelingene.  Avdelingene har hver for seg definerte oppgaver som skal ivaretas, der en skal yte gode tjenester overfor innbyggerne i kommunen. Samtidig m\u00e5 en ha fokus p\u00e5 kommunens tjenester som mer helhetlige, der det er n\u00f8dvendig. Da er det viktig at en har gode systemer for samhandling. Dette arbeidet er godt i gang, og noen nye samarbeidsarenaer er opprettet. <\/p><p>De minste barna, 0 til 6 \u00e5r har v\u00e6rt i fokus i noen \u00e5r, gjennom modellkommuneprosjektet. Her har en jobbet godt og m\u00e5lrettet for \u00e5 bedre arbeidet mot de barna og familiene som er risikoutsatte. Jeg vil benytte anledningen til \u00e5 gi ros til de ansatte og til administrasjonen som har gjort en fantastisk jobb p\u00e5 dette viktige omr\u00e5det.  Og det gleder \u00e5 se at en i planen viser til viktigheten av \u00e5 satse p\u00e5 de minste ogs\u00e5 i \u00e5rene som kommer. <\/p><p>En har gjennom dette arbeidet f\u00e5tt \u00f8kt kompetanse ute, i eks. barnehagene,  til \u00e5 bedre se og sette inn riktige tiltak , overfor de barna som strever. Familiene kan ogs\u00e5 bli bedre i varetatt gjennom tverrfaglig samarbeid. I planen viser en til flere tiltak som en \u00f8nsker \u00e5 jobbe videre med, og nye tiltak som en tenker er viktig \u00e5 sette i gang. Et omr\u00e5det omhandler satsing p\u00e5 arbeid med unge som har vansker innenfor det psykiske omr\u00e5det.  Dette er et omr\u00e5det som vi med jevne mellomrom m\u00f8ter gjennom media, og som sannsynligvis har en del m\u00f8rketall. Det \u00e5 kunne hjelpe og ivareta barn og unge som sliter psykisk, er en s\u00e6rdeles viktig oppgave, og vil kunne bidra til en bedre fremtid for disse ungdommene. Kommunens ansatte som jobber i forhold til barn og unge b\u00f8r ha kompetanse p\u00e5 feltet for \u00e5 kunne fange opp disse unge tidlig, og vi m\u00e5 kunne sette i gang tiltak for \u00e5 avhjelpe problemene. Dette handler om samarbeid innad i kommunen og med instanser utenfor kommunen. Utvikling av kvalitetssystemet, handlingskjeder og rutiner i slike saker er derfor ogs\u00e5 viktig. <\/p><p>H\u00f8yre vil arbeide for gode tjenester i kommunen n\u00e5r det gjelder barn og unge og deres familier.<\/p><\/div>\n<div class=\"tags\">\n\t<\/div>\n<div class=\"post-footer alignfull has-background block-editor-block-list__block\" data-align=full>\n\t<div class=\"post-footer-inner\">\n\t\t<h3>Relaterte artikler<\/h3>\n\t\t<div class=\"related-content\"><div class=\"is-card-hoyre\">\n\t<div class=\"teft-card hoyre-teft-card post-teft-card\">\n\t\t<a href=\"https:\/\/hoyre.no\/askoy\/aktuelt\/bli-bedre-kjent-med-yngve-magnus-fosse-var-ordforer\/\" class=\"teft-card__primary-action\">\n\n\t\t\t\t\t<div class=\"teft-card__media teft-card__media--16-9\">\n\t\t\t\t\t\t<img loading=\"lazy\" decoding=\"async\" width=\"768\" height=\"708\" src=\"https:\/\/hoyre.no\/content\/uploads\/sites\/348\/2023\/03\/DSC0361-e1678976654141-768x708.jpg\" class=\"attachment-medium_large size-medium_large\" alt=\"\" srcset=\"https:\/\/hoyre.no\/content\/uploads\/sites\/348\/2023\/03\/DSC0361-e1678976654141-768x708.jpg 768w, https:\/\/hoyre.no\/content\/uploads\/sites\/348\/2023\/03\/DSC0361-e1678976654141-300x276.jpg 300w, https:\/\/hoyre.no\/content\/uploads\/sites\/348\/2023\/03\/DSC0361-e1678976654141-1024x943.jpg 1024w, https:\/\/hoyre.no\/content\/uploads\/sites\/348\/2023\/03\/DSC0361-e1678976654141.jpg 1321w\" sizes=\"auto, (max-width: 768px) 100vw, 768px\" \/>\t\t<\/div>\n\t\t\n\t\t\t<div class=\"teft-card__content-wrapper\">\n\t\t\t\t<div class=\"teft-card__secondary\">\n\t\t\t\t\t\n\t\t\t\t\t\t\t\t<div class=\"teft-card__meta\">\n\t\t\t\t\t\t\t\t\t<span class=\"post-date\">18. jan 2024<\/span>\n\n\t\t\t\t\t\t\t\t\t<span class=\"post-category\">Ukategorisert<\/span>\t\t\t\t\t\t\t\t<\/div>\n\t\t\t\t\t\t\t\t\t\t\t<\/div>\n\n\t\t\t\t<div class=\"teft-card__primary\">\n\t\t\t\t\t<h2 class=\"teft-card__title\">Bli bedre kjent med Yngve Magnus Fosse &#8211; v\u00e5r ordf\u00f8rer&nbsp;<span class=\"teft-card__primary-title-append\"><\/span><\/h2>\t\t\t\t<\/div>\n\t\t\t<\/div>\n\t\t<\/a>\n\t<\/div>\n\n\t<\/div><div class=\"is-card-hoyre\">\n\t<div class=\"teft-card hoyre-teft-card post-teft-card\">\n\t\t<a href=\"https:\/\/hoyre.no\/askoy\/aktuelt\/bli-bedre-kjent-med-malin-woll-skotnes\/\" class=\"teft-card__primary-action\">\n\n\t\t\t\t\t<div class=\"teft-card__media teft-card__media--16-9\">\n\t\t\t\t\t\t<img loading=\"lazy\" decoding=\"async\" width=\"768\" height=\"884\" src=\"https:\/\/hoyre.no\/content\/uploads\/sites\/348\/2023\/06\/Malin1-768x884.jpg\" class=\"attachment-medium_large size-medium_large\" alt=\"\" srcset=\"https:\/\/hoyre.no\/content\/uploads\/sites\/348\/2023\/06\/Malin1-768x884.jpg 768w, https:\/\/hoyre.no\/content\/uploads\/sites\/348\/2023\/06\/Malin1-261x300.jpg 261w, https:\/\/hoyre.no\/content\/uploads\/sites\/348\/2023\/06\/Malin1-889x1024.jpg 889w, https:\/\/hoyre.no\/content\/uploads\/sites\/348\/2023\/06\/Malin1-1334x1536.jpg 1334w, https:\/\/hoyre.no\/content\/uploads\/sites\/348\/2023\/06\/Malin1-1778x2048.jpg 1778w\" sizes=\"auto, (max-width: 768px) 100vw, 768px\" \/>\t\t<\/div>\n\t\t\n\t\t\t<div class=\"teft-card__content-wrapper\">\n\t\t\t\t<div class=\"teft-card__secondary\">\n\t\t\t\t\t\n\t\t\t\t\t\t\t\t<div class=\"teft-card__meta\">\n\t\t\t\t\t\t\t\t\t<span class=\"post-date\">14. jun 2023<\/span>\n\n\t\t\t\t\t\t\t\t\t\t\t\t\t\t\t\t\t<\/div>\n\t\t\t\t\t\t\t\t\t\t\t<\/div>\n\n\t\t\t\t<div class=\"teft-card__primary\">\n\t\t\t\t\t<h2 class=\"teft-card__title\">Malin, v\u00e5r 2.kandidat!&nbsp;<span class=\"teft-card__primary-title-append\"><\/span><\/h2>\t\t\t\t<\/div>\n\t\t\t<\/div>\n\t\t<\/a>\n\t<\/div>\n\n\t<\/div><div class=\"is-card-hoyre\">\n\t<div class=\"teft-card hoyre-teft-card post-teft-card\">\n\t\t<a href=\"https:\/\/hoyre.no\/askoy\/aktuelt\/instillingen-er-klar\/\" class=\"teft-card__primary-action\">\n\n\t\t\t<div class=\"teft-card__media teft-card__media--16-9 no-image\"><\/div>\n\t\t\t<div class=\"teft-card__content-wrapper\">\n\t\t\t\t<div class=\"teft-card__secondary\">\n\t\t\t\t\t\n\t\t\t\t\t\t\t\t<div class=\"teft-card__meta\">\n\t\t\t\t\t\t\t\t\t<span class=\"post-date\">2. nov 2022<\/span>\n\n\t\t\t\t\t\t\t\t\t\t\t\t\t\t\t\t\t<\/div>\n\t\t\t\t\t\t\t\t\t\t\t<\/div>\n\n\t\t\t\t<div class=\"teft-card__primary\">\n\t\t\t\t\t<h2 class=\"teft-card__title\">Innstillingen er klar!&nbsp;<span class=\"teft-card__primary-title-append\"><\/span><\/h2>\t\t\t\t<\/div>\n\t\t\t<\/div>\n\t\t<\/a>\n\t<\/div>\n\n\t<\/div><\/div>\t<\/div>\n<\/div>\n","protected":false},"excerpt":{"rendered":"","protected":false},"author":0,"featured_media":0,"comment_status":"closed","ping_status":"closed","sticky":false,"template":"","format":"standard","meta":{"teft_cards_image_url":"","teft_cards_custom_pretitle":"","teft_cards_image_id":0,"teft_cards_image_focal_point_x":0,"teft_cards_image_focal_point_y":0,"teft_cards_title":"","teft_cards_excerpt":"","teft_show_chapters":false,"author_display_name":"Nina Jarlind","footnotes":""},"category":[1],"post_tag":[],"hoyre-visibility":[],"article-type":[],"politician":[],"class_list":["post-20","post","type-post","status-publish","format-standard","hentry","category-ukategorisert"],"yoast_head":"<!-- This site is optimized with the Yoast SEO plugin v26.6 - https:\/\/yoast.com\/wordpress\/plugins\/seo\/ -->\n<title>Temaplan Barn og Familie - Ask\u00f8y H\u00f8yre<\/title>\n<meta name=\"robots\" content=\"index, follow, max-snippet:-1, max-image-preview:large, max-video-preview:-1\" \/>\n<link rel=\"canonical\" href=\"https:\/\/hoyre.no\/askoy\/aktuelt\/temaplan-barn-og-familie\/\" \/>\n<meta property=\"og:locale\" content=\"nb_NO\" \/>\n<meta property=\"og:type\" content=\"article\" \/>\n<meta property=\"og:title\" content=\"Temaplan Barn og Familie - Ask\u00f8y H\u00f8yre\" \/>\n<meta property=\"og:url\" content=\"https:\/\/hoyre.no\/askoy\/aktuelt\/temaplan-barn-og-familie\/\" \/>\n<meta property=\"og:site_name\" content=\"Ask\u00f8y H\u00f8yre\" \/>\n<meta property=\"article:published_time\" content=\"2015-07-19T17:05:27+00:00\" \/>\n<meta property=\"og:image\" content=\"https:\/\/hoyre.no\/content\/uploads\/sites\/348\/2022\/11\/Hoyres-logo.png\" \/>\n\t<meta property=\"og:image:width\" content=\"1000\" \/>\n\t<meta property=\"og:image:height\" content=\"1000\" \/>\n\t<meta property=\"og:image:type\" content=\"image\/png\" \/>\n<meta name=\"twitter:card\" content=\"summary_large_image\" \/>\n<meta name=\"twitter:label1\" content=\"Ansl. lesetid\" \/>\n\t<meta name=\"twitter:data1\" content=\"3 minutter\" \/>\n<script type=\"application\/ld+json\" class=\"yoast-schema-graph\">{\"@context\":\"https:\/\/schema.org\",\"@graph\":[{\"@type\":\"NewsArticle\",\"@id\":\"https:\/\/hoyre.no\/askoy\/aktuelt\/temaplan-barn-og-familie\/\",\"url\":\"https:\/\/hoyre.no\/askoy\/aktuelt\/temaplan-barn-og-familie\/\",\"name\":\"Temaplan Barn og Familie - Ask\u00f8y H\u00f8yre\",\"isPartOf\":{\"@id\":\"https:\/\/hoyre.no\/askoy\/#website\"},\"datePublished\":\"2015-07-19T17:05:27+00:00\",\"author\":{\"@id\":\"\"},\"breadcrumb\":{\"@id\":\"https:\/\/hoyre.no\/askoy\/aktuelt\/temaplan-barn-og-familie\/#breadcrumb\"},\"inLanguage\":\"nb-NO\",\"potentialAction\":[{\"@type\":\"ReadAction\",\"target\":[\"https:\/\/hoyre.no\/askoy\/aktuelt\/temaplan-barn-og-familie\/\"]}]},{\"@type\":\"BreadcrumbList\",\"@id\":\"https:\/\/hoyre.no\/askoy\/aktuelt\/temaplan-barn-og-familie\/#breadcrumb\",\"itemListElement\":[{\"@type\":\"ListItem\",\"position\":1,\"name\":\"Til hoyre.no\",\"item\":\"https:\/\/hoyre.no\"},{\"@type\":\"ListItem\",\"position\":2,\"name\":\"Hjem\",\"item\":\"https:\/\/hoyre.no\/askoy\/\"},{\"@type\":\"ListItem\",\"position\":3,\"name\":\"Temaplan Barn og Familie\"}]},{\"@type\":\"WebSite\",\"@id\":\"https:\/\/hoyre.no\/askoy\/#website\",\"url\":\"https:\/\/hoyre.no\/askoy\/\",\"name\":\"Ask\u00f8y H\u00f8yre\",\"description\":\"Bare enda et H\u00f8yres nettsteder-nettsted\",\"inLanguage\":\"nb-NO\"}]}<\/script>\n<!-- \/ Yoast SEO plugin. -->","yoast_head_json":{"title":"Temaplan Barn og Familie - Ask\u00f8y H\u00f8yre","robots":{"index":"index","follow":"follow","max-snippet":"max-snippet:-1","max-image-preview":"max-image-preview:large","max-video-preview":"max-video-preview:-1"},"canonical":"https:\/\/hoyre.no\/askoy\/aktuelt\/temaplan-barn-og-familie\/","og_locale":"nb_NO","og_type":"article","og_title":"Temaplan Barn og Familie - Ask\u00f8y H\u00f8yre","og_url":"https:\/\/hoyre.no\/askoy\/aktuelt\/temaplan-barn-og-familie\/","og_site_name":"Ask\u00f8y H\u00f8yre","article_published_time":"2015-07-19T17:05:27+00:00","og_image":[{"width":1000,"height":1000,"url":"https:\/\/hoyre.no\/content\/uploads\/sites\/348\/2022\/11\/Hoyres-logo.png","type":"image\/png"}],"twitter_card":"summary_large_image","twitter_misc":{"Ansl. lesetid":"3 minutter"},"schema":{"@context":"https:\/\/schema.org","@graph":[{"@type":"NewsArticle","@id":"https:\/\/hoyre.no\/askoy\/aktuelt\/temaplan-barn-og-familie\/","url":"https:\/\/hoyre.no\/askoy\/aktuelt\/temaplan-barn-og-familie\/","name":"Temaplan Barn og Familie - Ask\u00f8y H\u00f8yre","isPartOf":{"@id":"https:\/\/hoyre.no\/askoy\/#website"},"datePublished":"2015-07-19T17:05:27+00:00","author":{"@id":""},"breadcrumb":{"@id":"https:\/\/hoyre.no\/askoy\/aktuelt\/temaplan-barn-og-familie\/#breadcrumb"},"inLanguage":"nb-NO","potentialAction":[{"@type":"ReadAction","target":["https:\/\/hoyre.no\/askoy\/aktuelt\/temaplan-barn-og-familie\/"]}]},{"@type":"BreadcrumbList","@id":"https:\/\/hoyre.no\/askoy\/aktuelt\/temaplan-barn-og-familie\/#breadcrumb","itemListElement":[{"@type":"ListItem","position":1,"name":"Til hoyre.no","item":"https:\/\/hoyre.no"},{"@type":"ListItem","position":2,"name":"Hjem","item":"https:\/\/hoyre.no\/askoy\/"},{"@type":"ListItem","position":3,"name":"Temaplan Barn og Familie"}]},{"@type":"WebSite","@id":"https:\/\/hoyre.no\/askoy\/#website","url":"https:\/\/hoyre.no\/askoy\/","name":"Ask\u00f8y H\u00f8yre","description":"Bare enda et H\u00f8yres nettsteder-nettsted","inLanguage":"nb-NO"}]}},"distributor_meta":false,"distributor_terms":false,"distributor_media":false,"distributor_original_site_name":"Ask\u00f8y H\u00f8yre","distributor_original_site_url":"https:\/\/hoyre.no\/askoy","push-errors":false,"_links":{"self":[{"href":"https:\/\/hoyre.no\/askoy\/wp-json\/wp\/v2\/posts\/20","targetHints":{"allow":["GET"]}}],"collection":[{"href":"https:\/\/hoyre.no\/askoy\/wp-json\/wp\/v2\/posts"}],"about":[{"href":"https:\/\/hoyre.no\/askoy\/wp-json\/wp\/v2\/types\/post"}],"replies":[{"embeddable":true,"href":"https:\/\/hoyre.no\/askoy\/wp-json\/wp\/v2\/comments?post=20"}],"version-history":[{"count":0,"href":"https:\/\/hoyre.no\/askoy\/wp-json\/wp\/v2\/posts\/20\/revisions"}],"wp:attachment":[{"href":"https:\/\/hoyre.no\/askoy\/wp-json\/wp\/v2\/media?parent=20"}],"wp:term":[{"taxonomy":"category","embeddable":true,"href":"https:\/\/hoyre.no\/askoy\/wp-json\/wp\/v2\/category?post=20"},{"taxonomy":"post_tag","embeddable":true,"href":"https:\/\/hoyre.no\/askoy\/wp-json\/wp\/v2\/post_tag?post=20"},{"taxonomy":"hoyre-visibility","embeddable":true,"href":"https:\/\/hoyre.no\/askoy\/wp-json\/wp\/v2\/hoyre-visibility?post=20"},{"taxonomy":"article-type","embeddable":true,"href":"https:\/\/hoyre.no\/askoy\/wp-json\/wp\/v2\/article-type?post=20"},{"taxonomy":"politician","embeddable":true,"href":"https:\/\/hoyre.no\/askoy\/wp-json\/wp\/v2\/politician?post=20"}],"curies":[{"name":"wp","href":"https:\/\/api.w.org\/{rel}","templated":true}]}}