{"id":31,"date":"2022-11-02T09:21:23","date_gmt":"2022-11-02T08:21:23","guid":{"rendered":"https:\/\/hoyre.no\/askoy\/?p=31"},"modified":"2022-11-02T09:57:41","modified_gmt":"2022-11-02T08:57:41","slug":"instillingen-er-klar","status":"publish","type":"post","link":"https:\/\/hoyre.no\/askoy\/aktuelt\/instillingen-er-klar\/","title":{"rendered":"Innstillingen er klar!"},"content":{"rendered":"\n<p class=\"preamble\">Nominasjonskomit\u00e9en i Ask\u00f8y H\u00f8yre har n\u00e5 offentliggjort sin innstilling til kandidatliste til kommunevalget i 2023. <\/p>\t\t\t<div class=\"post-meta wp-block teft-byline-wrapper\">\n\t\t\t\t<div class=\"top\">\n\t\t\t\t\t<div class=\"signature\">\n\t\t\t\t\t\t<div class=\"teft-byline\">\n\t\t\t\t\t\t\t\t\t\t\t\t\t\t<div>\n\t\t\t\t\t\t\t\t<h3>H\u00f8yres redaksjon<\/h3>\t\t\t\t\t\t\t\t\n\t\t\t\t\t\t\t\t\t\t\t\t\t\t\t\t\t<span class=\"date\">Sist oppdatert: 2. november 2022<\/span>\n\t\t\t\t\t\t\t\t\t\t\t\t\t\t\t\t\t\t\t\t\t\t\t\t\t<span class=\"reading-time\" itemprop=\"timeRequired\" content=\"PT1M\"><em>Ca. 1 minutter lesetid<\/em><\/span>\n\t\t\t\t\t\t\t\t\t\t\t\t\t\t\t<\/div>\n\t\t\t\t\t\t<\/div>\n\t\t\t\t\t<\/div>\n\t\t\t\t\t\t<div class=\"sharing\">\n\t\t<a class=\"share-button share-link copy-link\" data-copy=\"https:\/\/hoyre.no\/askoy\/aktuelt\/instillingen-er-klar\/\" target=\"_blank\"><span class=\"screen-reader-text\">Del link<\/span><\/a>\n\t\t<a class=\"share-button share-twitter\" href=\"http:\/\/twitter.com\/share?text=Innstillingen er klar!&#038;url=https:\/\/hoyre.no\/askoy\/aktuelt\/instillingen-er-klar\/&#038;hashtags=Hoyre\" target=\"_blank\"><span class=\"screen-reader-text\">Del p\u00e5 twitter<\/span><\/a>\n\t\t<a class=\"share-button share-facebook\" href=\"https:\/\/www.facebook.com\/sharer\/sharer.php?u=https:\/\/hoyre.no\/askoy\/aktuelt\/instillingen-er-klar\/\" target=\"_blank\"><span class=\"screen-reader-text\">Del p\u00e5 facebook<\/span><\/a>\n\t<\/div>\n\t\t\t\t\t<\/div>\n\t\t\t<\/div>\n\n\t\t\t<figure class=\"hoyre-image-wrapper\"><div class=\"hoyre-image\"><img loading=\"lazy\" decoding=\"async\" width=\"1000\" height=\"1000\" src=\"https:\/\/hoyre.no\/content\/uploads\/sites\/348\/2022\/11\/hoyre.jpg\" class=\"attachment-scaled size-scaled\" alt=\"\" style=\"object-position: 53% 33%\" srcset=\"https:\/\/hoyre.no\/content\/uploads\/sites\/348\/2022\/11\/hoyre.jpg 1000w, https:\/\/hoyre.no\/content\/uploads\/sites\/348\/2022\/11\/hoyre-300x300.jpg 300w, https:\/\/hoyre.no\/content\/uploads\/sites\/348\/2022\/11\/hoyre-150x150.jpg 150w, https:\/\/hoyre.no\/content\/uploads\/sites\/348\/2022\/11\/hoyre-768x768.jpg 768w\" sizes=\"auto, (max-width: 1000px) 100vw, 1000px\" \/><\/div><\/figure>\n\n\n\n\n<p>Nominasjonskomit\u00e9en i Ask\u00f8y H\u00f8yre har n\u00e5 kommet med sin innstilling til kandidatliste. De tre \u00f8verste p\u00e5 listen ble alle valgt i en tidlig nominasjon i v\u00e5r, deriblandt ordf\u00f8rerkandidat Yngve Fosse. Vi presenterer det vi mener er en sterk liste med en fin miks av erfarne og nye politikere. P\u00e5 topp ti har vi faktisk tre helt nye navn og fem som kun har sittet en periode i kommunestyret. Nina Jarlind og Tom Christer Nilsen er de eneste som har sittet lenger enn en periode. Vi har stor tro p\u00e5 at de som n\u00e5 st\u00e5r p\u00e5 listen vil gj\u00f8re en veldig god jobb for Ask\u00f8y og for H\u00f8yre, sier Lene Utkilen som er leder for nominasjonskomit\u00e9en. <\/p>\n\n\n\n<figure class=\"wp-block-image size-full\"><img loading=\"lazy\" decoding=\"async\" width=\"457\" height=\"638\" src=\"https:\/\/hoyre.no\/content\/uploads\/sites\/348\/2022\/11\/Nominasjonskomiteens-listeforslag-kommunevalget-2023-1.png\" alt=\"\" class=\"wp-image-33\" srcset=\"https:\/\/hoyre.no\/content\/uploads\/sites\/348\/2022\/11\/Nominasjonskomiteens-listeforslag-kommunevalget-2023-1.png 457w, https:\/\/hoyre.no\/content\/uploads\/sites\/348\/2022\/11\/Nominasjonskomiteens-listeforslag-kommunevalget-2023-1-215x300.png 215w\" sizes=\"auto, (max-width: 457px) 100vw, 457px\" \/><\/figure>\n\n\n\n<p>Nominasjonsm\u00f8tet til Ask\u00f8y H\u00f8yre finner sted tirsdag 15.november kl 18.00 i kommunestyresalen p\u00e5 Ask\u00f8y R\u00e5dhus. \u00c5rsm\u00f8tet vil gjennomf\u00f8res samtidig. <\/p>\n\n\n<div class=\"tags\">\n\t<\/div>\n<div class=\"post-footer alignfull has-background block-editor-block-list__block\" data-align=full>\n\t<div class=\"post-footer-inner\">\n\t\t<h3>Relaterte artikler<\/h3>\n\t\t<div class=\"related-content\"><div class=\"is-card-hoyre\">\n\t<div class=\"teft-card hoyre-teft-card post-teft-card\">\n\t\t<a href=\"https:\/\/hoyre.no\/askoy\/aktuelt\/bli-bedre-kjent-med-yngve-magnus-fosse-var-ordforer\/\" class=\"teft-card__primary-action\">\n\n\t\t\t\t\t<div class=\"teft-card__media teft-card__media--16-9\">\n\t\t\t\t\t\t<img loading=\"lazy\" decoding=\"async\" width=\"768\" height=\"708\" src=\"https:\/\/hoyre.no\/content\/uploads\/sites\/348\/2023\/03\/DSC0361-e1678976654141-768x708.jpg\" class=\"attachment-medium_large size-medium_large\" alt=\"\" srcset=\"https:\/\/hoyre.no\/content\/uploads\/sites\/348\/2023\/03\/DSC0361-e1678976654141-768x708.jpg 768w, https:\/\/hoyre.no\/content\/uploads\/sites\/348\/2023\/03\/DSC0361-e1678976654141-300x276.jpg 300w, https:\/\/hoyre.no\/content\/uploads\/sites\/348\/2023\/03\/DSC0361-e1678976654141-1024x943.jpg 1024w, https:\/\/hoyre.no\/content\/uploads\/sites\/348\/2023\/03\/DSC0361-e1678976654141.jpg 1321w\" sizes=\"auto, (max-width: 768px) 100vw, 768px\" \/>\t\t<\/div>\n\t\t\n\t\t\t<div class=\"teft-card__content-wrapper\">\n\t\t\t\t<div class=\"teft-card__secondary\">\n\t\t\t\t\t\n\t\t\t\t\t\t\t\t<div class=\"teft-card__meta\">\n\t\t\t\t\t\t\t\t\t<span class=\"post-date\">18. jan 2024<\/span>\n\n\t\t\t\t\t\t\t\t\t<span class=\"post-category\">Ukategorisert<\/span>\t\t\t\t\t\t\t\t<\/div>\n\t\t\t\t\t\t\t\t\t\t\t<\/div>\n\n\t\t\t\t<div class=\"teft-card__primary\">\n\t\t\t\t\t<h2 class=\"teft-card__title\">Bli bedre kjent med Yngve Magnus Fosse &#8211; v\u00e5r ordf\u00f8rer&nbsp;<span class=\"teft-card__primary-title-append\"><\/span><\/h2>\t\t\t\t<\/div>\n\t\t\t<\/div>\n\t\t<\/a>\n\t<\/div>\n\n\t<\/div><div class=\"is-card-hoyre\">\n\t<div class=\"teft-card hoyre-teft-card post-teft-card\">\n\t\t<a href=\"https:\/\/hoyre.no\/askoy\/aktuelt\/bli-bedre-kjent-med-malin-woll-skotnes\/\" class=\"teft-card__primary-action\">\n\n\t\t\t\t\t<div class=\"teft-card__media teft-card__media--16-9\">\n\t\t\t\t\t\t<img loading=\"lazy\" decoding=\"async\" width=\"768\" height=\"884\" src=\"https:\/\/hoyre.no\/content\/uploads\/sites\/348\/2023\/06\/Malin1-768x884.jpg\" class=\"attachment-medium_large size-medium_large\" alt=\"\" srcset=\"https:\/\/hoyre.no\/content\/uploads\/sites\/348\/2023\/06\/Malin1-768x884.jpg 768w, https:\/\/hoyre.no\/content\/uploads\/sites\/348\/2023\/06\/Malin1-261x300.jpg 261w, https:\/\/hoyre.no\/content\/uploads\/sites\/348\/2023\/06\/Malin1-889x1024.jpg 889w, https:\/\/hoyre.no\/content\/uploads\/sites\/348\/2023\/06\/Malin1-1334x1536.jpg 1334w, https:\/\/hoyre.no\/content\/uploads\/sites\/348\/2023\/06\/Malin1-1778x2048.jpg 1778w\" sizes=\"auto, (max-width: 768px) 100vw, 768px\" \/>\t\t<\/div>\n\t\t\n\t\t\t<div class=\"teft-card__content-wrapper\">\n\t\t\t\t<div class=\"teft-card__secondary\">\n\t\t\t\t\t\n\t\t\t\t\t\t\t\t<div class=\"teft-card__meta\">\n\t\t\t\t\t\t\t\t\t<span class=\"post-date\">14. jun 2023<\/span>\n\n\t\t\t\t\t\t\t\t\t\t\t\t\t\t\t\t\t<\/div>\n\t\t\t\t\t\t\t\t\t\t\t<\/div>\n\n\t\t\t\t<div class=\"teft-card__primary\">\n\t\t\t\t\t<h2 class=\"teft-card__title\">Malin, v\u00e5r 2.kandidat!&nbsp;<span class=\"teft-card__primary-title-append\"><\/span><\/h2>\t\t\t\t<\/div>\n\t\t\t<\/div>\n\t\t<\/a>\n\t<\/div>\n\n\t<\/div><div class=\"is-card-hoyre\">\n\t<div class=\"teft-card hoyre-teft-card post-teft-card\">\n\t\t<a href=\"https:\/\/hoyre.no\/askoy\/aktuelt\/program_2019_2023\/\" class=\"teft-card__primary-action\">\n\n\t\t\t\t\t<div class=\"teft-card__media teft-card__media--16-9\">\n\t\t\t\t\t\t<img loading=\"lazy\" decoding=\"async\" width=\"768\" height=\"635\" src=\"https:\/\/hoyre.no\/content\/uploads\/sites\/348\/2020\/11\/nynorsk-768x635.jpg\" class=\"attachment-medium_large size-medium_large\" alt=\"\" srcset=\"https:\/\/hoyre.no\/content\/uploads\/sites\/348\/2020\/11\/nynorsk-768x635.jpg 768w, https:\/\/hoyre.no\/content\/uploads\/sites\/348\/2020\/11\/nynorsk-300x248.jpg 300w, https:\/\/hoyre.no\/content\/uploads\/sites\/348\/2020\/11\/nynorsk-1024x847.jpg 1024w, https:\/\/hoyre.no\/content\/uploads\/sites\/348\/2020\/11\/nynorsk-1536x1270.jpg 1536w, https:\/\/hoyre.no\/content\/uploads\/sites\/348\/2020\/11\/nynorsk-2048x1694.jpg 2048w\" sizes=\"auto, (max-width: 768px) 100vw, 768px\" \/>\t\t<\/div>\n\t\t\n\t\t\t<div class=\"teft-card__content-wrapper\">\n\t\t\t\t<div class=\"teft-card__secondary\">\n\t\t\t\t\t\n\t\t\t\t\t\t\t\t<div class=\"teft-card__meta\">\n\t\t\t\t\t\t\t\t\t<span class=\"post-date\">8. jul 2019<\/span>\n\n\t\t\t\t\t\t\t\t\t\t\t\t\t\t\t\t\t<\/div>\n\t\t\t\t\t\t\t\t\t\t\t<\/div>\n\n\t\t\t\t<div class=\"teft-card__primary\">\n\t\t\t\t\t<h2 class=\"teft-card__title\">Program 2019-2023 (nynorsk)&nbsp;<span class=\"teft-card__primary-title-append\"><\/span><\/h2>\t\t\t\t<\/div>\n\t\t\t<\/div>\n\t\t<\/a>\n\t<\/div>\n\n\t<\/div><\/div>\t<\/div>\n<\/div>\n","protected":false},"excerpt":{"rendered":"","protected":false},"author":24723,"featured_media":0,"comment_status":"closed","ping_status":"closed","sticky":false,"template":"","format":"standard","meta":{"teft_cards_image_url":"","teft_cards_custom_pretitle":"","teft_cards_image_id":0,"teft_cards_image_focal_point_x":0,"teft_cards_image_focal_point_y":0,"teft_cards_title":"","teft_cards_excerpt":"","teft_show_chapters":false,"author_display_name":"","footnotes":""},"category":[1],"post_tag":[],"hoyre-visibility":[],"article-type":[],"politician":[],"class_list":["post-31","post","type-post","status-publish","format-standard","hentry","category-ukategorisert"],"yoast_head":"<!-- This site is optimized with the Yoast SEO plugin v26.6 - https:\/\/yoast.com\/wordpress\/plugins\/seo\/ -->\n<title>Innstillingen er klar! - Ask\u00f8y H\u00f8yre<\/title>\n<meta name=\"robots\" content=\"index, follow, max-snippet:-1, max-image-preview:large, max-video-preview:-1\" \/>\n<link rel=\"canonical\" href=\"https:\/\/hoyre.no\/askoy\/aktuelt\/instillingen-er-klar\/\" \/>\n<meta property=\"og:locale\" content=\"nb_NO\" \/>\n<meta property=\"og:type\" content=\"article\" \/>\n<meta property=\"og:title\" content=\"Innstillingen er klar! - Ask\u00f8y H\u00f8yre\" \/>\n<meta property=\"og:url\" content=\"https:\/\/hoyre.no\/askoy\/aktuelt\/instillingen-er-klar\/\" \/>\n<meta property=\"og:site_name\" content=\"Ask\u00f8y H\u00f8yre\" \/>\n<meta property=\"article:published_time\" content=\"2022-11-02T08:21:23+00:00\" \/>\n<meta property=\"article:modified_time\" content=\"2022-11-02T08:57:41+00:00\" \/>\n<meta property=\"og:image\" content=\"https:\/\/hoyre.no\/content\/uploads\/sites\/348\/2020\/11\/nynorsk-1024x847.jpg\" \/>\n<meta name=\"author\" content=\"Yngve Magnus Tvedt Fosse\" \/>\n<meta name=\"twitter:card\" content=\"summary_large_image\" \/>\n<meta name=\"twitter:label1\" content=\"Skrevet av\" \/>\n\t<meta name=\"twitter:data1\" content=\"Yngve Magnus Tvedt Fosse\" \/>\n\t<meta name=\"twitter:label2\" content=\"Ansl. lesetid\" \/>\n\t<meta name=\"twitter:data2\" content=\"2 minutter\" \/>\n<script type=\"application\/ld+json\" class=\"yoast-schema-graph\">{\"@context\":\"https:\/\/schema.org\",\"@graph\":[{\"@type\":\"NewsArticle\",\"@id\":\"https:\/\/hoyre.no\/askoy\/aktuelt\/instillingen-er-klar\/\",\"url\":\"https:\/\/hoyre.no\/askoy\/aktuelt\/instillingen-er-klar\/\",\"name\":\"Innstillingen er klar! - Ask\u00f8y H\u00f8yre\",\"isPartOf\":{\"@id\":\"https:\/\/hoyre.no\/askoy\/#website\"},\"image\":{\"@id\":\"https:\/\/hoyre.no\/askoy\/aktuelt\/instillingen-er-klar\/#primaryimage\"},\"thumbnailUrl\":\"https:\/\/hoyre.no\/content\/uploads\/sites\/348\/2022\/11\/Nominasjonskomiteens-listeforslag-kommunevalget-2023-1.png\",\"datePublished\":\"2022-11-02T08:21:23+00:00\",\"dateModified\":\"2022-11-02T08:57:41+00:00\",\"author\":{\"@id\":\"https:\/\/hoyre.no\/askoy\/#\/schema\/person\/96565eedfb59c1ae7c4e0162edeb3580\"},\"breadcrumb\":{\"@id\":\"https:\/\/hoyre.no\/askoy\/aktuelt\/instillingen-er-klar\/#breadcrumb\"},\"inLanguage\":\"nb-NO\",\"potentialAction\":[{\"@type\":\"ReadAction\",\"target\":[\"https:\/\/hoyre.no\/askoy\/aktuelt\/instillingen-er-klar\/\"]}]},{\"@type\":\"ImageObject\",\"inLanguage\":\"nb-NO\",\"@id\":\"https:\/\/hoyre.no\/askoy\/aktuelt\/instillingen-er-klar\/#primaryimage\",\"url\":\"https:\/\/hoyre.no\/content\/uploads\/sites\/348\/2022\/11\/Nominasjonskomiteens-listeforslag-kommunevalget-2023-1.png\",\"contentUrl\":\"https:\/\/hoyre.no\/content\/uploads\/sites\/348\/2022\/11\/Nominasjonskomiteens-listeforslag-kommunevalget-2023-1.png\"},{\"@type\":\"BreadcrumbList\",\"@id\":\"https:\/\/hoyre.no\/askoy\/aktuelt\/instillingen-er-klar\/#breadcrumb\",\"itemListElement\":[{\"@type\":\"ListItem\",\"position\":1,\"name\":\"Til hoyre.no\",\"item\":\"https:\/\/hoyre.no\"},{\"@type\":\"ListItem\",\"position\":2,\"name\":\"Hjem\",\"item\":\"https:\/\/hoyre.no\/askoy\/\"},{\"@type\":\"ListItem\",\"position\":3,\"name\":\"Innstillingen er klar!\"}]},{\"@type\":\"WebSite\",\"@id\":\"https:\/\/hoyre.no\/askoy\/#website\",\"url\":\"https:\/\/hoyre.no\/askoy\/\",\"name\":\"Ask\u00f8y H\u00f8yre\",\"description\":\"Bare enda et H\u00f8yres nettsteder-nettsted\",\"inLanguage\":\"nb-NO\"},{\"@type\":\"Person\",\"@id\":\"https:\/\/hoyre.no\/askoy\/#\/schema\/person\/96565eedfb59c1ae7c4e0162edeb3580\",\"name\":\"Yngve Magnus Tvedt Fosse\",\"image\":{\"@type\":\"ImageObject\",\"inLanguage\":\"nb-NO\",\"@id\":\"https:\/\/hoyre.no\/askoy\/#\/schema\/person\/image\/\",\"url\":\"https:\/\/secure.gravatar.com\/avatar\/fb8c346ba0a70519ac873c07028efbff31336e3d6b60c98d981daf4dd5fd7aab?s=96&d=mm&r=g\",\"contentUrl\":\"https:\/\/secure.gravatar.com\/avatar\/fb8c346ba0a70519ac873c07028efbff31336e3d6b60c98d981daf4dd5fd7aab?s=96&d=mm&r=g\",\"caption\":\"Yngve Magnus Tvedt Fosse\"},\"url\":\"https:\/\/hoyre.no\/askoy\/aktuelt\/author\/m51855500\/\"}]}<\/script>\n<!-- \/ Yoast SEO plugin. -->","yoast_head_json":{"title":"Innstillingen er klar! - Ask\u00f8y H\u00f8yre","robots":{"index":"index","follow":"follow","max-snippet":"max-snippet:-1","max-image-preview":"max-image-preview:large","max-video-preview":"max-video-preview:-1"},"canonical":"https:\/\/hoyre.no\/askoy\/aktuelt\/instillingen-er-klar\/","og_locale":"nb_NO","og_type":"article","og_title":"Innstillingen er klar! - Ask\u00f8y H\u00f8yre","og_url":"https:\/\/hoyre.no\/askoy\/aktuelt\/instillingen-er-klar\/","og_site_name":"Ask\u00f8y H\u00f8yre","article_published_time":"2022-11-02T08:21:23+00:00","article_modified_time":"2022-11-02T08:57:41+00:00","og_image":[{"url":"https:\/\/hoyre.no\/content\/uploads\/sites\/348\/2020\/11\/nynorsk-1024x847.jpg","width":"","height":"","type":""}],"author":"Yngve Magnus Tvedt Fosse","twitter_card":"summary_large_image","twitter_misc":{"Skrevet av":"Yngve Magnus Tvedt Fosse","Ansl. lesetid":"2 minutter"},"schema":{"@context":"https:\/\/schema.org","@graph":[{"@type":"NewsArticle","@id":"https:\/\/hoyre.no\/askoy\/aktuelt\/instillingen-er-klar\/","url":"https:\/\/hoyre.no\/askoy\/aktuelt\/instillingen-er-klar\/","name":"Innstillingen er klar! - Ask\u00f8y H\u00f8yre","isPartOf":{"@id":"https:\/\/hoyre.no\/askoy\/#website"},"image":{"@id":"https:\/\/hoyre.no\/askoy\/aktuelt\/instillingen-er-klar\/#primaryimage"},"thumbnailUrl":"https:\/\/hoyre.no\/content\/uploads\/sites\/348\/2022\/11\/Nominasjonskomiteens-listeforslag-kommunevalget-2023-1.png","datePublished":"2022-11-02T08:21:23+00:00","dateModified":"2022-11-02T08:57:41+00:00","author":{"@id":"https:\/\/hoyre.no\/askoy\/#\/schema\/person\/96565eedfb59c1ae7c4e0162edeb3580"},"breadcrumb":{"@id":"https:\/\/hoyre.no\/askoy\/aktuelt\/instillingen-er-klar\/#breadcrumb"},"inLanguage":"nb-NO","potentialAction":[{"@type":"ReadAction","target":["https:\/\/hoyre.no\/askoy\/aktuelt\/instillingen-er-klar\/"]}]},{"@type":"ImageObject","inLanguage":"nb-NO","@id":"https:\/\/hoyre.no\/askoy\/aktuelt\/instillingen-er-klar\/#primaryimage","url":"https:\/\/hoyre.no\/content\/uploads\/sites\/348\/2022\/11\/Nominasjonskomiteens-listeforslag-kommunevalget-2023-1.png","contentUrl":"https:\/\/hoyre.no\/content\/uploads\/sites\/348\/2022\/11\/Nominasjonskomiteens-listeforslag-kommunevalget-2023-1.png"},{"@type":"BreadcrumbList","@id":"https:\/\/hoyre.no\/askoy\/aktuelt\/instillingen-er-klar\/#breadcrumb","itemListElement":[{"@type":"ListItem","position":1,"name":"Til hoyre.no","item":"https:\/\/hoyre.no"},{"@type":"ListItem","position":2,"name":"Hjem","item":"https:\/\/hoyre.no\/askoy\/"},{"@type":"ListItem","position":3,"name":"Innstillingen er klar!"}]},{"@type":"WebSite","@id":"https:\/\/hoyre.no\/askoy\/#website","url":"https:\/\/hoyre.no\/askoy\/","name":"Ask\u00f8y H\u00f8yre","description":"Bare enda et H\u00f8yres nettsteder-nettsted","inLanguage":"nb-NO"},{"@type":"Person","@id":"https:\/\/hoyre.no\/askoy\/#\/schema\/person\/96565eedfb59c1ae7c4e0162edeb3580","name":"Yngve Magnus Tvedt Fosse","image":{"@type":"ImageObject","inLanguage":"nb-NO","@id":"https:\/\/hoyre.no\/askoy\/#\/schema\/person\/image\/","url":"https:\/\/secure.gravatar.com\/avatar\/fb8c346ba0a70519ac873c07028efbff31336e3d6b60c98d981daf4dd5fd7aab?s=96&d=mm&r=g","contentUrl":"https:\/\/secure.gravatar.com\/avatar\/fb8c346ba0a70519ac873c07028efbff31336e3d6b60c98d981daf4dd5fd7aab?s=96&d=mm&r=g","caption":"Yngve Magnus Tvedt Fosse"},"url":"https:\/\/hoyre.no\/askoy\/aktuelt\/author\/m51855500\/"}]}},"distributor_meta":false,"distributor_terms":false,"distributor_media":false,"distributor_original_site_name":"Ask\u00f8y H\u00f8yre","distributor_original_site_url":"https:\/\/hoyre.no\/askoy","push-errors":false,"_links":{"self":[{"href":"https:\/\/hoyre.no\/askoy\/wp-json\/wp\/v2\/posts\/31","targetHints":{"allow":["GET"]}}],"collection":[{"href":"https:\/\/hoyre.no\/askoy\/wp-json\/wp\/v2\/posts"}],"about":[{"href":"https:\/\/hoyre.no\/askoy\/wp-json\/wp\/v2\/types\/post"}],"author":[{"embeddable":true,"href":"https:\/\/hoyre.no\/askoy\/wp-json\/wp\/v2\/users\/24723"}],"replies":[{"embeddable":true,"href":"https:\/\/hoyre.no\/askoy\/wp-json\/wp\/v2\/comments?post=31"}],"version-history":[{"count":2,"href":"https:\/\/hoyre.no\/askoy\/wp-json\/wp\/v2\/posts\/31\/revisions"}],"predecessor-version":[{"id":38,"href":"https:\/\/hoyre.no\/askoy\/wp-json\/wp\/v2\/posts\/31\/revisions\/38"}],"wp:attachment":[{"href":"https:\/\/hoyre.no\/askoy\/wp-json\/wp\/v2\/media?parent=31"}],"wp:term":[{"taxonomy":"category","embeddable":true,"href":"https:\/\/hoyre.no\/askoy\/wp-json\/wp\/v2\/category?post=31"},{"taxonomy":"post_tag","embeddable":true,"href":"https:\/\/hoyre.no\/askoy\/wp-json\/wp\/v2\/post_tag?post=31"},{"taxonomy":"hoyre-visibility","embeddable":true,"href":"https:\/\/hoyre.no\/askoy\/wp-json\/wp\/v2\/hoyre-visibility?post=31"},{"taxonomy":"article-type","embeddable":true,"href":"https:\/\/hoyre.no\/askoy\/wp-json\/wp\/v2\/article-type?post=31"},{"taxonomy":"politician","embeddable":true,"href":"https:\/\/hoyre.no\/askoy\/wp-json\/wp\/v2\/politician?post=31"}],"curies":[{"name":"wp","href":"https:\/\/api.w.org\/{rel}","templated":true}]}}