{"id":44,"date":"2024-01-18T11:05:51","date_gmt":"2024-01-18T10:05:51","guid":{"rendered":"https:\/\/hoyre.no\/askoy\/?p=44"},"modified":"2024-01-18T11:12:01","modified_gmt":"2024-01-18T10:12:01","slug":"bli-bedre-kjent-med-yngve-magnus-fosse-var-ordforer","status":"publish","type":"post","link":"https:\/\/hoyre.no\/askoy\/aktuelt\/bli-bedre-kjent-med-yngve-magnus-fosse-var-ordforer\/","title":{"rendered":"Bli bedre kjent med Yngve Magnus Fosse &#8211; v\u00e5r ordf\u00f8rer!"},"content":{"rendered":"\n\n<div class=\"wp-block-hoyre-banner undefined\"><div class=\"banner-inner\"><figure class=\"hoyre-image-wrapper\"><div class=\"hoyre-image\"><img loading=\"lazy\" decoding=\"async\" width=\"1980\" height=\"1320\" src=\"https:\/\/hoyre.no\/content\/uploads\/sites\/348\/2023\/03\/DSC0392.jpg\" class=\"attachment-scaled size-scaled\" alt=\"\" style=\"object-position: 42% 30%\" srcset=\"https:\/\/hoyre.no\/content\/uploads\/sites\/348\/2023\/03\/DSC0392.jpg 1980w, https:\/\/hoyre.no\/content\/uploads\/sites\/348\/2023\/03\/DSC0392-300x200.jpg 300w, https:\/\/hoyre.no\/content\/uploads\/sites\/348\/2023\/03\/DSC0392-1024x683.jpg 1024w, https:\/\/hoyre.no\/content\/uploads\/sites\/348\/2023\/03\/DSC0392-768x512.jpg 768w, https:\/\/hoyre.no\/content\/uploads\/sites\/348\/2023\/03\/DSC0392-1536x1024.jpg 1536w\" sizes=\"auto, (max-width: 1980px) 100vw, 1980px\" \/><\/div><\/figure><div class=\"banner-content\"><div class=\"entry-content\">\n<h2 class=\"wp-block-heading\">Bli bedre kjent med Yngve Magnus Fosse &#8211; v\u00e5r ordf\u00f8rer!<\/h2>\n\n\n\n<p><\/p>\n\n\n\n<div class=\"wp-block-buttons is-layout-flex wp-block-buttons-is-layout-flex\"><\/div>\n<\/div><\/div><\/div><\/div>\n\n\n\n<div class=\"wp-block-buttons is-layout-flex wp-block-buttons-is-layout-flex\">\n<div class=\"wp-block-button\"><a class=\"wp-block-button__link wp-element-button\" href=\"https:\/\/www.facebook.com\/profile.php?id=100084503032430\" target=\"_blank\" rel=\"noreferrer noopener\">F\u00f8lg yngve p\u00e5 facebook<\/a><\/div>\n\n\n\n<div class=\"wp-block-button\"><a class=\"wp-block-button__link wp-element-button\" href=\"https:\/\/www.instagram.com\/yngve.fosse\/?hl=en\" target=\"_blank\" rel=\"noreferrer noopener\">F\u00f8lg Yngve p\u00e5 Instagram<\/a><\/div>\n<\/div>\n\n\n\n<div class=\"wp-block-buttons is-layout-flex wp-block-buttons-is-layout-flex\">\n<div class=\"wp-block-button\"><a class=\"wp-block-button__link wp-element-button\" href=\"https:\/\/www.facebook.com\/AskoyHoyre\/\" target=\"_blank\" rel=\"noreferrer noopener\">F\u00f8lg Ask\u00f8y h\u00f8yre p\u00e5 facebook<\/a><\/div>\n<\/div>\n\n\n\n<div class=\"wp-block-hoyre-banner undefined\"><div class=\"banner-inner\"><div class=\"banner-content\"><div class=\"entry-content\">\n<h2 class=\"wp-block-heading\">Bli bedre kjent med Yngve! <\/h2>\n\n\n\n<p class=\"has-text-align-left\"><strong>Alder:<\/strong> 37 \u00e5r<\/p>\n\n\n\n<p class=\"has-text-align-left\"><strong>Bosted:<\/strong> Strusshamn<\/p>\n\n\n\n<p class=\"has-text-align-left\"><strong>Sivilstatus:<\/strong> Gift med Sara og far til Sigrid, Johannes og Solveig<\/p>\n\n\n\n<p class=\"has-text-align-left\"><strong>Jobb: <\/strong>Avdelingsleder i Equinor<\/p>\n\n\n\n<p class=\"has-text-align-left\"><strong>Bakgrunn:<\/strong> Utdannet sivilingeni\u00f8r og bedrifts\u00f8konom, jobbet i oljebransjen i 15 \u00e5r. <\/p>\n\n\n\n<p class=\"has-text-align-left\"><strong>Politisk erfaring:<\/strong> Medlem av utvalg for oppvekst i perioden 2015-19. Fast medlem i kommunestyret og formannskapet siden 2019. Gruppeleder for H\u00f8yre siden 2019.<\/p>\n\n\n\n<p class=\"has-text-align-left\"><strong>Hvorfor H\u00f8yre? <\/strong>Jeg \u00f8nsket \u00e5 gj\u00f8re en innsats for Ask\u00f8y da vi flyttet hit i 2014. Meldte meg inn i H\u00f8yre da jeg f\u00f8lte meg mest hjemme der. Det viktigste punktene for meg var: 1. Like muligheter for alle, men samtidig erkjenne at vi har ulikt utgangspunkt. 2. Vi m\u00e5 slippe alle gode krefter til ogs\u00e5 private. 3. Legge til rette for n\u00e6ringsutvikling og arbeidsplasser. <\/p>\n\n\n\n<p class=\"has-text-align-left\"><strong>Fritidsinteresser:<\/strong> Politikk, snekkerarbeid og byggeprosjekter, trening (litt for sjelden), g\u00f8y sammen med familie og venner. <\/p>\n\n\n\n<div class=\"wp-block-buttons is-layout-flex wp-block-buttons-is-layout-flex\"><\/div>\n<\/div><\/div><\/div><\/div>\n\n\n<div class=\"wp-block-image\">\n<figure class=\"alignright size-full is-resized\"><img loading=\"lazy\" decoding=\"async\" src=\"https:\/\/hoyre.no\/content\/uploads\/sites\/348\/2023\/03\/nr-6-2.png\" alt=\"\" class=\"wp-image-62\" style=\"width:340px;height:255px\" width=\"340\" height=\"255\" srcset=\"https:\/\/hoyre.no\/content\/uploads\/sites\/348\/2023\/03\/nr-6-2.png 604w, https:\/\/hoyre.no\/content\/uploads\/sites\/348\/2023\/03\/nr-6-2-300x225.png 300w\" sizes=\"auto, (max-width: 340px) 100vw, 340px\" \/><\/figure><\/div>\n\n\n<figure class=\"wp-block-image size-large is-resized\"><img loading=\"lazy\" decoding=\"async\" src=\"https:\/\/hoyre.no\/content\/uploads\/sites\/348\/2023\/03\/nr-2-1-768x1024.jpg\" alt=\"\" class=\"wp-image-58\" style=\"width:316px;height:420px\" width=\"316\" height=\"420\" srcset=\"https:\/\/hoyre.no\/content\/uploads\/sites\/348\/2023\/03\/nr-2-1-768x1023.jpg 768w, https:\/\/hoyre.no\/content\/uploads\/sites\/348\/2023\/03\/nr-2-1-225x300.jpg 225w, https:\/\/hoyre.no\/content\/uploads\/sites\/348\/2023\/03\/nr-2-1.jpg 866w\" sizes=\"auto, (max-width: 316px) 100vw, 316px\" \/><\/figure>\n\n\n\n<p><strong>Hvorfor \u00f8nsker du \u00e5 stille som ordf\u00f8rerkandidat for Ask\u00f8y H\u00f8yre?<\/strong> <\/p>\n\n\n\n<p>Det var ikke et helt enkelt valg. Ask\u00f8ypolitikken har lenge v\u00e6rt preget av harde fronter mellom partier, liten vilje til samarbeid og generelt d\u00e5rlig stemning i kommunestyret. Da jeg ble spurt trengte jeg litt tid, men jeg f\u00f8lte meg ikke ferdig med politikken. Jeg \u00f8nsker \u00e5 v\u00e6re med p\u00e5 \u00e5 endre det politiske klima p\u00e5 Ask\u00f8y, f\u00e5 tilliten tilbake til politikerne og f\u00f8re Ask\u00f8y i en positiv retning. Derfo var det viktig for meg at de jeg har jobbet mest med de siste fire \u00e5rene og \u00f8nsket \u00e5 v\u00e6re med videre. Samtidig har vi og f\u00e5tt inn flere nye som \u00f8nsker \u00e5 bidra s\u00e5 stemningen i partiet er god. Det ga meg troen p\u00e5 at vi sammen kunne gj\u00f8re en forskjell p\u00e5 Ask\u00f8y.<\/p>\n\n\n\n<p><\/p>\n\n\n<div class=\"tags\">\n\t<\/div>\n<div class=\"post-footer alignfull has-background block-editor-block-list__block\" data-align=full>\n\t<div class=\"post-footer-inner\">\n\t\t<h3>Relaterte artikler<\/h3>\n\t\t<div class=\"related-content\"><div class=\"is-card-hoyre\">\n\t<div class=\"teft-card hoyre-teft-card post-teft-card\">\n\t\t<a href=\"https:\/\/hoyre.no\/askoy\/aktuelt\/bli-bedre-kjent-med-malin-woll-skotnes\/\" class=\"teft-card__primary-action\">\n\n\t\t\t\t\t<div class=\"teft-card__media teft-card__media--16-9\">\n\t\t\t\t\t\t<img loading=\"lazy\" decoding=\"async\" width=\"768\" height=\"884\" src=\"https:\/\/hoyre.no\/content\/uploads\/sites\/348\/2023\/06\/Malin1-768x884.jpg\" class=\"attachment-medium_large size-medium_large\" alt=\"\" srcset=\"https:\/\/hoyre.no\/content\/uploads\/sites\/348\/2023\/06\/Malin1-768x884.jpg 768w, https:\/\/hoyre.no\/content\/uploads\/sites\/348\/2023\/06\/Malin1-261x300.jpg 261w, https:\/\/hoyre.no\/content\/uploads\/sites\/348\/2023\/06\/Malin1-889x1024.jpg 889w, https:\/\/hoyre.no\/content\/uploads\/sites\/348\/2023\/06\/Malin1-1334x1536.jpg 1334w, https:\/\/hoyre.no\/content\/uploads\/sites\/348\/2023\/06\/Malin1-1778x2048.jpg 1778w\" sizes=\"auto, (max-width: 768px) 100vw, 768px\" \/>\t\t<\/div>\n\t\t\n\t\t\t<div class=\"teft-card__content-wrapper\">\n\t\t\t\t<div class=\"teft-card__secondary\">\n\t\t\t\t\t\n\t\t\t\t\t\t\t\t<div class=\"teft-card__meta\">\n\t\t\t\t\t\t\t\t\t<span class=\"post-date\">14. jun 2023<\/span>\n\n\t\t\t\t\t\t\t\t\t\t\t\t\t\t\t\t\t<\/div>\n\t\t\t\t\t\t\t\t\t\t\t<\/div>\n\n\t\t\t\t<div class=\"teft-card__primary\">\n\t\t\t\t\t<h2 class=\"teft-card__title\">Malin, v\u00e5r 2.kandidat!&nbsp;<span class=\"teft-card__primary-title-append\"><\/span><\/h2>\t\t\t\t<\/div>\n\t\t\t<\/div>\n\t\t<\/a>\n\t<\/div>\n\n\t<\/div><div class=\"is-card-hoyre\">\n\t<div class=\"teft-card hoyre-teft-card post-teft-card\">\n\t\t<a href=\"https:\/\/hoyre.no\/askoy\/aktuelt\/instillingen-er-klar\/\" class=\"teft-card__primary-action\">\n\n\t\t\t<div class=\"teft-card__media teft-card__media--16-9 no-image\"><\/div>\n\t\t\t<div class=\"teft-card__content-wrapper\">\n\t\t\t\t<div class=\"teft-card__secondary\">\n\t\t\t\t\t\n\t\t\t\t\t\t\t\t<div class=\"teft-card__meta\">\n\t\t\t\t\t\t\t\t\t<span class=\"post-date\">2. nov 2022<\/span>\n\n\t\t\t\t\t\t\t\t\t\t\t\t\t\t\t\t\t<\/div>\n\t\t\t\t\t\t\t\t\t\t\t<\/div>\n\n\t\t\t\t<div class=\"teft-card__primary\">\n\t\t\t\t\t<h2 class=\"teft-card__title\">Innstillingen er klar!&nbsp;<span class=\"teft-card__primary-title-append\"><\/span><\/h2>\t\t\t\t<\/div>\n\t\t\t<\/div>\n\t\t<\/a>\n\t<\/div>\n\n\t<\/div><div class=\"is-card-hoyre\">\n\t<div class=\"teft-card hoyre-teft-card post-teft-card\">\n\t\t<a href=\"https:\/\/hoyre.no\/askoy\/aktuelt\/program_2019_2023\/\" class=\"teft-card__primary-action\">\n\n\t\t\t\t\t<div class=\"teft-card__media teft-card__media--16-9\">\n\t\t\t\t\t\t<img loading=\"lazy\" decoding=\"async\" width=\"768\" height=\"635\" src=\"https:\/\/hoyre.no\/content\/uploads\/sites\/348\/2020\/11\/nynorsk-768x635.jpg\" class=\"attachment-medium_large size-medium_large\" alt=\"\" srcset=\"https:\/\/hoyre.no\/content\/uploads\/sites\/348\/2020\/11\/nynorsk-768x635.jpg 768w, https:\/\/hoyre.no\/content\/uploads\/sites\/348\/2020\/11\/nynorsk-300x248.jpg 300w, https:\/\/hoyre.no\/content\/uploads\/sites\/348\/2020\/11\/nynorsk-1024x847.jpg 1024w, https:\/\/hoyre.no\/content\/uploads\/sites\/348\/2020\/11\/nynorsk-1536x1270.jpg 1536w, https:\/\/hoyre.no\/content\/uploads\/sites\/348\/2020\/11\/nynorsk-2048x1694.jpg 2048w\" sizes=\"auto, (max-width: 768px) 100vw, 768px\" \/>\t\t<\/div>\n\t\t\n\t\t\t<div class=\"teft-card__content-wrapper\">\n\t\t\t\t<div class=\"teft-card__secondary\">\n\t\t\t\t\t\n\t\t\t\t\t\t\t\t<div class=\"teft-card__meta\">\n\t\t\t\t\t\t\t\t\t<span class=\"post-date\">8. jul 2019<\/span>\n\n\t\t\t\t\t\t\t\t\t\t\t\t\t\t\t\t\t<\/div>\n\t\t\t\t\t\t\t\t\t\t\t<\/div>\n\n\t\t\t\t<div class=\"teft-card__primary\">\n\t\t\t\t\t<h2 class=\"teft-card__title\">Program 2019-2023 (nynorsk)&nbsp;<span class=\"teft-card__primary-title-append\"><\/span><\/h2>\t\t\t\t<\/div>\n\t\t\t<\/div>\n\t\t<\/a>\n\t<\/div>\n\n\t<\/div><\/div>\t<\/div>\n<\/div>\n","protected":false},"excerpt":{"rendered":"","protected":false},"author":24723,"featured_media":0,"comment_status":"closed","ping_status":"closed","sticky":true,"template":"","format":"standard","meta":{"teft_cards_image_url":"","teft_cards_custom_pretitle":"","teft_cards_image_id":54,"teft_cards_image_focal_point_x":0.5,"teft_cards_image_focal_point_y":0.5,"teft_cards_title":"Bli bedre kjent med Yngve Magnus Fosse - v\u00e5r ordf\u00f8rer","teft_cards_excerpt":"","teft_show_chapters":false,"author_display_name":"","footnotes":""},"category":[1],"post_tag":[],"hoyre-visibility":[],"article-type":[],"politician":[],"class_list":["post-44","post","type-post","status-publish","format-standard","hentry","category-ukategorisert"],"yoast_head":"<!-- This site is optimized with the Yoast SEO plugin v26.6 - https:\/\/yoast.com\/wordpress\/plugins\/seo\/ -->\n<title>Bli bedre kjent med Yngve Magnus Fosse - v\u00e5r ordf\u00f8rer! - Ask\u00f8y H\u00f8yre<\/title>\n<meta name=\"robots\" content=\"index, follow, max-snippet:-1, max-image-preview:large, max-video-preview:-1\" \/>\n<link rel=\"canonical\" href=\"https:\/\/hoyre.no\/askoy\/aktuelt\/bli-bedre-kjent-med-yngve-magnus-fosse-var-ordforer\/\" \/>\n<meta property=\"og:locale\" content=\"nb_NO\" \/>\n<meta property=\"og:type\" content=\"article\" \/>\n<meta property=\"og:title\" content=\"Bli bedre kjent med Yngve Magnus Fosse - v\u00e5r ordf\u00f8rer! - Ask\u00f8y H\u00f8yre\" \/>\n<meta property=\"og:url\" content=\"https:\/\/hoyre.no\/askoy\/aktuelt\/bli-bedre-kjent-med-yngve-magnus-fosse-var-ordforer\/\" \/>\n<meta property=\"og:site_name\" content=\"Ask\u00f8y H\u00f8yre\" \/>\n<meta property=\"article:published_time\" content=\"2024-01-18T10:05:51+00:00\" \/>\n<meta property=\"article:modified_time\" content=\"2024-01-18T10:12:01+00:00\" \/>\n<meta property=\"og:image\" content=\"https:\/\/hoyre.no\/content\/uploads\/sites\/348\/2020\/11\/nynorsk-1024x847.jpg\" \/>\n<meta name=\"author\" content=\"Yngve Magnus Tvedt Fosse\" \/>\n<meta name=\"twitter:card\" content=\"summary_large_image\" \/>\n<meta name=\"twitter:label1\" content=\"Skrevet av\" \/>\n\t<meta name=\"twitter:data1\" content=\"Yngve Magnus Tvedt Fosse\" \/>\n\t<meta name=\"twitter:label2\" content=\"Ansl. lesetid\" \/>\n\t<meta name=\"twitter:data2\" content=\"3 minutter\" \/>\n<script type=\"application\/ld+json\" class=\"yoast-schema-graph\">{\"@context\":\"https:\/\/schema.org\",\"@graph\":[{\"@type\":\"NewsArticle\",\"@id\":\"https:\/\/hoyre.no\/askoy\/aktuelt\/bli-bedre-kjent-med-yngve-magnus-fosse-var-ordforer\/\",\"url\":\"https:\/\/hoyre.no\/askoy\/aktuelt\/bli-bedre-kjent-med-yngve-magnus-fosse-var-ordforer\/\",\"name\":\"Bli bedre kjent med Yngve Magnus Fosse - v\u00e5r ordf\u00f8rer! - Ask\u00f8y H\u00f8yre\",\"isPartOf\":{\"@id\":\"https:\/\/hoyre.no\/askoy\/#website\"},\"image\":{\"@id\":\"https:\/\/hoyre.no\/askoy\/aktuelt\/bli-bedre-kjent-med-yngve-magnus-fosse-var-ordforer\/#primaryimage\"},\"thumbnailUrl\":\"https:\/\/hoyre.no\/content\/uploads\/sites\/348\/2023\/03\/nr-6-2.png\",\"datePublished\":\"2024-01-18T10:05:51+00:00\",\"dateModified\":\"2024-01-18T10:12:01+00:00\",\"author\":{\"@id\":\"https:\/\/hoyre.no\/askoy\/#\/schema\/person\/96565eedfb59c1ae7c4e0162edeb3580\"},\"breadcrumb\":{\"@id\":\"https:\/\/hoyre.no\/askoy\/aktuelt\/bli-bedre-kjent-med-yngve-magnus-fosse-var-ordforer\/#breadcrumb\"},\"inLanguage\":\"nb-NO\",\"potentialAction\":[{\"@type\":\"ReadAction\",\"target\":[\"https:\/\/hoyre.no\/askoy\/aktuelt\/bli-bedre-kjent-med-yngve-magnus-fosse-var-ordforer\/\"]}]},{\"@type\":\"ImageObject\",\"inLanguage\":\"nb-NO\",\"@id\":\"https:\/\/hoyre.no\/askoy\/aktuelt\/bli-bedre-kjent-med-yngve-magnus-fosse-var-ordforer\/#primaryimage\",\"url\":\"https:\/\/hoyre.no\/content\/uploads\/sites\/348\/2023\/03\/nr-6-2.png\",\"contentUrl\":\"https:\/\/hoyre.no\/content\/uploads\/sites\/348\/2023\/03\/nr-6-2.png\"},{\"@type\":\"BreadcrumbList\",\"@id\":\"https:\/\/hoyre.no\/askoy\/aktuelt\/bli-bedre-kjent-med-yngve-magnus-fosse-var-ordforer\/#breadcrumb\",\"itemListElement\":[{\"@type\":\"ListItem\",\"position\":1,\"name\":\"Til hoyre.no\",\"item\":\"https:\/\/hoyre.no\"},{\"@type\":\"ListItem\",\"position\":2,\"name\":\"Hjem\",\"item\":\"https:\/\/hoyre.no\/askoy\/\"},{\"@type\":\"ListItem\",\"position\":3,\"name\":\"Bli bedre kjent med Yngve Magnus Fosse &#8211; v\u00e5r ordf\u00f8rer!\"}]},{\"@type\":\"WebSite\",\"@id\":\"https:\/\/hoyre.no\/askoy\/#website\",\"url\":\"https:\/\/hoyre.no\/askoy\/\",\"name\":\"Ask\u00f8y H\u00f8yre\",\"description\":\"Bare enda et H\u00f8yres nettsteder-nettsted\",\"inLanguage\":\"nb-NO\"},{\"@type\":\"Person\",\"@id\":\"https:\/\/hoyre.no\/askoy\/#\/schema\/person\/96565eedfb59c1ae7c4e0162edeb3580\",\"name\":\"Yngve Magnus Tvedt Fosse\",\"image\":{\"@type\":\"ImageObject\",\"inLanguage\":\"nb-NO\",\"@id\":\"https:\/\/hoyre.no\/askoy\/#\/schema\/person\/image\/\",\"url\":\"https:\/\/secure.gravatar.com\/avatar\/fb8c346ba0a70519ac873c07028efbff31336e3d6b60c98d981daf4dd5fd7aab?s=96&d=mm&r=g\",\"contentUrl\":\"https:\/\/secure.gravatar.com\/avatar\/fb8c346ba0a70519ac873c07028efbff31336e3d6b60c98d981daf4dd5fd7aab?s=96&d=mm&r=g\",\"caption\":\"Yngve Magnus Tvedt Fosse\"},\"url\":\"https:\/\/hoyre.no\/askoy\/aktuelt\/author\/m51855500\/\"}]}<\/script>\n<!-- \/ Yoast SEO plugin. -->","yoast_head_json":{"title":"Bli bedre kjent med Yngve Magnus Fosse - v\u00e5r ordf\u00f8rer! - Ask\u00f8y H\u00f8yre","robots":{"index":"index","follow":"follow","max-snippet":"max-snippet:-1","max-image-preview":"max-image-preview:large","max-video-preview":"max-video-preview:-1"},"canonical":"https:\/\/hoyre.no\/askoy\/aktuelt\/bli-bedre-kjent-med-yngve-magnus-fosse-var-ordforer\/","og_locale":"nb_NO","og_type":"article","og_title":"Bli bedre kjent med Yngve Magnus Fosse - v\u00e5r ordf\u00f8rer! - Ask\u00f8y H\u00f8yre","og_url":"https:\/\/hoyre.no\/askoy\/aktuelt\/bli-bedre-kjent-med-yngve-magnus-fosse-var-ordforer\/","og_site_name":"Ask\u00f8y H\u00f8yre","article_published_time":"2024-01-18T10:05:51+00:00","article_modified_time":"2024-01-18T10:12:01+00:00","og_image":[{"url":"https:\/\/hoyre.no\/content\/uploads\/sites\/348\/2020\/11\/nynorsk-1024x847.jpg","width":"","height":"","type":""}],"author":"Yngve Magnus Tvedt Fosse","twitter_card":"summary_large_image","twitter_misc":{"Skrevet av":"Yngve Magnus Tvedt Fosse","Ansl. lesetid":"3 minutter"},"schema":{"@context":"https:\/\/schema.org","@graph":[{"@type":"NewsArticle","@id":"https:\/\/hoyre.no\/askoy\/aktuelt\/bli-bedre-kjent-med-yngve-magnus-fosse-var-ordforer\/","url":"https:\/\/hoyre.no\/askoy\/aktuelt\/bli-bedre-kjent-med-yngve-magnus-fosse-var-ordforer\/","name":"Bli bedre kjent med Yngve Magnus Fosse - v\u00e5r ordf\u00f8rer! - Ask\u00f8y H\u00f8yre","isPartOf":{"@id":"https:\/\/hoyre.no\/askoy\/#website"},"image":{"@id":"https:\/\/hoyre.no\/askoy\/aktuelt\/bli-bedre-kjent-med-yngve-magnus-fosse-var-ordforer\/#primaryimage"},"thumbnailUrl":"https:\/\/hoyre.no\/content\/uploads\/sites\/348\/2023\/03\/nr-6-2.png","datePublished":"2024-01-18T10:05:51+00:00","dateModified":"2024-01-18T10:12:01+00:00","author":{"@id":"https:\/\/hoyre.no\/askoy\/#\/schema\/person\/96565eedfb59c1ae7c4e0162edeb3580"},"breadcrumb":{"@id":"https:\/\/hoyre.no\/askoy\/aktuelt\/bli-bedre-kjent-med-yngve-magnus-fosse-var-ordforer\/#breadcrumb"},"inLanguage":"nb-NO","potentialAction":[{"@type":"ReadAction","target":["https:\/\/hoyre.no\/askoy\/aktuelt\/bli-bedre-kjent-med-yngve-magnus-fosse-var-ordforer\/"]}]},{"@type":"ImageObject","inLanguage":"nb-NO","@id":"https:\/\/hoyre.no\/askoy\/aktuelt\/bli-bedre-kjent-med-yngve-magnus-fosse-var-ordforer\/#primaryimage","url":"https:\/\/hoyre.no\/content\/uploads\/sites\/348\/2023\/03\/nr-6-2.png","contentUrl":"https:\/\/hoyre.no\/content\/uploads\/sites\/348\/2023\/03\/nr-6-2.png"},{"@type":"BreadcrumbList","@id":"https:\/\/hoyre.no\/askoy\/aktuelt\/bli-bedre-kjent-med-yngve-magnus-fosse-var-ordforer\/#breadcrumb","itemListElement":[{"@type":"ListItem","position":1,"name":"Til hoyre.no","item":"https:\/\/hoyre.no"},{"@type":"ListItem","position":2,"name":"Hjem","item":"https:\/\/hoyre.no\/askoy\/"},{"@type":"ListItem","position":3,"name":"Bli bedre kjent med Yngve Magnus Fosse &#8211; v\u00e5r ordf\u00f8rer!"}]},{"@type":"WebSite","@id":"https:\/\/hoyre.no\/askoy\/#website","url":"https:\/\/hoyre.no\/askoy\/","name":"Ask\u00f8y H\u00f8yre","description":"Bare enda et H\u00f8yres nettsteder-nettsted","inLanguage":"nb-NO"},{"@type":"Person","@id":"https:\/\/hoyre.no\/askoy\/#\/schema\/person\/96565eedfb59c1ae7c4e0162edeb3580","name":"Yngve Magnus Tvedt Fosse","image":{"@type":"ImageObject","inLanguage":"nb-NO","@id":"https:\/\/hoyre.no\/askoy\/#\/schema\/person\/image\/","url":"https:\/\/secure.gravatar.com\/avatar\/fb8c346ba0a70519ac873c07028efbff31336e3d6b60c98d981daf4dd5fd7aab?s=96&d=mm&r=g","contentUrl":"https:\/\/secure.gravatar.com\/avatar\/fb8c346ba0a70519ac873c07028efbff31336e3d6b60c98d981daf4dd5fd7aab?s=96&d=mm&r=g","caption":"Yngve Magnus Tvedt Fosse"},"url":"https:\/\/hoyre.no\/askoy\/aktuelt\/author\/m51855500\/"}]}},"distributor_meta":false,"distributor_terms":false,"distributor_media":false,"distributor_original_site_name":"Ask\u00f8y H\u00f8yre","distributor_original_site_url":"https:\/\/hoyre.no\/askoy","push-errors":false,"_links":{"self":[{"href":"https:\/\/hoyre.no\/askoy\/wp-json\/wp\/v2\/posts\/44","targetHints":{"allow":["GET"]}}],"collection":[{"href":"https:\/\/hoyre.no\/askoy\/wp-json\/wp\/v2\/posts"}],"about":[{"href":"https:\/\/hoyre.no\/askoy\/wp-json\/wp\/v2\/types\/post"}],"author":[{"embeddable":true,"href":"https:\/\/hoyre.no\/askoy\/wp-json\/wp\/v2\/users\/24723"}],"replies":[{"embeddable":true,"href":"https:\/\/hoyre.no\/askoy\/wp-json\/wp\/v2\/comments?post=44"}],"version-history":[{"count":10,"href":"https:\/\/hoyre.no\/askoy\/wp-json\/wp\/v2\/posts\/44\/revisions"}],"predecessor-version":[{"id":193,"href":"https:\/\/hoyre.no\/askoy\/wp-json\/wp\/v2\/posts\/44\/revisions\/193"}],"wp:attachment":[{"href":"https:\/\/hoyre.no\/askoy\/wp-json\/wp\/v2\/media?parent=44"}],"wp:term":[{"taxonomy":"category","embeddable":true,"href":"https:\/\/hoyre.no\/askoy\/wp-json\/wp\/v2\/category?post=44"},{"taxonomy":"post_tag","embeddable":true,"href":"https:\/\/hoyre.no\/askoy\/wp-json\/wp\/v2\/post_tag?post=44"},{"taxonomy":"hoyre-visibility","embeddable":true,"href":"https:\/\/hoyre.no\/askoy\/wp-json\/wp\/v2\/hoyre-visibility?post=44"},{"taxonomy":"article-type","embeddable":true,"href":"https:\/\/hoyre.no\/askoy\/wp-json\/wp\/v2\/article-type?post=44"},{"taxonomy":"politician","embeddable":true,"href":"https:\/\/hoyre.no\/askoy\/wp-json\/wp\/v2\/politician?post=44"}],"curies":[{"name":"wp","href":"https:\/\/api.w.org\/{rel}","templated":true}]}}