{"id":75,"date":"2022-10-27T15:20:54","date_gmt":"2022-10-27T13:20:54","guid":{"rendered":"https:\/\/hoyre.no\/aukra\/?p=75"},"modified":"2022-10-27T15:20:55","modified_gmt":"2022-10-27T13:20:55","slug":"ordforerens-innlegg-norges-dyreste-pressekonferanse","status":"publish","type":"post","link":"https:\/\/hoyre.no\/aukra\/aktuelt\/ordforerens-innlegg-norges-dyreste-pressekonferanse\/","title":{"rendered":"Ordf\u00f8rerens innlegg: &laquo;Norges dyreste pressekonferanse&raquo;"},"content":{"rendered":"\n<p class=\"preamble\"><strong>Planlagte investeringer p\u00e5 25 milliarder kroner er satt p\u00e5 vent og forutsigbare rammevilk\u00e5r for n\u00e6ringslivet gjelder ikke lenger i regjeringens iver etter \u00e5 skattlegge n\u00e6ringen.<\/strong> Sier ordf\u00f8rer Odd J\u00f8rgen Nilssen (H) i artikkelen p\u00e5 ilaks.no<br><\/p>\n\n\n\n\n<figure class=\"wp-block-image size-full\"><img loading=\"lazy\" decoding=\"async\" width=\"888\" height=\"855\" src=\"https:\/\/hoyre.no\/content\/uploads\/sites\/111\/2022\/10\/image.png\" alt=\"\" class=\"wp-image-76\" srcset=\"https:\/\/hoyre.no\/content\/uploads\/sites\/111\/2022\/10\/image.png 888w, https:\/\/hoyre.no\/content\/uploads\/sites\/111\/2022\/10\/image-300x289.png 300w, https:\/\/hoyre.no\/content\/uploads\/sites\/111\/2022\/10\/image-768x739.png 768w\" sizes=\"auto, (max-width: 888px) 100vw, 888px\" \/><\/figure>\n\n\n\n<p>Les hele artikkelen her: <a href=\"https:\/\/ilaks.no\/norges-dyreste-pressekonferanse\/\">https:\/\/ilaks.no\/norges-dyreste-pressekonferanse\/<\/a><\/p>\n\n\n<div class=\"tags\">\n\t<\/div>\n<div class=\"post-footer alignfull has-background block-editor-block-list__block\" data-align=full>\n\t<div class=\"post-footer-inner\">\n\t\t<h3>Relaterte artikler<\/h3>\n\t\t<div class=\"related-content\"><div class=\"is-card-hoyre\">\n\t<div class=\"teft-card hoyre-teft-card post-teft-card\">\n\t\t<a href=\"https:\/\/hoyre.no\/aukra\/aktuelt\/arets-kulaste-interpellasjon\/\" class=\"teft-card__primary-action\">\n\n\t\t\t<div class=\"teft-card__media teft-card__media--16-9 no-image\"><\/div>\n\t\t\t<div class=\"teft-card__content-wrapper\">\n\t\t\t\t<div class=\"teft-card__secondary\">\n\t\t\t\t\t\n\t\t\t\t\t\t\t\t<div class=\"teft-card__meta\">\n\t\t\t\t\t\t\t\t\t<span class=\"post-date\">8. sep 2022<\/span>\n\n\t\t\t\t\t\t\t\t\t\t\t\t\t\t\t\t\t<\/div>\n\t\t\t\t\t\t\t\t\t\t\t<\/div>\n\n\t\t\t\t<div class=\"teft-card__primary\">\n\t\t\t\t\t<h2 class=\"teft-card__title\">\u00c5rets kulaste interpellasjon?&nbsp;<span class=\"teft-card__primary-title-append\"><\/span><\/h2>\t\t\t\t<\/div>\n\t\t\t<\/div>\n\t\t<\/a>\n\t<\/div>\n\n\t<\/div><div class=\"is-card-hoyre\">\n\t<div class=\"teft-card hoyre-teft-card post-teft-card\">\n\t\t<a href=\"https:\/\/hoyre.no\/aukra\/aktuelt\/leie-for-eie\/\" class=\"teft-card__primary-action\">\n\n\t\t\t\t\t<div class=\"teft-card__media teft-card__media--16-9\">\n\t\t\t\t\t\t<img loading=\"lazy\" decoding=\"async\" width=\"768\" height=\"1029\" src=\"https:\/\/hoyre.no\/content\/uploads\/sites\/111\/2022\/04\/AKtalerstol-768x1029.jpg\" class=\"attachment-medium_large size-medium_large\" alt=\"\" srcset=\"https:\/\/hoyre.no\/content\/uploads\/sites\/111\/2022\/04\/AKtalerstol-768x1029.jpg 768w, https:\/\/hoyre.no\/content\/uploads\/sites\/111\/2022\/04\/AKtalerstol-224x300.jpg 224w, https:\/\/hoyre.no\/content\/uploads\/sites\/111\/2022\/04\/AKtalerstol-764x1024.jpg 764w, https:\/\/hoyre.no\/content\/uploads\/sites\/111\/2022\/04\/AKtalerstol-1146x1536.jpg 1146w, https:\/\/hoyre.no\/content\/uploads\/sites\/111\/2022\/04\/AKtalerstol.jpg 1504w\" sizes=\"auto, (max-width: 768px) 100vw, 768px\" \/>\t\t<\/div>\n\t\t\n\t\t\t<div class=\"teft-card__content-wrapper\">\n\t\t\t\t<div class=\"teft-card__secondary\">\n\t\t\t\t\t\n\t\t\t\t\t\t\t\t<div class=\"teft-card__meta\">\n\t\t\t\t\t\t\t\t\t<span class=\"post-date\">8. apr 2022<\/span>\n\n\t\t\t\t\t\t\t\t\t\t\t\t\t\t\t\t\t<\/div>\n\t\t\t\t\t\t\t\t\t\t\t<\/div>\n\n\t\t\t\t<div class=\"teft-card__primary\">\n\t\t\t\t\t<h2 class=\"teft-card__title\">Leie f\u00f8r eie&nbsp;<span class=\"teft-card__primary-title-append\"><\/span><\/h2>\t\t\t\t<\/div>\n\t\t\t<\/div>\n\t\t<\/a>\n\t<\/div>\n\n\t<\/div><div class=\"is-card-hoyre\">\n\t<div class=\"teft-card hoyre-teft-card post-teft-card\">\n\t\t<a href=\"https:\/\/hoyre.no\/aukra\/aktuelt\/hoyres-landsmote-22\/\" class=\"teft-card__primary-action\">\n\n\t\t\t\t\t<div class=\"teft-card__media teft-card__media--16-9\">\n\t\t\t\t\t\t<img loading=\"lazy\" decoding=\"async\" width=\"768\" height=\"378\" src=\"https:\/\/hoyre.no\/content\/uploads\/sites\/111\/2022\/04\/Delegasjon-hml22-768x378.jpg\" class=\"attachment-medium_large size-medium_large\" alt=\"\" srcset=\"https:\/\/hoyre.no\/content\/uploads\/sites\/111\/2022\/04\/Delegasjon-hml22-768x378.jpg 768w, https:\/\/hoyre.no\/content\/uploads\/sites\/111\/2022\/04\/Delegasjon-hml22-300x148.jpg 300w, https:\/\/hoyre.no\/content\/uploads\/sites\/111\/2022\/04\/Delegasjon-hml22-1024x505.jpg 1024w, https:\/\/hoyre.no\/content\/uploads\/sites\/111\/2022\/04\/Delegasjon-hml22.jpg 1242w\" sizes=\"auto, (max-width: 768px) 100vw, 768px\" \/>\t\t<\/div>\n\t\t\n\t\t\t<div class=\"teft-card__content-wrapper\">\n\t\t\t\t<div class=\"teft-card__secondary\">\n\t\t\t\t\t\n\t\t\t\t\t\t\t\t<div class=\"teft-card__meta\">\n\t\t\t\t\t\t\t\t\t<span class=\"post-date\">5. apr 2022<\/span>\n\n\t\t\t\t\t\t\t\t\t\t\t\t\t\t\t\t\t<\/div>\n\t\t\t\t\t\t\t\t\t\t\t<\/div>\n\n\t\t\t\t<div class=\"teft-card__primary\">\n\t\t\t\t\t<h2 class=\"teft-card__title\">H\u00f8yres Landsm\u00f8te 22&nbsp;<span class=\"teft-card__primary-title-append\"><\/span><\/h2>\t\t\t\t<\/div>\n\t\t\t<\/div>\n\t\t<\/a>\n\t<\/div>\n\n\t<\/div><\/div>\t<\/div>\n<\/div>\n","protected":false},"excerpt":{"rendered":"","protected":false},"author":9467,"featured_media":0,"comment_status":"closed","ping_status":"closed","sticky":false,"template":"","format":"standard","meta":{"teft_cards_image_url":"","teft_cards_custom_pretitle":"","teft_cards_image_id":0,"teft_cards_image_focal_point_x":0,"teft_cards_image_focal_point_y":0,"teft_cards_title":"","teft_cards_excerpt":"","teft_show_chapters":false,"author_display_name":"","footnotes":""},"category":[1],"post_tag":[],"hoyre-visibility":[],"article-type":[],"politician":[],"class_list":["post-75","post","type-post","status-publish","format-standard","hentry","category-ukategorisert"],"yoast_head":"<!-- This site is optimized with the Yoast SEO plugin v26.6 - https:\/\/yoast.com\/wordpress\/plugins\/seo\/ -->\n<title>Ordf\u00f8rerens innlegg: &quot;Norges dyreste pressekonferanse&quot; - Aukra H\u00f8yre<\/title>\n<meta name=\"robots\" content=\"index, follow, max-snippet:-1, max-image-preview:large, max-video-preview:-1\" \/>\n<link rel=\"canonical\" href=\"https:\/\/hoyre.no\/aukra\/aktuelt\/ordforerens-innlegg-norges-dyreste-pressekonferanse\/\" \/>\n<meta property=\"og:locale\" content=\"nb_NO\" \/>\n<meta property=\"og:type\" content=\"article\" \/>\n<meta property=\"og:title\" content=\"Ordf\u00f8rerens innlegg: &quot;Norges dyreste pressekonferanse&quot; - Aukra H\u00f8yre\" \/>\n<meta property=\"og:url\" content=\"https:\/\/hoyre.no\/aukra\/aktuelt\/ordforerens-innlegg-norges-dyreste-pressekonferanse\/\" \/>\n<meta property=\"og:site_name\" content=\"Aukra H\u00f8yre\" \/>\n<meta property=\"article:published_time\" content=\"2022-10-27T13:20:54+00:00\" \/>\n<meta property=\"article:modified_time\" content=\"2022-10-27T13:20:55+00:00\" \/>\n<meta property=\"og:image\" content=\"https:\/\/hoyre.no\/content\/uploads\/sites\/111\/2022\/04\/Delegasjon-hml22-1024x505.jpg\" \/>\n<meta name=\"author\" content=\"Anita Oterhals Eide\" \/>\n<meta name=\"twitter:card\" content=\"summary_large_image\" \/>\n<meta name=\"twitter:label1\" content=\"Skrevet av\" \/>\n\t<meta name=\"twitter:data1\" content=\"Anita Oterhals Eide\" \/>\n\t<meta name=\"twitter:label2\" content=\"Ansl. lesetid\" \/>\n\t<meta name=\"twitter:data2\" content=\"1 minutt\" \/>\n<script type=\"application\/ld+json\" class=\"yoast-schema-graph\">{\"@context\":\"https:\/\/schema.org\",\"@graph\":[{\"@type\":\"NewsArticle\",\"@id\":\"https:\/\/hoyre.no\/aukra\/aktuelt\/ordforerens-innlegg-norges-dyreste-pressekonferanse\/\",\"url\":\"https:\/\/hoyre.no\/aukra\/aktuelt\/ordforerens-innlegg-norges-dyreste-pressekonferanse\/\",\"name\":\"Ordf\u00f8rerens innlegg: \\\"Norges dyreste pressekonferanse\\\" - Aukra H\u00f8yre\",\"isPartOf\":{\"@id\":\"https:\/\/hoyre.no\/aukra\/#website\"},\"image\":{\"@id\":\"https:\/\/hoyre.no\/aukra\/aktuelt\/ordforerens-innlegg-norges-dyreste-pressekonferanse\/#primaryimage\"},\"thumbnailUrl\":\"https:\/\/hoyre.no\/content\/uploads\/sites\/111\/2022\/10\/image.png\",\"datePublished\":\"2022-10-27T13:20:54+00:00\",\"dateModified\":\"2022-10-27T13:20:55+00:00\",\"author\":{\"@id\":\"https:\/\/hoyre.no\/aukra\/#\/schema\/person\/8a67698b3fd32d3ddb55df818642092a\"},\"breadcrumb\":{\"@id\":\"https:\/\/hoyre.no\/aukra\/aktuelt\/ordforerens-innlegg-norges-dyreste-pressekonferanse\/#breadcrumb\"},\"inLanguage\":\"nb-NO\",\"potentialAction\":[{\"@type\":\"ReadAction\",\"target\":[\"https:\/\/hoyre.no\/aukra\/aktuelt\/ordforerens-innlegg-norges-dyreste-pressekonferanse\/\"]}]},{\"@type\":\"ImageObject\",\"inLanguage\":\"nb-NO\",\"@id\":\"https:\/\/hoyre.no\/aukra\/aktuelt\/ordforerens-innlegg-norges-dyreste-pressekonferanse\/#primaryimage\",\"url\":\"https:\/\/hoyre.no\/content\/uploads\/sites\/111\/2022\/10\/image.png\",\"contentUrl\":\"https:\/\/hoyre.no\/content\/uploads\/sites\/111\/2022\/10\/image.png\"},{\"@type\":\"BreadcrumbList\",\"@id\":\"https:\/\/hoyre.no\/aukra\/aktuelt\/ordforerens-innlegg-norges-dyreste-pressekonferanse\/#breadcrumb\",\"itemListElement\":[{\"@type\":\"ListItem\",\"position\":1,\"name\":\"Til hoyre.no\",\"item\":\"https:\/\/hoyre.no\"},{\"@type\":\"ListItem\",\"position\":2,\"name\":\"Hjem\",\"item\":\"https:\/\/hoyre.no\/aukra\/\"},{\"@type\":\"ListItem\",\"position\":3,\"name\":\"Ordf\u00f8rerens innlegg: &laquo;Norges dyreste pressekonferanse&raquo;\"}]},{\"@type\":\"WebSite\",\"@id\":\"https:\/\/hoyre.no\/aukra\/#website\",\"url\":\"https:\/\/hoyre.no\/aukra\/\",\"name\":\"Aukra H\u00f8yre\",\"description\":\"Bare enda et H\u00f8yres nettsteder-nettsted\",\"inLanguage\":\"nb-NO\"},{\"@type\":\"Person\",\"@id\":\"https:\/\/hoyre.no\/aukra\/#\/schema\/person\/8a67698b3fd32d3ddb55df818642092a\",\"name\":\"Anita Oterhals Eide\",\"image\":{\"@type\":\"ImageObject\",\"inLanguage\":\"nb-NO\",\"@id\":\"https:\/\/hoyre.no\/aukra\/#\/schema\/person\/image\/\",\"url\":\"https:\/\/secure.gravatar.com\/avatar\/f95611f14265b20a55655ed871af87424aa1525a66b9f194e90ac3ec62b043f1?s=96&d=mm&r=g\",\"contentUrl\":\"https:\/\/secure.gravatar.com\/avatar\/f95611f14265b20a55655ed871af87424aa1525a66b9f194e90ac3ec62b043f1?s=96&d=mm&r=g\",\"caption\":\"Anita Oterhals Eide\"},\"url\":\"https:\/\/hoyre.no\/aukra\/aktuelt\/author\/m52079001\/\"}]}<\/script>\n<!-- \/ Yoast SEO plugin. -->","yoast_head_json":{"title":"Ordf\u00f8rerens innlegg: \"Norges dyreste pressekonferanse\" - Aukra H\u00f8yre","robots":{"index":"index","follow":"follow","max-snippet":"max-snippet:-1","max-image-preview":"max-image-preview:large","max-video-preview":"max-video-preview:-1"},"canonical":"https:\/\/hoyre.no\/aukra\/aktuelt\/ordforerens-innlegg-norges-dyreste-pressekonferanse\/","og_locale":"nb_NO","og_type":"article","og_title":"Ordf\u00f8rerens innlegg: \"Norges dyreste pressekonferanse\" - Aukra H\u00f8yre","og_url":"https:\/\/hoyre.no\/aukra\/aktuelt\/ordforerens-innlegg-norges-dyreste-pressekonferanse\/","og_site_name":"Aukra H\u00f8yre","article_published_time":"2022-10-27T13:20:54+00:00","article_modified_time":"2022-10-27T13:20:55+00:00","og_image":[{"url":"https:\/\/hoyre.no\/content\/uploads\/sites\/111\/2022\/04\/Delegasjon-hml22-1024x505.jpg","width":"","height":"","type":""}],"author":"Anita Oterhals Eide","twitter_card":"summary_large_image","twitter_misc":{"Skrevet av":"Anita Oterhals Eide","Ansl. lesetid":"1 minutt"},"schema":{"@context":"https:\/\/schema.org","@graph":[{"@type":"NewsArticle","@id":"https:\/\/hoyre.no\/aukra\/aktuelt\/ordforerens-innlegg-norges-dyreste-pressekonferanse\/","url":"https:\/\/hoyre.no\/aukra\/aktuelt\/ordforerens-innlegg-norges-dyreste-pressekonferanse\/","name":"Ordf\u00f8rerens innlegg: \"Norges dyreste pressekonferanse\" - Aukra H\u00f8yre","isPartOf":{"@id":"https:\/\/hoyre.no\/aukra\/#website"},"image":{"@id":"https:\/\/hoyre.no\/aukra\/aktuelt\/ordforerens-innlegg-norges-dyreste-pressekonferanse\/#primaryimage"},"thumbnailUrl":"https:\/\/hoyre.no\/content\/uploads\/sites\/111\/2022\/10\/image.png","datePublished":"2022-10-27T13:20:54+00:00","dateModified":"2022-10-27T13:20:55+00:00","author":{"@id":"https:\/\/hoyre.no\/aukra\/#\/schema\/person\/8a67698b3fd32d3ddb55df818642092a"},"breadcrumb":{"@id":"https:\/\/hoyre.no\/aukra\/aktuelt\/ordforerens-innlegg-norges-dyreste-pressekonferanse\/#breadcrumb"},"inLanguage":"nb-NO","potentialAction":[{"@type":"ReadAction","target":["https:\/\/hoyre.no\/aukra\/aktuelt\/ordforerens-innlegg-norges-dyreste-pressekonferanse\/"]}]},{"@type":"ImageObject","inLanguage":"nb-NO","@id":"https:\/\/hoyre.no\/aukra\/aktuelt\/ordforerens-innlegg-norges-dyreste-pressekonferanse\/#primaryimage","url":"https:\/\/hoyre.no\/content\/uploads\/sites\/111\/2022\/10\/image.png","contentUrl":"https:\/\/hoyre.no\/content\/uploads\/sites\/111\/2022\/10\/image.png"},{"@type":"BreadcrumbList","@id":"https:\/\/hoyre.no\/aukra\/aktuelt\/ordforerens-innlegg-norges-dyreste-pressekonferanse\/#breadcrumb","itemListElement":[{"@type":"ListItem","position":1,"name":"Til hoyre.no","item":"https:\/\/hoyre.no"},{"@type":"ListItem","position":2,"name":"Hjem","item":"https:\/\/hoyre.no\/aukra\/"},{"@type":"ListItem","position":3,"name":"Ordf\u00f8rerens innlegg: &laquo;Norges dyreste pressekonferanse&raquo;"}]},{"@type":"WebSite","@id":"https:\/\/hoyre.no\/aukra\/#website","url":"https:\/\/hoyre.no\/aukra\/","name":"Aukra H\u00f8yre","description":"Bare enda et H\u00f8yres nettsteder-nettsted","inLanguage":"nb-NO"},{"@type":"Person","@id":"https:\/\/hoyre.no\/aukra\/#\/schema\/person\/8a67698b3fd32d3ddb55df818642092a","name":"Anita Oterhals Eide","image":{"@type":"ImageObject","inLanguage":"nb-NO","@id":"https:\/\/hoyre.no\/aukra\/#\/schema\/person\/image\/","url":"https:\/\/secure.gravatar.com\/avatar\/f95611f14265b20a55655ed871af87424aa1525a66b9f194e90ac3ec62b043f1?s=96&d=mm&r=g","contentUrl":"https:\/\/secure.gravatar.com\/avatar\/f95611f14265b20a55655ed871af87424aa1525a66b9f194e90ac3ec62b043f1?s=96&d=mm&r=g","caption":"Anita Oterhals Eide"},"url":"https:\/\/hoyre.no\/aukra\/aktuelt\/author\/m52079001\/"}]}},"distributor_meta":false,"distributor_terms":false,"distributor_media":false,"distributor_original_site_name":"Aukra H\u00f8yre","distributor_original_site_url":"https:\/\/hoyre.no\/aukra","push-errors":false,"_links":{"self":[{"href":"https:\/\/hoyre.no\/aukra\/wp-json\/wp\/v2\/posts\/75","targetHints":{"allow":["GET"]}}],"collection":[{"href":"https:\/\/hoyre.no\/aukra\/wp-json\/wp\/v2\/posts"}],"about":[{"href":"https:\/\/hoyre.no\/aukra\/wp-json\/wp\/v2\/types\/post"}],"author":[{"embeddable":true,"href":"https:\/\/hoyre.no\/aukra\/wp-json\/wp\/v2\/users\/9467"}],"replies":[{"embeddable":true,"href":"https:\/\/hoyre.no\/aukra\/wp-json\/wp\/v2\/comments?post=75"}],"version-history":[{"count":1,"href":"https:\/\/hoyre.no\/aukra\/wp-json\/wp\/v2\/posts\/75\/revisions"}],"predecessor-version":[{"id":77,"href":"https:\/\/hoyre.no\/aukra\/wp-json\/wp\/v2\/posts\/75\/revisions\/77"}],"wp:attachment":[{"href":"https:\/\/hoyre.no\/aukra\/wp-json\/wp\/v2\/media?parent=75"}],"wp:term":[{"taxonomy":"category","embeddable":true,"href":"https:\/\/hoyre.no\/aukra\/wp-json\/wp\/v2\/category?post=75"},{"taxonomy":"post_tag","embeddable":true,"href":"https:\/\/hoyre.no\/aukra\/wp-json\/wp\/v2\/post_tag?post=75"},{"taxonomy":"hoyre-visibility","embeddable":true,"href":"https:\/\/hoyre.no\/aukra\/wp-json\/wp\/v2\/hoyre-visibility?post=75"},{"taxonomy":"article-type","embeddable":true,"href":"https:\/\/hoyre.no\/aukra\/wp-json\/wp\/v2\/article-type?post=75"},{"taxonomy":"politician","embeddable":true,"href":"https:\/\/hoyre.no\/aukra\/wp-json\/wp\/v2\/politician?post=75"}],"curies":[{"name":"wp","href":"https:\/\/api.w.org\/{rel}","templated":true}]}}