{"id":69,"date":"2022-04-12T11:08:50","date_gmt":"2022-04-12T09:08:50","guid":{"rendered":"https:\/\/hoyre.no\/aure\/?p=69"},"modified":"2022-04-12T11:08:51","modified_gmt":"2022-04-12T09:08:51","slug":"vil-ha-pa-plass-1500-mw-med-gasskraft-pa-tjeldbergodden","status":"publish","type":"post","link":"https:\/\/hoyre.no\/aure\/aktuelt\/vil-ha-pa-plass-1500-mw-med-gasskraft-pa-tjeldbergodden\/","title":{"rendered":"Vil ha p\u00e5 plass 1500 MW med gasskraft p\u00e5 Tjeldbergodden."},"content":{"rendered":"\n<p class=\"preamble\"><br><em><strong>\u00abRegionen trenger mer stabil kraft n\u00e5. Da kan man ikke velge l\u00f8sninger som det tar 20 \u2013 30 \u00e5r \u00e5 f\u00e5 realisert.\u00bb &#8211; Aure H\u00f8yre<\/strong><\/em><\/p>\t\t\t<div class=\"post-meta wp-block teft-byline-wrapper\">\n\t\t\t\t<div class=\"top\">\n\t\t\t\t\t<div class=\"signature\">\n\t\t\t\t\t\t<div class=\"teft-byline\">\n\t\t\t\t\t\t\t\t\t\t\t\t\t\t<div>\n\t\t\t\t\t\t\t\t<h3>H\u00f8yres redaksjon<\/h3>\t\t\t\t\t\t\t\t\n\t\t\t\t\t\t\t\t\t\t\t\t\t\t\t\t\t<span class=\"date\">Sist oppdatert: 12. april 2022<\/span>\n\t\t\t\t\t\t\t\t\t\t\t\t\t\t\t\t\t\t\t\t\t\t\t\t\t<span class=\"reading-time\" itemprop=\"timeRequired\" content=\"PT3M\"><em>Ca. 3 minutter lesetid<\/em><\/span>\n\t\t\t\t\t\t\t\t\t\t\t\t\t\t\t<\/div>\n\t\t\t\t\t\t<\/div>\n\t\t\t\t\t<\/div>\n\t\t\t\t\t\t<div class=\"sharing\">\n\t\t<a class=\"share-button share-link copy-link\" data-copy=\"https:\/\/hoyre.no\/aure\/aktuelt\/vil-ha-pa-plass-1500-mw-med-gasskraft-pa-tjeldbergodden\/\" target=\"_blank\"><span class=\"screen-reader-text\">Del link<\/span><\/a>\n\t\t<a class=\"share-button share-twitter\" href=\"http:\/\/twitter.com\/share?text=Vil ha p\u00e5 plass 1500 MW med gasskraft p\u00e5 Tjeldbergodden.&#038;url=https:\/\/hoyre.no\/aure\/aktuelt\/vil-ha-pa-plass-1500-mw-med-gasskraft-pa-tjeldbergodden\/&#038;hashtags=Hoyre\" target=\"_blank\"><span class=\"screen-reader-text\">Del p\u00e5 twitter<\/span><\/a>\n\t\t<a class=\"share-button share-facebook\" href=\"https:\/\/www.facebook.com\/sharer\/sharer.php?u=https:\/\/hoyre.no\/aure\/aktuelt\/vil-ha-pa-plass-1500-mw-med-gasskraft-pa-tjeldbergodden\/\" target=\"_blank\"><span class=\"screen-reader-text\">Del p\u00e5 facebook<\/span><\/a>\n\t<\/div>\n\t\t\t\t\t<\/div>\n\t\t\t<\/div>\n\n\t\t\t<figure class=\"hoyre-image-wrapper\"><div class=\"hoyre-image\"><img loading=\"lazy\" decoding=\"async\" width=\"600\" height=\"450\" src=\"https:\/\/hoyre.no\/content\/uploads\/sites\/112\/2022\/04\/standard_compressed_standard_varmekraftverk.jpg\" class=\"attachment-scaled size-scaled\" alt=\"\" style=\"object-position: 50% 50%\" srcset=\"https:\/\/hoyre.no\/content\/uploads\/sites\/112\/2022\/04\/standard_compressed_standard_varmekraftverk.jpg 600w, https:\/\/hoyre.no\/content\/uploads\/sites\/112\/2022\/04\/standard_compressed_standard_varmekraftverk-300x225.jpg 300w\" sizes=\"auto, (max-width: 600px) 100vw, 600px\" \/><\/div><figcaption class=\"caption\">Illustrasjonsbilde gasskraftverk.<\/figcaption><\/figure>\n\n\n\n\n<p>B\u00e5de regjeringen St\u00f8re og v\u00e5rt eget moderparti har dessverre kj\u00f8rt seg fast i sporet om at mer vindkraft p\u00e5 land eller til havs er den beste l\u00f8sningen for \u00e5 m\u00f8te fremtidens kraftbehov. Hittil har vi erfart at vindkraft, b\u00e5de til lands og til vanns skaper konflikter og dermed ikke er \u00f8nsket. Uber\u00f8rte fjell og fiskens gyteomr\u00e5der har h\u00f8y verdi for Nordmenn. Et gasskraftverk p\u00e5 Tjeldbergodden som kan produsere 1500MW, vil \u00f8ke norsk str\u00f8mproduksjon som ikke er vindavhengig med over 4,5%. Som kjent bl\u00e5ser det lite n\u00e5r det er kaldt og kraftbehovet er st\u00f8rst. Resultatet blir h\u00f8ye str\u00f8mpriser.\u00a0<\/p>\n\n\n\n<p>Allerede i 2004 var det planer om gasskraftverk p\u00e5 Tjeldbergodden. Konsesjon ble gitt i 2006 med forutsetning av at kraftverket hadde l\u00f8sning for karbonfangst. Den gang var ikke de teknologiske l\u00f8sningene utviklet nok til \u00e5 im\u00f8tekomme kravene i regjeringsplattformen Soria Moria. Det ble derfor veldig kostnadskrevende \u00e5 f\u00e5 dette p\u00e5 plass fra dag en og planene ble derfor beklageligvis skrinlagt. I dag har teknologien derimot kommet mye lengre, og man har flere gode l\u00f8sninger for karbonfangst (CCS). H\u00f8sten 2020 la regjeringen Solberg frem stortingsmeldingen Langskip \u2013 fangst og lagring av CO\u2082, om et norsk demonstrasjonsprosjekt for CO\u2082-h\u00e5ndtering. Stortinget har videre besluttet \u00e5 st\u00f8tte realiseringen av Langskip, og fullskalaprosjektet er dermed i gang. I en lengre horisont gir det mening \u00e5 kombinere gasskraftverk med karbonfangst og -lagring (CCS) for utslippet samlet sett. Gass med CCS vil if\u00f8lge Klimapanelet redusere CO2-utslippene med 80\u201390 prosent, til et niv\u00e5 som er lavere enn b\u00e5de vannkraft og biomasse.<\/p>\n\n\n\n<p><em><strong>\u00abGasskraftverk med CCS har et lavere milj\u00f8avtrykk i form av terrenginngrep enn hva fornybar energiproduksjon har. Et reelt gr\u00f8nt skifte m\u00e5 se p\u00e5 de totale ulempene, og ikke bare m\u00e5le p\u00e5 klimautslippene.\u00bb &#8211; Aure H\u00f8yre<\/strong><\/em><\/p>\n\n\n\n<p>Haltenpipe har stor nok dimensjon til \u00e5 forsyne et gasskraftverk p\u00e5 Tjeldbergodden. I dag er kun 30 % av kapasiteten i r\u00f8rledningen benyttet. I tillegg er det ogs\u00e5 arealer tilgjengelig for \u00e5 raskt kunne starte etableringer p\u00e5 dette omr\u00e5det. Fordelene med gasskraft er mange. Lave anleggskostnader, kort byggetid p\u00e5 3 \u2013 5 \u00e5r, krever lite arealer og danner spill-varme som omkringliggende n\u00e6ring kan nytte godt av og gi mer verdiskapning. I tillegg er det enklere \u00e5 regulere kraftproduksjonen etter behovet, enn fra fornybar energi som vind og sol.<\/p>\n\n\n\n<p>I 2021 kartla Kystkrafta.no industriens behov for kraft langs kysten i v\u00e5r region. Resultatet viser et sv\u00e6rt stort kraftbehov p\u00e5 opptil 600 MW de n\u00e6rmeste 10 \u00e5rene. Uten tilgang til et nett som kan lever nok str\u00f8m vil b\u00e5de viktige nysatsinger og omstilling av dagens industri bli sv\u00e6rt krevende og dermed st\u00e5 i fare for \u00e5 utebli. Behovet som er kartlagt, tilsvarer en \u00f8kning p\u00e53-4 ganger av dagens effektbehov. Den enorme \u00f8kningen p\u00e5 en s\u00e5 sv\u00e6rt kort periode, skyldes f\u00f8rst og fremst sammenfallende omstilling og vekst innenfor havbruk, landbasert industri, havservice, samt elektrifisering av offshore-installasjoner og kollektivtransporten. Etter kartleggingen ble utf\u00f8rt har Statnett tatt med i sin nettplan at en ny 420kV-linje til Tjeldbergodden b\u00f8r v\u00e6re realisert innen 2040. Med gasskraftverk p\u00e5 Tjeldbergodden p\u00e5 plass, m\u00e5 denne linjen fremskyndes.<\/p>\n\n\n\n<p>Statkraft er allerede involvert i fem gasskraftverk \u2013 ett i Norge, og fire i Tyskland. Det er naturlig \u00e5 peke p\u00e5 Statkraft for \u00e5 bygge, eie og drifte et nytt gasskraftverk p\u00e5 Tjeldbergodden. Det kan ogs\u00e5 v\u00e6re aktuelt \u00e5 se p\u00e5 andre operat\u00f8r-selskap om Statkraft ikke er positive til en rask utbygging. \u00c5 f\u00e5 realisert et gasskraftverk p\u00e5 Tjeldbergodden b\u00f8r st\u00e5 h\u00f8yt p\u00e5 agendaen til b\u00e5de M\u00f8re og Romsdal fylkeskommune og Tr\u00f8ndelag fylkeskommune, da det vil ha stor betydning for fremtidig verdiskapning i regionen.<\/p>\n\n\n<div class=\"tags\">\n\t<\/div>\n<div class=\"post-footer alignfull has-background block-editor-block-list__block\" data-align=full>\n\t<div class=\"post-footer-inner\">\n\t\t<h3>Relaterte artikler<\/h3>\n\t\t<div class=\"related-content\"><div class=\"is-card-hoyre\">\n\t<div class=\"teft-card hoyre-teft-card post-teft-card\">\n\t\t<a href=\"https:\/\/hoyre.no\/aure\/aktuelt\/her-er-aure-hoyre-sitt-program-for-2023-2027\/\" class=\"teft-card__primary-action\">\n\n\t\t\t<div class=\"teft-card__media teft-card__media--16-9 no-image\"><\/div>\n\t\t\t<div class=\"teft-card__content-wrapper\">\n\t\t\t\t<div class=\"teft-card__secondary\">\n\t\t\t\t\t\n\t\t\t\t\t\t\t\t<div class=\"teft-card__meta\">\n\t\t\t\t\t\t\t\t\t<span class=\"post-date\">20. jul 2023<\/span>\n\n\t\t\t\t\t\t\t\t\t\t\t\t\t\t\t\t\t<\/div>\n\t\t\t\t\t\t\t\t\t\t\t<\/div>\n\n\t\t\t\t<div class=\"teft-card__primary\">\n\t\t\t\t\t<h2 class=\"teft-card__title\">Her er Aure H\u00f8yre sitt program for 2023 &#8211; 2027.&nbsp;<span class=\"teft-card__primary-title-append\"><\/span><\/h2>\t\t\t\t<\/div>\n\t\t\t<\/div>\n\t\t<\/a>\n\t<\/div>\n\n\t<\/div><div class=\"is-card-hoyre\">\n\t<div class=\"teft-card hoyre-teft-card post-teft-card\">\n\t\t<a href=\"https:\/\/hoyre.no\/aure\/aktuelt\/boliger-for-vare-unge-voksne\/\" class=\"teft-card__primary-action\">\n\n\t\t\t\t\t<div class=\"teft-card__media teft-card__media--16-9\">\n\t\t\t\t\t\t<img loading=\"lazy\" decoding=\"async\" width=\"768\" height=\"439\" src=\"https:\/\/hoyre.no\/content\/uploads\/sites\/112\/2023\/06\/356269155_976933863549524_6800973131958247104_n-768x439.png\" class=\"attachment-medium_large size-medium_large\" alt=\"\" srcset=\"https:\/\/hoyre.no\/content\/uploads\/sites\/112\/2023\/06\/356269155_976933863549524_6800973131958247104_n-768x439.png 768w, https:\/\/hoyre.no\/content\/uploads\/sites\/112\/2023\/06\/356269155_976933863549524_6800973131958247104_n-300x171.png 300w, https:\/\/hoyre.no\/content\/uploads\/sites\/112\/2023\/06\/356269155_976933863549524_6800973131958247104_n-1024x585.png 1024w, https:\/\/hoyre.no\/content\/uploads\/sites\/112\/2023\/06\/356269155_976933863549524_6800973131958247104_n-1536x878.png 1536w, https:\/\/hoyre.no\/content\/uploads\/sites\/112\/2023\/06\/356269155_976933863549524_6800973131958247104_n.png 2048w\" sizes=\"auto, (max-width: 768px) 100vw, 768px\" \/>\t\t<\/div>\n\t\t\n\t\t\t<div class=\"teft-card__content-wrapper\">\n\t\t\t\t<div class=\"teft-card__secondary\">\n\t\t\t\t\t\n\t\t\t\t\t\t\t\t<div class=\"teft-card__meta\">\n\t\t\t\t\t\t\t\t\t<span class=\"post-date\">1. jul 2023<\/span>\n\n\t\t\t\t\t\t\t\t\t\t\t\t\t\t\t\t\t<\/div>\n\t\t\t\t\t\t\t\t\t\t\t<\/div>\n\n\t\t\t\t<div class=\"teft-card__primary\">\n\t\t\t\t\t<h2 class=\"teft-card__title\">Boliger for v\u00e5re unge voksne.&nbsp;<span class=\"teft-card__primary-title-append\"><\/span><\/h2>\t\t\t\t<\/div>\n\t\t\t<\/div>\n\t\t<\/a>\n\t<\/div>\n\n\t<\/div><div class=\"is-card-hoyre\">\n\t<div class=\"teft-card hoyre-teft-card post-teft-card\">\n\t\t<a href=\"https:\/\/hoyre.no\/aure\/aktuelt\/aure-hoyre-sitt-lag-til-kommunevalget-2023\/\" class=\"teft-card__primary-action\">\n\n\t\t\t\t\t<div class=\"teft-card__media teft-card__media--16-9\">\n\t\t\t\t\t\t<img loading=\"lazy\" decoding=\"async\" width=\"768\" height=\"643\" src=\"https:\/\/hoyre.no\/content\/uploads\/sites\/112\/2023\/03\/20230627_192725-2-768x643.jpg\" class=\"attachment-medium_large size-medium_large\" alt=\"\" srcset=\"https:\/\/hoyre.no\/content\/uploads\/sites\/112\/2023\/03\/20230627_192725-2-768x643.jpg 768w, https:\/\/hoyre.no\/content\/uploads\/sites\/112\/2023\/03\/20230627_192725-2-300x251.jpg 300w, https:\/\/hoyre.no\/content\/uploads\/sites\/112\/2023\/03\/20230627_192725-2-1024x857.jpg 1024w, https:\/\/hoyre.no\/content\/uploads\/sites\/112\/2023\/03\/20230627_192725-2-1536x1286.jpg 1536w, https:\/\/hoyre.no\/content\/uploads\/sites\/112\/2023\/03\/20230627_192725-2.jpg 1940w\" sizes=\"auto, (max-width: 768px) 100vw, 768px\" \/>\t\t<\/div>\n\t\t\n\t\t\t<div class=\"teft-card__content-wrapper\">\n\t\t\t\t<div class=\"teft-card__secondary\">\n\t\t\t\t\t\n\t\t\t\t\t\t\t\t<div class=\"teft-card__meta\">\n\t\t\t\t\t\t\t\t\t<span class=\"post-date\">13. mar 2023<\/span>\n\n\t\t\t\t\t\t\t\t\t\t\t\t\t\t\t\t\t<\/div>\n\t\t\t\t\t\t\t\t\t\t\t<\/div>\n\n\t\t\t\t<div class=\"teft-card__primary\">\n\t\t\t\t\t<h2 class=\"teft-card__title\">Aure H\u00f8yre sitt lag til kommunevalget 2023.&nbsp;<span class=\"teft-card__primary-title-append\"><\/span><\/h2>\t\t\t\t<\/div>\n\t\t\t<\/div>\n\t\t<\/a>\n\t<\/div>\n\n\t<\/div><\/div>\t<\/div>\n<\/div>\n","protected":false},"excerpt":{"rendered":"","protected":false},"author":11437,"featured_media":0,"comment_status":"closed","ping_status":"closed","sticky":false,"template":"","format":"standard","meta":{"teft_cards_image_url":"","teft_cards_custom_pretitle":"","teft_cards_image_id":0,"teft_cards_image_focal_point_x":0,"teft_cards_image_focal_point_y":0,"teft_cards_title":"","teft_cards_excerpt":"","teft_show_chapters":false,"author_display_name":"","footnotes":""},"category":[1],"post_tag":[],"hoyre-visibility":[],"article-type":[],"politician":[],"class_list":["post-69","post","type-post","status-publish","format-standard","hentry","category-ukategorisert"],"yoast_head":"<!-- This site is optimized with the Yoast SEO plugin v26.6 - https:\/\/yoast.com\/wordpress\/plugins\/seo\/ -->\n<title>Vil ha p\u00e5 plass 1500 MW med gasskraft p\u00e5 Tjeldbergodden. - Aure H\u00f8yre<\/title>\n<meta name=\"robots\" content=\"index, follow, max-snippet:-1, max-image-preview:large, max-video-preview:-1\" \/>\n<link rel=\"canonical\" href=\"https:\/\/hoyre.no\/aure\/aktuelt\/vil-ha-pa-plass-1500-mw-med-gasskraft-pa-tjeldbergodden\/\" \/>\n<meta property=\"og:locale\" content=\"nb_NO\" \/>\n<meta property=\"og:type\" content=\"article\" \/>\n<meta property=\"og:title\" content=\"Vil ha p\u00e5 plass 1500 MW med gasskraft p\u00e5 Tjeldbergodden. - Aure H\u00f8yre\" \/>\n<meta property=\"og:url\" content=\"https:\/\/hoyre.no\/aure\/aktuelt\/vil-ha-pa-plass-1500-mw-med-gasskraft-pa-tjeldbergodden\/\" \/>\n<meta property=\"og:site_name\" content=\"Aure H\u00f8yre\" \/>\n<meta property=\"article:published_time\" content=\"2022-04-12T09:08:50+00:00\" \/>\n<meta property=\"article:modified_time\" content=\"2022-04-12T09:08:51+00:00\" \/>\n<meta property=\"og:image\" content=\"https:\/\/hoyre.no\/content\/uploads\/sites\/112\/2023\/03\/20230627_192725-2-1024x857.jpg\" \/>\n<meta name=\"author\" content=\"Henning Torset\" \/>\n<meta name=\"twitter:card\" content=\"summary_large_image\" \/>\n<meta name=\"twitter:label1\" content=\"Skrevet av\" \/>\n\t<meta name=\"twitter:data1\" content=\"Henning Torset\" \/>\n\t<meta name=\"twitter:label2\" content=\"Ansl. lesetid\" \/>\n\t<meta name=\"twitter:data2\" content=\"4 minutter\" \/>\n<script type=\"application\/ld+json\" class=\"yoast-schema-graph\">{\"@context\":\"https:\/\/schema.org\",\"@graph\":[{\"@type\":\"NewsArticle\",\"@id\":\"https:\/\/hoyre.no\/aure\/aktuelt\/vil-ha-pa-plass-1500-mw-med-gasskraft-pa-tjeldbergodden\/\",\"url\":\"https:\/\/hoyre.no\/aure\/aktuelt\/vil-ha-pa-plass-1500-mw-med-gasskraft-pa-tjeldbergodden\/\",\"name\":\"Vil ha p\u00e5 plass 1500 MW med gasskraft p\u00e5 Tjeldbergodden. - Aure H\u00f8yre\",\"isPartOf\":{\"@id\":\"https:\/\/hoyre.no\/aure\/#website\"},\"datePublished\":\"2022-04-12T09:08:50+00:00\",\"dateModified\":\"2022-04-12T09:08:51+00:00\",\"author\":{\"@id\":\"https:\/\/hoyre.no\/aure\/#\/schema\/person\/a6a55f3433355c22197497f2e7655102\"},\"breadcrumb\":{\"@id\":\"https:\/\/hoyre.no\/aure\/aktuelt\/vil-ha-pa-plass-1500-mw-med-gasskraft-pa-tjeldbergodden\/#breadcrumb\"},\"inLanguage\":\"nb-NO\",\"potentialAction\":[{\"@type\":\"ReadAction\",\"target\":[\"https:\/\/hoyre.no\/aure\/aktuelt\/vil-ha-pa-plass-1500-mw-med-gasskraft-pa-tjeldbergodden\/\"]}]},{\"@type\":\"BreadcrumbList\",\"@id\":\"https:\/\/hoyre.no\/aure\/aktuelt\/vil-ha-pa-plass-1500-mw-med-gasskraft-pa-tjeldbergodden\/#breadcrumb\",\"itemListElement\":[{\"@type\":\"ListItem\",\"position\":1,\"name\":\"Til hoyre.no\",\"item\":\"https:\/\/hoyre.no\"},{\"@type\":\"ListItem\",\"position\":2,\"name\":\"Hjem\",\"item\":\"https:\/\/hoyre.no\/aure\/\"},{\"@type\":\"ListItem\",\"position\":3,\"name\":\"Vil ha p\u00e5 plass 1500 MW med gasskraft p\u00e5 Tjeldbergodden.\"}]},{\"@type\":\"WebSite\",\"@id\":\"https:\/\/hoyre.no\/aure\/#website\",\"url\":\"https:\/\/hoyre.no\/aure\/\",\"name\":\"Aure H\u00f8yre\",\"description\":\"Bare enda et H\u00f8yres nettsteder-nettsted\",\"inLanguage\":\"nb-NO\"},{\"@type\":\"Person\",\"@id\":\"https:\/\/hoyre.no\/aure\/#\/schema\/person\/a6a55f3433355c22197497f2e7655102\",\"name\":\"Henning Torset\",\"image\":{\"@type\":\"ImageObject\",\"inLanguage\":\"nb-NO\",\"@id\":\"https:\/\/hoyre.no\/aure\/#\/schema\/person\/image\/\",\"url\":\"https:\/\/secure.gravatar.com\/avatar\/9a8b43788e16bd3af5c9c45b756122e3a35deb87231a5f10274d0585c94e8a2f?s=96&d=mm&r=g\",\"contentUrl\":\"https:\/\/secure.gravatar.com\/avatar\/9a8b43788e16bd3af5c9c45b756122e3a35deb87231a5f10274d0585c94e8a2f?s=96&d=mm&r=g\",\"caption\":\"Henning Torset\"},\"url\":\"https:\/\/hoyre.no\/aure\/aktuelt\/author\/m50265768\/\"}]}<\/script>\n<!-- \/ Yoast SEO plugin. -->","yoast_head_json":{"title":"Vil ha p\u00e5 plass 1500 MW med gasskraft p\u00e5 Tjeldbergodden. - Aure H\u00f8yre","robots":{"index":"index","follow":"follow","max-snippet":"max-snippet:-1","max-image-preview":"max-image-preview:large","max-video-preview":"max-video-preview:-1"},"canonical":"https:\/\/hoyre.no\/aure\/aktuelt\/vil-ha-pa-plass-1500-mw-med-gasskraft-pa-tjeldbergodden\/","og_locale":"nb_NO","og_type":"article","og_title":"Vil ha p\u00e5 plass 1500 MW med gasskraft p\u00e5 Tjeldbergodden. - Aure H\u00f8yre","og_url":"https:\/\/hoyre.no\/aure\/aktuelt\/vil-ha-pa-plass-1500-mw-med-gasskraft-pa-tjeldbergodden\/","og_site_name":"Aure H\u00f8yre","article_published_time":"2022-04-12T09:08:50+00:00","article_modified_time":"2022-04-12T09:08:51+00:00","og_image":[{"url":"https:\/\/hoyre.no\/content\/uploads\/sites\/112\/2023\/03\/20230627_192725-2-1024x857.jpg","width":"","height":"","type":""}],"author":"Henning Torset","twitter_card":"summary_large_image","twitter_misc":{"Skrevet av":"Henning Torset","Ansl. lesetid":"4 minutter"},"schema":{"@context":"https:\/\/schema.org","@graph":[{"@type":"NewsArticle","@id":"https:\/\/hoyre.no\/aure\/aktuelt\/vil-ha-pa-plass-1500-mw-med-gasskraft-pa-tjeldbergodden\/","url":"https:\/\/hoyre.no\/aure\/aktuelt\/vil-ha-pa-plass-1500-mw-med-gasskraft-pa-tjeldbergodden\/","name":"Vil ha p\u00e5 plass 1500 MW med gasskraft p\u00e5 Tjeldbergodden. - Aure H\u00f8yre","isPartOf":{"@id":"https:\/\/hoyre.no\/aure\/#website"},"datePublished":"2022-04-12T09:08:50+00:00","dateModified":"2022-04-12T09:08:51+00:00","author":{"@id":"https:\/\/hoyre.no\/aure\/#\/schema\/person\/a6a55f3433355c22197497f2e7655102"},"breadcrumb":{"@id":"https:\/\/hoyre.no\/aure\/aktuelt\/vil-ha-pa-plass-1500-mw-med-gasskraft-pa-tjeldbergodden\/#breadcrumb"},"inLanguage":"nb-NO","potentialAction":[{"@type":"ReadAction","target":["https:\/\/hoyre.no\/aure\/aktuelt\/vil-ha-pa-plass-1500-mw-med-gasskraft-pa-tjeldbergodden\/"]}]},{"@type":"BreadcrumbList","@id":"https:\/\/hoyre.no\/aure\/aktuelt\/vil-ha-pa-plass-1500-mw-med-gasskraft-pa-tjeldbergodden\/#breadcrumb","itemListElement":[{"@type":"ListItem","position":1,"name":"Til hoyre.no","item":"https:\/\/hoyre.no"},{"@type":"ListItem","position":2,"name":"Hjem","item":"https:\/\/hoyre.no\/aure\/"},{"@type":"ListItem","position":3,"name":"Vil ha p\u00e5 plass 1500 MW med gasskraft p\u00e5 Tjeldbergodden."}]},{"@type":"WebSite","@id":"https:\/\/hoyre.no\/aure\/#website","url":"https:\/\/hoyre.no\/aure\/","name":"Aure H\u00f8yre","description":"Bare enda et H\u00f8yres nettsteder-nettsted","inLanguage":"nb-NO"},{"@type":"Person","@id":"https:\/\/hoyre.no\/aure\/#\/schema\/person\/a6a55f3433355c22197497f2e7655102","name":"Henning Torset","image":{"@type":"ImageObject","inLanguage":"nb-NO","@id":"https:\/\/hoyre.no\/aure\/#\/schema\/person\/image\/","url":"https:\/\/secure.gravatar.com\/avatar\/9a8b43788e16bd3af5c9c45b756122e3a35deb87231a5f10274d0585c94e8a2f?s=96&d=mm&r=g","contentUrl":"https:\/\/secure.gravatar.com\/avatar\/9a8b43788e16bd3af5c9c45b756122e3a35deb87231a5f10274d0585c94e8a2f?s=96&d=mm&r=g","caption":"Henning Torset"},"url":"https:\/\/hoyre.no\/aure\/aktuelt\/author\/m50265768\/"}]}},"distributor_meta":false,"distributor_terms":false,"distributor_media":false,"distributor_original_site_name":"Aure H\u00f8yre","distributor_original_site_url":"https:\/\/hoyre.no\/aure","push-errors":false,"_links":{"self":[{"href":"https:\/\/hoyre.no\/aure\/wp-json\/wp\/v2\/posts\/69","targetHints":{"allow":["GET"]}}],"collection":[{"href":"https:\/\/hoyre.no\/aure\/wp-json\/wp\/v2\/posts"}],"about":[{"href":"https:\/\/hoyre.no\/aure\/wp-json\/wp\/v2\/types\/post"}],"author":[{"embeddable":true,"href":"https:\/\/hoyre.no\/aure\/wp-json\/wp\/v2\/users\/11437"}],"replies":[{"embeddable":true,"href":"https:\/\/hoyre.no\/aure\/wp-json\/wp\/v2\/comments?post=69"}],"version-history":[{"count":1,"href":"https:\/\/hoyre.no\/aure\/wp-json\/wp\/v2\/posts\/69\/revisions"}],"predecessor-version":[{"id":72,"href":"https:\/\/hoyre.no\/aure\/wp-json\/wp\/v2\/posts\/69\/revisions\/72"}],"wp:attachment":[{"href":"https:\/\/hoyre.no\/aure\/wp-json\/wp\/v2\/media?parent=69"}],"wp:term":[{"taxonomy":"category","embeddable":true,"href":"https:\/\/hoyre.no\/aure\/wp-json\/wp\/v2\/category?post=69"},{"taxonomy":"post_tag","embeddable":true,"href":"https:\/\/hoyre.no\/aure\/wp-json\/wp\/v2\/post_tag?post=69"},{"taxonomy":"hoyre-visibility","embeddable":true,"href":"https:\/\/hoyre.no\/aure\/wp-json\/wp\/v2\/hoyre-visibility?post=69"},{"taxonomy":"article-type","embeddable":true,"href":"https:\/\/hoyre.no\/aure\/wp-json\/wp\/v2\/article-type?post=69"},{"taxonomy":"politician","embeddable":true,"href":"https:\/\/hoyre.no\/aure\/wp-json\/wp\/v2\/politician?post=69"}],"curies":[{"name":"wp","href":"https:\/\/api.w.org\/{rel}","templated":true}]}}