{"id":65,"date":"2023-08-25T10:43:59","date_gmt":"2023-08-25T08:43:59","guid":{"rendered":"https:\/\/hoyre.no\/aurland\/?p=65"},"modified":"2023-08-25T11:58:43","modified_gmt":"2023-08-25T09:58:43","slug":"ei-opploftande-meiningsmaling","status":"publish","type":"post","link":"https:\/\/hoyre.no\/aurland\/aktuelt\/ei-opploftande-meiningsmaling\/","title":{"rendered":"Ei oppl\u00f8ftande meiningsm\u00e5ling"},"content":{"rendered":"\n<p class=\"preamble\">Aurland H\u00f8gre takkar for tilliten. Den gir oss god motivasjon inn i valkampinnspurten. <\/p>\t\t\t<div class=\"post-meta wp-block teft-byline-wrapper\">\n\t\t\t\t<div class=\"top\">\n\t\t\t\t\t<div class=\"signature\">\n\t\t\t\t\t\t<div class=\"teft-byline\">\n\t\t\t\t\t\t\t\t\t\t\t\t\t\t<div>\n\t\t\t\t\t\t\t\t<h3>H\u00f8yres redaksjon<\/h3>\t\t\t\t\t\t\t\t\n\t\t\t\t\t\t\t\t\t\t\t\t\t\t\t\t\t<span class=\"date\">Sist oppdatert: 25. august 2023<\/span>\n\t\t\t\t\t\t\t\t\t\t\t\t\t\t\t\t\t\t\t\t\t\t\t\t\t<span class=\"reading-time\" itemprop=\"timeRequired\" content=\"PT1M\"><em>Ca. 1 minutter lesetid<\/em><\/span>\n\t\t\t\t\t\t\t\t\t\t\t\t\t\t\t<\/div>\n\t\t\t\t\t\t<\/div>\n\t\t\t\t\t<\/div>\n\t\t\t\t\t\t<div class=\"sharing\">\n\t\t<a class=\"share-button share-link copy-link\" data-copy=\"https:\/\/hoyre.no\/aurland\/aktuelt\/ei-opploftande-meiningsmaling\/\" target=\"_blank\"><span class=\"screen-reader-text\">Del link<\/span><\/a>\n\t\t<a class=\"share-button share-twitter\" href=\"http:\/\/twitter.com\/share?text=Ei oppl\u00f8ftande meiningsm\u00e5ling&#038;url=https:\/\/hoyre.no\/aurland\/aktuelt\/ei-opploftande-meiningsmaling\/&#038;hashtags=Hoyre\" target=\"_blank\"><span class=\"screen-reader-text\">Del p\u00e5 twitter<\/span><\/a>\n\t\t<a class=\"share-button share-facebook\" href=\"https:\/\/www.facebook.com\/sharer\/sharer.php?u=https:\/\/hoyre.no\/aurland\/aktuelt\/ei-opploftande-meiningsmaling\/\" target=\"_blank\"><span class=\"screen-reader-text\">Del p\u00e5 facebook<\/span><\/a>\n\t<\/div>\n\t\t\t\t\t<\/div>\n\t\t\t<\/div>\n\n\t\t\t<figure class=\"hoyre-image-wrapper\"><div class=\"hoyre-image\"><img loading=\"lazy\" decoding=\"async\" width=\"765\" height=\"878\" src=\"https:\/\/hoyre.no\/content\/uploads\/sites\/349\/2023\/08\/TEst-ny-Frode-menings.jpg\" class=\"attachment-scaled size-scaled\" alt=\"\" style=\"object-position: 49% 34%\" srcset=\"https:\/\/hoyre.no\/content\/uploads\/sites\/349\/2023\/08\/TEst-ny-Frode-menings.jpg 765w, https:\/\/hoyre.no\/content\/uploads\/sites\/349\/2023\/08\/TEst-ny-Frode-menings-261x300.jpg 261w\" sizes=\"auto, (max-width: 765px) 100vw, 765px\" \/><\/div><\/figure>\n\n\n\n\n<p>Frode Bekkestad er H\u00f8gre sin ordf\u00f8rarkandidat og er sv\u00e6rt glad for m\u00e5linga.&nbsp;Han trur aurlendingene st\u00f8ttar opp om H\u00f8gre sitt fokus p\u00e5 n\u00e6ringslivet, eldreomsorga og straumst\u00f8tta i kommunen.<\/p>\n\n\n\n<p>Aurland H\u00f8gre er opptekne av \u00e5 l\u00f8ysa floken med cruiseturisme etter 2026.&nbsp; Me har viktige verksemder b\u00e5de i Fl\u00e5m og Aurland som er avhengige av at me held volumet i reiselivsn\u00e6ringa oppe.<\/p>\n\n\n\n<p>H\u00f8gre vil at innbyggjarane f\u00e5r straumst\u00f8tta tilbake, eit st\u00f8tte som Staten gav og som Senterpartiet tok vekk og inn i kommunekassa.<\/p>\n\n\n\n<p>H\u00f8gre gjekk og i front for \u00e5 bygge og utvide helsetunet som no er snart ferdigbygd.<\/p>\n\n\n\n<p>\u2013Eg trur dette er d\u00f8me p\u00e5 at me har fokusert p\u00e5 saker med eit aktivt partilag og gode folk p\u00e5 lista, der me fortsatt jobbar for eit godt valgresultat og positive politiske grep for innbyggjarane i Aurland, seier Frode Bekkestad, ordf\u00f8rarkandidat for Aurland H\u00f8gre.&nbsp;<\/p>\n\n\n<div class=\"tags\">\n\t<\/div>\n<div class=\"post-footer alignfull has-background block-editor-block-list__block\" data-align=full>\n\t<div class=\"post-footer-inner\">\n\t\t<h3>Relaterte artikler<\/h3>\n\t\t\t<\/div>\n<\/div>\n","protected":false},"excerpt":{"rendered":"","protected":false},"author":29639,"featured_media":0,"comment_status":"closed","ping_status":"closed","sticky":true,"template":"","format":"standard","meta":{"teft_cards_image_url":"","teft_cards_custom_pretitle":"","teft_cards_image_id":66,"teft_cards_image_focal_point_x":0.5,"teft_cards_image_focal_point_y":0.11,"teft_cards_title":"","teft_cards_excerpt":"","teft_show_chapters":false,"author_display_name":"","footnotes":""},"category":[1],"post_tag":[],"hoyre-visibility":[3],"article-type":[],"politician":[],"class_list":["post-65","post","type-post","status-publish","format-standard","hentry","category-ukategorisert"],"yoast_head":"<!-- This site is optimized with the Yoast SEO plugin v26.6 - https:\/\/yoast.com\/wordpress\/plugins\/seo\/ -->\n<title>Ei oppl\u00f8ftande meiningsm\u00e5ling - Aurland H\u00f8gre<\/title>\n<meta name=\"robots\" content=\"index, follow, max-snippet:-1, max-image-preview:large, max-video-preview:-1\" \/>\n<link rel=\"canonical\" href=\"https:\/\/hoyre.no\/aurland\/aktuelt\/ei-opploftande-meiningsmaling\/\" \/>\n<meta property=\"og:locale\" content=\"nn_NO\" \/>\n<meta property=\"og:type\" content=\"article\" \/>\n<meta property=\"og:title\" content=\"Ei oppl\u00f8ftande meiningsm\u00e5ling - Aurland H\u00f8gre\" \/>\n<meta property=\"og:url\" content=\"https:\/\/hoyre.no\/aurland\/aktuelt\/ei-opploftande-meiningsmaling\/\" \/>\n<meta property=\"og:site_name\" content=\"Aurland H\u00f8gre\" \/>\n<meta property=\"article:published_time\" content=\"2023-08-25T08:43:59+00:00\" \/>\n<meta property=\"article:modified_time\" content=\"2023-08-25T09:58:43+00:00\" \/>\n<meta property=\"og:image\" content=\"https:\/\/hoyre.no\/content\/uploads\/sites\/349\/2023\/08\/Aurland-Hogre-meningsmalingsgrafikk-885x1024.png\" \/>\n<meta name=\"author\" content=\"Steinar Gerhardsen\" \/>\n<meta name=\"twitter:card\" content=\"summary_large_image\" \/>\n<meta name=\"twitter:label1\" content=\"Written by\" \/>\n\t<meta name=\"twitter:data1\" content=\"Steinar Gerhardsen\" \/>\n\t<meta name=\"twitter:label2\" content=\"Est. reading time\" \/>\n\t<meta name=\"twitter:data2\" content=\"1 minutt\" \/>\n<script type=\"application\/ld+json\" class=\"yoast-schema-graph\">{\"@context\":\"https:\/\/schema.org\",\"@graph\":[{\"@type\":\"NewsArticle\",\"@id\":\"https:\/\/hoyre.no\/aurland\/aktuelt\/ei-opploftande-meiningsmaling\/\",\"url\":\"https:\/\/hoyre.no\/aurland\/aktuelt\/ei-opploftande-meiningsmaling\/\",\"name\":\"Ei oppl\u00f8ftande meiningsm\u00e5ling - Aurland H\u00f8gre\",\"isPartOf\":{\"@id\":\"https:\/\/hoyre.no\/aurland\/#website\"},\"datePublished\":\"2023-08-25T08:43:59+00:00\",\"dateModified\":\"2023-08-25T09:58:43+00:00\",\"author\":{\"@id\":\"https:\/\/hoyre.no\/aurland\/#\/schema\/person\/17d0151e6afdf2b977e80267203ba0d8\"},\"breadcrumb\":{\"@id\":\"https:\/\/hoyre.no\/aurland\/aktuelt\/ei-opploftande-meiningsmaling\/#breadcrumb\"},\"inLanguage\":\"nn-NO\",\"potentialAction\":[{\"@type\":\"ReadAction\",\"target\":[\"https:\/\/hoyre.no\/aurland\/aktuelt\/ei-opploftande-meiningsmaling\/\"]}]},{\"@type\":\"BreadcrumbList\",\"@id\":\"https:\/\/hoyre.no\/aurland\/aktuelt\/ei-opploftande-meiningsmaling\/#breadcrumb\",\"itemListElement\":[{\"@type\":\"ListItem\",\"position\":1,\"name\":\"Til hoyre.no\",\"item\":\"https:\/\/hoyre.no\"},{\"@type\":\"ListItem\",\"position\":2,\"name\":\"Hjem\",\"item\":\"https:\/\/hoyre.no\/aurland\/\"},{\"@type\":\"ListItem\",\"position\":3,\"name\":\"Ei oppl\u00f8ftande meiningsm\u00e5ling\"}]},{\"@type\":\"WebSite\",\"@id\":\"https:\/\/hoyre.no\/aurland\/#website\",\"url\":\"https:\/\/hoyre.no\/aurland\/\",\"name\":\"Aurland H\u00f8gre\",\"description\":\"Bare enda et H\u00f8yres nettsteder-nettsted\",\"inLanguage\":\"nn-NO\"},{\"@type\":\"Person\",\"@id\":\"https:\/\/hoyre.no\/aurland\/#\/schema\/person\/17d0151e6afdf2b977e80267203ba0d8\",\"name\":\"Steinar Gerhardsen\",\"image\":{\"@type\":\"ImageObject\",\"inLanguage\":\"nn-NO\",\"@id\":\"https:\/\/hoyre.no\/aurland\/#\/schema\/person\/image\/\",\"url\":\"https:\/\/secure.gravatar.com\/avatar\/9666c3ff53907d6370555ac10f97d3c2773dbd50a4763bdce5b23917cc9fa2f6?s=96&d=mm&r=g\",\"contentUrl\":\"https:\/\/secure.gravatar.com\/avatar\/9666c3ff53907d6370555ac10f97d3c2773dbd50a4763bdce5b23917cc9fa2f6?s=96&d=mm&r=g\",\"caption\":\"Steinar Gerhardsen\"},\"url\":\"https:\/\/hoyre.no\/aurland\/aktuelt\/author\/m52115177\/\"}]}<\/script>\n<!-- \/ Yoast SEO plugin. -->","yoast_head_json":{"title":"Ei oppl\u00f8ftande meiningsm\u00e5ling - Aurland H\u00f8gre","robots":{"index":"index","follow":"follow","max-snippet":"max-snippet:-1","max-image-preview":"max-image-preview:large","max-video-preview":"max-video-preview:-1"},"canonical":"https:\/\/hoyre.no\/aurland\/aktuelt\/ei-opploftande-meiningsmaling\/","og_locale":"nn_NO","og_type":"article","og_title":"Ei oppl\u00f8ftande meiningsm\u00e5ling - Aurland H\u00f8gre","og_url":"https:\/\/hoyre.no\/aurland\/aktuelt\/ei-opploftande-meiningsmaling\/","og_site_name":"Aurland H\u00f8gre","article_published_time":"2023-08-25T08:43:59+00:00","article_modified_time":"2023-08-25T09:58:43+00:00","og_image":[{"url":"https:\/\/hoyre.no\/content\/uploads\/sites\/349\/2023\/08\/Aurland-Hogre-meningsmalingsgrafikk-885x1024.png","width":"","height":"","type":""}],"author":"Steinar Gerhardsen","twitter_card":"summary_large_image","twitter_misc":{"Written by":"Steinar Gerhardsen","Est. reading time":"1 minutt"},"schema":{"@context":"https:\/\/schema.org","@graph":[{"@type":"NewsArticle","@id":"https:\/\/hoyre.no\/aurland\/aktuelt\/ei-opploftande-meiningsmaling\/","url":"https:\/\/hoyre.no\/aurland\/aktuelt\/ei-opploftande-meiningsmaling\/","name":"Ei oppl\u00f8ftande meiningsm\u00e5ling - Aurland H\u00f8gre","isPartOf":{"@id":"https:\/\/hoyre.no\/aurland\/#website"},"datePublished":"2023-08-25T08:43:59+00:00","dateModified":"2023-08-25T09:58:43+00:00","author":{"@id":"https:\/\/hoyre.no\/aurland\/#\/schema\/person\/17d0151e6afdf2b977e80267203ba0d8"},"breadcrumb":{"@id":"https:\/\/hoyre.no\/aurland\/aktuelt\/ei-opploftande-meiningsmaling\/#breadcrumb"},"inLanguage":"nn-NO","potentialAction":[{"@type":"ReadAction","target":["https:\/\/hoyre.no\/aurland\/aktuelt\/ei-opploftande-meiningsmaling\/"]}]},{"@type":"BreadcrumbList","@id":"https:\/\/hoyre.no\/aurland\/aktuelt\/ei-opploftande-meiningsmaling\/#breadcrumb","itemListElement":[{"@type":"ListItem","position":1,"name":"Til hoyre.no","item":"https:\/\/hoyre.no"},{"@type":"ListItem","position":2,"name":"Hjem","item":"https:\/\/hoyre.no\/aurland\/"},{"@type":"ListItem","position":3,"name":"Ei oppl\u00f8ftande meiningsm\u00e5ling"}]},{"@type":"WebSite","@id":"https:\/\/hoyre.no\/aurland\/#website","url":"https:\/\/hoyre.no\/aurland\/","name":"Aurland H\u00f8gre","description":"Bare enda et H\u00f8yres nettsteder-nettsted","inLanguage":"nn-NO"},{"@type":"Person","@id":"https:\/\/hoyre.no\/aurland\/#\/schema\/person\/17d0151e6afdf2b977e80267203ba0d8","name":"Steinar Gerhardsen","image":{"@type":"ImageObject","inLanguage":"nn-NO","@id":"https:\/\/hoyre.no\/aurland\/#\/schema\/person\/image\/","url":"https:\/\/secure.gravatar.com\/avatar\/9666c3ff53907d6370555ac10f97d3c2773dbd50a4763bdce5b23917cc9fa2f6?s=96&d=mm&r=g","contentUrl":"https:\/\/secure.gravatar.com\/avatar\/9666c3ff53907d6370555ac10f97d3c2773dbd50a4763bdce5b23917cc9fa2f6?s=96&d=mm&r=g","caption":"Steinar Gerhardsen"},"url":"https:\/\/hoyre.no\/aurland\/aktuelt\/author\/m52115177\/"}]}},"distributor_meta":false,"distributor_terms":false,"distributor_media":false,"distributor_original_site_name":"Aurland H\u00f8gre","distributor_original_site_url":"https:\/\/hoyre.no\/aurland","push-errors":false,"_links":{"self":[{"href":"https:\/\/hoyre.no\/aurland\/wp-json\/wp\/v2\/posts\/65","targetHints":{"allow":["GET"]}}],"collection":[{"href":"https:\/\/hoyre.no\/aurland\/wp-json\/wp\/v2\/posts"}],"about":[{"href":"https:\/\/hoyre.no\/aurland\/wp-json\/wp\/v2\/types\/post"}],"author":[{"embeddable":true,"href":"https:\/\/hoyre.no\/aurland\/wp-json\/wp\/v2\/users\/29639"}],"replies":[{"embeddable":true,"href":"https:\/\/hoyre.no\/aurland\/wp-json\/wp\/v2\/comments?post=65"}],"version-history":[{"count":5,"href":"https:\/\/hoyre.no\/aurland\/wp-json\/wp\/v2\/posts\/65\/revisions"}],"predecessor-version":[{"id":76,"href":"https:\/\/hoyre.no\/aurland\/wp-json\/wp\/v2\/posts\/65\/revisions\/76"}],"wp:attachment":[{"href":"https:\/\/hoyre.no\/aurland\/wp-json\/wp\/v2\/media?parent=65"}],"wp:term":[{"taxonomy":"category","embeddable":true,"href":"https:\/\/hoyre.no\/aurland\/wp-json\/wp\/v2\/category?post=65"},{"taxonomy":"post_tag","embeddable":true,"href":"https:\/\/hoyre.no\/aurland\/wp-json\/wp\/v2\/post_tag?post=65"},{"taxonomy":"hoyre-visibility","embeddable":true,"href":"https:\/\/hoyre.no\/aurland\/wp-json\/wp\/v2\/hoyre-visibility?post=65"},{"taxonomy":"article-type","embeddable":true,"href":"https:\/\/hoyre.no\/aurland\/wp-json\/wp\/v2\/article-type?post=65"},{"taxonomy":"politician","embeddable":true,"href":"https:\/\/hoyre.no\/aurland\/wp-json\/wp\/v2\/politician?post=65"}],"curies":[{"name":"wp","href":"https:\/\/api.w.org\/{rel}","templated":true}]}}