{"id":52,"date":"2023-08-25T21:29:41","date_gmt":"2023-08-25T19:29:41","guid":{"rendered":"https:\/\/hoyre.no\/aurskog-holand\/?p=52"},"modified":"2023-08-25T21:29:41","modified_gmt":"2023-08-25T19:29:41","slug":"7-grunner-til-a-stemme-hoyre-i-aurskog-holand","status":"publish","type":"post","link":"https:\/\/hoyre.no\/aurskog-holand\/aktuelt\/7-grunner-til-a-stemme-hoyre-i-aurskog-holand\/","title":{"rendered":"7 grunner til \u00e5 stemme H\u00f8yre i Aurskog-H\u00f8land"},"content":{"rendered":"\n<p class=\"preamble\">Usikker p\u00e5 hva du skal stemme ved kommunestyrevalget i 2023, her gir vi deg sju gode grunner til \u00e5 stemme H\u00f8yre.<\/p>\t\t\t<div class=\"post-meta wp-block teft-byline-wrapper\">\n\t\t\t\t<div class=\"top\">\n\t\t\t\t\t<div class=\"signature\">\n\t\t\t\t\t\t<div class=\"teft-byline\">\n\t\t\t\t\t\t\t\t\t\t\t\t\t\t<div>\n\t\t\t\t\t\t\t\t<h3>H\u00f8yres redaksjon<\/h3>\t\t\t\t\t\t\t\t\n\t\t\t\t\t\t\t\t\t\t\t\t\t\t\t\t\t<span class=\"date\">Sist oppdatert: 25. august 2023<\/span>\n\t\t\t\t\t\t\t\t\t\t\t\t\t\t\t\t\t\t\t\t\t\t\t\t\t<span class=\"reading-time\" itemprop=\"timeRequired\" content=\"PT4M\"><em>Ca. 4 minutter lesetid<\/em><\/span>\n\t\t\t\t\t\t\t\t\t\t\t\t\t\t\t<\/div>\n\t\t\t\t\t\t<\/div>\n\t\t\t\t\t<\/div>\n\t\t\t\t\t\t<div class=\"sharing\">\n\t\t<a class=\"share-button share-link copy-link\" data-copy=\"https:\/\/hoyre.no\/aurskog-holand\/aktuelt\/7-grunner-til-a-stemme-hoyre-i-aurskog-holand\/\" target=\"_blank\"><span class=\"screen-reader-text\">Del link<\/span><\/a>\n\t\t<a class=\"share-button share-twitter\" href=\"http:\/\/twitter.com\/share?text=7 grunner til \u00e5 stemme H\u00f8yre i Aurskog-H\u00f8land&#038;url=https:\/\/hoyre.no\/aurskog-holand\/aktuelt\/7-grunner-til-a-stemme-hoyre-i-aurskog-holand\/&#038;hashtags=Hoyre\" target=\"_blank\"><span class=\"screen-reader-text\">Del p\u00e5 twitter<\/span><\/a>\n\t\t<a class=\"share-button share-facebook\" href=\"https:\/\/www.facebook.com\/sharer\/sharer.php?u=https:\/\/hoyre.no\/aurskog-holand\/aktuelt\/7-grunner-til-a-stemme-hoyre-i-aurskog-holand\/\" target=\"_blank\"><span class=\"screen-reader-text\">Del p\u00e5 facebook<\/span><\/a>\n\t<\/div>\n\t\t\t\t\t<\/div>\n\t\t\t<\/div>\n\n\t\t\t<figure class=\"hoyre-image-wrapper\"><div class=\"hoyre-image\"><img loading=\"lazy\" decoding=\"async\" width=\"2500\" height=\"1875\" src=\"https:\/\/hoyre.no\/content\/uploads\/sites\/202\/2023\/08\/IMG_0607-scaled.jpg\" class=\"attachment-scaled size-scaled\" alt=\"\" style=\"object-position: 51% 49%\" srcset=\"https:\/\/hoyre.no\/content\/uploads\/sites\/202\/2023\/08\/IMG_0607-scaled.jpg 2500w, https:\/\/hoyre.no\/content\/uploads\/sites\/202\/2023\/08\/IMG_0607-300x225.jpg 300w, https:\/\/hoyre.no\/content\/uploads\/sites\/202\/2023\/08\/IMG_0607-1024x768.jpg 1024w, https:\/\/hoyre.no\/content\/uploads\/sites\/202\/2023\/08\/IMG_0607-768x576.jpg 768w, https:\/\/hoyre.no\/content\/uploads\/sites\/202\/2023\/08\/IMG_0607-1536x1152.jpg 1536w, https:\/\/hoyre.no\/content\/uploads\/sites\/202\/2023\/08\/IMG_0607-2048x1536.jpg 2048w\" sizes=\"auto, (max-width: 2500px) 100vw, 2500px\" \/><\/div><\/figure>\n\n\n\n\n<h2 class=\"wp-block-heading\">Klima og milj\u00f8<\/h2>\n\n\n\n<figure class=\"wp-block-image size-large is-resized\"><img loading=\"lazy\" decoding=\"async\" src=\"https:\/\/hoyre.no\/content\/uploads\/sites\/202\/2023\/08\/Illustrasjon_miljo-1024x683.jpg\" alt=\"\" class=\"wp-image-54\" width=\"350\" height=\"250\" \/><\/figure>\n\n\n\n<p>Vi \u00f8nsker en \u00f8kt satsing p\u00e5 r\u00e5dgivning til private husholdninger og n\u00e6ringslivet slik at flere kan velge klimasmarte l\u00f8sninger til f.eks. energi\u00f8konomisering, oppvarming og transport.<\/p>\n\n\n\n<p>Vi m\u00e5 ogs\u00e5 sikre utbygging av ladeinfrastruktur for elektriske kj\u00f8ret\u00f8y i alle deler av kommunen.<\/p>\n\n\n\n<p>Vi ser for oss at vi kan restaurere natur og kombinere dette med energiproduksjon der det er mulig. Liermosen kan v\u00e6re et aktuelt omr\u00e5de hvor man ogs\u00e5 kan reetablere myr, redusere hyppigheten av flom, og f\u00e5 tilbake fugle- og dyreliv.<\/p>\n\n\n\n<h2 class=\"wp-block-heading\">N\u00e6ringsutvikling og samferdsel<\/h2>\n\n\n\n<figure class=\"wp-block-image size-large is-resized\"><img loading=\"lazy\" decoding=\"async\" src=\"https:\/\/hoyre.no\/content\/uploads\/sites\/202\/2023\/08\/Illustrasjon_samferdsel-1024x683.jpg\" alt=\"\" class=\"wp-image-55\" width=\"350\" height=\"250\" \/><\/figure>\n\n\n\n<p>Kommunen m\u00e5 utnytte handlingsrommet slik at man i st\u00f8rre grad kan benytte lokale tilbydere av varer og tjenester. Kommunen kan v\u00e6re f\u00f8dselshjelper for de som vil tilby slike tjenester ved \u00e5 v\u00e6re kunde og dermed fremme n\u00e6ringsutvikling.<\/p>\n\n\n\n<p>Kommunen har alle forutsetninger for \u00e5 bli en attraktiv lokasjon for etablering av nye arbeidsplasser. Vi m\u00e5 til enhver tid ha byggeklare n\u00e6ringstomter tilgjengelig, og vi m\u00e5 i st\u00f8rre grad utnytte lokale ressurser.<\/p>\n\n\n\n<p>Vi vil trappe opp forebyggende vedlikehold av kommunale veier, oppgradere flere veier til hel\u00e5rsdrift og bidra til utbygging av bredb\u00e5nd i hele kommunen.<\/p>\n\n\n\n<h2 class=\"wp-block-heading\">God \u00f8konomisk og administrativ styring<\/h2>\n\n\n\n<figure class=\"wp-block-image size-large is-resized\"><img loading=\"lazy\" decoding=\"async\" src=\"https:\/\/hoyre.no\/content\/uploads\/sites\/202\/2023\/08\/Illustrasjon_oknomisk-styring-1024x683.jpg\" alt=\"\" class=\"wp-image-56\" width=\"350\" height=\"250\" \/><\/figure>\n\n\n\n<p>H\u00f8yre har f\u00e5tt p\u00e5 plass en bedre og mer oversiktlig budsjettprosess, med tydeligere oversikt over langsiktige investeringer.<br>Vi har evnet \u00e5 forberede oss p\u00e5 de investeringene som kommer, for \u00e5 unng\u00e5 krevende innsparinger n\u00e5r kassa er tom.<\/p>\n\n\n\n<p>\u201cIngen kostnads\u00f8kninger uten inndekning!\u201d<br>God politisk styring handler om prioritering og politisk ansvar er \u00e5 ta disse t\u00f8ffe valgene.<\/p>\n\n\n\n<p>Vi er stolte av kommunens ansatte, og det er deres fortjeneste at kommunen er blant landets beste n\u00e5r det gjelder saksbehandlingstid.<\/p>\n\n\n\n<h2 class=\"wp-block-heading\">Redusert eiendomsskatt<\/h2>\n\n\n\n<figure class=\"wp-block-image size-large is-resized\"><img loading=\"lazy\" decoding=\"async\" src=\"https:\/\/hoyre.no\/content\/uploads\/sites\/202\/2023\/08\/Illustrasjon_bolig-1024x683.jpg\" alt=\"\" class=\"wp-image-57\" width=\"350\" height=\"250\" \/><\/figure>\n\n\n\n<p>H\u00f8yre har som grunnstandpunkt at folks boliger ikke skal v\u00e6re gjenstand for beskatning. I takt med bedre \u00f8konomisk styring og effektivisering er m\u00e5let p\u00e5 kort sikt \u00e5 f\u00e5 til en gradvis reduksjon. P\u00e5 lang sikt er m\u00e5let \u00e5 fjerne den helt. <\/p>\n\n\n\n<p>I innev\u00e6rende periode har vi gjort oss mindre avhengige av eiendomsskatten og vil i neste periode fortsette \u00e5 \u00f8ke bunnfradraget.<\/p>\n\n\n\n<h2 class=\"wp-block-heading\">Frivilligheten &#8211; den viktigste ressursen<\/h2>\n\n\n\n<figure class=\"wp-block-image size-large is-resized\"><img loading=\"lazy\" decoding=\"async\" src=\"https:\/\/hoyre.no\/content\/uploads\/sites\/202\/2023\/08\/Illustrasjon_frivillighet-1024x683.jpg\" alt=\"\" class=\"wp-image-58\" width=\"350\" height=\"250\" \/><\/figure>\n\n\n\n<p>Aurskog-H\u00f8land kommunes kulturengasjement er bygget p\u00e5 en solid grunnmur av frivillige lag og foreninger, samt en god tradisjon for dugnadsarbeid. Kommunens hovedoppgave skal derfor v\u00e6re \u00e5 st\u00f8tte opp om arbeidet som allerede gj\u00f8res. Dette er viktig i v\u00e5r langstrakte kommune.<\/p>\n\n\n\n<p>Frivilligsentralen har mange aktiviteter for ungdommen p\u00e5 Bj\u00f8rkelangen, eksempelvis \u201cet sted \u00e5 henge\u201d. Tilsvarende aktiviteter b\u00f8r utvides til alle deler av kommunen.<\/p>\n\n\n\n<h2 class=\"wp-block-heading\">Kvalitet i skolen<\/h2>\n\n\n\n<figure class=\"wp-block-image size-large is-resized\"><img loading=\"lazy\" decoding=\"async\" src=\"https:\/\/hoyre.no\/content\/uploads\/sites\/202\/2023\/08\/Illustrasjon_skole-1024x683.jpg\" alt=\"\" class=\"wp-image-59\" width=\"350\" height=\"250\" \/><\/figure>\n\n\n\n<p>Skolen b\u00f8r tilby tilrettelagt l\u00e6ring. Metodene m\u00e5 tilpasses den enkelte elev. M\u00e5let m\u00e5 v\u00e6re at alle elever skal f\u00e5 mulighet til \u00e5 l\u00e6re det samme. <\/p>\n\n\n\n<p>Overgangen fra barneskole til ungdomsskole kan v\u00e6re en utfordring for flere barn. En klar plan for hvordan overgangen skal v\u00e6re, er viktig for progresjonen og motivasjonen for den videre skolegangen. <\/p>\n\n\n\n<p>For \u00e5 tilrettelegge den enkelte elevs skolehverdag m\u00e5 vi satse p\u00e5 \u00e5 rekruttere og beholde kvalifiserte l\u00e6rere, samtidig som andre yrkesgrupper som psykiatrisk sykepleier, vernepleier eller ungdomspsykolog inkluderes i arbeidet rundt eleven.<\/p>\n\n\n\n<p><\/p>\n\n\n\n<p><\/p>\n\n\n\n<h2 class=\"wp-block-heading\">Et godt helse- og omsorgstilbud<\/h2>\n\n\n\n<figure class=\"wp-block-image size-large is-resized\"><img loading=\"lazy\" decoding=\"async\" src=\"https:\/\/hoyre.no\/content\/uploads\/sites\/202\/2023\/08\/Illustrasjon_helse-1024x683.jpg\" alt=\"\" class=\"wp-image-60\" width=\"350\" height=\"250\" \/><\/figure>\n\n\n\n<p>De kommunale tjenestene skal kunne kombineres med private initiativ. B\u00e5de mangfoldet og mulighetene til \u00e5 tenke annerledes er viktig for \u00e5 utvikle dagens tjenestetilbud. Dette gj\u00f8res best n\u00e5r tilbudene er varierte og konkurrerende.<\/p>\n\n\n\n<p>Omsorgsboligene som er kj\u00f8pt p\u00e5 Aursmoen og Hemnes er et godt eksempel p\u00e5 samarbeid mellom offentlige og private akt\u00f8rer.<\/p>\n\n\n\n<p>Vi vil beholde de eksisterende tjenestene for brukere med demenssykdom, men samtidig vurdere \u00e5 samle det \u00f8kende behovet for fagkompetanse i et nytt senter. Et slikt senter kan, i tillegg til \u00e5 v\u00e6re en institusjon, styrke de forebyggende tjenestene i hjemmet.<\/p>\n\n\n<div class=\"tags\">\n\t<\/div>\n<div class=\"post-footer alignfull has-background block-editor-block-list__block\" data-align=full>\n\t<div class=\"post-footer-inner\">\n\t\t<h3>Relaterte artikler<\/h3>\n\t\t\t<\/div>\n<\/div>\n","protected":false},"excerpt":{"rendered":"","protected":false},"author":403,"featured_media":0,"comment_status":"closed","ping_status":"closed","sticky":false,"template":"","format":"standard","meta":{"teft_cards_image_url":"","teft_cards_custom_pretitle":"","teft_cards_image_id":0,"teft_cards_image_focal_point_x":0,"teft_cards_image_focal_point_y":0,"teft_cards_title":"","teft_cards_excerpt":"","teft_show_chapters":false,"author_display_name":"","footnotes":""},"category":[1],"post_tag":[],"hoyre-visibility":[],"article-type":[],"politician":[],"class_list":["post-52","post","type-post","status-publish","format-standard","hentry","category-ukategorisert"],"yoast_head":"<!-- This site is optimized with the Yoast SEO plugin v26.6 - https:\/\/yoast.com\/wordpress\/plugins\/seo\/ -->\n<title>7 grunner til \u00e5 stemme H\u00f8yre i Aurskog-H\u00f8land - Aurskog-H\u00f8land H\u00f8yre<\/title>\n<meta name=\"robots\" content=\"index, follow, max-snippet:-1, max-image-preview:large, max-video-preview:-1\" \/>\n<link rel=\"canonical\" href=\"https:\/\/hoyre.no\/aurskog-holand\/aktuelt\/7-grunner-til-a-stemme-hoyre-i-aurskog-holand\/\" \/>\n<meta property=\"og:locale\" content=\"nb_NO\" \/>\n<meta property=\"og:type\" content=\"article\" \/>\n<meta property=\"og:title\" content=\"7 grunner til \u00e5 stemme H\u00f8yre i Aurskog-H\u00f8land - Aurskog-H\u00f8land H\u00f8yre\" \/>\n<meta property=\"og:url\" content=\"https:\/\/hoyre.no\/aurskog-holand\/aktuelt\/7-grunner-til-a-stemme-hoyre-i-aurskog-holand\/\" \/>\n<meta property=\"og:site_name\" content=\"Aurskog-H\u00f8land H\u00f8yre\" \/>\n<meta property=\"article:published_time\" content=\"2023-08-25T19:29:41+00:00\" \/>\n<meta property=\"og:image\" content=\"https:\/\/hoyre.no\/content\/uploads\/sites\/202\/2023\/08\/Illustrasjon_miljo-1024x683.jpg\" \/>\n<meta name=\"author\" content=\"Morten Rognan\" \/>\n<meta name=\"twitter:card\" content=\"summary_large_image\" \/>\n<meta name=\"twitter:label1\" content=\"Skrevet av\" \/>\n\t<meta name=\"twitter:data1\" content=\"Morten Rognan\" \/>\n\t<meta name=\"twitter:label2\" content=\"Ansl. lesetid\" \/>\n\t<meta name=\"twitter:data2\" content=\"5 minutter\" \/>\n<script type=\"application\/ld+json\" class=\"yoast-schema-graph\">{\"@context\":\"https:\/\/schema.org\",\"@graph\":[{\"@type\":\"NewsArticle\",\"@id\":\"https:\/\/hoyre.no\/aurskog-holand\/aktuelt\/7-grunner-til-a-stemme-hoyre-i-aurskog-holand\/\",\"url\":\"https:\/\/hoyre.no\/aurskog-holand\/aktuelt\/7-grunner-til-a-stemme-hoyre-i-aurskog-holand\/\",\"name\":\"7 grunner til \u00e5 stemme H\u00f8yre i Aurskog-H\u00f8land - Aurskog-H\u00f8land H\u00f8yre\",\"isPartOf\":{\"@id\":\"https:\/\/hoyre.no\/aurskog-holand\/#website\"},\"image\":{\"@id\":\"https:\/\/hoyre.no\/aurskog-holand\/aktuelt\/7-grunner-til-a-stemme-hoyre-i-aurskog-holand\/#primaryimage\"},\"thumbnailUrl\":\"https:\/\/hoyre.no\/content\/uploads\/sites\/202\/2023\/08\/Illustrasjon_miljo-1024x683.jpg\",\"datePublished\":\"2023-08-25T19:29:41+00:00\",\"author\":{\"@id\":\"https:\/\/hoyre.no\/aurskog-holand\/#\/schema\/person\/7879ee67ff66fc2a5e268aac0de484f7\"},\"breadcrumb\":{\"@id\":\"https:\/\/hoyre.no\/aurskog-holand\/aktuelt\/7-grunner-til-a-stemme-hoyre-i-aurskog-holand\/#breadcrumb\"},\"inLanguage\":\"nb-NO\",\"potentialAction\":[{\"@type\":\"ReadAction\",\"target\":[\"https:\/\/hoyre.no\/aurskog-holand\/aktuelt\/7-grunner-til-a-stemme-hoyre-i-aurskog-holand\/\"]}]},{\"@type\":\"ImageObject\",\"inLanguage\":\"nb-NO\",\"@id\":\"https:\/\/hoyre.no\/aurskog-holand\/aktuelt\/7-grunner-til-a-stemme-hoyre-i-aurskog-holand\/#primaryimage\",\"url\":\"https:\/\/hoyre.no\/content\/uploads\/sites\/202\/2023\/08\/Illustrasjon_miljo-1024x683.jpg\",\"contentUrl\":\"https:\/\/hoyre.no\/content\/uploads\/sites\/202\/2023\/08\/Illustrasjon_miljo-1024x683.jpg\"},{\"@type\":\"BreadcrumbList\",\"@id\":\"https:\/\/hoyre.no\/aurskog-holand\/aktuelt\/7-grunner-til-a-stemme-hoyre-i-aurskog-holand\/#breadcrumb\",\"itemListElement\":[{\"@type\":\"ListItem\",\"position\":1,\"name\":\"Til hoyre.no\",\"item\":\"https:\/\/hoyre.no\"},{\"@type\":\"ListItem\",\"position\":2,\"name\":\"Hjem\",\"item\":\"https:\/\/hoyre.no\/aurskog-holand\/\"},{\"@type\":\"ListItem\",\"position\":3,\"name\":\"7 grunner til \u00e5 stemme H\u00f8yre i Aurskog-H\u00f8land\"}]},{\"@type\":\"WebSite\",\"@id\":\"https:\/\/hoyre.no\/aurskog-holand\/#website\",\"url\":\"https:\/\/hoyre.no\/aurskog-holand\/\",\"name\":\"Aurskog-H\u00f8land H\u00f8yre\",\"description\":\"Bare enda et H\u00f8yres nettsteder-nettsted\",\"inLanguage\":\"nb-NO\"},{\"@type\":\"Person\",\"@id\":\"https:\/\/hoyre.no\/aurskog-holand\/#\/schema\/person\/7879ee67ff66fc2a5e268aac0de484f7\",\"name\":\"Morten Rognan\",\"image\":{\"@type\":\"ImageObject\",\"inLanguage\":\"nb-NO\",\"@id\":\"https:\/\/hoyre.no\/aurskog-holand\/#\/schema\/person\/image\/\",\"url\":\"https:\/\/secure.gravatar.com\/avatar\/418dbc5cb33c49eae55152e80f0f41465493bf5549d6b74cbb6d0a259c6d64f5?s=96&d=mm&r=g\",\"contentUrl\":\"https:\/\/secure.gravatar.com\/avatar\/418dbc5cb33c49eae55152e80f0f41465493bf5549d6b74cbb6d0a259c6d64f5?s=96&d=mm&r=g\",\"caption\":\"Morten Rognan\"},\"url\":\"https:\/\/hoyre.no\/aurskog-holand\/aktuelt\/author\/m50415546\/\"}]}<\/script>\n<!-- \/ Yoast SEO plugin. -->","yoast_head_json":{"title":"7 grunner til \u00e5 stemme H\u00f8yre i Aurskog-H\u00f8land - Aurskog-H\u00f8land H\u00f8yre","robots":{"index":"index","follow":"follow","max-snippet":"max-snippet:-1","max-image-preview":"max-image-preview:large","max-video-preview":"max-video-preview:-1"},"canonical":"https:\/\/hoyre.no\/aurskog-holand\/aktuelt\/7-grunner-til-a-stemme-hoyre-i-aurskog-holand\/","og_locale":"nb_NO","og_type":"article","og_title":"7 grunner til \u00e5 stemme H\u00f8yre i Aurskog-H\u00f8land - Aurskog-H\u00f8land H\u00f8yre","og_url":"https:\/\/hoyre.no\/aurskog-holand\/aktuelt\/7-grunner-til-a-stemme-hoyre-i-aurskog-holand\/","og_site_name":"Aurskog-H\u00f8land H\u00f8yre","article_published_time":"2023-08-25T19:29:41+00:00","og_image":[{"url":"https:\/\/hoyre.no\/content\/uploads\/sites\/202\/2023\/08\/Illustrasjon_miljo-1024x683.jpg","type":"","width":"","height":""}],"author":"Morten Rognan","twitter_card":"summary_large_image","twitter_misc":{"Skrevet av":"Morten Rognan","Ansl. lesetid":"5 minutter"},"schema":{"@context":"https:\/\/schema.org","@graph":[{"@type":"NewsArticle","@id":"https:\/\/hoyre.no\/aurskog-holand\/aktuelt\/7-grunner-til-a-stemme-hoyre-i-aurskog-holand\/","url":"https:\/\/hoyre.no\/aurskog-holand\/aktuelt\/7-grunner-til-a-stemme-hoyre-i-aurskog-holand\/","name":"7 grunner til \u00e5 stemme H\u00f8yre i Aurskog-H\u00f8land - Aurskog-H\u00f8land H\u00f8yre","isPartOf":{"@id":"https:\/\/hoyre.no\/aurskog-holand\/#website"},"image":{"@id":"https:\/\/hoyre.no\/aurskog-holand\/aktuelt\/7-grunner-til-a-stemme-hoyre-i-aurskog-holand\/#primaryimage"},"thumbnailUrl":"https:\/\/hoyre.no\/content\/uploads\/sites\/202\/2023\/08\/Illustrasjon_miljo-1024x683.jpg","datePublished":"2023-08-25T19:29:41+00:00","author":{"@id":"https:\/\/hoyre.no\/aurskog-holand\/#\/schema\/person\/7879ee67ff66fc2a5e268aac0de484f7"},"breadcrumb":{"@id":"https:\/\/hoyre.no\/aurskog-holand\/aktuelt\/7-grunner-til-a-stemme-hoyre-i-aurskog-holand\/#breadcrumb"},"inLanguage":"nb-NO","potentialAction":[{"@type":"ReadAction","target":["https:\/\/hoyre.no\/aurskog-holand\/aktuelt\/7-grunner-til-a-stemme-hoyre-i-aurskog-holand\/"]}]},{"@type":"ImageObject","inLanguage":"nb-NO","@id":"https:\/\/hoyre.no\/aurskog-holand\/aktuelt\/7-grunner-til-a-stemme-hoyre-i-aurskog-holand\/#primaryimage","url":"https:\/\/hoyre.no\/content\/uploads\/sites\/202\/2023\/08\/Illustrasjon_miljo-1024x683.jpg","contentUrl":"https:\/\/hoyre.no\/content\/uploads\/sites\/202\/2023\/08\/Illustrasjon_miljo-1024x683.jpg"},{"@type":"BreadcrumbList","@id":"https:\/\/hoyre.no\/aurskog-holand\/aktuelt\/7-grunner-til-a-stemme-hoyre-i-aurskog-holand\/#breadcrumb","itemListElement":[{"@type":"ListItem","position":1,"name":"Til hoyre.no","item":"https:\/\/hoyre.no"},{"@type":"ListItem","position":2,"name":"Hjem","item":"https:\/\/hoyre.no\/aurskog-holand\/"},{"@type":"ListItem","position":3,"name":"7 grunner til \u00e5 stemme H\u00f8yre i Aurskog-H\u00f8land"}]},{"@type":"WebSite","@id":"https:\/\/hoyre.no\/aurskog-holand\/#website","url":"https:\/\/hoyre.no\/aurskog-holand\/","name":"Aurskog-H\u00f8land H\u00f8yre","description":"Bare enda et H\u00f8yres nettsteder-nettsted","inLanguage":"nb-NO"},{"@type":"Person","@id":"https:\/\/hoyre.no\/aurskog-holand\/#\/schema\/person\/7879ee67ff66fc2a5e268aac0de484f7","name":"Morten Rognan","image":{"@type":"ImageObject","inLanguage":"nb-NO","@id":"https:\/\/hoyre.no\/aurskog-holand\/#\/schema\/person\/image\/","url":"https:\/\/secure.gravatar.com\/avatar\/418dbc5cb33c49eae55152e80f0f41465493bf5549d6b74cbb6d0a259c6d64f5?s=96&d=mm&r=g","contentUrl":"https:\/\/secure.gravatar.com\/avatar\/418dbc5cb33c49eae55152e80f0f41465493bf5549d6b74cbb6d0a259c6d64f5?s=96&d=mm&r=g","caption":"Morten Rognan"},"url":"https:\/\/hoyre.no\/aurskog-holand\/aktuelt\/author\/m50415546\/"}]}},"distributor_meta":false,"distributor_terms":false,"distributor_media":false,"distributor_original_site_name":"Aurskog-H\u00f8land H\u00f8yre","distributor_original_site_url":"https:\/\/hoyre.no\/aurskog-holand","push-errors":false,"_links":{"self":[{"href":"https:\/\/hoyre.no\/aurskog-holand\/wp-json\/wp\/v2\/posts\/52","targetHints":{"allow":["GET"]}}],"collection":[{"href":"https:\/\/hoyre.no\/aurskog-holand\/wp-json\/wp\/v2\/posts"}],"about":[{"href":"https:\/\/hoyre.no\/aurskog-holand\/wp-json\/wp\/v2\/types\/post"}],"author":[{"embeddable":true,"href":"https:\/\/hoyre.no\/aurskog-holand\/wp-json\/wp\/v2\/users\/403"}],"replies":[{"embeddable":true,"href":"https:\/\/hoyre.no\/aurskog-holand\/wp-json\/wp\/v2\/comments?post=52"}],"version-history":[{"count":1,"href":"https:\/\/hoyre.no\/aurskog-holand\/wp-json\/wp\/v2\/posts\/52\/revisions"}],"predecessor-version":[{"id":61,"href":"https:\/\/hoyre.no\/aurskog-holand\/wp-json\/wp\/v2\/posts\/52\/revisions\/61"}],"wp:attachment":[{"href":"https:\/\/hoyre.no\/aurskog-holand\/wp-json\/wp\/v2\/media?parent=52"}],"wp:term":[{"taxonomy":"category","embeddable":true,"href":"https:\/\/hoyre.no\/aurskog-holand\/wp-json\/wp\/v2\/category?post=52"},{"taxonomy":"post_tag","embeddable":true,"href":"https:\/\/hoyre.no\/aurskog-holand\/wp-json\/wp\/v2\/post_tag?post=52"},{"taxonomy":"hoyre-visibility","embeddable":true,"href":"https:\/\/hoyre.no\/aurskog-holand\/wp-json\/wp\/v2\/hoyre-visibility?post=52"},{"taxonomy":"article-type","embeddable":true,"href":"https:\/\/hoyre.no\/aurskog-holand\/wp-json\/wp\/v2\/article-type?post=52"},{"taxonomy":"politician","embeddable":true,"href":"https:\/\/hoyre.no\/aurskog-holand\/wp-json\/wp\/v2\/politician?post=52"}],"curies":[{"name":"wp","href":"https:\/\/api.w.org\/{rel}","templated":true}]}}