{"id":564,"date":"2023-05-05T11:31:49","date_gmt":"2023-05-05T09:31:49","guid":{"rendered":"https:\/\/hoyre.no\/austevoll\/?p=564"},"modified":"2025-02-18T15:50:44","modified_gmt":"2025-02-18T14:50:44","slug":"kandidatane-vare-i-2023","status":"publish","type":"post","link":"https:\/\/hoyre.no\/austevoll\/aktuelt\/kandidatane-vare-i-2023\/","title":{"rendered":"Kandidatane v\u00e5re i 2023"},"content":{"rendered":"\n<p class=\"preamble\">Desse var H\u00f8gres kandidatar til kommunevalet 2023.<\/p>\t\t\t<div class=\"post-meta wp-block teft-byline-wrapper\">\n\t\t\t\t<div class=\"top\">\n\t\t\t\t\t<div class=\"signature\">\n\t\t\t\t\t\t<div class=\"teft-byline\">\n\t\t\t\t\t\t\t\t\t\t\t\t\t\t<div>\n\t\t\t\t\t\t\t\t<h3>H\u00f8yres redaksjon<\/h3>\t\t\t\t\t\t\t\t\n\t\t\t\t\t\t\t\t\t\t\t\t\t\t\t\t\t<span class=\"date\">Sist oppdatert: 18. februar 2025<\/span>\n\t\t\t\t\t\t\t\t\t\t\t\t\t\t\t\t\t\t\t\t\t\t\t\t\t<span class=\"reading-time\" itemprop=\"timeRequired\" content=\"PT1M\"><em>Ca. 1 minutter lesetid<\/em><\/span>\n\t\t\t\t\t\t\t\t\t\t\t\t\t\t\t<\/div>\n\t\t\t\t\t\t<\/div>\n\t\t\t\t\t<\/div>\n\t\t\t\t\t\t<div class=\"sharing\">\n\t\t<a class=\"share-button share-link copy-link\" data-copy=\"https:\/\/hoyre.no\/austevoll\/aktuelt\/kandidatane-vare-i-2023\/\" target=\"_blank\"><span class=\"screen-reader-text\">Del link<\/span><\/a>\n\t\t<a class=\"share-button share-twitter\" href=\"http:\/\/twitter.com\/share?text=Kandidatane v\u00e5re i 2023&#038;url=https:\/\/hoyre.no\/austevoll\/aktuelt\/kandidatane-vare-i-2023\/&#038;hashtags=Hoyre\" target=\"_blank\"><span class=\"screen-reader-text\">Del p\u00e5 twitter<\/span><\/a>\n\t\t<a class=\"share-button share-facebook\" href=\"https:\/\/www.facebook.com\/sharer\/sharer.php?u=https:\/\/hoyre.no\/austevoll\/aktuelt\/kandidatane-vare-i-2023\/\" target=\"_blank\"><span class=\"screen-reader-text\">Del p\u00e5 facebook<\/span><\/a>\n\t<\/div>\n\t\t\t\t\t<\/div>\n\t\t\t<\/div>\n\n\t\t\t<figure class=\"hoyre-image-wrapper\"><div class=\"hoyre-image\"><img loading=\"lazy\" decoding=\"async\" width=\"2500\" height=\"1667\" src=\"https:\/\/hoyre.no\/content\/uploads\/sites\/350\/2023\/05\/Kandidatar-2-scaled.jpeg\" class=\"attachment-scaled size-scaled\" alt=\"Eit knippe kandidatar\" style=\"object-position: 50% 50%\" srcset=\"https:\/\/hoyre.no\/content\/uploads\/sites\/350\/2023\/05\/Kandidatar-2-scaled.jpeg 2500w, https:\/\/hoyre.no\/content\/uploads\/sites\/350\/2023\/05\/Kandidatar-2-300x200.jpeg 300w, https:\/\/hoyre.no\/content\/uploads\/sites\/350\/2023\/05\/Kandidatar-2-1024x683.jpeg 1024w, https:\/\/hoyre.no\/content\/uploads\/sites\/350\/2023\/05\/Kandidatar-2-768x512.jpeg 768w, https:\/\/hoyre.no\/content\/uploads\/sites\/350\/2023\/05\/Kandidatar-2-1536x1024.jpeg 1536w, https:\/\/hoyre.no\/content\/uploads\/sites\/350\/2023\/05\/Kandidatar-2-2048x1365.jpeg 2048w\" sizes=\"auto, (max-width: 2500px) 100vw, 2500px\" \/><\/div><figcaption class=\"caption\">Eit knipp av Austevoll H\u00f8gres kandidatar. (F.v.) Torbj\u00f8rn Karlsen, Marit M\u00f8gster, Sigve Dr\u00f8nen, Sigrun Blindheim, Peder Kolbeinshavn, Bente Kari Sletten Taranger, Kurt Frank, Anita Melingen, Arild Sivertsen, Elise Storeb\u00f8 og H\u00e5vard Magnus Nj\u00e5stad. Foto: Natalie Mariell Elholm<\/figcaption><\/figure>\n\n\n\n\n<p><\/p>\n\n\n\n<figure class=\"wp-block-table\"><table><tbody><tr><td>1<\/td><td>Bente Kari Sletten Taranger<\/td><td>1973<\/td><td>5398 Stolmen<\/td><\/tr><tr><td>2<\/td><td>Anita Melingen<\/td><td>1981<\/td><td>5384 Torangsv\u00e5g<\/td><\/tr><tr><td>3<\/td><td>Kurt William Frank<\/td><td>1965<\/td><td>5397 Bekkjarvik<\/td><\/tr><tr><td>4<\/td><td>Torbj\u00f8rn Karlsen<\/td><td>1974<\/td><td>5392 Storeb\u00f8<\/td><\/tr><tr><td>5<\/td><td>Sigve Dr\u00f8nen<\/td><td>1969<\/td><td>5394 Kolbeinsvik<\/td><\/tr><tr><td>6<\/td><td>Line Stenevik<\/td><td>1975<\/td><td>5396 V. Vinnesv\u00e5g<\/td><\/tr><tr><td>7<\/td><td>Alfred \u00d8kland<\/td><td>1975<\/td><td>5384 Torangsv\u00e5g<\/td><\/tr><tr><td>8<\/td><td>Elise Storeb\u00f8<\/td><td>1987<\/td><td>5392 Storeb\u00f8<\/td><\/tr><tr><td>9<\/td><td>Arild Sivertsen<\/td><td>1964<\/td><td>5384 Torangsv\u00e5g<\/td><\/tr><tr><td>10<\/td><td>Line Vik<\/td><td>1979<\/td><td>5397 Bekkjarvik<\/td><\/tr><tr><td>11<\/td><td>Halvard S\u00f8reide<\/td><td>2004<\/td><td>5392 Storeb\u00f8<\/td><\/tr><tr><td>12<\/td><td>Geir Atle Taranger<\/td><td>1977<\/td><td>5398 Stolmen<\/td><\/tr><tr><td>13<\/td><td>Silje Sjursen English<\/td><td>1975<\/td><td>5392 Storeb\u00f8<\/td><\/tr><tr><td>14<\/td><td>Charlotte \u00d8kland<\/td><td>1987<\/td><td>5385 Bakkasund<\/td><\/tr><tr><td>15<\/td><td>Tor Magne Dr\u00f8nen<\/td><td>1981<\/td><td>5385 Bakkasund<\/td><\/tr><tr><td>16<\/td><td>Sigrun Blindheim<\/td><td>1967<\/td><td>5392 Storeb\u00f8<\/td><\/tr><tr><td>17<\/td><td>Karl Erik Hufthammer<\/td><td>2003<\/td><td>5384 Torangsv\u00e5g<\/td><\/tr><tr><td>18<\/td><td>Inger Marie Hausberg<\/td><td>1992<\/td><td>5392 Storeb\u00f8<\/td><\/tr><tr><td>19<\/td><td>Jermod Hausberg<\/td><td>1950<\/td><td>5394 Kolbeinsvik<\/td><\/tr><tr><td>20<\/td><td>Sicelie Troland<\/td><td>1985<\/td><td>5384 Torangsv\u00e5g<\/td><\/tr><tr><td>21<\/td><td>Peder Kolbeinshavn<\/td><td>1964<\/td><td>5392 Storeb\u00f8<\/td><\/tr><tr><td>22<\/td><td>Torgeir Veiv\u00e5g<\/td><td>1982<\/td><td>5397 Bekkjarvik<\/td><\/tr><tr><td>23<\/td><td>H\u00e5vard Magnus Nj\u00e5stad<\/td><td>1983<\/td><td>5394 Kolbeinsvik<\/td><\/tr><tr><td>24<\/td><td>Marit M\u00f8gster<\/td><td>1962<\/td><td>5397 Bekkjarvik<\/td><\/tr><tr><td>25<\/td><td>Reidar Nj\u00e5stad<\/td><td>1976<\/td><td>5398 Stolmen<\/td><\/tr><tr><td>26<\/td><td>Linda \u00d8ye Lauvik<\/td><td>1978<\/td><td>5397 Bekkjarvik<\/td><\/tr><tr><td>27<\/td><td>Liv Bente Fagerbakke Storeb\u00f8<\/td><td>1960<\/td><td>5392 Storeb\u00f8<\/td><\/tr><\/tbody><\/table><\/figure>\n\n\n<div class=\"tags\">\n\t<\/div>\n<div class=\"post-footer alignfull has-background block-editor-block-list__block\" data-align=full>\n\t<div class=\"post-footer-inner\">\n\t\t<h3>Relaterte artikler<\/h3>\n\t\t<div class=\"related-content\"><div class=\"is-card-hoyre\">\n\t<div class=\"teft-card hoyre-teft-card post-teft-card\">\n\t\t<a href=\"https:\/\/hoyre.no\/austevoll\/aktuelt\/kunngjering\/\" class=\"teft-card__primary-action\">\n\n\t\t\t<div class=\"teft-card__media teft-card__media--16-9 no-image\"><\/div>\n\t\t\t<div class=\"teft-card__content-wrapper\">\n\t\t\t\t<div class=\"teft-card__secondary\">\n\t\t\t\t\t\n\t\t\t\t\t\t\t\t<div class=\"teft-card__meta\">\n\t\t\t\t\t\t\t\t\t<span class=\"post-date\">20. apr 2026<\/span>\n\n\t\t\t\t\t\t\t\t\t\t\t\t\t\t\t\t\t<\/div>\n\t\t\t\t\t\t\t\t\t\t\t<\/div>\n\n\t\t\t\t<div class=\"teft-card__primary\">\n\t\t\t\t\t<h2 class=\"teft-card__title\">Kunngjering&nbsp;<span class=\"teft-card__primary-title-append\"><\/span><\/h2>\t\t\t\t<\/div>\n\t\t\t<\/div>\n\t\t<\/a>\n\t<\/div>\n\n\t<\/div><div class=\"is-card-hoyre\">\n\t<div class=\"teft-card hoyre-teft-card post-teft-card\">\n\t\t<a href=\"https:\/\/hoyre.no\/austevoll\/aktuelt\/kandidat-2027\/\" class=\"teft-card__primary-action\">\n\n\t\t\t<div class=\"teft-card__media teft-card__media--16-9 no-image\"><\/div>\n\t\t\t<div class=\"teft-card__content-wrapper\">\n\t\t\t\t<div class=\"teft-card__secondary\">\n\t\t\t\t\t\n\t\t\t\t\t\t\t\t<div class=\"teft-card__meta\">\n\t\t\t\t\t\t\t\t\t<span class=\"post-date\">3. apr 2026<\/span>\n\n\t\t\t\t\t\t\t\t\t\t\t\t\t\t\t\t\t<\/div>\n\t\t\t\t\t\t\t\t\t\t\t<\/div>\n\n\t\t\t\t<div class=\"teft-card__primary\">\n\t\t\t\t\t<h2 class=\"teft-card__title\">Kandidat 2027?&nbsp;<span class=\"teft-card__primary-title-append\"><\/span><\/h2>\t\t\t\t<\/div>\n\t\t\t<\/div>\n\t\t<\/a>\n\t<\/div>\n\n\t<\/div><div class=\"is-card-hoyre\">\n\t<div class=\"teft-card hoyre-teft-card post-teft-card\">\n\t\t<a href=\"https:\/\/hoyre.no\/austevoll\/aktuelt\/korleis-loyse-byggesaksproblema\/\" class=\"teft-card__primary-action\">\n\n\t\t\t\t\t<div class=\"teft-card__media teft-card__media--16-9\">\n\t\t\t\t\t\t<img loading=\"lazy\" decoding=\"async\" width=\"768\" height=\"577\" src=\"https:\/\/hoyre.no\/content\/uploads\/sites\/350\/2023\/08\/881F13AA-2634-4A42-8A01-4465C457E0D5_1_105_c-768x577.jpeg\" class=\"attachment-medium_large size-medium_large\" alt=\"\" srcset=\"https:\/\/hoyre.no\/content\/uploads\/sites\/350\/2023\/08\/881F13AA-2634-4A42-8A01-4465C457E0D5_1_105_c-768x577.jpeg 768w, https:\/\/hoyre.no\/content\/uploads\/sites\/350\/2023\/08\/881F13AA-2634-4A42-8A01-4465C457E0D5_1_105_c-300x225.jpeg 300w, https:\/\/hoyre.no\/content\/uploads\/sites\/350\/2023\/08\/881F13AA-2634-4A42-8A01-4465C457E0D5_1_105_c.jpeg 1024w\" sizes=\"auto, (max-width: 768px) 100vw, 768px\" \/>\t\t<\/div>\n\t\t\n\t\t\t<div class=\"teft-card__content-wrapper\">\n\t\t\t\t<div class=\"teft-card__secondary\">\n\t\t\t\t\t\n\t\t\t\t\t\t\t\t<div class=\"teft-card__meta\">\n\t\t\t\t\t\t\t\t\t<span class=\"post-date\">29. aug 2023<\/span>\n\n\t\t\t\t\t\t\t\t\t<span class=\"post-category\">Innlegg<\/span>\t\t\t\t\t\t\t\t<\/div>\n\t\t\t\t\t\t\t\t\t\t\t<\/div>\n\n\t\t\t\t<div class=\"teft-card__primary\">\n\t\t\t\t\t<h2 class=\"teft-card__title\">Korleis l\u00f8yse byggesaksproblema?&nbsp;<span class=\"teft-card__primary-title-append\"><\/span><\/h2>\t\t\t\t<\/div>\n\t\t\t<\/div>\n\t\t<\/a>\n\t<\/div>\n\n\t<\/div><\/div>\t<\/div>\n<\/div>\n","protected":false},"excerpt":{"rendered":"","protected":false},"author":18750,"featured_media":0,"comment_status":"closed","ping_status":"closed","sticky":false,"template":"","format":"standard","meta":{"teft_cards_image_url":"","teft_cards_custom_pretitle":"","teft_cards_image_id":566,"teft_cards_image_focal_point_x":0.5,"teft_cards_image_focal_point_y":0.65,"teft_cards_title":"","teft_cards_excerpt":"","teft_show_chapters":false,"author_display_name":"","footnotes":""},"category":[1],"post_tag":[],"hoyre-visibility":[],"article-type":[],"politician":[],"class_list":["post-564","post","type-post","status-publish","format-standard","hentry","category-nyheiter"],"yoast_head":"<!-- This site is optimized with the Yoast SEO plugin v26.6 - https:\/\/yoast.com\/wordpress\/plugins\/seo\/ -->\n<title>Kandidatane v\u00e5re i 2023 - Austevoll H\u00f8gre<\/title>\n<meta name=\"robots\" content=\"index, follow, max-snippet:-1, max-image-preview:large, max-video-preview:-1\" \/>\n<link rel=\"canonical\" href=\"https:\/\/hoyre.no\/austevoll\/aktuelt\/kandidatane-vare-i-2023\/\" \/>\n<meta property=\"og:locale\" content=\"nn_NO\" \/>\n<meta property=\"og:type\" content=\"article\" \/>\n<meta property=\"og:title\" content=\"Kandidatane v\u00e5re i 2023 - Austevoll H\u00f8gre\" \/>\n<meta property=\"og:url\" content=\"https:\/\/hoyre.no\/austevoll\/aktuelt\/kandidatane-vare-i-2023\/\" \/>\n<meta property=\"og:site_name\" content=\"Austevoll H\u00f8gre\" \/>\n<meta property=\"article:published_time\" content=\"2023-05-05T09:31:49+00:00\" \/>\n<meta property=\"article:modified_time\" content=\"2025-02-18T14:50:44+00:00\" \/>\n<meta property=\"og:image\" content=\"https:\/\/hoyre.no\/content\/uploads\/sites\/350\/2023\/08\/881F13AA-2634-4A42-8A01-4465C457E0D5_1_105_c.jpeg\" \/>\n<meta name=\"author\" content=\"Morten Storeb\u00f8\" \/>\n<meta name=\"twitter:card\" content=\"summary_large_image\" \/>\n<meta name=\"twitter:label1\" content=\"Written by\" \/>\n\t<meta name=\"twitter:data1\" content=\"Morten Storeb\u00f8\" \/>\n\t<meta name=\"twitter:label2\" content=\"Est. reading time\" \/>\n\t<meta name=\"twitter:data2\" content=\"2 minutt\" \/>\n<script type=\"application\/ld+json\" class=\"yoast-schema-graph\">{\"@context\":\"https:\/\/schema.org\",\"@graph\":[{\"@type\":\"NewsArticle\",\"@id\":\"https:\/\/hoyre.no\/austevoll\/aktuelt\/kandidatane-vare-i-2023\/\",\"url\":\"https:\/\/hoyre.no\/austevoll\/aktuelt\/kandidatane-vare-i-2023\/\",\"name\":\"Kandidatane v\u00e5re i 2023 - Austevoll H\u00f8gre\",\"isPartOf\":{\"@id\":\"https:\/\/hoyre.no\/austevoll\/#website\"},\"datePublished\":\"2023-05-05T09:31:49+00:00\",\"dateModified\":\"2025-02-18T14:50:44+00:00\",\"author\":{\"@id\":\"https:\/\/hoyre.no\/austevoll\/#\/schema\/person\/d5dc012ffb5779d5648c510c1cecf64b\"},\"breadcrumb\":{\"@id\":\"https:\/\/hoyre.no\/austevoll\/aktuelt\/kandidatane-vare-i-2023\/#breadcrumb\"},\"inLanguage\":\"nn-NO\",\"potentialAction\":[{\"@type\":\"ReadAction\",\"target\":[\"https:\/\/hoyre.no\/austevoll\/aktuelt\/kandidatane-vare-i-2023\/\"]}]},{\"@type\":\"BreadcrumbList\",\"@id\":\"https:\/\/hoyre.no\/austevoll\/aktuelt\/kandidatane-vare-i-2023\/#breadcrumb\",\"itemListElement\":[{\"@type\":\"ListItem\",\"position\":1,\"name\":\"Til hoyre.no\",\"item\":\"https:\/\/hoyre.no\"},{\"@type\":\"ListItem\",\"position\":2,\"name\":\"Hjem\",\"item\":\"https:\/\/hoyre.no\/austevoll\/\"},{\"@type\":\"ListItem\",\"position\":3,\"name\":\"Kandidatane v\u00e5re i 2023\"}]},{\"@type\":\"WebSite\",\"@id\":\"https:\/\/hoyre.no\/austevoll\/#website\",\"url\":\"https:\/\/hoyre.no\/austevoll\/\",\"name\":\"Austevoll H\u00f8gre\",\"description\":\"Bare enda et H\u00f8yres nettsteder-nettsted\",\"inLanguage\":\"nn-NO\"},{\"@type\":\"Person\",\"@id\":\"https:\/\/hoyre.no\/austevoll\/#\/schema\/person\/d5dc012ffb5779d5648c510c1cecf64b\",\"name\":\"Morten Storeb\u00f8\",\"image\":{\"@type\":\"ImageObject\",\"inLanguage\":\"nn-NO\",\"@id\":\"https:\/\/hoyre.no\/austevoll\/#\/schema\/person\/image\/\",\"url\":\"https:\/\/secure.gravatar.com\/avatar\/6d0fb9da8a04938fbbfcbff8dcf2ca9f8c678de39d791bac1be3adbaad9e1394?s=96&d=mm&r=g\",\"contentUrl\":\"https:\/\/secure.gravatar.com\/avatar\/6d0fb9da8a04938fbbfcbff8dcf2ca9f8c678de39d791bac1be3adbaad9e1394?s=96&d=mm&r=g\",\"caption\":\"Morten Storeb\u00f8\"},\"url\":\"https:\/\/hoyre.no\/austevoll\/aktuelt\/author\/m50076975\/\"}]}<\/script>\n<!-- \/ Yoast SEO plugin. -->","yoast_head_json":{"title":"Kandidatane v\u00e5re i 2023 - Austevoll H\u00f8gre","robots":{"index":"index","follow":"follow","max-snippet":"max-snippet:-1","max-image-preview":"max-image-preview:large","max-video-preview":"max-video-preview:-1"},"canonical":"https:\/\/hoyre.no\/austevoll\/aktuelt\/kandidatane-vare-i-2023\/","og_locale":"nn_NO","og_type":"article","og_title":"Kandidatane v\u00e5re i 2023 - Austevoll H\u00f8gre","og_url":"https:\/\/hoyre.no\/austevoll\/aktuelt\/kandidatane-vare-i-2023\/","og_site_name":"Austevoll H\u00f8gre","article_published_time":"2023-05-05T09:31:49+00:00","article_modified_time":"2025-02-18T14:50:44+00:00","og_image":[{"url":"https:\/\/hoyre.no\/content\/uploads\/sites\/350\/2023\/08\/881F13AA-2634-4A42-8A01-4465C457E0D5_1_105_c.jpeg","width":"","height":"","type":""}],"author":"Morten Storeb\u00f8","twitter_card":"summary_large_image","twitter_misc":{"Written by":"Morten Storeb\u00f8","Est. reading time":"2 minutt"},"schema":{"@context":"https:\/\/schema.org","@graph":[{"@type":"NewsArticle","@id":"https:\/\/hoyre.no\/austevoll\/aktuelt\/kandidatane-vare-i-2023\/","url":"https:\/\/hoyre.no\/austevoll\/aktuelt\/kandidatane-vare-i-2023\/","name":"Kandidatane v\u00e5re i 2023 - Austevoll H\u00f8gre","isPartOf":{"@id":"https:\/\/hoyre.no\/austevoll\/#website"},"datePublished":"2023-05-05T09:31:49+00:00","dateModified":"2025-02-18T14:50:44+00:00","author":{"@id":"https:\/\/hoyre.no\/austevoll\/#\/schema\/person\/d5dc012ffb5779d5648c510c1cecf64b"},"breadcrumb":{"@id":"https:\/\/hoyre.no\/austevoll\/aktuelt\/kandidatane-vare-i-2023\/#breadcrumb"},"inLanguage":"nn-NO","potentialAction":[{"@type":"ReadAction","target":["https:\/\/hoyre.no\/austevoll\/aktuelt\/kandidatane-vare-i-2023\/"]}]},{"@type":"BreadcrumbList","@id":"https:\/\/hoyre.no\/austevoll\/aktuelt\/kandidatane-vare-i-2023\/#breadcrumb","itemListElement":[{"@type":"ListItem","position":1,"name":"Til hoyre.no","item":"https:\/\/hoyre.no"},{"@type":"ListItem","position":2,"name":"Hjem","item":"https:\/\/hoyre.no\/austevoll\/"},{"@type":"ListItem","position":3,"name":"Kandidatane v\u00e5re i 2023"}]},{"@type":"WebSite","@id":"https:\/\/hoyre.no\/austevoll\/#website","url":"https:\/\/hoyre.no\/austevoll\/","name":"Austevoll H\u00f8gre","description":"Bare enda et H\u00f8yres nettsteder-nettsted","inLanguage":"nn-NO"},{"@type":"Person","@id":"https:\/\/hoyre.no\/austevoll\/#\/schema\/person\/d5dc012ffb5779d5648c510c1cecf64b","name":"Morten Storeb\u00f8","image":{"@type":"ImageObject","inLanguage":"nn-NO","@id":"https:\/\/hoyre.no\/austevoll\/#\/schema\/person\/image\/","url":"https:\/\/secure.gravatar.com\/avatar\/6d0fb9da8a04938fbbfcbff8dcf2ca9f8c678de39d791bac1be3adbaad9e1394?s=96&d=mm&r=g","contentUrl":"https:\/\/secure.gravatar.com\/avatar\/6d0fb9da8a04938fbbfcbff8dcf2ca9f8c678de39d791bac1be3adbaad9e1394?s=96&d=mm&r=g","caption":"Morten Storeb\u00f8"},"url":"https:\/\/hoyre.no\/austevoll\/aktuelt\/author\/m50076975\/"}]}},"distributor_meta":false,"distributor_terms":false,"distributor_media":false,"distributor_original_site_name":"Austevoll H\u00f8gre","distributor_original_site_url":"https:\/\/hoyre.no\/austevoll","push-errors":false,"_links":{"self":[{"href":"https:\/\/hoyre.no\/austevoll\/wp-json\/wp\/v2\/posts\/564","targetHints":{"allow":["GET"]}}],"collection":[{"href":"https:\/\/hoyre.no\/austevoll\/wp-json\/wp\/v2\/posts"}],"about":[{"href":"https:\/\/hoyre.no\/austevoll\/wp-json\/wp\/v2\/types\/post"}],"author":[{"embeddable":true,"href":"https:\/\/hoyre.no\/austevoll\/wp-json\/wp\/v2\/users\/18750"}],"replies":[{"embeddable":true,"href":"https:\/\/hoyre.no\/austevoll\/wp-json\/wp\/v2\/comments?post=564"}],"version-history":[{"count":7,"href":"https:\/\/hoyre.no\/austevoll\/wp-json\/wp\/v2\/posts\/564\/revisions"}],"predecessor-version":[{"id":935,"href":"https:\/\/hoyre.no\/austevoll\/wp-json\/wp\/v2\/posts\/564\/revisions\/935"}],"wp:attachment":[{"href":"https:\/\/hoyre.no\/austevoll\/wp-json\/wp\/v2\/media?parent=564"}],"wp:term":[{"taxonomy":"category","embeddable":true,"href":"https:\/\/hoyre.no\/austevoll\/wp-json\/wp\/v2\/category?post=564"},{"taxonomy":"post_tag","embeddable":true,"href":"https:\/\/hoyre.no\/austevoll\/wp-json\/wp\/v2\/post_tag?post=564"},{"taxonomy":"hoyre-visibility","embeddable":true,"href":"https:\/\/hoyre.no\/austevoll\/wp-json\/wp\/v2\/hoyre-visibility?post=564"},{"taxonomy":"article-type","embeddable":true,"href":"https:\/\/hoyre.no\/austevoll\/wp-json\/wp\/v2\/article-type?post=564"},{"taxonomy":"politician","embeddable":true,"href":"https:\/\/hoyre.no\/austevoll\/wp-json\/wp\/v2\/politician?post=564"}],"curies":[{"name":"wp","href":"https:\/\/api.w.org\/{rel}","templated":true}]}}