{"id":836,"date":"2023-08-16T20:42:39","date_gmt":"2023-08-16T18:42:39","guid":{"rendered":"https:\/\/hoyre.no\/austevoll\/?p=836"},"modified":"2023-08-16T20:46:18","modified_gmt":"2023-08-16T18:46:18","slug":"rutetilbodet-ma-held-folgje-med-samfunnsutviklinga","status":"publish","type":"post","link":"https:\/\/hoyre.no\/austevoll\/aktuelt\/rutetilbodet-ma-held-folgje-med-samfunnsutviklinga\/","title":{"rendered":"Rutetilbodet m\u00e5 halde f\u00f8lgje med utviklinga"},"content":{"rendered":"\n<p class=\"preamble\">Det er eit samfunnsproblem at rutetilbodet med ferje og b\u00e5t ikkje blir betre sj\u00f8lv om det er stadig fleire reisande. <\/p>\t\t\t<div class=\"post-meta wp-block teft-byline-wrapper\">\n\t\t\t\t<div class=\"top\">\n\t\t\t\t\t<div class=\"signature\">\n\t\t\t\t\t\t<div class=\"teft-byline\">\n\t\t\t\t\t\t\t\t\t\t\t\t\t\t<div>\n\t\t\t\t\t\t\t\t<h3>H\u00f8yres redaksjon<\/h3>\t\t\t\t\t\t\t\t\n\t\t\t\t\t\t\t\t\t\t\t\t\t\t\t\t\t<span class=\"date\">Sist oppdatert: 16. august 2023<\/span>\n\t\t\t\t\t\t\t\t\t\t\t\t\t\t\t\t\t\t\t\t\t\t\t\t\t<span class=\"reading-time\" itemprop=\"timeRequired\" content=\"PT3M\"><em>Ca. 3 minutter lesetid<\/em><\/span>\n\t\t\t\t\t\t\t\t\t\t\t\t\t\t\t<\/div>\n\t\t\t\t\t\t<\/div>\n\t\t\t\t\t<\/div>\n\t\t\t\t\t\t<div class=\"sharing\">\n\t\t<a class=\"share-button share-link copy-link\" data-copy=\"https:\/\/hoyre.no\/austevoll\/aktuelt\/rutetilbodet-ma-held-folgje-med-samfunnsutviklinga\/\" target=\"_blank\"><span class=\"screen-reader-text\">Del link<\/span><\/a>\n\t\t<a class=\"share-button share-twitter\" href=\"http:\/\/twitter.com\/share?text=Rutetilbodet m\u00e5 halde f\u00f8lgje med utviklinga&#038;url=https:\/\/hoyre.no\/austevoll\/aktuelt\/rutetilbodet-ma-held-folgje-med-samfunnsutviklinga\/&#038;hashtags=Hoyre\" target=\"_blank\"><span class=\"screen-reader-text\">Del p\u00e5 twitter<\/span><\/a>\n\t\t<a class=\"share-button share-facebook\" href=\"https:\/\/www.facebook.com\/sharer\/sharer.php?u=https:\/\/hoyre.no\/austevoll\/aktuelt\/rutetilbodet-ma-held-folgje-med-samfunnsutviklinga\/\" target=\"_blank\"><span class=\"screen-reader-text\">Del p\u00e5 facebook<\/span><\/a>\n\t<\/div>\n\t\t\t\t\t<\/div>\n\t\t\t<\/div>\n\n\t\t\t<figure class=\"hoyre-image-wrapper\"><div class=\"hoyre-image\"><img loading=\"lazy\" decoding=\"async\" width=\"2500\" height=\"2500\" src=\"https:\/\/hoyre.no\/content\/uploads\/sites\/350\/2023\/08\/IMG_3743-scaled.jpg\" class=\"attachment-scaled size-scaled\" alt=\"\" style=\"object-position: 50% 50%\" srcset=\"https:\/\/hoyre.no\/content\/uploads\/sites\/350\/2023\/08\/IMG_3743-scaled.jpg 2500w, https:\/\/hoyre.no\/content\/uploads\/sites\/350\/2023\/08\/IMG_3743-300x300.jpg 300w, https:\/\/hoyre.no\/content\/uploads\/sites\/350\/2023\/08\/IMG_3743-1024x1024.jpg 1024w, https:\/\/hoyre.no\/content\/uploads\/sites\/350\/2023\/08\/IMG_3743-150x150.jpg 150w, https:\/\/hoyre.no\/content\/uploads\/sites\/350\/2023\/08\/IMG_3743-768x768.jpg 768w, https:\/\/hoyre.no\/content\/uploads\/sites\/350\/2023\/08\/IMG_3743-1536x1536.jpg 1536w, https:\/\/hoyre.no\/content\/uploads\/sites\/350\/2023\/08\/IMG_3743-2048x2048.jpg 2048w\" sizes=\"auto, (max-width: 2500px) 100vw, 2500px\" \/><\/div><\/figure>\n\n\n\n\n<p><em>Lesarbrevet stod p\u00e5 trykk i Marsteinen 29. juni.<\/em><\/p>\n\n\n\n<p><strong>Av ordf\u00f8rarkandidat Bente Kari Sletten Taranger <br>og fylkesordf\u00f8rarkandidat Silja Ekeland Bj\u00f8rkly<\/strong><\/p>\n\n\n\n<p>Det er eit stort problem at rutetilbodet til Austevoll b\u00e5de med ferje og sn\u00f8ggb\u00e5t for det meste er uendra p\u00e5 fleire ti\u00e5r. <\/p>\n\n\n\n<p>Samstundes har kommunen auka i folketal, talet p\u00e5 arbeidsplassar, bedrifter og turistar. Denne veksten har gjort at transportbehovet har auka betydeleg. Rutetilbodet har derimot ikkje heldt f\u00f8lgje. <\/p>\n\n\n\n<p>For Austevoll, ein kommune heilt utan andre omk\u00f8yringsmoglegheiter, er dette ganske alvorleg.<\/p>\n\n\n\n<p>Ferje og sn\u00f8ggb\u00e5t er eit fylkeskommunalt ansvar. Derfor er det viktig \u00e5 minne om at valet i september ogs\u00e5 er eit val til nytt fylkesting. <\/p>\n\n\n\n<p>Ambisjonen til H\u00f8gre er \u00e5 vinne ogs\u00e5 fylkestingsvalet. \u00c9in god grunn til at me treng eit maktskifte i fylkeshuset er at dagens styringsallianse av mellom anna Sp, MDG og Ap rett og slett slit med \u00e5 f\u00e5 gjort noko med problema. Det er mykje snakk, men altfor lite konkret handling.<\/p>\n\n\n\n<p>Valkampar kan ofte bli ein konkurranse om \u00e5 servere det dyraste valflesket. <\/p>\n\n\n\n<p><strong>For at veljarane skal ha tillit til oss politikarar er det derfor nyttig \u00e5 sj\u00e5 p\u00e5 kva ein har jobba med i perioden som har g\u00e5tt. I H\u00f8gre veit me veldig godt at tillit er noko ein m\u00e5 bygge over tid. For oss er det viktig at l\u00f8fta me kjem med er realistiske slik at dei kan realiserast.<\/strong><\/p>\n\n\n\n<p>B\u00e5de lokalt i Austevoll og i fylkestinget har H\u00f8gre jobba for \u00e5 betre rutetilbodet i Austevoll. <\/p>\n\n\n\n<p>Dette skjedde seinast d\u00e5 samferdselsutvalet hadde m\u00f8te i slutten av mai, der Vestland H\u00f8gre saman med andre parti fekk fleirtal for forslaget om \u00e5 utgreie nattferje p\u00e5 Hufthamar-Krokeide. Dette er ei sak blant andre ordf\u00f8rar Morten Storeb\u00f8 i ei \u00e5rrekke har tatt opp med fylkeskommunen, og ei sak som H\u00f8gre har fremma i fylkestinget og finansiert i v\u00e5re alternative budsjett i perioden.<\/p>\n\n\n\n<p><strong>I fylkesvalprogrammet til H\u00f8gre poengterer me at rutefrekvens og kapasitet m\u00e5 henge saman med trafikkgrunnlaget og n\u00e6ringslivets behov. <\/strong><\/p>\n\n\n\n<p>Dette er ein tiltak som Austevoll H\u00f8gre jobbar for.<\/p>\n\n\n\n<p>I praksis betyr dette at n\u00e5r fylkeskommunen skal prioritere mellom tilbod og samband, s\u00e5 skal talet p\u00e5 k\u00f8yret\u00f8y og passasjerar, og n\u00e6ringslivets transportbehov vege, langt tyngre enn det gjer i dag. <\/p>\n\n\n\n<p><strong>Dette vil Austevoll tene p\u00e5.<\/strong><\/p>\n\n\n\n<p>I tillegg til \u00e5 halde fram arbeidet med \u00e5 modernisere og f\u00e5 p\u00e5 plass meir milj\u00f8venleg fart\u00f8y, skal behova i samfunnet gjenspeglast i ruteproduksjonen, kapasitet og driftstryggleik.<\/p>\n\n\n\n<p>Billettprisane p\u00e5 b\u00e5t skal harmoniserast mellom alle dei fylkeskommunale b\u00e5tsambanda og prisen skal fastsetjast etter objektive kriterie.<\/p>\n\n\n\n<p><strong>Dette vil reisande til og fr\u00e5 Austevoll tene p\u00e5.<\/strong><\/p>\n\n\n\n<p>For \u00e5 n\u00e5 m\u00e5la om betre rutetilbod, og alts\u00e5 ha evne til \u00e5 gjennomf\u00f8re dette, er det to tiltak som m\u00e5 gjerast:<\/p>\n\n\n\n<p><\/p>\n\n\n\n<ol class=\"wp-block-list\"><li>Det m\u00e5 brukast meir pengar enn i dag p\u00e5 ferje- og b\u00e5tdrift. Dette er H\u00f8gre villig til \u00e5 gjere. <\/li><li>I tillegg m\u00e5 det skje ei omprioritering mellom samband. Dette er n\u00f8dvendig fordi transportbehovet har endra seg betydeleg utan av rutetabellane har f\u00f8lgd med. Ved \u00e5 fastsetje objektive vilk\u00e5r, kor omk\u00f8yringsmoglegheiter er eitt, vil fylkeskommunen p\u00e5 ein fornuftig og f\u00f8reseieleg m\u00e5te forvalte ansvaret sitt for fylkesferjer og fylkesb\u00e5tar. <\/li><\/ol>\n\n\n\n<p><strong>Austevoll har fylkeskommunens st\u00f8rste ferjesamband og blir trafikkert av fylkeskommunens nest st\u00f8rste sn\u00f8ggb\u00e5trute.<\/strong><\/p>\n\n\n\n<p><strong>H\u00f8gres politikk er konkret og realistisk og vil s\u00f8rge for at kommunikasjon til og fr\u00e5 Austevoll vil bli betre. Det skal rett og slett bli enklare \u00e5 bu og drive bedrift i Austevoll.<\/strong><\/p>\n\n\n<div class=\"tags\">\n\t<\/div>\n<div class=\"post-footer alignfull has-background block-editor-block-list__block\" data-align=full>\n\t<div class=\"post-footer-inner\">\n\t\t<h3>Relaterte artikler<\/h3>\n\t\t<div class=\"related-content\"><div class=\"is-card-hoyre\">\n\t<div class=\"teft-card hoyre-teft-card post-teft-card\">\n\t\t<a href=\"https:\/\/hoyre.no\/austevoll\/aktuelt\/kunngjering\/\" class=\"teft-card__primary-action\">\n\n\t\t\t<div class=\"teft-card__media teft-card__media--16-9 no-image\"><\/div>\n\t\t\t<div class=\"teft-card__content-wrapper\">\n\t\t\t\t<div class=\"teft-card__secondary\">\n\t\t\t\t\t\n\t\t\t\t\t\t\t\t<div class=\"teft-card__meta\">\n\t\t\t\t\t\t\t\t\t<span class=\"post-date\">20. apr 2026<\/span>\n\n\t\t\t\t\t\t\t\t\t\t\t\t\t\t\t\t\t<\/div>\n\t\t\t\t\t\t\t\t\t\t\t<\/div>\n\n\t\t\t\t<div class=\"teft-card__primary\">\n\t\t\t\t\t<h2 class=\"teft-card__title\">Kunngjering&nbsp;<span class=\"teft-card__primary-title-append\"><\/span><\/h2>\t\t\t\t<\/div>\n\t\t\t<\/div>\n\t\t<\/a>\n\t<\/div>\n\n\t<\/div><div class=\"is-card-hoyre\">\n\t<div class=\"teft-card hoyre-teft-card post-teft-card\">\n\t\t<a href=\"https:\/\/hoyre.no\/austevoll\/aktuelt\/kandidat-2027\/\" class=\"teft-card__primary-action\">\n\n\t\t\t<div class=\"teft-card__media teft-card__media--16-9 no-image\"><\/div>\n\t\t\t<div class=\"teft-card__content-wrapper\">\n\t\t\t\t<div class=\"teft-card__secondary\">\n\t\t\t\t\t\n\t\t\t\t\t\t\t\t<div class=\"teft-card__meta\">\n\t\t\t\t\t\t\t\t\t<span class=\"post-date\">3. apr 2026<\/span>\n\n\t\t\t\t\t\t\t\t\t\t\t\t\t\t\t\t\t<\/div>\n\t\t\t\t\t\t\t\t\t\t\t<\/div>\n\n\t\t\t\t<div class=\"teft-card__primary\">\n\t\t\t\t\t<h2 class=\"teft-card__title\">Kandidat 2027?&nbsp;<span class=\"teft-card__primary-title-append\"><\/span><\/h2>\t\t\t\t<\/div>\n\t\t\t<\/div>\n\t\t<\/a>\n\t<\/div>\n\n\t<\/div><div class=\"is-card-hoyre\">\n\t<div class=\"teft-card hoyre-teft-card post-teft-card\">\n\t\t<a href=\"https:\/\/hoyre.no\/austevoll\/aktuelt\/korleis-loyse-byggesaksproblema\/\" class=\"teft-card__primary-action\">\n\n\t\t\t\t\t<div class=\"teft-card__media teft-card__media--16-9\">\n\t\t\t\t\t\t<img loading=\"lazy\" decoding=\"async\" width=\"768\" height=\"577\" src=\"https:\/\/hoyre.no\/content\/uploads\/sites\/350\/2023\/08\/881F13AA-2634-4A42-8A01-4465C457E0D5_1_105_c-768x577.jpeg\" class=\"attachment-medium_large size-medium_large\" alt=\"\" srcset=\"https:\/\/hoyre.no\/content\/uploads\/sites\/350\/2023\/08\/881F13AA-2634-4A42-8A01-4465C457E0D5_1_105_c-768x577.jpeg 768w, https:\/\/hoyre.no\/content\/uploads\/sites\/350\/2023\/08\/881F13AA-2634-4A42-8A01-4465C457E0D5_1_105_c-300x225.jpeg 300w, https:\/\/hoyre.no\/content\/uploads\/sites\/350\/2023\/08\/881F13AA-2634-4A42-8A01-4465C457E0D5_1_105_c.jpeg 1024w\" sizes=\"auto, (max-width: 768px) 100vw, 768px\" \/>\t\t<\/div>\n\t\t\n\t\t\t<div class=\"teft-card__content-wrapper\">\n\t\t\t\t<div class=\"teft-card__secondary\">\n\t\t\t\t\t\n\t\t\t\t\t\t\t\t<div class=\"teft-card__meta\">\n\t\t\t\t\t\t\t\t\t<span class=\"post-date\">29. aug 2023<\/span>\n\n\t\t\t\t\t\t\t\t\t<span class=\"post-category\">Innlegg<\/span>\t\t\t\t\t\t\t\t<\/div>\n\t\t\t\t\t\t\t\t\t\t\t<\/div>\n\n\t\t\t\t<div class=\"teft-card__primary\">\n\t\t\t\t\t<h2 class=\"teft-card__title\">Korleis l\u00f8yse byggesaksproblema?&nbsp;<span class=\"teft-card__primary-title-append\"><\/span><\/h2>\t\t\t\t<\/div>\n\t\t\t<\/div>\n\t\t<\/a>\n\t<\/div>\n\n\t<\/div><\/div>\t<\/div>\n<\/div>\n","protected":false},"excerpt":{"rendered":"","protected":false},"author":18750,"featured_media":0,"comment_status":"closed","ping_status":"closed","sticky":false,"template":"","format":"standard","meta":{"teft_cards_image_url":"","teft_cards_custom_pretitle":"","teft_cards_image_id":837,"teft_cards_image_focal_point_x":0.5,"teft_cards_image_focal_point_y":0.5,"teft_cards_title":"","teft_cards_excerpt":"","teft_show_chapters":false,"author_display_name":"","footnotes":""},"category":[1],"post_tag":[],"hoyre-visibility":[],"article-type":[],"politician":[],"class_list":["post-836","post","type-post","status-publish","format-standard","hentry","category-nyheiter"],"yoast_head":"<!-- This site is optimized with the Yoast SEO plugin v26.6 - https:\/\/yoast.com\/wordpress\/plugins\/seo\/ -->\n<title>Rutetilbodet m\u00e5 halde f\u00f8lgje med utviklinga - Austevoll H\u00f8gre<\/title>\n<meta name=\"robots\" content=\"index, follow, max-snippet:-1, max-image-preview:large, max-video-preview:-1\" \/>\n<link rel=\"canonical\" href=\"https:\/\/hoyre.no\/austevoll\/aktuelt\/rutetilbodet-ma-held-folgje-med-samfunnsutviklinga\/\" \/>\n<meta property=\"og:locale\" content=\"nn_NO\" \/>\n<meta property=\"og:type\" content=\"article\" \/>\n<meta property=\"og:title\" content=\"Rutetilbodet m\u00e5 halde f\u00f8lgje med utviklinga - Austevoll H\u00f8gre\" \/>\n<meta property=\"og:url\" content=\"https:\/\/hoyre.no\/austevoll\/aktuelt\/rutetilbodet-ma-held-folgje-med-samfunnsutviklinga\/\" \/>\n<meta property=\"og:site_name\" content=\"Austevoll H\u00f8gre\" \/>\n<meta property=\"article:published_time\" content=\"2023-08-16T18:42:39+00:00\" \/>\n<meta property=\"article:modified_time\" content=\"2023-08-16T18:46:18+00:00\" \/>\n<meta property=\"og:image\" content=\"https:\/\/hoyre.no\/content\/uploads\/sites\/350\/2023\/08\/881F13AA-2634-4A42-8A01-4465C457E0D5_1_105_c.jpeg\" \/>\n<meta name=\"author\" content=\"Morten Storeb\u00f8\" \/>\n<meta name=\"twitter:card\" content=\"summary_large_image\" \/>\n<meta name=\"twitter:label1\" content=\"Written by\" \/>\n\t<meta name=\"twitter:data1\" content=\"Morten Storeb\u00f8\" \/>\n\t<meta name=\"twitter:label2\" content=\"Est. reading time\" \/>\n\t<meta name=\"twitter:data2\" content=\"4 minutt\" \/>\n<script type=\"application\/ld+json\" class=\"yoast-schema-graph\">{\"@context\":\"https:\/\/schema.org\",\"@graph\":[{\"@type\":\"NewsArticle\",\"@id\":\"https:\/\/hoyre.no\/austevoll\/aktuelt\/rutetilbodet-ma-held-folgje-med-samfunnsutviklinga\/\",\"url\":\"https:\/\/hoyre.no\/austevoll\/aktuelt\/rutetilbodet-ma-held-folgje-med-samfunnsutviklinga\/\",\"name\":\"Rutetilbodet m\u00e5 halde f\u00f8lgje med utviklinga - Austevoll H\u00f8gre\",\"isPartOf\":{\"@id\":\"https:\/\/hoyre.no\/austevoll\/#website\"},\"datePublished\":\"2023-08-16T18:42:39+00:00\",\"dateModified\":\"2023-08-16T18:46:18+00:00\",\"author\":{\"@id\":\"https:\/\/hoyre.no\/austevoll\/#\/schema\/person\/d5dc012ffb5779d5648c510c1cecf64b\"},\"breadcrumb\":{\"@id\":\"https:\/\/hoyre.no\/austevoll\/aktuelt\/rutetilbodet-ma-held-folgje-med-samfunnsutviklinga\/#breadcrumb\"},\"inLanguage\":\"nn-NO\",\"potentialAction\":[{\"@type\":\"ReadAction\",\"target\":[\"https:\/\/hoyre.no\/austevoll\/aktuelt\/rutetilbodet-ma-held-folgje-med-samfunnsutviklinga\/\"]}]},{\"@type\":\"BreadcrumbList\",\"@id\":\"https:\/\/hoyre.no\/austevoll\/aktuelt\/rutetilbodet-ma-held-folgje-med-samfunnsutviklinga\/#breadcrumb\",\"itemListElement\":[{\"@type\":\"ListItem\",\"position\":1,\"name\":\"Til hoyre.no\",\"item\":\"https:\/\/hoyre.no\"},{\"@type\":\"ListItem\",\"position\":2,\"name\":\"Hjem\",\"item\":\"https:\/\/hoyre.no\/austevoll\/\"},{\"@type\":\"ListItem\",\"position\":3,\"name\":\"Rutetilbodet m\u00e5 halde f\u00f8lgje med utviklinga\"}]},{\"@type\":\"WebSite\",\"@id\":\"https:\/\/hoyre.no\/austevoll\/#website\",\"url\":\"https:\/\/hoyre.no\/austevoll\/\",\"name\":\"Austevoll H\u00f8gre\",\"description\":\"Bare enda et H\u00f8yres nettsteder-nettsted\",\"inLanguage\":\"nn-NO\"},{\"@type\":\"Person\",\"@id\":\"https:\/\/hoyre.no\/austevoll\/#\/schema\/person\/d5dc012ffb5779d5648c510c1cecf64b\",\"name\":\"Morten Storeb\u00f8\",\"image\":{\"@type\":\"ImageObject\",\"inLanguage\":\"nn-NO\",\"@id\":\"https:\/\/hoyre.no\/austevoll\/#\/schema\/person\/image\/\",\"url\":\"https:\/\/secure.gravatar.com\/avatar\/6d0fb9da8a04938fbbfcbff8dcf2ca9f8c678de39d791bac1be3adbaad9e1394?s=96&d=mm&r=g\",\"contentUrl\":\"https:\/\/secure.gravatar.com\/avatar\/6d0fb9da8a04938fbbfcbff8dcf2ca9f8c678de39d791bac1be3adbaad9e1394?s=96&d=mm&r=g\",\"caption\":\"Morten Storeb\u00f8\"},\"url\":\"https:\/\/hoyre.no\/austevoll\/aktuelt\/author\/m50076975\/\"}]}<\/script>\n<!-- \/ Yoast SEO plugin. -->","yoast_head_json":{"title":"Rutetilbodet m\u00e5 halde f\u00f8lgje med utviklinga - Austevoll H\u00f8gre","robots":{"index":"index","follow":"follow","max-snippet":"max-snippet:-1","max-image-preview":"max-image-preview:large","max-video-preview":"max-video-preview:-1"},"canonical":"https:\/\/hoyre.no\/austevoll\/aktuelt\/rutetilbodet-ma-held-folgje-med-samfunnsutviklinga\/","og_locale":"nn_NO","og_type":"article","og_title":"Rutetilbodet m\u00e5 halde f\u00f8lgje med utviklinga - Austevoll H\u00f8gre","og_url":"https:\/\/hoyre.no\/austevoll\/aktuelt\/rutetilbodet-ma-held-folgje-med-samfunnsutviklinga\/","og_site_name":"Austevoll H\u00f8gre","article_published_time":"2023-08-16T18:42:39+00:00","article_modified_time":"2023-08-16T18:46:18+00:00","og_image":[{"url":"https:\/\/hoyre.no\/content\/uploads\/sites\/350\/2023\/08\/881F13AA-2634-4A42-8A01-4465C457E0D5_1_105_c.jpeg","width":"","height":"","type":""}],"author":"Morten Storeb\u00f8","twitter_card":"summary_large_image","twitter_misc":{"Written by":"Morten Storeb\u00f8","Est. reading time":"4 minutt"},"schema":{"@context":"https:\/\/schema.org","@graph":[{"@type":"NewsArticle","@id":"https:\/\/hoyre.no\/austevoll\/aktuelt\/rutetilbodet-ma-held-folgje-med-samfunnsutviklinga\/","url":"https:\/\/hoyre.no\/austevoll\/aktuelt\/rutetilbodet-ma-held-folgje-med-samfunnsutviklinga\/","name":"Rutetilbodet m\u00e5 halde f\u00f8lgje med utviklinga - Austevoll H\u00f8gre","isPartOf":{"@id":"https:\/\/hoyre.no\/austevoll\/#website"},"datePublished":"2023-08-16T18:42:39+00:00","dateModified":"2023-08-16T18:46:18+00:00","author":{"@id":"https:\/\/hoyre.no\/austevoll\/#\/schema\/person\/d5dc012ffb5779d5648c510c1cecf64b"},"breadcrumb":{"@id":"https:\/\/hoyre.no\/austevoll\/aktuelt\/rutetilbodet-ma-held-folgje-med-samfunnsutviklinga\/#breadcrumb"},"inLanguage":"nn-NO","potentialAction":[{"@type":"ReadAction","target":["https:\/\/hoyre.no\/austevoll\/aktuelt\/rutetilbodet-ma-held-folgje-med-samfunnsutviklinga\/"]}]},{"@type":"BreadcrumbList","@id":"https:\/\/hoyre.no\/austevoll\/aktuelt\/rutetilbodet-ma-held-folgje-med-samfunnsutviklinga\/#breadcrumb","itemListElement":[{"@type":"ListItem","position":1,"name":"Til hoyre.no","item":"https:\/\/hoyre.no"},{"@type":"ListItem","position":2,"name":"Hjem","item":"https:\/\/hoyre.no\/austevoll\/"},{"@type":"ListItem","position":3,"name":"Rutetilbodet m\u00e5 halde f\u00f8lgje med utviklinga"}]},{"@type":"WebSite","@id":"https:\/\/hoyre.no\/austevoll\/#website","url":"https:\/\/hoyre.no\/austevoll\/","name":"Austevoll H\u00f8gre","description":"Bare enda et H\u00f8yres nettsteder-nettsted","inLanguage":"nn-NO"},{"@type":"Person","@id":"https:\/\/hoyre.no\/austevoll\/#\/schema\/person\/d5dc012ffb5779d5648c510c1cecf64b","name":"Morten Storeb\u00f8","image":{"@type":"ImageObject","inLanguage":"nn-NO","@id":"https:\/\/hoyre.no\/austevoll\/#\/schema\/person\/image\/","url":"https:\/\/secure.gravatar.com\/avatar\/6d0fb9da8a04938fbbfcbff8dcf2ca9f8c678de39d791bac1be3adbaad9e1394?s=96&d=mm&r=g","contentUrl":"https:\/\/secure.gravatar.com\/avatar\/6d0fb9da8a04938fbbfcbff8dcf2ca9f8c678de39d791bac1be3adbaad9e1394?s=96&d=mm&r=g","caption":"Morten Storeb\u00f8"},"url":"https:\/\/hoyre.no\/austevoll\/aktuelt\/author\/m50076975\/"}]}},"distributor_meta":false,"distributor_terms":false,"distributor_media":false,"distributor_original_site_name":"Austevoll H\u00f8gre","distributor_original_site_url":"https:\/\/hoyre.no\/austevoll","push-errors":false,"_links":{"self":[{"href":"https:\/\/hoyre.no\/austevoll\/wp-json\/wp\/v2\/posts\/836","targetHints":{"allow":["GET"]}}],"collection":[{"href":"https:\/\/hoyre.no\/austevoll\/wp-json\/wp\/v2\/posts"}],"about":[{"href":"https:\/\/hoyre.no\/austevoll\/wp-json\/wp\/v2\/types\/post"}],"author":[{"embeddable":true,"href":"https:\/\/hoyre.no\/austevoll\/wp-json\/wp\/v2\/users\/18750"}],"replies":[{"embeddable":true,"href":"https:\/\/hoyre.no\/austevoll\/wp-json\/wp\/v2\/comments?post=836"}],"version-history":[{"count":10,"href":"https:\/\/hoyre.no\/austevoll\/wp-json\/wp\/v2\/posts\/836\/revisions"}],"predecessor-version":[{"id":847,"href":"https:\/\/hoyre.no\/austevoll\/wp-json\/wp\/v2\/posts\/836\/revisions\/847"}],"wp:attachment":[{"href":"https:\/\/hoyre.no\/austevoll\/wp-json\/wp\/v2\/media?parent=836"}],"wp:term":[{"taxonomy":"category","embeddable":true,"href":"https:\/\/hoyre.no\/austevoll\/wp-json\/wp\/v2\/category?post=836"},{"taxonomy":"post_tag","embeddable":true,"href":"https:\/\/hoyre.no\/austevoll\/wp-json\/wp\/v2\/post_tag?post=836"},{"taxonomy":"hoyre-visibility","embeddable":true,"href":"https:\/\/hoyre.no\/austevoll\/wp-json\/wp\/v2\/hoyre-visibility?post=836"},{"taxonomy":"article-type","embeddable":true,"href":"https:\/\/hoyre.no\/austevoll\/wp-json\/wp\/v2\/article-type?post=836"},{"taxonomy":"politician","embeddable":true,"href":"https:\/\/hoyre.no\/austevoll\/wp-json\/wp\/v2\/politician?post=836"}],"curies":[{"name":"wp","href":"https:\/\/api.w.org\/{rel}","templated":true}]}}