{"id":972,"date":"2026-04-20T08:23:56","date_gmt":"2026-04-20T06:23:56","guid":{"rendered":"https:\/\/hoyre.no\/austevoll\/?p=972"},"modified":"2026-04-20T08:32:03","modified_gmt":"2026-04-20T06:32:03","slug":"kunngjering","status":"publish","type":"post","link":"https:\/\/hoyre.no\/austevoll\/aktuelt\/kunngjering\/","title":{"rendered":"Kunngjering"},"content":{"rendered":"\n<p class=\"preamble\">Austevoll H\u00f8gre har sett ned ein nominasjonskomit\u00e9 og gjeve mandat til \u00e5 iverksetje nominasjonsprosessen fram mot komande kommuneval 2017\u20132031.<br>Komiteen har starta arbeidet sitt etter vedteken datoplan. F\u00f8rste oppg\u00e5ve i nominasjonsprosessen for komiteen var \u00e5 avklare med alle som stod p\u00e5 lista 2023\u20132027, for \u00e5 avklare deira valvilligheit, og om dei stiller seg til disposisjon for komiteen sitt arbeid med lista til komande kommuneval.<\/p>\t\t\t<div class=\"post-meta wp-block teft-byline-wrapper\">\n\t\t\t\t<div class=\"top\">\n\t\t\t\t\t<div class=\"signature\">\n\t\t\t\t\t\t<div class=\"teft-byline\">\n\t\t\t\t\t\t\t\t\t\t\t\t\t\t<div>\n\t\t\t\t\t\t\t\t<h3>H\u00f8yres redaksjon<\/h3>\t\t\t\t\t\t\t\t\n\t\t\t\t\t\t\t\t\t\t\t\t\t\t\t\t\t<span class=\"date\">Sist oppdatert: 20. april 2026<\/span>\n\t\t\t\t\t\t\t\t\t\t\t\t\t\t\t\t\t\t\t\t\t\t\t\t\t<span class=\"reading-time\" itemprop=\"timeRequired\" content=\"PT1M\"><em>Ca. 1 minutter lesetid<\/em><\/span>\n\t\t\t\t\t\t\t\t\t\t\t\t\t\t\t<\/div>\n\t\t\t\t\t\t<\/div>\n\t\t\t\t\t<\/div>\n\t\t\t\t\t\t<div class=\"sharing\">\n\t\t<a class=\"share-button share-link copy-link\" data-copy=\"https:\/\/hoyre.no\/austevoll\/aktuelt\/kunngjering\/\" target=\"_blank\"><span class=\"screen-reader-text\">Del link<\/span><\/a>\n\t\t<a class=\"share-button share-twitter\" href=\"http:\/\/twitter.com\/share?text=Kunngjering&#038;url=https:\/\/hoyre.no\/austevoll\/aktuelt\/kunngjering\/&#038;hashtags=Hoyre\" target=\"_blank\"><span class=\"screen-reader-text\">Del p\u00e5 twitter<\/span><\/a>\n\t\t<a class=\"share-button share-facebook\" href=\"https:\/\/www.facebook.com\/sharer\/sharer.php?u=https:\/\/hoyre.no\/austevoll\/aktuelt\/kunngjering\/\" target=\"_blank\"><span class=\"screen-reader-text\">Del p\u00e5 facebook<\/span><\/a>\n\t<\/div>\n\t\t\t\t\t<\/div>\n\t\t\t<\/div>\n\n\t\t\t\n\n\n<figure class=\"wp-block-image size-large\"><img loading=\"lazy\" decoding=\"async\" width=\"683\" height=\"1024\" src=\"https:\/\/hoyre.no\/content\/uploads\/sites\/350\/2023\/05\/9AD3D0D9-F4C8-40B3-89C1-77268FF795A0-683x1024.jpeg\" alt=\"\" class=\"wp-image-587\" srcset=\"https:\/\/hoyre.no\/content\/uploads\/sites\/350\/2023\/05\/9AD3D0D9-F4C8-40B3-89C1-77268FF795A0-683x1024.jpeg 683w, https:\/\/hoyre.no\/content\/uploads\/sites\/350\/2023\/05\/9AD3D0D9-F4C8-40B3-89C1-77268FF795A0-200x300.jpeg 200w, https:\/\/hoyre.no\/content\/uploads\/sites\/350\/2023\/05\/9AD3D0D9-F4C8-40B3-89C1-77268FF795A0-768x1152.jpeg 768w, https:\/\/hoyre.no\/content\/uploads\/sites\/350\/2023\/05\/9AD3D0D9-F4C8-40B3-89C1-77268FF795A0-1024x1536.jpeg 1024w, https:\/\/hoyre.no\/content\/uploads\/sites\/350\/2023\/05\/9AD3D0D9-F4C8-40B3-89C1-77268FF795A0-1365x2048.jpeg 1365w, https:\/\/hoyre.no\/content\/uploads\/sites\/350\/2023\/05\/9AD3D0D9-F4C8-40B3-89C1-77268FF795A0-scaled.jpeg 1667w\" sizes=\"auto, (max-width: 683px) 100vw, 683px\" \/><\/figure>\n\n\n\n\n\n<p>Dei som har stilt seg til disposisjon for nominasjonskomiteen sitt arbeid:<\/p>\n\n\n\n<p>(I alfabetisk rekkjef\u00f8lgje etter etternamn)<\/p>\n\n\n\n<figure class=\"wp-block-table\"><table class=\"has-fixed-layout\"><tbody><tr><td>Blindheim, Sigrun<\/td><td>5392 Storeb\u00f8&nbsp;<\/td><\/tr><tr><td>Dr\u00f8nen, Sigve<\/td><td>5394 Kolbeinsvik&nbsp;<\/td><\/tr><tr><td>Dr\u00f8nen, Tor Magne<\/td><td>5385 Bakkasund&nbsp;<\/td><\/tr><tr><td>English, Silje Sjursen<\/td><td>5392 Storeb\u00f8&nbsp;<\/td><\/tr><tr><td>Frank, Kurt William<\/td><td>5397 Bekkjarvik&nbsp;<\/td><\/tr><tr><td>Hausberg, Jermod<\/td><td>5394 Kolbeinsvik&nbsp;<\/td><\/tr><tr><td>Kolbeinshavn, Peder<\/td><td>5392 Storeb\u00f8&nbsp;<\/td><\/tr><tr><td>M\u00f8gster, Marit<\/td><td>5397 Bekkjarvik&nbsp;<\/td><\/tr><tr><td>Stenevik, Line<\/td><td>5396 V. Vinnesv\u00e5g&nbsp;<\/td><\/tr><tr><td>Storeb\u00f8, Elise<\/td><td>5392 Storeb\u00f8&nbsp;<\/td><\/tr><tr><td>Taranger, Bente Kari Sletten<\/td><td>5398 Stolmen&nbsp;<\/td><\/tr><tr><td>Taranger, Geir Atle<\/td><td>5398 Stolmen&nbsp;<\/td><\/tr><tr><td>Troland, Sicelie&nbsp;<\/td><td>5384 Torangsv\u00e5g&nbsp;<\/td><\/tr><tr><td>\u00d8kland, Alfred<\/td><td>5384 Torangsv\u00e5g&nbsp;<\/td><\/tr><tr><td>\u00d8kland, Charlotte<\/td><td>5385 Bakkasund<\/td><\/tr><\/tbody><\/table><\/figure>\n\n\n\n<p>Neste del i prosessen er at Austevoll H\u00f8gre inviterer til ein open runde der ein kan sende inn framlegg til kandidatar p\u00e5 lista til komande kommuneval. Dette er ein open invitasjon til alle medlemer, partiledd og eksterne om \u00e5 sende inn framlegg til kandidatar.<\/p>\n\n\n\n<p>Alle f\u00f8respurnader om prosess og nominasjon kan rettast til leiar i komiteen:<\/p>\n\n\n\n<p>Liv Bente Storeb\u00f8 \u2013 91 66 10 20<\/p>\n\n\n<div class=\"tags\">\n\t<\/div>\n<div class=\"post-footer alignfull has-background block-editor-block-list__block\" data-align=full>\n\t<div class=\"post-footer-inner\">\n\t\t<h3>Relaterte artikler<\/h3>\n\t\t<div class=\"related-content\"><div class=\"is-card-hoyre\">\n\t<div class=\"teft-card hoyre-teft-card post-teft-card\">\n\t\t<a href=\"https:\/\/hoyre.no\/austevoll\/aktuelt\/kandidat-2027\/\" class=\"teft-card__primary-action\">\n\n\t\t\t<div class=\"teft-card__media teft-card__media--16-9 no-image\"><\/div>\n\t\t\t<div class=\"teft-card__content-wrapper\">\n\t\t\t\t<div class=\"teft-card__secondary\">\n\t\t\t\t\t\n\t\t\t\t\t\t\t\t<div class=\"teft-card__meta\">\n\t\t\t\t\t\t\t\t\t<span class=\"post-date\">3. apr 2026<\/span>\n\n\t\t\t\t\t\t\t\t\t\t\t\t\t\t\t\t\t<\/div>\n\t\t\t\t\t\t\t\t\t\t\t<\/div>\n\n\t\t\t\t<div class=\"teft-card__primary\">\n\t\t\t\t\t<h2 class=\"teft-card__title\">Kandidat 2027?&nbsp;<span class=\"teft-card__primary-title-append\"><\/span><\/h2>\t\t\t\t<\/div>\n\t\t\t<\/div>\n\t\t<\/a>\n\t<\/div>\n\n\t<\/div><div class=\"is-card-hoyre\">\n\t<div class=\"teft-card hoyre-teft-card post-teft-card\">\n\t\t<a href=\"https:\/\/hoyre.no\/austevoll\/aktuelt\/korleis-loyse-byggesaksproblema\/\" class=\"teft-card__primary-action\">\n\n\t\t\t\t\t<div class=\"teft-card__media teft-card__media--16-9\">\n\t\t\t\t\t\t<img loading=\"lazy\" decoding=\"async\" width=\"768\" height=\"577\" src=\"https:\/\/hoyre.no\/content\/uploads\/sites\/350\/2023\/08\/881F13AA-2634-4A42-8A01-4465C457E0D5_1_105_c-768x577.jpeg\" class=\"attachment-medium_large size-medium_large\" alt=\"\" srcset=\"https:\/\/hoyre.no\/content\/uploads\/sites\/350\/2023\/08\/881F13AA-2634-4A42-8A01-4465C457E0D5_1_105_c-768x577.jpeg 768w, https:\/\/hoyre.no\/content\/uploads\/sites\/350\/2023\/08\/881F13AA-2634-4A42-8A01-4465C457E0D5_1_105_c-300x225.jpeg 300w, https:\/\/hoyre.no\/content\/uploads\/sites\/350\/2023\/08\/881F13AA-2634-4A42-8A01-4465C457E0D5_1_105_c.jpeg 1024w\" sizes=\"auto, (max-width: 768px) 100vw, 768px\" \/>\t\t<\/div>\n\t\t\n\t\t\t<div class=\"teft-card__content-wrapper\">\n\t\t\t\t<div class=\"teft-card__secondary\">\n\t\t\t\t\t\n\t\t\t\t\t\t\t\t<div class=\"teft-card__meta\">\n\t\t\t\t\t\t\t\t\t<span class=\"post-date\">29. aug 2023<\/span>\n\n\t\t\t\t\t\t\t\t\t<span class=\"post-category\">Innlegg<\/span>\t\t\t\t\t\t\t\t<\/div>\n\t\t\t\t\t\t\t\t\t\t\t<\/div>\n\n\t\t\t\t<div class=\"teft-card__primary\">\n\t\t\t\t\t<h2 class=\"teft-card__title\">Korleis l\u00f8yse byggesaksproblema?&nbsp;<span class=\"teft-card__primary-title-append\"><\/span><\/h2>\t\t\t\t<\/div>\n\t\t\t<\/div>\n\t\t<\/a>\n\t<\/div>\n\n\t<\/div><div class=\"is-card-hoyre\">\n\t<div class=\"teft-card hoyre-teft-card post-teft-card\">\n\t\t<a href=\"https:\/\/hoyre.no\/austevoll\/aktuelt\/rutetilbodet-ma-held-folgje-med-samfunnsutviklinga\/\" class=\"teft-card__primary-action\">\n\n\t\t\t\t\t<div class=\"teft-card__media teft-card__media--16-9\">\n\t\t\t\t\t\t<img loading=\"lazy\" decoding=\"async\" width=\"768\" height=\"768\" src=\"https:\/\/hoyre.no\/content\/uploads\/sites\/350\/2023\/08\/IMG_3743-768x768.jpg\" class=\"attachment-medium_large size-medium_large\" alt=\"\" srcset=\"https:\/\/hoyre.no\/content\/uploads\/sites\/350\/2023\/08\/IMG_3743-768x768.jpg 768w, https:\/\/hoyre.no\/content\/uploads\/sites\/350\/2023\/08\/IMG_3743-300x300.jpg 300w, https:\/\/hoyre.no\/content\/uploads\/sites\/350\/2023\/08\/IMG_3743-1024x1024.jpg 1024w, https:\/\/hoyre.no\/content\/uploads\/sites\/350\/2023\/08\/IMG_3743-150x150.jpg 150w, https:\/\/hoyre.no\/content\/uploads\/sites\/350\/2023\/08\/IMG_3743-1536x1536.jpg 1536w, https:\/\/hoyre.no\/content\/uploads\/sites\/350\/2023\/08\/IMG_3743-2048x2048.jpg 2048w\" sizes=\"auto, (max-width: 768px) 100vw, 768px\" \/>\t\t<\/div>\n\t\t\n\t\t\t<div class=\"teft-card__content-wrapper\">\n\t\t\t\t<div class=\"teft-card__secondary\">\n\t\t\t\t\t\n\t\t\t\t\t\t\t\t<div class=\"teft-card__meta\">\n\t\t\t\t\t\t\t\t\t<span class=\"post-date\">16. aug 2023<\/span>\n\n\t\t\t\t\t\t\t\t\t\t\t\t\t\t\t\t\t<\/div>\n\t\t\t\t\t\t\t\t\t\t\t<\/div>\n\n\t\t\t\t<div class=\"teft-card__primary\">\n\t\t\t\t\t<h2 class=\"teft-card__title\">Rutetilbodet m\u00e5 halde f\u00f8lgje med utviklinga&nbsp;<span class=\"teft-card__primary-title-append\"><\/span><\/h2>\t\t\t\t<\/div>\n\t\t\t<\/div>\n\t\t<\/a>\n\t<\/div>\n\n\t<\/div><\/div>\t<\/div>\n<\/div>\n","protected":false},"excerpt":{"rendered":"","protected":false},"author":18371,"featured_media":0,"comment_status":"closed","ping_status":"closed","sticky":false,"template":"","format":"standard","meta":{"teft_cards_image_url":"","teft_cards_custom_pretitle":"","teft_cards_image_id":0,"teft_cards_image_focal_point_x":0,"teft_cards_image_focal_point_y":0,"teft_cards_title":"","teft_cards_excerpt":"","teft_show_chapters":false,"author_display_name":"","footnotes":""},"category":[1],"post_tag":[],"hoyre-visibility":[],"article-type":[],"politician":[],"class_list":["post-972","post","type-post","status-publish","format-standard","hentry","category-nyheiter"],"yoast_head":"<!-- This site is optimized with the Yoast SEO plugin v26.6 - https:\/\/yoast.com\/wordpress\/plugins\/seo\/ -->\n<title>Kunngjering - Austevoll H\u00f8gre<\/title>\n<meta name=\"robots\" content=\"index, follow, max-snippet:-1, max-image-preview:large, max-video-preview:-1\" \/>\n<link rel=\"canonical\" href=\"https:\/\/hoyre.no\/austevoll\/aktuelt\/kunngjering\/\" \/>\n<meta property=\"og:locale\" content=\"nn_NO\" \/>\n<meta property=\"og:type\" content=\"article\" \/>\n<meta property=\"og:title\" content=\"Kunngjering - Austevoll H\u00f8gre\" \/>\n<meta property=\"og:url\" content=\"https:\/\/hoyre.no\/austevoll\/aktuelt\/kunngjering\/\" \/>\n<meta property=\"og:site_name\" content=\"Austevoll H\u00f8gre\" \/>\n<meta property=\"article:published_time\" content=\"2026-04-20T06:23:56+00:00\" \/>\n<meta property=\"article:modified_time\" content=\"2026-04-20T06:32:03+00:00\" \/>\n<meta property=\"og:image\" content=\"https:\/\/hoyre.no\/content\/uploads\/sites\/350\/2023\/08\/IMG_3743-1024x1024.jpg\" \/>\n<meta name=\"author\" content=\"Mons-Ove Hauge\" \/>\n<meta name=\"twitter:card\" content=\"summary_large_image\" \/>\n<meta name=\"twitter:label1\" content=\"Written by\" \/>\n\t<meta name=\"twitter:data1\" content=\"Mons-Ove Hauge\" \/>\n\t<meta name=\"twitter:label2\" content=\"Est. reading time\" \/>\n\t<meta name=\"twitter:data2\" content=\"2 minutt\" \/>\n<script type=\"application\/ld+json\" class=\"yoast-schema-graph\">{\"@context\":\"https:\/\/schema.org\",\"@graph\":[{\"@type\":\"NewsArticle\",\"@id\":\"https:\/\/hoyre.no\/austevoll\/aktuelt\/kunngjering\/\",\"url\":\"https:\/\/hoyre.no\/austevoll\/aktuelt\/kunngjering\/\",\"name\":\"Kunngjering - Austevoll H\u00f8gre\",\"isPartOf\":{\"@id\":\"https:\/\/hoyre.no\/austevoll\/#website\"},\"image\":{\"@id\":\"https:\/\/hoyre.no\/austevoll\/aktuelt\/kunngjering\/#primaryimage\"},\"thumbnailUrl\":\"https:\/\/hoyre.no\/content\/uploads\/sites\/350\/2023\/05\/9AD3D0D9-F4C8-40B3-89C1-77268FF795A0-683x1024.jpeg\",\"datePublished\":\"2026-04-20T06:23:56+00:00\",\"dateModified\":\"2026-04-20T06:32:03+00:00\",\"author\":{\"@id\":\"https:\/\/hoyre.no\/austevoll\/#\/schema\/person\/689c851108091e88618b6c361baae0f9\"},\"breadcrumb\":{\"@id\":\"https:\/\/hoyre.no\/austevoll\/aktuelt\/kunngjering\/#breadcrumb\"},\"inLanguage\":\"nn-NO\",\"potentialAction\":[{\"@type\":\"ReadAction\",\"target\":[\"https:\/\/hoyre.no\/austevoll\/aktuelt\/kunngjering\/\"]}]},{\"@type\":\"ImageObject\",\"inLanguage\":\"nn-NO\",\"@id\":\"https:\/\/hoyre.no\/austevoll\/aktuelt\/kunngjering\/#primaryimage\",\"url\":\"https:\/\/hoyre.no\/content\/uploads\/sites\/350\/2023\/05\/9AD3D0D9-F4C8-40B3-89C1-77268FF795A0-683x1024.jpeg\",\"contentUrl\":\"https:\/\/hoyre.no\/content\/uploads\/sites\/350\/2023\/05\/9AD3D0D9-F4C8-40B3-89C1-77268FF795A0-683x1024.jpeg\"},{\"@type\":\"BreadcrumbList\",\"@id\":\"https:\/\/hoyre.no\/austevoll\/aktuelt\/kunngjering\/#breadcrumb\",\"itemListElement\":[{\"@type\":\"ListItem\",\"position\":1,\"name\":\"Til hoyre.no\",\"item\":\"https:\/\/hoyre.no\"},{\"@type\":\"ListItem\",\"position\":2,\"name\":\"Hjem\",\"item\":\"https:\/\/hoyre.no\/austevoll\/\"},{\"@type\":\"ListItem\",\"position\":3,\"name\":\"Kunngjering\"}]},{\"@type\":\"WebSite\",\"@id\":\"https:\/\/hoyre.no\/austevoll\/#website\",\"url\":\"https:\/\/hoyre.no\/austevoll\/\",\"name\":\"Austevoll H\u00f8gre\",\"description\":\"Bare enda et H\u00f8yres nettsteder-nettsted\",\"inLanguage\":\"nn-NO\"},{\"@type\":\"Person\",\"@id\":\"https:\/\/hoyre.no\/austevoll\/#\/schema\/person\/689c851108091e88618b6c361baae0f9\",\"name\":\"Mons-Ove Hauge\",\"image\":{\"@type\":\"ImageObject\",\"inLanguage\":\"nn-NO\",\"@id\":\"https:\/\/hoyre.no\/austevoll\/#\/schema\/person\/image\/\",\"url\":\"https:\/\/secure.gravatar.com\/avatar\/b9f13c6eef03ae57ebe4374ff0a1f793f794445015f26063b0b736c646cbb1bd?s=96&d=mm&r=g\",\"contentUrl\":\"https:\/\/secure.gravatar.com\/avatar\/b9f13c6eef03ae57ebe4374ff0a1f793f794445015f26063b0b736c646cbb1bd?s=96&d=mm&r=g\",\"caption\":\"Mons-Ove Hauge\"},\"url\":\"https:\/\/hoyre.no\/austevoll\/aktuelt\/author\/m50511351\/\"}]}<\/script>\n<!-- \/ Yoast SEO plugin. -->","yoast_head_json":{"title":"Kunngjering - Austevoll H\u00f8gre","robots":{"index":"index","follow":"follow","max-snippet":"max-snippet:-1","max-image-preview":"max-image-preview:large","max-video-preview":"max-video-preview:-1"},"canonical":"https:\/\/hoyre.no\/austevoll\/aktuelt\/kunngjering\/","og_locale":"nn_NO","og_type":"article","og_title":"Kunngjering - Austevoll H\u00f8gre","og_url":"https:\/\/hoyre.no\/austevoll\/aktuelt\/kunngjering\/","og_site_name":"Austevoll H\u00f8gre","article_published_time":"2026-04-20T06:23:56+00:00","article_modified_time":"2026-04-20T06:32:03+00:00","og_image":[{"url":"https:\/\/hoyre.no\/content\/uploads\/sites\/350\/2023\/08\/IMG_3743-1024x1024.jpg","width":"","height":"","type":""}],"author":"Mons-Ove Hauge","twitter_card":"summary_large_image","twitter_misc":{"Written by":"Mons-Ove Hauge","Est. reading time":"2 minutt"},"schema":{"@context":"https:\/\/schema.org","@graph":[{"@type":"NewsArticle","@id":"https:\/\/hoyre.no\/austevoll\/aktuelt\/kunngjering\/","url":"https:\/\/hoyre.no\/austevoll\/aktuelt\/kunngjering\/","name":"Kunngjering - Austevoll H\u00f8gre","isPartOf":{"@id":"https:\/\/hoyre.no\/austevoll\/#website"},"image":{"@id":"https:\/\/hoyre.no\/austevoll\/aktuelt\/kunngjering\/#primaryimage"},"thumbnailUrl":"https:\/\/hoyre.no\/content\/uploads\/sites\/350\/2023\/05\/9AD3D0D9-F4C8-40B3-89C1-77268FF795A0-683x1024.jpeg","datePublished":"2026-04-20T06:23:56+00:00","dateModified":"2026-04-20T06:32:03+00:00","author":{"@id":"https:\/\/hoyre.no\/austevoll\/#\/schema\/person\/689c851108091e88618b6c361baae0f9"},"breadcrumb":{"@id":"https:\/\/hoyre.no\/austevoll\/aktuelt\/kunngjering\/#breadcrumb"},"inLanguage":"nn-NO","potentialAction":[{"@type":"ReadAction","target":["https:\/\/hoyre.no\/austevoll\/aktuelt\/kunngjering\/"]}]},{"@type":"ImageObject","inLanguage":"nn-NO","@id":"https:\/\/hoyre.no\/austevoll\/aktuelt\/kunngjering\/#primaryimage","url":"https:\/\/hoyre.no\/content\/uploads\/sites\/350\/2023\/05\/9AD3D0D9-F4C8-40B3-89C1-77268FF795A0-683x1024.jpeg","contentUrl":"https:\/\/hoyre.no\/content\/uploads\/sites\/350\/2023\/05\/9AD3D0D9-F4C8-40B3-89C1-77268FF795A0-683x1024.jpeg"},{"@type":"BreadcrumbList","@id":"https:\/\/hoyre.no\/austevoll\/aktuelt\/kunngjering\/#breadcrumb","itemListElement":[{"@type":"ListItem","position":1,"name":"Til hoyre.no","item":"https:\/\/hoyre.no"},{"@type":"ListItem","position":2,"name":"Hjem","item":"https:\/\/hoyre.no\/austevoll\/"},{"@type":"ListItem","position":3,"name":"Kunngjering"}]},{"@type":"WebSite","@id":"https:\/\/hoyre.no\/austevoll\/#website","url":"https:\/\/hoyre.no\/austevoll\/","name":"Austevoll H\u00f8gre","description":"Bare enda et H\u00f8yres nettsteder-nettsted","inLanguage":"nn-NO"},{"@type":"Person","@id":"https:\/\/hoyre.no\/austevoll\/#\/schema\/person\/689c851108091e88618b6c361baae0f9","name":"Mons-Ove Hauge","image":{"@type":"ImageObject","inLanguage":"nn-NO","@id":"https:\/\/hoyre.no\/austevoll\/#\/schema\/person\/image\/","url":"https:\/\/secure.gravatar.com\/avatar\/b9f13c6eef03ae57ebe4374ff0a1f793f794445015f26063b0b736c646cbb1bd?s=96&d=mm&r=g","contentUrl":"https:\/\/secure.gravatar.com\/avatar\/b9f13c6eef03ae57ebe4374ff0a1f793f794445015f26063b0b736c646cbb1bd?s=96&d=mm&r=g","caption":"Mons-Ove Hauge"},"url":"https:\/\/hoyre.no\/austevoll\/aktuelt\/author\/m50511351\/"}]}},"distributor_meta":false,"distributor_terms":false,"distributor_media":false,"distributor_original_site_name":"Austevoll H\u00f8gre","distributor_original_site_url":"https:\/\/hoyre.no\/austevoll","push-errors":false,"_links":{"self":[{"href":"https:\/\/hoyre.no\/austevoll\/wp-json\/wp\/v2\/posts\/972","targetHints":{"allow":["GET"]}}],"collection":[{"href":"https:\/\/hoyre.no\/austevoll\/wp-json\/wp\/v2\/posts"}],"about":[{"href":"https:\/\/hoyre.no\/austevoll\/wp-json\/wp\/v2\/types\/post"}],"author":[{"embeddable":true,"href":"https:\/\/hoyre.no\/austevoll\/wp-json\/wp\/v2\/users\/18371"}],"replies":[{"embeddable":true,"href":"https:\/\/hoyre.no\/austevoll\/wp-json\/wp\/v2\/comments?post=972"}],"version-history":[{"count":3,"href":"https:\/\/hoyre.no\/austevoll\/wp-json\/wp\/v2\/posts\/972\/revisions"}],"predecessor-version":[{"id":977,"href":"https:\/\/hoyre.no\/austevoll\/wp-json\/wp\/v2\/posts\/972\/revisions\/977"}],"wp:attachment":[{"href":"https:\/\/hoyre.no\/austevoll\/wp-json\/wp\/v2\/media?parent=972"}],"wp:term":[{"taxonomy":"category","embeddable":true,"href":"https:\/\/hoyre.no\/austevoll\/wp-json\/wp\/v2\/category?post=972"},{"taxonomy":"post_tag","embeddable":true,"href":"https:\/\/hoyre.no\/austevoll\/wp-json\/wp\/v2\/post_tag?post=972"},{"taxonomy":"hoyre-visibility","embeddable":true,"href":"https:\/\/hoyre.no\/austevoll\/wp-json\/wp\/v2\/hoyre-visibility?post=972"},{"taxonomy":"article-type","embeddable":true,"href":"https:\/\/hoyre.no\/austevoll\/wp-json\/wp\/v2\/article-type?post=972"},{"taxonomy":"politician","embeddable":true,"href":"https:\/\/hoyre.no\/austevoll\/wp-json\/wp\/v2\/politician?post=972"}],"curies":[{"name":"wp","href":"https:\/\/api.w.org\/{rel}","templated":true}]}}