{"id":100,"date":"2017-03-07T23:00:00","date_gmt":"2017-03-07T22:00:00","guid":{"rendered":"https:\/\/hoyre.no\/baerum\/aktuelt\/hvem-bestemmer-egent\/"},"modified":"2017-03-07T23:00:00","modified_gmt":"2017-03-07T22:00:00","slug":"hvem-bestemmer-egent","status":"publish","type":"post","link":"https:\/\/hoyre.no\/baerum\/aktuelt\/hvem-bestemmer-egent\/","title":{"rendered":"Hvem bestemmer egentlig over foreldrepermisjon?"},"content":{"rendered":"<p class=\"preamble\">Tar familiene valgene fritt eller p\u00e5virkes vi av andre i v\u00e5r krets. Hva betyr strukturer og betingelser, kultur og tradisjoner som vi m\u00e5 forholde oss til for v\u00e5re valg?<\/p>\t\t\t<div class=\"post-meta wp-block teft-byline-wrapper\">\n\t\t\t\t<div class=\"top\">\n\t\t\t\t\t<div class=\"signature\">\n\t\t\t\t\t\t<div class=\"teft-byline\">\n\t\t\t\t\t\t\t\t\t\t\t\t\t\t<div>\n\t\t\t\t\t\t\t\t<h3>H\u00f8yres redaksjon<\/h3>\t\t\t\t\t\t\t\t\n\t\t\t\t\t\t\t\t\t\t\t\t\t\t\t\t\t<span class=\"date\">Sist oppdatert: 7. mars 2017<\/span>\n\t\t\t\t\t\t\t\t\t\t\t\t\t\t\t\t\t\t\t\t\t\t\t\t\t<span class=\"reading-time\" itemprop=\"timeRequired\" content=\"PT3M\"><em>Ca. 3 minutter lesetid<\/em><\/span>\n\t\t\t\t\t\t\t\t\t\t\t\t\t\t\t<\/div>\n\t\t\t\t\t\t<\/div>\n\t\t\t\t\t<\/div>\n\t\t\t\t\t\t<div class=\"sharing\">\n\t\t<a class=\"share-button share-link copy-link\" data-copy=\"https:\/\/hoyre.no\/baerum\/aktuelt\/hvem-bestemmer-egent\/\" target=\"_blank\"><span class=\"screen-reader-text\">Del link<\/span><\/a>\n\t\t<a class=\"share-button share-twitter\" href=\"http:\/\/twitter.com\/share?text=Hvem bestemmer egentlig over foreldrepermisjon?&#038;url=https:\/\/hoyre.no\/baerum\/aktuelt\/hvem-bestemmer-egent\/&#038;hashtags=Hoyre\" target=\"_blank\"><span class=\"screen-reader-text\">Del p\u00e5 twitter<\/span><\/a>\n\t\t<a class=\"share-button share-facebook\" href=\"https:\/\/www.facebook.com\/sharer\/sharer.php?u=https:\/\/hoyre.no\/baerum\/aktuelt\/hvem-bestemmer-egent\/\" target=\"_blank\"><span class=\"screen-reader-text\">Del p\u00e5 facebook<\/span><\/a>\n\t<\/div>\n\t\t\t\t\t<\/div>\n\t\t\t<\/div>\n\n\t\t\t<figure class=\"hoyre-image-wrapper\"><div class=\"hoyre-image\"><img loading=\"lazy\" decoding=\"async\" width=\"1230\" height=\"750\" src=\"https:\/\/hoyre.no\/content\/uploads\/sites\/200\/2020\/11\/barn-som-leier_1.jpg\" class=\"attachment-scaled size-scaled\" alt=\"\" style=\"object-position: 50% 50%\" srcset=\"https:\/\/hoyre.no\/content\/uploads\/sites\/200\/2020\/11\/barn-som-leier_1.jpg 1230w, https:\/\/hoyre.no\/content\/uploads\/sites\/200\/2020\/11\/barn-som-leier_1-300x183.jpg 300w, https:\/\/hoyre.no\/content\/uploads\/sites\/200\/2020\/11\/barn-som-leier_1-1024x624.jpg 1024w, https:\/\/hoyre.no\/content\/uploads\/sites\/200\/2020\/11\/barn-som-leier_1-768x468.jpg 768w\" sizes=\"auto, (max-width: 1230px) 100vw, 1230px\" \/><\/div><\/figure><div id=\"hoyre-old-article-content-wrapper\"><p> Vi dr\u00f8mmer om en fremtid der det ikke er n\u00f8dvendig \u00e5 \u00f8remerke deler av permisjonsperioden, men det er langt igjen til vi kommer dit. Vi mener at det er minst tre sterke stemmer i hvordan permisjonen fordeles; mor, far og arbeidsgiver.<\/p><p><\/p><p>Det er alltid flere hensyn \u00e5 ta. Skal vi leve sammen med andre m\u00e5 vi tilpasse oss. Skal vi ha en jobb m\u00e5 vi respektere visse rammebetingelser. V\u00e5re valg er til enhver tid resultat av en lang rekke kompromisser.<\/p><p><\/p><p>Fedre i Asker &#038;&#038; B\u00e6rum tok i snitt ut rett over \u00e5tte uker permisjon i fjor (NAV 09.2016), selv om ti uker er \u00f8remerket far. Men hvorfor tar de ikke mer? Det er jo en stor fellespott som kan deles fritt mellom foreldrene. V\u00e5r hypotese er at det er flere enn far som p\u00e5virker antall uker som tilfaller han.<\/p><p><\/p><p>Fedre har lovfestet rett til \u00e5 v\u00e6re hjemme med barna sine, men det er ikke s\u00e5 enkelt. Det er fortsatt mange arbeidsgivere i privat sektor som misliker permisjon og ikke tilrettelegger for uttak. Her ser vi at arbeidsgiver har en avgj\u00f8rende rolle. Dette kan gj\u00f8re det upopul\u00e6rt, vanskelig eller umulig for far \u00e5 ta ut sin del av kvoten. At far skal v\u00e6re hjemme \u00e5 \u2018amme\u2019 blir fortsatt sett ned p\u00e5 av b\u00e5de arbeidsgivere og kolleger. Men med dagens ordning med \u00f8remerket permisjon, har fedrene et pressmiddel overfor arbeidsgiver fordi familien mister pappaukene om ikke far benytter seg av dem.<\/p><p><\/p><p>I privat n\u00e6ringsliv er det en del ledere som unng\u00e5r dette ved  \u00e5 p\u00e5virke arbeidstakeren til \u00e5 ikke ta permisjon. Metodene kan v\u00e6re sm\u00e5 hint om hvor vanskelig det blir hvis han tar pappaperm. De kan etablere en kultur for at: \u201dHos oss har ingen pappaperm!\u201d  \u201dVi kan ikke ha ansatte i pappaperm. Da svekkes v\u00e5r konkurranseevne\u201d. eller mer personlige budskap som fremf\u00f8res under fire \u00f8yne:<\/p><p>\u201dDersom du tar pappaperm \u00f8delegger du karrierel\u00f8pet ditt\u201d.   <\/p><p>Eller: \u201dLederjobben blir ikke din om du tar pappaperm.\u201d Noen arbeidsgivere betaler ogs\u00e5 for at far ikke skal ta permisjon.<\/p><p><\/p><p>Ved \u00e5 \u00f8remerke fars permisjonsrett, vil det gradvis etablere seg en ny kultur i samfunnet for at fedre ogs\u00e5 selvf\u00f8lgelig skal ha foreldrepermisjon. N\u00e5r denne loven er like etablert som r\u00f8ykeloven, kan man fjerne \u00f8remerkingen. F\u00f8rst da kan man hevde \u00e5 v\u00e6re i n\u00e6rheten av frie valg for foreldrene.<\/p><p><\/p><p>Men p\u00e5 selveste Kvinnedagen vil vi ogs\u00e5 sende en oppfordring til alle m\u00f8dre \u2013 still deg sp\u00f8rsm\u00e5let om du er villig til \u00e5 dele? Tenk igjennom hvilke fordeler det har for barnet, for far, for deg og for samfunnet. Det b\u00f8r ikke v\u00e6re en selvf\u00f8lge at mor skal ha hele fellesdelen \u2013 som faktisk utgj\u00f8r 29 eller 39 uker avhengig av dekningsgraden. Her er det allerede store muligheter for valgfrihet og muligheter for far til \u00e5 f\u00e5 god kontakt med barnet sitt helt fra starten.<\/p><p><\/p><p>Vi skj\u00f8nner godt at nybakte m\u00f8dre vil v\u00e6re hjemme med babyene sine &#8211; b\u00e5de fordi kvinnen m\u00e5 komme seg etter f\u00f8dselen, det er hun som ammer, og dessuten er det fantastisk koselig. Men med den rause permisjonsordningen vi har i Norge, synes vi at vi skal unne dette godet ogs\u00e5 til far og samtidig forsikre oss om at ogs\u00e5 han f\u00e5r oppleve noen magiske, slitsomme, l\u00e6rerike, utfordrende og morsomme uker hjemme sammen med barnet sitt.<\/p><p><\/p><p>Det vil bidra til et mer likestilt arbeidsmarked der kj\u00f8nn vil spille en mindre viktig rolle i ansettelser, l\u00f8nnsforhandlinger og forfremmelser til lederstillinger. I tillegg er dette et likestillingsfremmende virkemiddel i hjemmet som er med p\u00e5 \u00e5 sidestille mor og far.<\/p><p><\/p><p>Vi vil derfor bidra til at H\u00f8yres Landsm\u00f8te til helgen vedtar \u00e5 opprettholde minst 10 ukers \u00f8remerket permisjonsrett for fedre.<\/p><p><\/p><p>Kathrine Zeiner-Gundersen<\/p><p>Leder Akershus H\u00f8yres kvinneforum<\/p><p><\/p><p>Hilde Hvaal Durban<\/p><p>Kommunestyrerepresentant og Stortingskandidat for H\u00f8yre<\/p><p><br \/><\/p><\/div>\n<div class=\"tags\">\n\t<\/div>\n<div class=\"post-footer alignfull has-background block-editor-block-list__block\" data-align=full>\n\t<div class=\"post-footer-inner\">\n\t\t<h3>Relaterte artikler<\/h3>\n\t\t<div class=\"related-content\"><div class=\"is-card-hoyre\">\n\t<div class=\"teft-card hoyre-teft-card post-teft-card\">\n\t\t<a href=\"https:\/\/hoyre.no\/baerum\/aktuelt\/nominasjon-i-baerum-hoyre-3\/\" class=\"teft-card__primary-action\">\n\n\t\t\t\t\t<div class=\"teft-card__media teft-card__media--16-9\">\n\t\t\t\t\t\t<img loading=\"lazy\" decoding=\"async\" width=\"768\" height=\"512\" src=\"https:\/\/hoyre.no\/content\/uploads\/sites\/200\/2025\/11\/Trine-Lise-Foto-CF-Wesenberg-red-768x512.jpg\" class=\"attachment-medium_large size-medium_large\" alt=\"\" srcset=\"https:\/\/hoyre.no\/content\/uploads\/sites\/200\/2025\/11\/Trine-Lise-Foto-CF-Wesenberg-red-768x512.jpg 768w, https:\/\/hoyre.no\/content\/uploads\/sites\/200\/2025\/11\/Trine-Lise-Foto-CF-Wesenberg-red-300x200.jpg 300w, https:\/\/hoyre.no\/content\/uploads\/sites\/200\/2025\/11\/Trine-Lise-Foto-CF-Wesenberg-red-1024x683.jpg 1024w, https:\/\/hoyre.no\/content\/uploads\/sites\/200\/2025\/11\/Trine-Lise-Foto-CF-Wesenberg-red.jpg 1200w\" sizes=\"auto, (max-width: 768px) 100vw, 768px\" \/>\t\t<\/div>\n\t\t\n\t\t\t<div class=\"teft-card__content-wrapper\">\n\t\t\t\t<div class=\"teft-card__secondary\">\n\t\t\t\t\t\n\t\t\t\t\t\t\t\t<div class=\"teft-card__meta\">\n\t\t\t\t\t\t\t\t\t<span class=\"post-date\">9. apr 2026<\/span>\n\n\t\t\t\t\t\t\t\t\t<span class=\"post-category\">Nyheter<\/span>\t\t\t\t\t\t\t\t<\/div>\n\t\t\t\t\t\t\t\t\t\t\t<\/div>\n\n\t\t\t\t<div class=\"teft-card__primary\">\n\t\t\t\t\t<h2 class=\"teft-card__title\">Nominasjon i B\u00e6rum H\u00f8yre&nbsp;<span class=\"teft-card__primary-title-append\"><\/span><\/h2>\t\t\t\t<\/div>\n\t\t\t<\/div>\n\t\t<\/a>\n\t<\/div>\n\n\t<\/div><div class=\"is-card-hoyre\">\n\t<div class=\"teft-card hoyre-teft-card post-teft-card\">\n\t\t<a href=\"https:\/\/hoyre.no\/baerum\/aktuelt\/dagtilbudet-skal-vaere-trygt-godt-og-meningsfullt\/\" class=\"teft-card__primary-action\">\n\n\t\t\t\t\t<div class=\"teft-card__media teft-card__media--16-9\">\n\t\t\t\t\t\t<img loading=\"lazy\" decoding=\"async\" width=\"768\" height=\"511\" src=\"https:\/\/hoyre.no\/content\/uploads\/sites\/200\/2025\/12\/Wenche-Steen-og-Haakon-Sandven-768x511.jpg\" class=\"attachment-medium_large size-medium_large\" alt=\"\" srcset=\"https:\/\/hoyre.no\/content\/uploads\/sites\/200\/2025\/12\/Wenche-Steen-og-Haakon-Sandven-768x511.jpg 768w, https:\/\/hoyre.no\/content\/uploads\/sites\/200\/2025\/12\/Wenche-Steen-og-Haakon-Sandven-300x200.jpg 300w, https:\/\/hoyre.no\/content\/uploads\/sites\/200\/2025\/12\/Wenche-Steen-og-Haakon-Sandven.jpg 944w\" sizes=\"auto, (max-width: 768px) 100vw, 768px\" \/>\t\t<\/div>\n\t\t\n\t\t\t<div class=\"teft-card__content-wrapper\">\n\t\t\t\t<div class=\"teft-card__secondary\">\n\t\t\t\t\t\n\t\t\t\t\t\t\t\t<div class=\"teft-card__meta\">\n\t\t\t\t\t\t\t\t\t<span class=\"post-date\">25. apr 2026<\/span>\n\n\t\t\t\t\t\t\t\t\t<span class=\"post-category\">Nyheter<\/span>\t\t\t\t\t\t\t\t<\/div>\n\t\t\t\t\t\t\t\t\t\t\t<\/div>\n\n\t\t\t\t<div class=\"teft-card__primary\">\n\t\t\t\t\t<h2 class=\"teft-card__title\">Dagtilbudet skal v\u00e6re trygt, godt og meningsfullt&nbsp;<span class=\"teft-card__primary-title-append\"><\/span><\/h2>\t\t\t\t<\/div>\n\t\t\t<\/div>\n\t\t<\/a>\n\t<\/div>\n\n\t<\/div><div class=\"is-card-hoyre\">\n\t<div class=\"teft-card hoyre-teft-card post-teft-card\">\n\t\t<a href=\"https:\/\/hoyre.no\/baerum\/aktuelt\/mer-idrettsglede-til-barn-og-unge\/\" class=\"teft-card__primary-action\">\n\n\t\t\t\t\t<div class=\"teft-card__media teft-card__media--16-9\">\n\t\t\t\t\t\t<img loading=\"lazy\" decoding=\"async\" width=\"768\" height=\"1024\" src=\"https:\/\/hoyre.no\/content\/uploads\/sites\/200\/2026\/04\/Trine-Lise-Ostlund-Blime-idrett-privat-768x1024.jpg\" class=\"attachment-medium_large size-medium_large\" alt=\"\" srcset=\"https:\/\/hoyre.no\/content\/uploads\/sites\/200\/2026\/04\/Trine-Lise-Ostlund-Blime-idrett-privat-768x1024.jpg 768w, https:\/\/hoyre.no\/content\/uploads\/sites\/200\/2026\/04\/Trine-Lise-Ostlund-Blime-idrett-privat-225x300.jpg 225w, https:\/\/hoyre.no\/content\/uploads\/sites\/200\/2026\/04\/Trine-Lise-Ostlund-Blime-idrett-privat.jpg 900w\" sizes=\"auto, (max-width: 768px) 100vw, 768px\" \/>\t\t<\/div>\n\t\t\n\t\t\t<div class=\"teft-card__content-wrapper\">\n\t\t\t\t<div class=\"teft-card__secondary\">\n\t\t\t\t\t\n\t\t\t\t\t\t\t\t<div class=\"teft-card__meta\">\n\t\t\t\t\t\t\t\t\t<span class=\"post-date\">20. apr 2026<\/span>\n\n\t\t\t\t\t\t\t\t\t<span class=\"post-category\">Nyheter<\/span>\t\t\t\t\t\t\t\t<\/div>\n\t\t\t\t\t\t\t\t\t\t\t<\/div>\n\n\t\t\t\t<div class=\"teft-card__primary\">\n\t\t\t\t\t<h2 class=\"teft-card__title\">Mer idrettsglede til barn og unge&nbsp;<span class=\"teft-card__primary-title-append\"><\/span><\/h2>\t\t\t\t<\/div>\n\t\t\t<\/div>\n\t\t<\/a>\n\t<\/div>\n\n\t<\/div><\/div>\t<\/div>\n<\/div>\n","protected":false},"excerpt":{"rendered":"","protected":false},"author":0,"featured_media":0,"comment_status":"closed","ping_status":"closed","sticky":false,"template":"","format":"standard","meta":{"teft_cards_image_url":"https:\/\/hoyre.no\/content\/uploads\/sites\/200\/2020\/11\/barn-som-leier_1.jpg","teft_cards_custom_pretitle":"","teft_cards_image_id":99,"teft_cards_image_focal_point_x":0,"teft_cards_image_focal_point_y":0,"teft_cards_title":"","teft_cards_excerpt":"","teft_show_chapters":false,"author_display_name":"Kathrine Zeiner-Gundersen, leder Akershus H\u00f8yres kvinneforum og  Hilde Hvaal Durban, kommunestyrerepresentant og stortingskandidat","footnotes":""},"category":[1],"post_tag":[],"hoyre-visibility":[],"article-type":[],"politician":[],"class_list":["post-100","post","type-post","status-publish","format-standard","hentry","category-ukategorisert"],"yoast_head":"<!-- This site is optimized with the Yoast SEO plugin v26.6 - https:\/\/yoast.com\/wordpress\/plugins\/seo\/ -->\n<title>Hvem bestemmer egentlig over foreldrepermisjon? - B\u00e6rum H\u00f8yre<\/title>\n<meta name=\"robots\" content=\"index, follow, max-snippet:-1, max-image-preview:large, max-video-preview:-1\" \/>\n<link rel=\"canonical\" href=\"https:\/\/hoyre.no\/baerum\/aktuelt\/hvem-bestemmer-egent\/\" \/>\n<meta property=\"og:locale\" content=\"nb_NO\" \/>\n<meta property=\"og:type\" content=\"article\" \/>\n<meta property=\"og:title\" content=\"Hvem bestemmer egentlig over foreldrepermisjon? - B\u00e6rum H\u00f8yre\" \/>\n<meta property=\"og:url\" content=\"https:\/\/hoyre.no\/baerum\/aktuelt\/hvem-bestemmer-egent\/\" \/>\n<meta property=\"og:site_name\" content=\"B\u00e6rum H\u00f8yre\" \/>\n<meta property=\"article:published_time\" content=\"2017-03-07T22:00:00+00:00\" \/>\n<meta property=\"og:image\" content=\"https:\/\/hoyre.no\/content\/uploads\/sites\/200\/2026\/04\/Trine-Lise-Ostlund-Blime-priv-red.jpg\" \/>\n<meta name=\"twitter:card\" content=\"summary_large_image\" \/>\n<meta name=\"twitter:label1\" content=\"Ansl. lesetid\" \/>\n\t<meta name=\"twitter:data1\" content=\"3 minutter\" \/>\n<script type=\"application\/ld+json\" class=\"yoast-schema-graph\">{\"@context\":\"https:\/\/schema.org\",\"@graph\":[{\"@type\":\"NewsArticle\",\"@id\":\"https:\/\/hoyre.no\/baerum\/aktuelt\/hvem-bestemmer-egent\/\",\"url\":\"https:\/\/hoyre.no\/baerum\/aktuelt\/hvem-bestemmer-egent\/\",\"name\":\"Hvem bestemmer egentlig over foreldrepermisjon? - B\u00e6rum H\u00f8yre\",\"isPartOf\":{\"@id\":\"https:\/\/hoyre.no\/baerum\/#website\"},\"datePublished\":\"2017-03-07T22:00:00+00:00\",\"author\":{\"@id\":\"\"},\"breadcrumb\":{\"@id\":\"https:\/\/hoyre.no\/baerum\/aktuelt\/hvem-bestemmer-egent\/#breadcrumb\"},\"inLanguage\":\"nb-NO\",\"potentialAction\":[{\"@type\":\"ReadAction\",\"target\":[\"https:\/\/hoyre.no\/baerum\/aktuelt\/hvem-bestemmer-egent\/\"]}]},{\"@type\":\"BreadcrumbList\",\"@id\":\"https:\/\/hoyre.no\/baerum\/aktuelt\/hvem-bestemmer-egent\/#breadcrumb\",\"itemListElement\":[{\"@type\":\"ListItem\",\"position\":1,\"name\":\"Til hoyre.no\",\"item\":\"https:\/\/hoyre.no\"},{\"@type\":\"ListItem\",\"position\":2,\"name\":\"Hjem\",\"item\":\"https:\/\/hoyre.no\/baerum\/\"},{\"@type\":\"ListItem\",\"position\":3,\"name\":\"Hvem bestemmer egentlig over foreldrepermisjon?\"}]},{\"@type\":\"WebSite\",\"@id\":\"https:\/\/hoyre.no\/baerum\/#website\",\"url\":\"https:\/\/hoyre.no\/baerum\/\",\"name\":\"B\u00e6rum H\u00f8yre\",\"description\":\"Bare enda et H\u00f8yres nettsteder-nettsted\",\"inLanguage\":\"nb-NO\"}]}<\/script>\n<!-- \/ Yoast SEO plugin. -->","yoast_head_json":{"title":"Hvem bestemmer egentlig over foreldrepermisjon? - B\u00e6rum H\u00f8yre","robots":{"index":"index","follow":"follow","max-snippet":"max-snippet:-1","max-image-preview":"max-image-preview:large","max-video-preview":"max-video-preview:-1"},"canonical":"https:\/\/hoyre.no\/baerum\/aktuelt\/hvem-bestemmer-egent\/","og_locale":"nb_NO","og_type":"article","og_title":"Hvem bestemmer egentlig over foreldrepermisjon? - B\u00e6rum H\u00f8yre","og_url":"https:\/\/hoyre.no\/baerum\/aktuelt\/hvem-bestemmer-egent\/","og_site_name":"B\u00e6rum H\u00f8yre","article_published_time":"2017-03-07T22:00:00+00:00","og_image":[{"url":"https:\/\/hoyre.no\/content\/uploads\/sites\/200\/2026\/04\/Trine-Lise-Ostlund-Blime-priv-red.jpg","width":"","height":"","type":""}],"twitter_card":"summary_large_image","twitter_misc":{"Ansl. lesetid":"3 minutter"},"schema":{"@context":"https:\/\/schema.org","@graph":[{"@type":"NewsArticle","@id":"https:\/\/hoyre.no\/baerum\/aktuelt\/hvem-bestemmer-egent\/","url":"https:\/\/hoyre.no\/baerum\/aktuelt\/hvem-bestemmer-egent\/","name":"Hvem bestemmer egentlig over foreldrepermisjon? - B\u00e6rum H\u00f8yre","isPartOf":{"@id":"https:\/\/hoyre.no\/baerum\/#website"},"datePublished":"2017-03-07T22:00:00+00:00","author":{"@id":""},"breadcrumb":{"@id":"https:\/\/hoyre.no\/baerum\/aktuelt\/hvem-bestemmer-egent\/#breadcrumb"},"inLanguage":"nb-NO","potentialAction":[{"@type":"ReadAction","target":["https:\/\/hoyre.no\/baerum\/aktuelt\/hvem-bestemmer-egent\/"]}]},{"@type":"BreadcrumbList","@id":"https:\/\/hoyre.no\/baerum\/aktuelt\/hvem-bestemmer-egent\/#breadcrumb","itemListElement":[{"@type":"ListItem","position":1,"name":"Til hoyre.no","item":"https:\/\/hoyre.no"},{"@type":"ListItem","position":2,"name":"Hjem","item":"https:\/\/hoyre.no\/baerum\/"},{"@type":"ListItem","position":3,"name":"Hvem bestemmer egentlig over foreldrepermisjon?"}]},{"@type":"WebSite","@id":"https:\/\/hoyre.no\/baerum\/#website","url":"https:\/\/hoyre.no\/baerum\/","name":"B\u00e6rum H\u00f8yre","description":"Bare enda et H\u00f8yres nettsteder-nettsted","inLanguage":"nb-NO"}]}},"distributor_meta":false,"distributor_terms":false,"distributor_media":false,"distributor_original_site_name":"B\u00e6rum H\u00f8yre","distributor_original_site_url":"https:\/\/hoyre.no\/baerum","push-errors":false,"_links":{"self":[{"href":"https:\/\/hoyre.no\/baerum\/wp-json\/wp\/v2\/posts\/100","targetHints":{"allow":["GET"]}}],"collection":[{"href":"https:\/\/hoyre.no\/baerum\/wp-json\/wp\/v2\/posts"}],"about":[{"href":"https:\/\/hoyre.no\/baerum\/wp-json\/wp\/v2\/types\/post"}],"replies":[{"embeddable":true,"href":"https:\/\/hoyre.no\/baerum\/wp-json\/wp\/v2\/comments?post=100"}],"version-history":[{"count":0,"href":"https:\/\/hoyre.no\/baerum\/wp-json\/wp\/v2\/posts\/100\/revisions"}],"wp:attachment":[{"href":"https:\/\/hoyre.no\/baerum\/wp-json\/wp\/v2\/media?parent=100"}],"wp:term":[{"taxonomy":"category","embeddable":true,"href":"https:\/\/hoyre.no\/baerum\/wp-json\/wp\/v2\/category?post=100"},{"taxonomy":"post_tag","embeddable":true,"href":"https:\/\/hoyre.no\/baerum\/wp-json\/wp\/v2\/post_tag?post=100"},{"taxonomy":"hoyre-visibility","embeddable":true,"href":"https:\/\/hoyre.no\/baerum\/wp-json\/wp\/v2\/hoyre-visibility?post=100"},{"taxonomy":"article-type","embeddable":true,"href":"https:\/\/hoyre.no\/baerum\/wp-json\/wp\/v2\/article-type?post=100"},{"taxonomy":"politician","embeddable":true,"href":"https:\/\/hoyre.no\/baerum\/wp-json\/wp\/v2\/politician?post=100"}],"curies":[{"name":"wp","href":"https:\/\/api.w.org\/{rel}","templated":true}]}}