{"id":102,"date":"2017-03-16T23:00:00","date_gmt":"2017-03-16T22:00:00","guid":{"rendered":"https:\/\/hoyre.no\/baerum\/aktuelt\/hydrogen-er-et-blind\/"},"modified":"2017-03-16T23:00:00","modified_gmt":"2017-03-16T22:00:00","slug":"hydrogen-er-et-blind","status":"publish","type":"post","link":"https:\/\/hoyre.no\/baerum\/aktuelt\/hydrogen-er-et-blind\/","title":{"rendered":"Hydrogen er et blindspor!"},"content":{"rendered":"<p class=\"preamble\">Det haster med klimatiltak innen transport. Men ikke alle er enige i at hydrogenbiler er veien \u00e5 g\u00e5. Hvorfor skal vi kj\u00f8pe hydrogen bil? Er det klimaklokt?<\/p>\t\t\t<div class=\"post-meta wp-block teft-byline-wrapper\">\n\t\t\t\t<div class=\"top\">\n\t\t\t\t\t<div class=\"signature\">\n\t\t\t\t\t\t<div class=\"teft-byline\">\n\t\t\t\t\t\t\t\t\t\t\t\t\t\t<div>\n\t\t\t\t\t\t\t\t<h3>H\u00f8yres redaksjon<\/h3>\t\t\t\t\t\t\t\t\n\t\t\t\t\t\t\t\t\t\t\t\t\t\t\t\t\t<span class=\"date\">Sist oppdatert: 16. mars 2017<\/span>\n\t\t\t\t\t\t\t\t\t\t\t\t\t\t\t\t\t\t\t\t\t\t\t\t\t<span class=\"reading-time\" itemprop=\"timeRequired\" content=\"PT3M\"><em>Ca. 3 minutter lesetid<\/em><\/span>\n\t\t\t\t\t\t\t\t\t\t\t\t\t\t\t<\/div>\n\t\t\t\t\t\t<\/div>\n\t\t\t\t\t<\/div>\n\t\t\t\t\t\t<div class=\"sharing\">\n\t\t<a class=\"share-button share-link copy-link\" data-copy=\"https:\/\/hoyre.no\/baerum\/aktuelt\/hydrogen-er-et-blind\/\" target=\"_blank\"><span class=\"screen-reader-text\">Del link<\/span><\/a>\n\t\t<a class=\"share-button share-twitter\" href=\"http:\/\/twitter.com\/share?text=Hydrogen er et blindspor!&#038;url=https:\/\/hoyre.no\/baerum\/aktuelt\/hydrogen-er-et-blind\/&#038;hashtags=Hoyre\" target=\"_blank\"><span class=\"screen-reader-text\">Del p\u00e5 twitter<\/span><\/a>\n\t\t<a class=\"share-button share-facebook\" href=\"https:\/\/www.facebook.com\/sharer\/sharer.php?u=https:\/\/hoyre.no\/baerum\/aktuelt\/hydrogen-er-et-blind\/\" target=\"_blank\"><span class=\"screen-reader-text\">Del p\u00e5 facebook<\/span><\/a>\n\t<\/div>\n\t\t\t\t\t<\/div>\n\t\t\t<\/div>\n\n\t\t\t<figure class=\"hoyre-image-wrapper\"><div class=\"hoyre-image\"><img loading=\"lazy\" decoding=\"async\" width=\"1100\" height=\"665\" src=\"https:\/\/hoyre.no\/content\/uploads\/sites\/200\/2020\/11\/rolv-guddal-web-1.jpg\" class=\"attachment-scaled size-scaled\" alt=\"\" style=\"object-position: 50% 50%\" srcset=\"https:\/\/hoyre.no\/content\/uploads\/sites\/200\/2020\/11\/rolv-guddal-web-1.jpg 1100w, https:\/\/hoyre.no\/content\/uploads\/sites\/200\/2020\/11\/rolv-guddal-web-1-300x181.jpg 300w, https:\/\/hoyre.no\/content\/uploads\/sites\/200\/2020\/11\/rolv-guddal-web-1-1024x619.jpg 1024w, https:\/\/hoyre.no\/content\/uploads\/sites\/200\/2020\/11\/rolv-guddal-web-1-768x464.jpg 768w\" sizes=\"auto, (max-width: 1100px) 100vw, 1100px\" \/><\/div><\/figure><div id=\"hoyre-old-article-content-wrapper\"><p> 2010 var kanskje \u00e5ret hydrogenbiler s\u00e5 mest lovende ut i forhold til elbiler.  Da hadde prisen p\u00e5 brenselceller halvert seg i l\u00f8pet av de siste fire \u00e5rene. Hydrogenbiler kunne tankes p\u00e5 5 minutter og kj\u00f8re 50 mil. Elbiler derimot hadde dyre batterier som m\u00e5tte lades over natten og gikk kun 10 mil.  I dag har ikke prisen p\u00e5 brenselceller g\u00e5tt nevneverdig ned, mens prisen p\u00e5 batterier allerede har halvert seg to ganger. Rekkevidden for selv sm\u00e5 elbiler kryper oppover mot 50 mil p\u00e5 \u00e9n lading. En ny elbil f\u00e5r vi i dag kj\u00f8pt fra ca. kr. 160.000,-, mens de to hydrogenbilene p\u00e5 markedet koster henholdsvis ca. kr. 450.000,- og 650.000,-.<\/p><p><\/p><p>Mye str\u00f8m g\u00e5r med til \u00e5 lage hydrogen, komprimere det i en liten tank, og s\u00e5 konvertere det med brenselceller tilbake til str\u00f8m igjen. Med den str\u00f8mmen som trengs fra nettet for \u00e5 f\u00e5 \u00e9n hydrogenbil opp p\u00e5 hytta, kan tre elbiler kj\u00f8re samme strekning. \u00c5 bruke offentlige midler p\u00e5 hydrogenbiler er omtrent like uansvarlig som om Enova skulle st\u00f8tte bygging av 70-talls hus i tillegg til dagens passivhus. Hydrogenbil er sl\u00f8sing med str\u00f8m og ressurser, enkelt og greit. <\/p><p><\/p><p>De fleste bilf\u00f8rere insisterer p\u00e5 \u00e5 f\u00e5 kj\u00f8re akkurat hvor de vil. Sist vi sjekket var det str\u00f8m selv i den minste avkrok av Norge. En utrulling av landsdekkende hydrogenstasjoner, til 30 mill. pr. stk., vil koste flere milliarder kroner. For prisen av hver hydrogenstasjon kan vi f\u00e5 hundre av dagens hurtigladerpunkter for elbiler. <\/p><p><\/p><p>Tesla kan i dag lade 1 mil pr. minutt, mens hydrogenbilen tankes med 10 mil pr. minutt. I 2018 kommer flere akt\u00f8rer med High Power Charging, som lader nyere elbiler med opptil 3 mil pr. minutt. Da er det ikke lenger markante fordeler igjen for hydrogenbilen, bare ulempene. Hydrogenbilen m\u00e5 alltid kj\u00f8res til en fyllestasjon og full tank koster omtrent det samme som for bensin (ca. 500,-), mens elbilen hovedsakelig kan lades nesten gratis hjemme. Fullt batteri for vel 50 kroner. <\/p><p><\/p><p>Men langtransporten trenger vel hydrogen? Med batterier tilsvarende tre Teslaer kan en 20-tonns lastebil kj\u00f8re i dr\u00f8yt fire timer. Etter det sier hviletidsbestemmelsene at sj\u00e5f\u00f8ren m\u00e5 ta minst 45 minutters pause. Dette sammenfaller bra med forventet batteriladetid i 2018. B\u00e5de el-lastebiler og el-busser er p\u00e5 full fart inn i markedet. Det er ikke rart om Ruter kvier seg for et biogass-samarbeid n\u00e5r de ser hvor fordelaktige el-bussene blir.<a name=\"_GoBack\"><\/a><\/p><p><\/p><p>Det er n\u00e5 tid for at oppeg\u00e5ende politikere lever opp til det som st\u00e5r p\u00e5 siste side i Oslo og Akershus vedtatte Hydrogenstrategi 2014-2025: \u201cDet er viktig \u00e5 overv\u00e5ke utviklingen av teknologien og konkurrerende l\u00f8sninger, slik at man ikke fortsetter lengre enn n\u00f8dvendig hvis det skulle vise seg at ressursene gj\u00f8r best nytte for seg i form av andre investeringer.\u201d <\/p><p><\/p><p>Vi vet i dag nok, og tiden er moden for at alle offentlige midler trekkes ut av hydrogenbilen og hydrogenstasjonsatsningen, og heller brukes p\u00e5 videre utbygging av infrastruktur for hurtiglading av elbiler langs hovedveiene, samt stimulering til gode ladel\u00f8sninger i fellesgarasjer. <\/p><p><br \/> Hydrogenbilen blir aldri noen vinner fordi den i forhold til en elbil bruker alt for mye energi, blir mye dyrere \u00e5 eie, og har en utbyggingskostnad for fyllestasjoner som det ikke er mulig \u00e5 se for seg at noen privat bedrift kan p\u00e5ta seg, uten betydelig offentlig tilskudd. Bygging av nye hydrogen-stasjoner, som den p\u00e5 H\u00f8vik, er feilinvesteringer og d\u00e5rlig bruk av offentlige st\u00f8ttemidler. Hydrogen og brenselceller kan brukes i mange sammenhenger, men p\u00e5 landeveien er de utkonkurrert av batteridriftens fortrinn.<\/p><p><br \/><\/p><p>Rolv Guddal<\/p><p>Ingeni\u00f8r og styremedlem Tanum H\u00f8yre <\/p><p>Svein Medhus<\/p><p>Siv. ing og nestleder B\u00e6rum MDG<\/p><p><br \/><\/p><\/div>\n<div class=\"tags\">\n\t<\/div>\n<div class=\"post-footer alignfull has-background block-editor-block-list__block\" data-align=full>\n\t<div class=\"post-footer-inner\">\n\t\t<h3>Relaterte artikler<\/h3>\n\t\t<div class=\"related-content\"><div class=\"is-card-hoyre\">\n\t<div class=\"teft-card hoyre-teft-card post-teft-card\">\n\t\t<a href=\"https:\/\/hoyre.no\/baerum\/aktuelt\/nominasjon-i-baerum-hoyre-3\/\" class=\"teft-card__primary-action\">\n\n\t\t\t\t\t<div class=\"teft-card__media teft-card__media--16-9\">\n\t\t\t\t\t\t<img loading=\"lazy\" decoding=\"async\" width=\"768\" height=\"512\" src=\"https:\/\/hoyre.no\/content\/uploads\/sites\/200\/2025\/11\/Trine-Lise-Foto-CF-Wesenberg-red-768x512.jpg\" class=\"attachment-medium_large size-medium_large\" alt=\"\" srcset=\"https:\/\/hoyre.no\/content\/uploads\/sites\/200\/2025\/11\/Trine-Lise-Foto-CF-Wesenberg-red-768x512.jpg 768w, https:\/\/hoyre.no\/content\/uploads\/sites\/200\/2025\/11\/Trine-Lise-Foto-CF-Wesenberg-red-300x200.jpg 300w, https:\/\/hoyre.no\/content\/uploads\/sites\/200\/2025\/11\/Trine-Lise-Foto-CF-Wesenberg-red-1024x683.jpg 1024w, https:\/\/hoyre.no\/content\/uploads\/sites\/200\/2025\/11\/Trine-Lise-Foto-CF-Wesenberg-red.jpg 1200w\" sizes=\"auto, (max-width: 768px) 100vw, 768px\" \/>\t\t<\/div>\n\t\t\n\t\t\t<div class=\"teft-card__content-wrapper\">\n\t\t\t\t<div class=\"teft-card__secondary\">\n\t\t\t\t\t\n\t\t\t\t\t\t\t\t<div class=\"teft-card__meta\">\n\t\t\t\t\t\t\t\t\t<span class=\"post-date\">9. apr 2026<\/span>\n\n\t\t\t\t\t\t\t\t\t<span class=\"post-category\">Nyheter<\/span>\t\t\t\t\t\t\t\t<\/div>\n\t\t\t\t\t\t\t\t\t\t\t<\/div>\n\n\t\t\t\t<div class=\"teft-card__primary\">\n\t\t\t\t\t<h2 class=\"teft-card__title\">Nominasjon i B\u00e6rum H\u00f8yre&nbsp;<span class=\"teft-card__primary-title-append\"><\/span><\/h2>\t\t\t\t<\/div>\n\t\t\t<\/div>\n\t\t<\/a>\n\t<\/div>\n\n\t<\/div><div class=\"is-card-hoyre\">\n\t<div class=\"teft-card hoyre-teft-card post-teft-card\">\n\t\t<a href=\"https:\/\/hoyre.no\/baerum\/aktuelt\/dagtilbudet-skal-vaere-trygt-godt-og-meningsfullt\/\" class=\"teft-card__primary-action\">\n\n\t\t\t\t\t<div class=\"teft-card__media teft-card__media--16-9\">\n\t\t\t\t\t\t<img loading=\"lazy\" decoding=\"async\" width=\"768\" height=\"511\" src=\"https:\/\/hoyre.no\/content\/uploads\/sites\/200\/2025\/12\/Wenche-Steen-og-Haakon-Sandven-768x511.jpg\" class=\"attachment-medium_large size-medium_large\" alt=\"\" srcset=\"https:\/\/hoyre.no\/content\/uploads\/sites\/200\/2025\/12\/Wenche-Steen-og-Haakon-Sandven-768x511.jpg 768w, https:\/\/hoyre.no\/content\/uploads\/sites\/200\/2025\/12\/Wenche-Steen-og-Haakon-Sandven-300x200.jpg 300w, https:\/\/hoyre.no\/content\/uploads\/sites\/200\/2025\/12\/Wenche-Steen-og-Haakon-Sandven.jpg 944w\" sizes=\"auto, (max-width: 768px) 100vw, 768px\" \/>\t\t<\/div>\n\t\t\n\t\t\t<div class=\"teft-card__content-wrapper\">\n\t\t\t\t<div class=\"teft-card__secondary\">\n\t\t\t\t\t\n\t\t\t\t\t\t\t\t<div class=\"teft-card__meta\">\n\t\t\t\t\t\t\t\t\t<span class=\"post-date\">25. apr 2026<\/span>\n\n\t\t\t\t\t\t\t\t\t<span class=\"post-category\">Nyheter<\/span>\t\t\t\t\t\t\t\t<\/div>\n\t\t\t\t\t\t\t\t\t\t\t<\/div>\n\n\t\t\t\t<div class=\"teft-card__primary\">\n\t\t\t\t\t<h2 class=\"teft-card__title\">Dagtilbudet skal v\u00e6re trygt, godt og meningsfullt&nbsp;<span class=\"teft-card__primary-title-append\"><\/span><\/h2>\t\t\t\t<\/div>\n\t\t\t<\/div>\n\t\t<\/a>\n\t<\/div>\n\n\t<\/div><div class=\"is-card-hoyre\">\n\t<div class=\"teft-card hoyre-teft-card post-teft-card\">\n\t\t<a href=\"https:\/\/hoyre.no\/baerum\/aktuelt\/mer-idrettsglede-til-barn-og-unge\/\" class=\"teft-card__primary-action\">\n\n\t\t\t\t\t<div class=\"teft-card__media teft-card__media--16-9\">\n\t\t\t\t\t\t<img loading=\"lazy\" decoding=\"async\" width=\"768\" height=\"1024\" src=\"https:\/\/hoyre.no\/content\/uploads\/sites\/200\/2026\/04\/Trine-Lise-Ostlund-Blime-idrett-privat-768x1024.jpg\" class=\"attachment-medium_large size-medium_large\" alt=\"\" srcset=\"https:\/\/hoyre.no\/content\/uploads\/sites\/200\/2026\/04\/Trine-Lise-Ostlund-Blime-idrett-privat-768x1024.jpg 768w, https:\/\/hoyre.no\/content\/uploads\/sites\/200\/2026\/04\/Trine-Lise-Ostlund-Blime-idrett-privat-225x300.jpg 225w, https:\/\/hoyre.no\/content\/uploads\/sites\/200\/2026\/04\/Trine-Lise-Ostlund-Blime-idrett-privat.jpg 900w\" sizes=\"auto, (max-width: 768px) 100vw, 768px\" \/>\t\t<\/div>\n\t\t\n\t\t\t<div class=\"teft-card__content-wrapper\">\n\t\t\t\t<div class=\"teft-card__secondary\">\n\t\t\t\t\t\n\t\t\t\t\t\t\t\t<div class=\"teft-card__meta\">\n\t\t\t\t\t\t\t\t\t<span class=\"post-date\">20. apr 2026<\/span>\n\n\t\t\t\t\t\t\t\t\t<span class=\"post-category\">Nyheter<\/span>\t\t\t\t\t\t\t\t<\/div>\n\t\t\t\t\t\t\t\t\t\t\t<\/div>\n\n\t\t\t\t<div class=\"teft-card__primary\">\n\t\t\t\t\t<h2 class=\"teft-card__title\">Mer idrettsglede til barn og unge&nbsp;<span class=\"teft-card__primary-title-append\"><\/span><\/h2>\t\t\t\t<\/div>\n\t\t\t<\/div>\n\t\t<\/a>\n\t<\/div>\n\n\t<\/div><\/div>\t<\/div>\n<\/div>\n","protected":false},"excerpt":{"rendered":"","protected":false},"author":0,"featured_media":0,"comment_status":"closed","ping_status":"closed","sticky":false,"template":"","format":"standard","meta":{"teft_cards_image_url":"https:\/\/hoyre.no\/content\/uploads\/sites\/200\/2020\/11\/rolv-guddal-web-1.jpg","teft_cards_custom_pretitle":"","teft_cards_image_id":101,"teft_cards_image_focal_point_x":0,"teft_cards_image_focal_point_y":0,"teft_cards_title":"","teft_cards_excerpt":"","teft_show_chapters":false,"author_display_name":"Rolv Guddal, Ingeni\u00f8r og styremedlem Tanum H\u00f8yre og Svein Medhus, Siv. ing og nestleder B\u00e6rum MDG","footnotes":""},"category":[1],"post_tag":[],"hoyre-visibility":[],"article-type":[],"politician":[],"class_list":["post-102","post","type-post","status-publish","format-standard","hentry","category-ukategorisert"],"yoast_head":"<!-- This site is optimized with the Yoast SEO plugin v26.6 - https:\/\/yoast.com\/wordpress\/plugins\/seo\/ -->\n<title>Hydrogen er et blindspor! - B\u00e6rum H\u00f8yre<\/title>\n<meta name=\"robots\" content=\"index, follow, max-snippet:-1, max-image-preview:large, max-video-preview:-1\" \/>\n<link rel=\"canonical\" href=\"https:\/\/hoyre.no\/baerum\/aktuelt\/hydrogen-er-et-blind\/\" \/>\n<meta property=\"og:locale\" content=\"nb_NO\" \/>\n<meta property=\"og:type\" content=\"article\" \/>\n<meta property=\"og:title\" content=\"Hydrogen er et blindspor! - B\u00e6rum H\u00f8yre\" \/>\n<meta property=\"og:url\" content=\"https:\/\/hoyre.no\/baerum\/aktuelt\/hydrogen-er-et-blind\/\" \/>\n<meta property=\"og:site_name\" content=\"B\u00e6rum H\u00f8yre\" \/>\n<meta property=\"article:published_time\" content=\"2017-03-16T22:00:00+00:00\" \/>\n<meta property=\"og:image\" content=\"https:\/\/hoyre.no\/content\/uploads\/sites\/200\/2026\/04\/Trine-Lise-Ostlund-Blime-priv-red.jpg\" \/>\n<meta name=\"twitter:card\" content=\"summary_large_image\" \/>\n<meta name=\"twitter:label1\" content=\"Ansl. lesetid\" \/>\n\t<meta name=\"twitter:data1\" content=\"3 minutter\" \/>\n<script type=\"application\/ld+json\" class=\"yoast-schema-graph\">{\"@context\":\"https:\/\/schema.org\",\"@graph\":[{\"@type\":\"NewsArticle\",\"@id\":\"https:\/\/hoyre.no\/baerum\/aktuelt\/hydrogen-er-et-blind\/\",\"url\":\"https:\/\/hoyre.no\/baerum\/aktuelt\/hydrogen-er-et-blind\/\",\"name\":\"Hydrogen er et blindspor! - B\u00e6rum H\u00f8yre\",\"isPartOf\":{\"@id\":\"https:\/\/hoyre.no\/baerum\/#website\"},\"datePublished\":\"2017-03-16T22:00:00+00:00\",\"author\":{\"@id\":\"\"},\"breadcrumb\":{\"@id\":\"https:\/\/hoyre.no\/baerum\/aktuelt\/hydrogen-er-et-blind\/#breadcrumb\"},\"inLanguage\":\"nb-NO\",\"potentialAction\":[{\"@type\":\"ReadAction\",\"target\":[\"https:\/\/hoyre.no\/baerum\/aktuelt\/hydrogen-er-et-blind\/\"]}]},{\"@type\":\"BreadcrumbList\",\"@id\":\"https:\/\/hoyre.no\/baerum\/aktuelt\/hydrogen-er-et-blind\/#breadcrumb\",\"itemListElement\":[{\"@type\":\"ListItem\",\"position\":1,\"name\":\"Til hoyre.no\",\"item\":\"https:\/\/hoyre.no\"},{\"@type\":\"ListItem\",\"position\":2,\"name\":\"Hjem\",\"item\":\"https:\/\/hoyre.no\/baerum\/\"},{\"@type\":\"ListItem\",\"position\":3,\"name\":\"Hydrogen er et blindspor!\"}]},{\"@type\":\"WebSite\",\"@id\":\"https:\/\/hoyre.no\/baerum\/#website\",\"url\":\"https:\/\/hoyre.no\/baerum\/\",\"name\":\"B\u00e6rum H\u00f8yre\",\"description\":\"Bare enda et H\u00f8yres nettsteder-nettsted\",\"inLanguage\":\"nb-NO\"}]}<\/script>\n<!-- \/ Yoast SEO plugin. -->","yoast_head_json":{"title":"Hydrogen er et blindspor! - B\u00e6rum H\u00f8yre","robots":{"index":"index","follow":"follow","max-snippet":"max-snippet:-1","max-image-preview":"max-image-preview:large","max-video-preview":"max-video-preview:-1"},"canonical":"https:\/\/hoyre.no\/baerum\/aktuelt\/hydrogen-er-et-blind\/","og_locale":"nb_NO","og_type":"article","og_title":"Hydrogen er et blindspor! - B\u00e6rum H\u00f8yre","og_url":"https:\/\/hoyre.no\/baerum\/aktuelt\/hydrogen-er-et-blind\/","og_site_name":"B\u00e6rum H\u00f8yre","article_published_time":"2017-03-16T22:00:00+00:00","og_image":[{"url":"https:\/\/hoyre.no\/content\/uploads\/sites\/200\/2026\/04\/Trine-Lise-Ostlund-Blime-priv-red.jpg","width":"","height":"","type":""}],"twitter_card":"summary_large_image","twitter_misc":{"Ansl. lesetid":"3 minutter"},"schema":{"@context":"https:\/\/schema.org","@graph":[{"@type":"NewsArticle","@id":"https:\/\/hoyre.no\/baerum\/aktuelt\/hydrogen-er-et-blind\/","url":"https:\/\/hoyre.no\/baerum\/aktuelt\/hydrogen-er-et-blind\/","name":"Hydrogen er et blindspor! - B\u00e6rum H\u00f8yre","isPartOf":{"@id":"https:\/\/hoyre.no\/baerum\/#website"},"datePublished":"2017-03-16T22:00:00+00:00","author":{"@id":""},"breadcrumb":{"@id":"https:\/\/hoyre.no\/baerum\/aktuelt\/hydrogen-er-et-blind\/#breadcrumb"},"inLanguage":"nb-NO","potentialAction":[{"@type":"ReadAction","target":["https:\/\/hoyre.no\/baerum\/aktuelt\/hydrogen-er-et-blind\/"]}]},{"@type":"BreadcrumbList","@id":"https:\/\/hoyre.no\/baerum\/aktuelt\/hydrogen-er-et-blind\/#breadcrumb","itemListElement":[{"@type":"ListItem","position":1,"name":"Til hoyre.no","item":"https:\/\/hoyre.no"},{"@type":"ListItem","position":2,"name":"Hjem","item":"https:\/\/hoyre.no\/baerum\/"},{"@type":"ListItem","position":3,"name":"Hydrogen er et blindspor!"}]},{"@type":"WebSite","@id":"https:\/\/hoyre.no\/baerum\/#website","url":"https:\/\/hoyre.no\/baerum\/","name":"B\u00e6rum H\u00f8yre","description":"Bare enda et H\u00f8yres nettsteder-nettsted","inLanguage":"nb-NO"}]}},"distributor_meta":false,"distributor_terms":false,"distributor_media":false,"distributor_original_site_name":"B\u00e6rum H\u00f8yre","distributor_original_site_url":"https:\/\/hoyre.no\/baerum","push-errors":false,"_links":{"self":[{"href":"https:\/\/hoyre.no\/baerum\/wp-json\/wp\/v2\/posts\/102","targetHints":{"allow":["GET"]}}],"collection":[{"href":"https:\/\/hoyre.no\/baerum\/wp-json\/wp\/v2\/posts"}],"about":[{"href":"https:\/\/hoyre.no\/baerum\/wp-json\/wp\/v2\/types\/post"}],"replies":[{"embeddable":true,"href":"https:\/\/hoyre.no\/baerum\/wp-json\/wp\/v2\/comments?post=102"}],"version-history":[{"count":0,"href":"https:\/\/hoyre.no\/baerum\/wp-json\/wp\/v2\/posts\/102\/revisions"}],"wp:attachment":[{"href":"https:\/\/hoyre.no\/baerum\/wp-json\/wp\/v2\/media?parent=102"}],"wp:term":[{"taxonomy":"category","embeddable":true,"href":"https:\/\/hoyre.no\/baerum\/wp-json\/wp\/v2\/category?post=102"},{"taxonomy":"post_tag","embeddable":true,"href":"https:\/\/hoyre.no\/baerum\/wp-json\/wp\/v2\/post_tag?post=102"},{"taxonomy":"hoyre-visibility","embeddable":true,"href":"https:\/\/hoyre.no\/baerum\/wp-json\/wp\/v2\/hoyre-visibility?post=102"},{"taxonomy":"article-type","embeddable":true,"href":"https:\/\/hoyre.no\/baerum\/wp-json\/wp\/v2\/article-type?post=102"},{"taxonomy":"politician","embeddable":true,"href":"https:\/\/hoyre.no\/baerum\/wp-json\/wp\/v2\/politician?post=102"}],"curies":[{"name":"wp","href":"https:\/\/api.w.org\/{rel}","templated":true}]}}