{"id":114,"date":"2016-08-16T07:34:00","date_gmt":"2016-08-16T05:34:00","guid":{"rendered":"https:\/\/hoyre.no\/baerum\/aktuelt\/kan-vi-stole-paa-selvaag-bolig\/"},"modified":"2016-08-16T07:34:00","modified_gmt":"2016-08-16T05:34:00","slug":"kan-vi-stole-paa-selvaag-bolig","status":"publish","type":"post","link":"https:\/\/hoyre.no\/baerum\/aktuelt\/kan-vi-stole-paa-selvaag-bolig\/","title":{"rendered":"Kan vi stole p\u00e5 Selvaag Bolig?"},"content":{"rendered":"<p class=\"preamble\">Direkt\u00f8r Baard Schumann i Selvaag Bolig retter i Budstikka 25. juli og 6. august sterke angrep mot B\u00e6rums politikere. Han skj\u00e6rer alle over en kam, og noen av utsagnene er: amp;laquo;Politikerne gj\u00f8r ikke jobben sin. Vi blir m\u00f8tt med rare vedtak i saker der naboer protesterer. Jeg sier ikke at det handler om korrupsjon, men kontakten mellom kommunens folk og naboer kan v\u00e6re tett. De kan ha barn i samme skole for eksempelamp;raquo;.<\/p>\t\t\t<div class=\"post-meta wp-block teft-byline-wrapper\">\n\t\t\t\t<div class=\"top\">\n\t\t\t\t\t<div class=\"signature\">\n\t\t\t\t\t\t<div class=\"teft-byline\">\n\t\t\t\t\t\t\t\t\t\t\t\t\t\t<div>\n\t\t\t\t\t\t\t\t<h3>H\u00f8yres redaksjon<\/h3>\t\t\t\t\t\t\t\t\n\t\t\t\t\t\t\t\t\t\t\t\t\t\t\t\t\t<span class=\"date\">Sist oppdatert: 16. august 2016<\/span>\n\t\t\t\t\t\t\t\t\t\t\t\t\t\t\t\t\t\t\t\t\t\t\t\t\t<span class=\"reading-time\" itemprop=\"timeRequired\" content=\"PT3M\"><em>Ca. 3 minutter lesetid<\/em><\/span>\n\t\t\t\t\t\t\t\t\t\t\t\t\t\t\t<\/div>\n\t\t\t\t\t\t<\/div>\n\t\t\t\t\t<\/div>\n\t\t\t\t\t\t<div class=\"sharing\">\n\t\t<a class=\"share-button share-link copy-link\" data-copy=\"https:\/\/hoyre.no\/baerum\/aktuelt\/kan-vi-stole-paa-selvaag-bolig\/\" target=\"_blank\"><span class=\"screen-reader-text\">Del link<\/span><\/a>\n\t\t<a class=\"share-button share-twitter\" href=\"http:\/\/twitter.com\/share?text=Kan vi stole p\u00e5 Selvaag Bolig?&#038;url=https:\/\/hoyre.no\/baerum\/aktuelt\/kan-vi-stole-paa-selvaag-bolig\/&#038;hashtags=Hoyre\" target=\"_blank\"><span class=\"screen-reader-text\">Del p\u00e5 twitter<\/span><\/a>\n\t\t<a class=\"share-button share-facebook\" href=\"https:\/\/www.facebook.com\/sharer\/sharer.php?u=https:\/\/hoyre.no\/baerum\/aktuelt\/kan-vi-stole-paa-selvaag-bolig\/\" target=\"_blank\"><span class=\"screen-reader-text\">Del p\u00e5 facebook<\/span><\/a>\n\t<\/div>\n\t\t\t\t\t<\/div>\n\t\t\t<\/div>\n\n\t\t\t<figure class=\"hoyre-image-wrapper\"><div class=\"hoyre-image\"><img loading=\"lazy\" decoding=\"async\" width=\"754\" height=\"653\" src=\"https:\/\/hoyre.no\/content\/uploads\/sites\/200\/2020\/11\/ole_kristian_udnes.jpg\" class=\"attachment-scaled size-scaled\" alt=\"\" style=\"object-position: 50% 50%\" srcset=\"https:\/\/hoyre.no\/content\/uploads\/sites\/200\/2020\/11\/ole_kristian_udnes.jpg 754w, https:\/\/hoyre.no\/content\/uploads\/sites\/200\/2020\/11\/ole_kristian_udnes-300x260.jpg 300w\" sizes=\"auto, (max-width: 754px) 100vw, 754px\" \/><\/div><\/figure><div id=\"hoyre-old-article-content-wrapper\">Han deler dessuten administrasjon og politikere inn i et A- og B-lag, der administrasjonen f\u00e5r gode karakterer og politikerne d\u00e5rlige. &laquo;Det er hos politikerne det stopper. De frykter sine naboer og velgere. De er redde for \u00e5 tape valg. For \u00e5 bli upopul\u00e6re &raquo;<br><br>Schumann g\u00e5r langt over streken med slike uttalelser. Han bringer dessuten politikken i vanry, noe som ytterligere kan vanskeligj\u00f8re krevende beslutningsprosesser. Schumann beskylder oss for \u00e5 basere v\u00e5re vedtak p\u00e5 bekjentskaper, alts\u00e5 en form for kameraderi. Det finnes ikke fnugg av grunnlag for en slik alvorlig p\u00e5stand. Et stort boligselskap burde ikke komme med slike utsagn.<br><br>Jeg er sv\u00e6rt overrasket over kritikken. Ikke minst fordi Schumann selv ba om et m\u00f8te p\u00e5 mitt kontor 17. juni, for \u00e5 f\u00e5 r\u00e5d i en konkret utbyggingssak p\u00e5 Fornebu der han ikke hadde n\u00e5dd frem overfor administrasjonen. M\u00f8tet var konstruktivt, og han fikk noen velmente r\u00e5d med p\u00e5 veien. &#8211; At han fem uker senere snur seg rundt og retter sterk kritikk mot B\u00e6rums politikere, blir for meg da sv\u00e6rt overraskende. <br><br>Det samme gjelder hans syn p\u00e5 administrasjon og politikere i B\u00e6rum, og at vi kun l\u00f8per naboenes \u00e6rend i utbyggingssaker. &#8211; B\u00e6rum kommune er kjennetegnet av sv\u00e6rt gode samarbeidsprosesser mellom administrasjon og politikere. Dette er en av hoved\u00e5rsakene til at vi oppn\u00e5r s\u00e5 gode resultater p\u00e5 v\u00e5re arbeidsomr\u00e5der. Sp\u00f8r man v\u00e5re administrative ledere p\u00e5 plan- og bygningssiden om samarbeidet mellom administrasjon og politikere, vil jeg tippe at mange av dem verdsetter nettopp dette. <br><br>At vi kun tar hensyn til naboenes interesser, er ogs\u00e5 feil. Boligbyggingen blir i hovedsak bestemt gjennom kommuneplan og reguleringsplaner. Her avveies hensynet til naboer og hensynet til n\u00f8dvendig boligbygging. &#8211; Etter at n\u00e5v\u00e6rende politisk ledelse overtok i 2011 er det bygget 700 boliger pr \u00e5r, vesentlig mer enn tidligere. Dette niv\u00e5et vil opprettholdes.<br><br>Det er dessuten ikke bare utbyggingsinteresser som skal styre boligpolitikken i en kommune som B\u00e6rum. Vi skal ogs\u00e5 ta hensyn til de innbyggere som allerede bor i kommunen, b\u00e5de nyinnflyttede og de som har bodd her mesteparten av sitt liv. Historien viser at slike avveininger har v\u00e6rt godt h\u00e5ndtert i B\u00e6rum. <br><br>Gjennom min rolle som leder av planutvalget i B\u00e6rum har jeg l\u00f8pende dialog med alle de store boligprodusentene i Norge. Vi diskuterer b\u00e5de utbyggingsprosjekter og boligpolitikken generelt. Dialogen er konstruktiv og b\u00e6rer preg av gjensidig respekt for hverandres roller. &#8211; Det er hittil bare Selvaag Bolig som har g\u00e5tt ut av mitt kontor og praktisk talt med det samme snudd seg rundt og fremsatt flengende kritikk av B\u00e6rums politikere, slik vi n\u00e5 har sett eksempler p\u00e5. De velmente r\u00e5d selskapet ba om &#8211; og fikk &#8211; fra min side var alts\u00e5 ikke mer verd.<br><br>Hver gang han uttaler seg i det offentlige rom har Baard Schumann lagt seg p\u00e5 en tabloid form, som kan virke provoserende p\u00e5 mange. Olav Selvaag ville nok snudd seg i sin grav om han hadde lest noen av intervjuene med n\u00e5v\u00e6rende leder av boligselskapet. Avisene elsker sikkert hans spissformuleringer. &#8211; Men en slik kommunikasjonsform kan skade krevende beslutningsprosesser som samfunnet er avhengig av p\u00e5 lang sikt.<\/div>\n<div class=\"tags\">\n\t<\/div>\n<div class=\"post-footer alignfull has-background block-editor-block-list__block\" data-align=full>\n\t<div class=\"post-footer-inner\">\n\t\t<h3>Relaterte artikler<\/h3>\n\t\t<div class=\"related-content\"><div class=\"is-card-hoyre\">\n\t<div class=\"teft-card hoyre-teft-card post-teft-card\">\n\t\t<a href=\"https:\/\/hoyre.no\/baerum\/aktuelt\/nominasjon-i-baerum-hoyre-3\/\" class=\"teft-card__primary-action\">\n\n\t\t\t\t\t<div class=\"teft-card__media teft-card__media--16-9\">\n\t\t\t\t\t\t<img loading=\"lazy\" decoding=\"async\" width=\"768\" height=\"512\" src=\"https:\/\/hoyre.no\/content\/uploads\/sites\/200\/2025\/11\/Trine-Lise-Foto-CF-Wesenberg-red-768x512.jpg\" class=\"attachment-medium_large size-medium_large\" alt=\"\" srcset=\"https:\/\/hoyre.no\/content\/uploads\/sites\/200\/2025\/11\/Trine-Lise-Foto-CF-Wesenberg-red-768x512.jpg 768w, https:\/\/hoyre.no\/content\/uploads\/sites\/200\/2025\/11\/Trine-Lise-Foto-CF-Wesenberg-red-300x200.jpg 300w, https:\/\/hoyre.no\/content\/uploads\/sites\/200\/2025\/11\/Trine-Lise-Foto-CF-Wesenberg-red-1024x683.jpg 1024w, https:\/\/hoyre.no\/content\/uploads\/sites\/200\/2025\/11\/Trine-Lise-Foto-CF-Wesenberg-red.jpg 1200w\" sizes=\"auto, (max-width: 768px) 100vw, 768px\" \/>\t\t<\/div>\n\t\t\n\t\t\t<div class=\"teft-card__content-wrapper\">\n\t\t\t\t<div class=\"teft-card__secondary\">\n\t\t\t\t\t\n\t\t\t\t\t\t\t\t<div class=\"teft-card__meta\">\n\t\t\t\t\t\t\t\t\t<span class=\"post-date\">9. apr 2026<\/span>\n\n\t\t\t\t\t\t\t\t\t<span class=\"post-category\">Nyheter<\/span>\t\t\t\t\t\t\t\t<\/div>\n\t\t\t\t\t\t\t\t\t\t\t<\/div>\n\n\t\t\t\t<div class=\"teft-card__primary\">\n\t\t\t\t\t<h2 class=\"teft-card__title\">Nominasjon i B\u00e6rum H\u00f8yre&nbsp;<span class=\"teft-card__primary-title-append\"><\/span><\/h2>\t\t\t\t<\/div>\n\t\t\t<\/div>\n\t\t<\/a>\n\t<\/div>\n\n\t<\/div><div class=\"is-card-hoyre\">\n\t<div class=\"teft-card hoyre-teft-card post-teft-card\">\n\t\t<a href=\"https:\/\/hoyre.no\/baerum\/aktuelt\/dagtilbudet-skal-vaere-trygt-godt-og-meningsfullt\/\" class=\"teft-card__primary-action\">\n\n\t\t\t\t\t<div class=\"teft-card__media teft-card__media--16-9\">\n\t\t\t\t\t\t<img loading=\"lazy\" decoding=\"async\" width=\"768\" height=\"511\" src=\"https:\/\/hoyre.no\/content\/uploads\/sites\/200\/2025\/12\/Wenche-Steen-og-Haakon-Sandven-768x511.jpg\" class=\"attachment-medium_large size-medium_large\" alt=\"\" srcset=\"https:\/\/hoyre.no\/content\/uploads\/sites\/200\/2025\/12\/Wenche-Steen-og-Haakon-Sandven-768x511.jpg 768w, https:\/\/hoyre.no\/content\/uploads\/sites\/200\/2025\/12\/Wenche-Steen-og-Haakon-Sandven-300x200.jpg 300w, https:\/\/hoyre.no\/content\/uploads\/sites\/200\/2025\/12\/Wenche-Steen-og-Haakon-Sandven.jpg 944w\" sizes=\"auto, (max-width: 768px) 100vw, 768px\" \/>\t\t<\/div>\n\t\t\n\t\t\t<div class=\"teft-card__content-wrapper\">\n\t\t\t\t<div class=\"teft-card__secondary\">\n\t\t\t\t\t\n\t\t\t\t\t\t\t\t<div class=\"teft-card__meta\">\n\t\t\t\t\t\t\t\t\t<span class=\"post-date\">25. apr 2026<\/span>\n\n\t\t\t\t\t\t\t\t\t<span class=\"post-category\">Nyheter<\/span>\t\t\t\t\t\t\t\t<\/div>\n\t\t\t\t\t\t\t\t\t\t\t<\/div>\n\n\t\t\t\t<div class=\"teft-card__primary\">\n\t\t\t\t\t<h2 class=\"teft-card__title\">Dagtilbudet skal v\u00e6re trygt, godt og meningsfullt&nbsp;<span class=\"teft-card__primary-title-append\"><\/span><\/h2>\t\t\t\t<\/div>\n\t\t\t<\/div>\n\t\t<\/a>\n\t<\/div>\n\n\t<\/div><div class=\"is-card-hoyre\">\n\t<div class=\"teft-card hoyre-teft-card post-teft-card\">\n\t\t<a href=\"https:\/\/hoyre.no\/baerum\/aktuelt\/mer-idrettsglede-til-barn-og-unge\/\" class=\"teft-card__primary-action\">\n\n\t\t\t\t\t<div class=\"teft-card__media teft-card__media--16-9\">\n\t\t\t\t\t\t<img loading=\"lazy\" decoding=\"async\" width=\"768\" height=\"1024\" src=\"https:\/\/hoyre.no\/content\/uploads\/sites\/200\/2026\/04\/Trine-Lise-Ostlund-Blime-idrett-privat-768x1024.jpg\" class=\"attachment-medium_large size-medium_large\" alt=\"\" srcset=\"https:\/\/hoyre.no\/content\/uploads\/sites\/200\/2026\/04\/Trine-Lise-Ostlund-Blime-idrett-privat-768x1024.jpg 768w, https:\/\/hoyre.no\/content\/uploads\/sites\/200\/2026\/04\/Trine-Lise-Ostlund-Blime-idrett-privat-225x300.jpg 225w, https:\/\/hoyre.no\/content\/uploads\/sites\/200\/2026\/04\/Trine-Lise-Ostlund-Blime-idrett-privat.jpg 900w\" sizes=\"auto, (max-width: 768px) 100vw, 768px\" \/>\t\t<\/div>\n\t\t\n\t\t\t<div class=\"teft-card__content-wrapper\">\n\t\t\t\t<div class=\"teft-card__secondary\">\n\t\t\t\t\t\n\t\t\t\t\t\t\t\t<div class=\"teft-card__meta\">\n\t\t\t\t\t\t\t\t\t<span class=\"post-date\">20. apr 2026<\/span>\n\n\t\t\t\t\t\t\t\t\t<span class=\"post-category\">Nyheter<\/span>\t\t\t\t\t\t\t\t<\/div>\n\t\t\t\t\t\t\t\t\t\t\t<\/div>\n\n\t\t\t\t<div class=\"teft-card__primary\">\n\t\t\t\t\t<h2 class=\"teft-card__title\">Mer idrettsglede til barn og unge&nbsp;<span class=\"teft-card__primary-title-append\"><\/span><\/h2>\t\t\t\t<\/div>\n\t\t\t<\/div>\n\t\t<\/a>\n\t<\/div>\n\n\t<\/div><\/div>\t<\/div>\n<\/div>\n","protected":false},"excerpt":{"rendered":"","protected":false},"author":0,"featured_media":0,"comment_status":"closed","ping_status":"closed","sticky":false,"template":"","format":"standard","meta":{"teft_cards_image_url":"https:\/\/hoyre.no\/content\/uploads\/sites\/200\/2020\/11\/ole_kristian_udnes.jpg","teft_cards_custom_pretitle":"","teft_cards_image_id":113,"teft_cards_image_focal_point_x":0,"teft_cards_image_focal_point_y":0,"teft_cards_title":"","teft_cards_excerpt":"","teft_show_chapters":false,"author_display_name":"Av Ole Kristian Udnes, varaordf\u00f8rer og leder av planutvalget i B\u00e6rum (H)","footnotes":""},"category":[1],"post_tag":[],"hoyre-visibility":[],"article-type":[],"politician":[],"class_list":["post-114","post","type-post","status-publish","format-standard","hentry","category-ukategorisert"],"yoast_head":"<!-- This site is optimized with the Yoast SEO plugin v26.6 - https:\/\/yoast.com\/wordpress\/plugins\/seo\/ -->\n<title>Kan vi stole p\u00e5 Selvaag Bolig? - B\u00e6rum H\u00f8yre<\/title>\n<meta name=\"robots\" content=\"index, follow, max-snippet:-1, max-image-preview:large, max-video-preview:-1\" \/>\n<link rel=\"canonical\" href=\"https:\/\/hoyre.no\/baerum\/aktuelt\/kan-vi-stole-paa-selvaag-bolig\/\" \/>\n<meta property=\"og:locale\" content=\"nb_NO\" \/>\n<meta property=\"og:type\" content=\"article\" \/>\n<meta property=\"og:title\" content=\"Kan vi stole p\u00e5 Selvaag Bolig? - B\u00e6rum H\u00f8yre\" \/>\n<meta property=\"og:url\" content=\"https:\/\/hoyre.no\/baerum\/aktuelt\/kan-vi-stole-paa-selvaag-bolig\/\" \/>\n<meta property=\"og:site_name\" content=\"B\u00e6rum H\u00f8yre\" \/>\n<meta property=\"article:published_time\" content=\"2016-08-16T05:34:00+00:00\" \/>\n<meta property=\"og:image\" content=\"https:\/\/hoyre.no\/content\/uploads\/sites\/200\/2026\/04\/Trine-Lise-Ostlund-Blime-priv-red.jpg\" \/>\n<meta name=\"twitter:card\" content=\"summary_large_image\" \/>\n<meta name=\"twitter:label1\" content=\"Ansl. lesetid\" \/>\n\t<meta name=\"twitter:data1\" content=\"3 minutter\" \/>\n<script type=\"application\/ld+json\" class=\"yoast-schema-graph\">{\"@context\":\"https:\/\/schema.org\",\"@graph\":[{\"@type\":\"NewsArticle\",\"@id\":\"https:\/\/hoyre.no\/baerum\/aktuelt\/kan-vi-stole-paa-selvaag-bolig\/\",\"url\":\"https:\/\/hoyre.no\/baerum\/aktuelt\/kan-vi-stole-paa-selvaag-bolig\/\",\"name\":\"Kan vi stole p\u00e5 Selvaag Bolig? - B\u00e6rum H\u00f8yre\",\"isPartOf\":{\"@id\":\"https:\/\/hoyre.no\/baerum\/#website\"},\"datePublished\":\"2016-08-16T05:34:00+00:00\",\"author\":{\"@id\":\"\"},\"breadcrumb\":{\"@id\":\"https:\/\/hoyre.no\/baerum\/aktuelt\/kan-vi-stole-paa-selvaag-bolig\/#breadcrumb\"},\"inLanguage\":\"nb-NO\",\"potentialAction\":[{\"@type\":\"ReadAction\",\"target\":[\"https:\/\/hoyre.no\/baerum\/aktuelt\/kan-vi-stole-paa-selvaag-bolig\/\"]}]},{\"@type\":\"BreadcrumbList\",\"@id\":\"https:\/\/hoyre.no\/baerum\/aktuelt\/kan-vi-stole-paa-selvaag-bolig\/#breadcrumb\",\"itemListElement\":[{\"@type\":\"ListItem\",\"position\":1,\"name\":\"Til hoyre.no\",\"item\":\"https:\/\/hoyre.no\"},{\"@type\":\"ListItem\",\"position\":2,\"name\":\"Hjem\",\"item\":\"https:\/\/hoyre.no\/baerum\/\"},{\"@type\":\"ListItem\",\"position\":3,\"name\":\"Kan vi stole p\u00e5 Selvaag Bolig?\"}]},{\"@type\":\"WebSite\",\"@id\":\"https:\/\/hoyre.no\/baerum\/#website\",\"url\":\"https:\/\/hoyre.no\/baerum\/\",\"name\":\"B\u00e6rum H\u00f8yre\",\"description\":\"Bare enda et H\u00f8yres nettsteder-nettsted\",\"inLanguage\":\"nb-NO\"}]}<\/script>\n<!-- \/ Yoast SEO plugin. -->","yoast_head_json":{"title":"Kan vi stole p\u00e5 Selvaag Bolig? - B\u00e6rum H\u00f8yre","robots":{"index":"index","follow":"follow","max-snippet":"max-snippet:-1","max-image-preview":"max-image-preview:large","max-video-preview":"max-video-preview:-1"},"canonical":"https:\/\/hoyre.no\/baerum\/aktuelt\/kan-vi-stole-paa-selvaag-bolig\/","og_locale":"nb_NO","og_type":"article","og_title":"Kan vi stole p\u00e5 Selvaag Bolig? - B\u00e6rum H\u00f8yre","og_url":"https:\/\/hoyre.no\/baerum\/aktuelt\/kan-vi-stole-paa-selvaag-bolig\/","og_site_name":"B\u00e6rum H\u00f8yre","article_published_time":"2016-08-16T05:34:00+00:00","og_image":[{"url":"https:\/\/hoyre.no\/content\/uploads\/sites\/200\/2026\/04\/Trine-Lise-Ostlund-Blime-priv-red.jpg","width":"","height":"","type":""}],"twitter_card":"summary_large_image","twitter_misc":{"Ansl. lesetid":"3 minutter"},"schema":{"@context":"https:\/\/schema.org","@graph":[{"@type":"NewsArticle","@id":"https:\/\/hoyre.no\/baerum\/aktuelt\/kan-vi-stole-paa-selvaag-bolig\/","url":"https:\/\/hoyre.no\/baerum\/aktuelt\/kan-vi-stole-paa-selvaag-bolig\/","name":"Kan vi stole p\u00e5 Selvaag Bolig? - B\u00e6rum H\u00f8yre","isPartOf":{"@id":"https:\/\/hoyre.no\/baerum\/#website"},"datePublished":"2016-08-16T05:34:00+00:00","author":{"@id":""},"breadcrumb":{"@id":"https:\/\/hoyre.no\/baerum\/aktuelt\/kan-vi-stole-paa-selvaag-bolig\/#breadcrumb"},"inLanguage":"nb-NO","potentialAction":[{"@type":"ReadAction","target":["https:\/\/hoyre.no\/baerum\/aktuelt\/kan-vi-stole-paa-selvaag-bolig\/"]}]},{"@type":"BreadcrumbList","@id":"https:\/\/hoyre.no\/baerum\/aktuelt\/kan-vi-stole-paa-selvaag-bolig\/#breadcrumb","itemListElement":[{"@type":"ListItem","position":1,"name":"Til hoyre.no","item":"https:\/\/hoyre.no"},{"@type":"ListItem","position":2,"name":"Hjem","item":"https:\/\/hoyre.no\/baerum\/"},{"@type":"ListItem","position":3,"name":"Kan vi stole p\u00e5 Selvaag Bolig?"}]},{"@type":"WebSite","@id":"https:\/\/hoyre.no\/baerum\/#website","url":"https:\/\/hoyre.no\/baerum\/","name":"B\u00e6rum H\u00f8yre","description":"Bare enda et H\u00f8yres nettsteder-nettsted","inLanguage":"nb-NO"}]}},"distributor_meta":false,"distributor_terms":false,"distributor_media":false,"distributor_original_site_name":"B\u00e6rum H\u00f8yre","distributor_original_site_url":"https:\/\/hoyre.no\/baerum","push-errors":false,"_links":{"self":[{"href":"https:\/\/hoyre.no\/baerum\/wp-json\/wp\/v2\/posts\/114","targetHints":{"allow":["GET"]}}],"collection":[{"href":"https:\/\/hoyre.no\/baerum\/wp-json\/wp\/v2\/posts"}],"about":[{"href":"https:\/\/hoyre.no\/baerum\/wp-json\/wp\/v2\/types\/post"}],"replies":[{"embeddable":true,"href":"https:\/\/hoyre.no\/baerum\/wp-json\/wp\/v2\/comments?post=114"}],"version-history":[{"count":0,"href":"https:\/\/hoyre.no\/baerum\/wp-json\/wp\/v2\/posts\/114\/revisions"}],"wp:attachment":[{"href":"https:\/\/hoyre.no\/baerum\/wp-json\/wp\/v2\/media?parent=114"}],"wp:term":[{"taxonomy":"category","embeddable":true,"href":"https:\/\/hoyre.no\/baerum\/wp-json\/wp\/v2\/category?post=114"},{"taxonomy":"post_tag","embeddable":true,"href":"https:\/\/hoyre.no\/baerum\/wp-json\/wp\/v2\/post_tag?post=114"},{"taxonomy":"hoyre-visibility","embeddable":true,"href":"https:\/\/hoyre.no\/baerum\/wp-json\/wp\/v2\/hoyre-visibility?post=114"},{"taxonomy":"article-type","embeddable":true,"href":"https:\/\/hoyre.no\/baerum\/wp-json\/wp\/v2\/article-type?post=114"},{"taxonomy":"politician","embeddable":true,"href":"https:\/\/hoyre.no\/baerum\/wp-json\/wp\/v2\/politician?post=114"}],"curies":[{"name":"wp","href":"https:\/\/api.w.org\/{rel}","templated":true}]}}