{"id":131,"date":"2017-01-08T23:00:00","date_gmt":"2017-01-08T22:00:00","guid":{"rendered":"https:\/\/hoyre.no\/baerum\/aktuelt\/lofte-blikket\/"},"modified":"2017-01-08T23:00:00","modified_gmt":"2017-01-08T22:00:00","slug":"lofte-blikket","status":"publish","type":"post","link":"https:\/\/hoyre.no\/baerum\/aktuelt\/lofte-blikket\/","title":{"rendered":"L\u00f8fte blikket"},"content":{"rendered":"<p class=\"preamble\">Det er tid for refleksjon over \u00e5ret som er g\u00e5tt, samtidig som vi retter blikket fremover. Tenke langt og handle n\u00e5 er overskriften n\u00e5r vi g\u00e5r inn i 2017. V\u00e5r evne til ydmykhet og systematisk forbedringsarbeid samt god kompetanse er viktige elementer n\u00e5r vi skal v\u00e6re gode p\u00e5 \u00e5 v\u00e6re kommune b\u00e5de i dag og i morgen.<\/p>\t\t\t<div class=\"post-meta wp-block teft-byline-wrapper\">\n\t\t\t\t<div class=\"top\">\n\t\t\t\t\t<div class=\"signature\">\n\t\t\t\t\t\t<div class=\"teft-byline\">\n\t\t\t\t\t\t\t\t\t\t\t\t\t\t<div>\n\t\t\t\t\t\t\t\t<h3>H\u00f8yres redaksjon<\/h3>\t\t\t\t\t\t\t\t\n\t\t\t\t\t\t\t\t\t\t\t\t\t\t\t\t\t<span class=\"date\">Sist oppdatert: 8. januar 2017<\/span>\n\t\t\t\t\t\t\t\t\t\t\t\t\t\t\t\t\t\t\t\t\t\t\t\t\t<span class=\"reading-time\" itemprop=\"timeRequired\" content=\"PT4M\"><em>Ca. 4 minutter lesetid<\/em><\/span>\n\t\t\t\t\t\t\t\t\t\t\t\t\t\t\t<\/div>\n\t\t\t\t\t\t<\/div>\n\t\t\t\t\t<\/div>\n\t\t\t\t\t\t<div class=\"sharing\">\n\t\t<a class=\"share-button share-link copy-link\" data-copy=\"https:\/\/hoyre.no\/baerum\/aktuelt\/lofte-blikket\/\" target=\"_blank\"><span class=\"screen-reader-text\">Del link<\/span><\/a>\n\t\t<a class=\"share-button share-twitter\" href=\"http:\/\/twitter.com\/share?text=L\u00f8fte blikket&#038;url=https:\/\/hoyre.no\/baerum\/aktuelt\/lofte-blikket\/&#038;hashtags=Hoyre\" target=\"_blank\"><span class=\"screen-reader-text\">Del p\u00e5 twitter<\/span><\/a>\n\t\t<a class=\"share-button share-facebook\" href=\"https:\/\/www.facebook.com\/sharer\/sharer.php?u=https:\/\/hoyre.no\/baerum\/aktuelt\/lofte-blikket\/\" target=\"_blank\"><span class=\"screen-reader-text\">Del p\u00e5 facebook<\/span><\/a>\n\t<\/div>\n\t\t\t\t\t<\/div>\n\t\t\t<\/div>\n\n\t\t\t<figure class=\"hoyre-image-wrapper\"><div class=\"hoyre-image\"><img loading=\"lazy\" decoding=\"async\" width=\"1080\" height=\"720\" src=\"https:\/\/hoyre.no\/content\/uploads\/sites\/200\/2020\/11\/lisbeth-ute.jpg\" class=\"attachment-scaled size-scaled\" alt=\"\" style=\"object-position: 50% 50%\" srcset=\"https:\/\/hoyre.no\/content\/uploads\/sites\/200\/2020\/11\/lisbeth-ute.jpg 1080w, https:\/\/hoyre.no\/content\/uploads\/sites\/200\/2020\/11\/lisbeth-ute-300x200.jpg 300w, https:\/\/hoyre.no\/content\/uploads\/sites\/200\/2020\/11\/lisbeth-ute-1024x683.jpg 1024w, https:\/\/hoyre.no\/content\/uploads\/sites\/200\/2020\/11\/lisbeth-ute-768x512.jpg 768w\" sizes=\"auto, (max-width: 1080px) 100vw, 1080px\" \/><\/div><\/figure><div id=\"hoyre-old-article-content-wrapper\"><p> Et ansvarlig budsjett er i havn og v\u00e5re innbyggere kan v\u00e6re trygge p\u00e5 at vi s\u00f8ker \u00e5 se det store bildet gjennom \u00e5 analysere utfordringene, tenke langsiktig og skj\u00f8nne viktigheten av omstilling og nytenkning. Vi har gjort en dreining fra \u00abhva kan vi hjelpe deg med\u00bb til \u00abhva er viktig for deg\u00bb slik at de som trenger v\u00e5r bistand fortsatt kan virke i sin hverdag.<\/p><p>Vi tar i bruk nye metoder innen skole- og velferdsomr\u00e5det som det legges merke til langt utenfor kommunens grenser. Som ordf\u00f8rer f\u00e5r jeg veldig mange hyggelige tilbakemeldinger fra innbyggere som opplever kommunens tjenester som gode. Men 2016 har ogs\u00e5 minnet oss p\u00e5 ansvaret vi har som kommune. Tjenestene oppfattes ulikt. Vi m\u00e5 evne \u00e5 lytte til tilbakemeldinger, og nye svar skal utvikles i n\u00e6rt samarbeid med de som ber\u00f8res.  <\/p><p>V\u00e5r visjon &laquo;Sammen skaper vi fremtiden&raquo; svarer ut en arbeidsmetodikk som jeg mener er avgj\u00f8rende. N\u00e5r vi har landets mest kunnskapsrike arbeidsplasser og n\u00e5r vi har s\u00e5 mye ressurser blant v\u00e5re b\u00e6ringer, m\u00e5 vi invitere inn stemmene. <br \/><\/p><p>Moro var det derfor \u00e5 lytte til de unge i Norconsult f\u00f8r jul. Bakgrunnen var deres tydelige budskap om fremtidens Sandvika. De hadde mange gode refleksjoner og ideer for \u00e5 oppn\u00e5 mer liv og r\u00f8re i byen v\u00e5r. I mellomtiden kan vi glede oss over noen av nyvinningene som st\u00e5r for tur: 17 nye m\u00e5l rekreasjonsomr\u00e5de p\u00e5 Kadettangen, sammenhengende elvepromenade,  opprustning av stasjonsomr\u00e5det, nye arbeidsplasser og leiligheter i Elisas Smits vei. Vi er mange som ser frem til utviklingen av Sandvika, Lakseberget, Hamang og Franzefoss.  <\/p><p>Nye former for samarbeid skal v\u00e6re v\u00e5r strategi for \u00e5 oppn\u00e5 de gode l\u00f8sningene for fremtiden. Eksemplene er mange. Gjennom v\u00e5rt forsknings- og innovasjonsfond lanserer vi m\u00e5lrettet satsing p\u00e5 samarbeid med sosiale entrepren\u00f8rer.  Mange kjenner til gatelaget til Stab\u00e6k og Aurora som begge er gode eksempler p\u00e5 sosialt entrepren\u00f8rskap. Jeg har stor tro p\u00e5 at vi som kommune kan gj\u00f8re en forskjell via sosiale entrepren\u00f8rer. Det er s\u00e5 mange gode og varme historier som forteller om ulike initiativ for et rausere og mer inkluderende samfunn. <\/p><p>I juni ble vi bel\u00f8nnet for v\u00e5rt utviklings- og innovasjonsarbeid. Vi vant Innovasjonsprisen for 2016. All honn\u00f8r til v\u00e5r R\u00e5dmann og hans medarbeidere. <br \/><\/p><p>N\u00e5r forandringens vind bl\u00e5ser g\u00e5r noen i skjul mens andre g\u00e5r ut og bygger vindm\u00f8ller. Dette kinesiske ordtaket beskriver p\u00e5 en god m\u00e5te mulighetene i reform-tider. I B\u00e6rum har et samlet kommunestyre v\u00e6rt opptatt av \u00e5 f\u00e5 p\u00e5 plass en mer samordnet hovedstadsregion. Naboer m\u00e5 sitte rundt samme bord og ulike forvaltningsniv\u00e5er m\u00e5 arbeide tettere sammen til det beste for hele regionen.<\/p><p>Vi lever i en urolig verden. Viktigheten og verdien av trygghet kjenner vi f\u00f8rst p\u00e5 kroppen n\u00e5r vi har v\u00e6rt utsatt for det motsatte.  Jeg er takknemlig for alle som bidrar til et B\u00e6rum som oppleves som trygt, raust og mangfoldig. Trygghet handler ogs\u00e5 om at vi tar v\u00e5rt generasjonsansvar p\u00e5 alvor. Dette kommer klart til uttrykk gjennom v\u00e5rt klimakloke arbeid og klimapanelets anbefalinger. Vi ser frem til viktig debatt i ukene og m\u00e5nedene som kommer.  <br \/><\/p><p>N\u00e5r vi ser tilbake p\u00e5 \u00e5ret som har g\u00e5tt er det mange fantastiske bragder og prestasjoner som er oppn\u00e5dd i kunst- og kulturlivet fra scenene i kommunen v\u00e5r. Innen idretten har det utfoldet seg nervepirrende konkurranser som har gledet og begeistret. Ut\u00f8verne selv fortjener heder og \u00e6re, men det gj\u00f8r sannelig bakkemannskapet ogs\u00e5. <\/p><p>En nytt\u00e5rshilsen uten E18, bane til Fornebu og B\u00e6rum sykehus er ingen fullverdig hilsen. N\u00e5r disse viktige sp\u00f8rsm\u00e5lene ikke avgj\u00f8res i kommunestyresalen, er det desto viktigere \u00e5 v\u00e6re \u00abp\u00e5\u00bb n\u00e5r prosessene g\u00e5r. Det har vi v\u00e6rt. Vi har oppn\u00e5dd viktige delseire.<\/p><p>Jeg er stolt av at vi har s\u00e5 mange dugnadsb\u00e6ringer som bidrar til at B\u00e6rum er et godt sted \u00e5 vokse opp og bo i. N\u00e5 kan vi se frem til to nye frivilligsentraler, en p\u00e5 Fornebu og en p\u00e5 Rykkinn.<\/p><p>Jeg vil avslutte med noen kloke ord fra Kongens nytt\u00e5rstale: \u00abEt av mine \u00f8nsker er at vi skal klare \u00e5 se og favne alle de menneskelige ressursene i landet v\u00e5rt. At alle kan f\u00f8le at de bidrar og kjenner seg nyttige \u2013 uavhengig av alder, kj\u00f8nn, etnisitet eller funksjonsevne.\u00bb Jeg lar disse kloke ordene v\u00e6re inngangen til 2017.<\/p><p>Godt nytt \u00e5r. <\/p><p>Innspillet var f\u00f8rst publisert i Budstikka 9. januar 2017 <br \/><\/p><\/div>\n<div class=\"tags\">\n\t<\/div>\n<div class=\"post-footer alignfull has-background block-editor-block-list__block\" data-align=full>\n\t<div class=\"post-footer-inner\">\n\t\t<h3>Relaterte artikler<\/h3>\n\t\t<div class=\"related-content\"><div class=\"is-card-hoyre\">\n\t<div class=\"teft-card hoyre-teft-card post-teft-card\">\n\t\t<a href=\"https:\/\/hoyre.no\/baerum\/aktuelt\/nominasjon-i-baerum-hoyre-3\/\" class=\"teft-card__primary-action\">\n\n\t\t\t\t\t<div class=\"teft-card__media teft-card__media--16-9\">\n\t\t\t\t\t\t<img loading=\"lazy\" decoding=\"async\" width=\"768\" height=\"512\" src=\"https:\/\/hoyre.no\/content\/uploads\/sites\/200\/2025\/11\/Trine-Lise-Foto-CF-Wesenberg-red-768x512.jpg\" class=\"attachment-medium_large size-medium_large\" alt=\"\" srcset=\"https:\/\/hoyre.no\/content\/uploads\/sites\/200\/2025\/11\/Trine-Lise-Foto-CF-Wesenberg-red-768x512.jpg 768w, https:\/\/hoyre.no\/content\/uploads\/sites\/200\/2025\/11\/Trine-Lise-Foto-CF-Wesenberg-red-300x200.jpg 300w, https:\/\/hoyre.no\/content\/uploads\/sites\/200\/2025\/11\/Trine-Lise-Foto-CF-Wesenberg-red-1024x683.jpg 1024w, https:\/\/hoyre.no\/content\/uploads\/sites\/200\/2025\/11\/Trine-Lise-Foto-CF-Wesenberg-red.jpg 1200w\" sizes=\"auto, (max-width: 768px) 100vw, 768px\" \/>\t\t<\/div>\n\t\t\n\t\t\t<div class=\"teft-card__content-wrapper\">\n\t\t\t\t<div class=\"teft-card__secondary\">\n\t\t\t\t\t\n\t\t\t\t\t\t\t\t<div class=\"teft-card__meta\">\n\t\t\t\t\t\t\t\t\t<span class=\"post-date\">9. apr 2026<\/span>\n\n\t\t\t\t\t\t\t\t\t<span class=\"post-category\">Nyheter<\/span>\t\t\t\t\t\t\t\t<\/div>\n\t\t\t\t\t\t\t\t\t\t\t<\/div>\n\n\t\t\t\t<div class=\"teft-card__primary\">\n\t\t\t\t\t<h2 class=\"teft-card__title\">Nominasjon i B\u00e6rum H\u00f8yre&nbsp;<span class=\"teft-card__primary-title-append\"><\/span><\/h2>\t\t\t\t<\/div>\n\t\t\t<\/div>\n\t\t<\/a>\n\t<\/div>\n\n\t<\/div><div class=\"is-card-hoyre\">\n\t<div class=\"teft-card hoyre-teft-card post-teft-card\">\n\t\t<a href=\"https:\/\/hoyre.no\/baerum\/aktuelt\/dagtilbudet-skal-vaere-trygt-godt-og-meningsfullt\/\" class=\"teft-card__primary-action\">\n\n\t\t\t\t\t<div class=\"teft-card__media teft-card__media--16-9\">\n\t\t\t\t\t\t<img loading=\"lazy\" decoding=\"async\" width=\"768\" height=\"511\" src=\"https:\/\/hoyre.no\/content\/uploads\/sites\/200\/2025\/12\/Wenche-Steen-og-Haakon-Sandven-768x511.jpg\" class=\"attachment-medium_large size-medium_large\" alt=\"\" srcset=\"https:\/\/hoyre.no\/content\/uploads\/sites\/200\/2025\/12\/Wenche-Steen-og-Haakon-Sandven-768x511.jpg 768w, https:\/\/hoyre.no\/content\/uploads\/sites\/200\/2025\/12\/Wenche-Steen-og-Haakon-Sandven-300x200.jpg 300w, https:\/\/hoyre.no\/content\/uploads\/sites\/200\/2025\/12\/Wenche-Steen-og-Haakon-Sandven.jpg 944w\" sizes=\"auto, (max-width: 768px) 100vw, 768px\" \/>\t\t<\/div>\n\t\t\n\t\t\t<div class=\"teft-card__content-wrapper\">\n\t\t\t\t<div class=\"teft-card__secondary\">\n\t\t\t\t\t\n\t\t\t\t\t\t\t\t<div class=\"teft-card__meta\">\n\t\t\t\t\t\t\t\t\t<span class=\"post-date\">25. apr 2026<\/span>\n\n\t\t\t\t\t\t\t\t\t<span class=\"post-category\">Nyheter<\/span>\t\t\t\t\t\t\t\t<\/div>\n\t\t\t\t\t\t\t\t\t\t\t<\/div>\n\n\t\t\t\t<div class=\"teft-card__primary\">\n\t\t\t\t\t<h2 class=\"teft-card__title\">Dagtilbudet skal v\u00e6re trygt, godt og meningsfullt&nbsp;<span class=\"teft-card__primary-title-append\"><\/span><\/h2>\t\t\t\t<\/div>\n\t\t\t<\/div>\n\t\t<\/a>\n\t<\/div>\n\n\t<\/div><div class=\"is-card-hoyre\">\n\t<div class=\"teft-card hoyre-teft-card post-teft-card\">\n\t\t<a href=\"https:\/\/hoyre.no\/baerum\/aktuelt\/mer-idrettsglede-til-barn-og-unge\/\" class=\"teft-card__primary-action\">\n\n\t\t\t\t\t<div class=\"teft-card__media teft-card__media--16-9\">\n\t\t\t\t\t\t<img loading=\"lazy\" decoding=\"async\" width=\"768\" height=\"1024\" src=\"https:\/\/hoyre.no\/content\/uploads\/sites\/200\/2026\/04\/Trine-Lise-Ostlund-Blime-idrett-privat-768x1024.jpg\" class=\"attachment-medium_large size-medium_large\" alt=\"\" srcset=\"https:\/\/hoyre.no\/content\/uploads\/sites\/200\/2026\/04\/Trine-Lise-Ostlund-Blime-idrett-privat-768x1024.jpg 768w, https:\/\/hoyre.no\/content\/uploads\/sites\/200\/2026\/04\/Trine-Lise-Ostlund-Blime-idrett-privat-225x300.jpg 225w, https:\/\/hoyre.no\/content\/uploads\/sites\/200\/2026\/04\/Trine-Lise-Ostlund-Blime-idrett-privat.jpg 900w\" sizes=\"auto, (max-width: 768px) 100vw, 768px\" \/>\t\t<\/div>\n\t\t\n\t\t\t<div class=\"teft-card__content-wrapper\">\n\t\t\t\t<div class=\"teft-card__secondary\">\n\t\t\t\t\t\n\t\t\t\t\t\t\t\t<div class=\"teft-card__meta\">\n\t\t\t\t\t\t\t\t\t<span class=\"post-date\">20. apr 2026<\/span>\n\n\t\t\t\t\t\t\t\t\t<span class=\"post-category\">Nyheter<\/span>\t\t\t\t\t\t\t\t<\/div>\n\t\t\t\t\t\t\t\t\t\t\t<\/div>\n\n\t\t\t\t<div class=\"teft-card__primary\">\n\t\t\t\t\t<h2 class=\"teft-card__title\">Mer idrettsglede til barn og unge&nbsp;<span class=\"teft-card__primary-title-append\"><\/span><\/h2>\t\t\t\t<\/div>\n\t\t\t<\/div>\n\t\t<\/a>\n\t<\/div>\n\n\t<\/div><\/div>\t<\/div>\n<\/div>\n","protected":false},"excerpt":{"rendered":"","protected":false},"author":0,"featured_media":0,"comment_status":"closed","ping_status":"closed","sticky":false,"template":"","format":"standard","meta":{"teft_cards_image_url":"https:\/\/hoyre.no\/content\/uploads\/sites\/200\/2020\/11\/lisbeth-ute.jpg","teft_cards_custom_pretitle":"","teft_cards_image_id":130,"teft_cards_image_focal_point_x":0,"teft_cards_image_focal_point_y":0,"teft_cards_title":"","teft_cards_excerpt":"","teft_show_chapters":false,"author_display_name":"Ordf\u00f8rer Lisbeth Hammer Krog","footnotes":""},"category":[1],"post_tag":[],"hoyre-visibility":[],"article-type":[],"politician":[],"class_list":["post-131","post","type-post","status-publish","format-standard","hentry","category-ukategorisert"],"yoast_head":"<!-- This site is optimized with the Yoast SEO plugin v26.6 - https:\/\/yoast.com\/wordpress\/plugins\/seo\/ -->\n<title>L\u00f8fte blikket - B\u00e6rum H\u00f8yre<\/title>\n<meta name=\"robots\" content=\"index, follow, max-snippet:-1, max-image-preview:large, max-video-preview:-1\" \/>\n<link rel=\"canonical\" href=\"https:\/\/hoyre.no\/baerum\/aktuelt\/lofte-blikket\/\" \/>\n<meta property=\"og:locale\" content=\"nb_NO\" \/>\n<meta property=\"og:type\" content=\"article\" \/>\n<meta property=\"og:title\" content=\"L\u00f8fte blikket - B\u00e6rum H\u00f8yre\" \/>\n<meta property=\"og:url\" content=\"https:\/\/hoyre.no\/baerum\/aktuelt\/lofte-blikket\/\" \/>\n<meta property=\"og:site_name\" content=\"B\u00e6rum H\u00f8yre\" \/>\n<meta property=\"article:published_time\" content=\"2017-01-08T22:00:00+00:00\" \/>\n<meta property=\"og:image\" content=\"https:\/\/hoyre.no\/content\/uploads\/sites\/200\/2026\/04\/Trine-Lise-Ostlund-Blime-priv-red.jpg\" \/>\n<meta name=\"twitter:card\" content=\"summary_large_image\" \/>\n<meta name=\"twitter:label1\" content=\"Ansl. lesetid\" \/>\n\t<meta name=\"twitter:data1\" content=\"4 minutter\" \/>\n<script type=\"application\/ld+json\" class=\"yoast-schema-graph\">{\"@context\":\"https:\/\/schema.org\",\"@graph\":[{\"@type\":\"NewsArticle\",\"@id\":\"https:\/\/hoyre.no\/baerum\/aktuelt\/lofte-blikket\/\",\"url\":\"https:\/\/hoyre.no\/baerum\/aktuelt\/lofte-blikket\/\",\"name\":\"L\u00f8fte blikket - B\u00e6rum H\u00f8yre\",\"isPartOf\":{\"@id\":\"https:\/\/hoyre.no\/baerum\/#website\"},\"datePublished\":\"2017-01-08T22:00:00+00:00\",\"author\":{\"@id\":\"\"},\"breadcrumb\":{\"@id\":\"https:\/\/hoyre.no\/baerum\/aktuelt\/lofte-blikket\/#breadcrumb\"},\"inLanguage\":\"nb-NO\",\"potentialAction\":[{\"@type\":\"ReadAction\",\"target\":[\"https:\/\/hoyre.no\/baerum\/aktuelt\/lofte-blikket\/\"]}]},{\"@type\":\"BreadcrumbList\",\"@id\":\"https:\/\/hoyre.no\/baerum\/aktuelt\/lofte-blikket\/#breadcrumb\",\"itemListElement\":[{\"@type\":\"ListItem\",\"position\":1,\"name\":\"Til hoyre.no\",\"item\":\"https:\/\/hoyre.no\"},{\"@type\":\"ListItem\",\"position\":2,\"name\":\"Hjem\",\"item\":\"https:\/\/hoyre.no\/baerum\/\"},{\"@type\":\"ListItem\",\"position\":3,\"name\":\"L\u00f8fte blikket\"}]},{\"@type\":\"WebSite\",\"@id\":\"https:\/\/hoyre.no\/baerum\/#website\",\"url\":\"https:\/\/hoyre.no\/baerum\/\",\"name\":\"B\u00e6rum H\u00f8yre\",\"description\":\"Bare enda et H\u00f8yres nettsteder-nettsted\",\"inLanguage\":\"nb-NO\"}]}<\/script>\n<!-- \/ Yoast SEO plugin. -->","yoast_head_json":{"title":"L\u00f8fte blikket - B\u00e6rum H\u00f8yre","robots":{"index":"index","follow":"follow","max-snippet":"max-snippet:-1","max-image-preview":"max-image-preview:large","max-video-preview":"max-video-preview:-1"},"canonical":"https:\/\/hoyre.no\/baerum\/aktuelt\/lofte-blikket\/","og_locale":"nb_NO","og_type":"article","og_title":"L\u00f8fte blikket - B\u00e6rum H\u00f8yre","og_url":"https:\/\/hoyre.no\/baerum\/aktuelt\/lofte-blikket\/","og_site_name":"B\u00e6rum H\u00f8yre","article_published_time":"2017-01-08T22:00:00+00:00","og_image":[{"url":"https:\/\/hoyre.no\/content\/uploads\/sites\/200\/2026\/04\/Trine-Lise-Ostlund-Blime-priv-red.jpg","width":"","height":"","type":""}],"twitter_card":"summary_large_image","twitter_misc":{"Ansl. lesetid":"4 minutter"},"schema":{"@context":"https:\/\/schema.org","@graph":[{"@type":"NewsArticle","@id":"https:\/\/hoyre.no\/baerum\/aktuelt\/lofte-blikket\/","url":"https:\/\/hoyre.no\/baerum\/aktuelt\/lofte-blikket\/","name":"L\u00f8fte blikket - B\u00e6rum H\u00f8yre","isPartOf":{"@id":"https:\/\/hoyre.no\/baerum\/#website"},"datePublished":"2017-01-08T22:00:00+00:00","author":{"@id":""},"breadcrumb":{"@id":"https:\/\/hoyre.no\/baerum\/aktuelt\/lofte-blikket\/#breadcrumb"},"inLanguage":"nb-NO","potentialAction":[{"@type":"ReadAction","target":["https:\/\/hoyre.no\/baerum\/aktuelt\/lofte-blikket\/"]}]},{"@type":"BreadcrumbList","@id":"https:\/\/hoyre.no\/baerum\/aktuelt\/lofte-blikket\/#breadcrumb","itemListElement":[{"@type":"ListItem","position":1,"name":"Til hoyre.no","item":"https:\/\/hoyre.no"},{"@type":"ListItem","position":2,"name":"Hjem","item":"https:\/\/hoyre.no\/baerum\/"},{"@type":"ListItem","position":3,"name":"L\u00f8fte blikket"}]},{"@type":"WebSite","@id":"https:\/\/hoyre.no\/baerum\/#website","url":"https:\/\/hoyre.no\/baerum\/","name":"B\u00e6rum H\u00f8yre","description":"Bare enda et H\u00f8yres nettsteder-nettsted","inLanguage":"nb-NO"}]}},"distributor_meta":false,"distributor_terms":false,"distributor_media":false,"distributor_original_site_name":"B\u00e6rum H\u00f8yre","distributor_original_site_url":"https:\/\/hoyre.no\/baerum","push-errors":false,"_links":{"self":[{"href":"https:\/\/hoyre.no\/baerum\/wp-json\/wp\/v2\/posts\/131","targetHints":{"allow":["GET"]}}],"collection":[{"href":"https:\/\/hoyre.no\/baerum\/wp-json\/wp\/v2\/posts"}],"about":[{"href":"https:\/\/hoyre.no\/baerum\/wp-json\/wp\/v2\/types\/post"}],"replies":[{"embeddable":true,"href":"https:\/\/hoyre.no\/baerum\/wp-json\/wp\/v2\/comments?post=131"}],"version-history":[{"count":0,"href":"https:\/\/hoyre.no\/baerum\/wp-json\/wp\/v2\/posts\/131\/revisions"}],"wp:attachment":[{"href":"https:\/\/hoyre.no\/baerum\/wp-json\/wp\/v2\/media?parent=131"}],"wp:term":[{"taxonomy":"category","embeddable":true,"href":"https:\/\/hoyre.no\/baerum\/wp-json\/wp\/v2\/category?post=131"},{"taxonomy":"post_tag","embeddable":true,"href":"https:\/\/hoyre.no\/baerum\/wp-json\/wp\/v2\/post_tag?post=131"},{"taxonomy":"hoyre-visibility","embeddable":true,"href":"https:\/\/hoyre.no\/baerum\/wp-json\/wp\/v2\/hoyre-visibility?post=131"},{"taxonomy":"article-type","embeddable":true,"href":"https:\/\/hoyre.no\/baerum\/wp-json\/wp\/v2\/article-type?post=131"},{"taxonomy":"politician","embeddable":true,"href":"https:\/\/hoyre.no\/baerum\/wp-json\/wp\/v2\/politician?post=131"}],"curies":[{"name":"wp","href":"https:\/\/api.w.org\/{rel}","templated":true}]}}