{"id":155,"date":"2016-11-29T23:00:00","date_gmt":"2016-11-29T22:00:00","guid":{"rendered":"https:\/\/hoyre.no\/baerum\/aktuelt\/politisk-venstrehand\/"},"modified":"2016-11-29T23:00:00","modified_gmt":"2016-11-29T22:00:00","slug":"politisk-venstrehand","status":"publish","type":"post","link":"https:\/\/hoyre.no\/baerum\/aktuelt\/politisk-venstrehand\/","title":{"rendered":"Politisk venstreh\u00e5ndsarbeid fra Venstre"},"content":{"rendered":"<p class=\"preamble\">Innkj\u00f8p. Erfaring fra n\u00e6ringslivet viser at anskaffelser er et fag og en kompetanse som kan skape store verdier n\u00e5r det gj\u00f8res profesjonelt. Men i B\u00e6rum kommune har innkj\u00f8p tilsvarende 160 millioner kroner, eller enkeltinnkj\u00f8p under 500.000 kroner, blitt h\u00e5ndtert av tjenestelederne i kommunen, som ikke har profesjonell spisskompetanse p\u00e5 innkj\u00f8p.<\/p>\t\t\t<div class=\"post-meta wp-block teft-byline-wrapper\">\n\t\t\t\t<div class=\"top\">\n\t\t\t\t\t<div class=\"signature\">\n\t\t\t\t\t\t<div class=\"teft-byline\">\n\t\t\t\t\t\t\t\t\t\t\t\t\t\t<div>\n\t\t\t\t\t\t\t\t<h3>H\u00f8yres redaksjon<\/h3>\t\t\t\t\t\t\t\t\n\t\t\t\t\t\t\t\t\t\t\t\t\t\t\t\t\t<span class=\"date\">Sist oppdatert: 29. november 2016<\/span>\n\t\t\t\t\t\t\t\t\t\t\t\t\t\t\t\t\t\t\t\t\t\t\t\t\t<span class=\"reading-time\" itemprop=\"timeRequired\" content=\"PT2M\"><em>Ca. 2 minutter lesetid<\/em><\/span>\n\t\t\t\t\t\t\t\t\t\t\t\t\t\t\t<\/div>\n\t\t\t\t\t\t<\/div>\n\t\t\t\t\t<\/div>\n\t\t\t\t\t\t<div class=\"sharing\">\n\t\t<a class=\"share-button share-link copy-link\" data-copy=\"https:\/\/hoyre.no\/baerum\/aktuelt\/politisk-venstrehand\/\" target=\"_blank\"><span class=\"screen-reader-text\">Del link<\/span><\/a>\n\t\t<a class=\"share-button share-twitter\" href=\"http:\/\/twitter.com\/share?text=Politisk venstreh\u00e5ndsarbeid fra Venstre&#038;url=https:\/\/hoyre.no\/baerum\/aktuelt\/politisk-venstrehand\/&#038;hashtags=Hoyre\" target=\"_blank\"><span class=\"screen-reader-text\">Del p\u00e5 twitter<\/span><\/a>\n\t\t<a class=\"share-button share-facebook\" href=\"https:\/\/www.facebook.com\/sharer\/sharer.php?u=https:\/\/hoyre.no\/baerum\/aktuelt\/politisk-venstrehand\/\" target=\"_blank\"><span class=\"screen-reader-text\">Del p\u00e5 facebook<\/span><\/a>\n\t<\/div>\n\t\t\t\t\t<\/div>\n\t\t\t<\/div>\n\n\t\t\t<figure class=\"hoyre-image-wrapper\"><div class=\"hoyre-image\"><img loading=\"lazy\" decoding=\"async\" width=\"2560\" height=\"2318\" src=\"https:\/\/hoyre.no\/content\/uploads\/sites\/200\/2020\/11\/erik-storelv-portret_1-scaled.jpg\" class=\"attachment-scaled size-scaled\" alt=\"\" style=\"object-position: 50% 50%\" srcset=\"https:\/\/hoyre.no\/content\/uploads\/sites\/200\/2020\/11\/erik-storelv-portret_1-scaled.jpg 2560w, https:\/\/hoyre.no\/content\/uploads\/sites\/200\/2020\/11\/erik-storelv-portret_1-300x272.jpg 300w, https:\/\/hoyre.no\/content\/uploads\/sites\/200\/2020\/11\/erik-storelv-portret_1-1024x927.jpg 1024w, https:\/\/hoyre.no\/content\/uploads\/sites\/200\/2020\/11\/erik-storelv-portret_1-768x695.jpg 768w, https:\/\/hoyre.no\/content\/uploads\/sites\/200\/2020\/11\/erik-storelv-portret_1-1536x1391.jpg 1536w, https:\/\/hoyre.no\/content\/uploads\/sites\/200\/2020\/11\/erik-storelv-portret_1-2048x1854.jpg 2048w\" sizes=\"auto, (max-width: 2560px) 100vw, 2560px\" \/><\/div><\/figure><div id=\"hoyre-old-article-content-wrapper\"><p> Dette underbygges ogs\u00e5 ved at Forvaltningsrevisjonen har funnet et kritisk h\u00f8yt antall lovbrudd blant tjenestelederne h\u00e5ndtering av innkj\u00f8p. H\u00f8yre, ved kommunestyrerepresentant Gisle Bugn, har derfor foresl\u00e5tt at Anskaffelsesenheten, som er ekspert p\u00e5 innkj\u00f8p, ogs\u00e5 skal ha ansvar for alle innkj\u00f8p over 100.000 kroner. R\u00e5dmannen mener dette kan gi gevinster som lavere innkj\u00f8pspriser, redusert risiko for regelbrudd og billigere drift av kommunale tjenester. <\/p><p>Det burde derfor v\u00e6re en tverrpolitisk enighet om dette. Men i et innlegg 17. november gir Venstres Edvard V\u00e6rland og Wenche Steen uttrykk for \u00e5 ville beholde ting uforandret. Disse representantene undervurderer kompetansekravet p\u00e5 innkj\u00f8p, og argumenterer at siden innkj\u00f8p gj\u00f8res gjennom rammeavtaler vil de ufagl\u00e6rte h\u00e5ndtere dette like bra. Men det er basert p\u00e5 en misforst\u00e5else av innkj\u00f8psfunksjonens natur og potensial for kommersiell adferd. Rammeavtaler er bare et verkt\u00f8y, og selv innenfor disse finnes betydelig rom for forhandlinger og justeringer. Det var overmodent \u00e5 endre praksis for \u00e5 kunne f\u00f8lge med i tiden. <\/p><p>Det er egentlig overraskende at den kommunal\u00f8konomiske kompetansen ikke har tatt tak i dette f\u00f8r, og at det m\u00e5tte et politisk initiativ fra H\u00f8yres Gisle Bjugn. Faktum er at Venstre har stemt for dyrere og d\u00e5rligere innkj\u00f8pstjenester i B\u00e6rum kommune. Det kunne bli dyrt for innbyggerne i B\u00e6rum. Vedtaket vil spare kommunen b\u00e5de for omd\u00f8mmetap og flere millioner kroner i \u00e5rene som kommer.  <br \/><\/p><\/div>\n<div class=\"tags\">\n\t<\/div>\n<div class=\"post-footer alignfull has-background block-editor-block-list__block\" data-align=full>\n\t<div class=\"post-footer-inner\">\n\t\t<h3>Relaterte artikler<\/h3>\n\t\t<div class=\"related-content\"><div class=\"is-card-hoyre\">\n\t<div class=\"teft-card hoyre-teft-card post-teft-card\">\n\t\t<a href=\"https:\/\/hoyre.no\/baerum\/aktuelt\/nominasjon-i-baerum-hoyre-3\/\" class=\"teft-card__primary-action\">\n\n\t\t\t\t\t<div class=\"teft-card__media teft-card__media--16-9\">\n\t\t\t\t\t\t<img loading=\"lazy\" decoding=\"async\" width=\"768\" height=\"512\" src=\"https:\/\/hoyre.no\/content\/uploads\/sites\/200\/2025\/11\/Trine-Lise-Foto-CF-Wesenberg-red-768x512.jpg\" class=\"attachment-medium_large size-medium_large\" alt=\"\" srcset=\"https:\/\/hoyre.no\/content\/uploads\/sites\/200\/2025\/11\/Trine-Lise-Foto-CF-Wesenberg-red-768x512.jpg 768w, https:\/\/hoyre.no\/content\/uploads\/sites\/200\/2025\/11\/Trine-Lise-Foto-CF-Wesenberg-red-300x200.jpg 300w, https:\/\/hoyre.no\/content\/uploads\/sites\/200\/2025\/11\/Trine-Lise-Foto-CF-Wesenberg-red-1024x683.jpg 1024w, https:\/\/hoyre.no\/content\/uploads\/sites\/200\/2025\/11\/Trine-Lise-Foto-CF-Wesenberg-red.jpg 1200w\" sizes=\"auto, (max-width: 768px) 100vw, 768px\" \/>\t\t<\/div>\n\t\t\n\t\t\t<div class=\"teft-card__content-wrapper\">\n\t\t\t\t<div class=\"teft-card__secondary\">\n\t\t\t\t\t\n\t\t\t\t\t\t\t\t<div class=\"teft-card__meta\">\n\t\t\t\t\t\t\t\t\t<span class=\"post-date\">9. apr 2026<\/span>\n\n\t\t\t\t\t\t\t\t\t<span class=\"post-category\">Nyheter<\/span>\t\t\t\t\t\t\t\t<\/div>\n\t\t\t\t\t\t\t\t\t\t\t<\/div>\n\n\t\t\t\t<div class=\"teft-card__primary\">\n\t\t\t\t\t<h2 class=\"teft-card__title\">Nominasjon i B\u00e6rum H\u00f8yre&nbsp;<span class=\"teft-card__primary-title-append\"><\/span><\/h2>\t\t\t\t<\/div>\n\t\t\t<\/div>\n\t\t<\/a>\n\t<\/div>\n\n\t<\/div><div class=\"is-card-hoyre\">\n\t<div class=\"teft-card hoyre-teft-card post-teft-card\">\n\t\t<a href=\"https:\/\/hoyre.no\/baerum\/aktuelt\/dagtilbudet-skal-vaere-trygt-godt-og-meningsfullt\/\" class=\"teft-card__primary-action\">\n\n\t\t\t\t\t<div class=\"teft-card__media teft-card__media--16-9\">\n\t\t\t\t\t\t<img loading=\"lazy\" decoding=\"async\" width=\"768\" height=\"511\" src=\"https:\/\/hoyre.no\/content\/uploads\/sites\/200\/2025\/12\/Wenche-Steen-og-Haakon-Sandven-768x511.jpg\" class=\"attachment-medium_large size-medium_large\" alt=\"\" srcset=\"https:\/\/hoyre.no\/content\/uploads\/sites\/200\/2025\/12\/Wenche-Steen-og-Haakon-Sandven-768x511.jpg 768w, https:\/\/hoyre.no\/content\/uploads\/sites\/200\/2025\/12\/Wenche-Steen-og-Haakon-Sandven-300x200.jpg 300w, https:\/\/hoyre.no\/content\/uploads\/sites\/200\/2025\/12\/Wenche-Steen-og-Haakon-Sandven.jpg 944w\" sizes=\"auto, (max-width: 768px) 100vw, 768px\" \/>\t\t<\/div>\n\t\t\n\t\t\t<div class=\"teft-card__content-wrapper\">\n\t\t\t\t<div class=\"teft-card__secondary\">\n\t\t\t\t\t\n\t\t\t\t\t\t\t\t<div class=\"teft-card__meta\">\n\t\t\t\t\t\t\t\t\t<span class=\"post-date\">25. apr 2026<\/span>\n\n\t\t\t\t\t\t\t\t\t<span class=\"post-category\">Nyheter<\/span>\t\t\t\t\t\t\t\t<\/div>\n\t\t\t\t\t\t\t\t\t\t\t<\/div>\n\n\t\t\t\t<div class=\"teft-card__primary\">\n\t\t\t\t\t<h2 class=\"teft-card__title\">Dagtilbudet skal v\u00e6re trygt, godt og meningsfullt&nbsp;<span class=\"teft-card__primary-title-append\"><\/span><\/h2>\t\t\t\t<\/div>\n\t\t\t<\/div>\n\t\t<\/a>\n\t<\/div>\n\n\t<\/div><div class=\"is-card-hoyre\">\n\t<div class=\"teft-card hoyre-teft-card post-teft-card\">\n\t\t<a href=\"https:\/\/hoyre.no\/baerum\/aktuelt\/mer-idrettsglede-til-barn-og-unge\/\" class=\"teft-card__primary-action\">\n\n\t\t\t\t\t<div class=\"teft-card__media teft-card__media--16-9\">\n\t\t\t\t\t\t<img loading=\"lazy\" decoding=\"async\" width=\"768\" height=\"1024\" src=\"https:\/\/hoyre.no\/content\/uploads\/sites\/200\/2026\/04\/Trine-Lise-Ostlund-Blime-idrett-privat-768x1024.jpg\" class=\"attachment-medium_large size-medium_large\" alt=\"\" srcset=\"https:\/\/hoyre.no\/content\/uploads\/sites\/200\/2026\/04\/Trine-Lise-Ostlund-Blime-idrett-privat-768x1024.jpg 768w, https:\/\/hoyre.no\/content\/uploads\/sites\/200\/2026\/04\/Trine-Lise-Ostlund-Blime-idrett-privat-225x300.jpg 225w, https:\/\/hoyre.no\/content\/uploads\/sites\/200\/2026\/04\/Trine-Lise-Ostlund-Blime-idrett-privat.jpg 900w\" sizes=\"auto, (max-width: 768px) 100vw, 768px\" \/>\t\t<\/div>\n\t\t\n\t\t\t<div class=\"teft-card__content-wrapper\">\n\t\t\t\t<div class=\"teft-card__secondary\">\n\t\t\t\t\t\n\t\t\t\t\t\t\t\t<div class=\"teft-card__meta\">\n\t\t\t\t\t\t\t\t\t<span class=\"post-date\">20. apr 2026<\/span>\n\n\t\t\t\t\t\t\t\t\t<span class=\"post-category\">Nyheter<\/span>\t\t\t\t\t\t\t\t<\/div>\n\t\t\t\t\t\t\t\t\t\t\t<\/div>\n\n\t\t\t\t<div class=\"teft-card__primary\">\n\t\t\t\t\t<h2 class=\"teft-card__title\">Mer idrettsglede til barn og unge&nbsp;<span class=\"teft-card__primary-title-append\"><\/span><\/h2>\t\t\t\t<\/div>\n\t\t\t<\/div>\n\t\t<\/a>\n\t<\/div>\n\n\t<\/div><\/div>\t<\/div>\n<\/div>\n","protected":false},"excerpt":{"rendered":"","protected":false},"author":0,"featured_media":0,"comment_status":"closed","ping_status":"closed","sticky":false,"template":"","format":"standard","meta":{"teft_cards_image_url":"https:\/\/hoyre.no\/content\/uploads\/sites\/200\/2020\/11\/erik-storelv-portret_1-scaled.jpg","teft_cards_custom_pretitle":"","teft_cards_image_id":154,"teft_cards_image_focal_point_x":0,"teft_cards_image_focal_point_y":0,"teft_cards_title":"","teft_cards_excerpt":"","teft_show_chapters":false,"author_display_name":"Erik Storelv, styremedlem Hosle krets, B\u00e6rum H\u00f8yre","footnotes":""},"category":[1],"post_tag":[],"hoyre-visibility":[],"article-type":[],"politician":[],"class_list":["post-155","post","type-post","status-publish","format-standard","hentry","category-ukategorisert"],"yoast_head":"<!-- This site is optimized with the Yoast SEO plugin v26.6 - https:\/\/yoast.com\/wordpress\/plugins\/seo\/ -->\n<title>Politisk venstreh\u00e5ndsarbeid fra Venstre - B\u00e6rum H\u00f8yre<\/title>\n<meta name=\"robots\" content=\"index, follow, max-snippet:-1, max-image-preview:large, max-video-preview:-1\" \/>\n<link rel=\"canonical\" href=\"https:\/\/hoyre.no\/baerum\/aktuelt\/politisk-venstrehand\/\" \/>\n<meta property=\"og:locale\" content=\"nb_NO\" \/>\n<meta property=\"og:type\" content=\"article\" \/>\n<meta property=\"og:title\" content=\"Politisk venstreh\u00e5ndsarbeid fra Venstre - B\u00e6rum H\u00f8yre\" \/>\n<meta property=\"og:url\" content=\"https:\/\/hoyre.no\/baerum\/aktuelt\/politisk-venstrehand\/\" \/>\n<meta property=\"og:site_name\" content=\"B\u00e6rum H\u00f8yre\" \/>\n<meta property=\"article:published_time\" content=\"2016-11-29T22:00:00+00:00\" \/>\n<meta property=\"og:image\" content=\"https:\/\/hoyre.no\/content\/uploads\/sites\/200\/2026\/04\/Trine-Lise-Ostlund-Blime-priv-red.jpg\" \/>\n<meta name=\"twitter:card\" content=\"summary_large_image\" \/>\n<meta name=\"twitter:label1\" content=\"Ansl. lesetid\" \/>\n\t<meta name=\"twitter:data1\" content=\"2 minutter\" \/>\n<script type=\"application\/ld+json\" class=\"yoast-schema-graph\">{\"@context\":\"https:\/\/schema.org\",\"@graph\":[{\"@type\":\"NewsArticle\",\"@id\":\"https:\/\/hoyre.no\/baerum\/aktuelt\/politisk-venstrehand\/\",\"url\":\"https:\/\/hoyre.no\/baerum\/aktuelt\/politisk-venstrehand\/\",\"name\":\"Politisk venstreh\u00e5ndsarbeid fra Venstre - B\u00e6rum H\u00f8yre\",\"isPartOf\":{\"@id\":\"https:\/\/hoyre.no\/baerum\/#website\"},\"datePublished\":\"2016-11-29T22:00:00+00:00\",\"author\":{\"@id\":\"\"},\"breadcrumb\":{\"@id\":\"https:\/\/hoyre.no\/baerum\/aktuelt\/politisk-venstrehand\/#breadcrumb\"},\"inLanguage\":\"nb-NO\",\"potentialAction\":[{\"@type\":\"ReadAction\",\"target\":[\"https:\/\/hoyre.no\/baerum\/aktuelt\/politisk-venstrehand\/\"]}]},{\"@type\":\"BreadcrumbList\",\"@id\":\"https:\/\/hoyre.no\/baerum\/aktuelt\/politisk-venstrehand\/#breadcrumb\",\"itemListElement\":[{\"@type\":\"ListItem\",\"position\":1,\"name\":\"Til hoyre.no\",\"item\":\"https:\/\/hoyre.no\"},{\"@type\":\"ListItem\",\"position\":2,\"name\":\"Hjem\",\"item\":\"https:\/\/hoyre.no\/baerum\/\"},{\"@type\":\"ListItem\",\"position\":3,\"name\":\"Politisk venstreh\u00e5ndsarbeid fra Venstre\"}]},{\"@type\":\"WebSite\",\"@id\":\"https:\/\/hoyre.no\/baerum\/#website\",\"url\":\"https:\/\/hoyre.no\/baerum\/\",\"name\":\"B\u00e6rum H\u00f8yre\",\"description\":\"Bare enda et H\u00f8yres nettsteder-nettsted\",\"inLanguage\":\"nb-NO\"}]}<\/script>\n<!-- \/ Yoast SEO plugin. -->","yoast_head_json":{"title":"Politisk venstreh\u00e5ndsarbeid fra Venstre - B\u00e6rum H\u00f8yre","robots":{"index":"index","follow":"follow","max-snippet":"max-snippet:-1","max-image-preview":"max-image-preview:large","max-video-preview":"max-video-preview:-1"},"canonical":"https:\/\/hoyre.no\/baerum\/aktuelt\/politisk-venstrehand\/","og_locale":"nb_NO","og_type":"article","og_title":"Politisk venstreh\u00e5ndsarbeid fra Venstre - B\u00e6rum H\u00f8yre","og_url":"https:\/\/hoyre.no\/baerum\/aktuelt\/politisk-venstrehand\/","og_site_name":"B\u00e6rum H\u00f8yre","article_published_time":"2016-11-29T22:00:00+00:00","og_image":[{"url":"https:\/\/hoyre.no\/content\/uploads\/sites\/200\/2026\/04\/Trine-Lise-Ostlund-Blime-priv-red.jpg","width":"","height":"","type":""}],"twitter_card":"summary_large_image","twitter_misc":{"Ansl. lesetid":"2 minutter"},"schema":{"@context":"https:\/\/schema.org","@graph":[{"@type":"NewsArticle","@id":"https:\/\/hoyre.no\/baerum\/aktuelt\/politisk-venstrehand\/","url":"https:\/\/hoyre.no\/baerum\/aktuelt\/politisk-venstrehand\/","name":"Politisk venstreh\u00e5ndsarbeid fra Venstre - B\u00e6rum H\u00f8yre","isPartOf":{"@id":"https:\/\/hoyre.no\/baerum\/#website"},"datePublished":"2016-11-29T22:00:00+00:00","author":{"@id":""},"breadcrumb":{"@id":"https:\/\/hoyre.no\/baerum\/aktuelt\/politisk-venstrehand\/#breadcrumb"},"inLanguage":"nb-NO","potentialAction":[{"@type":"ReadAction","target":["https:\/\/hoyre.no\/baerum\/aktuelt\/politisk-venstrehand\/"]}]},{"@type":"BreadcrumbList","@id":"https:\/\/hoyre.no\/baerum\/aktuelt\/politisk-venstrehand\/#breadcrumb","itemListElement":[{"@type":"ListItem","position":1,"name":"Til hoyre.no","item":"https:\/\/hoyre.no"},{"@type":"ListItem","position":2,"name":"Hjem","item":"https:\/\/hoyre.no\/baerum\/"},{"@type":"ListItem","position":3,"name":"Politisk venstreh\u00e5ndsarbeid fra Venstre"}]},{"@type":"WebSite","@id":"https:\/\/hoyre.no\/baerum\/#website","url":"https:\/\/hoyre.no\/baerum\/","name":"B\u00e6rum H\u00f8yre","description":"Bare enda et H\u00f8yres nettsteder-nettsted","inLanguage":"nb-NO"}]}},"distributor_meta":false,"distributor_terms":false,"distributor_media":false,"distributor_original_site_name":"B\u00e6rum H\u00f8yre","distributor_original_site_url":"https:\/\/hoyre.no\/baerum","push-errors":false,"_links":{"self":[{"href":"https:\/\/hoyre.no\/baerum\/wp-json\/wp\/v2\/posts\/155","targetHints":{"allow":["GET"]}}],"collection":[{"href":"https:\/\/hoyre.no\/baerum\/wp-json\/wp\/v2\/posts"}],"about":[{"href":"https:\/\/hoyre.no\/baerum\/wp-json\/wp\/v2\/types\/post"}],"replies":[{"embeddable":true,"href":"https:\/\/hoyre.no\/baerum\/wp-json\/wp\/v2\/comments?post=155"}],"version-history":[{"count":0,"href":"https:\/\/hoyre.no\/baerum\/wp-json\/wp\/v2\/posts\/155\/revisions"}],"wp:attachment":[{"href":"https:\/\/hoyre.no\/baerum\/wp-json\/wp\/v2\/media?parent=155"}],"wp:term":[{"taxonomy":"category","embeddable":true,"href":"https:\/\/hoyre.no\/baerum\/wp-json\/wp\/v2\/category?post=155"},{"taxonomy":"post_tag","embeddable":true,"href":"https:\/\/hoyre.no\/baerum\/wp-json\/wp\/v2\/post_tag?post=155"},{"taxonomy":"hoyre-visibility","embeddable":true,"href":"https:\/\/hoyre.no\/baerum\/wp-json\/wp\/v2\/hoyre-visibility?post=155"},{"taxonomy":"article-type","embeddable":true,"href":"https:\/\/hoyre.no\/baerum\/wp-json\/wp\/v2\/article-type?post=155"},{"taxonomy":"politician","embeddable":true,"href":"https:\/\/hoyre.no\/baerum\/wp-json\/wp\/v2\/politician?post=155"}],"curies":[{"name":"wp","href":"https:\/\/api.w.org\/{rel}","templated":true}]}}