{"id":160,"date":"2016-09-21T22:00:00","date_gmt":"2016-09-21T20:00:00","guid":{"rendered":"https:\/\/hoyre.no\/baerum\/aktuelt\/regionreform-er-nest\/"},"modified":"2016-09-21T22:00:00","modified_gmt":"2016-09-21T20:00:00","slug":"regionreform-er-nest","status":"publish","type":"post","link":"https:\/\/hoyre.no\/baerum\/aktuelt\/regionreform-er-nest\/","title":{"rendered":"Regionreform, er \u00abnest best\u00bb god nok l\u00f8sning for Akershus?"},"content":{"rendered":"<p class=\"preamble\">\u00abN\u00e5 har fylkeskommunene mulighet til \u00e5 sette seg i f\u00f8rersetet og utvikle en fremtidsrettet regional struktur som setter dem i stand til \u00e5 legge premisser for samfunnsutviklingen og ta lederskap p\u00e5 viktige samfunnsomr\u00e5der\u00bb, sitat kommunal- og moderniseringsminister Jan Tore Sanner. Dette er en viktig f\u00f8ring. I tillegg vet vi at regjeringen ser for seg omtrent 10 nye regioner i stedet for dagens 19 fylker.<\/p>\t\t\t<div class=\"post-meta wp-block teft-byline-wrapper\">\n\t\t\t\t<div class=\"top\">\n\t\t\t\t\t<div class=\"signature\">\n\t\t\t\t\t\t<div class=\"teft-byline\">\n\t\t\t\t\t\t\t\t\t\t\t\t\t\t<div>\n\t\t\t\t\t\t\t\t<h3>H\u00f8yres redaksjon<\/h3>\t\t\t\t\t\t\t\t\n\t\t\t\t\t\t\t\t\t\t\t\t\t\t\t\t\t<span class=\"date\">Sist oppdatert: 21. september 2016<\/span>\n\t\t\t\t\t\t\t\t\t\t\t\t\t\t\t\t\t\t\t\t\t\t\t\t\t<span class=\"reading-time\" itemprop=\"timeRequired\" content=\"PT3M\"><em>Ca. 3 minutter lesetid<\/em><\/span>\n\t\t\t\t\t\t\t\t\t\t\t\t\t\t\t<\/div>\n\t\t\t\t\t\t<\/div>\n\t\t\t\t\t<\/div>\n\t\t\t\t\t\t<div class=\"sharing\">\n\t\t<a class=\"share-button share-link copy-link\" data-copy=\"https:\/\/hoyre.no\/baerum\/aktuelt\/regionreform-er-nest\/\" target=\"_blank\"><span class=\"screen-reader-text\">Del link<\/span><\/a>\n\t\t<a class=\"share-button share-twitter\" href=\"http:\/\/twitter.com\/share?text=Regionreform, er \u00abnest best\u00bb god nok l\u00f8sning for Akershus?&#038;url=https:\/\/hoyre.no\/baerum\/aktuelt\/regionreform-er-nest\/&#038;hashtags=Hoyre\" target=\"_blank\"><span class=\"screen-reader-text\">Del p\u00e5 twitter<\/span><\/a>\n\t\t<a class=\"share-button share-facebook\" href=\"https:\/\/www.facebook.com\/sharer\/sharer.php?u=https:\/\/hoyre.no\/baerum\/aktuelt\/regionreform-er-nest\/\" target=\"_blank\"><span class=\"screen-reader-text\">Del p\u00e5 facebook<\/span><\/a>\n\t<\/div>\n\t\t\t\t\t<\/div>\n\t\t\t<\/div>\n\n\t\t\t<figure class=\"hoyre-image-wrapper\"><div class=\"hoyre-image\"><img loading=\"lazy\" decoding=\"async\" width=\"1510\" height=\"2268\" src=\"https:\/\/hoyre.no\/content\/uploads\/sites\/200\/2020\/11\/150427b-rum-114-edit.jpg\" class=\"attachment-scaled size-scaled\" alt=\"\" style=\"object-position: 50% 50%\" srcset=\"https:\/\/hoyre.no\/content\/uploads\/sites\/200\/2020\/11\/150427b-rum-114-edit.jpg 1510w, https:\/\/hoyre.no\/content\/uploads\/sites\/200\/2020\/11\/150427b-rum-114-edit-200x300.jpg 200w, https:\/\/hoyre.no\/content\/uploads\/sites\/200\/2020\/11\/150427b-rum-114-edit-682x1024.jpg 682w, https:\/\/hoyre.no\/content\/uploads\/sites\/200\/2020\/11\/150427b-rum-114-edit-768x1154.jpg 768w, https:\/\/hoyre.no\/content\/uploads\/sites\/200\/2020\/11\/150427b-rum-114-edit-1023x1536.jpg 1023w, https:\/\/hoyre.no\/content\/uploads\/sites\/200\/2020\/11\/150427b-rum-114-edit-1364x2048.jpg 1364w\" sizes=\"auto, (max-width: 1510px) 100vw, 1510px\" \/><\/div><\/figure><div id=\"hoyre-old-article-content-wrapper\"><p> Regionene er tiltenkt \u00e5 ha en helhetlig \u00absamfunnsutviklerrolle\u00bb innen viktige omr\u00e5der som samfunns- og arealplanlegging, samferdsel, n\u00e6ringsutvikling, klima og milj\u00f8, folkehelse og kultur for \u00e5 nevne noe. Det betyr at regionene skal sette m\u00e5l, og skape oppslutning om felles strategier for \u00e5 n\u00e5 disse m\u00e5lene. Da m\u00e5 det tenkes helhetlig og langsiktig, innsatsen og virkemidlene m\u00e5 dra i samme retning og sannsynligheten for at noen vil lykkes alene er ikke s\u00e6rlig stor. <\/p><p>I dag ser vi i v\u00e5re fylker store utfordringer i samfunns- og arealplanleggingen, i \u00e5 f\u00e5 bygd nok boliger, samhandlingen p\u00e5 samferdselssiden og ikke minst innen klima og milj\u00f8. Folketallet i de st\u00f8rste byene i Norge vil fortsette \u00e5 \u00f8ke og sannsynligvis vokse mer enn veksten i andre europeiske byer. Oslo og Akershus vil eksempelvis ha en beregnet befolknings\u00f8kning fram mot 2040 p\u00e5 mellom 30 og 40%. Dette vil stille store krav til offentlig infra- og samferdselsinfrastruktur. Boligettersp\u00f8rselen vil \u00f8ke dramatisk og legge press p\u00e5 priser og arealutnyttelse og medf\u00f8re ytterligere sosiale utfordringer, blant annet sett i lys av krav til kompetanseutvikling, arbeid og integrering for \u00e5 nevne noe. Utbygging av en samferdselsinfrastruktur til omkringliggende regioner og med betydelig kapasitetsutvidelse b\u00e5de i tid, frekvens og volum vil forsterke arbeidspendlertrafikken til Oslo og legge ytterligere byrder p\u00e5 storbyens trafikale utfordringer. <\/p><p>Jeg mener vi har et alvorlig problem n\u00e5r Oslo som hovedstad og med sin beliggenhet ikke engang \u00f8nsker \u00e5 delta i diskusjonene om hvordan en fremtidig hovedstadregion skal se ut. En ny storregion \u00abViken\u00bb med fylkene Akershus, Buskerud, Vestfold og \u00d8stfold med dagens fylkesgrenser vil ikke kunne l\u00f8se disse utfordringene alene uten at Oslo som hovedstad tar aktivt del. \u00abViken\u00bb som ny region uten Oslo blir n\u00e6rmest som en kropp uten hjerte. Med andre ord den vil fungere d\u00e5rlig! Og noe s\u00e6rlig fremtidsrettet samfunnsutvikling kan det ikke sies \u00e5 v\u00e6re. I denne sammenheng er ikke \u00abnest best\u00bb noe alternativ. Den optimale l\u00f8sningen inkluderer Oslo, noe annet blir som \u00e5 g\u00e5 med ryggen inn i fremtiden! Selv regjerningen Stoltenberg i Hovedstadsmeldingen (2006-07) konkludere med; \u00abdagens organisering og ansvarsfordeling innenfor Hovedstadsregionen ivaretar ikke behovet for god demokratisk styring og kontroll av offentlige oppgaver. Styringsutfordringene i regionen m\u00e5 l\u00f8ses fordi beslutninger ett sted har store konsekvenser andre steder. B\u00e5de for demokrati og effektivitet er det derfor viktig at beslutninger i regionen blir reelt samordnet.\u00bb Og hvordan da noen i det hele tatt kan tenke seg en hovedstadsregion uten Oslo er for meg helt ubegripelig, eller skal Oslo v\u00e6re hovedstadsregion alene?<\/p><p>Noe tydelig regionalt politisk lederskap fra hovedstaden sin side er det i alle fall ikke! <\/p><p><b>Siw Wikan<\/b><\/p><p><i>Kommunestyre- og formannskapsmedlem <\/i><\/p><p><i>Leder B\u00e6rum H\u00f8yre<\/i><\/p><p><br \/><\/p><\/div>\n<div class=\"tags\">\n\t<\/div>\n<div class=\"post-footer alignfull has-background block-editor-block-list__block\" data-align=full>\n\t<div class=\"post-footer-inner\">\n\t\t<h3>Relaterte artikler<\/h3>\n\t\t<div class=\"related-content\"><div class=\"is-card-hoyre\">\n\t<div class=\"teft-card hoyre-teft-card post-teft-card\">\n\t\t<a href=\"https:\/\/hoyre.no\/baerum\/aktuelt\/nominasjon-i-baerum-hoyre-3\/\" class=\"teft-card__primary-action\">\n\n\t\t\t\t\t<div class=\"teft-card__media teft-card__media--16-9\">\n\t\t\t\t\t\t<img loading=\"lazy\" decoding=\"async\" width=\"768\" height=\"512\" src=\"https:\/\/hoyre.no\/content\/uploads\/sites\/200\/2025\/11\/Trine-Lise-Foto-CF-Wesenberg-red-768x512.jpg\" class=\"attachment-medium_large size-medium_large\" alt=\"\" srcset=\"https:\/\/hoyre.no\/content\/uploads\/sites\/200\/2025\/11\/Trine-Lise-Foto-CF-Wesenberg-red-768x512.jpg 768w, https:\/\/hoyre.no\/content\/uploads\/sites\/200\/2025\/11\/Trine-Lise-Foto-CF-Wesenberg-red-300x200.jpg 300w, https:\/\/hoyre.no\/content\/uploads\/sites\/200\/2025\/11\/Trine-Lise-Foto-CF-Wesenberg-red-1024x683.jpg 1024w, https:\/\/hoyre.no\/content\/uploads\/sites\/200\/2025\/11\/Trine-Lise-Foto-CF-Wesenberg-red.jpg 1200w\" sizes=\"auto, (max-width: 768px) 100vw, 768px\" \/>\t\t<\/div>\n\t\t\n\t\t\t<div class=\"teft-card__content-wrapper\">\n\t\t\t\t<div class=\"teft-card__secondary\">\n\t\t\t\t\t\n\t\t\t\t\t\t\t\t<div class=\"teft-card__meta\">\n\t\t\t\t\t\t\t\t\t<span class=\"post-date\">9. apr 2026<\/span>\n\n\t\t\t\t\t\t\t\t\t<span class=\"post-category\">Nyheter<\/span>\t\t\t\t\t\t\t\t<\/div>\n\t\t\t\t\t\t\t\t\t\t\t<\/div>\n\n\t\t\t\t<div class=\"teft-card__primary\">\n\t\t\t\t\t<h2 class=\"teft-card__title\">Nominasjon i B\u00e6rum H\u00f8yre&nbsp;<span class=\"teft-card__primary-title-append\"><\/span><\/h2>\t\t\t\t<\/div>\n\t\t\t<\/div>\n\t\t<\/a>\n\t<\/div>\n\n\t<\/div><div class=\"is-card-hoyre\">\n\t<div class=\"teft-card hoyre-teft-card post-teft-card\">\n\t\t<a href=\"https:\/\/hoyre.no\/baerum\/aktuelt\/dagtilbudet-skal-vaere-trygt-godt-og-meningsfullt\/\" class=\"teft-card__primary-action\">\n\n\t\t\t\t\t<div class=\"teft-card__media teft-card__media--16-9\">\n\t\t\t\t\t\t<img loading=\"lazy\" decoding=\"async\" width=\"768\" height=\"511\" src=\"https:\/\/hoyre.no\/content\/uploads\/sites\/200\/2025\/12\/Wenche-Steen-og-Haakon-Sandven-768x511.jpg\" class=\"attachment-medium_large size-medium_large\" alt=\"\" srcset=\"https:\/\/hoyre.no\/content\/uploads\/sites\/200\/2025\/12\/Wenche-Steen-og-Haakon-Sandven-768x511.jpg 768w, https:\/\/hoyre.no\/content\/uploads\/sites\/200\/2025\/12\/Wenche-Steen-og-Haakon-Sandven-300x200.jpg 300w, https:\/\/hoyre.no\/content\/uploads\/sites\/200\/2025\/12\/Wenche-Steen-og-Haakon-Sandven.jpg 944w\" sizes=\"auto, (max-width: 768px) 100vw, 768px\" \/>\t\t<\/div>\n\t\t\n\t\t\t<div class=\"teft-card__content-wrapper\">\n\t\t\t\t<div class=\"teft-card__secondary\">\n\t\t\t\t\t\n\t\t\t\t\t\t\t\t<div class=\"teft-card__meta\">\n\t\t\t\t\t\t\t\t\t<span class=\"post-date\">25. apr 2026<\/span>\n\n\t\t\t\t\t\t\t\t\t<span class=\"post-category\">Nyheter<\/span>\t\t\t\t\t\t\t\t<\/div>\n\t\t\t\t\t\t\t\t\t\t\t<\/div>\n\n\t\t\t\t<div class=\"teft-card__primary\">\n\t\t\t\t\t<h2 class=\"teft-card__title\">Dagtilbudet skal v\u00e6re trygt, godt og meningsfullt&nbsp;<span class=\"teft-card__primary-title-append\"><\/span><\/h2>\t\t\t\t<\/div>\n\t\t\t<\/div>\n\t\t<\/a>\n\t<\/div>\n\n\t<\/div><div class=\"is-card-hoyre\">\n\t<div class=\"teft-card hoyre-teft-card post-teft-card\">\n\t\t<a href=\"https:\/\/hoyre.no\/baerum\/aktuelt\/mer-idrettsglede-til-barn-og-unge\/\" class=\"teft-card__primary-action\">\n\n\t\t\t\t\t<div class=\"teft-card__media teft-card__media--16-9\">\n\t\t\t\t\t\t<img loading=\"lazy\" decoding=\"async\" width=\"768\" height=\"1024\" src=\"https:\/\/hoyre.no\/content\/uploads\/sites\/200\/2026\/04\/Trine-Lise-Ostlund-Blime-idrett-privat-768x1024.jpg\" class=\"attachment-medium_large size-medium_large\" alt=\"\" srcset=\"https:\/\/hoyre.no\/content\/uploads\/sites\/200\/2026\/04\/Trine-Lise-Ostlund-Blime-idrett-privat-768x1024.jpg 768w, https:\/\/hoyre.no\/content\/uploads\/sites\/200\/2026\/04\/Trine-Lise-Ostlund-Blime-idrett-privat-225x300.jpg 225w, https:\/\/hoyre.no\/content\/uploads\/sites\/200\/2026\/04\/Trine-Lise-Ostlund-Blime-idrett-privat.jpg 900w\" sizes=\"auto, (max-width: 768px) 100vw, 768px\" \/>\t\t<\/div>\n\t\t\n\t\t\t<div class=\"teft-card__content-wrapper\">\n\t\t\t\t<div class=\"teft-card__secondary\">\n\t\t\t\t\t\n\t\t\t\t\t\t\t\t<div class=\"teft-card__meta\">\n\t\t\t\t\t\t\t\t\t<span class=\"post-date\">20. apr 2026<\/span>\n\n\t\t\t\t\t\t\t\t\t<span class=\"post-category\">Nyheter<\/span>\t\t\t\t\t\t\t\t<\/div>\n\t\t\t\t\t\t\t\t\t\t\t<\/div>\n\n\t\t\t\t<div class=\"teft-card__primary\">\n\t\t\t\t\t<h2 class=\"teft-card__title\">Mer idrettsglede til barn og unge&nbsp;<span class=\"teft-card__primary-title-append\"><\/span><\/h2>\t\t\t\t<\/div>\n\t\t\t<\/div>\n\t\t<\/a>\n\t<\/div>\n\n\t<\/div><\/div>\t<\/div>\n<\/div>\n","protected":false},"excerpt":{"rendered":"","protected":false},"author":0,"featured_media":0,"comment_status":"closed","ping_status":"closed","sticky":false,"template":"","format":"standard","meta":{"teft_cards_image_url":"https:\/\/hoyre.no\/content\/uploads\/sites\/200\/2020\/11\/150427b-rum-114-edit.jpg","teft_cards_custom_pretitle":"","teft_cards_image_id":159,"teft_cards_image_focal_point_x":0,"teft_cards_image_focal_point_y":0,"teft_cards_title":"","teft_cards_excerpt":"","teft_show_chapters":false,"author_display_name":"Siw Wikan, leder B\u00e6rum H\u00f8yre, formannskapsmedlem","footnotes":""},"category":[1],"post_tag":[],"hoyre-visibility":[],"article-type":[],"politician":[],"class_list":["post-160","post","type-post","status-publish","format-standard","hentry","category-ukategorisert"],"yoast_head":"<!-- This site is optimized with the Yoast SEO plugin v26.6 - https:\/\/yoast.com\/wordpress\/plugins\/seo\/ -->\n<title>Regionreform, er \u00abnest best\u00bb god nok l\u00f8sning for Akershus? - B\u00e6rum H\u00f8yre<\/title>\n<meta name=\"robots\" content=\"index, follow, max-snippet:-1, max-image-preview:large, max-video-preview:-1\" \/>\n<link rel=\"canonical\" href=\"https:\/\/hoyre.no\/baerum\/aktuelt\/regionreform-er-nest\/\" \/>\n<meta property=\"og:locale\" content=\"nb_NO\" \/>\n<meta property=\"og:type\" content=\"article\" \/>\n<meta property=\"og:title\" content=\"Regionreform, er \u00abnest best\u00bb god nok l\u00f8sning for Akershus? - B\u00e6rum H\u00f8yre\" \/>\n<meta property=\"og:url\" content=\"https:\/\/hoyre.no\/baerum\/aktuelt\/regionreform-er-nest\/\" \/>\n<meta property=\"og:site_name\" content=\"B\u00e6rum H\u00f8yre\" \/>\n<meta property=\"article:published_time\" content=\"2016-09-21T20:00:00+00:00\" \/>\n<meta property=\"og:image\" content=\"https:\/\/hoyre.no\/content\/uploads\/sites\/200\/2026\/04\/Trine-Lise-Ostlund-Blime-priv-red.jpg\" \/>\n<meta name=\"twitter:card\" content=\"summary_large_image\" \/>\n<meta name=\"twitter:label1\" content=\"Ansl. lesetid\" \/>\n\t<meta name=\"twitter:data1\" content=\"3 minutter\" \/>\n<script type=\"application\/ld+json\" class=\"yoast-schema-graph\">{\"@context\":\"https:\/\/schema.org\",\"@graph\":[{\"@type\":\"NewsArticle\",\"@id\":\"https:\/\/hoyre.no\/baerum\/aktuelt\/regionreform-er-nest\/\",\"url\":\"https:\/\/hoyre.no\/baerum\/aktuelt\/regionreform-er-nest\/\",\"name\":\"Regionreform, er \u00abnest best\u00bb god nok l\u00f8sning for Akershus? - B\u00e6rum H\u00f8yre\",\"isPartOf\":{\"@id\":\"https:\/\/hoyre.no\/baerum\/#website\"},\"datePublished\":\"2016-09-21T20:00:00+00:00\",\"author\":{\"@id\":\"\"},\"breadcrumb\":{\"@id\":\"https:\/\/hoyre.no\/baerum\/aktuelt\/regionreform-er-nest\/#breadcrumb\"},\"inLanguage\":\"nb-NO\",\"potentialAction\":[{\"@type\":\"ReadAction\",\"target\":[\"https:\/\/hoyre.no\/baerum\/aktuelt\/regionreform-er-nest\/\"]}]},{\"@type\":\"BreadcrumbList\",\"@id\":\"https:\/\/hoyre.no\/baerum\/aktuelt\/regionreform-er-nest\/#breadcrumb\",\"itemListElement\":[{\"@type\":\"ListItem\",\"position\":1,\"name\":\"Til hoyre.no\",\"item\":\"https:\/\/hoyre.no\"},{\"@type\":\"ListItem\",\"position\":2,\"name\":\"Hjem\",\"item\":\"https:\/\/hoyre.no\/baerum\/\"},{\"@type\":\"ListItem\",\"position\":3,\"name\":\"Regionreform, er \u00abnest best\u00bb god nok l\u00f8sning for Akershus?\"}]},{\"@type\":\"WebSite\",\"@id\":\"https:\/\/hoyre.no\/baerum\/#website\",\"url\":\"https:\/\/hoyre.no\/baerum\/\",\"name\":\"B\u00e6rum H\u00f8yre\",\"description\":\"Bare enda et H\u00f8yres nettsteder-nettsted\",\"inLanguage\":\"nb-NO\"}]}<\/script>\n<!-- \/ Yoast SEO plugin. -->","yoast_head_json":{"title":"Regionreform, er \u00abnest best\u00bb god nok l\u00f8sning for Akershus? - B\u00e6rum H\u00f8yre","robots":{"index":"index","follow":"follow","max-snippet":"max-snippet:-1","max-image-preview":"max-image-preview:large","max-video-preview":"max-video-preview:-1"},"canonical":"https:\/\/hoyre.no\/baerum\/aktuelt\/regionreform-er-nest\/","og_locale":"nb_NO","og_type":"article","og_title":"Regionreform, er \u00abnest best\u00bb god nok l\u00f8sning for Akershus? - B\u00e6rum H\u00f8yre","og_url":"https:\/\/hoyre.no\/baerum\/aktuelt\/regionreform-er-nest\/","og_site_name":"B\u00e6rum H\u00f8yre","article_published_time":"2016-09-21T20:00:00+00:00","og_image":[{"url":"https:\/\/hoyre.no\/content\/uploads\/sites\/200\/2026\/04\/Trine-Lise-Ostlund-Blime-priv-red.jpg","width":"","height":"","type":""}],"twitter_card":"summary_large_image","twitter_misc":{"Ansl. lesetid":"3 minutter"},"schema":{"@context":"https:\/\/schema.org","@graph":[{"@type":"NewsArticle","@id":"https:\/\/hoyre.no\/baerum\/aktuelt\/regionreform-er-nest\/","url":"https:\/\/hoyre.no\/baerum\/aktuelt\/regionreform-er-nest\/","name":"Regionreform, er \u00abnest best\u00bb god nok l\u00f8sning for Akershus? - B\u00e6rum H\u00f8yre","isPartOf":{"@id":"https:\/\/hoyre.no\/baerum\/#website"},"datePublished":"2016-09-21T20:00:00+00:00","author":{"@id":""},"breadcrumb":{"@id":"https:\/\/hoyre.no\/baerum\/aktuelt\/regionreform-er-nest\/#breadcrumb"},"inLanguage":"nb-NO","potentialAction":[{"@type":"ReadAction","target":["https:\/\/hoyre.no\/baerum\/aktuelt\/regionreform-er-nest\/"]}]},{"@type":"BreadcrumbList","@id":"https:\/\/hoyre.no\/baerum\/aktuelt\/regionreform-er-nest\/#breadcrumb","itemListElement":[{"@type":"ListItem","position":1,"name":"Til hoyre.no","item":"https:\/\/hoyre.no"},{"@type":"ListItem","position":2,"name":"Hjem","item":"https:\/\/hoyre.no\/baerum\/"},{"@type":"ListItem","position":3,"name":"Regionreform, er \u00abnest best\u00bb god nok l\u00f8sning for Akershus?"}]},{"@type":"WebSite","@id":"https:\/\/hoyre.no\/baerum\/#website","url":"https:\/\/hoyre.no\/baerum\/","name":"B\u00e6rum H\u00f8yre","description":"Bare enda et H\u00f8yres nettsteder-nettsted","inLanguage":"nb-NO"}]}},"distributor_meta":false,"distributor_terms":false,"distributor_media":false,"distributor_original_site_name":"B\u00e6rum H\u00f8yre","distributor_original_site_url":"https:\/\/hoyre.no\/baerum","push-errors":false,"_links":{"self":[{"href":"https:\/\/hoyre.no\/baerum\/wp-json\/wp\/v2\/posts\/160","targetHints":{"allow":["GET"]}}],"collection":[{"href":"https:\/\/hoyre.no\/baerum\/wp-json\/wp\/v2\/posts"}],"about":[{"href":"https:\/\/hoyre.no\/baerum\/wp-json\/wp\/v2\/types\/post"}],"replies":[{"embeddable":true,"href":"https:\/\/hoyre.no\/baerum\/wp-json\/wp\/v2\/comments?post=160"}],"version-history":[{"count":0,"href":"https:\/\/hoyre.no\/baerum\/wp-json\/wp\/v2\/posts\/160\/revisions"}],"wp:attachment":[{"href":"https:\/\/hoyre.no\/baerum\/wp-json\/wp\/v2\/media?parent=160"}],"wp:term":[{"taxonomy":"category","embeddable":true,"href":"https:\/\/hoyre.no\/baerum\/wp-json\/wp\/v2\/category?post=160"},{"taxonomy":"post_tag","embeddable":true,"href":"https:\/\/hoyre.no\/baerum\/wp-json\/wp\/v2\/post_tag?post=160"},{"taxonomy":"hoyre-visibility","embeddable":true,"href":"https:\/\/hoyre.no\/baerum\/wp-json\/wp\/v2\/hoyre-visibility?post=160"},{"taxonomy":"article-type","embeddable":true,"href":"https:\/\/hoyre.no\/baerum\/wp-json\/wp\/v2\/article-type?post=160"},{"taxonomy":"politician","embeddable":true,"href":"https:\/\/hoyre.no\/baerum\/wp-json\/wp\/v2\/politician?post=160"}],"curies":[{"name":"wp","href":"https:\/\/api.w.org\/{rel}","templated":true}]}}