{"id":167,"date":"2016-08-25T22:00:00","date_gmt":"2016-08-25T20:00:00","guid":{"rendered":"https:\/\/hoyre.no\/baerum\/aktuelt\/selvkjorende-biler-v\/"},"modified":"2016-08-25T22:00:00","modified_gmt":"2016-08-25T20:00:00","slug":"selvkjorende-biler-v","status":"publish","type":"post","link":"https:\/\/hoyre.no\/baerum\/aktuelt\/selvkjorende-biler-v\/","title":{"rendered":"Selvkj\u00f8rende biler &#8211; velferdsteknologi som b\u00f8r testes i B\u00e6rum"},"content":{"rendered":"<p class=\"preamble\">Den teknologisk utviklingen er viktig ikke minst for personer med nedsatt funksjonsevne. Vi har f\u00e5tt avanserte rullestoler, digitale h\u00f8reapparater, robotst\u00f8vsuger, sensorer for varsling av fall, og mye annet. B\u00e6rum kommune er antakelig den kommunen i landet som er mest fremoverlent i satsingen p\u00e5 slik velferdsteknologi, b\u00e5de budsjettmessig og p\u00e5 annen m\u00e5te. Gode eksempler p\u00e5 dette er utpr\u00f8ving av GPS for personer med demens og trygghetspakker for hjemmeboende. Teknologien skal bl.a. bidra til \u00f8kt trygghet, mer sosial deltakelse og kulturell aktivitet. Vi vil etter hvert h\u00f8ste store frukter av kommunens satsing p\u00e5 velferdsteknologi, spesielt m\u00e5lt i at vi alle kan bo hjemme lenger.<\/p>\t\t\t<div class=\"post-meta wp-block teft-byline-wrapper\">\n\t\t\t\t<div class=\"top\">\n\t\t\t\t\t<div class=\"signature\">\n\t\t\t\t\t\t<div class=\"teft-byline\">\n\t\t\t\t\t\t\t\t\t\t\t\t\t\t<div>\n\t\t\t\t\t\t\t\t<h3>H\u00f8yres redaksjon<\/h3>\t\t\t\t\t\t\t\t\n\t\t\t\t\t\t\t\t\t\t\t\t\t\t\t\t\t<span class=\"date\">Sist oppdatert: 25. august 2016<\/span>\n\t\t\t\t\t\t\t\t\t\t\t\t\t\t\t\t\t\t\t\t\t\t\t\t\t<span class=\"reading-time\" itemprop=\"timeRequired\" content=\"PT3M\"><em>Ca. 3 minutter lesetid<\/em><\/span>\n\t\t\t\t\t\t\t\t\t\t\t\t\t\t\t<\/div>\n\t\t\t\t\t\t<\/div>\n\t\t\t\t\t<\/div>\n\t\t\t\t\t\t<div class=\"sharing\">\n\t\t<a class=\"share-button share-link copy-link\" data-copy=\"https:\/\/hoyre.no\/baerum\/aktuelt\/selvkjorende-biler-v\/\" target=\"_blank\"><span class=\"screen-reader-text\">Del link<\/span><\/a>\n\t\t<a class=\"share-button share-twitter\" href=\"http:\/\/twitter.com\/share?text=Selvkj\u00f8rende biler &#8211; velferdsteknologi som b\u00f8r testes i B\u00e6rum&#038;url=https:\/\/hoyre.no\/baerum\/aktuelt\/selvkjorende-biler-v\/&#038;hashtags=Hoyre\" target=\"_blank\"><span class=\"screen-reader-text\">Del p\u00e5 twitter<\/span><\/a>\n\t\t<a class=\"share-button share-facebook\" href=\"https:\/\/www.facebook.com\/sharer\/sharer.php?u=https:\/\/hoyre.no\/baerum\/aktuelt\/selvkjorende-biler-v\/\" target=\"_blank\"><span class=\"screen-reader-text\">Del p\u00e5 facebook<\/span><\/a>\n\t<\/div>\n\t\t\t\t\t<\/div>\n\t\t\t<\/div>\n\n\t\t\t<figure class=\"hoyre-image-wrapper\"><div class=\"hoyre-image\"><img loading=\"lazy\" decoding=\"async\" width=\"1652\" height=\"1904\" src=\"https:\/\/hoyre.no\/content\/uploads\/sites\/200\/2020\/11\/bilde-magnar-8.jpg\" class=\"attachment-scaled size-scaled\" alt=\"\" style=\"object-position: 50% 50%\" srcset=\"https:\/\/hoyre.no\/content\/uploads\/sites\/200\/2020\/11\/bilde-magnar-8.jpg 1652w, https:\/\/hoyre.no\/content\/uploads\/sites\/200\/2020\/11\/bilde-magnar-8-260x300.jpg 260w, https:\/\/hoyre.no\/content\/uploads\/sites\/200\/2020\/11\/bilde-magnar-8-888x1024.jpg 888w, https:\/\/hoyre.no\/content\/uploads\/sites\/200\/2020\/11\/bilde-magnar-8-768x885.jpg 768w, https:\/\/hoyre.no\/content\/uploads\/sites\/200\/2020\/11\/bilde-magnar-8-1333x1536.jpg 1333w\" sizes=\"auto, (max-width: 1652px) 100vw, 1652px\" \/><\/div><\/figure><div id=\"hoyre-old-article-content-wrapper\"><p> Vi ser n\u00e5 en rivende utvikling n\u00e5r det gjelder selvkj\u00f8rende kj\u00f8ret\u00f8y. Slike biler pr\u00f8ves ut rundt om i verden og blir stadig forbedret. Teknologien inneb\u00e6rer at en bil selv forst\u00e5r sine omgivelser og kan navigere uten at et menneske styrer. Utviklingen foreg\u00e5r f\u00f8rst og fremst i USA, men mange andre land henger seg n\u00e5 p\u00e5. En stor produsent opplyser at den vil starte masseproduksjon av en selvkj\u00f8rende bil uten verken ratt, bremser eller gasspedal i l\u00f8pet av fem \u00e5r. Vi m\u00e5 regne med at denne teknologien kommer til Norge det neste ti\u00e5ret. I f\u00f8lge samferdselsministeren arbeider regjeringen n\u00e5 med en lov om pr\u00f8veordning for s\u00e5kalte autonome kj\u00f8ret\u00f8y. M\u00e5let er \u00e5 kunne fremme et lovforslag for Stortinget v\u00e5ren 2017.<\/p><p>For meg ser det ut som de politiske og teknologisk milj\u00f8ene f\u00f8rst og fremst ser p\u00e5 teknologien som et middel for \u00f8kt trafikksikkerhet og mer effektiv trafikkavvikling. Jeg mener det er vel s\u00e5 viktig \u00e5 se p\u00e5 teknologien som en ny <i>velferdsteknologi.<\/i> N\u00e5r en bil ikke lenger trenger en sj\u00e5f\u00f8r, blir teknologien ikke minst viktig for personer med nedsatt funksjonsevne og eldre som ikke lenger f\u00e5r beholde f\u00f8rerkortet. Du trenger ikke engang eie bilen eller ha den i garasjen, den kan bestilles og komme til deg p\u00e5 egen h\u00e5nd. Vi snakker om en teknologi som gj\u00f8r at personer med nedsatt funksjonsevne blir betydelig mer selvhjulpne. Teknologen gir med andre ord \u00f8kt livskvalitet og selvf\u00f8lelse for den enkelte. <\/p><p>For funksjonshemmede i B\u00e6rum vil selvkj\u00f8rende biler representere en frihetsrevolusjon, og teknologen vil f\u00e5 betydning for hvordan kommunens organiserer sine helse- og omsorgstjenester. Teknologen vil f.eks. kunne frigj\u00f8re ressurser som i dag er bundet opp i kostnadskrevende transportordninger, redusere behovet for brukerstyrt personlig assistanse (BPA), og avlaste den kommunale hjemmetjenesten. Mange kommunale tjenester kan omorganiseres fordi brukeren lettere selv vil kunne opps\u00f8ke hjelpeapparatet. Det holder at vedkommende er i stand til \u00e5 sette seg inn i et kj\u00f8ret\u00f8y. Resten av transporten g\u00e5r automatisk. <\/p><p>Selv om selvkj\u00f8rende biler fortsatt er p\u00e5 utpr\u00f8vingsstadiet er det grunn til \u00e5 tro at utviklingen raskt vil skyte voldsom fart. Mange mener at teknologien vil v\u00e6re moden innen 10 \u00e5r, hvilket ligger godt innenfor B\u00e6rum kommunen sin planleggingshorisont. Jeg mener derfor at B\u00e6rum kommune m\u00e5 v\u00e6re fremoverlent ogs\u00e5 n\u00e5r det gjelder denne typen teknologi og v\u00e6re en aktiv p\u00e5driver for at teknologen blir vurdert og videreutviklet som en velferdsteknologi. Ettersom teknologen kan f\u00e5 s\u00e5 stor betydning for organiseringen av kommunens tjenestetilbud, b\u00f8r B\u00e6rum kommune v\u00e6re i fremste rekke n\u00e5r det gjelder \u00e5 tilby uttesting av selvkj\u00f8rende biler p\u00e5 de kommunale vegene.<\/p><p><br \/><\/p><\/div>\n<div class=\"tags\">\n\t<\/div>\n<div class=\"post-footer alignfull has-background block-editor-block-list__block\" data-align=full>\n\t<div class=\"post-footer-inner\">\n\t\t<h3>Relaterte artikler<\/h3>\n\t\t<div class=\"related-content\"><div class=\"is-card-hoyre\">\n\t<div class=\"teft-card hoyre-teft-card post-teft-card\">\n\t\t<a href=\"https:\/\/hoyre.no\/baerum\/aktuelt\/nominasjon-i-baerum-hoyre-3\/\" class=\"teft-card__primary-action\">\n\n\t\t\t\t\t<div class=\"teft-card__media teft-card__media--16-9\">\n\t\t\t\t\t\t<img loading=\"lazy\" decoding=\"async\" width=\"768\" height=\"512\" src=\"https:\/\/hoyre.no\/content\/uploads\/sites\/200\/2025\/11\/Trine-Lise-Foto-CF-Wesenberg-red-768x512.jpg\" class=\"attachment-medium_large size-medium_large\" alt=\"\" srcset=\"https:\/\/hoyre.no\/content\/uploads\/sites\/200\/2025\/11\/Trine-Lise-Foto-CF-Wesenberg-red-768x512.jpg 768w, https:\/\/hoyre.no\/content\/uploads\/sites\/200\/2025\/11\/Trine-Lise-Foto-CF-Wesenberg-red-300x200.jpg 300w, https:\/\/hoyre.no\/content\/uploads\/sites\/200\/2025\/11\/Trine-Lise-Foto-CF-Wesenberg-red-1024x683.jpg 1024w, https:\/\/hoyre.no\/content\/uploads\/sites\/200\/2025\/11\/Trine-Lise-Foto-CF-Wesenberg-red.jpg 1200w\" sizes=\"auto, (max-width: 768px) 100vw, 768px\" \/>\t\t<\/div>\n\t\t\n\t\t\t<div class=\"teft-card__content-wrapper\">\n\t\t\t\t<div class=\"teft-card__secondary\">\n\t\t\t\t\t\n\t\t\t\t\t\t\t\t<div class=\"teft-card__meta\">\n\t\t\t\t\t\t\t\t\t<span class=\"post-date\">9. apr 2026<\/span>\n\n\t\t\t\t\t\t\t\t\t<span class=\"post-category\">Nyheter<\/span>\t\t\t\t\t\t\t\t<\/div>\n\t\t\t\t\t\t\t\t\t\t\t<\/div>\n\n\t\t\t\t<div class=\"teft-card__primary\">\n\t\t\t\t\t<h2 class=\"teft-card__title\">Nominasjon i B\u00e6rum H\u00f8yre&nbsp;<span class=\"teft-card__primary-title-append\"><\/span><\/h2>\t\t\t\t<\/div>\n\t\t\t<\/div>\n\t\t<\/a>\n\t<\/div>\n\n\t<\/div><div class=\"is-card-hoyre\">\n\t<div class=\"teft-card hoyre-teft-card post-teft-card\">\n\t\t<a href=\"https:\/\/hoyre.no\/baerum\/aktuelt\/dagtilbudet-skal-vaere-trygt-godt-og-meningsfullt\/\" class=\"teft-card__primary-action\">\n\n\t\t\t\t\t<div class=\"teft-card__media teft-card__media--16-9\">\n\t\t\t\t\t\t<img loading=\"lazy\" decoding=\"async\" width=\"768\" height=\"511\" src=\"https:\/\/hoyre.no\/content\/uploads\/sites\/200\/2025\/12\/Wenche-Steen-og-Haakon-Sandven-768x511.jpg\" class=\"attachment-medium_large size-medium_large\" alt=\"\" srcset=\"https:\/\/hoyre.no\/content\/uploads\/sites\/200\/2025\/12\/Wenche-Steen-og-Haakon-Sandven-768x511.jpg 768w, https:\/\/hoyre.no\/content\/uploads\/sites\/200\/2025\/12\/Wenche-Steen-og-Haakon-Sandven-300x200.jpg 300w, https:\/\/hoyre.no\/content\/uploads\/sites\/200\/2025\/12\/Wenche-Steen-og-Haakon-Sandven.jpg 944w\" sizes=\"auto, (max-width: 768px) 100vw, 768px\" \/>\t\t<\/div>\n\t\t\n\t\t\t<div class=\"teft-card__content-wrapper\">\n\t\t\t\t<div class=\"teft-card__secondary\">\n\t\t\t\t\t\n\t\t\t\t\t\t\t\t<div class=\"teft-card__meta\">\n\t\t\t\t\t\t\t\t\t<span class=\"post-date\">25. apr 2026<\/span>\n\n\t\t\t\t\t\t\t\t\t<span class=\"post-category\">Nyheter<\/span>\t\t\t\t\t\t\t\t<\/div>\n\t\t\t\t\t\t\t\t\t\t\t<\/div>\n\n\t\t\t\t<div class=\"teft-card__primary\">\n\t\t\t\t\t<h2 class=\"teft-card__title\">Dagtilbudet skal v\u00e6re trygt, godt og meningsfullt&nbsp;<span class=\"teft-card__primary-title-append\"><\/span><\/h2>\t\t\t\t<\/div>\n\t\t\t<\/div>\n\t\t<\/a>\n\t<\/div>\n\n\t<\/div><div class=\"is-card-hoyre\">\n\t<div class=\"teft-card hoyre-teft-card post-teft-card\">\n\t\t<a href=\"https:\/\/hoyre.no\/baerum\/aktuelt\/mer-idrettsglede-til-barn-og-unge\/\" class=\"teft-card__primary-action\">\n\n\t\t\t\t\t<div class=\"teft-card__media teft-card__media--16-9\">\n\t\t\t\t\t\t<img loading=\"lazy\" decoding=\"async\" width=\"768\" height=\"1024\" src=\"https:\/\/hoyre.no\/content\/uploads\/sites\/200\/2026\/04\/Trine-Lise-Ostlund-Blime-idrett-privat-768x1024.jpg\" class=\"attachment-medium_large size-medium_large\" alt=\"\" srcset=\"https:\/\/hoyre.no\/content\/uploads\/sites\/200\/2026\/04\/Trine-Lise-Ostlund-Blime-idrett-privat-768x1024.jpg 768w, https:\/\/hoyre.no\/content\/uploads\/sites\/200\/2026\/04\/Trine-Lise-Ostlund-Blime-idrett-privat-225x300.jpg 225w, https:\/\/hoyre.no\/content\/uploads\/sites\/200\/2026\/04\/Trine-Lise-Ostlund-Blime-idrett-privat.jpg 900w\" sizes=\"auto, (max-width: 768px) 100vw, 768px\" \/>\t\t<\/div>\n\t\t\n\t\t\t<div class=\"teft-card__content-wrapper\">\n\t\t\t\t<div class=\"teft-card__secondary\">\n\t\t\t\t\t\n\t\t\t\t\t\t\t\t<div class=\"teft-card__meta\">\n\t\t\t\t\t\t\t\t\t<span class=\"post-date\">20. apr 2026<\/span>\n\n\t\t\t\t\t\t\t\t\t<span class=\"post-category\">Nyheter<\/span>\t\t\t\t\t\t\t\t<\/div>\n\t\t\t\t\t\t\t\t\t\t\t<\/div>\n\n\t\t\t\t<div class=\"teft-card__primary\">\n\t\t\t\t\t<h2 class=\"teft-card__title\">Mer idrettsglede til barn og unge&nbsp;<span class=\"teft-card__primary-title-append\"><\/span><\/h2>\t\t\t\t<\/div>\n\t\t\t<\/div>\n\t\t<\/a>\n\t<\/div>\n\n\t<\/div><\/div>\t<\/div>\n<\/div>\n","protected":false},"excerpt":{"rendered":"","protected":false},"author":0,"featured_media":0,"comment_status":"closed","ping_status":"closed","sticky":false,"template":"","format":"standard","meta":{"teft_cards_image_url":"https:\/\/hoyre.no\/content\/uploads\/sites\/200\/2020\/11\/bilde-magnar-8.jpg","teft_cards_custom_pretitle":"","teft_cards_image_id":166,"teft_cards_image_focal_point_x":0,"teft_cards_image_focal_point_y":0,"teft_cards_title":"","teft_cards_excerpt":"","teft_show_chapters":false,"author_display_name":"Magnar Danielsen, leder funksjonshemmedes r\u00e5d i B\u00e6rum kommune","footnotes":""},"category":[1],"post_tag":[],"hoyre-visibility":[],"article-type":[],"politician":[],"class_list":["post-167","post","type-post","status-publish","format-standard","hentry","category-ukategorisert"],"yoast_head":"<!-- This site is optimized with the Yoast SEO plugin v26.6 - https:\/\/yoast.com\/wordpress\/plugins\/seo\/ -->\n<title>Selvkj\u00f8rende biler - velferdsteknologi som b\u00f8r testes i B\u00e6rum - B\u00e6rum H\u00f8yre<\/title>\n<meta name=\"robots\" content=\"index, follow, max-snippet:-1, max-image-preview:large, max-video-preview:-1\" \/>\n<link rel=\"canonical\" href=\"https:\/\/hoyre.no\/baerum\/aktuelt\/selvkjorende-biler-v\/\" \/>\n<meta property=\"og:locale\" content=\"nb_NO\" \/>\n<meta property=\"og:type\" content=\"article\" \/>\n<meta property=\"og:title\" content=\"Selvkj\u00f8rende biler - velferdsteknologi som b\u00f8r testes i B\u00e6rum - B\u00e6rum H\u00f8yre\" \/>\n<meta property=\"og:url\" content=\"https:\/\/hoyre.no\/baerum\/aktuelt\/selvkjorende-biler-v\/\" \/>\n<meta property=\"og:site_name\" content=\"B\u00e6rum H\u00f8yre\" \/>\n<meta property=\"article:published_time\" content=\"2016-08-25T20:00:00+00:00\" \/>\n<meta property=\"og:image\" content=\"https:\/\/hoyre.no\/content\/uploads\/sites\/200\/2026\/04\/Trine-Lise-Ostlund-Blime-priv-red.jpg\" \/>\n<meta name=\"twitter:card\" content=\"summary_large_image\" \/>\n<meta name=\"twitter:label1\" content=\"Ansl. lesetid\" \/>\n\t<meta name=\"twitter:data1\" content=\"3 minutter\" \/>\n<script type=\"application\/ld+json\" class=\"yoast-schema-graph\">{\"@context\":\"https:\/\/schema.org\",\"@graph\":[{\"@type\":\"NewsArticle\",\"@id\":\"https:\/\/hoyre.no\/baerum\/aktuelt\/selvkjorende-biler-v\/\",\"url\":\"https:\/\/hoyre.no\/baerum\/aktuelt\/selvkjorende-biler-v\/\",\"name\":\"Selvkj\u00f8rende biler - velferdsteknologi som b\u00f8r testes i B\u00e6rum - B\u00e6rum H\u00f8yre\",\"isPartOf\":{\"@id\":\"https:\/\/hoyre.no\/baerum\/#website\"},\"datePublished\":\"2016-08-25T20:00:00+00:00\",\"author\":{\"@id\":\"\"},\"breadcrumb\":{\"@id\":\"https:\/\/hoyre.no\/baerum\/aktuelt\/selvkjorende-biler-v\/#breadcrumb\"},\"inLanguage\":\"nb-NO\",\"potentialAction\":[{\"@type\":\"ReadAction\",\"target\":[\"https:\/\/hoyre.no\/baerum\/aktuelt\/selvkjorende-biler-v\/\"]}]},{\"@type\":\"BreadcrumbList\",\"@id\":\"https:\/\/hoyre.no\/baerum\/aktuelt\/selvkjorende-biler-v\/#breadcrumb\",\"itemListElement\":[{\"@type\":\"ListItem\",\"position\":1,\"name\":\"Til hoyre.no\",\"item\":\"https:\/\/hoyre.no\"},{\"@type\":\"ListItem\",\"position\":2,\"name\":\"Hjem\",\"item\":\"https:\/\/hoyre.no\/baerum\/\"},{\"@type\":\"ListItem\",\"position\":3,\"name\":\"Selvkj\u00f8rende biler &#8211; velferdsteknologi som b\u00f8r testes i B\u00e6rum\"}]},{\"@type\":\"WebSite\",\"@id\":\"https:\/\/hoyre.no\/baerum\/#website\",\"url\":\"https:\/\/hoyre.no\/baerum\/\",\"name\":\"B\u00e6rum H\u00f8yre\",\"description\":\"Bare enda et H\u00f8yres nettsteder-nettsted\",\"inLanguage\":\"nb-NO\"}]}<\/script>\n<!-- \/ Yoast SEO plugin. -->","yoast_head_json":{"title":"Selvkj\u00f8rende biler - velferdsteknologi som b\u00f8r testes i B\u00e6rum - B\u00e6rum H\u00f8yre","robots":{"index":"index","follow":"follow","max-snippet":"max-snippet:-1","max-image-preview":"max-image-preview:large","max-video-preview":"max-video-preview:-1"},"canonical":"https:\/\/hoyre.no\/baerum\/aktuelt\/selvkjorende-biler-v\/","og_locale":"nb_NO","og_type":"article","og_title":"Selvkj\u00f8rende biler - velferdsteknologi som b\u00f8r testes i B\u00e6rum - B\u00e6rum H\u00f8yre","og_url":"https:\/\/hoyre.no\/baerum\/aktuelt\/selvkjorende-biler-v\/","og_site_name":"B\u00e6rum H\u00f8yre","article_published_time":"2016-08-25T20:00:00+00:00","og_image":[{"url":"https:\/\/hoyre.no\/content\/uploads\/sites\/200\/2026\/04\/Trine-Lise-Ostlund-Blime-priv-red.jpg","width":"","height":"","type":""}],"twitter_card":"summary_large_image","twitter_misc":{"Ansl. lesetid":"3 minutter"},"schema":{"@context":"https:\/\/schema.org","@graph":[{"@type":"NewsArticle","@id":"https:\/\/hoyre.no\/baerum\/aktuelt\/selvkjorende-biler-v\/","url":"https:\/\/hoyre.no\/baerum\/aktuelt\/selvkjorende-biler-v\/","name":"Selvkj\u00f8rende biler - velferdsteknologi som b\u00f8r testes i B\u00e6rum - B\u00e6rum H\u00f8yre","isPartOf":{"@id":"https:\/\/hoyre.no\/baerum\/#website"},"datePublished":"2016-08-25T20:00:00+00:00","author":{"@id":""},"breadcrumb":{"@id":"https:\/\/hoyre.no\/baerum\/aktuelt\/selvkjorende-biler-v\/#breadcrumb"},"inLanguage":"nb-NO","potentialAction":[{"@type":"ReadAction","target":["https:\/\/hoyre.no\/baerum\/aktuelt\/selvkjorende-biler-v\/"]}]},{"@type":"BreadcrumbList","@id":"https:\/\/hoyre.no\/baerum\/aktuelt\/selvkjorende-biler-v\/#breadcrumb","itemListElement":[{"@type":"ListItem","position":1,"name":"Til hoyre.no","item":"https:\/\/hoyre.no"},{"@type":"ListItem","position":2,"name":"Hjem","item":"https:\/\/hoyre.no\/baerum\/"},{"@type":"ListItem","position":3,"name":"Selvkj\u00f8rende biler &#8211; velferdsteknologi som b\u00f8r testes i B\u00e6rum"}]},{"@type":"WebSite","@id":"https:\/\/hoyre.no\/baerum\/#website","url":"https:\/\/hoyre.no\/baerum\/","name":"B\u00e6rum H\u00f8yre","description":"Bare enda et H\u00f8yres nettsteder-nettsted","inLanguage":"nb-NO"}]}},"distributor_meta":false,"distributor_terms":false,"distributor_media":false,"distributor_original_site_name":"B\u00e6rum H\u00f8yre","distributor_original_site_url":"https:\/\/hoyre.no\/baerum","push-errors":false,"_links":{"self":[{"href":"https:\/\/hoyre.no\/baerum\/wp-json\/wp\/v2\/posts\/167","targetHints":{"allow":["GET"]}}],"collection":[{"href":"https:\/\/hoyre.no\/baerum\/wp-json\/wp\/v2\/posts"}],"about":[{"href":"https:\/\/hoyre.no\/baerum\/wp-json\/wp\/v2\/types\/post"}],"replies":[{"embeddable":true,"href":"https:\/\/hoyre.no\/baerum\/wp-json\/wp\/v2\/comments?post=167"}],"version-history":[{"count":0,"href":"https:\/\/hoyre.no\/baerum\/wp-json\/wp\/v2\/posts\/167\/revisions"}],"wp:attachment":[{"href":"https:\/\/hoyre.no\/baerum\/wp-json\/wp\/v2\/media?parent=167"}],"wp:term":[{"taxonomy":"category","embeddable":true,"href":"https:\/\/hoyre.no\/baerum\/wp-json\/wp\/v2\/category?post=167"},{"taxonomy":"post_tag","embeddable":true,"href":"https:\/\/hoyre.no\/baerum\/wp-json\/wp\/v2\/post_tag?post=167"},{"taxonomy":"hoyre-visibility","embeddable":true,"href":"https:\/\/hoyre.no\/baerum\/wp-json\/wp\/v2\/hoyre-visibility?post=167"},{"taxonomy":"article-type","embeddable":true,"href":"https:\/\/hoyre.no\/baerum\/wp-json\/wp\/v2\/article-type?post=167"},{"taxonomy":"politician","embeddable":true,"href":"https:\/\/hoyre.no\/baerum\/wp-json\/wp\/v2\/politician?post=167"}],"curies":[{"name":"wp","href":"https:\/\/api.w.org\/{rel}","templated":true}]}}