{"id":175,"date":"2017-03-14T23:00:00","date_gmt":"2017-03-14T22:00:00","guid":{"rendered":"https:\/\/hoyre.no\/baerum\/aktuelt\/tar-unge-ufore-pa-al_1\/"},"modified":"2017-03-14T23:00:00","modified_gmt":"2017-03-14T22:00:00","slug":"tar-unge-ufore-pa-al_1","status":"publish","type":"post","link":"https:\/\/hoyre.no\/baerum\/aktuelt\/tar-unge-ufore-pa-al_1\/","title":{"rendered":"Tar unge uf\u00f8re p\u00e5 alvor"},"content":{"rendered":"<p class=\"preamble\">Yrkesaktivitet er n\u00f8kkelen til et godt liv og gj\u00f8r at v\u00e5re unge kan bidra til samfunnet. Derfor er detviktig \u00e5 f\u00e5 ungdom ut i arbeid. I Akershus var det ved utgangen av 2016 1.232 unge uf\u00f8re, det er en \u00f8kning p\u00e5 40 prosent i perioden 2013\u20132016. Slik det ogs\u00e5 var en \u00f8kning p\u00e5 46 prosent fra 2005 til 2013, alts\u00e5 under forrige regjering.<\/p>\t\t\t<div class=\"post-meta wp-block teft-byline-wrapper\">\n\t\t\t\t<div class=\"top\">\n\t\t\t\t\t<div class=\"signature\">\n\t\t\t\t\t\t<div class=\"teft-byline\">\n\t\t\t\t\t\t\t\t\t\t\t\t\t\t<div>\n\t\t\t\t\t\t\t\t<h3>H\u00f8yres redaksjon<\/h3>\t\t\t\t\t\t\t\t\n\t\t\t\t\t\t\t\t\t\t\t\t\t\t\t\t\t<span class=\"date\">Sist oppdatert: 14. mars 2017<\/span>\n\t\t\t\t\t\t\t\t\t\t\t\t\t\t\t\t\t\t\t\t\t\t\t\t\t<span class=\"reading-time\" itemprop=\"timeRequired\" content=\"PT3M\"><em>Ca. 3 minutter lesetid<\/em><\/span>\n\t\t\t\t\t\t\t\t\t\t\t\t\t\t\t<\/div>\n\t\t\t\t\t\t<\/div>\n\t\t\t\t\t<\/div>\n\t\t\t\t\t\t<div class=\"sharing\">\n\t\t<a class=\"share-button share-link copy-link\" data-copy=\"https:\/\/hoyre.no\/baerum\/aktuelt\/tar-unge-ufore-pa-al_1\/\" target=\"_blank\"><span class=\"screen-reader-text\">Del link<\/span><\/a>\n\t\t<a class=\"share-button share-twitter\" href=\"http:\/\/twitter.com\/share?text=Tar unge uf\u00f8re p\u00e5 alvor&#038;url=https:\/\/hoyre.no\/baerum\/aktuelt\/tar-unge-ufore-pa-al_1\/&#038;hashtags=Hoyre\" target=\"_blank\"><span class=\"screen-reader-text\">Del p\u00e5 twitter<\/span><\/a>\n\t\t<a class=\"share-button share-facebook\" href=\"https:\/\/www.facebook.com\/sharer\/sharer.php?u=https:\/\/hoyre.no\/baerum\/aktuelt\/tar-unge-ufore-pa-al_1\/\" target=\"_blank\"><span class=\"screen-reader-text\">Del p\u00e5 facebook<\/span><\/a>\n\t<\/div>\n\t\t\t\t\t<\/div>\n\t\t\t<\/div>\n\n\t\t\t<figure class=\"hoyre-image-wrapper\"><div class=\"hoyre-image\"><img loading=\"lazy\" decoding=\"async\" width=\"1808\" height=\"1384\" src=\"https:\/\/hoyre.no\/content\/uploads\/sites\/200\/2020\/11\/ernasolberg2-portret_1.jpg\" class=\"attachment-scaled size-scaled\" alt=\"\" style=\"object-position: 50% 50%\" srcset=\"https:\/\/hoyre.no\/content\/uploads\/sites\/200\/2020\/11\/ernasolberg2-portret_1.jpg 1808w, https:\/\/hoyre.no\/content\/uploads\/sites\/200\/2020\/11\/ernasolberg2-portret_1-300x230.jpg 300w, https:\/\/hoyre.no\/content\/uploads\/sites\/200\/2020\/11\/ernasolberg2-portret_1-1024x784.jpg 1024w, https:\/\/hoyre.no\/content\/uploads\/sites\/200\/2020\/11\/ernasolberg2-portret_1-768x588.jpg 768w, https:\/\/hoyre.no\/content\/uploads\/sites\/200\/2020\/11\/ernasolberg2-portret_1-1536x1176.jpg 1536w\" sizes=\"auto, (max-width: 1808px) 100vw, 1808px\" \/><\/div><\/figure><div id=\"hoyre-old-article-content-wrapper\"><p>Regjeringen gj\u00f8r mye for \u00e5 f\u00e5 unge i jobb og redusere antallet p\u00e5 uf\u00f8retrygd. N\u00e5r Arbeiderpartiets leder p\u00e5st\u00e5r noe annet, tar han grundig feil. At andelen unge uf\u00f8re er \u00f8kende, er b\u00e5de et samfunnsproblem og veldig tungt for de personene det gjelder. \u00c5 ha en jobb gir mening, tilh\u00f8righet og st\u00f8rre \u00f8konomisk frihet.<\/p><p>For at vi tidlig skal kunne fange opp ungdom som sliter, m\u00e5 vi ha et bedre samarbeid mellom helse-, utdannings- og arbeids- og velferdssektoren.<\/p><p>Norge er ikke alene om \u00e5 oppleve en \u00f8kning av unge p\u00e5 langvarige trygdeytelser. Flere andre OECD-land merker samme tendens. Fellesnevneren er psykiske plager. Personer som har eller har hatt psykiske helseproblemer, m\u00e5 f\u00e5 rask og riktig hjelp til \u00e5 komme i jobb.<\/p><p>Vi lykkes i stor grad i styrkingen av det forebyggende psykiske helsearbeidet. Vi har rekruttert flere psykologer til kommunene, og lovfester fra 2020 at kommunene skal ha psykologkompetanse.<\/p><p>For f\u00f8rste gang siden 2008 ser vi n\u00e5 en markant \u00f8kning i \u00e5rsverk rettet mot barn og unge med problemer innen psykisk helse og\/eller rus. Regjeringen sammen med KrF og Venstre har ogs\u00e5 styrket helsestasjons- og skolehelsetjenesten med over 1 milliard kroner.<\/p><p>En god skole er en forutsetning for \u00e5 gi barn og unge den kompetansen de trenger for \u00e5 skape eget liv. I dag g\u00e5r altfor mange elever ut av grunnskolen uten den grunnleggende kunnskapen de trenger for \u00e5 fullf\u00f8re videreg\u00e5ende oppl\u00e6ring. For mange ender opp utenfor arbeidslivet.<\/p><p>I denne perioden har vi satset p\u00e5 l\u00e6reren, med videreutdanning, ny fem\u00e5rig masterutdanning og nye kompetansekrav. Vi vet at en god l\u00e6rer er den viktigste enkeltfaktoren for \u00f8kt l\u00e6ring.<\/p><p>Vi har ogs\u00e5 satt inn trykket p\u00e5 tidlig innsats med over 1.000 nye l\u00e6rere i de f\u00f8rste \u00e5rene fordi vi vet at de f\u00f8rste \u00e5rene p\u00e5 skolen er spesielt viktige.<\/p><amedia-include rendered=\"true\"><div><div>For mange starter utenforskap med ikke-fullf\u00f8rt videreg\u00e5ende oppl\u00e6ring. Derfor innf\u00f8rer vi n\u00e5 livslang rett til videreg\u00e5ende oppl\u00e6ring. <br \/><\/div><\/div><\/amedia-include><p>Vi vet at formell kompetanse blir viktigere i et arbeidsliv i stadig endring og da m\u00e5 vi ogs\u00e5 legge til rette for at de som ikke har opparbeidet seg dette, f\u00e5r en ny sjanse.<\/p><p>Fra i \u00e5r har vi innf\u00f8rt aktivitetsplikt for sosialhjelpsmottagere under 30 \u00e5r. Vi skal f\u00e5 flest mulig til \u00e5 g\u00e5 fra passivitet til aktivitet. I tillegg har regjeringen gitt 1.000 ekstra tiltaksplasser i \u00e5r for arbeidsledige hvor ungdom er prioritert. Vi har gitt mulighet til \u00f8kt bruk av l\u00f8nnstilskudd hvor arbeidsgivere kan s\u00f8ke det offentlige om \u00e5 f\u00e5 dekket deler av l\u00f8nnen n\u00e5r de ansetter ungdom.<\/p><p>Vi st\u00e5r overfor store utfordringer. Det kraftige oljeprisfallet har ikke gjort det enklere p\u00e5 arbeidsmarkedet, hverken for dem som f\u00f8r hadde en jobb \u00e5 g\u00e5 til, eller for dem som n\u00e5 st\u00e5r p\u00e5 terskelen p\u00e5 vei ut i arbeid.<\/p><p>Derfor er det ogs\u00e5 s\u00e5 viktig at vi ser helheten i de politiske virkemidlene vi bruker. Tiltak for en bedre skole, opptrappingsplan for psykisk helse og ledighetstiltak m\u00e5 ses i sammenheng med arbeidet med \u00e5 omstille norsk arbeidsliv.<\/p><p>Arbeiderpartiets leder m\u00e5 gjerne presentere hva han \u00f8nsker \u00e5 gj\u00f8re, for \u00e5 p\u00e5st\u00e5 at regjeringen hverken vil eller ikke gj\u00f8r noe for unge uf\u00f8re, er ikke riktig.<\/p><p><br \/><\/p><p>Artikkelen var f\u00f8rst publisert i Budstikka<\/p><p><br \/><\/p><\/div>\n<div class=\"tags\">\n\t<\/div>\n<div class=\"post-footer alignfull has-background block-editor-block-list__block\" data-align=full>\n\t<div class=\"post-footer-inner\">\n\t\t<h3>Relaterte artikler<\/h3>\n\t\t<div class=\"related-content\"><div class=\"is-card-hoyre\">\n\t<div class=\"teft-card hoyre-teft-card post-teft-card\">\n\t\t<a href=\"https:\/\/hoyre.no\/baerum\/aktuelt\/nominasjon-i-baerum-hoyre-3\/\" class=\"teft-card__primary-action\">\n\n\t\t\t\t\t<div class=\"teft-card__media teft-card__media--16-9\">\n\t\t\t\t\t\t<img loading=\"lazy\" decoding=\"async\" width=\"768\" height=\"512\" src=\"https:\/\/hoyre.no\/content\/uploads\/sites\/200\/2025\/11\/Trine-Lise-Foto-CF-Wesenberg-red-768x512.jpg\" class=\"attachment-medium_large size-medium_large\" alt=\"\" srcset=\"https:\/\/hoyre.no\/content\/uploads\/sites\/200\/2025\/11\/Trine-Lise-Foto-CF-Wesenberg-red-768x512.jpg 768w, https:\/\/hoyre.no\/content\/uploads\/sites\/200\/2025\/11\/Trine-Lise-Foto-CF-Wesenberg-red-300x200.jpg 300w, https:\/\/hoyre.no\/content\/uploads\/sites\/200\/2025\/11\/Trine-Lise-Foto-CF-Wesenberg-red-1024x683.jpg 1024w, https:\/\/hoyre.no\/content\/uploads\/sites\/200\/2025\/11\/Trine-Lise-Foto-CF-Wesenberg-red.jpg 1200w\" sizes=\"auto, (max-width: 768px) 100vw, 768px\" \/>\t\t<\/div>\n\t\t\n\t\t\t<div class=\"teft-card__content-wrapper\">\n\t\t\t\t<div class=\"teft-card__secondary\">\n\t\t\t\t\t\n\t\t\t\t\t\t\t\t<div class=\"teft-card__meta\">\n\t\t\t\t\t\t\t\t\t<span class=\"post-date\">9. apr 2026<\/span>\n\n\t\t\t\t\t\t\t\t\t<span class=\"post-category\">Nyheter<\/span>\t\t\t\t\t\t\t\t<\/div>\n\t\t\t\t\t\t\t\t\t\t\t<\/div>\n\n\t\t\t\t<div class=\"teft-card__primary\">\n\t\t\t\t\t<h2 class=\"teft-card__title\">Nominasjon i B\u00e6rum H\u00f8yre&nbsp;<span class=\"teft-card__primary-title-append\"><\/span><\/h2>\t\t\t\t<\/div>\n\t\t\t<\/div>\n\t\t<\/a>\n\t<\/div>\n\n\t<\/div><div class=\"is-card-hoyre\">\n\t<div class=\"teft-card hoyre-teft-card post-teft-card\">\n\t\t<a href=\"https:\/\/hoyre.no\/baerum\/aktuelt\/dagtilbudet-skal-vaere-trygt-godt-og-meningsfullt\/\" class=\"teft-card__primary-action\">\n\n\t\t\t\t\t<div class=\"teft-card__media teft-card__media--16-9\">\n\t\t\t\t\t\t<img loading=\"lazy\" decoding=\"async\" width=\"768\" height=\"511\" src=\"https:\/\/hoyre.no\/content\/uploads\/sites\/200\/2025\/12\/Wenche-Steen-og-Haakon-Sandven-768x511.jpg\" class=\"attachment-medium_large size-medium_large\" alt=\"\" srcset=\"https:\/\/hoyre.no\/content\/uploads\/sites\/200\/2025\/12\/Wenche-Steen-og-Haakon-Sandven-768x511.jpg 768w, https:\/\/hoyre.no\/content\/uploads\/sites\/200\/2025\/12\/Wenche-Steen-og-Haakon-Sandven-300x200.jpg 300w, https:\/\/hoyre.no\/content\/uploads\/sites\/200\/2025\/12\/Wenche-Steen-og-Haakon-Sandven.jpg 944w\" sizes=\"auto, (max-width: 768px) 100vw, 768px\" \/>\t\t<\/div>\n\t\t\n\t\t\t<div class=\"teft-card__content-wrapper\">\n\t\t\t\t<div class=\"teft-card__secondary\">\n\t\t\t\t\t\n\t\t\t\t\t\t\t\t<div class=\"teft-card__meta\">\n\t\t\t\t\t\t\t\t\t<span class=\"post-date\">25. apr 2026<\/span>\n\n\t\t\t\t\t\t\t\t\t<span class=\"post-category\">Nyheter<\/span>\t\t\t\t\t\t\t\t<\/div>\n\t\t\t\t\t\t\t\t\t\t\t<\/div>\n\n\t\t\t\t<div class=\"teft-card__primary\">\n\t\t\t\t\t<h2 class=\"teft-card__title\">Dagtilbudet skal v\u00e6re trygt, godt og meningsfullt&nbsp;<span class=\"teft-card__primary-title-append\"><\/span><\/h2>\t\t\t\t<\/div>\n\t\t\t<\/div>\n\t\t<\/a>\n\t<\/div>\n\n\t<\/div><div class=\"is-card-hoyre\">\n\t<div class=\"teft-card hoyre-teft-card post-teft-card\">\n\t\t<a href=\"https:\/\/hoyre.no\/baerum\/aktuelt\/mer-idrettsglede-til-barn-og-unge\/\" class=\"teft-card__primary-action\">\n\n\t\t\t\t\t<div class=\"teft-card__media teft-card__media--16-9\">\n\t\t\t\t\t\t<img loading=\"lazy\" decoding=\"async\" width=\"768\" height=\"1024\" src=\"https:\/\/hoyre.no\/content\/uploads\/sites\/200\/2026\/04\/Trine-Lise-Ostlund-Blime-idrett-privat-768x1024.jpg\" class=\"attachment-medium_large size-medium_large\" alt=\"\" srcset=\"https:\/\/hoyre.no\/content\/uploads\/sites\/200\/2026\/04\/Trine-Lise-Ostlund-Blime-idrett-privat-768x1024.jpg 768w, https:\/\/hoyre.no\/content\/uploads\/sites\/200\/2026\/04\/Trine-Lise-Ostlund-Blime-idrett-privat-225x300.jpg 225w, https:\/\/hoyre.no\/content\/uploads\/sites\/200\/2026\/04\/Trine-Lise-Ostlund-Blime-idrett-privat.jpg 900w\" sizes=\"auto, (max-width: 768px) 100vw, 768px\" \/>\t\t<\/div>\n\t\t\n\t\t\t<div class=\"teft-card__content-wrapper\">\n\t\t\t\t<div class=\"teft-card__secondary\">\n\t\t\t\t\t\n\t\t\t\t\t\t\t\t<div class=\"teft-card__meta\">\n\t\t\t\t\t\t\t\t\t<span class=\"post-date\">20. apr 2026<\/span>\n\n\t\t\t\t\t\t\t\t\t<span class=\"post-category\">Nyheter<\/span>\t\t\t\t\t\t\t\t<\/div>\n\t\t\t\t\t\t\t\t\t\t\t<\/div>\n\n\t\t\t\t<div class=\"teft-card__primary\">\n\t\t\t\t\t<h2 class=\"teft-card__title\">Mer idrettsglede til barn og unge&nbsp;<span class=\"teft-card__primary-title-append\"><\/span><\/h2>\t\t\t\t<\/div>\n\t\t\t<\/div>\n\t\t<\/a>\n\t<\/div>\n\n\t<\/div><\/div>\t<\/div>\n<\/div>\n","protected":false},"excerpt":{"rendered":"","protected":false},"author":0,"featured_media":0,"comment_status":"closed","ping_status":"closed","sticky":false,"template":"","format":"standard","meta":{"teft_cards_image_url":"https:\/\/hoyre.no\/content\/uploads\/sites\/200\/2020\/11\/ernasolberg2-portret_1.jpg","teft_cards_custom_pretitle":"","teft_cards_image_id":174,"teft_cards_image_focal_point_x":0,"teft_cards_image_focal_point_y":0,"teft_cards_title":"","teft_cards_excerpt":"","teft_show_chapters":false,"author_display_name":"Statsminister Erna Solberg","footnotes":""},"category":[1],"post_tag":[],"hoyre-visibility":[],"article-type":[],"politician":[],"class_list":["post-175","post","type-post","status-publish","format-standard","hentry","category-ukategorisert"],"yoast_head":"<!-- This site is optimized with the Yoast SEO plugin v26.6 - https:\/\/yoast.com\/wordpress\/plugins\/seo\/ -->\n<title>Tar unge uf\u00f8re p\u00e5 alvor - B\u00e6rum H\u00f8yre<\/title>\n<meta name=\"robots\" content=\"index, follow, max-snippet:-1, max-image-preview:large, max-video-preview:-1\" \/>\n<link rel=\"canonical\" href=\"https:\/\/hoyre.no\/baerum\/aktuelt\/tar-unge-ufore-pa-al_1\/\" \/>\n<meta property=\"og:locale\" content=\"nb_NO\" \/>\n<meta property=\"og:type\" content=\"article\" \/>\n<meta property=\"og:title\" content=\"Tar unge uf\u00f8re p\u00e5 alvor - B\u00e6rum H\u00f8yre\" \/>\n<meta property=\"og:url\" content=\"https:\/\/hoyre.no\/baerum\/aktuelt\/tar-unge-ufore-pa-al_1\/\" \/>\n<meta property=\"og:site_name\" content=\"B\u00e6rum H\u00f8yre\" \/>\n<meta property=\"article:published_time\" content=\"2017-03-14T22:00:00+00:00\" \/>\n<meta property=\"og:image\" content=\"https:\/\/hoyre.no\/content\/uploads\/sites\/200\/2026\/04\/Trine-Lise-Ostlund-Blime-priv-red.jpg\" \/>\n<meta name=\"twitter:card\" content=\"summary_large_image\" \/>\n<meta name=\"twitter:label1\" content=\"Ansl. lesetid\" \/>\n\t<meta name=\"twitter:data1\" content=\"3 minutter\" \/>\n<script type=\"application\/ld+json\" class=\"yoast-schema-graph\">{\"@context\":\"https:\/\/schema.org\",\"@graph\":[{\"@type\":\"NewsArticle\",\"@id\":\"https:\/\/hoyre.no\/baerum\/aktuelt\/tar-unge-ufore-pa-al_1\/\",\"url\":\"https:\/\/hoyre.no\/baerum\/aktuelt\/tar-unge-ufore-pa-al_1\/\",\"name\":\"Tar unge uf\u00f8re p\u00e5 alvor - B\u00e6rum H\u00f8yre\",\"isPartOf\":{\"@id\":\"https:\/\/hoyre.no\/baerum\/#website\"},\"datePublished\":\"2017-03-14T22:00:00+00:00\",\"author\":{\"@id\":\"\"},\"breadcrumb\":{\"@id\":\"https:\/\/hoyre.no\/baerum\/aktuelt\/tar-unge-ufore-pa-al_1\/#breadcrumb\"},\"inLanguage\":\"nb-NO\",\"potentialAction\":[{\"@type\":\"ReadAction\",\"target\":[\"https:\/\/hoyre.no\/baerum\/aktuelt\/tar-unge-ufore-pa-al_1\/\"]}]},{\"@type\":\"BreadcrumbList\",\"@id\":\"https:\/\/hoyre.no\/baerum\/aktuelt\/tar-unge-ufore-pa-al_1\/#breadcrumb\",\"itemListElement\":[{\"@type\":\"ListItem\",\"position\":1,\"name\":\"Til hoyre.no\",\"item\":\"https:\/\/hoyre.no\"},{\"@type\":\"ListItem\",\"position\":2,\"name\":\"Hjem\",\"item\":\"https:\/\/hoyre.no\/baerum\/\"},{\"@type\":\"ListItem\",\"position\":3,\"name\":\"Tar unge uf\u00f8re p\u00e5 alvor\"}]},{\"@type\":\"WebSite\",\"@id\":\"https:\/\/hoyre.no\/baerum\/#website\",\"url\":\"https:\/\/hoyre.no\/baerum\/\",\"name\":\"B\u00e6rum H\u00f8yre\",\"description\":\"Bare enda et H\u00f8yres nettsteder-nettsted\",\"inLanguage\":\"nb-NO\"}]}<\/script>\n<!-- \/ Yoast SEO plugin. -->","yoast_head_json":{"title":"Tar unge uf\u00f8re p\u00e5 alvor - B\u00e6rum H\u00f8yre","robots":{"index":"index","follow":"follow","max-snippet":"max-snippet:-1","max-image-preview":"max-image-preview:large","max-video-preview":"max-video-preview:-1"},"canonical":"https:\/\/hoyre.no\/baerum\/aktuelt\/tar-unge-ufore-pa-al_1\/","og_locale":"nb_NO","og_type":"article","og_title":"Tar unge uf\u00f8re p\u00e5 alvor - B\u00e6rum H\u00f8yre","og_url":"https:\/\/hoyre.no\/baerum\/aktuelt\/tar-unge-ufore-pa-al_1\/","og_site_name":"B\u00e6rum H\u00f8yre","article_published_time":"2017-03-14T22:00:00+00:00","og_image":[{"url":"https:\/\/hoyre.no\/content\/uploads\/sites\/200\/2026\/04\/Trine-Lise-Ostlund-Blime-priv-red.jpg","width":"","height":"","type":""}],"twitter_card":"summary_large_image","twitter_misc":{"Ansl. lesetid":"3 minutter"},"schema":{"@context":"https:\/\/schema.org","@graph":[{"@type":"NewsArticle","@id":"https:\/\/hoyre.no\/baerum\/aktuelt\/tar-unge-ufore-pa-al_1\/","url":"https:\/\/hoyre.no\/baerum\/aktuelt\/tar-unge-ufore-pa-al_1\/","name":"Tar unge uf\u00f8re p\u00e5 alvor - B\u00e6rum H\u00f8yre","isPartOf":{"@id":"https:\/\/hoyre.no\/baerum\/#website"},"datePublished":"2017-03-14T22:00:00+00:00","author":{"@id":""},"breadcrumb":{"@id":"https:\/\/hoyre.no\/baerum\/aktuelt\/tar-unge-ufore-pa-al_1\/#breadcrumb"},"inLanguage":"nb-NO","potentialAction":[{"@type":"ReadAction","target":["https:\/\/hoyre.no\/baerum\/aktuelt\/tar-unge-ufore-pa-al_1\/"]}]},{"@type":"BreadcrumbList","@id":"https:\/\/hoyre.no\/baerum\/aktuelt\/tar-unge-ufore-pa-al_1\/#breadcrumb","itemListElement":[{"@type":"ListItem","position":1,"name":"Til hoyre.no","item":"https:\/\/hoyre.no"},{"@type":"ListItem","position":2,"name":"Hjem","item":"https:\/\/hoyre.no\/baerum\/"},{"@type":"ListItem","position":3,"name":"Tar unge uf\u00f8re p\u00e5 alvor"}]},{"@type":"WebSite","@id":"https:\/\/hoyre.no\/baerum\/#website","url":"https:\/\/hoyre.no\/baerum\/","name":"B\u00e6rum H\u00f8yre","description":"Bare enda et H\u00f8yres nettsteder-nettsted","inLanguage":"nb-NO"}]}},"distributor_meta":false,"distributor_terms":false,"distributor_media":false,"distributor_original_site_name":"B\u00e6rum H\u00f8yre","distributor_original_site_url":"https:\/\/hoyre.no\/baerum","push-errors":false,"_links":{"self":[{"href":"https:\/\/hoyre.no\/baerum\/wp-json\/wp\/v2\/posts\/175","targetHints":{"allow":["GET"]}}],"collection":[{"href":"https:\/\/hoyre.no\/baerum\/wp-json\/wp\/v2\/posts"}],"about":[{"href":"https:\/\/hoyre.no\/baerum\/wp-json\/wp\/v2\/types\/post"}],"replies":[{"embeddable":true,"href":"https:\/\/hoyre.no\/baerum\/wp-json\/wp\/v2\/comments?post=175"}],"version-history":[{"count":0,"href":"https:\/\/hoyre.no\/baerum\/wp-json\/wp\/v2\/posts\/175\/revisions"}],"wp:attachment":[{"href":"https:\/\/hoyre.no\/baerum\/wp-json\/wp\/v2\/media?parent=175"}],"wp:term":[{"taxonomy":"category","embeddable":true,"href":"https:\/\/hoyre.no\/baerum\/wp-json\/wp\/v2\/category?post=175"},{"taxonomy":"post_tag","embeddable":true,"href":"https:\/\/hoyre.no\/baerum\/wp-json\/wp\/v2\/post_tag?post=175"},{"taxonomy":"hoyre-visibility","embeddable":true,"href":"https:\/\/hoyre.no\/baerum\/wp-json\/wp\/v2\/hoyre-visibility?post=175"},{"taxonomy":"article-type","embeddable":true,"href":"https:\/\/hoyre.no\/baerum\/wp-json\/wp\/v2\/article-type?post=175"},{"taxonomy":"politician","embeddable":true,"href":"https:\/\/hoyre.no\/baerum\/wp-json\/wp\/v2\/politician?post=175"}],"curies":[{"name":"wp","href":"https:\/\/api.w.org\/{rel}","templated":true}]}}