{"id":177,"date":"2017-03-22T23:00:00","date_gmt":"2017-03-22T22:00:00","guid":{"rendered":"https:\/\/hoyre.no\/baerum\/aktuelt\/tiltak-mot-barnefatt\/"},"modified":"2017-03-22T23:00:00","modified_gmt":"2017-03-22T22:00:00","slug":"tiltak-mot-barnefatt","status":"publish","type":"post","link":"https:\/\/hoyre.no\/baerum\/aktuelt\/tiltak-mot-barnefatt\/","title":{"rendered":"Tiltak mot barnefattigdom"},"content":{"rendered":"<p class=\"preamble\">Budstikka har i en artikkelserie satt s\u00f8kelyset p\u00e5 barnefattigdom. Det er bra, fordi mer innsikt i utfordringene den enkelte opplever i hverdagen kan bidra til \u00e5 utvikle mer effektive mottiltak.<\/p>\t\t\t<div class=\"post-meta wp-block teft-byline-wrapper\">\n\t\t\t\t<div class=\"top\">\n\t\t\t\t\t<div class=\"signature\">\n\t\t\t\t\t\t<div class=\"teft-byline\">\n\t\t\t\t\t\t\t\t\t\t\t\t\t\t<div>\n\t\t\t\t\t\t\t\t<h3>H\u00f8yres redaksjon<\/h3>\t\t\t\t\t\t\t\t\n\t\t\t\t\t\t\t\t\t\t\t\t\t\t\t\t\t<span class=\"date\">Sist oppdatert: 22. mars 2017<\/span>\n\t\t\t\t\t\t\t\t\t\t\t\t\t\t\t\t\t\t\t\t\t\t\t\t\t<span class=\"reading-time\" itemprop=\"timeRequired\" content=\"PT3M\"><em>Ca. 3 minutter lesetid<\/em><\/span>\n\t\t\t\t\t\t\t\t\t\t\t\t\t\t\t<\/div>\n\t\t\t\t\t\t<\/div>\n\t\t\t\t\t<\/div>\n\t\t\t\t\t\t<div class=\"sharing\">\n\t\t<a class=\"share-button share-link copy-link\" data-copy=\"https:\/\/hoyre.no\/baerum\/aktuelt\/tiltak-mot-barnefatt\/\" target=\"_blank\"><span class=\"screen-reader-text\">Del link<\/span><\/a>\n\t\t<a class=\"share-button share-twitter\" href=\"http:\/\/twitter.com\/share?text=Tiltak mot barnefattigdom&#038;url=https:\/\/hoyre.no\/baerum\/aktuelt\/tiltak-mot-barnefatt\/&#038;hashtags=Hoyre\" target=\"_blank\"><span class=\"screen-reader-text\">Del p\u00e5 twitter<\/span><\/a>\n\t\t<a class=\"share-button share-facebook\" href=\"https:\/\/www.facebook.com\/sharer\/sharer.php?u=https:\/\/hoyre.no\/baerum\/aktuelt\/tiltak-mot-barnefatt\/\" target=\"_blank\"><span class=\"screen-reader-text\">Del p\u00e5 facebook<\/span><\/a>\n\t<\/div>\n\t\t\t\t\t<\/div>\n\t\t\t<\/div>\n\n\t\t\t<figure class=\"hoyre-image-wrapper\"><div class=\"hoyre-image\"><img loading=\"lazy\" decoding=\"async\" width=\"900\" height=\"636\" src=\"https:\/\/hoyre.no\/content\/uploads\/sites\/200\/2020\/11\/barnefattigdom_1.jpg\" class=\"attachment-scaled size-scaled\" alt=\"\" style=\"object-position: 50% 50%\" srcset=\"https:\/\/hoyre.no\/content\/uploads\/sites\/200\/2020\/11\/barnefattigdom_1.jpg 900w, https:\/\/hoyre.no\/content\/uploads\/sites\/200\/2020\/11\/barnefattigdom_1-300x212.jpg 300w, https:\/\/hoyre.no\/content\/uploads\/sites\/200\/2020\/11\/barnefattigdom_1-768x543.jpg 768w\" sizes=\"auto, (max-width: 900px) 100vw, 900px\" \/><\/div><\/figure><div id=\"hoyre-old-article-content-wrapper\"><p> Fattigdom defineres som et relativt m\u00e5l p\u00e5 lavinntekt, det vil si husholdninger med en inntekt som er lavere enn 60 prosent av medianinntekten i Norge. I B\u00e6rum vokser de fleste barn opp i trygge familier med gode \u00f8konomiske vilk\u00e5r, men anslagsvis 5,8 prosent vokser opp i familier med vedvarende lavinntekt. Andelen har v\u00e6rt svakt \u00f8kende de senere \u00e5rene, og hoved\u00e5rsaken er den store asyltilstr\u00f8mningen. Antallet fattige innvandrerbarn i Norge er omtrent doblet p\u00e5 ti \u00e5r og barn med innvandrerbakgrunn utgj\u00f8r 53,4 prosent av alle barn i lavinntektsfamilier.<\/p><p>Utdanning, arbeid, bolig og god integrering er de viktigste fattigdomsforebyggende tiltakene. I B\u00e6rum arbeides det langs flere akser for \u00e5 motvirke barnefattigdom, og samarbeid p\u00e5 tvers mellom sektorer og kommunale tjenestesteder er avgj\u00f8rende for \u00e5 lykkes. NAV, skole, barnevern, oppf\u00f8lgingstjeneste for psykisk helse og rus, Utekontakten, helsetjenesten og tjenestestedet Ungdom og fritid har n\u00e6r dialog.<\/p><p>Kommunen prioriterer blant annet \u00e5 gi alle barn og unge mulighet for deltakelse i fritidsaktiviteter, noe som er i tr\u00e5d med regjeringens nasjonale m\u00e5l. De viktigste tiltakene er programmet <i>Barn i sentrum<\/i>, som s\u00f8rger for ferietilbud, deltagelse i kultur- og idrettsaktiviteter og utl\u00e5n av utstyr, og NAV-st\u00f8ttede aktiviteter og hjelpetiltak. I tillegg kommer de nasjonale tilskuddsordningene til kultur-, fritids- og ferieaktiviteter som ogs\u00e5 B\u00e6rum nyter godt av. I statsbudsjettet for 2017 utgj\u00f8r denne potten 193 mill. kroner.<\/p><p>Regjeringen lanserte i 2015 en strategi mot barnefattigdom &#8211; den f\u00f8rste i sitt slag. Strategien <i>Barn som lever i fattigdom<\/i> inneholder 64 tiltak som skal bidra til at alle barn f\u00e5r lik mulighet til deltakelse og utvikling. M\u00e5let er \u00e5 forebygge at fattigdom g\u00e5r i arv, og \u00e5 bedre barns livskvalitet her og n\u00e5. Blant tiltakene som er gjennomf\u00f8rt er rimeligere barnehageplass for familier med lav inntekt og en nasjonal ordning med gratis kjernetid i barnehagen for alle barn i familier med lav inntekt fra de er tre \u00e5r. Andre eksempler er styrking av helsestasjons- og skolehelsetjenesten, styrking av tilskuddsordningen til oppf\u00f8lging av barn av psykisk syke og barn av rusmisbrukere og styrking av innsatsen for \u00e5 gi unge under 30 \u00e5r tilbud om arbeid, skoleplass eller annen aktivitet.<\/p><p>NAV B\u00e6rum har flere tiltak for \u00e5 \u00f8ke sysselsettingen, blant annet <i>Jobbsjansen<\/i>, <i>Kvalifiseringsprogrammet<\/i>, <i>Jobbtrappen<\/i>, <i>Kvinner kan<\/i> for innvandrerkvinner og Ungdomsteamet. I 2016 startet et nytt prosjekt for bedre oppf\u00f8lging av barnefamilier som har v\u00e6rt langtidsmottakere av sosialhjelp. M\u00e5let er \u00e5 forhindre sosial arv ved \u00e5 forebygge at barn i lavinntektsfamilier forblir fattige p\u00e5 grunn av manglende utdanning, arbeidsmuligheter og manglende sosial integrering. I tillegg arbeider kommunens oppf\u00f8lgingstjenester innenfor psykisk helse, rus og sosialt vanskeligstilte for \u00e5 f\u00e5 til en enda bedre samordning av tjenestene og im\u00f8tekomme behov for langsiktig oppf\u00f8lging overfor utsatte familier.<\/p><p>Ogs\u00e5 en trygg bosituasjon er en forutsetning for \u00e5 sikre gode oppvekstsvilk\u00e5r. I B\u00e6rum kommunes langsiktige investeringsplan er det lagt opp til \u00e5 \u00f8ke budsjettet for kj\u00f8p av velferdsboliger samt en oppgradering av kommunens boligmasse for \u00e5 im\u00f8tekomme et \u00f8kt behov for kommunale boliger.<\/p><p>Gjennom prosjektet <i>Fra leie til eie<\/i> settes vanskeligstilte p\u00e5 boligmarkedet i stand til \u00e5 komme inn i eiermarkedet. Form\u00e5let er at flere skal f\u00e5 mulighet til \u00e5 eie sin egen bolig. For barnefamilier kan det \u00e5 eie sin egen bolig gi trygghet og en f\u00f8lelse av tilh\u00f8righet i samfunnet.<\/p><p>H\u00f8yre og Fremskrittspartiet vil b\u00e5de lokalt og nasjonalt fortsette \u00e5 f\u00f8re en aktiv politikk for \u00e5 bidra til at f\u00e6rre barn i B\u00e6rum opplever fattigdom og at flere familier kommer seg ut av permanent lavinntekt.<\/p><p><strong>Morten Skauge, H\u00f8yre<\/strong><\/p><strong><\/strong><p><strong>Leder Hovedutvalg for milj\u00f8, idrett og kultur<\/strong><\/p><strong><\/strong><p><strong><\/strong><\/p><strong><\/strong><p><strong>Anne Lene W. Hojem, H\u00f8yre<\/strong><\/p><strong><\/strong><p><strong>Leder Hovedutvalg for barn og unge<\/strong><\/p><strong><\/strong><p><strong><\/strong><\/p><strong><\/strong><p><strong>Torbj\u00f8rn Espelien, Fremskrittspartiet<\/strong><\/p><strong><\/strong><p><strong>Leder Hovedutvalg for bistand og omsorg<\/strong><\/p><p><br \/><\/p><\/div>\n<div class=\"tags\">\n\t<\/div>\n<div class=\"post-footer alignfull has-background block-editor-block-list__block\" data-align=full>\n\t<div class=\"post-footer-inner\">\n\t\t<h3>Relaterte artikler<\/h3>\n\t\t<div class=\"related-content\"><div class=\"is-card-hoyre\">\n\t<div class=\"teft-card hoyre-teft-card post-teft-card\">\n\t\t<a href=\"https:\/\/hoyre.no\/baerum\/aktuelt\/nominasjon-i-baerum-hoyre-3\/\" class=\"teft-card__primary-action\">\n\n\t\t\t\t\t<div class=\"teft-card__media teft-card__media--16-9\">\n\t\t\t\t\t\t<img loading=\"lazy\" decoding=\"async\" width=\"768\" height=\"512\" src=\"https:\/\/hoyre.no\/content\/uploads\/sites\/200\/2025\/11\/Trine-Lise-Foto-CF-Wesenberg-red-768x512.jpg\" class=\"attachment-medium_large size-medium_large\" alt=\"\" srcset=\"https:\/\/hoyre.no\/content\/uploads\/sites\/200\/2025\/11\/Trine-Lise-Foto-CF-Wesenberg-red-768x512.jpg 768w, https:\/\/hoyre.no\/content\/uploads\/sites\/200\/2025\/11\/Trine-Lise-Foto-CF-Wesenberg-red-300x200.jpg 300w, https:\/\/hoyre.no\/content\/uploads\/sites\/200\/2025\/11\/Trine-Lise-Foto-CF-Wesenberg-red-1024x683.jpg 1024w, https:\/\/hoyre.no\/content\/uploads\/sites\/200\/2025\/11\/Trine-Lise-Foto-CF-Wesenberg-red.jpg 1200w\" sizes=\"auto, (max-width: 768px) 100vw, 768px\" \/>\t\t<\/div>\n\t\t\n\t\t\t<div class=\"teft-card__content-wrapper\">\n\t\t\t\t<div class=\"teft-card__secondary\">\n\t\t\t\t\t\n\t\t\t\t\t\t\t\t<div class=\"teft-card__meta\">\n\t\t\t\t\t\t\t\t\t<span class=\"post-date\">9. apr 2026<\/span>\n\n\t\t\t\t\t\t\t\t\t<span class=\"post-category\">Nyheter<\/span>\t\t\t\t\t\t\t\t<\/div>\n\t\t\t\t\t\t\t\t\t\t\t<\/div>\n\n\t\t\t\t<div class=\"teft-card__primary\">\n\t\t\t\t\t<h2 class=\"teft-card__title\">Nominasjon i B\u00e6rum H\u00f8yre&nbsp;<span class=\"teft-card__primary-title-append\"><\/span><\/h2>\t\t\t\t<\/div>\n\t\t\t<\/div>\n\t\t<\/a>\n\t<\/div>\n\n\t<\/div><div class=\"is-card-hoyre\">\n\t<div class=\"teft-card hoyre-teft-card post-teft-card\">\n\t\t<a href=\"https:\/\/hoyre.no\/baerum\/aktuelt\/dagtilbudet-skal-vaere-trygt-godt-og-meningsfullt\/\" class=\"teft-card__primary-action\">\n\n\t\t\t\t\t<div class=\"teft-card__media teft-card__media--16-9\">\n\t\t\t\t\t\t<img loading=\"lazy\" decoding=\"async\" width=\"768\" height=\"511\" src=\"https:\/\/hoyre.no\/content\/uploads\/sites\/200\/2025\/12\/Wenche-Steen-og-Haakon-Sandven-768x511.jpg\" class=\"attachment-medium_large size-medium_large\" alt=\"\" srcset=\"https:\/\/hoyre.no\/content\/uploads\/sites\/200\/2025\/12\/Wenche-Steen-og-Haakon-Sandven-768x511.jpg 768w, https:\/\/hoyre.no\/content\/uploads\/sites\/200\/2025\/12\/Wenche-Steen-og-Haakon-Sandven-300x200.jpg 300w, https:\/\/hoyre.no\/content\/uploads\/sites\/200\/2025\/12\/Wenche-Steen-og-Haakon-Sandven.jpg 944w\" sizes=\"auto, (max-width: 768px) 100vw, 768px\" \/>\t\t<\/div>\n\t\t\n\t\t\t<div class=\"teft-card__content-wrapper\">\n\t\t\t\t<div class=\"teft-card__secondary\">\n\t\t\t\t\t\n\t\t\t\t\t\t\t\t<div class=\"teft-card__meta\">\n\t\t\t\t\t\t\t\t\t<span class=\"post-date\">25. apr 2026<\/span>\n\n\t\t\t\t\t\t\t\t\t<span class=\"post-category\">Nyheter<\/span>\t\t\t\t\t\t\t\t<\/div>\n\t\t\t\t\t\t\t\t\t\t\t<\/div>\n\n\t\t\t\t<div class=\"teft-card__primary\">\n\t\t\t\t\t<h2 class=\"teft-card__title\">Dagtilbudet skal v\u00e6re trygt, godt og meningsfullt&nbsp;<span class=\"teft-card__primary-title-append\"><\/span><\/h2>\t\t\t\t<\/div>\n\t\t\t<\/div>\n\t\t<\/a>\n\t<\/div>\n\n\t<\/div><div class=\"is-card-hoyre\">\n\t<div class=\"teft-card hoyre-teft-card post-teft-card\">\n\t\t<a href=\"https:\/\/hoyre.no\/baerum\/aktuelt\/mer-idrettsglede-til-barn-og-unge\/\" class=\"teft-card__primary-action\">\n\n\t\t\t\t\t<div class=\"teft-card__media teft-card__media--16-9\">\n\t\t\t\t\t\t<img loading=\"lazy\" decoding=\"async\" width=\"768\" height=\"1024\" src=\"https:\/\/hoyre.no\/content\/uploads\/sites\/200\/2026\/04\/Trine-Lise-Ostlund-Blime-idrett-privat-768x1024.jpg\" class=\"attachment-medium_large size-medium_large\" alt=\"\" srcset=\"https:\/\/hoyre.no\/content\/uploads\/sites\/200\/2026\/04\/Trine-Lise-Ostlund-Blime-idrett-privat-768x1024.jpg 768w, https:\/\/hoyre.no\/content\/uploads\/sites\/200\/2026\/04\/Trine-Lise-Ostlund-Blime-idrett-privat-225x300.jpg 225w, https:\/\/hoyre.no\/content\/uploads\/sites\/200\/2026\/04\/Trine-Lise-Ostlund-Blime-idrett-privat.jpg 900w\" sizes=\"auto, (max-width: 768px) 100vw, 768px\" \/>\t\t<\/div>\n\t\t\n\t\t\t<div class=\"teft-card__content-wrapper\">\n\t\t\t\t<div class=\"teft-card__secondary\">\n\t\t\t\t\t\n\t\t\t\t\t\t\t\t<div class=\"teft-card__meta\">\n\t\t\t\t\t\t\t\t\t<span class=\"post-date\">20. apr 2026<\/span>\n\n\t\t\t\t\t\t\t\t\t<span class=\"post-category\">Nyheter<\/span>\t\t\t\t\t\t\t\t<\/div>\n\t\t\t\t\t\t\t\t\t\t\t<\/div>\n\n\t\t\t\t<div class=\"teft-card__primary\">\n\t\t\t\t\t<h2 class=\"teft-card__title\">Mer idrettsglede til barn og unge&nbsp;<span class=\"teft-card__primary-title-append\"><\/span><\/h2>\t\t\t\t<\/div>\n\t\t\t<\/div>\n\t\t<\/a>\n\t<\/div>\n\n\t<\/div><\/div>\t<\/div>\n<\/div>\n","protected":false},"excerpt":{"rendered":"","protected":false},"author":0,"featured_media":0,"comment_status":"closed","ping_status":"closed","sticky":false,"template":"","format":"standard","meta":{"teft_cards_image_url":"https:\/\/hoyre.no\/content\/uploads\/sites\/200\/2020\/11\/barnefattigdom_1.jpg","teft_cards_custom_pretitle":"","teft_cards_image_id":176,"teft_cards_image_focal_point_x":0,"teft_cards_image_focal_point_y":0,"teft_cards_title":"","teft_cards_excerpt":"","teft_show_chapters":false,"author_display_name":"FOTO: Redd Barna\/S\u00f8ren Nilsen","footnotes":""},"category":[1],"post_tag":[],"hoyre-visibility":[],"article-type":[],"politician":[],"class_list":["post-177","post","type-post","status-publish","format-standard","hentry","category-ukategorisert"],"yoast_head":"<!-- This site is optimized with the Yoast SEO plugin v26.6 - https:\/\/yoast.com\/wordpress\/plugins\/seo\/ -->\n<title>Tiltak mot barnefattigdom - B\u00e6rum H\u00f8yre<\/title>\n<meta name=\"robots\" content=\"index, follow, max-snippet:-1, max-image-preview:large, max-video-preview:-1\" \/>\n<link rel=\"canonical\" href=\"https:\/\/hoyre.no\/baerum\/aktuelt\/tiltak-mot-barnefatt\/\" \/>\n<meta property=\"og:locale\" content=\"nb_NO\" \/>\n<meta property=\"og:type\" content=\"article\" \/>\n<meta property=\"og:title\" content=\"Tiltak mot barnefattigdom - B\u00e6rum H\u00f8yre\" \/>\n<meta property=\"og:url\" content=\"https:\/\/hoyre.no\/baerum\/aktuelt\/tiltak-mot-barnefatt\/\" \/>\n<meta property=\"og:site_name\" content=\"B\u00e6rum H\u00f8yre\" \/>\n<meta property=\"article:published_time\" content=\"2017-03-22T22:00:00+00:00\" \/>\n<meta property=\"og:image\" content=\"https:\/\/hoyre.no\/content\/uploads\/sites\/200\/2026\/04\/Trine-Lise-Ostlund-Blime-priv-red.jpg\" \/>\n<meta name=\"twitter:card\" content=\"summary_large_image\" \/>\n<meta name=\"twitter:label1\" content=\"Ansl. lesetid\" \/>\n\t<meta name=\"twitter:data1\" content=\"3 minutter\" \/>\n<script type=\"application\/ld+json\" class=\"yoast-schema-graph\">{\"@context\":\"https:\/\/schema.org\",\"@graph\":[{\"@type\":\"NewsArticle\",\"@id\":\"https:\/\/hoyre.no\/baerum\/aktuelt\/tiltak-mot-barnefatt\/\",\"url\":\"https:\/\/hoyre.no\/baerum\/aktuelt\/tiltak-mot-barnefatt\/\",\"name\":\"Tiltak mot barnefattigdom - B\u00e6rum H\u00f8yre\",\"isPartOf\":{\"@id\":\"https:\/\/hoyre.no\/baerum\/#website\"},\"datePublished\":\"2017-03-22T22:00:00+00:00\",\"author\":{\"@id\":\"\"},\"breadcrumb\":{\"@id\":\"https:\/\/hoyre.no\/baerum\/aktuelt\/tiltak-mot-barnefatt\/#breadcrumb\"},\"inLanguage\":\"nb-NO\",\"potentialAction\":[{\"@type\":\"ReadAction\",\"target\":[\"https:\/\/hoyre.no\/baerum\/aktuelt\/tiltak-mot-barnefatt\/\"]}]},{\"@type\":\"BreadcrumbList\",\"@id\":\"https:\/\/hoyre.no\/baerum\/aktuelt\/tiltak-mot-barnefatt\/#breadcrumb\",\"itemListElement\":[{\"@type\":\"ListItem\",\"position\":1,\"name\":\"Til hoyre.no\",\"item\":\"https:\/\/hoyre.no\"},{\"@type\":\"ListItem\",\"position\":2,\"name\":\"Hjem\",\"item\":\"https:\/\/hoyre.no\/baerum\/\"},{\"@type\":\"ListItem\",\"position\":3,\"name\":\"Tiltak mot barnefattigdom\"}]},{\"@type\":\"WebSite\",\"@id\":\"https:\/\/hoyre.no\/baerum\/#website\",\"url\":\"https:\/\/hoyre.no\/baerum\/\",\"name\":\"B\u00e6rum H\u00f8yre\",\"description\":\"Bare enda et H\u00f8yres nettsteder-nettsted\",\"inLanguage\":\"nb-NO\"}]}<\/script>\n<!-- \/ Yoast SEO plugin. -->","yoast_head_json":{"title":"Tiltak mot barnefattigdom - B\u00e6rum H\u00f8yre","robots":{"index":"index","follow":"follow","max-snippet":"max-snippet:-1","max-image-preview":"max-image-preview:large","max-video-preview":"max-video-preview:-1"},"canonical":"https:\/\/hoyre.no\/baerum\/aktuelt\/tiltak-mot-barnefatt\/","og_locale":"nb_NO","og_type":"article","og_title":"Tiltak mot barnefattigdom - B\u00e6rum H\u00f8yre","og_url":"https:\/\/hoyre.no\/baerum\/aktuelt\/tiltak-mot-barnefatt\/","og_site_name":"B\u00e6rum H\u00f8yre","article_published_time":"2017-03-22T22:00:00+00:00","og_image":[{"url":"https:\/\/hoyre.no\/content\/uploads\/sites\/200\/2026\/04\/Trine-Lise-Ostlund-Blime-priv-red.jpg","width":"","height":"","type":""}],"twitter_card":"summary_large_image","twitter_misc":{"Ansl. lesetid":"3 minutter"},"schema":{"@context":"https:\/\/schema.org","@graph":[{"@type":"NewsArticle","@id":"https:\/\/hoyre.no\/baerum\/aktuelt\/tiltak-mot-barnefatt\/","url":"https:\/\/hoyre.no\/baerum\/aktuelt\/tiltak-mot-barnefatt\/","name":"Tiltak mot barnefattigdom - B\u00e6rum H\u00f8yre","isPartOf":{"@id":"https:\/\/hoyre.no\/baerum\/#website"},"datePublished":"2017-03-22T22:00:00+00:00","author":{"@id":""},"breadcrumb":{"@id":"https:\/\/hoyre.no\/baerum\/aktuelt\/tiltak-mot-barnefatt\/#breadcrumb"},"inLanguage":"nb-NO","potentialAction":[{"@type":"ReadAction","target":["https:\/\/hoyre.no\/baerum\/aktuelt\/tiltak-mot-barnefatt\/"]}]},{"@type":"BreadcrumbList","@id":"https:\/\/hoyre.no\/baerum\/aktuelt\/tiltak-mot-barnefatt\/#breadcrumb","itemListElement":[{"@type":"ListItem","position":1,"name":"Til hoyre.no","item":"https:\/\/hoyre.no"},{"@type":"ListItem","position":2,"name":"Hjem","item":"https:\/\/hoyre.no\/baerum\/"},{"@type":"ListItem","position":3,"name":"Tiltak mot barnefattigdom"}]},{"@type":"WebSite","@id":"https:\/\/hoyre.no\/baerum\/#website","url":"https:\/\/hoyre.no\/baerum\/","name":"B\u00e6rum H\u00f8yre","description":"Bare enda et H\u00f8yres nettsteder-nettsted","inLanguage":"nb-NO"}]}},"distributor_meta":false,"distributor_terms":false,"distributor_media":false,"distributor_original_site_name":"B\u00e6rum H\u00f8yre","distributor_original_site_url":"https:\/\/hoyre.no\/baerum","push-errors":false,"_links":{"self":[{"href":"https:\/\/hoyre.no\/baerum\/wp-json\/wp\/v2\/posts\/177","targetHints":{"allow":["GET"]}}],"collection":[{"href":"https:\/\/hoyre.no\/baerum\/wp-json\/wp\/v2\/posts"}],"about":[{"href":"https:\/\/hoyre.no\/baerum\/wp-json\/wp\/v2\/types\/post"}],"replies":[{"embeddable":true,"href":"https:\/\/hoyre.no\/baerum\/wp-json\/wp\/v2\/comments?post=177"}],"version-history":[{"count":0,"href":"https:\/\/hoyre.no\/baerum\/wp-json\/wp\/v2\/posts\/177\/revisions"}],"wp:attachment":[{"href":"https:\/\/hoyre.no\/baerum\/wp-json\/wp\/v2\/media?parent=177"}],"wp:term":[{"taxonomy":"category","embeddable":true,"href":"https:\/\/hoyre.no\/baerum\/wp-json\/wp\/v2\/category?post=177"},{"taxonomy":"post_tag","embeddable":true,"href":"https:\/\/hoyre.no\/baerum\/wp-json\/wp\/v2\/post_tag?post=177"},{"taxonomy":"hoyre-visibility","embeddable":true,"href":"https:\/\/hoyre.no\/baerum\/wp-json\/wp\/v2\/hoyre-visibility?post=177"},{"taxonomy":"article-type","embeddable":true,"href":"https:\/\/hoyre.no\/baerum\/wp-json\/wp\/v2\/article-type?post=177"},{"taxonomy":"politician","embeddable":true,"href":"https:\/\/hoyre.no\/baerum\/wp-json\/wp\/v2\/politician?post=177"}],"curies":[{"name":"wp","href":"https:\/\/api.w.org\/{rel}","templated":true}]}}