{"id":179,"date":"2016-10-18T22:00:00","date_gmt":"2016-10-18T20:00:00","guid":{"rendered":"https:\/\/hoyre.no\/baerum\/aktuelt\/tre-ar-med-regjering\/"},"modified":"2016-10-18T22:00:00","modified_gmt":"2016-10-18T20:00:00","slug":"tre-ar-med-regjering","status":"publish","type":"post","link":"https:\/\/hoyre.no\/baerum\/aktuelt\/tre-ar-med-regjering\/","title":{"rendered":"Tre \u00e5r med regjeringen"},"content":{"rendered":"<p class=\"preamble\">Gode resultater i krevende tider S\u00f8ndag feirer regjeringen tre \u00e5r. H\u00f8yres tre stortingsrepresentanter i Asker og B\u00e6rum tror partiet vil gj\u00f8re et godt valg neste \u00e5r. &#8211; Regjeringen har levert gode resultater i krevende tider med oljekrise og uventet stor tilstr\u00f8mning av flyktninger.<\/p>\t\t\t<div class=\"post-meta wp-block teft-byline-wrapper\">\n\t\t\t\t<div class=\"top\">\n\t\t\t\t\t<div class=\"signature\">\n\t\t\t\t\t\t<div class=\"teft-byline\">\n\t\t\t\t\t\t\t\t\t\t\t\t\t\t<div>\n\t\t\t\t\t\t\t\t<h3>H\u00f8yres redaksjon<\/h3>\t\t\t\t\t\t\t\t\n\t\t\t\t\t\t\t\t\t\t\t\t\t\t\t\t\t<span class=\"date\">Sist oppdatert: 18. oktober 2016<\/span>\n\t\t\t\t\t\t\t\t\t\t\t\t\t\t\t\t\t\t\t\t\t\t\t\t\t<span class=\"reading-time\" itemprop=\"timeRequired\" content=\"PT3M\"><em>Ca. 3 minutter lesetid<\/em><\/span>\n\t\t\t\t\t\t\t\t\t\t\t\t\t\t\t<\/div>\n\t\t\t\t\t\t<\/div>\n\t\t\t\t\t<\/div>\n\t\t\t\t\t\t<div class=\"sharing\">\n\t\t<a class=\"share-button share-link copy-link\" data-copy=\"https:\/\/hoyre.no\/baerum\/aktuelt\/tre-ar-med-regjering\/\" target=\"_blank\"><span class=\"screen-reader-text\">Del link<\/span><\/a>\n\t\t<a class=\"share-button share-twitter\" href=\"http:\/\/twitter.com\/share?text=Tre \u00e5r med regjeringen&#038;url=https:\/\/hoyre.no\/baerum\/aktuelt\/tre-ar-med-regjering\/&#038;hashtags=Hoyre\" target=\"_blank\"><span class=\"screen-reader-text\">Del p\u00e5 twitter<\/span><\/a>\n\t\t<a class=\"share-button share-facebook\" href=\"https:\/\/www.facebook.com\/sharer\/sharer.php?u=https:\/\/hoyre.no\/baerum\/aktuelt\/tre-ar-med-regjering\/\" target=\"_blank\"><span class=\"screen-reader-text\">Del p\u00e5 facebook<\/span><\/a>\n\t<\/div>\n\t\t\t\t\t<\/div>\n\t\t\t<\/div>\n\n\t\t\t<figure class=\"hoyre-image-wrapper\"><div class=\"hoyre-image\"><img loading=\"lazy\" decoding=\"async\" width=\"1202\" height=\"800\" src=\"https:\/\/hoyre.no\/content\/uploads\/sites\/200\/2020\/11\/5679970118-126c7a6cc.jpg\" class=\"attachment-scaled size-scaled\" alt=\"\" style=\"object-position: 50% 50%\" srcset=\"https:\/\/hoyre.no\/content\/uploads\/sites\/200\/2020\/11\/5679970118-126c7a6cc.jpg 1202w, https:\/\/hoyre.no\/content\/uploads\/sites\/200\/2020\/11\/5679970118-126c7a6cc-300x200.jpg 300w, https:\/\/hoyre.no\/content\/uploads\/sites\/200\/2020\/11\/5679970118-126c7a6cc-1024x682.jpg 1024w, https:\/\/hoyre.no\/content\/uploads\/sites\/200\/2020\/11\/5679970118-126c7a6cc-768x511.jpg 768w\" sizes=\"auto, (max-width: 1202px) 100vw, 1202px\" \/><\/div><\/figure><div id=\"hoyre-old-article-content-wrapper\"><p> &#8211; De som st\u00e5r i helsek\u00f8, venter ikke s\u00e5 lenge som f\u00f8r. Resultatene i skolen g\u00e5r opp. Det er f\u00e6rre hull i veiene. Ledigheten her i Akershus er ogs\u00e5 lavere enn den var p\u00e5 samme tid i fjor.<\/p><p>Stortingsrepresentantene, Henrik Asheim, H\u00e5rek Elvenes og Bente Stein Mathisen peker p\u00e5 at tall fra NAV viser at ledigheten i  Akershus var p\u00e5 2,3  % i september i \u00e5r. Det er 7 prosentpoeng lavere enn i september 2015. Ventetiden har i gjennomsnitt g\u00e5tt ned med 5 dager fra 2014 til 2015 i Helse S\u00f8r-\u00d8st. <\/p><p>Samferdselsinvesteringene i v\u00e5r samferdselsregion er \u00f8kt med 46 %, eller 5,7 mrd mer enn de siste fire \u00e5rene under den forrige regjeringen. Sammenlignet med 2013 har vi n\u00e5 fjernet hullene p\u00e5 7 km av riksveinettet i fylket v\u00e5rt. Med fortsatt rekordh\u00f8ye bevilgninger til vedlikehold av vei, vil det ogs\u00e5 bli bedre i \u00e5r og neste \u00e5r.  Det bygges ogs\u00e5 ny E16 ut av Sandvika, ny E6 nordover og ny E18 \u00f8stover.  Oslo og Akershus har f\u00e5tt nesten 1,5 milliarder kr i statlig kollektivst\u00f8tte med denne regjeringen. Der den forrige regjering ga Oslo\/Akershus bare 260 millioner mill. p\u00e5 sine siste fire \u00e5r, stiller denne regjeringen opp med 6-gangeren. <\/p><p>Det er ogs\u00e5 1160 l\u00e6rere som har f\u00e5tt tilbud om etter- og videreutdanning i Akershus i 2016. Totalt 2144 siden regjeringen startet. <\/p><p>&#8211; Det er mange fors\u00f8k p\u00e5 \u00e5 svartmale situasjonen, men tror ikke innbyggerne kjenner seg igjen i det. Vi mener at partiet styrer trygt i en krevende tid, og leverer p\u00e5 det de lovte f\u00f8r valget. Vi tror partiets solide m\u00e5linger ogs\u00e5 skyldes at velgerne ser det skjer mye positivt lokalt, sier de tre H\u00f8yrerepresentantene. <\/p><p>H\u00f8yre\/Frp-regjeringen har satt fart p\u00e5 vei- og baneprosjektene i Asker og B\u00e6rum. Ny E16 over Sollih\u00f8gda vil endelig vil bli bygget. Planleggingen g\u00e5r sin gang med byggestart i 2018. E18 i Vestkorridoren holder full fremdrift med planlegging og grunnerverv. Ringeriksbanen kommer, og flere tiltak skal gjennomf\u00f8res p\u00e5 Asker stasjon som vil gi bedre punktlighet i rushtiden. Nytt krysningsspor p\u00e5 Spikkestadbanen vil st\u00e5 ferdig i 2017. Medregnet statsbudsjettet for 2017 har Fornebubanen f\u00e5tt 150 millioner kroner til planlegging. Omsider kan spaden snart g\u00e5 i jorda for dette s\u00e5rt etterlengtede prosjektet.<\/p><p>Regjeringen har gjeninnf\u00f8rt den \u00abgylne regel\u00bb som betyr at det skal v\u00e6re st\u00f8rre vekst i budsjettene p\u00e5 rus- og psykisk helsefeltet enn p\u00e5 de andre helseomr\u00e5dene. Asker og B\u00e6rum kommuner har i likhet med andre kommuner rundt om i landet opplevd at bevilgningene fra staten har bidratt til at rusavhengige og psykisk syke har f\u00e5tt et bedre tilbud. Opptrappingsplanen for rusfeltet har en ramme p\u00e5 2,4 milliarder i \u00e5rene 2016-2020, noe som vil gi bedre rusbehandling, omsorg, lavterskel helsetilbud og ettervern.  <\/p><p>Asheim, Elvenes og Stein Mathisen peker p\u00e5 at samarbeidspartiene har hatt flertall p\u00e5 snittet av m\u00e5lingene ni av de siste ti m\u00e5nedene if\u00f8lge nettstedet pollofpolls.no. <\/p><p>&#8211; Det er et uttrykk for at velgerne er forn\u00f8yd. Under ett \u00e5r f\u00f8r valget ligger vi bedre an til \u00e5 f\u00e5 gjenvalgt en statsminister fra H\u00f8yre enn siden H\u00f8yreb\u00f8lgen p\u00e5 80-tallet med K\u00e5re Willoch. Jobben n\u00e5 er \u00e5 vise at vi ogs\u00e5 fremover har de beste l\u00f8sningene for \u00e5 skape flere l\u00f8nnsomme jobber, mer kunnskap i skolen, bedre velferd og trygghet i hverdagen. Lykkes vi med det er vi sikre p\u00e5 at velgerne vil gi oss tillit til \u00e5 styre i fire nye \u00e5r, sier Asker og B\u00e6rums representanter p\u00e5 Stortinget. <\/p><p><\/p><p><br \/><\/p><\/div>\n<div class=\"tags\">\n\t<\/div>\n<div class=\"post-footer alignfull has-background block-editor-block-list__block\" data-align=full>\n\t<div class=\"post-footer-inner\">\n\t\t<h3>Relaterte artikler<\/h3>\n\t\t<div class=\"related-content\"><div class=\"is-card-hoyre\">\n\t<div class=\"teft-card hoyre-teft-card post-teft-card\">\n\t\t<a href=\"https:\/\/hoyre.no\/baerum\/aktuelt\/nominasjon-i-baerum-hoyre-3\/\" class=\"teft-card__primary-action\">\n\n\t\t\t\t\t<div class=\"teft-card__media teft-card__media--16-9\">\n\t\t\t\t\t\t<img loading=\"lazy\" decoding=\"async\" width=\"768\" height=\"512\" src=\"https:\/\/hoyre.no\/content\/uploads\/sites\/200\/2025\/11\/Trine-Lise-Foto-CF-Wesenberg-red-768x512.jpg\" class=\"attachment-medium_large size-medium_large\" alt=\"\" srcset=\"https:\/\/hoyre.no\/content\/uploads\/sites\/200\/2025\/11\/Trine-Lise-Foto-CF-Wesenberg-red-768x512.jpg 768w, https:\/\/hoyre.no\/content\/uploads\/sites\/200\/2025\/11\/Trine-Lise-Foto-CF-Wesenberg-red-300x200.jpg 300w, https:\/\/hoyre.no\/content\/uploads\/sites\/200\/2025\/11\/Trine-Lise-Foto-CF-Wesenberg-red-1024x683.jpg 1024w, https:\/\/hoyre.no\/content\/uploads\/sites\/200\/2025\/11\/Trine-Lise-Foto-CF-Wesenberg-red.jpg 1200w\" sizes=\"auto, (max-width: 768px) 100vw, 768px\" \/>\t\t<\/div>\n\t\t\n\t\t\t<div class=\"teft-card__content-wrapper\">\n\t\t\t\t<div class=\"teft-card__secondary\">\n\t\t\t\t\t\n\t\t\t\t\t\t\t\t<div class=\"teft-card__meta\">\n\t\t\t\t\t\t\t\t\t<span class=\"post-date\">9. apr 2026<\/span>\n\n\t\t\t\t\t\t\t\t\t<span class=\"post-category\">Nyheter<\/span>\t\t\t\t\t\t\t\t<\/div>\n\t\t\t\t\t\t\t\t\t\t\t<\/div>\n\n\t\t\t\t<div class=\"teft-card__primary\">\n\t\t\t\t\t<h2 class=\"teft-card__title\">Nominasjon i B\u00e6rum H\u00f8yre&nbsp;<span class=\"teft-card__primary-title-append\"><\/span><\/h2>\t\t\t\t<\/div>\n\t\t\t<\/div>\n\t\t<\/a>\n\t<\/div>\n\n\t<\/div><div class=\"is-card-hoyre\">\n\t<div class=\"teft-card hoyre-teft-card post-teft-card\">\n\t\t<a href=\"https:\/\/hoyre.no\/baerum\/aktuelt\/dagtilbudet-skal-vaere-trygt-godt-og-meningsfullt\/\" class=\"teft-card__primary-action\">\n\n\t\t\t\t\t<div class=\"teft-card__media teft-card__media--16-9\">\n\t\t\t\t\t\t<img loading=\"lazy\" decoding=\"async\" width=\"768\" height=\"511\" src=\"https:\/\/hoyre.no\/content\/uploads\/sites\/200\/2025\/12\/Wenche-Steen-og-Haakon-Sandven-768x511.jpg\" class=\"attachment-medium_large size-medium_large\" alt=\"\" srcset=\"https:\/\/hoyre.no\/content\/uploads\/sites\/200\/2025\/12\/Wenche-Steen-og-Haakon-Sandven-768x511.jpg 768w, https:\/\/hoyre.no\/content\/uploads\/sites\/200\/2025\/12\/Wenche-Steen-og-Haakon-Sandven-300x200.jpg 300w, https:\/\/hoyre.no\/content\/uploads\/sites\/200\/2025\/12\/Wenche-Steen-og-Haakon-Sandven.jpg 944w\" sizes=\"auto, (max-width: 768px) 100vw, 768px\" \/>\t\t<\/div>\n\t\t\n\t\t\t<div class=\"teft-card__content-wrapper\">\n\t\t\t\t<div class=\"teft-card__secondary\">\n\t\t\t\t\t\n\t\t\t\t\t\t\t\t<div class=\"teft-card__meta\">\n\t\t\t\t\t\t\t\t\t<span class=\"post-date\">25. apr 2026<\/span>\n\n\t\t\t\t\t\t\t\t\t<span class=\"post-category\">Nyheter<\/span>\t\t\t\t\t\t\t\t<\/div>\n\t\t\t\t\t\t\t\t\t\t\t<\/div>\n\n\t\t\t\t<div class=\"teft-card__primary\">\n\t\t\t\t\t<h2 class=\"teft-card__title\">Dagtilbudet skal v\u00e6re trygt, godt og meningsfullt&nbsp;<span class=\"teft-card__primary-title-append\"><\/span><\/h2>\t\t\t\t<\/div>\n\t\t\t<\/div>\n\t\t<\/a>\n\t<\/div>\n\n\t<\/div><div class=\"is-card-hoyre\">\n\t<div class=\"teft-card hoyre-teft-card post-teft-card\">\n\t\t<a href=\"https:\/\/hoyre.no\/baerum\/aktuelt\/mer-idrettsglede-til-barn-og-unge\/\" class=\"teft-card__primary-action\">\n\n\t\t\t\t\t<div class=\"teft-card__media teft-card__media--16-9\">\n\t\t\t\t\t\t<img loading=\"lazy\" decoding=\"async\" width=\"768\" height=\"1024\" src=\"https:\/\/hoyre.no\/content\/uploads\/sites\/200\/2026\/04\/Trine-Lise-Ostlund-Blime-idrett-privat-768x1024.jpg\" class=\"attachment-medium_large size-medium_large\" alt=\"\" srcset=\"https:\/\/hoyre.no\/content\/uploads\/sites\/200\/2026\/04\/Trine-Lise-Ostlund-Blime-idrett-privat-768x1024.jpg 768w, https:\/\/hoyre.no\/content\/uploads\/sites\/200\/2026\/04\/Trine-Lise-Ostlund-Blime-idrett-privat-225x300.jpg 225w, https:\/\/hoyre.no\/content\/uploads\/sites\/200\/2026\/04\/Trine-Lise-Ostlund-Blime-idrett-privat.jpg 900w\" sizes=\"auto, (max-width: 768px) 100vw, 768px\" \/>\t\t<\/div>\n\t\t\n\t\t\t<div class=\"teft-card__content-wrapper\">\n\t\t\t\t<div class=\"teft-card__secondary\">\n\t\t\t\t\t\n\t\t\t\t\t\t\t\t<div class=\"teft-card__meta\">\n\t\t\t\t\t\t\t\t\t<span class=\"post-date\">20. apr 2026<\/span>\n\n\t\t\t\t\t\t\t\t\t<span class=\"post-category\">Nyheter<\/span>\t\t\t\t\t\t\t\t<\/div>\n\t\t\t\t\t\t\t\t\t\t\t<\/div>\n\n\t\t\t\t<div class=\"teft-card__primary\">\n\t\t\t\t\t<h2 class=\"teft-card__title\">Mer idrettsglede til barn og unge&nbsp;<span class=\"teft-card__primary-title-append\"><\/span><\/h2>\t\t\t\t<\/div>\n\t\t\t<\/div>\n\t\t<\/a>\n\t<\/div>\n\n\t<\/div><\/div>\t<\/div>\n<\/div>\n","protected":false},"excerpt":{"rendered":"","protected":false},"author":0,"featured_media":0,"comment_status":"closed","ping_status":"closed","sticky":false,"template":"","format":"standard","meta":{"teft_cards_image_url":"https:\/\/hoyre.no\/content\/uploads\/sites\/200\/2020\/11\/5679970118-126c7a6cc.jpg","teft_cards_custom_pretitle":"","teft_cards_image_id":178,"teft_cards_image_focal_point_x":0,"teft_cards_image_focal_point_y":0,"teft_cards_title":"","teft_cards_excerpt":"","teft_show_chapters":false,"author_display_name":"Henrik Asheim, H\u00e5rek Elvenes og Bente Stein Mathisen, H\u00f8yres tre stortingsrepresentanter fra Asker og B\u00e6rum","footnotes":""},"category":[1],"post_tag":[],"hoyre-visibility":[],"article-type":[],"politician":[],"class_list":["post-179","post","type-post","status-publish","format-standard","hentry","category-ukategorisert"],"yoast_head":"<!-- This site is optimized with the Yoast SEO plugin v26.6 - https:\/\/yoast.com\/wordpress\/plugins\/seo\/ -->\n<title>Tre \u00e5r med regjeringen - B\u00e6rum H\u00f8yre<\/title>\n<meta name=\"robots\" content=\"index, follow, max-snippet:-1, max-image-preview:large, max-video-preview:-1\" \/>\n<link rel=\"canonical\" href=\"https:\/\/hoyre.no\/baerum\/aktuelt\/tre-ar-med-regjering\/\" \/>\n<meta property=\"og:locale\" content=\"nb_NO\" \/>\n<meta property=\"og:type\" content=\"article\" \/>\n<meta property=\"og:title\" content=\"Tre \u00e5r med regjeringen - B\u00e6rum H\u00f8yre\" \/>\n<meta property=\"og:url\" content=\"https:\/\/hoyre.no\/baerum\/aktuelt\/tre-ar-med-regjering\/\" \/>\n<meta property=\"og:site_name\" content=\"B\u00e6rum H\u00f8yre\" \/>\n<meta property=\"article:published_time\" content=\"2016-10-18T20:00:00+00:00\" \/>\n<meta property=\"og:image\" content=\"https:\/\/hoyre.no\/content\/uploads\/sites\/200\/2026\/04\/Trine-Lise-Ostlund-Blime-priv-red.jpg\" \/>\n<meta name=\"twitter:card\" content=\"summary_large_image\" \/>\n<meta name=\"twitter:label1\" content=\"Ansl. lesetid\" \/>\n\t<meta name=\"twitter:data1\" content=\"3 minutter\" \/>\n<script type=\"application\/ld+json\" class=\"yoast-schema-graph\">{\"@context\":\"https:\/\/schema.org\",\"@graph\":[{\"@type\":\"NewsArticle\",\"@id\":\"https:\/\/hoyre.no\/baerum\/aktuelt\/tre-ar-med-regjering\/\",\"url\":\"https:\/\/hoyre.no\/baerum\/aktuelt\/tre-ar-med-regjering\/\",\"name\":\"Tre \u00e5r med regjeringen - B\u00e6rum H\u00f8yre\",\"isPartOf\":{\"@id\":\"https:\/\/hoyre.no\/baerum\/#website\"},\"datePublished\":\"2016-10-18T20:00:00+00:00\",\"author\":{\"@id\":\"\"},\"breadcrumb\":{\"@id\":\"https:\/\/hoyre.no\/baerum\/aktuelt\/tre-ar-med-regjering\/#breadcrumb\"},\"inLanguage\":\"nb-NO\",\"potentialAction\":[{\"@type\":\"ReadAction\",\"target\":[\"https:\/\/hoyre.no\/baerum\/aktuelt\/tre-ar-med-regjering\/\"]}]},{\"@type\":\"BreadcrumbList\",\"@id\":\"https:\/\/hoyre.no\/baerum\/aktuelt\/tre-ar-med-regjering\/#breadcrumb\",\"itemListElement\":[{\"@type\":\"ListItem\",\"position\":1,\"name\":\"Til hoyre.no\",\"item\":\"https:\/\/hoyre.no\"},{\"@type\":\"ListItem\",\"position\":2,\"name\":\"Hjem\",\"item\":\"https:\/\/hoyre.no\/baerum\/\"},{\"@type\":\"ListItem\",\"position\":3,\"name\":\"Tre \u00e5r med regjeringen\"}]},{\"@type\":\"WebSite\",\"@id\":\"https:\/\/hoyre.no\/baerum\/#website\",\"url\":\"https:\/\/hoyre.no\/baerum\/\",\"name\":\"B\u00e6rum H\u00f8yre\",\"description\":\"Bare enda et H\u00f8yres nettsteder-nettsted\",\"inLanguage\":\"nb-NO\"}]}<\/script>\n<!-- \/ Yoast SEO plugin. -->","yoast_head_json":{"title":"Tre \u00e5r med regjeringen - B\u00e6rum H\u00f8yre","robots":{"index":"index","follow":"follow","max-snippet":"max-snippet:-1","max-image-preview":"max-image-preview:large","max-video-preview":"max-video-preview:-1"},"canonical":"https:\/\/hoyre.no\/baerum\/aktuelt\/tre-ar-med-regjering\/","og_locale":"nb_NO","og_type":"article","og_title":"Tre \u00e5r med regjeringen - B\u00e6rum H\u00f8yre","og_url":"https:\/\/hoyre.no\/baerum\/aktuelt\/tre-ar-med-regjering\/","og_site_name":"B\u00e6rum H\u00f8yre","article_published_time":"2016-10-18T20:00:00+00:00","og_image":[{"url":"https:\/\/hoyre.no\/content\/uploads\/sites\/200\/2026\/04\/Trine-Lise-Ostlund-Blime-priv-red.jpg","width":"","height":"","type":""}],"twitter_card":"summary_large_image","twitter_misc":{"Ansl. lesetid":"3 minutter"},"schema":{"@context":"https:\/\/schema.org","@graph":[{"@type":"NewsArticle","@id":"https:\/\/hoyre.no\/baerum\/aktuelt\/tre-ar-med-regjering\/","url":"https:\/\/hoyre.no\/baerum\/aktuelt\/tre-ar-med-regjering\/","name":"Tre \u00e5r med regjeringen - B\u00e6rum H\u00f8yre","isPartOf":{"@id":"https:\/\/hoyre.no\/baerum\/#website"},"datePublished":"2016-10-18T20:00:00+00:00","author":{"@id":""},"breadcrumb":{"@id":"https:\/\/hoyre.no\/baerum\/aktuelt\/tre-ar-med-regjering\/#breadcrumb"},"inLanguage":"nb-NO","potentialAction":[{"@type":"ReadAction","target":["https:\/\/hoyre.no\/baerum\/aktuelt\/tre-ar-med-regjering\/"]}]},{"@type":"BreadcrumbList","@id":"https:\/\/hoyre.no\/baerum\/aktuelt\/tre-ar-med-regjering\/#breadcrumb","itemListElement":[{"@type":"ListItem","position":1,"name":"Til hoyre.no","item":"https:\/\/hoyre.no"},{"@type":"ListItem","position":2,"name":"Hjem","item":"https:\/\/hoyre.no\/baerum\/"},{"@type":"ListItem","position":3,"name":"Tre \u00e5r med regjeringen"}]},{"@type":"WebSite","@id":"https:\/\/hoyre.no\/baerum\/#website","url":"https:\/\/hoyre.no\/baerum\/","name":"B\u00e6rum H\u00f8yre","description":"Bare enda et H\u00f8yres nettsteder-nettsted","inLanguage":"nb-NO"}]}},"distributor_meta":false,"distributor_terms":false,"distributor_media":false,"distributor_original_site_name":"B\u00e6rum H\u00f8yre","distributor_original_site_url":"https:\/\/hoyre.no\/baerum","push-errors":false,"_links":{"self":[{"href":"https:\/\/hoyre.no\/baerum\/wp-json\/wp\/v2\/posts\/179","targetHints":{"allow":["GET"]}}],"collection":[{"href":"https:\/\/hoyre.no\/baerum\/wp-json\/wp\/v2\/posts"}],"about":[{"href":"https:\/\/hoyre.no\/baerum\/wp-json\/wp\/v2\/types\/post"}],"replies":[{"embeddable":true,"href":"https:\/\/hoyre.no\/baerum\/wp-json\/wp\/v2\/comments?post=179"}],"version-history":[{"count":0,"href":"https:\/\/hoyre.no\/baerum\/wp-json\/wp\/v2\/posts\/179\/revisions"}],"wp:attachment":[{"href":"https:\/\/hoyre.no\/baerum\/wp-json\/wp\/v2\/media?parent=179"}],"wp:term":[{"taxonomy":"category","embeddable":true,"href":"https:\/\/hoyre.no\/baerum\/wp-json\/wp\/v2\/category?post=179"},{"taxonomy":"post_tag","embeddable":true,"href":"https:\/\/hoyre.no\/baerum\/wp-json\/wp\/v2\/post_tag?post=179"},{"taxonomy":"hoyre-visibility","embeddable":true,"href":"https:\/\/hoyre.no\/baerum\/wp-json\/wp\/v2\/hoyre-visibility?post=179"},{"taxonomy":"article-type","embeddable":true,"href":"https:\/\/hoyre.no\/baerum\/wp-json\/wp\/v2\/article-type?post=179"},{"taxonomy":"politician","embeddable":true,"href":"https:\/\/hoyre.no\/baerum\/wp-json\/wp\/v2\/politician?post=179"}],"curies":[{"name":"wp","href":"https:\/\/api.w.org\/{rel}","templated":true}]}}